{"id":5953,"date":"2025-03-18T21:49:19","date_gmt":"2025-03-18T21:49:19","guid":{"rendered":"https:\/\/arealorcaradio.es\/?p=5953"},"modified":"2025-03-18T21:49:19","modified_gmt":"2025-03-18T21:49:19","slug":"el-pueblo-de-dona-ines-celebra-este-sabado-una-jornada-denominada-la-floracion-del-almendro","status":"publish","type":"post","link":"https:\/\/arealorcaradio.es\/index.php\/2025\/03\/18\/el-pueblo-de-dona-ines-celebra-este-sabado-una-jornada-denominada-la-floracion-del-almendro\/","title":{"rendered":"El pueblo de Do\u00f1a In\u00e9s celebra este s\u00e1bado una jornada denominada La Floraci\u00f3n del Almendro"},"content":{"rendered":"<p><strong>\u00c1REA LORCA RADIO. Cultura y gastronom\u00eda.<\/strong><\/p>\n<p>Escucha la entrevista que ha concedido a Paco S\u00e1nchez en el magazine de \u00c1rea Lorca Radio, el presidente de la AAVV de Do\u00f1a In\u00e9s, Jos\u00e9 Antonio Garc\u00eda.<\/p>\n<audio class=\"wp-audio-shortcode\" id=\"audio-5953-1\" preload=\"none\" style=\"width: 100%;\" controls=\"controls\"><source type=\"audio\/mpeg\" src=\"https:\/\/arealorcaradio.es\/wp-content\/uploads\/2025\/03\/180325-JOSE-ANTONIO-GARCIA.-DONA-INES-FLORACION.mp3?_=1\" \/><a href=\"https:\/\/arealorcaradio.es\/wp-content\/uploads\/2025\/03\/180325-JOSE-ANTONIO-GARCIA.-DONA-INES-FLORACION.mp3\">https:\/\/arealorcaradio.es\/wp-content\/uploads\/2025\/03\/180325-JOSE-ANTONIO-GARCIA.-DONA-INES-FLORACION.mp3<\/a><\/audio>\n<p>Este s\u00e1bado 22 de mayo desde la 9 horas, el pueblo de Do\u00f1a In\u00e9s celebra una ruta interpretativa denominada \u00abLa Floraci\u00f3n del Almendro\u00bb. Organizada por la Asociaci\u00f3n de Vecinos de Do\u00f1a In\u00e9s , los interesados pueden inscribirse en el Bar Jeromo de Do\u00f1a In\u00e9s, o en el tel\u00e9fono 637 046 367.<\/p>\n<p><img loading=\"lazy\" decoding=\"async\" class=\"alignnone size-medium wp-image-5954\" src=\"https:\/\/arealorcaradio.es\/wp-content\/uploads\/2025\/03\/IMG-20250318-WA0033-212x300.jpg\" alt=\"\" width=\"212\" height=\"300\" srcset=\"https:\/\/arealorcaradio.es\/wp-content\/uploads\/2025\/03\/IMG-20250318-WA0033-212x300.jpg 212w, https:\/\/arealorcaradio.es\/wp-content\/uploads\/2025\/03\/IMG-20250318-WA0033-723x1024.jpg 723w, https:\/\/arealorcaradio.es\/wp-content\/uploads\/2025\/03\/IMG-20250318-WA0033-768x1088.jpg 768w, https:\/\/arealorcaradio.es\/wp-content\/uploads\/2025\/03\/IMG-20250318-WA0033.jpg 818w\" sizes=\"auto, (max-width: 212px) 100vw, 212px\" \/> <img loading=\"lazy\" decoding=\"async\" class=\"alignnone size-medium wp-image-5955\" src=\"https:\/\/arealorcaradio.es\/wp-content\/uploads\/2025\/03\/20210207_151152-225x300.jpg\" alt=\"\" width=\"225\" height=\"300\" srcset=\"https:\/\/arealorcaradio.es\/wp-content\/uploads\/2025\/03\/20210207_151152-225x300.jpg 225w, https:\/\/arealorcaradio.es\/wp-content\/uploads\/2025\/03\/20210207_151152-768x1024.jpg 768w, https:\/\/arealorcaradio.es\/wp-content\/uploads\/2025\/03\/20210207_151152-1152x1536.jpg 1152w, https:\/\/arealorcaradio.es\/wp-content\/uploads\/2025\/03\/20210207_151152-1536x2048.jpg 1536w, https:\/\/arealorcaradio.es\/wp-content\/uploads\/2025\/03\/20210207_151152-scaled.jpg 1920w\" sizes=\"auto, (max-width: 225px) 100vw, 225px\" \/><\/p>\n<p>La ma\u00f1ana consta de una ruta interpretativa por los almendro en flor, un almuerzo y un concierto flamenco a cargo de Lucas y Antonio El Bello.<\/p>\n<p>&nbsp;<\/p>\n<p>&nbsp;<\/p>\n","protected":false},"excerpt":{"rendered":"<p>\u00c1REA LORCA RADIO. Cultura y gastronom\u00eda. Escucha la entrevista que ha concedido a Paco S\u00e1nchez en el magazine de \u00c1rea Lorca Radio, el presidente de la AAVV de Do\u00f1a In\u00e9s, Jos\u00e9 Antonio Garc\u00eda. Este s\u00e1bado 22 de mayo desde la 9 horas, el pueblo de Do\u00f1a In\u00e9s celebra una ruta interpretativa denominada \u00abLa Floraci\u00f3n del [&hellip;]<\/p>\n","protected":false},"author":1,"featured_media":5956,"comment_status":"open","ping_status":"open","sticky":false,"template":"","format":"standard","meta":{"iawp_total_views":79,"footnotes":""},"categories":[5,7],"tags":[],"class_list":["post-5953","post","type-post","status-publish","format-standard","has-post-thumbnail","hentry","category-actualidad","category-lorca"],"yoast_head":"<!-- This site is optimized with the Yoast SEO plugin v27.5 - https:\/\/yoast.com\/product\/yoast-seo-wordpress\/ -->\n<title>El pueblo de Do\u00f1a In\u00e9s celebra este s\u00e1bado una jornada denominada La Floraci\u00f3n del Almendro - AREA LORCA RADIO<\/title>\n<meta name=\"robots\" content=\"index, follow, max-snippet:-1, max-image-preview:large, max-video-preview:-1\" \/>\n<link rel=\"canonical\" href=\"https:\/\/arealorcaradio.es\/index.php\/2025\/03\/18\/el-pueblo-de-dona-ines-celebra-este-sabado-una-jornada-denominada-la-floracion-del-almendro\/\" \/>\n<meta property=\"og:locale\" content=\"es_ES\" \/>\n<meta property=\"og:type\" content=\"article\" \/>\n<meta property=\"og:title\" content=\"El pueblo de Do\u00f1a In\u00e9s celebra este s\u00e1bado una jornada denominada La Floraci\u00f3n del Almendro - AREA LORCA RADIO\" \/>\n<meta property=\"og:description\" content=\"\u00c1REA LORCA RADIO. Cultura y gastronom\u00eda. Escucha la entrevista que ha concedido a Paco S\u00e1nchez en el magazine de \u00c1rea Lorca Radio, el presidente de la AAVV de Do\u00f1a In\u00e9s, Jos\u00e9 Antonio Garc\u00eda. Este s\u00e1bado 22 de mayo desde la 9 horas, el pueblo de Do\u00f1a In\u00e9s celebra una ruta interpretativa denominada \u00abLa Floraci\u00f3n del [&hellip;]\" \/>\n<meta property=\"og:url\" content=\"https:\/\/arealorcaradio.es\/index.php\/2025\/03\/18\/el-pueblo-de-dona-ines-celebra-este-sabado-una-jornada-denominada-la-floracion-del-almendro\/\" \/>\n<meta property=\"og:site_name\" content=\"AREA LORCA RADIO\" \/>\n<meta property=\"article:published_time\" content=\"2025-03-18T21:49:19+00:00\" \/>\n<meta property=\"og:image\" content=\"https:\/\/arealorcaradio.es\/wp-content\/uploads\/2025\/03\/20210207_150934-scaled.jpg\" \/>\n\t<meta property=\"og:image:width\" content=\"2560\" \/>\n\t<meta property=\"og:image:height\" content=\"1958\" \/>\n\t<meta property=\"og:image:type\" content=\"image\/jpeg\" \/>\n<meta name=\"author\" content=\"Paco S\u00e1nchez\" \/>\n<meta name=\"twitter:card\" content=\"summary_large_image\" \/>\n<meta name=\"twitter:label1\" content=\"Escrito por\" \/>\n\t<meta name=\"twitter:data1\" content=\"Paco S\u00e1nchez\" \/>\n\t<meta name=\"twitter:label2\" content=\"Tiempo de lectura\" \/>\n\t<meta name=\"twitter:data2\" content=\"2 minutos\" \/>\n<script type=\"application\/ld+json\" class=\"yoast-schema-graph\">{\"@context\":\"https:\\\/\\\/schema.org\",\"@graph\":[{\"@type\":\"Article\",\"@id\":\"https:\\\/\\\/arealorcaradio.es\\\/index.php\\\/2025\\\/03\\\/18\\\/el-pueblo-de-dona-ines-celebra-este-sabado-una-jornada-denominada-la-floracion-del-almendro\\\/#article\",\"isPartOf\":{\"@id\":\"https:\\\/\\\/arealorcaradio.es\\\/index.php\\\/2025\\\/03\\\/18\\\/el-pueblo-de-dona-ines-celebra-este-sabado-una-jornada-denominada-la-floracion-del-almendro\\\/\"},\"author\":{\"name\":\"Paco S\u00e1nchez\",\"@id\":\"https:\\\/\\\/arealorcaradio.es\\\/#\\\/schema\\\/person\\\/9fae605fc25b0f2c83c1ab207139bd27\"},\"headline\":\"El pueblo de Do\u00f1a In\u00e9s celebra este s\u00e1bado una jornada denominada La Floraci\u00f3n del Almendro\",\"datePublished\":\"2025-03-18T21:49:19+00:00\",\"mainEntityOfPage\":{\"@id\":\"https:\\\/\\\/arealorcaradio.es\\\/index.php\\\/2025\\\/03\\\/18\\\/el-pueblo-de-dona-ines-celebra-este-sabado-una-jornada-denominada-la-floracion-del-almendro\\\/\"},\"wordCount\":152,\"commentCount\":0,\"image\":{\"@id\":\"https:\\\/\\\/arealorcaradio.es\\\/index.php\\\/2025\\\/03\\\/18\\\/el-pueblo-de-dona-ines-celebra-este-sabado-una-jornada-denominada-la-floracion-del-almendro\\\/#primaryimage\"},\"thumbnailUrl\":\"https:\\\/\\\/arealorcaradio.es\\\/wp-content\\\/uploads\\\/2025\\\/03\\\/20210207_150934-scaled.jpg\",\"articleSection\":[\"ACTUALIDAD\",\"LORCA\"],\"inLanguage\":\"es\",\"potentialAction\":[{\"@type\":\"CommentAction\",\"name\":\"Comment\",\"target\":[\"https:\\\/\\\/arealorcaradio.es\\\/index.php\\\/2025\\\/03\\\/18\\\/el-pueblo-de-dona-ines-celebra-este-sabado-una-jornada-denominada-la-floracion-del-almendro\\\/#respond\"]}]},{\"@type\":\"WebPage\",\"@id\":\"https:\\\/\\\/arealorcaradio.es\\\/index.php\\\/2025\\\/03\\\/18\\\/el-pueblo-de-dona-ines-celebra-este-sabado-una-jornada-denominada-la-floracion-del-almendro\\\/\",\"url\":\"https:\\\/\\\/arealorcaradio.es\\\/index.php\\\/2025\\\/03\\\/18\\\/el-pueblo-de-dona-ines-celebra-este-sabado-una-jornada-denominada-la-floracion-del-almendro\\\/\",\"name\":\"El pueblo de Do\u00f1a In\u00e9s celebra este s\u00e1bado una jornada denominada La Floraci\u00f3n del Almendro - AREA LORCA RADIO\",\"isPartOf\":{\"@id\":\"https:\\\/\\\/arealorcaradio.es\\\/#website\"},\"primaryImageOfPage\":{\"@id\":\"https:\\\/\\\/arealorcaradio.es\\\/index.php\\\/2025\\\/03\\\/18\\\/el-pueblo-de-dona-ines-celebra-este-sabado-una-jornada-denominada-la-floracion-del-almendro\\\/#primaryimage\"},\"image\":{\"@id\":\"https:\\\/\\\/arealorcaradio.es\\\/index.php\\\/2025\\\/03\\\/18\\\/el-pueblo-de-dona-ines-celebra-este-sabado-una-jornada-denominada-la-floracion-del-almendro\\\/#primaryimage\"},\"thumbnailUrl\":\"https:\\\/\\\/arealorcaradio.es\\\/wp-content\\\/uploads\\\/2025\\\/03\\\/20210207_150934-scaled.jpg\",\"datePublished\":\"2025-03-18T21:49:19+00:00\",\"author\":{\"@id\":\"https:\\\/\\\/arealorcaradio.es\\\/#\\\/schema\\\/person\\\/9fae605fc25b0f2c83c1ab207139bd27\"},\"breadcrumb\":{\"@id\":\"https:\\\/\\\/arealorcaradio.es\\\/index.php\\\/2025\\\/03\\\/18\\\/el-pueblo-de-dona-ines-celebra-este-sabado-una-jornada-denominada-la-floracion-del-almendro\\\/#breadcrumb\"},\"inLanguage\":\"es\",\"potentialAction\":[{\"@type\":\"ReadAction\",\"target\":[\"https:\\\/\\\/arealorcaradio.es\\\/index.php\\\/2025\\\/03\\\/18\\\/el-pueblo-de-dona-ines-celebra-este-sabado-una-jornada-denominada-la-floracion-del-almendro\\\/\"]}]},{\"@type\":\"ImageObject\",\"inLanguage\":\"es\",\"@id\":\"https:\\\/\\\/arealorcaradio.es\\\/index.php\\\/2025\\\/03\\\/18\\\/el-pueblo-de-dona-ines-celebra-este-sabado-una-jornada-denominada-la-floracion-del-almendro\\\/#primaryimage\",\"url\":\"https:\\\/\\\/arealorcaradio.es\\\/wp-content\\\/uploads\\\/2025\\\/03\\\/20210207_150934-scaled.jpg\",\"contentUrl\":\"https:\\\/\\\/arealorcaradio.es\\\/wp-content\\\/uploads\\\/2025\\\/03\\\/20210207_150934-scaled.jpg\",\"width\":2560,\"height\":1958},{\"@type\":\"BreadcrumbList\",\"@id\":\"https:\\\/\\\/arealorcaradio.es\\\/index.php\\\/2025\\\/03\\\/18\\\/el-pueblo-de-dona-ines-celebra-este-sabado-una-jornada-denominada-la-floracion-del-almendro\\\/#breadcrumb\",\"itemListElement\":[{\"@type\":\"ListItem\",\"position\":1,\"name\":\"Portada\",\"item\":\"https:\\\/\\\/arealorcaradio.es\\\/\"},{\"@type\":\"ListItem\",\"position\":2,\"name\":\"El pueblo de Do\u00f1a In\u00e9s celebra este s\u00e1bado una jornada denominada La Floraci\u00f3n del Almendro\"}]},{\"@type\":\"WebSite\",\"@id\":\"https:\\\/\\\/arealorcaradio.es\\\/#website\",\"url\":\"https:\\\/\\\/arealorcaradio.es\\\/\",\"name\":\"AREA LORCA RADIO\",\"description\":\"Descubre la programaci\u00f3n actual en \u00c1rea Lorca Radio, tu fuente de entrenamiento y noticias locales. Sintoniza ahora y mantente conectado online.\",\"potentialAction\":[{\"@type\":\"SearchAction\",\"target\":{\"@type\":\"EntryPoint\",\"urlTemplate\":\"https:\\\/\\\/arealorcaradio.es\\\/?s={search_term_string}\"},\"query-input\":{\"@type\":\"PropertyValueSpecification\",\"valueRequired\":true,\"valueName\":\"search_term_string\"}}],\"inLanguage\":\"es\"},{\"@type\":\"Person\",\"@id\":\"https:\\\/\\\/arealorcaradio.es\\\/#\\\/schema\\\/person\\\/9fae605fc25b0f2c83c1ab207139bd27\",\"name\":\"Paco S\u00e1nchez\",\"image\":{\"@type\":\"ImageObject\",\"inLanguage\":\"es\",\"@id\":\"https:\\\/\\\/secure.gravatar.com\\\/avatar\\\/d67144e966420fb74aa84c9f2a0103be4724fd14db52b52d3b6bca749f257e79?s=96&d=mm&r=g\",\"url\":\"https:\\\/\\\/secure.gravatar.com\\\/avatar\\\/d67144e966420fb74aa84c9f2a0103be4724fd14db52b52d3b6bca749f257e79?s=96&d=mm&r=g\",\"contentUrl\":\"https:\\\/\\\/secure.gravatar.com\\\/avatar\\\/d67144e966420fb74aa84c9f2a0103be4724fd14db52b52d3b6bca749f257e79?s=96&d=mm&r=g\",\"caption\":\"Paco S\u00e1nchez\"},\"sameAs\":[\"https:\\\/\\\/arealorcaradio.es\"],\"url\":\"https:\\\/\\\/arealorcaradio.es\\\/index.php\\\/author\\\/admin_alorcaradio\\\/\"}]}<\/script>\n<!-- \/ Yoast SEO plugin. -->","yoast_head_json":{"title":"El pueblo de Do\u00f1a In\u00e9s celebra este s\u00e1bado una jornada denominada La Floraci\u00f3n del Almendro - AREA LORCA RADIO","robots":{"index":"index","follow":"follow","max-snippet":"max-snippet:-1","max-image-preview":"max-image-preview:large","max-video-preview":"max-video-preview:-1"},"canonical":"https:\/\/arealorcaradio.es\/index.php\/2025\/03\/18\/el-pueblo-de-dona-ines-celebra-este-sabado-una-jornada-denominada-la-floracion-del-almendro\/","og_locale":"es_ES","og_type":"article","og_title":"El pueblo de Do\u00f1a In\u00e9s celebra este s\u00e1bado una jornada denominada La Floraci\u00f3n del Almendro - AREA LORCA RADIO","og_description":"\u00c1REA LORCA RADIO. Cultura y gastronom\u00eda. Escucha la entrevista que ha concedido a Paco S\u00e1nchez en el magazine de \u00c1rea Lorca Radio, el presidente de la AAVV de Do\u00f1a In\u00e9s, Jos\u00e9 Antonio Garc\u00eda. Este s\u00e1bado 22 de mayo desde la 9 horas, el pueblo de Do\u00f1a In\u00e9s celebra una ruta interpretativa denominada \u00abLa Floraci\u00f3n del [&hellip;]","og_url":"https:\/\/arealorcaradio.es\/index.php\/2025\/03\/18\/el-pueblo-de-dona-ines-celebra-este-sabado-una-jornada-denominada-la-floracion-del-almendro\/","og_site_name":"AREA LORCA RADIO","article_published_time":"2025-03-18T21:49:19+00:00","og_image":[{"width":2560,"height":1958,"url":"https:\/\/arealorcaradio.es\/wp-content\/uploads\/2025\/03\/20210207_150934-scaled.jpg","type":"image\/jpeg"}],"author":"Paco S\u00e1nchez","twitter_card":"summary_large_image","twitter_misc":{"Escrito por":"Paco S\u00e1nchez","Tiempo de lectura":"2 minutos"},"schema":{"@context":"https:\/\/schema.org","@graph":[{"@type":"Article","@id":"https:\/\/arealorcaradio.es\/index.php\/2025\/03\/18\/el-pueblo-de-dona-ines-celebra-este-sabado-una-jornada-denominada-la-floracion-del-almendro\/#article","isPartOf":{"@id":"https:\/\/arealorcaradio.es\/index.php\/2025\/03\/18\/el-pueblo-de-dona-ines-celebra-este-sabado-una-jornada-denominada-la-floracion-del-almendro\/"},"author":{"name":"Paco S\u00e1nchez","@id":"https:\/\/arealorcaradio.es\/#\/schema\/person\/9fae605fc25b0f2c83c1ab207139bd27"},"headline":"El pueblo de Do\u00f1a In\u00e9s celebra este s\u00e1bado una jornada denominada La Floraci\u00f3n del Almendro","datePublished":"2025-03-18T21:49:19+00:00","mainEntityOfPage":{"@id":"https:\/\/arealorcaradio.es\/index.php\/2025\/03\/18\/el-pueblo-de-dona-ines-celebra-este-sabado-una-jornada-denominada-la-floracion-del-almendro\/"},"wordCount":152,"commentCount":0,"image":{"@id":"https:\/\/arealorcaradio.es\/index.php\/2025\/03\/18\/el-pueblo-de-dona-ines-celebra-este-sabado-una-jornada-denominada-la-floracion-del-almendro\/#primaryimage"},"thumbnailUrl":"https:\/\/arealorcaradio.es\/wp-content\/uploads\/2025\/03\/20210207_150934-scaled.jpg","articleSection":["ACTUALIDAD","LORCA"],"inLanguage":"es","potentialAction":[{"@type":"CommentAction","name":"Comment","target":["https:\/\/arealorcaradio.es\/index.php\/2025\/03\/18\/el-pueblo-de-dona-ines-celebra-este-sabado-una-jornada-denominada-la-floracion-del-almendro\/#respond"]}]},{"@type":"WebPage","@id":"https:\/\/arealorcaradio.es\/index.php\/2025\/03\/18\/el-pueblo-de-dona-ines-celebra-este-sabado-una-jornada-denominada-la-floracion-del-almendro\/","url":"https:\/\/arealorcaradio.es\/index.php\/2025\/03\/18\/el-pueblo-de-dona-ines-celebra-este-sabado-una-jornada-denominada-la-floracion-del-almendro\/","name":"El pueblo de Do\u00f1a In\u00e9s celebra este s\u00e1bado una jornada denominada La Floraci\u00f3n del Almendro - AREA LORCA RADIO","isPartOf":{"@id":"https:\/\/arealorcaradio.es\/#website"},"primaryImageOfPage":{"@id":"https:\/\/arealorcaradio.es\/index.php\/2025\/03\/18\/el-pueblo-de-dona-ines-celebra-este-sabado-una-jornada-denominada-la-floracion-del-almendro\/#primaryimage"},"image":{"@id":"https:\/\/arealorcaradio.es\/index.php\/2025\/03\/18\/el-pueblo-de-dona-ines-celebra-este-sabado-una-jornada-denominada-la-floracion-del-almendro\/#primaryimage"},"thumbnailUrl":"https:\/\/arealorcaradio.es\/wp-content\/uploads\/2025\/03\/20210207_150934-scaled.jpg","datePublished":"2025-03-18T21:49:19+00:00","author":{"@id":"https:\/\/arealorcaradio.es\/#\/schema\/person\/9fae605fc25b0f2c83c1ab207139bd27"},"breadcrumb":{"@id":"https:\/\/arealorcaradio.es\/index.php\/2025\/03\/18\/el-pueblo-de-dona-ines-celebra-este-sabado-una-jornada-denominada-la-floracion-del-almendro\/#breadcrumb"},"inLanguage":"es","potentialAction":[{"@type":"ReadAction","target":["https:\/\/arealorcaradio.es\/index.php\/2025\/03\/18\/el-pueblo-de-dona-ines-celebra-este-sabado-una-jornada-denominada-la-floracion-del-almendro\/"]}]},{"@type":"ImageObject","inLanguage":"es","@id":"https:\/\/arealorcaradio.es\/index.php\/2025\/03\/18\/el-pueblo-de-dona-ines-celebra-este-sabado-una-jornada-denominada-la-floracion-del-almendro\/#primaryimage","url":"https:\/\/arealorcaradio.es\/wp-content\/uploads\/2025\/03\/20210207_150934-scaled.jpg","contentUrl":"https:\/\/arealorcaradio.es\/wp-content\/uploads\/2025\/03\/20210207_150934-scaled.jpg","width":2560,"height":1958},{"@type":"BreadcrumbList","@id":"https:\/\/arealorcaradio.es\/index.php\/2025\/03\/18\/el-pueblo-de-dona-ines-celebra-este-sabado-una-jornada-denominada-la-floracion-del-almendro\/#breadcrumb","itemListElement":[{"@type":"ListItem","position":1,"name":"Portada","item":"https:\/\/arealorcaradio.es\/"},{"@type":"ListItem","position":2,"name":"El pueblo de Do\u00f1a In\u00e9s celebra este s\u00e1bado una jornada denominada La Floraci\u00f3n del Almendro"}]},{"@type":"WebSite","@id":"https:\/\/arealorcaradio.es\/#website","url":"https:\/\/arealorcaradio.es\/","name":"AREA LORCA RADIO","description":"Descubre la programaci\u00f3n actual en \u00c1rea Lorca Radio, tu fuente de entrenamiento y noticias locales. Sintoniza ahora y mantente conectado online.","potentialAction":[{"@type":"SearchAction","target":{"@type":"EntryPoint","urlTemplate":"https:\/\/arealorcaradio.es\/?s={search_term_string}"},"query-input":{"@type":"PropertyValueSpecification","valueRequired":true,"valueName":"search_term_string"}}],"inLanguage":"es"},{"@type":"Person","@id":"https:\/\/arealorcaradio.es\/#\/schema\/person\/9fae605fc25b0f2c83c1ab207139bd27","name":"Paco S\u00e1nchez","image":{"@type":"ImageObject","inLanguage":"es","@id":"https:\/\/secure.gravatar.com\/avatar\/d67144e966420fb74aa84c9f2a0103be4724fd14db52b52d3b6bca749f257e79?s=96&d=mm&r=g","url":"https:\/\/secure.gravatar.com\/avatar\/d67144e966420fb74aa84c9f2a0103be4724fd14db52b52d3b6bca749f257e79?s=96&d=mm&r=g","contentUrl":"https:\/\/secure.gravatar.com\/avatar\/d67144e966420fb74aa84c9f2a0103be4724fd14db52b52d3b6bca749f257e79?s=96&d=mm&r=g","caption":"Paco S\u00e1nchez"},"sameAs":["https:\/\/arealorcaradio.es"],"url":"https:\/\/arealorcaradio.es\/index.php\/author\/admin_alorcaradio\/"}]}},"_links":{"self":[{"href":"https:\/\/arealorcaradio.es\/index.php\/wp-json\/wp\/v2\/posts\/5953","targetHints":{"allow":["GET"]}}],"collection":[{"href":"https:\/\/arealorcaradio.es\/index.php\/wp-json\/wp\/v2\/posts"}],"about":[{"href":"https:\/\/arealorcaradio.es\/index.php\/wp-json\/wp\/v2\/types\/post"}],"author":[{"embeddable":true,"href":"https:\/\/arealorcaradio.es\/index.php\/wp-json\/wp\/v2\/users\/1"}],"replies":[{"embeddable":true,"href":"https:\/\/arealorcaradio.es\/index.php\/wp-json\/wp\/v2\/comments?post=5953"}],"version-history":[{"count":2,"href":"https:\/\/arealorcaradio.es\/index.php\/wp-json\/wp\/v2\/posts\/5953\/revisions"}],"predecessor-version":[{"id":5959,"href":"https:\/\/arealorcaradio.es\/index.php\/wp-json\/wp\/v2\/posts\/5953\/revisions\/5959"}],"wp:featuredmedia":[{"embeddable":true,"href":"https:\/\/arealorcaradio.es\/index.php\/wp-json\/wp\/v2\/media\/5956"}],"wp:attachment":[{"href":"https:\/\/arealorcaradio.es\/index.php\/wp-json\/wp\/v2\/media?parent=5953"}],"wp:term":[{"taxonomy":"category","embeddable":true,"href":"https:\/\/arealorcaradio.es\/index.php\/wp-json\/wp\/v2\/categories?post=5953"},{"taxonomy":"post_tag","embeddable":true,"href":"https:\/\/arealorcaradio.es\/index.php\/wp-json\/wp\/v2\/tags?post=5953"}],"curies":[{"name":"wp","href":"https:\/\/api.w.org\/{rel}","templated":true}]}}