{"id":5950,"date":"2025-03-18T12:59:50","date_gmt":"2025-03-18T12:59:50","guid":{"rendered":"https:\/\/arealorcaradio.es\/?p=5950"},"modified":"2025-03-18T12:59:50","modified_gmt":"2025-03-18T12:59:50","slug":"el-hospital-rafael-mendez-de-lorca-desarrolla-una-tecnica-pionera-en-casos-de-cirugia-abdominal-compleja","status":"publish","type":"post","link":"https:\/\/arealorcaradio.es\/index.php\/2025\/03\/18\/el-hospital-rafael-mendez-de-lorca-desarrolla-una-tecnica-pionera-en-casos-de-cirugia-abdominal-compleja\/","title":{"rendered":"El hospital Rafael M\u00e9ndez de Lorca desarrolla una t\u00e9cnica pionera en casos de cirug\u00eda abdominal compleja"},"content":{"rendered":"<p><strong>\u00c1REA LORCA RADIO.<\/strong><\/p>\n<div class=\"v1elementToProof\"><b>18.03.2024\u00a0<\/b>El hospital general universitario Rafael M\u00e9ndez de Lorca aplicar\u00e1 de forma pionera, en las intervenciones de cirug\u00eda de pared abdominal compleja, una nueva t\u00e9cnica que incorpora tambi\u00e9n nuevo instrumental. Ser\u00e1 la primera vez que se desarrolle este tipo de intervenci\u00f3n en la Regi\u00f3n de Murcia.<\/div>\n<div><\/div>\n<div class=\"v1elementToProof\">Esta t\u00e9cnica consiste en una prehabilitaci\u00f3n y una tracci\u00f3n controlada de la fascia para un cierre \u00f3ptimo de la pared abdominal sin tensi\u00f3n, gracias a la incorporaci\u00f3n de nuevas mallas e instrumental especial. Los tejidos que se emplear\u00e1n para la reconstrucci\u00f3n abdominal de los pacientes son org\u00e1nicos, menos r\u00edgidos y m\u00e1s flexibles, lo que permite una mejor adaptaci\u00f3n a la pared del abdomen con menos efectos secundarios, como una excesiva rigidez o, en \u00faltima instancia, el posible rechazo.<\/div>\n<div class=\"v1elementToProof\"><\/div>\n<div class=\"v1elementToProof\">El consejero de Salud, Juan Jos\u00e9 Pedre\u00f1o, explic\u00f3 hoy en su visita al centro hospitalario que \u00abse trata de un proceso que da esperanza a pacientes que se consideraban inoperables debido a su patolog\u00eda abdominal. Esta nueva t\u00e9cnica que aplicar\u00e1 el Rafael M\u00e9ndez reduce tambi\u00e9n riesgos para el paciente, acorta la recuperaci\u00f3n y aumenta exponencialmente el \u00e9xito de la cirug\u00eda a largo plazo\u00bb. Esta iniciativa \u00abmarca un hito en la oferta de servicios de salud en Lorca, y reafirma el compromiso del hospital Rafael M\u00e9ndez con la innovaci\u00f3n y el bienestar de los pacientes que dependen de este centro sanitario\u00bb, afirm\u00f3 Pedre\u00f1o.<\/div>\n<div><\/div>\n<div class=\"v1elementToProof\">Hace ahora un a\u00f1o que se puso en marcha la Unidad de Cirug\u00eda de Pared Abdominal para intervenir hernias y eventraciones grandes o complicadas, \u00abaunque este tipo de intervenciones comenzaron a realizarse en el Rafael M\u00e9ndez un a\u00f1o antes, gracias a la implicaci\u00f3n del Servicio de Cirug\u00eda y del Aparato Digestivo\u00bb, indic\u00f3 el consejero. Desde 2023, se ha intervenido quir\u00fargicamente a m\u00e1s de 400 pacientes. Esta unidad especializada se sum\u00f3 a las de los hospitales Reina Sof\u00eda, Virgen de la Arrixaca y Morales Meseguer de Murcia, y el hospital Santa Luc\u00eda de Cartagena, para abordar casos complejos de cirug\u00eda abdominal. Para el tratamiento de estas patolog\u00edas, se incluy\u00f3 el uso de t\u00e9cnicas diagn\u00f3sticas y terap\u00e9uticas innovadoras, entre las que se encuentran el tratamiento prequir\u00fargico con b\u00f3tox y la cirug\u00eda laparosc\u00f3pica.<\/div>\n<div><\/div>\n<div class=\"v1elementToProof\">El pr\u00f3ximo 9 de abril, el hospital Rafael M\u00e9ndez acoger\u00e1 una jornada de formaci\u00f3n en la nueva t\u00e9cnica de cirug\u00eda de pared abdominal compleja dirigida a cirujanos de todas las \u00e1reas de Salud. Se presentar\u00e1 un caso cl\u00ednico real y una cirug\u00eda en directo en la que se aplicar\u00e1 la nueva t\u00e9cnica por primera vez.<\/div>\n<div class=\"v1elementToProof\">En la formaci\u00f3n participar\u00e1n los cuatro cirujanos que componen la unidad del \u00c1rea de Salud III, adem\u00e1s de profesionales del hospital Reina Sof\u00eda y el jefe de Secci\u00f3n de Pared Abdominal del hospital Virgen de las Nieves de Granada, Alfonso Mansilla, centro pionero en el uso de esta t\u00e9cnica.<\/div>\n<div><\/div>\n<div class=\"v1elementToProof\"><b>Aumento de personal en el \u00e1rea III de salud<\/b><\/div>\n<div class=\"v1elementToProof\">La plantilla del \u00c1rea III de Salud ha aumentado un 25 por ciento en los \u00faltimos cinco a\u00f1os y, en concreto, se han incorporado 501 profesionales. Actualmente, trabajan en esta \u00e1rea de salud -que incluye los municipios de Aledo, \u00c1guilas, Lorca, Puerto Lumbreras y Totana- un total de 2.451 profesionales. De ellos, 1.822 prestan servicio en el hospital Rafael M\u00e9ndez, 361 m\u00e1s que hace cinco a\u00f1os. \u00abNuestro compromiso con los pacientes de los cinco municipios de esta \u00e1rea de salud es seguir dotando de personal y de los recursos necesarios al hospital y a los centros de Atenci\u00f3n Primaria\u00bb, asegur\u00f3 el consejero de Salud, quien a\u00f1adi\u00f3 que \u00abel Gobierno regional garantiza la calidad en la asistencia sanitaria p\u00fablica independientemente del lugar donde residan los pacientes\u00bb.<\/div>\n<p>&nbsp;<\/p>\n","protected":false},"excerpt":{"rendered":"<p>\u00c1REA LORCA RADIO. 18.03.2024\u00a0El hospital general universitario Rafael M\u00e9ndez de Lorca aplicar\u00e1 de forma pionera, en las intervenciones de cirug\u00eda de pared abdominal compleja, una nueva t\u00e9cnica que incorpora tambi\u00e9n nuevo instrumental. Ser\u00e1 la primera vez que se desarrolle este tipo de intervenci\u00f3n en la Regi\u00f3n de Murcia. Esta t\u00e9cnica consiste en una prehabilitaci\u00f3n y [&hellip;]<\/p>\n","protected":false},"author":1,"featured_media":5951,"comment_status":"open","ping_status":"open","sticky":false,"template":"","format":"standard","meta":{"iawp_total_views":29,"footnotes":""},"categories":[5,7],"tags":[],"class_list":["post-5950","post","type-post","status-publish","format-standard","has-post-thumbnail","hentry","category-actualidad","category-lorca"],"yoast_head":"<!-- This site is optimized with the Yoast SEO plugin v27.5 - https:\/\/yoast.com\/product\/yoast-seo-wordpress\/ -->\n<title>El hospital Rafael M\u00e9ndez de Lorca desarrolla una t\u00e9cnica pionera en casos de cirug\u00eda abdominal compleja - AREA LORCA RADIO<\/title>\n<meta name=\"robots\" content=\"index, follow, max-snippet:-1, max-image-preview:large, max-video-preview:-1\" \/>\n<link rel=\"canonical\" href=\"https:\/\/arealorcaradio.es\/index.php\/2025\/03\/18\/el-hospital-rafael-mendez-de-lorca-desarrolla-una-tecnica-pionera-en-casos-de-cirugia-abdominal-compleja\/\" \/>\n<meta property=\"og:locale\" content=\"es_ES\" \/>\n<meta property=\"og:type\" content=\"article\" \/>\n<meta property=\"og:title\" content=\"El hospital Rafael M\u00e9ndez de Lorca desarrolla una t\u00e9cnica pionera en casos de cirug\u00eda abdominal compleja - AREA LORCA RADIO\" \/>\n<meta property=\"og:description\" content=\"\u00c1REA LORCA RADIO. 18.03.2024\u00a0El hospital general universitario Rafael M\u00e9ndez de Lorca aplicar\u00e1 de forma pionera, en las intervenciones de cirug\u00eda de pared abdominal compleja, una nueva t\u00e9cnica que incorpora tambi\u00e9n nuevo instrumental. Ser\u00e1 la primera vez que se desarrolle este tipo de intervenci\u00f3n en la Regi\u00f3n de Murcia. Esta t\u00e9cnica consiste en una prehabilitaci\u00f3n y [&hellip;]\" \/>\n<meta property=\"og:url\" content=\"https:\/\/arealorcaradio.es\/index.php\/2025\/03\/18\/el-hospital-rafael-mendez-de-lorca-desarrolla-una-tecnica-pionera-en-casos-de-cirugia-abdominal-compleja\/\" \/>\n<meta property=\"og:site_name\" content=\"AREA LORCA RADIO\" \/>\n<meta property=\"article:published_time\" content=\"2025-03-18T12:59:50+00:00\" \/>\n<meta property=\"og:image\" content=\"https:\/\/arealorcaradio.es\/wp-content\/uploads\/2025\/03\/20250318-Cirugia-Abdominal-Lorca-scaled.jpeg\" \/>\n\t<meta property=\"og:image:width\" content=\"2560\" \/>\n\t<meta property=\"og:image:height\" content=\"1920\" \/>\n\t<meta property=\"og:image:type\" content=\"image\/jpeg\" \/>\n<meta name=\"author\" content=\"Paco S\u00e1nchez\" \/>\n<meta name=\"twitter:card\" content=\"summary_large_image\" \/>\n<meta name=\"twitter:label1\" content=\"Escrito por\" \/>\n\t<meta name=\"twitter:data1\" content=\"Paco S\u00e1nchez\" \/>\n\t<meta name=\"twitter:label2\" content=\"Tiempo de lectura\" \/>\n\t<meta name=\"twitter:data2\" content=\"3 minutos\" \/>\n<script type=\"application\/ld+json\" class=\"yoast-schema-graph\">{\"@context\":\"https:\\\/\\\/schema.org\",\"@graph\":[{\"@type\":\"Article\",\"@id\":\"https:\\\/\\\/arealorcaradio.es\\\/index.php\\\/2025\\\/03\\\/18\\\/el-hospital-rafael-mendez-de-lorca-desarrolla-una-tecnica-pionera-en-casos-de-cirugia-abdominal-compleja\\\/#article\",\"isPartOf\":{\"@id\":\"https:\\\/\\\/arealorcaradio.es\\\/index.php\\\/2025\\\/03\\\/18\\\/el-hospital-rafael-mendez-de-lorca-desarrolla-una-tecnica-pionera-en-casos-de-cirugia-abdominal-compleja\\\/\"},\"author\":{\"name\":\"Paco S\u00e1nchez\",\"@id\":\"https:\\\/\\\/arealorcaradio.es\\\/#\\\/schema\\\/person\\\/9fae605fc25b0f2c83c1ab207139bd27\"},\"headline\":\"El hospital Rafael M\u00e9ndez de Lorca desarrolla una t\u00e9cnica pionera en casos de cirug\u00eda abdominal compleja\",\"datePublished\":\"2025-03-18T12:59:50+00:00\",\"mainEntityOfPage\":{\"@id\":\"https:\\\/\\\/arealorcaradio.es\\\/index.php\\\/2025\\\/03\\\/18\\\/el-hospital-rafael-mendez-de-lorca-desarrolla-una-tecnica-pionera-en-casos-de-cirugia-abdominal-compleja\\\/\"},\"wordCount\":675,\"commentCount\":0,\"image\":{\"@id\":\"https:\\\/\\\/arealorcaradio.es\\\/index.php\\\/2025\\\/03\\\/18\\\/el-hospital-rafael-mendez-de-lorca-desarrolla-una-tecnica-pionera-en-casos-de-cirugia-abdominal-compleja\\\/#primaryimage\"},\"thumbnailUrl\":\"https:\\\/\\\/arealorcaradio.es\\\/wp-content\\\/uploads\\\/2025\\\/03\\\/20250318-Cirugia-Abdominal-Lorca-scaled.jpeg\",\"articleSection\":[\"ACTUALIDAD\",\"LORCA\"],\"inLanguage\":\"es\",\"potentialAction\":[{\"@type\":\"CommentAction\",\"name\":\"Comment\",\"target\":[\"https:\\\/\\\/arealorcaradio.es\\\/index.php\\\/2025\\\/03\\\/18\\\/el-hospital-rafael-mendez-de-lorca-desarrolla-una-tecnica-pionera-en-casos-de-cirugia-abdominal-compleja\\\/#respond\"]}]},{\"@type\":\"WebPage\",\"@id\":\"https:\\\/\\\/arealorcaradio.es\\\/index.php\\\/2025\\\/03\\\/18\\\/el-hospital-rafael-mendez-de-lorca-desarrolla-una-tecnica-pionera-en-casos-de-cirugia-abdominal-compleja\\\/\",\"url\":\"https:\\\/\\\/arealorcaradio.es\\\/index.php\\\/2025\\\/03\\\/18\\\/el-hospital-rafael-mendez-de-lorca-desarrolla-una-tecnica-pionera-en-casos-de-cirugia-abdominal-compleja\\\/\",\"name\":\"El hospital Rafael M\u00e9ndez de Lorca desarrolla una t\u00e9cnica pionera en casos de cirug\u00eda abdominal compleja - AREA LORCA RADIO\",\"isPartOf\":{\"@id\":\"https:\\\/\\\/arealorcaradio.es\\\/#website\"},\"primaryImageOfPage\":{\"@id\":\"https:\\\/\\\/arealorcaradio.es\\\/index.php\\\/2025\\\/03\\\/18\\\/el-hospital-rafael-mendez-de-lorca-desarrolla-una-tecnica-pionera-en-casos-de-cirugia-abdominal-compleja\\\/#primaryimage\"},\"image\":{\"@id\":\"https:\\\/\\\/arealorcaradio.es\\\/index.php\\\/2025\\\/03\\\/18\\\/el-hospital-rafael-mendez-de-lorca-desarrolla-una-tecnica-pionera-en-casos-de-cirugia-abdominal-compleja\\\/#primaryimage\"},\"thumbnailUrl\":\"https:\\\/\\\/arealorcaradio.es\\\/wp-content\\\/uploads\\\/2025\\\/03\\\/20250318-Cirugia-Abdominal-Lorca-scaled.jpeg\",\"datePublished\":\"2025-03-18T12:59:50+00:00\",\"author\":{\"@id\":\"https:\\\/\\\/arealorcaradio.es\\\/#\\\/schema\\\/person\\\/9fae605fc25b0f2c83c1ab207139bd27\"},\"breadcrumb\":{\"@id\":\"https:\\\/\\\/arealorcaradio.es\\\/index.php\\\/2025\\\/03\\\/18\\\/el-hospital-rafael-mendez-de-lorca-desarrolla-una-tecnica-pionera-en-casos-de-cirugia-abdominal-compleja\\\/#breadcrumb\"},\"inLanguage\":\"es\",\"potentialAction\":[{\"@type\":\"ReadAction\",\"target\":[\"https:\\\/\\\/arealorcaradio.es\\\/index.php\\\/2025\\\/03\\\/18\\\/el-hospital-rafael-mendez-de-lorca-desarrolla-una-tecnica-pionera-en-casos-de-cirugia-abdominal-compleja\\\/\"]}]},{\"@type\":\"ImageObject\",\"inLanguage\":\"es\",\"@id\":\"https:\\\/\\\/arealorcaradio.es\\\/index.php\\\/2025\\\/03\\\/18\\\/el-hospital-rafael-mendez-de-lorca-desarrolla-una-tecnica-pionera-en-casos-de-cirugia-abdominal-compleja\\\/#primaryimage\",\"url\":\"https:\\\/\\\/arealorcaradio.es\\\/wp-content\\\/uploads\\\/2025\\\/03\\\/20250318-Cirugia-Abdominal-Lorca-scaled.jpeg\",\"contentUrl\":\"https:\\\/\\\/arealorcaradio.es\\\/wp-content\\\/uploads\\\/2025\\\/03\\\/20250318-Cirugia-Abdominal-Lorca-scaled.jpeg\",\"width\":2560,\"height\":1920},{\"@type\":\"BreadcrumbList\",\"@id\":\"https:\\\/\\\/arealorcaradio.es\\\/index.php\\\/2025\\\/03\\\/18\\\/el-hospital-rafael-mendez-de-lorca-desarrolla-una-tecnica-pionera-en-casos-de-cirugia-abdominal-compleja\\\/#breadcrumb\",\"itemListElement\":[{\"@type\":\"ListItem\",\"position\":1,\"name\":\"Portada\",\"item\":\"https:\\\/\\\/arealorcaradio.es\\\/\"},{\"@type\":\"ListItem\",\"position\":2,\"name\":\"El hospital Rafael M\u00e9ndez de Lorca desarrolla una t\u00e9cnica pionera en casos de cirug\u00eda abdominal compleja\"}]},{\"@type\":\"WebSite\",\"@id\":\"https:\\\/\\\/arealorcaradio.es\\\/#website\",\"url\":\"https:\\\/\\\/arealorcaradio.es\\\/\",\"name\":\"AREA LORCA RADIO\",\"description\":\"Descubre la programaci\u00f3n actual en \u00c1rea Lorca Radio, tu fuente de entrenamiento y noticias locales. Sintoniza ahora y mantente conectado online.\",\"potentialAction\":[{\"@type\":\"SearchAction\",\"target\":{\"@type\":\"EntryPoint\",\"urlTemplate\":\"https:\\\/\\\/arealorcaradio.es\\\/?s={search_term_string}\"},\"query-input\":{\"@type\":\"PropertyValueSpecification\",\"valueRequired\":true,\"valueName\":\"search_term_string\"}}],\"inLanguage\":\"es\"},{\"@type\":\"Person\",\"@id\":\"https:\\\/\\\/arealorcaradio.es\\\/#\\\/schema\\\/person\\\/9fae605fc25b0f2c83c1ab207139bd27\",\"name\":\"Paco S\u00e1nchez\",\"image\":{\"@type\":\"ImageObject\",\"inLanguage\":\"es\",\"@id\":\"https:\\\/\\\/secure.gravatar.com\\\/avatar\\\/d67144e966420fb74aa84c9f2a0103be4724fd14db52b52d3b6bca749f257e79?s=96&d=mm&r=g\",\"url\":\"https:\\\/\\\/secure.gravatar.com\\\/avatar\\\/d67144e966420fb74aa84c9f2a0103be4724fd14db52b52d3b6bca749f257e79?s=96&d=mm&r=g\",\"contentUrl\":\"https:\\\/\\\/secure.gravatar.com\\\/avatar\\\/d67144e966420fb74aa84c9f2a0103be4724fd14db52b52d3b6bca749f257e79?s=96&d=mm&r=g\",\"caption\":\"Paco S\u00e1nchez\"},\"sameAs\":[\"https:\\\/\\\/arealorcaradio.es\"],\"url\":\"https:\\\/\\\/arealorcaradio.es\\\/index.php\\\/author\\\/admin_alorcaradio\\\/\"}]}<\/script>\n<!-- \/ Yoast SEO plugin. -->","yoast_head_json":{"title":"El hospital Rafael M\u00e9ndez de Lorca desarrolla una t\u00e9cnica pionera en casos de cirug\u00eda abdominal compleja - AREA LORCA RADIO","robots":{"index":"index","follow":"follow","max-snippet":"max-snippet:-1","max-image-preview":"max-image-preview:large","max-video-preview":"max-video-preview:-1"},"canonical":"https:\/\/arealorcaradio.es\/index.php\/2025\/03\/18\/el-hospital-rafael-mendez-de-lorca-desarrolla-una-tecnica-pionera-en-casos-de-cirugia-abdominal-compleja\/","og_locale":"es_ES","og_type":"article","og_title":"El hospital Rafael M\u00e9ndez de Lorca desarrolla una t\u00e9cnica pionera en casos de cirug\u00eda abdominal compleja - AREA LORCA RADIO","og_description":"\u00c1REA LORCA RADIO. 18.03.2024\u00a0El hospital general universitario Rafael M\u00e9ndez de Lorca aplicar\u00e1 de forma pionera, en las intervenciones de cirug\u00eda de pared abdominal compleja, una nueva t\u00e9cnica que incorpora tambi\u00e9n nuevo instrumental. Ser\u00e1 la primera vez que se desarrolle este tipo de intervenci\u00f3n en la Regi\u00f3n de Murcia. Esta t\u00e9cnica consiste en una prehabilitaci\u00f3n y [&hellip;]","og_url":"https:\/\/arealorcaradio.es\/index.php\/2025\/03\/18\/el-hospital-rafael-mendez-de-lorca-desarrolla-una-tecnica-pionera-en-casos-de-cirugia-abdominal-compleja\/","og_site_name":"AREA LORCA RADIO","article_published_time":"2025-03-18T12:59:50+00:00","og_image":[{"width":2560,"height":1920,"url":"https:\/\/arealorcaradio.es\/wp-content\/uploads\/2025\/03\/20250318-Cirugia-Abdominal-Lorca-scaled.jpeg","type":"image\/jpeg"}],"author":"Paco S\u00e1nchez","twitter_card":"summary_large_image","twitter_misc":{"Escrito por":"Paco S\u00e1nchez","Tiempo de lectura":"3 minutos"},"schema":{"@context":"https:\/\/schema.org","@graph":[{"@type":"Article","@id":"https:\/\/arealorcaradio.es\/index.php\/2025\/03\/18\/el-hospital-rafael-mendez-de-lorca-desarrolla-una-tecnica-pionera-en-casos-de-cirugia-abdominal-compleja\/#article","isPartOf":{"@id":"https:\/\/arealorcaradio.es\/index.php\/2025\/03\/18\/el-hospital-rafael-mendez-de-lorca-desarrolla-una-tecnica-pionera-en-casos-de-cirugia-abdominal-compleja\/"},"author":{"name":"Paco S\u00e1nchez","@id":"https:\/\/arealorcaradio.es\/#\/schema\/person\/9fae605fc25b0f2c83c1ab207139bd27"},"headline":"El hospital Rafael M\u00e9ndez de Lorca desarrolla una t\u00e9cnica pionera en casos de cirug\u00eda abdominal compleja","datePublished":"2025-03-18T12:59:50+00:00","mainEntityOfPage":{"@id":"https:\/\/arealorcaradio.es\/index.php\/2025\/03\/18\/el-hospital-rafael-mendez-de-lorca-desarrolla-una-tecnica-pionera-en-casos-de-cirugia-abdominal-compleja\/"},"wordCount":675,"commentCount":0,"image":{"@id":"https:\/\/arealorcaradio.es\/index.php\/2025\/03\/18\/el-hospital-rafael-mendez-de-lorca-desarrolla-una-tecnica-pionera-en-casos-de-cirugia-abdominal-compleja\/#primaryimage"},"thumbnailUrl":"https:\/\/arealorcaradio.es\/wp-content\/uploads\/2025\/03\/20250318-Cirugia-Abdominal-Lorca-scaled.jpeg","articleSection":["ACTUALIDAD","LORCA"],"inLanguage":"es","potentialAction":[{"@type":"CommentAction","name":"Comment","target":["https:\/\/arealorcaradio.es\/index.php\/2025\/03\/18\/el-hospital-rafael-mendez-de-lorca-desarrolla-una-tecnica-pionera-en-casos-de-cirugia-abdominal-compleja\/#respond"]}]},{"@type":"WebPage","@id":"https:\/\/arealorcaradio.es\/index.php\/2025\/03\/18\/el-hospital-rafael-mendez-de-lorca-desarrolla-una-tecnica-pionera-en-casos-de-cirugia-abdominal-compleja\/","url":"https:\/\/arealorcaradio.es\/index.php\/2025\/03\/18\/el-hospital-rafael-mendez-de-lorca-desarrolla-una-tecnica-pionera-en-casos-de-cirugia-abdominal-compleja\/","name":"El hospital Rafael M\u00e9ndez de Lorca desarrolla una t\u00e9cnica pionera en casos de cirug\u00eda abdominal compleja - AREA LORCA RADIO","isPartOf":{"@id":"https:\/\/arealorcaradio.es\/#website"},"primaryImageOfPage":{"@id":"https:\/\/arealorcaradio.es\/index.php\/2025\/03\/18\/el-hospital-rafael-mendez-de-lorca-desarrolla-una-tecnica-pionera-en-casos-de-cirugia-abdominal-compleja\/#primaryimage"},"image":{"@id":"https:\/\/arealorcaradio.es\/index.php\/2025\/03\/18\/el-hospital-rafael-mendez-de-lorca-desarrolla-una-tecnica-pionera-en-casos-de-cirugia-abdominal-compleja\/#primaryimage"},"thumbnailUrl":"https:\/\/arealorcaradio.es\/wp-content\/uploads\/2025\/03\/20250318-Cirugia-Abdominal-Lorca-scaled.jpeg","datePublished":"2025-03-18T12:59:50+00:00","author":{"@id":"https:\/\/arealorcaradio.es\/#\/schema\/person\/9fae605fc25b0f2c83c1ab207139bd27"},"breadcrumb":{"@id":"https:\/\/arealorcaradio.es\/index.php\/2025\/03\/18\/el-hospital-rafael-mendez-de-lorca-desarrolla-una-tecnica-pionera-en-casos-de-cirugia-abdominal-compleja\/#breadcrumb"},"inLanguage":"es","potentialAction":[{"@type":"ReadAction","target":["https:\/\/arealorcaradio.es\/index.php\/2025\/03\/18\/el-hospital-rafael-mendez-de-lorca-desarrolla-una-tecnica-pionera-en-casos-de-cirugia-abdominal-compleja\/"]}]},{"@type":"ImageObject","inLanguage":"es","@id":"https:\/\/arealorcaradio.es\/index.php\/2025\/03\/18\/el-hospital-rafael-mendez-de-lorca-desarrolla-una-tecnica-pionera-en-casos-de-cirugia-abdominal-compleja\/#primaryimage","url":"https:\/\/arealorcaradio.es\/wp-content\/uploads\/2025\/03\/20250318-Cirugia-Abdominal-Lorca-scaled.jpeg","contentUrl":"https:\/\/arealorcaradio.es\/wp-content\/uploads\/2025\/03\/20250318-Cirugia-Abdominal-Lorca-scaled.jpeg","width":2560,"height":1920},{"@type":"BreadcrumbList","@id":"https:\/\/arealorcaradio.es\/index.php\/2025\/03\/18\/el-hospital-rafael-mendez-de-lorca-desarrolla-una-tecnica-pionera-en-casos-de-cirugia-abdominal-compleja\/#breadcrumb","itemListElement":[{"@type":"ListItem","position":1,"name":"Portada","item":"https:\/\/arealorcaradio.es\/"},{"@type":"ListItem","position":2,"name":"El hospital Rafael M\u00e9ndez de Lorca desarrolla una t\u00e9cnica pionera en casos de cirug\u00eda abdominal compleja"}]},{"@type":"WebSite","@id":"https:\/\/arealorcaradio.es\/#website","url":"https:\/\/arealorcaradio.es\/","name":"AREA LORCA RADIO","description":"Descubre la programaci\u00f3n actual en \u00c1rea Lorca Radio, tu fuente de entrenamiento y noticias locales. Sintoniza ahora y mantente conectado online.","potentialAction":[{"@type":"SearchAction","target":{"@type":"EntryPoint","urlTemplate":"https:\/\/arealorcaradio.es\/?s={search_term_string}"},"query-input":{"@type":"PropertyValueSpecification","valueRequired":true,"valueName":"search_term_string"}}],"inLanguage":"es"},{"@type":"Person","@id":"https:\/\/arealorcaradio.es\/#\/schema\/person\/9fae605fc25b0f2c83c1ab207139bd27","name":"Paco S\u00e1nchez","image":{"@type":"ImageObject","inLanguage":"es","@id":"https:\/\/secure.gravatar.com\/avatar\/d67144e966420fb74aa84c9f2a0103be4724fd14db52b52d3b6bca749f257e79?s=96&d=mm&r=g","url":"https:\/\/secure.gravatar.com\/avatar\/d67144e966420fb74aa84c9f2a0103be4724fd14db52b52d3b6bca749f257e79?s=96&d=mm&r=g","contentUrl":"https:\/\/secure.gravatar.com\/avatar\/d67144e966420fb74aa84c9f2a0103be4724fd14db52b52d3b6bca749f257e79?s=96&d=mm&r=g","caption":"Paco S\u00e1nchez"},"sameAs":["https:\/\/arealorcaradio.es"],"url":"https:\/\/arealorcaradio.es\/index.php\/author\/admin_alorcaradio\/"}]}},"_links":{"self":[{"href":"https:\/\/arealorcaradio.es\/index.php\/wp-json\/wp\/v2\/posts\/5950","targetHints":{"allow":["GET"]}}],"collection":[{"href":"https:\/\/arealorcaradio.es\/index.php\/wp-json\/wp\/v2\/posts"}],"about":[{"href":"https:\/\/arealorcaradio.es\/index.php\/wp-json\/wp\/v2\/types\/post"}],"author":[{"embeddable":true,"href":"https:\/\/arealorcaradio.es\/index.php\/wp-json\/wp\/v2\/users\/1"}],"replies":[{"embeddable":true,"href":"https:\/\/arealorcaradio.es\/index.php\/wp-json\/wp\/v2\/comments?post=5950"}],"version-history":[{"count":1,"href":"https:\/\/arealorcaradio.es\/index.php\/wp-json\/wp\/v2\/posts\/5950\/revisions"}],"predecessor-version":[{"id":5952,"href":"https:\/\/arealorcaradio.es\/index.php\/wp-json\/wp\/v2\/posts\/5950\/revisions\/5952"}],"wp:featuredmedia":[{"embeddable":true,"href":"https:\/\/arealorcaradio.es\/index.php\/wp-json\/wp\/v2\/media\/5951"}],"wp:attachment":[{"href":"https:\/\/arealorcaradio.es\/index.php\/wp-json\/wp\/v2\/media?parent=5950"}],"wp:term":[{"taxonomy":"category","embeddable":true,"href":"https:\/\/arealorcaradio.es\/index.php\/wp-json\/wp\/v2\/categories?post=5950"},{"taxonomy":"post_tag","embeddable":true,"href":"https:\/\/arealorcaradio.es\/index.php\/wp-json\/wp\/v2\/tags?post=5950"}],"curies":[{"name":"wp","href":"https:\/\/api.w.org\/{rel}","templated":true}]}}