{"id":5944,"date":"2025-03-18T12:55:33","date_gmt":"2025-03-18T12:55:33","guid":{"rendered":"https:\/\/arealorcaradio.es\/?p=5944"},"modified":"2025-03-18T12:55:33","modified_gmt":"2025-03-18T12:55:33","slug":"el-alcalde-de-lorca-coordina-un-operativo-especial-ante-el-aviso-naranja-por-lluvias-para-garantizar-la-seguridad-de-los-lorquinos","status":"publish","type":"post","link":"https:\/\/arealorcaradio.es\/index.php\/2025\/03\/18\/el-alcalde-de-lorca-coordina-un-operativo-especial-ante-el-aviso-naranja-por-lluvias-para-garantizar-la-seguridad-de-los-lorquinos\/","title":{"rendered":"El alcalde de Lorca coordina un operativo especial ante el aviso naranja por lluvias para garantizar la seguridad de los lorquinos"},"content":{"rendered":"<p><strong>\u00c1REA LORCA RADIO.<\/strong><\/p>\n<p class=\"v1MsoNormal\"><b>Lorca, 18 de marzo de 2025.<\/b>\u00a0El alcalde de Lorca, Fulgencio Gil J\u00f3dar, ha presidido una reuni\u00f3n de urgencia en la que han estado presentes los concejales y t\u00e9cnicos de las \u00e1reas municipales de Emergencias y Protecci\u00f3n Civil, Seguridad Ciudadana, Urbanismo, Desarrollo Local, Educaci\u00f3n, Parques y Jardines, Deportes, Pedan\u00edas, Servicios Sociales y Aguas para adoptar las medidas preventivas necesarias para garantizar la seguridad de los ciudadanos ante la activaci\u00f3n en el municipio del aviso naranja por lluvias, emitido por la Agencia Estatal de Meteorolog\u00eda (AEMET), hasta las 16 horas.<\/p>\n<p class=\"v1MsoNormal\"><img loading=\"lazy\" decoding=\"async\" class=\"alignnone size-medium wp-image-5946\" src=\"https:\/\/arealorcaradio.es\/wp-content\/uploads\/2025\/03\/FOTO1-3-300x225.jpeg\" alt=\"\" width=\"300\" height=\"225\" srcset=\"https:\/\/arealorcaradio.es\/wp-content\/uploads\/2025\/03\/FOTO1-3-300x225.jpeg 300w, https:\/\/arealorcaradio.es\/wp-content\/uploads\/2025\/03\/FOTO1-3-1024x768.jpeg 1024w, https:\/\/arealorcaradio.es\/wp-content\/uploads\/2025\/03\/FOTO1-3-768x576.jpeg 768w, https:\/\/arealorcaradio.es\/wp-content\/uploads\/2025\/03\/FOTO1-3-1536x1152.jpeg 1536w, https:\/\/arealorcaradio.es\/wp-content\/uploads\/2025\/03\/FOTO1-3-86x64.jpeg 86w, https:\/\/arealorcaradio.es\/wp-content\/uploads\/2025\/03\/FOTO1-3.jpeg 1600w\" sizes=\"auto, (max-width: 300px) 100vw, 300px\" \/><\/p>\n<p class=\"v1MsoNormal\">Previamente, el primer edil ha contactado con la alcaldesa de \u00c1guilas, Mar\u00eda del Carmen Moreno, para ofrecer apoyo personal y material por parte de los servicios municipales.<\/p>\n<p class=\"v1MsoNormal\">Cabe destacar el anuncio por parte de la Consejer\u00eda de Educaci\u00f3n, por el\u00a0<b>que se cancela totalmente la actividad escolar, en 15 municipios de la Regi\u00f3n, incluido Lorca, tanto lectiva como no lectiva, para los turnos vespertino y nocturno que inicien su actividad lectiva hoy a partir de las 15:00 y hasta las 23:59 horas.\u00a0 Esta suspensi\u00f3n ser\u00e1 de aplicaci\u00f3n para el alumnado, el personal docente y el personal no docente de los centros educativos de ense\u00f1anzas no universitarias.\u00a0<\/b><\/p>\n<p class=\"v1MsoNormal\">Ante la previsi\u00f3n por parte de la AEMET, que estima una precipitaci\u00f3n de 30 mm en 1 hora, finalizando la alerta naranja a las 17:59 horas de este martes, 18 de marzo, en el Valle del Guadalent\u00edn, Lorca y \u00c1guilas, el Ayuntamiento de Lorca ha decidido decretar una serie de medidas preventivas para garantizar la seguridad de todos los lorquinos, y se seguir\u00e1 de cerca la evoluci\u00f3n de la situaci\u00f3n para mantener en coordinaci\u00f3n todas las actuaciones necesarias.<\/p>\n<p class=\"v1MsoNormal\"><b><u>Entre las medidas adoptadas<\/u><\/b>, el Ayuntamiento informa del cierre de todas las instalaciones municipales, hasta que dure el aviso, a las 16 horas, con especial atenci\u00f3n a la evoluci\u00f3n. Hablamos de centros sociales y de d\u00eda, Universidad Popular, instalaciones deportivas al aire libre, etc. Se suspenden, de igual forma, las actividades al aire libre. Tambi\u00e9n permanecer\u00e1n cerrados parques, jardines y zonas verdes del municipio, as\u00ed como Las Alamedas.<\/p>\n<p class=\"v1MsoNormal\">Se refuerza el operativo de Polic\u00eda Local y del 112 en pedan\u00edas y rutas escolares presentes de todo el municipio para atender cualquier incidencia, habi\u00e9ndose movilizado equipos de maquinaria especializada para intervenir en posibles acumulaciones de agua y arrastres y en previsi\u00f3n de poder atender otras peticiones de otros municipios cercanos.<\/p>\n<p class=\"v1MsoNormal\">Se mantiene activado el Plan Inunlor en fase de emergencia, el cual conlleva la situaci\u00f3n de alerta para efectivos municipales de Emergencias, Polic\u00eda Local, Aguas de Lorca, entre otros, as\u00ed como los bomberos del Consorcio de Extinci\u00f3n de Incendios.<\/p>\n<p class=\"v1MsoNormal\">Desde el Ayuntamiento se solicita, en medida de lo posible, que los ciudadanos no utilicen el coche a no ser que ser\u00e1 estrictamente necesario. Si fuese necesario, se insiste tomar precauci\u00f3n en los desplazamientos en veh\u00edculos, circular preferentemente por carreteras principales y autov\u00edas. No acceder bajo ning\u00fan concepto a caminos o carreteras inundadas. Evitar estacionar, circular o cruzar cauces de ramblas con lluvia intensa o crecidas de nivel ya que en pocas horas se ha pasado de no tener alerta a estar en nivel naranja, lo que incrementa el riesgo de riadas y avenidas de agua. Respetar cortes de paso a cauces con vallas o cinta de balizar. En ning\u00fan caso retirar o modificar la se\u00f1alizaci\u00f3n. En caso de tormenta o tromba de agua, no bajar a garajes subterr\u00e1neos o plantas bajas.<\/p>\n<p class=\"v1MsoNormal\">Si se encuentra en su veh\u00edculo, no se debe aparcar en lugares que puedan inundarse, y cuando circule, no cruce lugares inundados; se debe prestar atenci\u00f3n a los corrimientos de tierra, socavones o sumideros; se debe saber d\u00f3nde se encuentran los lugares m\u00e1s altos y como llegar a ellos r\u00e1pidamente. Igualmente, se debe abandonar el coche si el agua empieza a subir de nivel en la carretera, si el veh\u00edculo se atasca, si al cruzar una corriente el agua est\u00e1 por encima del eje de las ruedas, cuando encuentre dificultades para abrir la puerta salga por las ventanillas.<\/p>\n<p class=\"v1MsoNormal\">Entre las medidas de prevenci\u00f3n, tambi\u00e9n se encuentran: retirar del exterior de la vivienda aquellos objetos que puedan ser arrastrados por el agua; revisar peri\u00f3dicamente tejados, alcantarillas y bajadas de agua; no estacionar veh\u00edculos ni acampar en cauces secos, ni a la orilla de r\u00edos, para evitar ser sorprendido por una s\u00fabita crecida de agua o por una riada.<\/p>\n<p class=\"v1MsoNormal\">Ante las posibles incidencias originadas por estas lluvias, desde el Consistorio y el Servicio Municipal de Emergencias piden a la poblaci\u00f3n que tengan en cuenta tanto las medidas de prevenci\u00f3n como las de autoprotecci\u00f3n, anteriormente facilitadas, con el objetivo de garantizar la seguridad de la ciudadan\u00eda. Del mismo modo, piden que sigan las indicaciones, tanto del 112 como del Ayuntamiento de Lorca a trav\u00e9s de la web <a href=\"http:\/\/www.lorca.es\/\" target=\"_blank\" rel=\"noopener noreferrer\">www.lorca.es<\/a>, redes sociales y mupis de la ciudad, y se mantengan informados, a trav\u00e9s de los medios de comunicaci\u00f3n, no hacer caso de posibles bulos, siguiendo \u00fanicamente sus indicaciones seg\u00fan la evoluci\u00f3n del nivel de alerta de las predicciones meteorol\u00f3gicas y el estado de la situaci\u00f3n.<\/p>\n","protected":false},"excerpt":{"rendered":"<p>\u00c1REA LORCA RADIO. Lorca, 18 de marzo de 2025.\u00a0El alcalde de Lorca, Fulgencio Gil J\u00f3dar, ha presidido una reuni\u00f3n de urgencia en la que han estado presentes los concejales y t\u00e9cnicos de las \u00e1reas municipales de Emergencias y Protecci\u00f3n Civil, Seguridad Ciudadana, Urbanismo, Desarrollo Local, Educaci\u00f3n, Parques y Jardines, Deportes, Pedan\u00edas, Servicios Sociales y Aguas [&hellip;]<\/p>\n","protected":false},"author":1,"featured_media":5945,"comment_status":"open","ping_status":"open","sticky":false,"template":"","format":"standard","meta":{"iawp_total_views":5,"footnotes":""},"categories":[5,7],"tags":[],"class_list":["post-5944","post","type-post","status-publish","format-standard","has-post-thumbnail","hentry","category-actualidad","category-lorca"],"yoast_head":"<!-- This site is optimized with the Yoast SEO plugin v27.5 - https:\/\/yoast.com\/product\/yoast-seo-wordpress\/ -->\n<title>El alcalde de Lorca coordina un operativo especial ante el aviso naranja por lluvias para garantizar la seguridad de los lorquinos - AREA LORCA RADIO<\/title>\n<meta name=\"robots\" content=\"index, follow, max-snippet:-1, max-image-preview:large, max-video-preview:-1\" \/>\n<link rel=\"canonical\" href=\"https:\/\/arealorcaradio.es\/index.php\/2025\/03\/18\/el-alcalde-de-lorca-coordina-un-operativo-especial-ante-el-aviso-naranja-por-lluvias-para-garantizar-la-seguridad-de-los-lorquinos\/\" \/>\n<meta property=\"og:locale\" content=\"es_ES\" \/>\n<meta property=\"og:type\" content=\"article\" \/>\n<meta property=\"og:title\" content=\"El alcalde de Lorca coordina un operativo especial ante el aviso naranja por lluvias para garantizar la seguridad de los lorquinos - AREA LORCA RADIO\" \/>\n<meta property=\"og:description\" content=\"\u00c1REA LORCA RADIO. Lorca, 18 de marzo de 2025.\u00a0El alcalde de Lorca, Fulgencio Gil J\u00f3dar, ha presidido una reuni\u00f3n de urgencia en la que han estado presentes los concejales y t\u00e9cnicos de las \u00e1reas municipales de Emergencias y Protecci\u00f3n Civil, Seguridad Ciudadana, Urbanismo, Desarrollo Local, Educaci\u00f3n, Parques y Jardines, Deportes, Pedan\u00edas, Servicios Sociales y Aguas [&hellip;]\" \/>\n<meta property=\"og:url\" content=\"https:\/\/arealorcaradio.es\/index.php\/2025\/03\/18\/el-alcalde-de-lorca-coordina-un-operativo-especial-ante-el-aviso-naranja-por-lluvias-para-garantizar-la-seguridad-de-los-lorquinos\/\" \/>\n<meta property=\"og:site_name\" content=\"AREA LORCA RADIO\" \/>\n<meta property=\"article:published_time\" content=\"2025-03-18T12:55:33+00:00\" \/>\n<meta property=\"og:image\" content=\"https:\/\/arealorcaradio.es\/wp-content\/uploads\/2025\/03\/FOTO2-1.jpeg\" \/>\n\t<meta property=\"og:image:width\" content=\"1600\" \/>\n\t<meta property=\"og:image:height\" content=\"1199\" \/>\n\t<meta property=\"og:image:type\" content=\"image\/jpeg\" \/>\n<meta name=\"author\" content=\"Paco S\u00e1nchez\" \/>\n<meta name=\"twitter:card\" content=\"summary_large_image\" \/>\n<meta name=\"twitter:label1\" content=\"Escrito por\" \/>\n\t<meta name=\"twitter:data1\" content=\"Paco S\u00e1nchez\" \/>\n\t<meta name=\"twitter:label2\" content=\"Tiempo de lectura\" \/>\n\t<meta name=\"twitter:data2\" content=\"5 minutos\" \/>\n<script type=\"application\/ld+json\" class=\"yoast-schema-graph\">{\"@context\":\"https:\\\/\\\/schema.org\",\"@graph\":[{\"@type\":\"Article\",\"@id\":\"https:\\\/\\\/arealorcaradio.es\\\/index.php\\\/2025\\\/03\\\/18\\\/el-alcalde-de-lorca-coordina-un-operativo-especial-ante-el-aviso-naranja-por-lluvias-para-garantizar-la-seguridad-de-los-lorquinos\\\/#article\",\"isPartOf\":{\"@id\":\"https:\\\/\\\/arealorcaradio.es\\\/index.php\\\/2025\\\/03\\\/18\\\/el-alcalde-de-lorca-coordina-un-operativo-especial-ante-el-aviso-naranja-por-lluvias-para-garantizar-la-seguridad-de-los-lorquinos\\\/\"},\"author\":{\"name\":\"Paco S\u00e1nchez\",\"@id\":\"https:\\\/\\\/arealorcaradio.es\\\/#\\\/schema\\\/person\\\/9fae605fc25b0f2c83c1ab207139bd27\"},\"headline\":\"El alcalde de Lorca coordina un operativo especial ante el aviso naranja por lluvias para garantizar la seguridad de los lorquinos\",\"datePublished\":\"2025-03-18T12:55:33+00:00\",\"mainEntityOfPage\":{\"@id\":\"https:\\\/\\\/arealorcaradio.es\\\/index.php\\\/2025\\\/03\\\/18\\\/el-alcalde-de-lorca-coordina-un-operativo-especial-ante-el-aviso-naranja-por-lluvias-para-garantizar-la-seguridad-de-los-lorquinos\\\/\"},\"wordCount\":910,\"commentCount\":0,\"image\":{\"@id\":\"https:\\\/\\\/arealorcaradio.es\\\/index.php\\\/2025\\\/03\\\/18\\\/el-alcalde-de-lorca-coordina-un-operativo-especial-ante-el-aviso-naranja-por-lluvias-para-garantizar-la-seguridad-de-los-lorquinos\\\/#primaryimage\"},\"thumbnailUrl\":\"https:\\\/\\\/arealorcaradio.es\\\/wp-content\\\/uploads\\\/2025\\\/03\\\/FOTO2-1.jpeg\",\"articleSection\":[\"ACTUALIDAD\",\"LORCA\"],\"inLanguage\":\"es\",\"potentialAction\":[{\"@type\":\"CommentAction\",\"name\":\"Comment\",\"target\":[\"https:\\\/\\\/arealorcaradio.es\\\/index.php\\\/2025\\\/03\\\/18\\\/el-alcalde-de-lorca-coordina-un-operativo-especial-ante-el-aviso-naranja-por-lluvias-para-garantizar-la-seguridad-de-los-lorquinos\\\/#respond\"]}]},{\"@type\":\"WebPage\",\"@id\":\"https:\\\/\\\/arealorcaradio.es\\\/index.php\\\/2025\\\/03\\\/18\\\/el-alcalde-de-lorca-coordina-un-operativo-especial-ante-el-aviso-naranja-por-lluvias-para-garantizar-la-seguridad-de-los-lorquinos\\\/\",\"url\":\"https:\\\/\\\/arealorcaradio.es\\\/index.php\\\/2025\\\/03\\\/18\\\/el-alcalde-de-lorca-coordina-un-operativo-especial-ante-el-aviso-naranja-por-lluvias-para-garantizar-la-seguridad-de-los-lorquinos\\\/\",\"name\":\"El alcalde de Lorca coordina un operativo especial ante el aviso naranja por lluvias para garantizar la seguridad de los lorquinos - AREA LORCA RADIO\",\"isPartOf\":{\"@id\":\"https:\\\/\\\/arealorcaradio.es\\\/#website\"},\"primaryImageOfPage\":{\"@id\":\"https:\\\/\\\/arealorcaradio.es\\\/index.php\\\/2025\\\/03\\\/18\\\/el-alcalde-de-lorca-coordina-un-operativo-especial-ante-el-aviso-naranja-por-lluvias-para-garantizar-la-seguridad-de-los-lorquinos\\\/#primaryimage\"},\"image\":{\"@id\":\"https:\\\/\\\/arealorcaradio.es\\\/index.php\\\/2025\\\/03\\\/18\\\/el-alcalde-de-lorca-coordina-un-operativo-especial-ante-el-aviso-naranja-por-lluvias-para-garantizar-la-seguridad-de-los-lorquinos\\\/#primaryimage\"},\"thumbnailUrl\":\"https:\\\/\\\/arealorcaradio.es\\\/wp-content\\\/uploads\\\/2025\\\/03\\\/FOTO2-1.jpeg\",\"datePublished\":\"2025-03-18T12:55:33+00:00\",\"author\":{\"@id\":\"https:\\\/\\\/arealorcaradio.es\\\/#\\\/schema\\\/person\\\/9fae605fc25b0f2c83c1ab207139bd27\"},\"breadcrumb\":{\"@id\":\"https:\\\/\\\/arealorcaradio.es\\\/index.php\\\/2025\\\/03\\\/18\\\/el-alcalde-de-lorca-coordina-un-operativo-especial-ante-el-aviso-naranja-por-lluvias-para-garantizar-la-seguridad-de-los-lorquinos\\\/#breadcrumb\"},\"inLanguage\":\"es\",\"potentialAction\":[{\"@type\":\"ReadAction\",\"target\":[\"https:\\\/\\\/arealorcaradio.es\\\/index.php\\\/2025\\\/03\\\/18\\\/el-alcalde-de-lorca-coordina-un-operativo-especial-ante-el-aviso-naranja-por-lluvias-para-garantizar-la-seguridad-de-los-lorquinos\\\/\"]}]},{\"@type\":\"ImageObject\",\"inLanguage\":\"es\",\"@id\":\"https:\\\/\\\/arealorcaradio.es\\\/index.php\\\/2025\\\/03\\\/18\\\/el-alcalde-de-lorca-coordina-un-operativo-especial-ante-el-aviso-naranja-por-lluvias-para-garantizar-la-seguridad-de-los-lorquinos\\\/#primaryimage\",\"url\":\"https:\\\/\\\/arealorcaradio.es\\\/wp-content\\\/uploads\\\/2025\\\/03\\\/FOTO2-1.jpeg\",\"contentUrl\":\"https:\\\/\\\/arealorcaradio.es\\\/wp-content\\\/uploads\\\/2025\\\/03\\\/FOTO2-1.jpeg\",\"width\":1600,\"height\":1199},{\"@type\":\"BreadcrumbList\",\"@id\":\"https:\\\/\\\/arealorcaradio.es\\\/index.php\\\/2025\\\/03\\\/18\\\/el-alcalde-de-lorca-coordina-un-operativo-especial-ante-el-aviso-naranja-por-lluvias-para-garantizar-la-seguridad-de-los-lorquinos\\\/#breadcrumb\",\"itemListElement\":[{\"@type\":\"ListItem\",\"position\":1,\"name\":\"Portada\",\"item\":\"https:\\\/\\\/arealorcaradio.es\\\/\"},{\"@type\":\"ListItem\",\"position\":2,\"name\":\"El alcalde de Lorca coordina un operativo especial ante el aviso naranja por lluvias para garantizar la seguridad de los lorquinos\"}]},{\"@type\":\"WebSite\",\"@id\":\"https:\\\/\\\/arealorcaradio.es\\\/#website\",\"url\":\"https:\\\/\\\/arealorcaradio.es\\\/\",\"name\":\"AREA LORCA RADIO\",\"description\":\"Descubre la programaci\u00f3n actual en \u00c1rea Lorca Radio, tu fuente de entrenamiento y noticias locales. Sintoniza ahora y mantente conectado online.\",\"potentialAction\":[{\"@type\":\"SearchAction\",\"target\":{\"@type\":\"EntryPoint\",\"urlTemplate\":\"https:\\\/\\\/arealorcaradio.es\\\/?s={search_term_string}\"},\"query-input\":{\"@type\":\"PropertyValueSpecification\",\"valueRequired\":true,\"valueName\":\"search_term_string\"}}],\"inLanguage\":\"es\"},{\"@type\":\"Person\",\"@id\":\"https:\\\/\\\/arealorcaradio.es\\\/#\\\/schema\\\/person\\\/9fae605fc25b0f2c83c1ab207139bd27\",\"name\":\"Paco S\u00e1nchez\",\"image\":{\"@type\":\"ImageObject\",\"inLanguage\":\"es\",\"@id\":\"https:\\\/\\\/secure.gravatar.com\\\/avatar\\\/d67144e966420fb74aa84c9f2a0103be4724fd14db52b52d3b6bca749f257e79?s=96&d=mm&r=g\",\"url\":\"https:\\\/\\\/secure.gravatar.com\\\/avatar\\\/d67144e966420fb74aa84c9f2a0103be4724fd14db52b52d3b6bca749f257e79?s=96&d=mm&r=g\",\"contentUrl\":\"https:\\\/\\\/secure.gravatar.com\\\/avatar\\\/d67144e966420fb74aa84c9f2a0103be4724fd14db52b52d3b6bca749f257e79?s=96&d=mm&r=g\",\"caption\":\"Paco S\u00e1nchez\"},\"sameAs\":[\"https:\\\/\\\/arealorcaradio.es\"],\"url\":\"https:\\\/\\\/arealorcaradio.es\\\/index.php\\\/author\\\/admin_alorcaradio\\\/\"}]}<\/script>\n<!-- \/ Yoast SEO plugin. -->","yoast_head_json":{"title":"El alcalde de Lorca coordina un operativo especial ante el aviso naranja por lluvias para garantizar la seguridad de los lorquinos - AREA LORCA RADIO","robots":{"index":"index","follow":"follow","max-snippet":"max-snippet:-1","max-image-preview":"max-image-preview:large","max-video-preview":"max-video-preview:-1"},"canonical":"https:\/\/arealorcaradio.es\/index.php\/2025\/03\/18\/el-alcalde-de-lorca-coordina-un-operativo-especial-ante-el-aviso-naranja-por-lluvias-para-garantizar-la-seguridad-de-los-lorquinos\/","og_locale":"es_ES","og_type":"article","og_title":"El alcalde de Lorca coordina un operativo especial ante el aviso naranja por lluvias para garantizar la seguridad de los lorquinos - AREA LORCA RADIO","og_description":"\u00c1REA LORCA RADIO. Lorca, 18 de marzo de 2025.\u00a0El alcalde de Lorca, Fulgencio Gil J\u00f3dar, ha presidido una reuni\u00f3n de urgencia en la que han estado presentes los concejales y t\u00e9cnicos de las \u00e1reas municipales de Emergencias y Protecci\u00f3n Civil, Seguridad Ciudadana, Urbanismo, Desarrollo Local, Educaci\u00f3n, Parques y Jardines, Deportes, Pedan\u00edas, Servicios Sociales y Aguas [&hellip;]","og_url":"https:\/\/arealorcaradio.es\/index.php\/2025\/03\/18\/el-alcalde-de-lorca-coordina-un-operativo-especial-ante-el-aviso-naranja-por-lluvias-para-garantizar-la-seguridad-de-los-lorquinos\/","og_site_name":"AREA LORCA RADIO","article_published_time":"2025-03-18T12:55:33+00:00","og_image":[{"width":1600,"height":1199,"url":"https:\/\/arealorcaradio.es\/wp-content\/uploads\/2025\/03\/FOTO2-1.jpeg","type":"image\/jpeg"}],"author":"Paco S\u00e1nchez","twitter_card":"summary_large_image","twitter_misc":{"Escrito por":"Paco S\u00e1nchez","Tiempo de lectura":"5 minutos"},"schema":{"@context":"https:\/\/schema.org","@graph":[{"@type":"Article","@id":"https:\/\/arealorcaradio.es\/index.php\/2025\/03\/18\/el-alcalde-de-lorca-coordina-un-operativo-especial-ante-el-aviso-naranja-por-lluvias-para-garantizar-la-seguridad-de-los-lorquinos\/#article","isPartOf":{"@id":"https:\/\/arealorcaradio.es\/index.php\/2025\/03\/18\/el-alcalde-de-lorca-coordina-un-operativo-especial-ante-el-aviso-naranja-por-lluvias-para-garantizar-la-seguridad-de-los-lorquinos\/"},"author":{"name":"Paco S\u00e1nchez","@id":"https:\/\/arealorcaradio.es\/#\/schema\/person\/9fae605fc25b0f2c83c1ab207139bd27"},"headline":"El alcalde de Lorca coordina un operativo especial ante el aviso naranja por lluvias para garantizar la seguridad de los lorquinos","datePublished":"2025-03-18T12:55:33+00:00","mainEntityOfPage":{"@id":"https:\/\/arealorcaradio.es\/index.php\/2025\/03\/18\/el-alcalde-de-lorca-coordina-un-operativo-especial-ante-el-aviso-naranja-por-lluvias-para-garantizar-la-seguridad-de-los-lorquinos\/"},"wordCount":910,"commentCount":0,"image":{"@id":"https:\/\/arealorcaradio.es\/index.php\/2025\/03\/18\/el-alcalde-de-lorca-coordina-un-operativo-especial-ante-el-aviso-naranja-por-lluvias-para-garantizar-la-seguridad-de-los-lorquinos\/#primaryimage"},"thumbnailUrl":"https:\/\/arealorcaradio.es\/wp-content\/uploads\/2025\/03\/FOTO2-1.jpeg","articleSection":["ACTUALIDAD","LORCA"],"inLanguage":"es","potentialAction":[{"@type":"CommentAction","name":"Comment","target":["https:\/\/arealorcaradio.es\/index.php\/2025\/03\/18\/el-alcalde-de-lorca-coordina-un-operativo-especial-ante-el-aviso-naranja-por-lluvias-para-garantizar-la-seguridad-de-los-lorquinos\/#respond"]}]},{"@type":"WebPage","@id":"https:\/\/arealorcaradio.es\/index.php\/2025\/03\/18\/el-alcalde-de-lorca-coordina-un-operativo-especial-ante-el-aviso-naranja-por-lluvias-para-garantizar-la-seguridad-de-los-lorquinos\/","url":"https:\/\/arealorcaradio.es\/index.php\/2025\/03\/18\/el-alcalde-de-lorca-coordina-un-operativo-especial-ante-el-aviso-naranja-por-lluvias-para-garantizar-la-seguridad-de-los-lorquinos\/","name":"El alcalde de Lorca coordina un operativo especial ante el aviso naranja por lluvias para garantizar la seguridad de los lorquinos - AREA LORCA RADIO","isPartOf":{"@id":"https:\/\/arealorcaradio.es\/#website"},"primaryImageOfPage":{"@id":"https:\/\/arealorcaradio.es\/index.php\/2025\/03\/18\/el-alcalde-de-lorca-coordina-un-operativo-especial-ante-el-aviso-naranja-por-lluvias-para-garantizar-la-seguridad-de-los-lorquinos\/#primaryimage"},"image":{"@id":"https:\/\/arealorcaradio.es\/index.php\/2025\/03\/18\/el-alcalde-de-lorca-coordina-un-operativo-especial-ante-el-aviso-naranja-por-lluvias-para-garantizar-la-seguridad-de-los-lorquinos\/#primaryimage"},"thumbnailUrl":"https:\/\/arealorcaradio.es\/wp-content\/uploads\/2025\/03\/FOTO2-1.jpeg","datePublished":"2025-03-18T12:55:33+00:00","author":{"@id":"https:\/\/arealorcaradio.es\/#\/schema\/person\/9fae605fc25b0f2c83c1ab207139bd27"},"breadcrumb":{"@id":"https:\/\/arealorcaradio.es\/index.php\/2025\/03\/18\/el-alcalde-de-lorca-coordina-un-operativo-especial-ante-el-aviso-naranja-por-lluvias-para-garantizar-la-seguridad-de-los-lorquinos\/#breadcrumb"},"inLanguage":"es","potentialAction":[{"@type":"ReadAction","target":["https:\/\/arealorcaradio.es\/index.php\/2025\/03\/18\/el-alcalde-de-lorca-coordina-un-operativo-especial-ante-el-aviso-naranja-por-lluvias-para-garantizar-la-seguridad-de-los-lorquinos\/"]}]},{"@type":"ImageObject","inLanguage":"es","@id":"https:\/\/arealorcaradio.es\/index.php\/2025\/03\/18\/el-alcalde-de-lorca-coordina-un-operativo-especial-ante-el-aviso-naranja-por-lluvias-para-garantizar-la-seguridad-de-los-lorquinos\/#primaryimage","url":"https:\/\/arealorcaradio.es\/wp-content\/uploads\/2025\/03\/FOTO2-1.jpeg","contentUrl":"https:\/\/arealorcaradio.es\/wp-content\/uploads\/2025\/03\/FOTO2-1.jpeg","width":1600,"height":1199},{"@type":"BreadcrumbList","@id":"https:\/\/arealorcaradio.es\/index.php\/2025\/03\/18\/el-alcalde-de-lorca-coordina-un-operativo-especial-ante-el-aviso-naranja-por-lluvias-para-garantizar-la-seguridad-de-los-lorquinos\/#breadcrumb","itemListElement":[{"@type":"ListItem","position":1,"name":"Portada","item":"https:\/\/arealorcaradio.es\/"},{"@type":"ListItem","position":2,"name":"El alcalde de Lorca coordina un operativo especial ante el aviso naranja por lluvias para garantizar la seguridad de los lorquinos"}]},{"@type":"WebSite","@id":"https:\/\/arealorcaradio.es\/#website","url":"https:\/\/arealorcaradio.es\/","name":"AREA LORCA RADIO","description":"Descubre la programaci\u00f3n actual en \u00c1rea Lorca Radio, tu fuente de entrenamiento y noticias locales. Sintoniza ahora y mantente conectado online.","potentialAction":[{"@type":"SearchAction","target":{"@type":"EntryPoint","urlTemplate":"https:\/\/arealorcaradio.es\/?s={search_term_string}"},"query-input":{"@type":"PropertyValueSpecification","valueRequired":true,"valueName":"search_term_string"}}],"inLanguage":"es"},{"@type":"Person","@id":"https:\/\/arealorcaradio.es\/#\/schema\/person\/9fae605fc25b0f2c83c1ab207139bd27","name":"Paco S\u00e1nchez","image":{"@type":"ImageObject","inLanguage":"es","@id":"https:\/\/secure.gravatar.com\/avatar\/d67144e966420fb74aa84c9f2a0103be4724fd14db52b52d3b6bca749f257e79?s=96&d=mm&r=g","url":"https:\/\/secure.gravatar.com\/avatar\/d67144e966420fb74aa84c9f2a0103be4724fd14db52b52d3b6bca749f257e79?s=96&d=mm&r=g","contentUrl":"https:\/\/secure.gravatar.com\/avatar\/d67144e966420fb74aa84c9f2a0103be4724fd14db52b52d3b6bca749f257e79?s=96&d=mm&r=g","caption":"Paco S\u00e1nchez"},"sameAs":["https:\/\/arealorcaradio.es"],"url":"https:\/\/arealorcaradio.es\/index.php\/author\/admin_alorcaradio\/"}]}},"_links":{"self":[{"href":"https:\/\/arealorcaradio.es\/index.php\/wp-json\/wp\/v2\/posts\/5944","targetHints":{"allow":["GET"]}}],"collection":[{"href":"https:\/\/arealorcaradio.es\/index.php\/wp-json\/wp\/v2\/posts"}],"about":[{"href":"https:\/\/arealorcaradio.es\/index.php\/wp-json\/wp\/v2\/types\/post"}],"author":[{"embeddable":true,"href":"https:\/\/arealorcaradio.es\/index.php\/wp-json\/wp\/v2\/users\/1"}],"replies":[{"embeddable":true,"href":"https:\/\/arealorcaradio.es\/index.php\/wp-json\/wp\/v2\/comments?post=5944"}],"version-history":[{"count":1,"href":"https:\/\/arealorcaradio.es\/index.php\/wp-json\/wp\/v2\/posts\/5944\/revisions"}],"predecessor-version":[{"id":5947,"href":"https:\/\/arealorcaradio.es\/index.php\/wp-json\/wp\/v2\/posts\/5944\/revisions\/5947"}],"wp:featuredmedia":[{"embeddable":true,"href":"https:\/\/arealorcaradio.es\/index.php\/wp-json\/wp\/v2\/media\/5945"}],"wp:attachment":[{"href":"https:\/\/arealorcaradio.es\/index.php\/wp-json\/wp\/v2\/media?parent=5944"}],"wp:term":[{"taxonomy":"category","embeddable":true,"href":"https:\/\/arealorcaradio.es\/index.php\/wp-json\/wp\/v2\/categories?post=5944"},{"taxonomy":"post_tag","embeddable":true,"href":"https:\/\/arealorcaradio.es\/index.php\/wp-json\/wp\/v2\/tags?post=5944"}],"curies":[{"name":"wp","href":"https:\/\/api.w.org\/{rel}","templated":true}]}}