{"id":5927,"date":"2025-03-13T17:53:25","date_gmt":"2025-03-13T17:53:25","guid":{"rendered":"https:\/\/arealorcaradio.es\/?p=5927"},"modified":"2025-03-13T17:53:25","modified_gmt":"2025-03-13T17:53:25","slug":"la-real-hermandad-virgen-de-las-huertas-prepara-con-gran-devocion-la-misa-solemne-y-besapies-al-santisimo-cristo-de-la-agonia","status":"publish","type":"post","link":"https:\/\/arealorcaradio.es\/index.php\/2025\/03\/13\/la-real-hermandad-virgen-de-las-huertas-prepara-con-gran-devocion-la-misa-solemne-y-besapies-al-santisimo-cristo-de-la-agonia\/","title":{"rendered":"La Real Hermandad Virgen de las Huertas prepara con gran devoci\u00f3n la Misa solemne y Besapi\u00e9s al Sant\u00edsimo Cristo de la Agon\u00eda"},"content":{"rendered":"<p><strong>\u00c1REA LORCA RADIO. Tradiciones.<\/strong><\/p>\n<p>La Real Hermandad Virgen de las Huertas prepara con gran devoci\u00f3n la Misa solemne y Besapi\u00e9s al Sant\u00edsimo Cristo de la Agon\u00eda. Este acto, que se llevar\u00e1 a cabo en el Santuario Patronal el pr\u00f3ximo s\u00e1bado 15 de marzo a las 18:00 horas.<\/p>\n<p>Escucha aqu\u00ed la entrevista que ha concedido el presidente de la Real Hermandad Virgen de las Huertas, Pedro Mill\u00e1n a Paco S\u00e1nchez en el programa magazine de \u00c1rea Lorca Radio.<\/p>\n<audio class=\"wp-audio-shortcode\" id=\"audio-5927-1\" preload=\"none\" style=\"width: 100%;\" controls=\"controls\"><source type=\"audio\/mpeg\" src=\"https:\/\/arealorcaradio.es\/wp-content\/uploads\/2025\/03\/130325-PEDRO-MILLAN.-PRESID.-HDAD-VIRGEN-HUERTAS.mp3?_=1\" \/><a href=\"https:\/\/arealorcaradio.es\/wp-content\/uploads\/2025\/03\/130325-PEDRO-MILLAN.-PRESID.-HDAD-VIRGEN-HUERTAS.mp3\">https:\/\/arealorcaradio.es\/wp-content\/uploads\/2025\/03\/130325-PEDRO-MILLAN.-PRESID.-HDAD-VIRGEN-HUERTAS.mp3<\/a><\/audio>\n<p><img loading=\"lazy\" decoding=\"async\" class=\"alignnone size-medium wp-image-5932\" src=\"https:\/\/arealorcaradio.es\/wp-content\/uploads\/2025\/03\/20250313_171151-300x225.jpg\" alt=\"\" width=\"300\" height=\"225\" srcset=\"https:\/\/arealorcaradio.es\/wp-content\/uploads\/2025\/03\/20250313_171151-300x225.jpg 300w, https:\/\/arealorcaradio.es\/wp-content\/uploads\/2025\/03\/20250313_171151-1024x768.jpg 1024w, https:\/\/arealorcaradio.es\/wp-content\/uploads\/2025\/03\/20250313_171151-768x576.jpg 768w, https:\/\/arealorcaradio.es\/wp-content\/uploads\/2025\/03\/20250313_171151-1536x1152.jpg 1536w, https:\/\/arealorcaradio.es\/wp-content\/uploads\/2025\/03\/20250313_171151-2048x1536.jpg 2048w, https:\/\/arealorcaradio.es\/wp-content\/uploads\/2025\/03\/20250313_171151-86x64.jpg 86w\" sizes=\"auto, (max-width: 300px) 100vw, 300px\" \/><\/p>\n<p>La jornada dar\u00e1 inicio con una Misa solemne, un momento de oraci\u00f3n y reflexi\u00f3n que invita a los asistentes a meditar sobre el significado del Misterio de la crucifixi\u00f3n y muerte de Jes\u00fas, representado en el Santuario Patronal por el Sant\u00edsimo Cristo de la Agon\u00eda, obra de Carri\u00f3n Valverde (1950).<\/p>\n<p>Durante la ceremonia, los costaleros del Sant\u00edsimo Cristo de la Agon\u00eda trasladar\u00e1n la sagrada imagen desde su ubicaci\u00f3n habitual hasta el altar mayor, donde se proceder\u00e1 al solemne Besapi\u00e9s.<\/p>\n<p>Antes de la finalizaci\u00f3n de la Misa, el Cristo ser\u00e1 trasladado de nuevo a su capilla, al frente de la imagen de la Patrona. La celebraci\u00f3n ser\u00e1 amenizada por un coro l\u00edrico y contar\u00e1 con la participaci\u00f3n de los hermanos de la hermandad de la Virgen de las Huertas, que viven la cuaresma cerca de Cristo como el tiempo de preparaci\u00f3n para la Semana Santa.<\/p>\n<p><img loading=\"lazy\" decoding=\"async\" class=\"alignnone size-medium wp-image-5931\" src=\"https:\/\/arealorcaradio.es\/wp-content\/uploads\/2025\/03\/WhatsApp-Image-2025-03-09-at-11.35.22-212x300.jpeg\" alt=\"\" width=\"212\" height=\"300\" srcset=\"https:\/\/arealorcaradio.es\/wp-content\/uploads\/2025\/03\/WhatsApp-Image-2025-03-09-at-11.35.22-212x300.jpeg 212w, https:\/\/arealorcaradio.es\/wp-content\/uploads\/2025\/03\/WhatsApp-Image-2025-03-09-at-11.35.22-724x1024.jpeg 724w, https:\/\/arealorcaradio.es\/wp-content\/uploads\/2025\/03\/WhatsApp-Image-2025-03-09-at-11.35.22-768x1087.jpeg 768w, https:\/\/arealorcaradio.es\/wp-content\/uploads\/2025\/03\/WhatsApp-Image-2025-03-09-at-11.35.22-1085x1536.jpeg 1085w, https:\/\/arealorcaradio.es\/wp-content\/uploads\/2025\/03\/WhatsApp-Image-2025-03-09-at-11.35.22.jpeg 1447w\" sizes=\"auto, (max-width: 212px) 100vw, 212px\" \/><\/p>\n","protected":false},"excerpt":{"rendered":"<p>\u00c1REA LORCA RADIO. Tradiciones. La Real Hermandad Virgen de las Huertas prepara con gran devoci\u00f3n la Misa solemne y Besapi\u00e9s al Sant\u00edsimo Cristo de la Agon\u00eda. Este acto, que se llevar\u00e1 a cabo en el Santuario Patronal el pr\u00f3ximo s\u00e1bado 15 de marzo a las 18:00 horas. Escucha aqu\u00ed la entrevista que ha concedido el [&hellip;]<\/p>\n","protected":false},"author":1,"featured_media":5929,"comment_status":"open","ping_status":"open","sticky":false,"template":"","format":"standard","meta":{"iawp_total_views":191,"footnotes":""},"categories":[5,7],"tags":[],"class_list":["post-5927","post","type-post","status-publish","format-standard","has-post-thumbnail","hentry","category-actualidad","category-lorca"],"yoast_head":"<!-- This site is optimized with the Yoast SEO plugin v27.5 - https:\/\/yoast.com\/product\/yoast-seo-wordpress\/ -->\n<title>La Real Hermandad Virgen de las Huertas prepara con gran devoci\u00f3n la Misa solemne y Besapi\u00e9s al Sant\u00edsimo Cristo de la Agon\u00eda - AREA LORCA RADIO<\/title>\n<meta name=\"robots\" content=\"index, follow, max-snippet:-1, max-image-preview:large, max-video-preview:-1\" \/>\n<link rel=\"canonical\" href=\"https:\/\/arealorcaradio.es\/index.php\/2025\/03\/13\/la-real-hermandad-virgen-de-las-huertas-prepara-con-gran-devocion-la-misa-solemne-y-besapies-al-santisimo-cristo-de-la-agonia\/\" \/>\n<meta property=\"og:locale\" content=\"es_ES\" \/>\n<meta property=\"og:type\" content=\"article\" \/>\n<meta property=\"og:title\" content=\"La Real Hermandad Virgen de las Huertas prepara con gran devoci\u00f3n la Misa solemne y Besapi\u00e9s al Sant\u00edsimo Cristo de la Agon\u00eda - AREA LORCA RADIO\" \/>\n<meta property=\"og:description\" content=\"\u00c1REA LORCA RADIO. Tradiciones. La Real Hermandad Virgen de las Huertas prepara con gran devoci\u00f3n la Misa solemne y Besapi\u00e9s al Sant\u00edsimo Cristo de la Agon\u00eda. Este acto, que se llevar\u00e1 a cabo en el Santuario Patronal el pr\u00f3ximo s\u00e1bado 15 de marzo a las 18:00 horas. Escucha aqu\u00ed la entrevista que ha concedido el [&hellip;]\" \/>\n<meta property=\"og:url\" content=\"https:\/\/arealorcaradio.es\/index.php\/2025\/03\/13\/la-real-hermandad-virgen-de-las-huertas-prepara-con-gran-devocion-la-misa-solemne-y-besapies-al-santisimo-cristo-de-la-agonia\/\" \/>\n<meta property=\"og:site_name\" content=\"AREA LORCA RADIO\" \/>\n<meta property=\"article:published_time\" content=\"2025-03-13T17:53:25+00:00\" \/>\n<meta property=\"og:image\" content=\"https:\/\/arealorcaradio.es\/wp-content\/uploads\/2025\/03\/20250313_171119-scaled.jpg\" \/>\n\t<meta property=\"og:image:width\" content=\"2560\" \/>\n\t<meta property=\"og:image:height\" content=\"1920\" \/>\n\t<meta property=\"og:image:type\" content=\"image\/jpeg\" \/>\n<meta name=\"author\" content=\"Paco S\u00e1nchez\" \/>\n<meta name=\"twitter:card\" content=\"summary_large_image\" \/>\n<meta name=\"twitter:label1\" content=\"Escrito por\" \/>\n\t<meta name=\"twitter:data1\" content=\"Paco S\u00e1nchez\" \/>\n\t<meta name=\"twitter:label2\" content=\"Tiempo de lectura\" \/>\n\t<meta name=\"twitter:data2\" content=\"2 minutos\" \/>\n<script type=\"application\/ld+json\" class=\"yoast-schema-graph\">{\"@context\":\"https:\\\/\\\/schema.org\",\"@graph\":[{\"@type\":\"Article\",\"@id\":\"https:\\\/\\\/arealorcaradio.es\\\/index.php\\\/2025\\\/03\\\/13\\\/la-real-hermandad-virgen-de-las-huertas-prepara-con-gran-devocion-la-misa-solemne-y-besapies-al-santisimo-cristo-de-la-agonia\\\/#article\",\"isPartOf\":{\"@id\":\"https:\\\/\\\/arealorcaradio.es\\\/index.php\\\/2025\\\/03\\\/13\\\/la-real-hermandad-virgen-de-las-huertas-prepara-con-gran-devocion-la-misa-solemne-y-besapies-al-santisimo-cristo-de-la-agonia\\\/\"},\"author\":{\"name\":\"Paco S\u00e1nchez\",\"@id\":\"https:\\\/\\\/arealorcaradio.es\\\/#\\\/schema\\\/person\\\/9fae605fc25b0f2c83c1ab207139bd27\"},\"headline\":\"La Real Hermandad Virgen de las Huertas prepara con gran devoci\u00f3n la Misa solemne y Besapi\u00e9s al Sant\u00edsimo Cristo de la Agon\u00eda\",\"datePublished\":\"2025-03-13T17:53:25+00:00\",\"mainEntityOfPage\":{\"@id\":\"https:\\\/\\\/arealorcaradio.es\\\/index.php\\\/2025\\\/03\\\/13\\\/la-real-hermandad-virgen-de-las-huertas-prepara-con-gran-devocion-la-misa-solemne-y-besapies-al-santisimo-cristo-de-la-agonia\\\/\"},\"wordCount\":281,\"commentCount\":0,\"image\":{\"@id\":\"https:\\\/\\\/arealorcaradio.es\\\/index.php\\\/2025\\\/03\\\/13\\\/la-real-hermandad-virgen-de-las-huertas-prepara-con-gran-devocion-la-misa-solemne-y-besapies-al-santisimo-cristo-de-la-agonia\\\/#primaryimage\"},\"thumbnailUrl\":\"https:\\\/\\\/arealorcaradio.es\\\/wp-content\\\/uploads\\\/2025\\\/03\\\/20250313_171119-scaled.jpg\",\"articleSection\":[\"ACTUALIDAD\",\"LORCA\"],\"inLanguage\":\"es\",\"potentialAction\":[{\"@type\":\"CommentAction\",\"name\":\"Comment\",\"target\":[\"https:\\\/\\\/arealorcaradio.es\\\/index.php\\\/2025\\\/03\\\/13\\\/la-real-hermandad-virgen-de-las-huertas-prepara-con-gran-devocion-la-misa-solemne-y-besapies-al-santisimo-cristo-de-la-agonia\\\/#respond\"]}]},{\"@type\":\"WebPage\",\"@id\":\"https:\\\/\\\/arealorcaradio.es\\\/index.php\\\/2025\\\/03\\\/13\\\/la-real-hermandad-virgen-de-las-huertas-prepara-con-gran-devocion-la-misa-solemne-y-besapies-al-santisimo-cristo-de-la-agonia\\\/\",\"url\":\"https:\\\/\\\/arealorcaradio.es\\\/index.php\\\/2025\\\/03\\\/13\\\/la-real-hermandad-virgen-de-las-huertas-prepara-con-gran-devocion-la-misa-solemne-y-besapies-al-santisimo-cristo-de-la-agonia\\\/\",\"name\":\"La Real Hermandad Virgen de las Huertas prepara con gran devoci\u00f3n la Misa solemne y Besapi\u00e9s al Sant\u00edsimo Cristo de la Agon\u00eda - AREA LORCA RADIO\",\"isPartOf\":{\"@id\":\"https:\\\/\\\/arealorcaradio.es\\\/#website\"},\"primaryImageOfPage\":{\"@id\":\"https:\\\/\\\/arealorcaradio.es\\\/index.php\\\/2025\\\/03\\\/13\\\/la-real-hermandad-virgen-de-las-huertas-prepara-con-gran-devocion-la-misa-solemne-y-besapies-al-santisimo-cristo-de-la-agonia\\\/#primaryimage\"},\"image\":{\"@id\":\"https:\\\/\\\/arealorcaradio.es\\\/index.php\\\/2025\\\/03\\\/13\\\/la-real-hermandad-virgen-de-las-huertas-prepara-con-gran-devocion-la-misa-solemne-y-besapies-al-santisimo-cristo-de-la-agonia\\\/#primaryimage\"},\"thumbnailUrl\":\"https:\\\/\\\/arealorcaradio.es\\\/wp-content\\\/uploads\\\/2025\\\/03\\\/20250313_171119-scaled.jpg\",\"datePublished\":\"2025-03-13T17:53:25+00:00\",\"author\":{\"@id\":\"https:\\\/\\\/arealorcaradio.es\\\/#\\\/schema\\\/person\\\/9fae605fc25b0f2c83c1ab207139bd27\"},\"breadcrumb\":{\"@id\":\"https:\\\/\\\/arealorcaradio.es\\\/index.php\\\/2025\\\/03\\\/13\\\/la-real-hermandad-virgen-de-las-huertas-prepara-con-gran-devocion-la-misa-solemne-y-besapies-al-santisimo-cristo-de-la-agonia\\\/#breadcrumb\"},\"inLanguage\":\"es\",\"potentialAction\":[{\"@type\":\"ReadAction\",\"target\":[\"https:\\\/\\\/arealorcaradio.es\\\/index.php\\\/2025\\\/03\\\/13\\\/la-real-hermandad-virgen-de-las-huertas-prepara-con-gran-devocion-la-misa-solemne-y-besapies-al-santisimo-cristo-de-la-agonia\\\/\"]}]},{\"@type\":\"ImageObject\",\"inLanguage\":\"es\",\"@id\":\"https:\\\/\\\/arealorcaradio.es\\\/index.php\\\/2025\\\/03\\\/13\\\/la-real-hermandad-virgen-de-las-huertas-prepara-con-gran-devocion-la-misa-solemne-y-besapies-al-santisimo-cristo-de-la-agonia\\\/#primaryimage\",\"url\":\"https:\\\/\\\/arealorcaradio.es\\\/wp-content\\\/uploads\\\/2025\\\/03\\\/20250313_171119-scaled.jpg\",\"contentUrl\":\"https:\\\/\\\/arealorcaradio.es\\\/wp-content\\\/uploads\\\/2025\\\/03\\\/20250313_171119-scaled.jpg\",\"width\":2560,\"height\":1920},{\"@type\":\"BreadcrumbList\",\"@id\":\"https:\\\/\\\/arealorcaradio.es\\\/index.php\\\/2025\\\/03\\\/13\\\/la-real-hermandad-virgen-de-las-huertas-prepara-con-gran-devocion-la-misa-solemne-y-besapies-al-santisimo-cristo-de-la-agonia\\\/#breadcrumb\",\"itemListElement\":[{\"@type\":\"ListItem\",\"position\":1,\"name\":\"Portada\",\"item\":\"https:\\\/\\\/arealorcaradio.es\\\/\"},{\"@type\":\"ListItem\",\"position\":2,\"name\":\"La Real Hermandad Virgen de las Huertas prepara con gran devoci\u00f3n la Misa solemne y Besapi\u00e9s al Sant\u00edsimo Cristo de la Agon\u00eda\"}]},{\"@type\":\"WebSite\",\"@id\":\"https:\\\/\\\/arealorcaradio.es\\\/#website\",\"url\":\"https:\\\/\\\/arealorcaradio.es\\\/\",\"name\":\"AREA LORCA RADIO\",\"description\":\"Descubre la programaci\u00f3n actual en \u00c1rea Lorca Radio, tu fuente de entrenamiento y noticias locales. Sintoniza ahora y mantente conectado online.\",\"potentialAction\":[{\"@type\":\"SearchAction\",\"target\":{\"@type\":\"EntryPoint\",\"urlTemplate\":\"https:\\\/\\\/arealorcaradio.es\\\/?s={search_term_string}\"},\"query-input\":{\"@type\":\"PropertyValueSpecification\",\"valueRequired\":true,\"valueName\":\"search_term_string\"}}],\"inLanguage\":\"es\"},{\"@type\":\"Person\",\"@id\":\"https:\\\/\\\/arealorcaradio.es\\\/#\\\/schema\\\/person\\\/9fae605fc25b0f2c83c1ab207139bd27\",\"name\":\"Paco S\u00e1nchez\",\"image\":{\"@type\":\"ImageObject\",\"inLanguage\":\"es\",\"@id\":\"https:\\\/\\\/secure.gravatar.com\\\/avatar\\\/d67144e966420fb74aa84c9f2a0103be4724fd14db52b52d3b6bca749f257e79?s=96&d=mm&r=g\",\"url\":\"https:\\\/\\\/secure.gravatar.com\\\/avatar\\\/d67144e966420fb74aa84c9f2a0103be4724fd14db52b52d3b6bca749f257e79?s=96&d=mm&r=g\",\"contentUrl\":\"https:\\\/\\\/secure.gravatar.com\\\/avatar\\\/d67144e966420fb74aa84c9f2a0103be4724fd14db52b52d3b6bca749f257e79?s=96&d=mm&r=g\",\"caption\":\"Paco S\u00e1nchez\"},\"sameAs\":[\"https:\\\/\\\/arealorcaradio.es\"],\"url\":\"https:\\\/\\\/arealorcaradio.es\\\/index.php\\\/author\\\/admin_alorcaradio\\\/\"}]}<\/script>\n<!-- \/ Yoast SEO plugin. -->","yoast_head_json":{"title":"La Real Hermandad Virgen de las Huertas prepara con gran devoci\u00f3n la Misa solemne y Besapi\u00e9s al Sant\u00edsimo Cristo de la Agon\u00eda - AREA LORCA RADIO","robots":{"index":"index","follow":"follow","max-snippet":"max-snippet:-1","max-image-preview":"max-image-preview:large","max-video-preview":"max-video-preview:-1"},"canonical":"https:\/\/arealorcaradio.es\/index.php\/2025\/03\/13\/la-real-hermandad-virgen-de-las-huertas-prepara-con-gran-devocion-la-misa-solemne-y-besapies-al-santisimo-cristo-de-la-agonia\/","og_locale":"es_ES","og_type":"article","og_title":"La Real Hermandad Virgen de las Huertas prepara con gran devoci\u00f3n la Misa solemne y Besapi\u00e9s al Sant\u00edsimo Cristo de la Agon\u00eda - AREA LORCA RADIO","og_description":"\u00c1REA LORCA RADIO. Tradiciones. La Real Hermandad Virgen de las Huertas prepara con gran devoci\u00f3n la Misa solemne y Besapi\u00e9s al Sant\u00edsimo Cristo de la Agon\u00eda. Este acto, que se llevar\u00e1 a cabo en el Santuario Patronal el pr\u00f3ximo s\u00e1bado 15 de marzo a las 18:00 horas. Escucha aqu\u00ed la entrevista que ha concedido el [&hellip;]","og_url":"https:\/\/arealorcaradio.es\/index.php\/2025\/03\/13\/la-real-hermandad-virgen-de-las-huertas-prepara-con-gran-devocion-la-misa-solemne-y-besapies-al-santisimo-cristo-de-la-agonia\/","og_site_name":"AREA LORCA RADIO","article_published_time":"2025-03-13T17:53:25+00:00","og_image":[{"width":2560,"height":1920,"url":"https:\/\/arealorcaradio.es\/wp-content\/uploads\/2025\/03\/20250313_171119-scaled.jpg","type":"image\/jpeg"}],"author":"Paco S\u00e1nchez","twitter_card":"summary_large_image","twitter_misc":{"Escrito por":"Paco S\u00e1nchez","Tiempo de lectura":"2 minutos"},"schema":{"@context":"https:\/\/schema.org","@graph":[{"@type":"Article","@id":"https:\/\/arealorcaradio.es\/index.php\/2025\/03\/13\/la-real-hermandad-virgen-de-las-huertas-prepara-con-gran-devocion-la-misa-solemne-y-besapies-al-santisimo-cristo-de-la-agonia\/#article","isPartOf":{"@id":"https:\/\/arealorcaradio.es\/index.php\/2025\/03\/13\/la-real-hermandad-virgen-de-las-huertas-prepara-con-gran-devocion-la-misa-solemne-y-besapies-al-santisimo-cristo-de-la-agonia\/"},"author":{"name":"Paco S\u00e1nchez","@id":"https:\/\/arealorcaradio.es\/#\/schema\/person\/9fae605fc25b0f2c83c1ab207139bd27"},"headline":"La Real Hermandad Virgen de las Huertas prepara con gran devoci\u00f3n la Misa solemne y Besapi\u00e9s al Sant\u00edsimo Cristo de la Agon\u00eda","datePublished":"2025-03-13T17:53:25+00:00","mainEntityOfPage":{"@id":"https:\/\/arealorcaradio.es\/index.php\/2025\/03\/13\/la-real-hermandad-virgen-de-las-huertas-prepara-con-gran-devocion-la-misa-solemne-y-besapies-al-santisimo-cristo-de-la-agonia\/"},"wordCount":281,"commentCount":0,"image":{"@id":"https:\/\/arealorcaradio.es\/index.php\/2025\/03\/13\/la-real-hermandad-virgen-de-las-huertas-prepara-con-gran-devocion-la-misa-solemne-y-besapies-al-santisimo-cristo-de-la-agonia\/#primaryimage"},"thumbnailUrl":"https:\/\/arealorcaradio.es\/wp-content\/uploads\/2025\/03\/20250313_171119-scaled.jpg","articleSection":["ACTUALIDAD","LORCA"],"inLanguage":"es","potentialAction":[{"@type":"CommentAction","name":"Comment","target":["https:\/\/arealorcaradio.es\/index.php\/2025\/03\/13\/la-real-hermandad-virgen-de-las-huertas-prepara-con-gran-devocion-la-misa-solemne-y-besapies-al-santisimo-cristo-de-la-agonia\/#respond"]}]},{"@type":"WebPage","@id":"https:\/\/arealorcaradio.es\/index.php\/2025\/03\/13\/la-real-hermandad-virgen-de-las-huertas-prepara-con-gran-devocion-la-misa-solemne-y-besapies-al-santisimo-cristo-de-la-agonia\/","url":"https:\/\/arealorcaradio.es\/index.php\/2025\/03\/13\/la-real-hermandad-virgen-de-las-huertas-prepara-con-gran-devocion-la-misa-solemne-y-besapies-al-santisimo-cristo-de-la-agonia\/","name":"La Real Hermandad Virgen de las Huertas prepara con gran devoci\u00f3n la Misa solemne y Besapi\u00e9s al Sant\u00edsimo Cristo de la Agon\u00eda - AREA LORCA RADIO","isPartOf":{"@id":"https:\/\/arealorcaradio.es\/#website"},"primaryImageOfPage":{"@id":"https:\/\/arealorcaradio.es\/index.php\/2025\/03\/13\/la-real-hermandad-virgen-de-las-huertas-prepara-con-gran-devocion-la-misa-solemne-y-besapies-al-santisimo-cristo-de-la-agonia\/#primaryimage"},"image":{"@id":"https:\/\/arealorcaradio.es\/index.php\/2025\/03\/13\/la-real-hermandad-virgen-de-las-huertas-prepara-con-gran-devocion-la-misa-solemne-y-besapies-al-santisimo-cristo-de-la-agonia\/#primaryimage"},"thumbnailUrl":"https:\/\/arealorcaradio.es\/wp-content\/uploads\/2025\/03\/20250313_171119-scaled.jpg","datePublished":"2025-03-13T17:53:25+00:00","author":{"@id":"https:\/\/arealorcaradio.es\/#\/schema\/person\/9fae605fc25b0f2c83c1ab207139bd27"},"breadcrumb":{"@id":"https:\/\/arealorcaradio.es\/index.php\/2025\/03\/13\/la-real-hermandad-virgen-de-las-huertas-prepara-con-gran-devocion-la-misa-solemne-y-besapies-al-santisimo-cristo-de-la-agonia\/#breadcrumb"},"inLanguage":"es","potentialAction":[{"@type":"ReadAction","target":["https:\/\/arealorcaradio.es\/index.php\/2025\/03\/13\/la-real-hermandad-virgen-de-las-huertas-prepara-con-gran-devocion-la-misa-solemne-y-besapies-al-santisimo-cristo-de-la-agonia\/"]}]},{"@type":"ImageObject","inLanguage":"es","@id":"https:\/\/arealorcaradio.es\/index.php\/2025\/03\/13\/la-real-hermandad-virgen-de-las-huertas-prepara-con-gran-devocion-la-misa-solemne-y-besapies-al-santisimo-cristo-de-la-agonia\/#primaryimage","url":"https:\/\/arealorcaradio.es\/wp-content\/uploads\/2025\/03\/20250313_171119-scaled.jpg","contentUrl":"https:\/\/arealorcaradio.es\/wp-content\/uploads\/2025\/03\/20250313_171119-scaled.jpg","width":2560,"height":1920},{"@type":"BreadcrumbList","@id":"https:\/\/arealorcaradio.es\/index.php\/2025\/03\/13\/la-real-hermandad-virgen-de-las-huertas-prepara-con-gran-devocion-la-misa-solemne-y-besapies-al-santisimo-cristo-de-la-agonia\/#breadcrumb","itemListElement":[{"@type":"ListItem","position":1,"name":"Portada","item":"https:\/\/arealorcaradio.es\/"},{"@type":"ListItem","position":2,"name":"La Real Hermandad Virgen de las Huertas prepara con gran devoci\u00f3n la Misa solemne y Besapi\u00e9s al Sant\u00edsimo Cristo de la Agon\u00eda"}]},{"@type":"WebSite","@id":"https:\/\/arealorcaradio.es\/#website","url":"https:\/\/arealorcaradio.es\/","name":"AREA LORCA RADIO","description":"Descubre la programaci\u00f3n actual en \u00c1rea Lorca Radio, tu fuente de entrenamiento y noticias locales. Sintoniza ahora y mantente conectado online.","potentialAction":[{"@type":"SearchAction","target":{"@type":"EntryPoint","urlTemplate":"https:\/\/arealorcaradio.es\/?s={search_term_string}"},"query-input":{"@type":"PropertyValueSpecification","valueRequired":true,"valueName":"search_term_string"}}],"inLanguage":"es"},{"@type":"Person","@id":"https:\/\/arealorcaradio.es\/#\/schema\/person\/9fae605fc25b0f2c83c1ab207139bd27","name":"Paco S\u00e1nchez","image":{"@type":"ImageObject","inLanguage":"es","@id":"https:\/\/secure.gravatar.com\/avatar\/d67144e966420fb74aa84c9f2a0103be4724fd14db52b52d3b6bca749f257e79?s=96&d=mm&r=g","url":"https:\/\/secure.gravatar.com\/avatar\/d67144e966420fb74aa84c9f2a0103be4724fd14db52b52d3b6bca749f257e79?s=96&d=mm&r=g","contentUrl":"https:\/\/secure.gravatar.com\/avatar\/d67144e966420fb74aa84c9f2a0103be4724fd14db52b52d3b6bca749f257e79?s=96&d=mm&r=g","caption":"Paco S\u00e1nchez"},"sameAs":["https:\/\/arealorcaradio.es"],"url":"https:\/\/arealorcaradio.es\/index.php\/author\/admin_alorcaradio\/"}]}},"_links":{"self":[{"href":"https:\/\/arealorcaradio.es\/index.php\/wp-json\/wp\/v2\/posts\/5927","targetHints":{"allow":["GET"]}}],"collection":[{"href":"https:\/\/arealorcaradio.es\/index.php\/wp-json\/wp\/v2\/posts"}],"about":[{"href":"https:\/\/arealorcaradio.es\/index.php\/wp-json\/wp\/v2\/types\/post"}],"author":[{"embeddable":true,"href":"https:\/\/arealorcaradio.es\/index.php\/wp-json\/wp\/v2\/users\/1"}],"replies":[{"embeddable":true,"href":"https:\/\/arealorcaradio.es\/index.php\/wp-json\/wp\/v2\/comments?post=5927"}],"version-history":[{"count":2,"href":"https:\/\/arealorcaradio.es\/index.php\/wp-json\/wp\/v2\/posts\/5927\/revisions"}],"predecessor-version":[{"id":5933,"href":"https:\/\/arealorcaradio.es\/index.php\/wp-json\/wp\/v2\/posts\/5927\/revisions\/5933"}],"wp:featuredmedia":[{"embeddable":true,"href":"https:\/\/arealorcaradio.es\/index.php\/wp-json\/wp\/v2\/media\/5929"}],"wp:attachment":[{"href":"https:\/\/arealorcaradio.es\/index.php\/wp-json\/wp\/v2\/media?parent=5927"}],"wp:term":[{"taxonomy":"category","embeddable":true,"href":"https:\/\/arealorcaradio.es\/index.php\/wp-json\/wp\/v2\/categories?post=5927"},{"taxonomy":"post_tag","embeddable":true,"href":"https:\/\/arealorcaradio.es\/index.php\/wp-json\/wp\/v2\/tags?post=5927"}],"curies":[{"name":"wp","href":"https:\/\/api.w.org\/{rel}","templated":true}]}}