{"id":5890,"date":"2025-03-12T11:19:39","date_gmt":"2025-03-12T11:19:39","guid":{"rendered":"https:\/\/arealorcaradio.es\/?p=5890"},"modified":"2025-03-12T11:19:39","modified_gmt":"2025-03-12T11:19:39","slug":"el-coso-de-sutullena-acoge-el-sabado-de-gloria-una-corrida-mixta-con-el-rejoneador-diego-ventura-y-un-mano-a-mano-entre-jose-manzanares-manzanares-y-paco-urena","status":"publish","type":"post","link":"https:\/\/arealorcaradio.es\/index.php\/2025\/03\/12\/el-coso-de-sutullena-acoge-el-sabado-de-gloria-una-corrida-mixta-con-el-rejoneador-diego-ventura-y-un-mano-a-mano-entre-jose-manzanares-manzanares-y-paco-urena\/","title":{"rendered":"El Coso de Sutullena acoge el S\u00e1bado de Gloria una corrida mixta con el rejoneador Diego Ventura y un mano a mano entre Jos\u00e9 Manzanares Manzanares y Paco Ure\u00f1a"},"content":{"rendered":"<p><strong>\u00c1REA LORCA RADIO. Cultura.<\/strong><\/p>\n<p><strong>Mi\u00e9rcoles, 12 de marzo de 2025. <\/strong>El primer aniversario de la reinauguraci\u00f3n del Coso de Sutullena llevar\u00e1 a los carteles una corrida mixta que protagonizar\u00e1n el rejoneador Ventura y los \u2018matadores\u2019 Manzanares y Ure\u00f1a, que se enfrentar\u00e1n en un mano a mano. El festejo tendr\u00e1 lugar el s\u00e1bado, 19 de abril, S\u00e1bado de Gloria. \u201cLos rejones vuelven al Coso de Sutullena en una corrida mixta durante la Semana Santa en que la hegemon\u00eda del caballo es indiscutible\u201d, ha afirmado el alcalde de Lorca, Fulgencio Gil J\u00f3dar, durante la presentaci\u00f3n del cartel este mi\u00e9rcoles en el patio porticado de la Casa de Guevara. Escuchamos a Fulgencio Gil J\u00f3dar.<\/p>\n<audio class=\"wp-audio-shortcode\" id=\"audio-5890-1\" preload=\"none\" style=\"width: 100%;\" controls=\"controls\"><source type=\"audio\/mpeg\" src=\"https:\/\/arealorcaradio.es\/wp-content\/uploads\/2025\/03\/120325-FULGENCIO-GIL.-PRESENTACION-TOROS-SABADO-GLORIA.mp3?_=1\" \/><a href=\"https:\/\/arealorcaradio.es\/wp-content\/uploads\/2025\/03\/120325-FULGENCIO-GIL.-PRESENTACION-TOROS-SABADO-GLORIA.mp3\">https:\/\/arealorcaradio.es\/wp-content\/uploads\/2025\/03\/120325-FULGENCIO-GIL.-PRESENTACION-TOROS-SABADO-GLORIA.mp3<\/a><\/audio>\n<p><img loading=\"lazy\" decoding=\"async\" class=\"alignnone size-medium wp-image-5892\" src=\"https:\/\/arealorcaradio.es\/wp-content\/uploads\/2025\/03\/WhatsApp-Image-2025-03-12-at-11.53.03-300x200.jpeg\" alt=\"\" width=\"300\" height=\"200\" srcset=\"https:\/\/arealorcaradio.es\/wp-content\/uploads\/2025\/03\/WhatsApp-Image-2025-03-12-at-11.53.03-300x200.jpeg 300w, https:\/\/arealorcaradio.es\/wp-content\/uploads\/2025\/03\/WhatsApp-Image-2025-03-12-at-11.53.03-1024x682.jpeg 1024w, https:\/\/arealorcaradio.es\/wp-content\/uploads\/2025\/03\/WhatsApp-Image-2025-03-12-at-11.53.03-768x512.jpeg 768w, https:\/\/arealorcaradio.es\/wp-content\/uploads\/2025\/03\/WhatsApp-Image-2025-03-12-at-11.53.03-1536x1023.jpeg 1536w, https:\/\/arealorcaradio.es\/wp-content\/uploads\/2025\/03\/WhatsApp-Image-2025-03-12-at-11.53.03.jpeg 1600w\" sizes=\"auto, (max-width: 300px) 100vw, 300px\" \/> \u00a0<img loading=\"lazy\" decoding=\"async\" class=\"alignnone size-medium wp-image-5893\" src=\"https:\/\/arealorcaradio.es\/wp-content\/uploads\/2025\/03\/WhatsApp-Image-2025-03-12-at-11.53.02-300x200.jpeg\" alt=\"\" width=\"300\" height=\"200\" srcset=\"https:\/\/arealorcaradio.es\/wp-content\/uploads\/2025\/03\/WhatsApp-Image-2025-03-12-at-11.53.02-300x200.jpeg 300w, https:\/\/arealorcaradio.es\/wp-content\/uploads\/2025\/03\/WhatsApp-Image-2025-03-12-at-11.53.02-1024x682.jpeg 1024w, https:\/\/arealorcaradio.es\/wp-content\/uploads\/2025\/03\/WhatsApp-Image-2025-03-12-at-11.53.02-768x512.jpeg 768w, https:\/\/arealorcaradio.es\/wp-content\/uploads\/2025\/03\/WhatsApp-Image-2025-03-12-at-11.53.02-1536x1023.jpeg 1536w, https:\/\/arealorcaradio.es\/wp-content\/uploads\/2025\/03\/WhatsApp-Image-2025-03-12-at-11.53.02.jpeg 1600w\" sizes=\"auto, (max-width: 300px) 100vw, 300px\" \/><img loading=\"lazy\" decoding=\"async\" class=\"alignnone size-medium wp-image-5895\" src=\"https:\/\/arealorcaradio.es\/wp-content\/uploads\/2025\/03\/WhatsApp-Image-2025-03-12-at-11.53.41-156x300.jpeg\" alt=\"\" width=\"156\" height=\"300\" srcset=\"https:\/\/arealorcaradio.es\/wp-content\/uploads\/2025\/03\/WhatsApp-Image-2025-03-12-at-11.53.41-156x300.jpeg 156w, https:\/\/arealorcaradio.es\/wp-content\/uploads\/2025\/03\/WhatsApp-Image-2025-03-12-at-11.53.41-531x1024.jpeg 531w, https:\/\/arealorcaradio.es\/wp-content\/uploads\/2025\/03\/WhatsApp-Image-2025-03-12-at-11.53.41-768x1480.jpeg 768w, https:\/\/arealorcaradio.es\/wp-content\/uploads\/2025\/03\/WhatsApp-Image-2025-03-12-at-11.53.41-797x1536.jpeg 797w, https:\/\/arealorcaradio.es\/wp-content\/uploads\/2025\/03\/WhatsApp-Image-2025-03-12-at-11.53.41.jpeg 830w\" sizes=\"auto, (max-width: 156px) 100vw, 156px\" \/> <img loading=\"lazy\" decoding=\"async\" class=\"alignnone size-medium wp-image-5896\" src=\"https:\/\/arealorcaradio.es\/wp-content\/uploads\/2025\/03\/WhatsApp-Image-2025-03-12-at-11.53.03-1-300x200.jpeg\" alt=\"\" width=\"300\" height=\"200\" srcset=\"https:\/\/arealorcaradio.es\/wp-content\/uploads\/2025\/03\/WhatsApp-Image-2025-03-12-at-11.53.03-1-300x200.jpeg 300w, https:\/\/arealorcaradio.es\/wp-content\/uploads\/2025\/03\/WhatsApp-Image-2025-03-12-at-11.53.03-1-1024x682.jpeg 1024w, https:\/\/arealorcaradio.es\/wp-content\/uploads\/2025\/03\/WhatsApp-Image-2025-03-12-at-11.53.03-1-768x512.jpeg 768w, https:\/\/arealorcaradio.es\/wp-content\/uploads\/2025\/03\/WhatsApp-Image-2025-03-12-at-11.53.03-1-1536x1023.jpeg 1536w, https:\/\/arealorcaradio.es\/wp-content\/uploads\/2025\/03\/WhatsApp-Image-2025-03-12-at-11.53.03-1.jpeg 1600w\" sizes=\"auto, (max-width: 300px) 100vw, 300px\" \/><\/p>\n<p>Tanto los \u2018matadores\u2019 como el rejoneador son figuras del toreo y el arte de la lidia a caballo, ha asegurado Gil J\u00f3dar, quien ha se\u00f1alado que \u201cDiego Antonio Esp\u00edritu Santo, \u2018Diego Ventura\u2019, es rejoneador y ganadero de toros bravos portugu\u00e9s. Es el que m\u00e1s puertas grandes ha abierto en Las Ventas. Hijo de Joao Antonio Ventura, domador de la cuadra de \u00c1ngel y Rafael Peralta. Jos\u00e9 Mari Manzanares es hijo de Jos\u00e9 Mari Manzanares. Sus triunfos han sido sonados en la Feria de Abril y en la de las Hogueras de Alicante. Indulto el 30 de abril de 2011 un toro en la Maestranza de Sevilla. El primero de la plaza, ya que el anterior fue un novillo. Y Paco Ure\u00f1a es una figura del toreo que hace justo un a\u00f1o nos deleitaba con una \u2018encerrona\u2019 en la que se enfrentaba a las mejores ganader\u00edas del pa\u00eds en la reinauguraci\u00f3n del Coso de Sutullena. Es todo un placer verlo disfrutar en Las Ventas, pero mucho m\u00e1s en el Coso de Sutullena, muy cerca de La Escucha, la tierra que le vio nacer\u201d.<\/p>\n<p>Se lidiar\u00e1n, ha apuntado, toros de San Pelayo, para Ventura. Reses Murube\u00f1as del Ni\u00f1o de la Capea para festejos de rejones. Y de Victoriano del R\u00edo para Manzanares y Ure\u00f1a. Esta ganader\u00eda de las fincas del Palomar y San Mart\u00edn, son procedencia de Juan Pedro Domecq, v\u00eda Jandilla, con encaste de Domecq. \u201cSon las reses que quieren las figuras, las preferidas en estos momentos, por lo que la decisi\u00f3n de elegir esta ganader\u00eda estaba clara\u201d.<\/p>\n<p>El alcalde ha anunciado que entre las novedades de la corrida mixta del S\u00e1bado de Gloria est\u00e1 la incorporaci\u00f3n de cuatro filas de gradas a la plaza de toros, \u201ccon lo que el n\u00famero de localidades se queda cercano a las 5.000. <strong>Se han incorporado unas 700 localidades de grada, aunque a\u00fan quedar\u00eda una zona de sombra donde las pretensiones son crear palcos<\/strong>\u201d.<\/p>\n<p>En cuanto a la venta de abonos, comenzar\u00e1 el pr\u00f3ximo lunes. \u201cEntre las novedades tambi\u00e9n est\u00e1 un abono joven, en esas gradas, al sol, de 30 euros para la corrida de S\u00e1bado de Gloria y de Feria de Septiembre. Los precios van desde los 20 euros de la grada joven sol, hasta los 125 euros de la fila primera (Barrera primera). La venta de entradas sueltas para la corrida mixta de Semana Santa se iniciar\u00e1 el martes, 1 de abril. La venta de abonos comenzar\u00e1, como apuntaba, el pr\u00f3ximo lunes, 17 de marzo en las taquillas del Teatro Guerra y de Ifelor\u201d.<\/p>\n<p>Por \u00faltimo, el alcalde ha significado la importancia de la infraestructura para Lorca. \u201cDesde su reinauguraci\u00f3n este espacio, polivalente, ha permitido acoger numerosos acontecimientos que dinamizan no s\u00f3lo la ciudad, sino toda la comarca. Tras su recuperaci\u00f3n y, por su versatilidad, el Coso de Sutullena se ha sumado a otras como el Auditorio Margarita Lozano, dentro del complejo de Ferias y Congresos de Ifelor; el Recinto Ferial del Huerto de la Rueda; los distintos escenarios que configuran las calles y plazas de la ciudad\u2026 que permiten la celebraci\u00f3n de cualquier evento multitudinario que llenan no s\u00f3lo los hoteles y establecimientos de restauraci\u00f3n de Lorca, sino de la comarca y la Regi\u00f3n\u201d.<\/p>\n<p><strong>PRECIOS LOCALIDADES<\/strong><\/p>\n<p><strong>Fila 1\u00aa.<\/strong> Barrera 1\u00aa. Sombra, 125 euros; Sol y Sombra, 110 euros; y Sol, 75 euros.<\/p>\n<p><strong>Fila 2\u00aa a 4\u00aa.<\/strong> Barrera 2\u00aa a Barrera 4\u00aa. Sombra, 110 euros; Sol y Sombra, 90 euros; y Sol, 65 euros.<\/p>\n<p><strong>Fila 5\u00aa.<\/strong> Tendido 1\u00aa Fila. Sombra, 70 euros; Sol y Sombra, 65 euros; y Sol, 50 euros.<\/p>\n<p><strong>Fila 6\u00aa a 13\u00aa.<\/strong> Tendido 2\u00aa a 9\u00aa fila. Sombra, 65 euros; Sol y Sombra, 60 euros; y Sol, 40 euros.<\/p>\n<p><strong>Palco Grada.<\/strong> 10 personas. Sombra, 600 euros; y Sol y Sombra, 510 euros.<\/p>\n<p><strong>Delantera Grada.<\/strong> Sombra, 70 euros; y Sol y Sombra, 65 euros.<\/p>\n<p><strong>Grada.<\/strong> Sol y Sombra, 40 euros; y Sol, 30 euros.<\/p>\n<p><strong>Grada Joven Sol.<\/strong> Sol, 20 euros. Abono, 30 euros. Hasta 25 a\u00f1os.<\/p>\n<p>&nbsp;<\/p>\n<p><strong>Venta de abonos 5% descuento. Puntos de venta, Teatro Guerra e Ifelor.<\/strong><\/p>\n","protected":false},"excerpt":{"rendered":"<p>\u00c1REA LORCA RADIO. Cultura. Mi\u00e9rcoles, 12 de marzo de 2025. El primer aniversario de la reinauguraci\u00f3n del Coso de Sutullena llevar\u00e1 a los carteles una corrida mixta que protagonizar\u00e1n el rejoneador Ventura y los \u2018matadores\u2019 Manzanares y Ure\u00f1a, que se enfrentar\u00e1n en un mano a mano. El festejo tendr\u00e1 lugar el s\u00e1bado, 19 de abril, [&hellip;]<\/p>\n","protected":false},"author":1,"featured_media":5893,"comment_status":"open","ping_status":"open","sticky":false,"template":"","format":"standard","meta":{"iawp_total_views":28,"footnotes":""},"categories":[5,7],"tags":[],"class_list":["post-5890","post","type-post","status-publish","format-standard","has-post-thumbnail","hentry","category-actualidad","category-lorca"],"yoast_head":"<!-- This site is optimized with the Yoast SEO plugin v27.5 - https:\/\/yoast.com\/product\/yoast-seo-wordpress\/ -->\n<title>El Coso de Sutullena acoge el S\u00e1bado de Gloria una corrida mixta con el rejoneador Diego Ventura y un mano a mano entre Jos\u00e9 Manzanares Manzanares y Paco Ure\u00f1a - AREA LORCA RADIO<\/title>\n<meta name=\"robots\" content=\"index, follow, max-snippet:-1, max-image-preview:large, max-video-preview:-1\" \/>\n<link rel=\"canonical\" href=\"https:\/\/arealorcaradio.es\/index.php\/2025\/03\/12\/el-coso-de-sutullena-acoge-el-sabado-de-gloria-una-corrida-mixta-con-el-rejoneador-diego-ventura-y-un-mano-a-mano-entre-jose-manzanares-manzanares-y-paco-urena\/\" \/>\n<meta property=\"og:locale\" content=\"es_ES\" \/>\n<meta property=\"og:type\" content=\"article\" \/>\n<meta property=\"og:title\" content=\"El Coso de Sutullena acoge el S\u00e1bado de Gloria una corrida mixta con el rejoneador Diego Ventura y un mano a mano entre Jos\u00e9 Manzanares Manzanares y Paco Ure\u00f1a - AREA LORCA RADIO\" \/>\n<meta property=\"og:description\" content=\"\u00c1REA LORCA RADIO. Cultura. Mi\u00e9rcoles, 12 de marzo de 2025. El primer aniversario de la reinauguraci\u00f3n del Coso de Sutullena llevar\u00e1 a los carteles una corrida mixta que protagonizar\u00e1n el rejoneador Ventura y los \u2018matadores\u2019 Manzanares y Ure\u00f1a, que se enfrentar\u00e1n en un mano a mano. El festejo tendr\u00e1 lugar el s\u00e1bado, 19 de abril, [&hellip;]\" \/>\n<meta property=\"og:url\" content=\"https:\/\/arealorcaradio.es\/index.php\/2025\/03\/12\/el-coso-de-sutullena-acoge-el-sabado-de-gloria-una-corrida-mixta-con-el-rejoneador-diego-ventura-y-un-mano-a-mano-entre-jose-manzanares-manzanares-y-paco-urena\/\" \/>\n<meta property=\"og:site_name\" content=\"AREA LORCA RADIO\" \/>\n<meta property=\"article:published_time\" content=\"2025-03-12T11:19:39+00:00\" \/>\n<meta property=\"og:image\" content=\"https:\/\/arealorcaradio.es\/wp-content\/uploads\/2025\/03\/WhatsApp-Image-2025-03-12-at-11.53.02.jpeg\" \/>\n\t<meta property=\"og:image:width\" content=\"1600\" \/>\n\t<meta property=\"og:image:height\" content=\"1066\" \/>\n\t<meta property=\"og:image:type\" content=\"image\/jpeg\" \/>\n<meta name=\"author\" content=\"Paco S\u00e1nchez\" \/>\n<meta name=\"twitter:card\" content=\"summary_large_image\" \/>\n<meta name=\"twitter:label1\" content=\"Escrito por\" \/>\n\t<meta name=\"twitter:data1\" content=\"Paco S\u00e1nchez\" \/>\n\t<meta name=\"twitter:label2\" content=\"Tiempo de lectura\" \/>\n\t<meta name=\"twitter:data2\" content=\"5 minutos\" \/>\n<script type=\"application\/ld+json\" class=\"yoast-schema-graph\">{\"@context\":\"https:\\\/\\\/schema.org\",\"@graph\":[{\"@type\":\"Article\",\"@id\":\"https:\\\/\\\/arealorcaradio.es\\\/index.php\\\/2025\\\/03\\\/12\\\/el-coso-de-sutullena-acoge-el-sabado-de-gloria-una-corrida-mixta-con-el-rejoneador-diego-ventura-y-un-mano-a-mano-entre-jose-manzanares-manzanares-y-paco-urena\\\/#article\",\"isPartOf\":{\"@id\":\"https:\\\/\\\/arealorcaradio.es\\\/index.php\\\/2025\\\/03\\\/12\\\/el-coso-de-sutullena-acoge-el-sabado-de-gloria-una-corrida-mixta-con-el-rejoneador-diego-ventura-y-un-mano-a-mano-entre-jose-manzanares-manzanares-y-paco-urena\\\/\"},\"author\":{\"name\":\"Paco S\u00e1nchez\",\"@id\":\"https:\\\/\\\/arealorcaradio.es\\\/#\\\/schema\\\/person\\\/9fae605fc25b0f2c83c1ab207139bd27\"},\"headline\":\"El Coso de Sutullena acoge el S\u00e1bado de Gloria una corrida mixta con el rejoneador Diego Ventura y un mano a mano entre Jos\u00e9 Manzanares Manzanares y Paco Ure\u00f1a\",\"datePublished\":\"2025-03-12T11:19:39+00:00\",\"mainEntityOfPage\":{\"@id\":\"https:\\\/\\\/arealorcaradio.es\\\/index.php\\\/2025\\\/03\\\/12\\\/el-coso-de-sutullena-acoge-el-sabado-de-gloria-una-corrida-mixta-con-el-rejoneador-diego-ventura-y-un-mano-a-mano-entre-jose-manzanares-manzanares-y-paco-urena\\\/\"},\"wordCount\":825,\"commentCount\":0,\"image\":{\"@id\":\"https:\\\/\\\/arealorcaradio.es\\\/index.php\\\/2025\\\/03\\\/12\\\/el-coso-de-sutullena-acoge-el-sabado-de-gloria-una-corrida-mixta-con-el-rejoneador-diego-ventura-y-un-mano-a-mano-entre-jose-manzanares-manzanares-y-paco-urena\\\/#primaryimage\"},\"thumbnailUrl\":\"https:\\\/\\\/arealorcaradio.es\\\/wp-content\\\/uploads\\\/2025\\\/03\\\/WhatsApp-Image-2025-03-12-at-11.53.02.jpeg\",\"articleSection\":[\"ACTUALIDAD\",\"LORCA\"],\"inLanguage\":\"es\",\"potentialAction\":[{\"@type\":\"CommentAction\",\"name\":\"Comment\",\"target\":[\"https:\\\/\\\/arealorcaradio.es\\\/index.php\\\/2025\\\/03\\\/12\\\/el-coso-de-sutullena-acoge-el-sabado-de-gloria-una-corrida-mixta-con-el-rejoneador-diego-ventura-y-un-mano-a-mano-entre-jose-manzanares-manzanares-y-paco-urena\\\/#respond\"]}]},{\"@type\":\"WebPage\",\"@id\":\"https:\\\/\\\/arealorcaradio.es\\\/index.php\\\/2025\\\/03\\\/12\\\/el-coso-de-sutullena-acoge-el-sabado-de-gloria-una-corrida-mixta-con-el-rejoneador-diego-ventura-y-un-mano-a-mano-entre-jose-manzanares-manzanares-y-paco-urena\\\/\",\"url\":\"https:\\\/\\\/arealorcaradio.es\\\/index.php\\\/2025\\\/03\\\/12\\\/el-coso-de-sutullena-acoge-el-sabado-de-gloria-una-corrida-mixta-con-el-rejoneador-diego-ventura-y-un-mano-a-mano-entre-jose-manzanares-manzanares-y-paco-urena\\\/\",\"name\":\"El Coso de Sutullena acoge el S\u00e1bado de Gloria una corrida mixta con el rejoneador Diego Ventura y un mano a mano entre Jos\u00e9 Manzanares Manzanares y Paco Ure\u00f1a - AREA LORCA RADIO\",\"isPartOf\":{\"@id\":\"https:\\\/\\\/arealorcaradio.es\\\/#website\"},\"primaryImageOfPage\":{\"@id\":\"https:\\\/\\\/arealorcaradio.es\\\/index.php\\\/2025\\\/03\\\/12\\\/el-coso-de-sutullena-acoge-el-sabado-de-gloria-una-corrida-mixta-con-el-rejoneador-diego-ventura-y-un-mano-a-mano-entre-jose-manzanares-manzanares-y-paco-urena\\\/#primaryimage\"},\"image\":{\"@id\":\"https:\\\/\\\/arealorcaradio.es\\\/index.php\\\/2025\\\/03\\\/12\\\/el-coso-de-sutullena-acoge-el-sabado-de-gloria-una-corrida-mixta-con-el-rejoneador-diego-ventura-y-un-mano-a-mano-entre-jose-manzanares-manzanares-y-paco-urena\\\/#primaryimage\"},\"thumbnailUrl\":\"https:\\\/\\\/arealorcaradio.es\\\/wp-content\\\/uploads\\\/2025\\\/03\\\/WhatsApp-Image-2025-03-12-at-11.53.02.jpeg\",\"datePublished\":\"2025-03-12T11:19:39+00:00\",\"author\":{\"@id\":\"https:\\\/\\\/arealorcaradio.es\\\/#\\\/schema\\\/person\\\/9fae605fc25b0f2c83c1ab207139bd27\"},\"breadcrumb\":{\"@id\":\"https:\\\/\\\/arealorcaradio.es\\\/index.php\\\/2025\\\/03\\\/12\\\/el-coso-de-sutullena-acoge-el-sabado-de-gloria-una-corrida-mixta-con-el-rejoneador-diego-ventura-y-un-mano-a-mano-entre-jose-manzanares-manzanares-y-paco-urena\\\/#breadcrumb\"},\"inLanguage\":\"es\",\"potentialAction\":[{\"@type\":\"ReadAction\",\"target\":[\"https:\\\/\\\/arealorcaradio.es\\\/index.php\\\/2025\\\/03\\\/12\\\/el-coso-de-sutullena-acoge-el-sabado-de-gloria-una-corrida-mixta-con-el-rejoneador-diego-ventura-y-un-mano-a-mano-entre-jose-manzanares-manzanares-y-paco-urena\\\/\"]}]},{\"@type\":\"ImageObject\",\"inLanguage\":\"es\",\"@id\":\"https:\\\/\\\/arealorcaradio.es\\\/index.php\\\/2025\\\/03\\\/12\\\/el-coso-de-sutullena-acoge-el-sabado-de-gloria-una-corrida-mixta-con-el-rejoneador-diego-ventura-y-un-mano-a-mano-entre-jose-manzanares-manzanares-y-paco-urena\\\/#primaryimage\",\"url\":\"https:\\\/\\\/arealorcaradio.es\\\/wp-content\\\/uploads\\\/2025\\\/03\\\/WhatsApp-Image-2025-03-12-at-11.53.02.jpeg\",\"contentUrl\":\"https:\\\/\\\/arealorcaradio.es\\\/wp-content\\\/uploads\\\/2025\\\/03\\\/WhatsApp-Image-2025-03-12-at-11.53.02.jpeg\",\"width\":1600,\"height\":1066},{\"@type\":\"BreadcrumbList\",\"@id\":\"https:\\\/\\\/arealorcaradio.es\\\/index.php\\\/2025\\\/03\\\/12\\\/el-coso-de-sutullena-acoge-el-sabado-de-gloria-una-corrida-mixta-con-el-rejoneador-diego-ventura-y-un-mano-a-mano-entre-jose-manzanares-manzanares-y-paco-urena\\\/#breadcrumb\",\"itemListElement\":[{\"@type\":\"ListItem\",\"position\":1,\"name\":\"Portada\",\"item\":\"https:\\\/\\\/arealorcaradio.es\\\/\"},{\"@type\":\"ListItem\",\"position\":2,\"name\":\"El Coso de Sutullena acoge el S\u00e1bado de Gloria una corrida mixta con el rejoneador Diego Ventura y un mano a mano entre Jos\u00e9 Manzanares Manzanares y Paco Ure\u00f1a\"}]},{\"@type\":\"WebSite\",\"@id\":\"https:\\\/\\\/arealorcaradio.es\\\/#website\",\"url\":\"https:\\\/\\\/arealorcaradio.es\\\/\",\"name\":\"AREA LORCA RADIO\",\"description\":\"Descubre la programaci\u00f3n actual en \u00c1rea Lorca Radio, tu fuente de entrenamiento y noticias locales. Sintoniza ahora y mantente conectado online.\",\"potentialAction\":[{\"@type\":\"SearchAction\",\"target\":{\"@type\":\"EntryPoint\",\"urlTemplate\":\"https:\\\/\\\/arealorcaradio.es\\\/?s={search_term_string}\"},\"query-input\":{\"@type\":\"PropertyValueSpecification\",\"valueRequired\":true,\"valueName\":\"search_term_string\"}}],\"inLanguage\":\"es\"},{\"@type\":\"Person\",\"@id\":\"https:\\\/\\\/arealorcaradio.es\\\/#\\\/schema\\\/person\\\/9fae605fc25b0f2c83c1ab207139bd27\",\"name\":\"Paco S\u00e1nchez\",\"image\":{\"@type\":\"ImageObject\",\"inLanguage\":\"es\",\"@id\":\"https:\\\/\\\/secure.gravatar.com\\\/avatar\\\/d67144e966420fb74aa84c9f2a0103be4724fd14db52b52d3b6bca749f257e79?s=96&d=mm&r=g\",\"url\":\"https:\\\/\\\/secure.gravatar.com\\\/avatar\\\/d67144e966420fb74aa84c9f2a0103be4724fd14db52b52d3b6bca749f257e79?s=96&d=mm&r=g\",\"contentUrl\":\"https:\\\/\\\/secure.gravatar.com\\\/avatar\\\/d67144e966420fb74aa84c9f2a0103be4724fd14db52b52d3b6bca749f257e79?s=96&d=mm&r=g\",\"caption\":\"Paco S\u00e1nchez\"},\"sameAs\":[\"https:\\\/\\\/arealorcaradio.es\"],\"url\":\"https:\\\/\\\/arealorcaradio.es\\\/index.php\\\/author\\\/admin_alorcaradio\\\/\"}]}<\/script>\n<!-- \/ Yoast SEO plugin. -->","yoast_head_json":{"title":"El Coso de Sutullena acoge el S\u00e1bado de Gloria una corrida mixta con el rejoneador Diego Ventura y un mano a mano entre Jos\u00e9 Manzanares Manzanares y Paco Ure\u00f1a - AREA LORCA RADIO","robots":{"index":"index","follow":"follow","max-snippet":"max-snippet:-1","max-image-preview":"max-image-preview:large","max-video-preview":"max-video-preview:-1"},"canonical":"https:\/\/arealorcaradio.es\/index.php\/2025\/03\/12\/el-coso-de-sutullena-acoge-el-sabado-de-gloria-una-corrida-mixta-con-el-rejoneador-diego-ventura-y-un-mano-a-mano-entre-jose-manzanares-manzanares-y-paco-urena\/","og_locale":"es_ES","og_type":"article","og_title":"El Coso de Sutullena acoge el S\u00e1bado de Gloria una corrida mixta con el rejoneador Diego Ventura y un mano a mano entre Jos\u00e9 Manzanares Manzanares y Paco Ure\u00f1a - AREA LORCA RADIO","og_description":"\u00c1REA LORCA RADIO. Cultura. Mi\u00e9rcoles, 12 de marzo de 2025. El primer aniversario de la reinauguraci\u00f3n del Coso de Sutullena llevar\u00e1 a los carteles una corrida mixta que protagonizar\u00e1n el rejoneador Ventura y los \u2018matadores\u2019 Manzanares y Ure\u00f1a, que se enfrentar\u00e1n en un mano a mano. El festejo tendr\u00e1 lugar el s\u00e1bado, 19 de abril, [&hellip;]","og_url":"https:\/\/arealorcaradio.es\/index.php\/2025\/03\/12\/el-coso-de-sutullena-acoge-el-sabado-de-gloria-una-corrida-mixta-con-el-rejoneador-diego-ventura-y-un-mano-a-mano-entre-jose-manzanares-manzanares-y-paco-urena\/","og_site_name":"AREA LORCA RADIO","article_published_time":"2025-03-12T11:19:39+00:00","og_image":[{"width":1600,"height":1066,"url":"https:\/\/arealorcaradio.es\/wp-content\/uploads\/2025\/03\/WhatsApp-Image-2025-03-12-at-11.53.02.jpeg","type":"image\/jpeg"}],"author":"Paco S\u00e1nchez","twitter_card":"summary_large_image","twitter_misc":{"Escrito por":"Paco S\u00e1nchez","Tiempo de lectura":"5 minutos"},"schema":{"@context":"https:\/\/schema.org","@graph":[{"@type":"Article","@id":"https:\/\/arealorcaradio.es\/index.php\/2025\/03\/12\/el-coso-de-sutullena-acoge-el-sabado-de-gloria-una-corrida-mixta-con-el-rejoneador-diego-ventura-y-un-mano-a-mano-entre-jose-manzanares-manzanares-y-paco-urena\/#article","isPartOf":{"@id":"https:\/\/arealorcaradio.es\/index.php\/2025\/03\/12\/el-coso-de-sutullena-acoge-el-sabado-de-gloria-una-corrida-mixta-con-el-rejoneador-diego-ventura-y-un-mano-a-mano-entre-jose-manzanares-manzanares-y-paco-urena\/"},"author":{"name":"Paco S\u00e1nchez","@id":"https:\/\/arealorcaradio.es\/#\/schema\/person\/9fae605fc25b0f2c83c1ab207139bd27"},"headline":"El Coso de Sutullena acoge el S\u00e1bado de Gloria una corrida mixta con el rejoneador Diego Ventura y un mano a mano entre Jos\u00e9 Manzanares Manzanares y Paco Ure\u00f1a","datePublished":"2025-03-12T11:19:39+00:00","mainEntityOfPage":{"@id":"https:\/\/arealorcaradio.es\/index.php\/2025\/03\/12\/el-coso-de-sutullena-acoge-el-sabado-de-gloria-una-corrida-mixta-con-el-rejoneador-diego-ventura-y-un-mano-a-mano-entre-jose-manzanares-manzanares-y-paco-urena\/"},"wordCount":825,"commentCount":0,"image":{"@id":"https:\/\/arealorcaradio.es\/index.php\/2025\/03\/12\/el-coso-de-sutullena-acoge-el-sabado-de-gloria-una-corrida-mixta-con-el-rejoneador-diego-ventura-y-un-mano-a-mano-entre-jose-manzanares-manzanares-y-paco-urena\/#primaryimage"},"thumbnailUrl":"https:\/\/arealorcaradio.es\/wp-content\/uploads\/2025\/03\/WhatsApp-Image-2025-03-12-at-11.53.02.jpeg","articleSection":["ACTUALIDAD","LORCA"],"inLanguage":"es","potentialAction":[{"@type":"CommentAction","name":"Comment","target":["https:\/\/arealorcaradio.es\/index.php\/2025\/03\/12\/el-coso-de-sutullena-acoge-el-sabado-de-gloria-una-corrida-mixta-con-el-rejoneador-diego-ventura-y-un-mano-a-mano-entre-jose-manzanares-manzanares-y-paco-urena\/#respond"]}]},{"@type":"WebPage","@id":"https:\/\/arealorcaradio.es\/index.php\/2025\/03\/12\/el-coso-de-sutullena-acoge-el-sabado-de-gloria-una-corrida-mixta-con-el-rejoneador-diego-ventura-y-un-mano-a-mano-entre-jose-manzanares-manzanares-y-paco-urena\/","url":"https:\/\/arealorcaradio.es\/index.php\/2025\/03\/12\/el-coso-de-sutullena-acoge-el-sabado-de-gloria-una-corrida-mixta-con-el-rejoneador-diego-ventura-y-un-mano-a-mano-entre-jose-manzanares-manzanares-y-paco-urena\/","name":"El Coso de Sutullena acoge el S\u00e1bado de Gloria una corrida mixta con el rejoneador Diego Ventura y un mano a mano entre Jos\u00e9 Manzanares Manzanares y Paco Ure\u00f1a - AREA LORCA RADIO","isPartOf":{"@id":"https:\/\/arealorcaradio.es\/#website"},"primaryImageOfPage":{"@id":"https:\/\/arealorcaradio.es\/index.php\/2025\/03\/12\/el-coso-de-sutullena-acoge-el-sabado-de-gloria-una-corrida-mixta-con-el-rejoneador-diego-ventura-y-un-mano-a-mano-entre-jose-manzanares-manzanares-y-paco-urena\/#primaryimage"},"image":{"@id":"https:\/\/arealorcaradio.es\/index.php\/2025\/03\/12\/el-coso-de-sutullena-acoge-el-sabado-de-gloria-una-corrida-mixta-con-el-rejoneador-diego-ventura-y-un-mano-a-mano-entre-jose-manzanares-manzanares-y-paco-urena\/#primaryimage"},"thumbnailUrl":"https:\/\/arealorcaradio.es\/wp-content\/uploads\/2025\/03\/WhatsApp-Image-2025-03-12-at-11.53.02.jpeg","datePublished":"2025-03-12T11:19:39+00:00","author":{"@id":"https:\/\/arealorcaradio.es\/#\/schema\/person\/9fae605fc25b0f2c83c1ab207139bd27"},"breadcrumb":{"@id":"https:\/\/arealorcaradio.es\/index.php\/2025\/03\/12\/el-coso-de-sutullena-acoge-el-sabado-de-gloria-una-corrida-mixta-con-el-rejoneador-diego-ventura-y-un-mano-a-mano-entre-jose-manzanares-manzanares-y-paco-urena\/#breadcrumb"},"inLanguage":"es","potentialAction":[{"@type":"ReadAction","target":["https:\/\/arealorcaradio.es\/index.php\/2025\/03\/12\/el-coso-de-sutullena-acoge-el-sabado-de-gloria-una-corrida-mixta-con-el-rejoneador-diego-ventura-y-un-mano-a-mano-entre-jose-manzanares-manzanares-y-paco-urena\/"]}]},{"@type":"ImageObject","inLanguage":"es","@id":"https:\/\/arealorcaradio.es\/index.php\/2025\/03\/12\/el-coso-de-sutullena-acoge-el-sabado-de-gloria-una-corrida-mixta-con-el-rejoneador-diego-ventura-y-un-mano-a-mano-entre-jose-manzanares-manzanares-y-paco-urena\/#primaryimage","url":"https:\/\/arealorcaradio.es\/wp-content\/uploads\/2025\/03\/WhatsApp-Image-2025-03-12-at-11.53.02.jpeg","contentUrl":"https:\/\/arealorcaradio.es\/wp-content\/uploads\/2025\/03\/WhatsApp-Image-2025-03-12-at-11.53.02.jpeg","width":1600,"height":1066},{"@type":"BreadcrumbList","@id":"https:\/\/arealorcaradio.es\/index.php\/2025\/03\/12\/el-coso-de-sutullena-acoge-el-sabado-de-gloria-una-corrida-mixta-con-el-rejoneador-diego-ventura-y-un-mano-a-mano-entre-jose-manzanares-manzanares-y-paco-urena\/#breadcrumb","itemListElement":[{"@type":"ListItem","position":1,"name":"Portada","item":"https:\/\/arealorcaradio.es\/"},{"@type":"ListItem","position":2,"name":"El Coso de Sutullena acoge el S\u00e1bado de Gloria una corrida mixta con el rejoneador Diego Ventura y un mano a mano entre Jos\u00e9 Manzanares Manzanares y Paco Ure\u00f1a"}]},{"@type":"WebSite","@id":"https:\/\/arealorcaradio.es\/#website","url":"https:\/\/arealorcaradio.es\/","name":"AREA LORCA RADIO","description":"Descubre la programaci\u00f3n actual en \u00c1rea Lorca Radio, tu fuente de entrenamiento y noticias locales. Sintoniza ahora y mantente conectado online.","potentialAction":[{"@type":"SearchAction","target":{"@type":"EntryPoint","urlTemplate":"https:\/\/arealorcaradio.es\/?s={search_term_string}"},"query-input":{"@type":"PropertyValueSpecification","valueRequired":true,"valueName":"search_term_string"}}],"inLanguage":"es"},{"@type":"Person","@id":"https:\/\/arealorcaradio.es\/#\/schema\/person\/9fae605fc25b0f2c83c1ab207139bd27","name":"Paco S\u00e1nchez","image":{"@type":"ImageObject","inLanguage":"es","@id":"https:\/\/secure.gravatar.com\/avatar\/d67144e966420fb74aa84c9f2a0103be4724fd14db52b52d3b6bca749f257e79?s=96&d=mm&r=g","url":"https:\/\/secure.gravatar.com\/avatar\/d67144e966420fb74aa84c9f2a0103be4724fd14db52b52d3b6bca749f257e79?s=96&d=mm&r=g","contentUrl":"https:\/\/secure.gravatar.com\/avatar\/d67144e966420fb74aa84c9f2a0103be4724fd14db52b52d3b6bca749f257e79?s=96&d=mm&r=g","caption":"Paco S\u00e1nchez"},"sameAs":["https:\/\/arealorcaradio.es"],"url":"https:\/\/arealorcaradio.es\/index.php\/author\/admin_alorcaradio\/"}]}},"_links":{"self":[{"href":"https:\/\/arealorcaradio.es\/index.php\/wp-json\/wp\/v2\/posts\/5890","targetHints":{"allow":["GET"]}}],"collection":[{"href":"https:\/\/arealorcaradio.es\/index.php\/wp-json\/wp\/v2\/posts"}],"about":[{"href":"https:\/\/arealorcaradio.es\/index.php\/wp-json\/wp\/v2\/types\/post"}],"author":[{"embeddable":true,"href":"https:\/\/arealorcaradio.es\/index.php\/wp-json\/wp\/v2\/users\/1"}],"replies":[{"embeddable":true,"href":"https:\/\/arealorcaradio.es\/index.php\/wp-json\/wp\/v2\/comments?post=5890"}],"version-history":[{"count":2,"href":"https:\/\/arealorcaradio.es\/index.php\/wp-json\/wp\/v2\/posts\/5890\/revisions"}],"predecessor-version":[{"id":5897,"href":"https:\/\/arealorcaradio.es\/index.php\/wp-json\/wp\/v2\/posts\/5890\/revisions\/5897"}],"wp:featuredmedia":[{"embeddable":true,"href":"https:\/\/arealorcaradio.es\/index.php\/wp-json\/wp\/v2\/media\/5893"}],"wp:attachment":[{"href":"https:\/\/arealorcaradio.es\/index.php\/wp-json\/wp\/v2\/media?parent=5890"}],"wp:term":[{"taxonomy":"category","embeddable":true,"href":"https:\/\/arealorcaradio.es\/index.php\/wp-json\/wp\/v2\/categories?post=5890"},{"taxonomy":"post_tag","embeddable":true,"href":"https:\/\/arealorcaradio.es\/index.php\/wp-json\/wp\/v2\/tags?post=5890"}],"curies":[{"name":"wp","href":"https:\/\/api.w.org\/{rel}","templated":true}]}}