{"id":5881,"date":"2025-03-12T11:08:59","date_gmt":"2025-03-12T11:08:59","guid":{"rendered":"https:\/\/arealorcaradio.es\/?p=5881"},"modified":"2025-03-12T11:08:59","modified_gmt":"2025-03-12T11:08:59","slug":"lorca-acoge-una-exposicion-fotografica-itinerante-sobre-el-centenario-de-la-mancomunidad-de-los-canales-del-taibilla","status":"publish","type":"post","link":"https:\/\/arealorcaradio.es\/index.php\/2025\/03\/12\/lorca-acoge-una-exposicion-fotografica-itinerante-sobre-el-centenario-de-la-mancomunidad-de-los-canales-del-taibilla\/","title":{"rendered":"Lorca acoge una exposici\u00f3n fotogr\u00e1fica itinerante sobre el centenario de la Mancomunidad de los Canales del Taibilla"},"content":{"rendered":"<p><strong>\u00c1REA LORCA RADIO.<\/strong><\/p>\n<div>\n<p class=\"v1MsoNormal\"><b>12 de marzo de 2025.\u00a0<\/b>La Plaza Calder\u00f3n de la Barca de Lorca acoge desde este mi\u00e9rcoles la exposici\u00f3n itinerante \u00abMancomunidad de los Canales del Taibilla: 100 a\u00f1os abasteciendo de agua y progreso\u00bb, una iniciativa de la MCT para conmemorar su centenario y dar a conocer su historia. La inauguraci\u00f3n ha contado con la presencia del alcalde de Lorca, Fulgencio Gil, y del presidente de la Mancomunidad de los Canales del Taibilla, Juan Cascales. Escuchamos las declaraciones de Fulgencio Gil y Juan Cascales.<\/p>\n<p class=\"v1MsoNormal\">El alcalde ha destacado la importancia de esta muestra, que permanecer\u00e1 en Lorca hasta el 31 de marzo, y que recoge, a trav\u00e9s de doce paneles, la evoluci\u00f3n de la Mancomunidad desde su creaci\u00f3n el 4 de octubre de 1927 hasta la actualidad, profundizando en acontecimientos tan trascendentes como la construcci\u00f3n de las infraestructuras m\u00e1s representativas de su sistema hidr\u00e1ulico y la llegada de las aguas a los municipios. \u00abEl abastecimiento de agua para el consumo de los lorquinos ha sido y sigue siendo una prioridad para el Ayuntamiento. Abastecer de agua para el consumo a los lorquinos ha sido una de las mayores preocupaciones del Ayuntamiento. De posibilitar el suministro, pero tambi\u00e9n de lograr la m\u00e1xima calidad de esas aguas, de la que depend\u00eda la vida\u00a0y la salud de los ciudadanos\u00bb, ha se\u00f1alado Fulgencio Gil.<\/p>\n<audio class=\"wp-audio-shortcode\" id=\"audio-5881-1\" preload=\"none\" style=\"width: 100%;\" controls=\"controls\"><source type=\"audio\/mpeg\" src=\"https:\/\/arealorcaradio.es\/wp-content\/uploads\/2025\/03\/120325-FULGENCIO-GIL.-EXPOSICION-MANCOMUNIDAD-CT-1.mp3?_=1\" \/><a href=\"https:\/\/arealorcaradio.es\/wp-content\/uploads\/2025\/03\/120325-FULGENCIO-GIL.-EXPOSICION-MANCOMUNIDAD-CT-1.mp3\">https:\/\/arealorcaradio.es\/wp-content\/uploads\/2025\/03\/120325-FULGENCIO-GIL.-EXPOSICION-MANCOMUNIDAD-CT-1.mp3<\/a><\/audio>\n<p class=\"v1MsoNormal\"><img loading=\"lazy\" decoding=\"async\" class=\"alignnone size-medium wp-image-5884\" src=\"https:\/\/arealorcaradio.es\/wp-content\/uploads\/2025\/03\/foto1-expo-300x225.jpeg\" alt=\"\" width=\"300\" height=\"225\" srcset=\"https:\/\/arealorcaradio.es\/wp-content\/uploads\/2025\/03\/foto1-expo-300x225.jpeg 300w, https:\/\/arealorcaradio.es\/wp-content\/uploads\/2025\/03\/foto1-expo-1024x768.jpeg 1024w, https:\/\/arealorcaradio.es\/wp-content\/uploads\/2025\/03\/foto1-expo-768x576.jpeg 768w, https:\/\/arealorcaradio.es\/wp-content\/uploads\/2025\/03\/foto1-expo-1536x1152.jpeg 1536w, https:\/\/arealorcaradio.es\/wp-content\/uploads\/2025\/03\/foto1-expo-86x64.jpeg 86w, https:\/\/arealorcaradio.es\/wp-content\/uploads\/2025\/03\/foto1-expo.jpeg 2048w\" sizes=\"auto, (max-width: 300px) 100vw, 300px\" \/>\u00a0 <img loading=\"lazy\" decoding=\"async\" class=\"alignnone size-medium wp-image-5885\" src=\"https:\/\/arealorcaradio.es\/wp-content\/uploads\/2025\/03\/foto5-expo-300x225.jpeg\" alt=\"\" width=\"300\" height=\"225\" srcset=\"https:\/\/arealorcaradio.es\/wp-content\/uploads\/2025\/03\/foto5-expo-300x225.jpeg 300w, https:\/\/arealorcaradio.es\/wp-content\/uploads\/2025\/03\/foto5-expo-1024x768.jpeg 1024w, https:\/\/arealorcaradio.es\/wp-content\/uploads\/2025\/03\/foto5-expo-768x576.jpeg 768w, https:\/\/arealorcaradio.es\/wp-content\/uploads\/2025\/03\/foto5-expo-1536x1152.jpeg 1536w, https:\/\/arealorcaradio.es\/wp-content\/uploads\/2025\/03\/foto5-expo-86x64.jpeg 86w, https:\/\/arealorcaradio.es\/wp-content\/uploads\/2025\/03\/foto5-expo.jpeg 2048w\" sizes=\"auto, (max-width: 300px) 100vw, 300px\" \/><\/p>\n<p class=\"v1MsoNormal\">A lo largo de los siglos, el municipio ha buscado soluciones para garantizar el suministro, desde las antiguas fuentes hist\u00f3ricas como la del Oro &#8211; que en \u00e9poca de Alfonso X recog\u00eda las aguas sub\u00e1lveas del lecho del r\u00edo Guadalent\u00edn-, la de la Plaza del Ca\u00f1o, las peque\u00f1as fuentes en los Pilones, Nogalte y San Juan, la fuente de La Estrella, la de Santa Quiteria, o las de las plazas del Negrito o del Ibre\u00f1o, hasta la llegada de las aguas del Taibilla, que supuso un antes y un despu\u00e9s para la ciudad\u00bb, ha detallado Fulgencio Gil.<\/p>\n<p class=\"v1MsoNormal\">Y ha a\u00f1adido que \u00abprecisamente para conmemorar la llegada de las aguas del Taibilla, que terminar\u00edan abasteciendo a toda la ciudad, se inaugur\u00f3 la fuente decorativa de la Plaza de Col\u00f3n que se construy\u00f3 en los Talleres de Luis Luna en Murcia\u00bb. La fuente, de piedra fundida, fue recrecida a\u00f1os despu\u00e9s con un gran bals\u00f3n nuevo.<\/p>\n<p class=\"v1MsoNormal\">Los \u00faltimos dos paneles de la exposici\u00f3n est\u00e1n dedicados a la relaci\u00f3n entre Lorca y la MCT, incluyendo im\u00e1genes hist\u00f3ricas de la construcci\u00f3n del ramal que trajo el agua al municipio y un documento casi centenario que atestiguan el inter\u00e9s del Ayuntamiento por recibir esas aguas del Taibilla. \u00abEs tambi\u00e9n un homenaje a la historia del agua en Lorca y a la colaboraci\u00f3n entre nuestro municipio y la Mancomunidad, que se extiende ya m\u00e1s de siete d\u00e9cadas\u00bb, ha resaltado el alcalde.<\/p>\n<p class=\"v1MsoNormal\">La llegada de esta exposici\u00f3n a Lorca coincide con la conmemoraci\u00f3n del D\u00eda Mundial del Agua, el pr\u00f3ximo 22 de marzo. En este sentido, Gil J\u00f3dar ha concluido indicando que \u00abpara celebrar esta efem\u00e9ride, lorquinos y visitantes podr\u00e1n disfrutar estos d\u00edas de esta muestra, pero tambi\u00e9n de una serie de actividades organizadas por Aguas de Lorca, en colaboraci\u00f3n con la MCT, con el objetivo de concienciar a la ciudadan\u00eda sobre la importancia del uso responsable del agua\u00bb.<\/p>\n<p class=\"v1MsoNormal\">Juan Cascales, por su parte, ha se\u00f1alado que \u00abhemos querido que Lorca acoja esta exposici\u00f3n porque se trata de uno de los municipios que originalmente fomentaron la fundaci\u00f3n de la Mancomunidad, as\u00ed como por el hecho de que este a\u00f1o se cumple el 70 aniversario de la llegada del agua del Taibilla al municipio, lo que supuso un gran acontecimiento social, hasta el punto de que se construy\u00f3 una fuente conmemorativa en la plaza de Col\u00f3n para celebrar este evento\u00bb.<\/p>\n<audio class=\"wp-audio-shortcode\" id=\"audio-5881-2\" preload=\"none\" style=\"width: 100%;\" controls=\"controls\"><source type=\"audio\/mpeg\" src=\"https:\/\/arealorcaradio.es\/wp-content\/uploads\/2025\/03\/120325-PTE.-MANCOMUNIDAD-CANALES-TAIBILLA.mp3?_=2\" \/><a href=\"https:\/\/arealorcaradio.es\/wp-content\/uploads\/2025\/03\/120325-PTE.-MANCOMUNIDAD-CANALES-TAIBILLA.mp3\">https:\/\/arealorcaradio.es\/wp-content\/uploads\/2025\/03\/120325-PTE.-MANCOMUNIDAD-CANALES-TAIBILLA.mp3<\/a><\/audio>\n<p class=\"v1MsoNormal\">Asimismo, el presidente de la MCT ha recordado que Lorca acoge una de las infraestructuras m\u00e1s importantes del organismo, una planta potabilizadora que fue inaugurada el 12 de julio de 1989 \u00aby que ha sido fundamental para asegurar el abastecimiento no solo a Lorca, sino a otros municipios de la zona\u00bb.<\/p>\n<p class=\"v1MsoNormal\">Francisco Reyes, Gerente de Aguas de Lorca, ha destacado que \u00abdesde Aguas de Lorca, queremos destacar la importancia de la cooperaci\u00f3n entre entidades como MCT y el Ayuntamiento. Esta colaboraci\u00f3n es fundamental para impulsar acciones que tienen como objetivo concienciar e informar a la poblaci\u00f3n de Lorca sobre la importancia del uso responsable del agua y el cuidado del medioambiente\u00bb.<\/p>\n<p class=\"v1MsoNormal\">El 1 de abril la muestra se inaugurar\u00e1 en la localidad alicantina de Albatera, municipio que ingres\u00f3 en la MCT en 1930.<\/p>\n<\/div>\n<div><\/div>\n","protected":false},"excerpt":{"rendered":"<p>\u00c1REA LORCA RADIO. 12 de marzo de 2025.\u00a0La Plaza Calder\u00f3n de la Barca de Lorca acoge desde este mi\u00e9rcoles la exposici\u00f3n itinerante \u00abMancomunidad de los Canales del Taibilla: 100 a\u00f1os abasteciendo de agua y progreso\u00bb, una iniciativa de la MCT para conmemorar su centenario y dar a conocer su historia. La inauguraci\u00f3n ha contado con [&hellip;]<\/p>\n","protected":false},"author":1,"featured_media":5888,"comment_status":"open","ping_status":"open","sticky":false,"template":"","format":"standard","meta":{"iawp_total_views":12,"footnotes":""},"categories":[5,7],"tags":[],"class_list":["post-5881","post","type-post","status-publish","format-standard","has-post-thumbnail","hentry","category-actualidad","category-lorca"],"yoast_head":"<!-- This site is optimized with the Yoast SEO plugin v27.5 - https:\/\/yoast.com\/product\/yoast-seo-wordpress\/ -->\n<title>Lorca acoge una exposici\u00f3n fotogr\u00e1fica itinerante sobre el centenario de la Mancomunidad de los Canales del Taibilla - AREA LORCA RADIO<\/title>\n<meta name=\"robots\" content=\"index, follow, max-snippet:-1, max-image-preview:large, max-video-preview:-1\" \/>\n<link rel=\"canonical\" href=\"https:\/\/arealorcaradio.es\/index.php\/2025\/03\/12\/lorca-acoge-una-exposicion-fotografica-itinerante-sobre-el-centenario-de-la-mancomunidad-de-los-canales-del-taibilla\/\" \/>\n<meta property=\"og:locale\" content=\"es_ES\" \/>\n<meta property=\"og:type\" content=\"article\" \/>\n<meta property=\"og:title\" content=\"Lorca acoge una exposici\u00f3n fotogr\u00e1fica itinerante sobre el centenario de la Mancomunidad de los Canales del Taibilla - AREA LORCA RADIO\" \/>\n<meta property=\"og:description\" content=\"\u00c1REA LORCA RADIO. 12 de marzo de 2025.\u00a0La Plaza Calder\u00f3n de la Barca de Lorca acoge desde este mi\u00e9rcoles la exposici\u00f3n itinerante \u00abMancomunidad de los Canales del Taibilla: 100 a\u00f1os abasteciendo de agua y progreso\u00bb, una iniciativa de la MCT para conmemorar su centenario y dar a conocer su historia. La inauguraci\u00f3n ha contado con [&hellip;]\" \/>\n<meta property=\"og:url\" content=\"https:\/\/arealorcaradio.es\/index.php\/2025\/03\/12\/lorca-acoge-una-exposicion-fotografica-itinerante-sobre-el-centenario-de-la-mancomunidad-de-los-canales-del-taibilla\/\" \/>\n<meta property=\"og:site_name\" content=\"AREA LORCA RADIO\" \/>\n<meta property=\"article:published_time\" content=\"2025-03-12T11:08:59+00:00\" \/>\n<meta property=\"og:image\" content=\"https:\/\/arealorcaradio.es\/wp-content\/uploads\/2025\/03\/foto2-expo.jpeg\" \/>\n\t<meta property=\"og:image:width\" content=\"2048\" \/>\n\t<meta property=\"og:image:height\" content=\"1536\" \/>\n\t<meta property=\"og:image:type\" content=\"image\/jpeg\" \/>\n<meta name=\"author\" content=\"Paco S\u00e1nchez\" \/>\n<meta name=\"twitter:card\" content=\"summary_large_image\" \/>\n<meta name=\"twitter:label1\" content=\"Escrito por\" \/>\n\t<meta name=\"twitter:data1\" content=\"Paco S\u00e1nchez\" \/>\n\t<meta name=\"twitter:label2\" content=\"Tiempo de lectura\" \/>\n\t<meta name=\"twitter:data2\" content=\"5 minutos\" \/>\n<script type=\"application\/ld+json\" class=\"yoast-schema-graph\">{\"@context\":\"https:\\\/\\\/schema.org\",\"@graph\":[{\"@type\":\"Article\",\"@id\":\"https:\\\/\\\/arealorcaradio.es\\\/index.php\\\/2025\\\/03\\\/12\\\/lorca-acoge-una-exposicion-fotografica-itinerante-sobre-el-centenario-de-la-mancomunidad-de-los-canales-del-taibilla\\\/#article\",\"isPartOf\":{\"@id\":\"https:\\\/\\\/arealorcaradio.es\\\/index.php\\\/2025\\\/03\\\/12\\\/lorca-acoge-una-exposicion-fotografica-itinerante-sobre-el-centenario-de-la-mancomunidad-de-los-canales-del-taibilla\\\/\"},\"author\":{\"name\":\"Paco S\u00e1nchez\",\"@id\":\"https:\\\/\\\/arealorcaradio.es\\\/#\\\/schema\\\/person\\\/9fae605fc25b0f2c83c1ab207139bd27\"},\"headline\":\"Lorca acoge una exposici\u00f3n fotogr\u00e1fica itinerante sobre el centenario de la Mancomunidad de los Canales del Taibilla\",\"datePublished\":\"2025-03-12T11:08:59+00:00\",\"mainEntityOfPage\":{\"@id\":\"https:\\\/\\\/arealorcaradio.es\\\/index.php\\\/2025\\\/03\\\/12\\\/lorca-acoge-una-exposicion-fotografica-itinerante-sobre-el-centenario-de-la-mancomunidad-de-los-canales-del-taibilla\\\/\"},\"wordCount\":837,\"commentCount\":0,\"image\":{\"@id\":\"https:\\\/\\\/arealorcaradio.es\\\/index.php\\\/2025\\\/03\\\/12\\\/lorca-acoge-una-exposicion-fotografica-itinerante-sobre-el-centenario-de-la-mancomunidad-de-los-canales-del-taibilla\\\/#primaryimage\"},\"thumbnailUrl\":\"https:\\\/\\\/arealorcaradio.es\\\/wp-content\\\/uploads\\\/2025\\\/03\\\/foto2-expo.jpeg\",\"articleSection\":[\"ACTUALIDAD\",\"LORCA\"],\"inLanguage\":\"es\",\"potentialAction\":[{\"@type\":\"CommentAction\",\"name\":\"Comment\",\"target\":[\"https:\\\/\\\/arealorcaradio.es\\\/index.php\\\/2025\\\/03\\\/12\\\/lorca-acoge-una-exposicion-fotografica-itinerante-sobre-el-centenario-de-la-mancomunidad-de-los-canales-del-taibilla\\\/#respond\"]}]},{\"@type\":\"WebPage\",\"@id\":\"https:\\\/\\\/arealorcaradio.es\\\/index.php\\\/2025\\\/03\\\/12\\\/lorca-acoge-una-exposicion-fotografica-itinerante-sobre-el-centenario-de-la-mancomunidad-de-los-canales-del-taibilla\\\/\",\"url\":\"https:\\\/\\\/arealorcaradio.es\\\/index.php\\\/2025\\\/03\\\/12\\\/lorca-acoge-una-exposicion-fotografica-itinerante-sobre-el-centenario-de-la-mancomunidad-de-los-canales-del-taibilla\\\/\",\"name\":\"Lorca acoge una exposici\u00f3n fotogr\u00e1fica itinerante sobre el centenario de la Mancomunidad de los Canales del Taibilla - AREA LORCA RADIO\",\"isPartOf\":{\"@id\":\"https:\\\/\\\/arealorcaradio.es\\\/#website\"},\"primaryImageOfPage\":{\"@id\":\"https:\\\/\\\/arealorcaradio.es\\\/index.php\\\/2025\\\/03\\\/12\\\/lorca-acoge-una-exposicion-fotografica-itinerante-sobre-el-centenario-de-la-mancomunidad-de-los-canales-del-taibilla\\\/#primaryimage\"},\"image\":{\"@id\":\"https:\\\/\\\/arealorcaradio.es\\\/index.php\\\/2025\\\/03\\\/12\\\/lorca-acoge-una-exposicion-fotografica-itinerante-sobre-el-centenario-de-la-mancomunidad-de-los-canales-del-taibilla\\\/#primaryimage\"},\"thumbnailUrl\":\"https:\\\/\\\/arealorcaradio.es\\\/wp-content\\\/uploads\\\/2025\\\/03\\\/foto2-expo.jpeg\",\"datePublished\":\"2025-03-12T11:08:59+00:00\",\"author\":{\"@id\":\"https:\\\/\\\/arealorcaradio.es\\\/#\\\/schema\\\/person\\\/9fae605fc25b0f2c83c1ab207139bd27\"},\"breadcrumb\":{\"@id\":\"https:\\\/\\\/arealorcaradio.es\\\/index.php\\\/2025\\\/03\\\/12\\\/lorca-acoge-una-exposicion-fotografica-itinerante-sobre-el-centenario-de-la-mancomunidad-de-los-canales-del-taibilla\\\/#breadcrumb\"},\"inLanguage\":\"es\",\"potentialAction\":[{\"@type\":\"ReadAction\",\"target\":[\"https:\\\/\\\/arealorcaradio.es\\\/index.php\\\/2025\\\/03\\\/12\\\/lorca-acoge-una-exposicion-fotografica-itinerante-sobre-el-centenario-de-la-mancomunidad-de-los-canales-del-taibilla\\\/\"]}]},{\"@type\":\"ImageObject\",\"inLanguage\":\"es\",\"@id\":\"https:\\\/\\\/arealorcaradio.es\\\/index.php\\\/2025\\\/03\\\/12\\\/lorca-acoge-una-exposicion-fotografica-itinerante-sobre-el-centenario-de-la-mancomunidad-de-los-canales-del-taibilla\\\/#primaryimage\",\"url\":\"https:\\\/\\\/arealorcaradio.es\\\/wp-content\\\/uploads\\\/2025\\\/03\\\/foto2-expo.jpeg\",\"contentUrl\":\"https:\\\/\\\/arealorcaradio.es\\\/wp-content\\\/uploads\\\/2025\\\/03\\\/foto2-expo.jpeg\",\"width\":2048,\"height\":1536},{\"@type\":\"BreadcrumbList\",\"@id\":\"https:\\\/\\\/arealorcaradio.es\\\/index.php\\\/2025\\\/03\\\/12\\\/lorca-acoge-una-exposicion-fotografica-itinerante-sobre-el-centenario-de-la-mancomunidad-de-los-canales-del-taibilla\\\/#breadcrumb\",\"itemListElement\":[{\"@type\":\"ListItem\",\"position\":1,\"name\":\"Portada\",\"item\":\"https:\\\/\\\/arealorcaradio.es\\\/\"},{\"@type\":\"ListItem\",\"position\":2,\"name\":\"Lorca acoge una exposici\u00f3n fotogr\u00e1fica itinerante sobre el centenario de la Mancomunidad de los Canales del Taibilla\"}]},{\"@type\":\"WebSite\",\"@id\":\"https:\\\/\\\/arealorcaradio.es\\\/#website\",\"url\":\"https:\\\/\\\/arealorcaradio.es\\\/\",\"name\":\"AREA LORCA RADIO\",\"description\":\"Descubre la programaci\u00f3n actual en \u00c1rea Lorca Radio, tu fuente de entrenamiento y noticias locales. Sintoniza ahora y mantente conectado online.\",\"potentialAction\":[{\"@type\":\"SearchAction\",\"target\":{\"@type\":\"EntryPoint\",\"urlTemplate\":\"https:\\\/\\\/arealorcaradio.es\\\/?s={search_term_string}\"},\"query-input\":{\"@type\":\"PropertyValueSpecification\",\"valueRequired\":true,\"valueName\":\"search_term_string\"}}],\"inLanguage\":\"es\"},{\"@type\":\"Person\",\"@id\":\"https:\\\/\\\/arealorcaradio.es\\\/#\\\/schema\\\/person\\\/9fae605fc25b0f2c83c1ab207139bd27\",\"name\":\"Paco S\u00e1nchez\",\"image\":{\"@type\":\"ImageObject\",\"inLanguage\":\"es\",\"@id\":\"https:\\\/\\\/secure.gravatar.com\\\/avatar\\\/d67144e966420fb74aa84c9f2a0103be4724fd14db52b52d3b6bca749f257e79?s=96&d=mm&r=g\",\"url\":\"https:\\\/\\\/secure.gravatar.com\\\/avatar\\\/d67144e966420fb74aa84c9f2a0103be4724fd14db52b52d3b6bca749f257e79?s=96&d=mm&r=g\",\"contentUrl\":\"https:\\\/\\\/secure.gravatar.com\\\/avatar\\\/d67144e966420fb74aa84c9f2a0103be4724fd14db52b52d3b6bca749f257e79?s=96&d=mm&r=g\",\"caption\":\"Paco S\u00e1nchez\"},\"sameAs\":[\"https:\\\/\\\/arealorcaradio.es\"],\"url\":\"https:\\\/\\\/arealorcaradio.es\\\/index.php\\\/author\\\/admin_alorcaradio\\\/\"}]}<\/script>\n<!-- \/ Yoast SEO plugin. -->","yoast_head_json":{"title":"Lorca acoge una exposici\u00f3n fotogr\u00e1fica itinerante sobre el centenario de la Mancomunidad de los Canales del Taibilla - AREA LORCA RADIO","robots":{"index":"index","follow":"follow","max-snippet":"max-snippet:-1","max-image-preview":"max-image-preview:large","max-video-preview":"max-video-preview:-1"},"canonical":"https:\/\/arealorcaradio.es\/index.php\/2025\/03\/12\/lorca-acoge-una-exposicion-fotografica-itinerante-sobre-el-centenario-de-la-mancomunidad-de-los-canales-del-taibilla\/","og_locale":"es_ES","og_type":"article","og_title":"Lorca acoge una exposici\u00f3n fotogr\u00e1fica itinerante sobre el centenario de la Mancomunidad de los Canales del Taibilla - AREA LORCA RADIO","og_description":"\u00c1REA LORCA RADIO. 12 de marzo de 2025.\u00a0La Plaza Calder\u00f3n de la Barca de Lorca acoge desde este mi\u00e9rcoles la exposici\u00f3n itinerante \u00abMancomunidad de los Canales del Taibilla: 100 a\u00f1os abasteciendo de agua y progreso\u00bb, una iniciativa de la MCT para conmemorar su centenario y dar a conocer su historia. La inauguraci\u00f3n ha contado con [&hellip;]","og_url":"https:\/\/arealorcaradio.es\/index.php\/2025\/03\/12\/lorca-acoge-una-exposicion-fotografica-itinerante-sobre-el-centenario-de-la-mancomunidad-de-los-canales-del-taibilla\/","og_site_name":"AREA LORCA RADIO","article_published_time":"2025-03-12T11:08:59+00:00","og_image":[{"width":2048,"height":1536,"url":"https:\/\/arealorcaradio.es\/wp-content\/uploads\/2025\/03\/foto2-expo.jpeg","type":"image\/jpeg"}],"author":"Paco S\u00e1nchez","twitter_card":"summary_large_image","twitter_misc":{"Escrito por":"Paco S\u00e1nchez","Tiempo de lectura":"5 minutos"},"schema":{"@context":"https:\/\/schema.org","@graph":[{"@type":"Article","@id":"https:\/\/arealorcaradio.es\/index.php\/2025\/03\/12\/lorca-acoge-una-exposicion-fotografica-itinerante-sobre-el-centenario-de-la-mancomunidad-de-los-canales-del-taibilla\/#article","isPartOf":{"@id":"https:\/\/arealorcaradio.es\/index.php\/2025\/03\/12\/lorca-acoge-una-exposicion-fotografica-itinerante-sobre-el-centenario-de-la-mancomunidad-de-los-canales-del-taibilla\/"},"author":{"name":"Paco S\u00e1nchez","@id":"https:\/\/arealorcaradio.es\/#\/schema\/person\/9fae605fc25b0f2c83c1ab207139bd27"},"headline":"Lorca acoge una exposici\u00f3n fotogr\u00e1fica itinerante sobre el centenario de la Mancomunidad de los Canales del Taibilla","datePublished":"2025-03-12T11:08:59+00:00","mainEntityOfPage":{"@id":"https:\/\/arealorcaradio.es\/index.php\/2025\/03\/12\/lorca-acoge-una-exposicion-fotografica-itinerante-sobre-el-centenario-de-la-mancomunidad-de-los-canales-del-taibilla\/"},"wordCount":837,"commentCount":0,"image":{"@id":"https:\/\/arealorcaradio.es\/index.php\/2025\/03\/12\/lorca-acoge-una-exposicion-fotografica-itinerante-sobre-el-centenario-de-la-mancomunidad-de-los-canales-del-taibilla\/#primaryimage"},"thumbnailUrl":"https:\/\/arealorcaradio.es\/wp-content\/uploads\/2025\/03\/foto2-expo.jpeg","articleSection":["ACTUALIDAD","LORCA"],"inLanguage":"es","potentialAction":[{"@type":"CommentAction","name":"Comment","target":["https:\/\/arealorcaradio.es\/index.php\/2025\/03\/12\/lorca-acoge-una-exposicion-fotografica-itinerante-sobre-el-centenario-de-la-mancomunidad-de-los-canales-del-taibilla\/#respond"]}]},{"@type":"WebPage","@id":"https:\/\/arealorcaradio.es\/index.php\/2025\/03\/12\/lorca-acoge-una-exposicion-fotografica-itinerante-sobre-el-centenario-de-la-mancomunidad-de-los-canales-del-taibilla\/","url":"https:\/\/arealorcaradio.es\/index.php\/2025\/03\/12\/lorca-acoge-una-exposicion-fotografica-itinerante-sobre-el-centenario-de-la-mancomunidad-de-los-canales-del-taibilla\/","name":"Lorca acoge una exposici\u00f3n fotogr\u00e1fica itinerante sobre el centenario de la Mancomunidad de los Canales del Taibilla - AREA LORCA RADIO","isPartOf":{"@id":"https:\/\/arealorcaradio.es\/#website"},"primaryImageOfPage":{"@id":"https:\/\/arealorcaradio.es\/index.php\/2025\/03\/12\/lorca-acoge-una-exposicion-fotografica-itinerante-sobre-el-centenario-de-la-mancomunidad-de-los-canales-del-taibilla\/#primaryimage"},"image":{"@id":"https:\/\/arealorcaradio.es\/index.php\/2025\/03\/12\/lorca-acoge-una-exposicion-fotografica-itinerante-sobre-el-centenario-de-la-mancomunidad-de-los-canales-del-taibilla\/#primaryimage"},"thumbnailUrl":"https:\/\/arealorcaradio.es\/wp-content\/uploads\/2025\/03\/foto2-expo.jpeg","datePublished":"2025-03-12T11:08:59+00:00","author":{"@id":"https:\/\/arealorcaradio.es\/#\/schema\/person\/9fae605fc25b0f2c83c1ab207139bd27"},"breadcrumb":{"@id":"https:\/\/arealorcaradio.es\/index.php\/2025\/03\/12\/lorca-acoge-una-exposicion-fotografica-itinerante-sobre-el-centenario-de-la-mancomunidad-de-los-canales-del-taibilla\/#breadcrumb"},"inLanguage":"es","potentialAction":[{"@type":"ReadAction","target":["https:\/\/arealorcaradio.es\/index.php\/2025\/03\/12\/lorca-acoge-una-exposicion-fotografica-itinerante-sobre-el-centenario-de-la-mancomunidad-de-los-canales-del-taibilla\/"]}]},{"@type":"ImageObject","inLanguage":"es","@id":"https:\/\/arealorcaradio.es\/index.php\/2025\/03\/12\/lorca-acoge-una-exposicion-fotografica-itinerante-sobre-el-centenario-de-la-mancomunidad-de-los-canales-del-taibilla\/#primaryimage","url":"https:\/\/arealorcaradio.es\/wp-content\/uploads\/2025\/03\/foto2-expo.jpeg","contentUrl":"https:\/\/arealorcaradio.es\/wp-content\/uploads\/2025\/03\/foto2-expo.jpeg","width":2048,"height":1536},{"@type":"BreadcrumbList","@id":"https:\/\/arealorcaradio.es\/index.php\/2025\/03\/12\/lorca-acoge-una-exposicion-fotografica-itinerante-sobre-el-centenario-de-la-mancomunidad-de-los-canales-del-taibilla\/#breadcrumb","itemListElement":[{"@type":"ListItem","position":1,"name":"Portada","item":"https:\/\/arealorcaradio.es\/"},{"@type":"ListItem","position":2,"name":"Lorca acoge una exposici\u00f3n fotogr\u00e1fica itinerante sobre el centenario de la Mancomunidad de los Canales del Taibilla"}]},{"@type":"WebSite","@id":"https:\/\/arealorcaradio.es\/#website","url":"https:\/\/arealorcaradio.es\/","name":"AREA LORCA RADIO","description":"Descubre la programaci\u00f3n actual en \u00c1rea Lorca Radio, tu fuente de entrenamiento y noticias locales. Sintoniza ahora y mantente conectado online.","potentialAction":[{"@type":"SearchAction","target":{"@type":"EntryPoint","urlTemplate":"https:\/\/arealorcaradio.es\/?s={search_term_string}"},"query-input":{"@type":"PropertyValueSpecification","valueRequired":true,"valueName":"search_term_string"}}],"inLanguage":"es"},{"@type":"Person","@id":"https:\/\/arealorcaradio.es\/#\/schema\/person\/9fae605fc25b0f2c83c1ab207139bd27","name":"Paco S\u00e1nchez","image":{"@type":"ImageObject","inLanguage":"es","@id":"https:\/\/secure.gravatar.com\/avatar\/d67144e966420fb74aa84c9f2a0103be4724fd14db52b52d3b6bca749f257e79?s=96&d=mm&r=g","url":"https:\/\/secure.gravatar.com\/avatar\/d67144e966420fb74aa84c9f2a0103be4724fd14db52b52d3b6bca749f257e79?s=96&d=mm&r=g","contentUrl":"https:\/\/secure.gravatar.com\/avatar\/d67144e966420fb74aa84c9f2a0103be4724fd14db52b52d3b6bca749f257e79?s=96&d=mm&r=g","caption":"Paco S\u00e1nchez"},"sameAs":["https:\/\/arealorcaradio.es"],"url":"https:\/\/arealorcaradio.es\/index.php\/author\/admin_alorcaradio\/"}]}},"_links":{"self":[{"href":"https:\/\/arealorcaradio.es\/index.php\/wp-json\/wp\/v2\/posts\/5881","targetHints":{"allow":["GET"]}}],"collection":[{"href":"https:\/\/arealorcaradio.es\/index.php\/wp-json\/wp\/v2\/posts"}],"about":[{"href":"https:\/\/arealorcaradio.es\/index.php\/wp-json\/wp\/v2\/types\/post"}],"author":[{"embeddable":true,"href":"https:\/\/arealorcaradio.es\/index.php\/wp-json\/wp\/v2\/users\/1"}],"replies":[{"embeddable":true,"href":"https:\/\/arealorcaradio.es\/index.php\/wp-json\/wp\/v2\/comments?post=5881"}],"version-history":[{"count":1,"href":"https:\/\/arealorcaradio.es\/index.php\/wp-json\/wp\/v2\/posts\/5881\/revisions"}],"predecessor-version":[{"id":5887,"href":"https:\/\/arealorcaradio.es\/index.php\/wp-json\/wp\/v2\/posts\/5881\/revisions\/5887"}],"wp:featuredmedia":[{"embeddable":true,"href":"https:\/\/arealorcaradio.es\/index.php\/wp-json\/wp\/v2\/media\/5888"}],"wp:attachment":[{"href":"https:\/\/arealorcaradio.es\/index.php\/wp-json\/wp\/v2\/media?parent=5881"}],"wp:term":[{"taxonomy":"category","embeddable":true,"href":"https:\/\/arealorcaradio.es\/index.php\/wp-json\/wp\/v2\/categories?post=5881"},{"taxonomy":"post_tag","embeddable":true,"href":"https:\/\/arealorcaradio.es\/index.php\/wp-json\/wp\/v2\/tags?post=5881"}],"curies":[{"name":"wp","href":"https:\/\/api.w.org\/{rel}","templated":true}]}}