{"id":5875,"date":"2025-03-11T19:57:29","date_gmt":"2025-03-11T19:57:29","guid":{"rendered":"https:\/\/arealorcaradio.es\/?p=5875"},"modified":"2025-03-11T20:00:11","modified_gmt":"2025-03-11T20:00:11","slug":"sale-a-la-venta-el-primer-album-de-cromos-de-la-semana-santa-de-lorca-pasion-en-colores","status":"publish","type":"post","link":"https:\/\/arealorcaradio.es\/index.php\/2025\/03\/11\/sale-a-la-venta-el-primer-album-de-cromos-de-la-semana-santa-de-lorca-pasion-en-colores\/","title":{"rendered":"Sale a la venta el primer \u00e1lbum de cromos de la Semana Santa de Lorca \u00abPasi\u00f3n en colores\u00bb"},"content":{"rendered":"<p><strong>\u00c1REA LORCA RADIO.<\/strong><\/p>\n<p>Escucha aqu\u00ed la entrevista que han concedido a Paco S\u00e1nchez dos de los cuatro j\u00f3venes que han ideado esta iniciativa que se denomina \u00abPasi\u00f3n en colores\u00bb. Nos han visitado en el estudio Antonio Mariano Hern\u00e1ndez y Carmen Alcal\u00e1.<\/p>\n<audio class=\"wp-audio-shortcode\" id=\"audio-5875-1\" preload=\"none\" style=\"width: 100%;\" controls=\"controls\"><source type=\"audio\/mpeg\" src=\"https:\/\/arealorcaradio.es\/wp-content\/uploads\/2025\/03\/110325-ANTONIO-MARIANO-Y-CARMEN-ALCALA.-CROMOSS.mp3?_=1\" \/><a href=\"https:\/\/arealorcaradio.es\/wp-content\/uploads\/2025\/03\/110325-ANTONIO-MARIANO-Y-CARMEN-ALCALA.-CROMOSS.mp3\">https:\/\/arealorcaradio.es\/wp-content\/uploads\/2025\/03\/110325-ANTONIO-MARIANO-Y-CARMEN-ALCALA.-CROMOSS.mp3<\/a><\/audio>\n<p><img loading=\"lazy\" decoding=\"async\" class=\"alignnone size-medium wp-image-5878\" src=\"https:\/\/arealorcaradio.es\/wp-content\/uploads\/2025\/03\/20250311_165430-300x225.jpg\" alt=\"\" width=\"300\" height=\"225\" srcset=\"https:\/\/arealorcaradio.es\/wp-content\/uploads\/2025\/03\/20250311_165430-300x225.jpg 300w, https:\/\/arealorcaradio.es\/wp-content\/uploads\/2025\/03\/20250311_165430-1024x768.jpg 1024w, https:\/\/arealorcaradio.es\/wp-content\/uploads\/2025\/03\/20250311_165430-768x576.jpg 768w, https:\/\/arealorcaradio.es\/wp-content\/uploads\/2025\/03\/20250311_165430-1536x1152.jpg 1536w, https:\/\/arealorcaradio.es\/wp-content\/uploads\/2025\/03\/20250311_165430-2048x1536.jpg 2048w, https:\/\/arealorcaradio.es\/wp-content\/uploads\/2025\/03\/20250311_165430-86x64.jpg 86w\" sizes=\"auto, (max-width: 300px) 100vw, 300px\" \/><\/p>\n<p>Se trata de un \u00e1lbum coleccionable de cromos de la Semana Santa de Lorca, elaborado por cuatro j\u00f3venes cofrades quienes tienen la intenci\u00f3n de que vea la luz anualmente. Es el primero de estas caracter\u00edsticas en la Regi\u00f3n de Murcia.<\/p>\n<p><img loading=\"lazy\" decoding=\"async\" class=\"alignnone size-medium wp-image-5877\" src=\"https:\/\/arealorcaradio.es\/wp-content\/uploads\/2025\/03\/IMG-20250311-WA0044-225x300.jpg\" alt=\"\" width=\"225\" height=\"300\" srcset=\"https:\/\/arealorcaradio.es\/wp-content\/uploads\/2025\/03\/IMG-20250311-WA0044-225x300.jpg 225w, https:\/\/arealorcaradio.es\/wp-content\/uploads\/2025\/03\/IMG-20250311-WA0044-768x1024.jpg 768w, https:\/\/arealorcaradio.es\/wp-content\/uploads\/2025\/03\/IMG-20250311-WA0044-1152x1536.jpg 1152w, https:\/\/arealorcaradio.es\/wp-content\/uploads\/2025\/03\/IMG-20250311-WA0044.jpg 1536w\" sizes=\"auto, (max-width: 225px) 100vw, 225px\" \/><\/p>\n<p>El \u00e1lbum tiene un precio de 12 euros, los sobres de cromos 1 euro y se pueden adquirir en las sedes de los pasos, quioscos de prensa, comercios, as\u00ed como en la p\u00e1gina www.cromoss.es<\/p>\n<p class=\"v-p\">Consta de 260 cromos con im\u00e1genes b\u00edblicas y religiosas de las seis cofrad\u00edas de Semana Santa de Lorca, que han colaborado en esta iniciativa durante los \u00faltimos ocho meses.<\/p>\n<p class=\"v-p\">\n","protected":false},"excerpt":{"rendered":"<p>\u00c1REA LORCA RADIO. Escucha aqu\u00ed la entrevista que han concedido a Paco S\u00e1nchez dos de los cuatro j\u00f3venes que han ideado esta iniciativa que se denomina \u00abPasi\u00f3n en colores\u00bb. Nos han visitado en el estudio Antonio Mariano Hern\u00e1ndez y Carmen Alcal\u00e1. Se trata de un \u00e1lbum coleccionable de cromos de la Semana Santa de Lorca, [&hellip;]<\/p>\n","protected":false},"author":1,"featured_media":5879,"comment_status":"open","ping_status":"open","sticky":false,"template":"","format":"standard","meta":{"iawp_total_views":66,"footnotes":""},"categories":[5,7],"tags":[],"class_list":["post-5875","post","type-post","status-publish","format-standard","has-post-thumbnail","hentry","category-actualidad","category-lorca"],"yoast_head":"<!-- This site is optimized with the Yoast SEO plugin v27.5 - https:\/\/yoast.com\/product\/yoast-seo-wordpress\/ -->\n<title>Sale a la venta el primer \u00e1lbum de cromos de la Semana Santa de Lorca &quot;Pasi\u00f3n en colores&quot; - AREA LORCA RADIO<\/title>\n<meta name=\"robots\" content=\"index, follow, max-snippet:-1, max-image-preview:large, max-video-preview:-1\" \/>\n<link rel=\"canonical\" href=\"https:\/\/arealorcaradio.es\/index.php\/2025\/03\/11\/sale-a-la-venta-el-primer-album-de-cromos-de-la-semana-santa-de-lorca-pasion-en-colores\/\" \/>\n<meta property=\"og:locale\" content=\"es_ES\" \/>\n<meta property=\"og:type\" content=\"article\" \/>\n<meta property=\"og:title\" content=\"Sale a la venta el primer \u00e1lbum de cromos de la Semana Santa de Lorca &quot;Pasi\u00f3n en colores&quot; - AREA LORCA RADIO\" \/>\n<meta property=\"og:description\" content=\"\u00c1REA LORCA RADIO. Escucha aqu\u00ed la entrevista que han concedido a Paco S\u00e1nchez dos de los cuatro j\u00f3venes que han ideado esta iniciativa que se denomina \u00abPasi\u00f3n en colores\u00bb. Nos han visitado en el estudio Antonio Mariano Hern\u00e1ndez y Carmen Alcal\u00e1. Se trata de un \u00e1lbum coleccionable de cromos de la Semana Santa de Lorca, [&hellip;]\" \/>\n<meta property=\"og:url\" content=\"https:\/\/arealorcaradio.es\/index.php\/2025\/03\/11\/sale-a-la-venta-el-primer-album-de-cromos-de-la-semana-santa-de-lorca-pasion-en-colores\/\" \/>\n<meta property=\"og:site_name\" content=\"AREA LORCA RADIO\" \/>\n<meta property=\"article:published_time\" content=\"2025-03-11T19:57:29+00:00\" \/>\n<meta property=\"article:modified_time\" content=\"2025-03-11T20:00:11+00:00\" \/>\n<meta property=\"og:image\" content=\"https:\/\/arealorcaradio.es\/wp-content\/uploads\/2025\/03\/20250311_165517-scaled.jpg\" \/>\n\t<meta property=\"og:image:width\" content=\"2560\" \/>\n\t<meta property=\"og:image:height\" content=\"1920\" \/>\n\t<meta property=\"og:image:type\" content=\"image\/jpeg\" \/>\n<meta name=\"author\" content=\"Paco S\u00e1nchez\" \/>\n<meta name=\"twitter:card\" content=\"summary_large_image\" \/>\n<meta name=\"twitter:label1\" content=\"Escrito por\" \/>\n\t<meta name=\"twitter:data1\" content=\"Paco S\u00e1nchez\" \/>\n\t<meta name=\"twitter:label2\" content=\"Tiempo de lectura\" \/>\n\t<meta name=\"twitter:data2\" content=\"2 minutos\" \/>\n<script type=\"application\/ld+json\" class=\"yoast-schema-graph\">{\"@context\":\"https:\\\/\\\/schema.org\",\"@graph\":[{\"@type\":\"Article\",\"@id\":\"https:\\\/\\\/arealorcaradio.es\\\/index.php\\\/2025\\\/03\\\/11\\\/sale-a-la-venta-el-primer-album-de-cromos-de-la-semana-santa-de-lorca-pasion-en-colores\\\/#article\",\"isPartOf\":{\"@id\":\"https:\\\/\\\/arealorcaradio.es\\\/index.php\\\/2025\\\/03\\\/11\\\/sale-a-la-venta-el-primer-album-de-cromos-de-la-semana-santa-de-lorca-pasion-en-colores\\\/\"},\"author\":{\"name\":\"Paco S\u00e1nchez\",\"@id\":\"https:\\\/\\\/arealorcaradio.es\\\/#\\\/schema\\\/person\\\/9fae605fc25b0f2c83c1ab207139bd27\"},\"headline\":\"Sale a la venta el primer \u00e1lbum de cromos de la Semana Santa de Lorca \u00abPasi\u00f3n en colores\u00bb\",\"datePublished\":\"2025-03-11T19:57:29+00:00\",\"dateModified\":\"2025-03-11T20:00:11+00:00\",\"mainEntityOfPage\":{\"@id\":\"https:\\\/\\\/arealorcaradio.es\\\/index.php\\\/2025\\\/03\\\/11\\\/sale-a-la-venta-el-primer-album-de-cromos-de-la-semana-santa-de-lorca-pasion-en-colores\\\/\"},\"wordCount\":185,\"commentCount\":0,\"image\":{\"@id\":\"https:\\\/\\\/arealorcaradio.es\\\/index.php\\\/2025\\\/03\\\/11\\\/sale-a-la-venta-el-primer-album-de-cromos-de-la-semana-santa-de-lorca-pasion-en-colores\\\/#primaryimage\"},\"thumbnailUrl\":\"https:\\\/\\\/arealorcaradio.es\\\/wp-content\\\/uploads\\\/2025\\\/03\\\/20250311_165517-scaled.jpg\",\"articleSection\":[\"ACTUALIDAD\",\"LORCA\"],\"inLanguage\":\"es\",\"potentialAction\":[{\"@type\":\"CommentAction\",\"name\":\"Comment\",\"target\":[\"https:\\\/\\\/arealorcaradio.es\\\/index.php\\\/2025\\\/03\\\/11\\\/sale-a-la-venta-el-primer-album-de-cromos-de-la-semana-santa-de-lorca-pasion-en-colores\\\/#respond\"]}]},{\"@type\":\"WebPage\",\"@id\":\"https:\\\/\\\/arealorcaradio.es\\\/index.php\\\/2025\\\/03\\\/11\\\/sale-a-la-venta-el-primer-album-de-cromos-de-la-semana-santa-de-lorca-pasion-en-colores\\\/\",\"url\":\"https:\\\/\\\/arealorcaradio.es\\\/index.php\\\/2025\\\/03\\\/11\\\/sale-a-la-venta-el-primer-album-de-cromos-de-la-semana-santa-de-lorca-pasion-en-colores\\\/\",\"name\":\"Sale a la venta el primer \u00e1lbum de cromos de la Semana Santa de Lorca \\\"Pasi\u00f3n en colores\\\" - AREA LORCA RADIO\",\"isPartOf\":{\"@id\":\"https:\\\/\\\/arealorcaradio.es\\\/#website\"},\"primaryImageOfPage\":{\"@id\":\"https:\\\/\\\/arealorcaradio.es\\\/index.php\\\/2025\\\/03\\\/11\\\/sale-a-la-venta-el-primer-album-de-cromos-de-la-semana-santa-de-lorca-pasion-en-colores\\\/#primaryimage\"},\"image\":{\"@id\":\"https:\\\/\\\/arealorcaradio.es\\\/index.php\\\/2025\\\/03\\\/11\\\/sale-a-la-venta-el-primer-album-de-cromos-de-la-semana-santa-de-lorca-pasion-en-colores\\\/#primaryimage\"},\"thumbnailUrl\":\"https:\\\/\\\/arealorcaradio.es\\\/wp-content\\\/uploads\\\/2025\\\/03\\\/20250311_165517-scaled.jpg\",\"datePublished\":\"2025-03-11T19:57:29+00:00\",\"dateModified\":\"2025-03-11T20:00:11+00:00\",\"author\":{\"@id\":\"https:\\\/\\\/arealorcaradio.es\\\/#\\\/schema\\\/person\\\/9fae605fc25b0f2c83c1ab207139bd27\"},\"breadcrumb\":{\"@id\":\"https:\\\/\\\/arealorcaradio.es\\\/index.php\\\/2025\\\/03\\\/11\\\/sale-a-la-venta-el-primer-album-de-cromos-de-la-semana-santa-de-lorca-pasion-en-colores\\\/#breadcrumb\"},\"inLanguage\":\"es\",\"potentialAction\":[{\"@type\":\"ReadAction\",\"target\":[\"https:\\\/\\\/arealorcaradio.es\\\/index.php\\\/2025\\\/03\\\/11\\\/sale-a-la-venta-el-primer-album-de-cromos-de-la-semana-santa-de-lorca-pasion-en-colores\\\/\"]}]},{\"@type\":\"ImageObject\",\"inLanguage\":\"es\",\"@id\":\"https:\\\/\\\/arealorcaradio.es\\\/index.php\\\/2025\\\/03\\\/11\\\/sale-a-la-venta-el-primer-album-de-cromos-de-la-semana-santa-de-lorca-pasion-en-colores\\\/#primaryimage\",\"url\":\"https:\\\/\\\/arealorcaradio.es\\\/wp-content\\\/uploads\\\/2025\\\/03\\\/20250311_165517-scaled.jpg\",\"contentUrl\":\"https:\\\/\\\/arealorcaradio.es\\\/wp-content\\\/uploads\\\/2025\\\/03\\\/20250311_165517-scaled.jpg\",\"width\":2560,\"height\":1920},{\"@type\":\"BreadcrumbList\",\"@id\":\"https:\\\/\\\/arealorcaradio.es\\\/index.php\\\/2025\\\/03\\\/11\\\/sale-a-la-venta-el-primer-album-de-cromos-de-la-semana-santa-de-lorca-pasion-en-colores\\\/#breadcrumb\",\"itemListElement\":[{\"@type\":\"ListItem\",\"position\":1,\"name\":\"Portada\",\"item\":\"https:\\\/\\\/arealorcaradio.es\\\/\"},{\"@type\":\"ListItem\",\"position\":2,\"name\":\"Sale a la venta el primer \u00e1lbum de cromos de la Semana Santa de Lorca \u00abPasi\u00f3n en colores\u00bb\"}]},{\"@type\":\"WebSite\",\"@id\":\"https:\\\/\\\/arealorcaradio.es\\\/#website\",\"url\":\"https:\\\/\\\/arealorcaradio.es\\\/\",\"name\":\"AREA LORCA RADIO\",\"description\":\"Descubre la programaci\u00f3n actual en \u00c1rea Lorca Radio, tu fuente de entrenamiento y noticias locales. Sintoniza ahora y mantente conectado online.\",\"potentialAction\":[{\"@type\":\"SearchAction\",\"target\":{\"@type\":\"EntryPoint\",\"urlTemplate\":\"https:\\\/\\\/arealorcaradio.es\\\/?s={search_term_string}\"},\"query-input\":{\"@type\":\"PropertyValueSpecification\",\"valueRequired\":true,\"valueName\":\"search_term_string\"}}],\"inLanguage\":\"es\"},{\"@type\":\"Person\",\"@id\":\"https:\\\/\\\/arealorcaradio.es\\\/#\\\/schema\\\/person\\\/9fae605fc25b0f2c83c1ab207139bd27\",\"name\":\"Paco S\u00e1nchez\",\"image\":{\"@type\":\"ImageObject\",\"inLanguage\":\"es\",\"@id\":\"https:\\\/\\\/secure.gravatar.com\\\/avatar\\\/d67144e966420fb74aa84c9f2a0103be4724fd14db52b52d3b6bca749f257e79?s=96&d=mm&r=g\",\"url\":\"https:\\\/\\\/secure.gravatar.com\\\/avatar\\\/d67144e966420fb74aa84c9f2a0103be4724fd14db52b52d3b6bca749f257e79?s=96&d=mm&r=g\",\"contentUrl\":\"https:\\\/\\\/secure.gravatar.com\\\/avatar\\\/d67144e966420fb74aa84c9f2a0103be4724fd14db52b52d3b6bca749f257e79?s=96&d=mm&r=g\",\"caption\":\"Paco S\u00e1nchez\"},\"sameAs\":[\"https:\\\/\\\/arealorcaradio.es\"],\"url\":\"https:\\\/\\\/arealorcaradio.es\\\/index.php\\\/author\\\/admin_alorcaradio\\\/\"}]}<\/script>\n<!-- \/ Yoast SEO plugin. -->","yoast_head_json":{"title":"Sale a la venta el primer \u00e1lbum de cromos de la Semana Santa de Lorca \"Pasi\u00f3n en colores\" - AREA LORCA RADIO","robots":{"index":"index","follow":"follow","max-snippet":"max-snippet:-1","max-image-preview":"max-image-preview:large","max-video-preview":"max-video-preview:-1"},"canonical":"https:\/\/arealorcaradio.es\/index.php\/2025\/03\/11\/sale-a-la-venta-el-primer-album-de-cromos-de-la-semana-santa-de-lorca-pasion-en-colores\/","og_locale":"es_ES","og_type":"article","og_title":"Sale a la venta el primer \u00e1lbum de cromos de la Semana Santa de Lorca \"Pasi\u00f3n en colores\" - AREA LORCA RADIO","og_description":"\u00c1REA LORCA RADIO. Escucha aqu\u00ed la entrevista que han concedido a Paco S\u00e1nchez dos de los cuatro j\u00f3venes que han ideado esta iniciativa que se denomina \u00abPasi\u00f3n en colores\u00bb. Nos han visitado en el estudio Antonio Mariano Hern\u00e1ndez y Carmen Alcal\u00e1. Se trata de un \u00e1lbum coleccionable de cromos de la Semana Santa de Lorca, [&hellip;]","og_url":"https:\/\/arealorcaradio.es\/index.php\/2025\/03\/11\/sale-a-la-venta-el-primer-album-de-cromos-de-la-semana-santa-de-lorca-pasion-en-colores\/","og_site_name":"AREA LORCA RADIO","article_published_time":"2025-03-11T19:57:29+00:00","article_modified_time":"2025-03-11T20:00:11+00:00","og_image":[{"width":2560,"height":1920,"url":"https:\/\/arealorcaradio.es\/wp-content\/uploads\/2025\/03\/20250311_165517-scaled.jpg","type":"image\/jpeg"}],"author":"Paco S\u00e1nchez","twitter_card":"summary_large_image","twitter_misc":{"Escrito por":"Paco S\u00e1nchez","Tiempo de lectura":"2 minutos"},"schema":{"@context":"https:\/\/schema.org","@graph":[{"@type":"Article","@id":"https:\/\/arealorcaradio.es\/index.php\/2025\/03\/11\/sale-a-la-venta-el-primer-album-de-cromos-de-la-semana-santa-de-lorca-pasion-en-colores\/#article","isPartOf":{"@id":"https:\/\/arealorcaradio.es\/index.php\/2025\/03\/11\/sale-a-la-venta-el-primer-album-de-cromos-de-la-semana-santa-de-lorca-pasion-en-colores\/"},"author":{"name":"Paco S\u00e1nchez","@id":"https:\/\/arealorcaradio.es\/#\/schema\/person\/9fae605fc25b0f2c83c1ab207139bd27"},"headline":"Sale a la venta el primer \u00e1lbum de cromos de la Semana Santa de Lorca \u00abPasi\u00f3n en colores\u00bb","datePublished":"2025-03-11T19:57:29+00:00","dateModified":"2025-03-11T20:00:11+00:00","mainEntityOfPage":{"@id":"https:\/\/arealorcaradio.es\/index.php\/2025\/03\/11\/sale-a-la-venta-el-primer-album-de-cromos-de-la-semana-santa-de-lorca-pasion-en-colores\/"},"wordCount":185,"commentCount":0,"image":{"@id":"https:\/\/arealorcaradio.es\/index.php\/2025\/03\/11\/sale-a-la-venta-el-primer-album-de-cromos-de-la-semana-santa-de-lorca-pasion-en-colores\/#primaryimage"},"thumbnailUrl":"https:\/\/arealorcaradio.es\/wp-content\/uploads\/2025\/03\/20250311_165517-scaled.jpg","articleSection":["ACTUALIDAD","LORCA"],"inLanguage":"es","potentialAction":[{"@type":"CommentAction","name":"Comment","target":["https:\/\/arealorcaradio.es\/index.php\/2025\/03\/11\/sale-a-la-venta-el-primer-album-de-cromos-de-la-semana-santa-de-lorca-pasion-en-colores\/#respond"]}]},{"@type":"WebPage","@id":"https:\/\/arealorcaradio.es\/index.php\/2025\/03\/11\/sale-a-la-venta-el-primer-album-de-cromos-de-la-semana-santa-de-lorca-pasion-en-colores\/","url":"https:\/\/arealorcaradio.es\/index.php\/2025\/03\/11\/sale-a-la-venta-el-primer-album-de-cromos-de-la-semana-santa-de-lorca-pasion-en-colores\/","name":"Sale a la venta el primer \u00e1lbum de cromos de la Semana Santa de Lorca \"Pasi\u00f3n en colores\" - AREA LORCA RADIO","isPartOf":{"@id":"https:\/\/arealorcaradio.es\/#website"},"primaryImageOfPage":{"@id":"https:\/\/arealorcaradio.es\/index.php\/2025\/03\/11\/sale-a-la-venta-el-primer-album-de-cromos-de-la-semana-santa-de-lorca-pasion-en-colores\/#primaryimage"},"image":{"@id":"https:\/\/arealorcaradio.es\/index.php\/2025\/03\/11\/sale-a-la-venta-el-primer-album-de-cromos-de-la-semana-santa-de-lorca-pasion-en-colores\/#primaryimage"},"thumbnailUrl":"https:\/\/arealorcaradio.es\/wp-content\/uploads\/2025\/03\/20250311_165517-scaled.jpg","datePublished":"2025-03-11T19:57:29+00:00","dateModified":"2025-03-11T20:00:11+00:00","author":{"@id":"https:\/\/arealorcaradio.es\/#\/schema\/person\/9fae605fc25b0f2c83c1ab207139bd27"},"breadcrumb":{"@id":"https:\/\/arealorcaradio.es\/index.php\/2025\/03\/11\/sale-a-la-venta-el-primer-album-de-cromos-de-la-semana-santa-de-lorca-pasion-en-colores\/#breadcrumb"},"inLanguage":"es","potentialAction":[{"@type":"ReadAction","target":["https:\/\/arealorcaradio.es\/index.php\/2025\/03\/11\/sale-a-la-venta-el-primer-album-de-cromos-de-la-semana-santa-de-lorca-pasion-en-colores\/"]}]},{"@type":"ImageObject","inLanguage":"es","@id":"https:\/\/arealorcaradio.es\/index.php\/2025\/03\/11\/sale-a-la-venta-el-primer-album-de-cromos-de-la-semana-santa-de-lorca-pasion-en-colores\/#primaryimage","url":"https:\/\/arealorcaradio.es\/wp-content\/uploads\/2025\/03\/20250311_165517-scaled.jpg","contentUrl":"https:\/\/arealorcaradio.es\/wp-content\/uploads\/2025\/03\/20250311_165517-scaled.jpg","width":2560,"height":1920},{"@type":"BreadcrumbList","@id":"https:\/\/arealorcaradio.es\/index.php\/2025\/03\/11\/sale-a-la-venta-el-primer-album-de-cromos-de-la-semana-santa-de-lorca-pasion-en-colores\/#breadcrumb","itemListElement":[{"@type":"ListItem","position":1,"name":"Portada","item":"https:\/\/arealorcaradio.es\/"},{"@type":"ListItem","position":2,"name":"Sale a la venta el primer \u00e1lbum de cromos de la Semana Santa de Lorca \u00abPasi\u00f3n en colores\u00bb"}]},{"@type":"WebSite","@id":"https:\/\/arealorcaradio.es\/#website","url":"https:\/\/arealorcaradio.es\/","name":"AREA LORCA RADIO","description":"Descubre la programaci\u00f3n actual en \u00c1rea Lorca Radio, tu fuente de entrenamiento y noticias locales. Sintoniza ahora y mantente conectado online.","potentialAction":[{"@type":"SearchAction","target":{"@type":"EntryPoint","urlTemplate":"https:\/\/arealorcaradio.es\/?s={search_term_string}"},"query-input":{"@type":"PropertyValueSpecification","valueRequired":true,"valueName":"search_term_string"}}],"inLanguage":"es"},{"@type":"Person","@id":"https:\/\/arealorcaradio.es\/#\/schema\/person\/9fae605fc25b0f2c83c1ab207139bd27","name":"Paco S\u00e1nchez","image":{"@type":"ImageObject","inLanguage":"es","@id":"https:\/\/secure.gravatar.com\/avatar\/d67144e966420fb74aa84c9f2a0103be4724fd14db52b52d3b6bca749f257e79?s=96&d=mm&r=g","url":"https:\/\/secure.gravatar.com\/avatar\/d67144e966420fb74aa84c9f2a0103be4724fd14db52b52d3b6bca749f257e79?s=96&d=mm&r=g","contentUrl":"https:\/\/secure.gravatar.com\/avatar\/d67144e966420fb74aa84c9f2a0103be4724fd14db52b52d3b6bca749f257e79?s=96&d=mm&r=g","caption":"Paco S\u00e1nchez"},"sameAs":["https:\/\/arealorcaradio.es"],"url":"https:\/\/arealorcaradio.es\/index.php\/author\/admin_alorcaradio\/"}]}},"_links":{"self":[{"href":"https:\/\/arealorcaradio.es\/index.php\/wp-json\/wp\/v2\/posts\/5875","targetHints":{"allow":["GET"]}}],"collection":[{"href":"https:\/\/arealorcaradio.es\/index.php\/wp-json\/wp\/v2\/posts"}],"about":[{"href":"https:\/\/arealorcaradio.es\/index.php\/wp-json\/wp\/v2\/types\/post"}],"author":[{"embeddable":true,"href":"https:\/\/arealorcaradio.es\/index.php\/wp-json\/wp\/v2\/users\/1"}],"replies":[{"embeddable":true,"href":"https:\/\/arealorcaradio.es\/index.php\/wp-json\/wp\/v2\/comments?post=5875"}],"version-history":[{"count":1,"href":"https:\/\/arealorcaradio.es\/index.php\/wp-json\/wp\/v2\/posts\/5875\/revisions"}],"predecessor-version":[{"id":5880,"href":"https:\/\/arealorcaradio.es\/index.php\/wp-json\/wp\/v2\/posts\/5875\/revisions\/5880"}],"wp:featuredmedia":[{"embeddable":true,"href":"https:\/\/arealorcaradio.es\/index.php\/wp-json\/wp\/v2\/media\/5879"}],"wp:attachment":[{"href":"https:\/\/arealorcaradio.es\/index.php\/wp-json\/wp\/v2\/media?parent=5875"}],"wp:term":[{"taxonomy":"category","embeddable":true,"href":"https:\/\/arealorcaradio.es\/index.php\/wp-json\/wp\/v2\/categories?post=5875"},{"taxonomy":"post_tag","embeddable":true,"href":"https:\/\/arealorcaradio.es\/index.php\/wp-json\/wp\/v2\/tags?post=5875"}],"curies":[{"name":"wp","href":"https:\/\/api.w.org\/{rel}","templated":true}]}}