{"id":5860,"date":"2025-03-11T12:46:27","date_gmt":"2025-03-11T12:46:27","guid":{"rendered":"https:\/\/arealorcaradio.es\/?p=5860"},"modified":"2025-03-11T12:46:27","modified_gmt":"2025-03-11T12:46:27","slug":"el-paso-morado-conmemora-el-vigesimo-quinto-aniversario-de-la-bajada-penitencial-del-cristo-de-la-misericordia-con-un-amplio-programa-de-actos","status":"publish","type":"post","link":"https:\/\/arealorcaradio.es\/index.php\/2025\/03\/11\/el-paso-morado-conmemora-el-vigesimo-quinto-aniversario-de-la-bajada-penitencial-del-cristo-de-la-misericordia-con-un-amplio-programa-de-actos\/","title":{"rendered":"El Paso Morado conmemora el vig\u00e9simo quinto aniversario de la Bajada Penitencial del Cristo de la Misericordia con un amplio programa de actos"},"content":{"rendered":"<p><strong>\u00c1REA LORCA RADIO.<\/strong><\/p>\n<p class=\"v1MsoNormal\"><b>11 de marzo de 2025.<\/b>\u00a0El alcalde de Lorca, Fulgencio Gil J\u00f3dar, ha inaugurado este martes, junto al presidente del Paso Morado, \u00c1ngel Latorre, la exposici\u00f3n fotogr\u00e1fica extraordinaria \u00ab25 Aniversario de la Bajada Penitencial del Sant\u00edsimo Cristo de la Misericordia\u00bb, una muestra que recoge en m\u00e1s de un centenar de fotograf\u00edas y v\u00eddeos la evoluci\u00f3n de esta tradici\u00f3n iniciada por la Cofrad\u00eda del Sant\u00edsimo Cristo del Perd\u00f3n hace un cuarto de siglo.<\/p>\n<p class=\"v1MsoNormal\"><img loading=\"lazy\" decoding=\"async\" class=\"alignnone size-medium wp-image-5863\" src=\"https:\/\/arealorcaradio.es\/wp-content\/uploads\/2025\/03\/EXPOSICION-PASO-MORADO-6-300x200.jpeg\" alt=\"\" width=\"300\" height=\"200\" srcset=\"https:\/\/arealorcaradio.es\/wp-content\/uploads\/2025\/03\/EXPOSICION-PASO-MORADO-6-300x200.jpeg 300w, https:\/\/arealorcaradio.es\/wp-content\/uploads\/2025\/03\/EXPOSICION-PASO-MORADO-6-1024x682.jpeg 1024w, https:\/\/arealorcaradio.es\/wp-content\/uploads\/2025\/03\/EXPOSICION-PASO-MORADO-6-768x512.jpeg 768w, https:\/\/arealorcaradio.es\/wp-content\/uploads\/2025\/03\/EXPOSICION-PASO-MORADO-6-1536x1023.jpeg 1536w, https:\/\/arealorcaradio.es\/wp-content\/uploads\/2025\/03\/EXPOSICION-PASO-MORADO-6.jpeg 1600w\" sizes=\"auto, (max-width: 300px) 100vw, 300px\" \/> <img loading=\"lazy\" decoding=\"async\" class=\"alignnone size-medium wp-image-5864\" src=\"https:\/\/arealorcaradio.es\/wp-content\/uploads\/2025\/03\/EXPOSICION-PASO-MORADO-3-300x200.jpeg\" alt=\"\" width=\"300\" height=\"200\" srcset=\"https:\/\/arealorcaradio.es\/wp-content\/uploads\/2025\/03\/EXPOSICION-PASO-MORADO-3-300x200.jpeg 300w, https:\/\/arealorcaradio.es\/wp-content\/uploads\/2025\/03\/EXPOSICION-PASO-MORADO-3-1024x682.jpeg 1024w, https:\/\/arealorcaradio.es\/wp-content\/uploads\/2025\/03\/EXPOSICION-PASO-MORADO-3-768x512.jpeg 768w, https:\/\/arealorcaradio.es\/wp-content\/uploads\/2025\/03\/EXPOSICION-PASO-MORADO-3-1536x1023.jpeg 1536w, https:\/\/arealorcaradio.es\/wp-content\/uploads\/2025\/03\/EXPOSICION-PASO-MORADO-3.jpeg 1600w\" sizes=\"auto, (max-width: 300px) 100vw, 300px\" \/><\/p>\n<p class=\"v1MsoNormal\">Lo han hecho durante la presentaci\u00f3n de los actos que se celebrar\u00e1n con motivo del vig\u00e9simo quinto Aniversario de la Bajada Penitencial del Sant\u00edsimo Cristo de la Misericordia, cuya programaci\u00f3n incluye esta muestra que se realizar\u00e1 en el Sal\u00f3n Barroco del Palacio de Guevara, donde permanecer\u00e1 expuesta hasta el pr\u00f3ximo 27 de marzo; una misa en honor del Sant\u00edsimo Cristo de la Misericordia, que tendr\u00e1 lugar en la Iglesia de Nuestra Se\u00f1ora del Carmen el 3 de abril a las 19:30 horas; y un concierto extraordinario de m\u00fasica cofrade ofrecido por la Agrupaci\u00f3n Musical Nuestra Se\u00f1ora de la Virgen de la Amargura (Paso Blanco) y que se desarrollar\u00e1 el 5 de abril en la explanada de El Calvario a partir de las 21 horas.<\/p>\n<p class=\"v1MsoNormal\">Fulgencio Gil ha resaltado que \u00abhace tan solo unos d\u00edas inaugur\u00e1bamos el &#8216;Museo del Viacrucis&#8217; con el fin de reforzar la custodia y fomento del Viacrucis, su ruta monumental y el complejo paisaj\u00edstico de &#8216;El Calvario&#8217;, declarado Bien de Inter\u00e9s Cultural Etnogr\u00e1fico e Inmaterial. Hoy presentamos esta programaci\u00f3n especial, que tambi\u00e9n tienen una relevancia muy importante, no solo desde el punto de vista religioso, sino tambi\u00e9n cultural y patrimonial, ya que vuelve a poner en valor el &#8216;Calvario lorquino&#8217;, un enclave singular en nuestra Regi\u00f3n, tanto por su antig\u00fcedad como por su configuraci\u00f3n\u00bb.<\/p>\n<p class=\"v1MsoNormal\">En el a\u00f1o 2000, el Paso Morado tomo la iniciativa de efectuar la bajada penitencial desde la Ermita Mayor de El Calvario hasta la Iglesia del Carmen, todos los mi\u00e9rcoles santos por la noche, del Sant\u00edsimo Cristo de la Misericordia, acompa\u00f1ado y portado por treinta y tres Hermanos del Socorro, en alusi\u00f3n a la edad que ten\u00eda Cristo cuando fue crucificado, una tradici\u00f3n que se ha perseverado hasta la fecha y a la que cada a\u00f1o asisten miles de lorquinos y visitantes.<\/p>\n<p class=\"v1MsoNormal\">\u00abEstos actos para conmemorar este efem\u00e9ride suponen una gran apuesta para el engrandecimiento de la Semana Santa de Lorca y el fomento de nuestra oferta tur\u00edstica, m\u00e1s all\u00e1 de sus fechas de celebraci\u00f3n. Tanto las muestra fotogr\u00e1fica, como la celebraci\u00f3n religiosa, y el concierto de m\u00fasica cofrade vuelven, una vez m\u00e1s, a poner de manifiesto el gran patrimonio cultural e hist\u00f3rico con el que contamos los lorquinos y que forma parte de nuestras m\u00e1s antiguas tradiciones\u00bb, ha enfatizado el alcalde de Lorca.<\/p>\n<p class=\"v1MsoNormal\">Gil J\u00f3dar, durante la inauguraci\u00f3n, tambi\u00e9n ha recordado la evoluci\u00f3n hist\u00f3rica de El Calvario, desde la sustituci\u00f3n de las sencillas cruces de hierro por peque\u00f1as capillas decoradas a finales del siglo XVII, hasta la importancia art\u00edstica de la Ermita Mayor, donde se encontraba la primitiva imagen del Cristo de la Misericordia, obra de Bussy destruida en la Guerra Civil. La talla actual preside la Capilla Mayor de El Calvario y fue realizada en 1944 por Isabel Biscarri Cuy\u00e1s. Esta imagen, que mantiene viva la devoci\u00f3n de muchos lorquinos, fue restaurada este pasado a\u00f1o por el Taller de Restauraci\u00f3n Municipal de Lorca, dependiente de la concejal\u00eda de Desarrollo Local, ya que precisaba de una intervenci\u00f3n urgente para lograr impedir un avance de las alteraciones que presentaba.<\/p>\n<p class=\"v1MsoNormal\">Cabe recordar que el MUVIC tambi\u00e9n acoge la exposici\u00f3n extraordinaria fotogr\u00e1fica \u00abEl Viacrucis Lorquino en la Semana Santa de Lorca\u00bb, elaborada por el fot\u00f3grafo David Giner Au\u00f1\u00f3n, que muestra la evoluci\u00f3n de esta tradici\u00f3n desde sus primeros registros hasta la actualidad. Esta muestra estar\u00e1 abierta hasta el 4 de abril, de martes a s\u00e1bado, en horario de 10:30 a 13 horas y de 17 a 21 horas.<\/p>\n<p class=\"v1MsoNormal\">Asimismo, tanto la celebraci\u00f3n de este vig\u00e9simo quinto aniversario como la apertura del Museo del Viacrucis cuentan con la colaboraci\u00f3n del Ayuntamiento de Lorca, a trav\u00e9s de las concejal\u00edas de Cultura, Turismo y Desarrollo.<\/p>\n","protected":false},"excerpt":{"rendered":"<p>\u00c1REA LORCA RADIO. 11 de marzo de 2025.\u00a0El alcalde de Lorca, Fulgencio Gil J\u00f3dar, ha inaugurado este martes, junto al presidente del Paso Morado, \u00c1ngel Latorre, la exposici\u00f3n fotogr\u00e1fica extraordinaria \u00ab25 Aniversario de la Bajada Penitencial del Sant\u00edsimo Cristo de la Misericordia\u00bb, una muestra que recoge en m\u00e1s de un centenar de fotograf\u00edas y v\u00eddeos [&hellip;]<\/p>\n","protected":false},"author":1,"featured_media":5861,"comment_status":"open","ping_status":"open","sticky":false,"template":"","format":"standard","meta":{"iawp_total_views":5,"footnotes":""},"categories":[5,7],"tags":[],"class_list":["post-5860","post","type-post","status-publish","format-standard","has-post-thumbnail","hentry","category-actualidad","category-lorca"],"yoast_head":"<!-- This site is optimized with the Yoast SEO plugin v27.5 - https:\/\/yoast.com\/product\/yoast-seo-wordpress\/ -->\n<title>El Paso Morado conmemora el vig\u00e9simo quinto aniversario de la Bajada Penitencial del Cristo de la Misericordia con un amplio programa de actos - AREA LORCA RADIO<\/title>\n<meta name=\"robots\" content=\"index, follow, max-snippet:-1, max-image-preview:large, max-video-preview:-1\" \/>\n<link rel=\"canonical\" href=\"https:\/\/arealorcaradio.es\/index.php\/2025\/03\/11\/el-paso-morado-conmemora-el-vigesimo-quinto-aniversario-de-la-bajada-penitencial-del-cristo-de-la-misericordia-con-un-amplio-programa-de-actos\/\" \/>\n<meta property=\"og:locale\" content=\"es_ES\" \/>\n<meta property=\"og:type\" content=\"article\" \/>\n<meta property=\"og:title\" content=\"El Paso Morado conmemora el vig\u00e9simo quinto aniversario de la Bajada Penitencial del Cristo de la Misericordia con un amplio programa de actos - AREA LORCA RADIO\" \/>\n<meta property=\"og:description\" content=\"\u00c1REA LORCA RADIO. 11 de marzo de 2025.\u00a0El alcalde de Lorca, Fulgencio Gil J\u00f3dar, ha inaugurado este martes, junto al presidente del Paso Morado, \u00c1ngel Latorre, la exposici\u00f3n fotogr\u00e1fica extraordinaria \u00ab25 Aniversario de la Bajada Penitencial del Sant\u00edsimo Cristo de la Misericordia\u00bb, una muestra que recoge en m\u00e1s de un centenar de fotograf\u00edas y v\u00eddeos [&hellip;]\" \/>\n<meta property=\"og:url\" content=\"https:\/\/arealorcaradio.es\/index.php\/2025\/03\/11\/el-paso-morado-conmemora-el-vigesimo-quinto-aniversario-de-la-bajada-penitencial-del-cristo-de-la-misericordia-con-un-amplio-programa-de-actos\/\" \/>\n<meta property=\"og:site_name\" content=\"AREA LORCA RADIO\" \/>\n<meta property=\"article:published_time\" content=\"2025-03-11T12:46:27+00:00\" \/>\n<meta property=\"og:image\" content=\"https:\/\/arealorcaradio.es\/wp-content\/uploads\/2025\/03\/EXPOSICION-PASO-MORADO-4.jpeg\" \/>\n\t<meta property=\"og:image:width\" content=\"1600\" \/>\n\t<meta property=\"og:image:height\" content=\"1066\" \/>\n\t<meta property=\"og:image:type\" content=\"image\/jpeg\" \/>\n<meta name=\"author\" content=\"Paco S\u00e1nchez\" \/>\n<meta name=\"twitter:card\" content=\"summary_large_image\" \/>\n<meta name=\"twitter:label1\" content=\"Escrito por\" \/>\n\t<meta name=\"twitter:data1\" content=\"Paco S\u00e1nchez\" \/>\n\t<meta name=\"twitter:label2\" content=\"Tiempo de lectura\" \/>\n\t<meta name=\"twitter:data2\" content=\"4 minutos\" \/>\n<script type=\"application\/ld+json\" class=\"yoast-schema-graph\">{\"@context\":\"https:\\\/\\\/schema.org\",\"@graph\":[{\"@type\":\"Article\",\"@id\":\"https:\\\/\\\/arealorcaradio.es\\\/index.php\\\/2025\\\/03\\\/11\\\/el-paso-morado-conmemora-el-vigesimo-quinto-aniversario-de-la-bajada-penitencial-del-cristo-de-la-misericordia-con-un-amplio-programa-de-actos\\\/#article\",\"isPartOf\":{\"@id\":\"https:\\\/\\\/arealorcaradio.es\\\/index.php\\\/2025\\\/03\\\/11\\\/el-paso-morado-conmemora-el-vigesimo-quinto-aniversario-de-la-bajada-penitencial-del-cristo-de-la-misericordia-con-un-amplio-programa-de-actos\\\/\"},\"author\":{\"name\":\"Paco S\u00e1nchez\",\"@id\":\"https:\\\/\\\/arealorcaradio.es\\\/#\\\/schema\\\/person\\\/9fae605fc25b0f2c83c1ab207139bd27\"},\"headline\":\"El Paso Morado conmemora el vig\u00e9simo quinto aniversario de la Bajada Penitencial del Cristo de la Misericordia con un amplio programa de actos\",\"datePublished\":\"2025-03-11T12:46:27+00:00\",\"mainEntityOfPage\":{\"@id\":\"https:\\\/\\\/arealorcaradio.es\\\/index.php\\\/2025\\\/03\\\/11\\\/el-paso-morado-conmemora-el-vigesimo-quinto-aniversario-de-la-bajada-penitencial-del-cristo-de-la-misericordia-con-un-amplio-programa-de-actos\\\/\"},\"wordCount\":771,\"commentCount\":0,\"image\":{\"@id\":\"https:\\\/\\\/arealorcaradio.es\\\/index.php\\\/2025\\\/03\\\/11\\\/el-paso-morado-conmemora-el-vigesimo-quinto-aniversario-de-la-bajada-penitencial-del-cristo-de-la-misericordia-con-un-amplio-programa-de-actos\\\/#primaryimage\"},\"thumbnailUrl\":\"https:\\\/\\\/arealorcaradio.es\\\/wp-content\\\/uploads\\\/2025\\\/03\\\/EXPOSICION-PASO-MORADO-4.jpeg\",\"articleSection\":[\"ACTUALIDAD\",\"LORCA\"],\"inLanguage\":\"es\",\"potentialAction\":[{\"@type\":\"CommentAction\",\"name\":\"Comment\",\"target\":[\"https:\\\/\\\/arealorcaradio.es\\\/index.php\\\/2025\\\/03\\\/11\\\/el-paso-morado-conmemora-el-vigesimo-quinto-aniversario-de-la-bajada-penitencial-del-cristo-de-la-misericordia-con-un-amplio-programa-de-actos\\\/#respond\"]}]},{\"@type\":\"WebPage\",\"@id\":\"https:\\\/\\\/arealorcaradio.es\\\/index.php\\\/2025\\\/03\\\/11\\\/el-paso-morado-conmemora-el-vigesimo-quinto-aniversario-de-la-bajada-penitencial-del-cristo-de-la-misericordia-con-un-amplio-programa-de-actos\\\/\",\"url\":\"https:\\\/\\\/arealorcaradio.es\\\/index.php\\\/2025\\\/03\\\/11\\\/el-paso-morado-conmemora-el-vigesimo-quinto-aniversario-de-la-bajada-penitencial-del-cristo-de-la-misericordia-con-un-amplio-programa-de-actos\\\/\",\"name\":\"El Paso Morado conmemora el vig\u00e9simo quinto aniversario de la Bajada Penitencial del Cristo de la Misericordia con un amplio programa de actos - AREA LORCA RADIO\",\"isPartOf\":{\"@id\":\"https:\\\/\\\/arealorcaradio.es\\\/#website\"},\"primaryImageOfPage\":{\"@id\":\"https:\\\/\\\/arealorcaradio.es\\\/index.php\\\/2025\\\/03\\\/11\\\/el-paso-morado-conmemora-el-vigesimo-quinto-aniversario-de-la-bajada-penitencial-del-cristo-de-la-misericordia-con-un-amplio-programa-de-actos\\\/#primaryimage\"},\"image\":{\"@id\":\"https:\\\/\\\/arealorcaradio.es\\\/index.php\\\/2025\\\/03\\\/11\\\/el-paso-morado-conmemora-el-vigesimo-quinto-aniversario-de-la-bajada-penitencial-del-cristo-de-la-misericordia-con-un-amplio-programa-de-actos\\\/#primaryimage\"},\"thumbnailUrl\":\"https:\\\/\\\/arealorcaradio.es\\\/wp-content\\\/uploads\\\/2025\\\/03\\\/EXPOSICION-PASO-MORADO-4.jpeg\",\"datePublished\":\"2025-03-11T12:46:27+00:00\",\"author\":{\"@id\":\"https:\\\/\\\/arealorcaradio.es\\\/#\\\/schema\\\/person\\\/9fae605fc25b0f2c83c1ab207139bd27\"},\"breadcrumb\":{\"@id\":\"https:\\\/\\\/arealorcaradio.es\\\/index.php\\\/2025\\\/03\\\/11\\\/el-paso-morado-conmemora-el-vigesimo-quinto-aniversario-de-la-bajada-penitencial-del-cristo-de-la-misericordia-con-un-amplio-programa-de-actos\\\/#breadcrumb\"},\"inLanguage\":\"es\",\"potentialAction\":[{\"@type\":\"ReadAction\",\"target\":[\"https:\\\/\\\/arealorcaradio.es\\\/index.php\\\/2025\\\/03\\\/11\\\/el-paso-morado-conmemora-el-vigesimo-quinto-aniversario-de-la-bajada-penitencial-del-cristo-de-la-misericordia-con-un-amplio-programa-de-actos\\\/\"]}]},{\"@type\":\"ImageObject\",\"inLanguage\":\"es\",\"@id\":\"https:\\\/\\\/arealorcaradio.es\\\/index.php\\\/2025\\\/03\\\/11\\\/el-paso-morado-conmemora-el-vigesimo-quinto-aniversario-de-la-bajada-penitencial-del-cristo-de-la-misericordia-con-un-amplio-programa-de-actos\\\/#primaryimage\",\"url\":\"https:\\\/\\\/arealorcaradio.es\\\/wp-content\\\/uploads\\\/2025\\\/03\\\/EXPOSICION-PASO-MORADO-4.jpeg\",\"contentUrl\":\"https:\\\/\\\/arealorcaradio.es\\\/wp-content\\\/uploads\\\/2025\\\/03\\\/EXPOSICION-PASO-MORADO-4.jpeg\",\"width\":1600,\"height\":1066},{\"@type\":\"BreadcrumbList\",\"@id\":\"https:\\\/\\\/arealorcaradio.es\\\/index.php\\\/2025\\\/03\\\/11\\\/el-paso-morado-conmemora-el-vigesimo-quinto-aniversario-de-la-bajada-penitencial-del-cristo-de-la-misericordia-con-un-amplio-programa-de-actos\\\/#breadcrumb\",\"itemListElement\":[{\"@type\":\"ListItem\",\"position\":1,\"name\":\"Portada\",\"item\":\"https:\\\/\\\/arealorcaradio.es\\\/\"},{\"@type\":\"ListItem\",\"position\":2,\"name\":\"El Paso Morado conmemora el vig\u00e9simo quinto aniversario de la Bajada Penitencial del Cristo de la Misericordia con un amplio programa de actos\"}]},{\"@type\":\"WebSite\",\"@id\":\"https:\\\/\\\/arealorcaradio.es\\\/#website\",\"url\":\"https:\\\/\\\/arealorcaradio.es\\\/\",\"name\":\"AREA LORCA RADIO\",\"description\":\"Descubre la programaci\u00f3n actual en \u00c1rea Lorca Radio, tu fuente de entrenamiento y noticias locales. Sintoniza ahora y mantente conectado online.\",\"potentialAction\":[{\"@type\":\"SearchAction\",\"target\":{\"@type\":\"EntryPoint\",\"urlTemplate\":\"https:\\\/\\\/arealorcaradio.es\\\/?s={search_term_string}\"},\"query-input\":{\"@type\":\"PropertyValueSpecification\",\"valueRequired\":true,\"valueName\":\"search_term_string\"}}],\"inLanguage\":\"es\"},{\"@type\":\"Person\",\"@id\":\"https:\\\/\\\/arealorcaradio.es\\\/#\\\/schema\\\/person\\\/9fae605fc25b0f2c83c1ab207139bd27\",\"name\":\"Paco S\u00e1nchez\",\"image\":{\"@type\":\"ImageObject\",\"inLanguage\":\"es\",\"@id\":\"https:\\\/\\\/secure.gravatar.com\\\/avatar\\\/d67144e966420fb74aa84c9f2a0103be4724fd14db52b52d3b6bca749f257e79?s=96&d=mm&r=g\",\"url\":\"https:\\\/\\\/secure.gravatar.com\\\/avatar\\\/d67144e966420fb74aa84c9f2a0103be4724fd14db52b52d3b6bca749f257e79?s=96&d=mm&r=g\",\"contentUrl\":\"https:\\\/\\\/secure.gravatar.com\\\/avatar\\\/d67144e966420fb74aa84c9f2a0103be4724fd14db52b52d3b6bca749f257e79?s=96&d=mm&r=g\",\"caption\":\"Paco S\u00e1nchez\"},\"sameAs\":[\"https:\\\/\\\/arealorcaradio.es\"],\"url\":\"https:\\\/\\\/arealorcaradio.es\\\/index.php\\\/author\\\/admin_alorcaradio\\\/\"}]}<\/script>\n<!-- \/ Yoast SEO plugin. -->","yoast_head_json":{"title":"El Paso Morado conmemora el vig\u00e9simo quinto aniversario de la Bajada Penitencial del Cristo de la Misericordia con un amplio programa de actos - AREA LORCA RADIO","robots":{"index":"index","follow":"follow","max-snippet":"max-snippet:-1","max-image-preview":"max-image-preview:large","max-video-preview":"max-video-preview:-1"},"canonical":"https:\/\/arealorcaradio.es\/index.php\/2025\/03\/11\/el-paso-morado-conmemora-el-vigesimo-quinto-aniversario-de-la-bajada-penitencial-del-cristo-de-la-misericordia-con-un-amplio-programa-de-actos\/","og_locale":"es_ES","og_type":"article","og_title":"El Paso Morado conmemora el vig\u00e9simo quinto aniversario de la Bajada Penitencial del Cristo de la Misericordia con un amplio programa de actos - AREA LORCA RADIO","og_description":"\u00c1REA LORCA RADIO. 11 de marzo de 2025.\u00a0El alcalde de Lorca, Fulgencio Gil J\u00f3dar, ha inaugurado este martes, junto al presidente del Paso Morado, \u00c1ngel Latorre, la exposici\u00f3n fotogr\u00e1fica extraordinaria \u00ab25 Aniversario de la Bajada Penitencial del Sant\u00edsimo Cristo de la Misericordia\u00bb, una muestra que recoge en m\u00e1s de un centenar de fotograf\u00edas y v\u00eddeos [&hellip;]","og_url":"https:\/\/arealorcaradio.es\/index.php\/2025\/03\/11\/el-paso-morado-conmemora-el-vigesimo-quinto-aniversario-de-la-bajada-penitencial-del-cristo-de-la-misericordia-con-un-amplio-programa-de-actos\/","og_site_name":"AREA LORCA RADIO","article_published_time":"2025-03-11T12:46:27+00:00","og_image":[{"width":1600,"height":1066,"url":"https:\/\/arealorcaradio.es\/wp-content\/uploads\/2025\/03\/EXPOSICION-PASO-MORADO-4.jpeg","type":"image\/jpeg"}],"author":"Paco S\u00e1nchez","twitter_card":"summary_large_image","twitter_misc":{"Escrito por":"Paco S\u00e1nchez","Tiempo de lectura":"4 minutos"},"schema":{"@context":"https:\/\/schema.org","@graph":[{"@type":"Article","@id":"https:\/\/arealorcaradio.es\/index.php\/2025\/03\/11\/el-paso-morado-conmemora-el-vigesimo-quinto-aniversario-de-la-bajada-penitencial-del-cristo-de-la-misericordia-con-un-amplio-programa-de-actos\/#article","isPartOf":{"@id":"https:\/\/arealorcaradio.es\/index.php\/2025\/03\/11\/el-paso-morado-conmemora-el-vigesimo-quinto-aniversario-de-la-bajada-penitencial-del-cristo-de-la-misericordia-con-un-amplio-programa-de-actos\/"},"author":{"name":"Paco S\u00e1nchez","@id":"https:\/\/arealorcaradio.es\/#\/schema\/person\/9fae605fc25b0f2c83c1ab207139bd27"},"headline":"El Paso Morado conmemora el vig\u00e9simo quinto aniversario de la Bajada Penitencial del Cristo de la Misericordia con un amplio programa de actos","datePublished":"2025-03-11T12:46:27+00:00","mainEntityOfPage":{"@id":"https:\/\/arealorcaradio.es\/index.php\/2025\/03\/11\/el-paso-morado-conmemora-el-vigesimo-quinto-aniversario-de-la-bajada-penitencial-del-cristo-de-la-misericordia-con-un-amplio-programa-de-actos\/"},"wordCount":771,"commentCount":0,"image":{"@id":"https:\/\/arealorcaradio.es\/index.php\/2025\/03\/11\/el-paso-morado-conmemora-el-vigesimo-quinto-aniversario-de-la-bajada-penitencial-del-cristo-de-la-misericordia-con-un-amplio-programa-de-actos\/#primaryimage"},"thumbnailUrl":"https:\/\/arealorcaradio.es\/wp-content\/uploads\/2025\/03\/EXPOSICION-PASO-MORADO-4.jpeg","articleSection":["ACTUALIDAD","LORCA"],"inLanguage":"es","potentialAction":[{"@type":"CommentAction","name":"Comment","target":["https:\/\/arealorcaradio.es\/index.php\/2025\/03\/11\/el-paso-morado-conmemora-el-vigesimo-quinto-aniversario-de-la-bajada-penitencial-del-cristo-de-la-misericordia-con-un-amplio-programa-de-actos\/#respond"]}]},{"@type":"WebPage","@id":"https:\/\/arealorcaradio.es\/index.php\/2025\/03\/11\/el-paso-morado-conmemora-el-vigesimo-quinto-aniversario-de-la-bajada-penitencial-del-cristo-de-la-misericordia-con-un-amplio-programa-de-actos\/","url":"https:\/\/arealorcaradio.es\/index.php\/2025\/03\/11\/el-paso-morado-conmemora-el-vigesimo-quinto-aniversario-de-la-bajada-penitencial-del-cristo-de-la-misericordia-con-un-amplio-programa-de-actos\/","name":"El Paso Morado conmemora el vig\u00e9simo quinto aniversario de la Bajada Penitencial del Cristo de la Misericordia con un amplio programa de actos - AREA LORCA RADIO","isPartOf":{"@id":"https:\/\/arealorcaradio.es\/#website"},"primaryImageOfPage":{"@id":"https:\/\/arealorcaradio.es\/index.php\/2025\/03\/11\/el-paso-morado-conmemora-el-vigesimo-quinto-aniversario-de-la-bajada-penitencial-del-cristo-de-la-misericordia-con-un-amplio-programa-de-actos\/#primaryimage"},"image":{"@id":"https:\/\/arealorcaradio.es\/index.php\/2025\/03\/11\/el-paso-morado-conmemora-el-vigesimo-quinto-aniversario-de-la-bajada-penitencial-del-cristo-de-la-misericordia-con-un-amplio-programa-de-actos\/#primaryimage"},"thumbnailUrl":"https:\/\/arealorcaradio.es\/wp-content\/uploads\/2025\/03\/EXPOSICION-PASO-MORADO-4.jpeg","datePublished":"2025-03-11T12:46:27+00:00","author":{"@id":"https:\/\/arealorcaradio.es\/#\/schema\/person\/9fae605fc25b0f2c83c1ab207139bd27"},"breadcrumb":{"@id":"https:\/\/arealorcaradio.es\/index.php\/2025\/03\/11\/el-paso-morado-conmemora-el-vigesimo-quinto-aniversario-de-la-bajada-penitencial-del-cristo-de-la-misericordia-con-un-amplio-programa-de-actos\/#breadcrumb"},"inLanguage":"es","potentialAction":[{"@type":"ReadAction","target":["https:\/\/arealorcaradio.es\/index.php\/2025\/03\/11\/el-paso-morado-conmemora-el-vigesimo-quinto-aniversario-de-la-bajada-penitencial-del-cristo-de-la-misericordia-con-un-amplio-programa-de-actos\/"]}]},{"@type":"ImageObject","inLanguage":"es","@id":"https:\/\/arealorcaradio.es\/index.php\/2025\/03\/11\/el-paso-morado-conmemora-el-vigesimo-quinto-aniversario-de-la-bajada-penitencial-del-cristo-de-la-misericordia-con-un-amplio-programa-de-actos\/#primaryimage","url":"https:\/\/arealorcaradio.es\/wp-content\/uploads\/2025\/03\/EXPOSICION-PASO-MORADO-4.jpeg","contentUrl":"https:\/\/arealorcaradio.es\/wp-content\/uploads\/2025\/03\/EXPOSICION-PASO-MORADO-4.jpeg","width":1600,"height":1066},{"@type":"BreadcrumbList","@id":"https:\/\/arealorcaradio.es\/index.php\/2025\/03\/11\/el-paso-morado-conmemora-el-vigesimo-quinto-aniversario-de-la-bajada-penitencial-del-cristo-de-la-misericordia-con-un-amplio-programa-de-actos\/#breadcrumb","itemListElement":[{"@type":"ListItem","position":1,"name":"Portada","item":"https:\/\/arealorcaradio.es\/"},{"@type":"ListItem","position":2,"name":"El Paso Morado conmemora el vig\u00e9simo quinto aniversario de la Bajada Penitencial del Cristo de la Misericordia con un amplio programa de actos"}]},{"@type":"WebSite","@id":"https:\/\/arealorcaradio.es\/#website","url":"https:\/\/arealorcaradio.es\/","name":"AREA LORCA RADIO","description":"Descubre la programaci\u00f3n actual en \u00c1rea Lorca Radio, tu fuente de entrenamiento y noticias locales. Sintoniza ahora y mantente conectado online.","potentialAction":[{"@type":"SearchAction","target":{"@type":"EntryPoint","urlTemplate":"https:\/\/arealorcaradio.es\/?s={search_term_string}"},"query-input":{"@type":"PropertyValueSpecification","valueRequired":true,"valueName":"search_term_string"}}],"inLanguage":"es"},{"@type":"Person","@id":"https:\/\/arealorcaradio.es\/#\/schema\/person\/9fae605fc25b0f2c83c1ab207139bd27","name":"Paco S\u00e1nchez","image":{"@type":"ImageObject","inLanguage":"es","@id":"https:\/\/secure.gravatar.com\/avatar\/d67144e966420fb74aa84c9f2a0103be4724fd14db52b52d3b6bca749f257e79?s=96&d=mm&r=g","url":"https:\/\/secure.gravatar.com\/avatar\/d67144e966420fb74aa84c9f2a0103be4724fd14db52b52d3b6bca749f257e79?s=96&d=mm&r=g","contentUrl":"https:\/\/secure.gravatar.com\/avatar\/d67144e966420fb74aa84c9f2a0103be4724fd14db52b52d3b6bca749f257e79?s=96&d=mm&r=g","caption":"Paco S\u00e1nchez"},"sameAs":["https:\/\/arealorcaradio.es"],"url":"https:\/\/arealorcaradio.es\/index.php\/author\/admin_alorcaradio\/"}]}},"_links":{"self":[{"href":"https:\/\/arealorcaradio.es\/index.php\/wp-json\/wp\/v2\/posts\/5860","targetHints":{"allow":["GET"]}}],"collection":[{"href":"https:\/\/arealorcaradio.es\/index.php\/wp-json\/wp\/v2\/posts"}],"about":[{"href":"https:\/\/arealorcaradio.es\/index.php\/wp-json\/wp\/v2\/types\/post"}],"author":[{"embeddable":true,"href":"https:\/\/arealorcaradio.es\/index.php\/wp-json\/wp\/v2\/users\/1"}],"replies":[{"embeddable":true,"href":"https:\/\/arealorcaradio.es\/index.php\/wp-json\/wp\/v2\/comments?post=5860"}],"version-history":[{"count":2,"href":"https:\/\/arealorcaradio.es\/index.php\/wp-json\/wp\/v2\/posts\/5860\/revisions"}],"predecessor-version":[{"id":5865,"href":"https:\/\/arealorcaradio.es\/index.php\/wp-json\/wp\/v2\/posts\/5860\/revisions\/5865"}],"wp:featuredmedia":[{"embeddable":true,"href":"https:\/\/arealorcaradio.es\/index.php\/wp-json\/wp\/v2\/media\/5861"}],"wp:attachment":[{"href":"https:\/\/arealorcaradio.es\/index.php\/wp-json\/wp\/v2\/media?parent=5860"}],"wp:term":[{"taxonomy":"category","embeddable":true,"href":"https:\/\/arealorcaradio.es\/index.php\/wp-json\/wp\/v2\/categories?post=5860"},{"taxonomy":"post_tag","embeddable":true,"href":"https:\/\/arealorcaradio.es\/index.php\/wp-json\/wp\/v2\/tags?post=5860"}],"curies":[{"name":"wp","href":"https:\/\/api.w.org\/{rel}","templated":true}]}}