{"id":5788,"date":"2025-03-05T11:30:15","date_gmt":"2025-03-05T11:30:15","guid":{"rendered":"https:\/\/arealorcaradio.es\/?p=5788"},"modified":"2025-03-05T11:30:15","modified_gmt":"2025-03-05T11:30:15","slug":"los-trabajos-arqueologicos-realizados-en-el-solar-de-la-calle-leones-sacan-a-la-luz-un-asentamiento-prehistorico-restos-de-epoca-romana-y-una-maqbara-islamica","status":"publish","type":"post","link":"https:\/\/arealorcaradio.es\/index.php\/2025\/03\/05\/los-trabajos-arqueologicos-realizados-en-el-solar-de-la-calle-leones-sacan-a-la-luz-un-asentamiento-prehistorico-restos-de-epoca-romana-y-una-maqbara-islamica\/","title":{"rendered":"Los trabajos arqueol\u00f3gicos realizados en el solar de la calle Leon\u00e9s sacan a la luz un asentamiento prehist\u00f3rico, restos de \u00e9poca romana y una maqbara isl\u00e1mica"},"content":{"rendered":"<p><strong>\u00c1REA LORCA RADIO.<\/strong> <b>5 de marzo de 2025.<\/b><\/p>\n<p>La concejal de Urbanismo del Ayuntamiento de Lorca, Mar\u00eda Hern\u00e1ndez Ben\u00edtez, ha informado este mi\u00e9rcoles sobre los resultados de la excavaci\u00f3n arqueol\u00f3gica realizada en el solar de la calle Leon\u00e9s, ubicado entre Corredera y Plaza de Santiago. Estos trabajos, dirigidos por la arque\u00f3loga Ana Pujante Mart\u00ednez y con una duraci\u00f3n aproximada de mes y medio, han permitido documentar una extensa secuencia hist\u00f3rica en la zona, con restos que abarcan desde el III milenio a.C. hasta la actualidad.<\/p>\n<p class=\"v1MsoNormal\">Mar\u00eda Hern\u00e1ndez ha destacado que esta excavaci\u00f3n se enmarca dentro del compromiso del Gobierno de Lorca con la puesta en valor del patrimonio hist\u00f3rico de la ciudad, ya que las excavaciones arqueol\u00f3gicas se desarrollan con el fin de poner en valor los restos arqueol\u00f3gicos que puedan hallarse, sobre todo, con el objetivo de preservar y atender la correcta conservaci\u00f3n del patrimonio hist\u00f3rico y cultural de Lorca. \u00abNuestro compromiso no se centra s\u00f3lo en la especial atenci\u00f3n al avance del municipio en lo que respecta a la vivienda p\u00fablica y la destinada a los j\u00f3venes, sino tambi\u00e9n en garantizar que la ejecuci\u00f3n de las obras de reedificaci\u00f3n de los nuevos edificios que vamos a construir respeten nuestro legado hist\u00f3rico\u00bb, ha se\u00f1alado.<\/p>\n<p class=\"v1MsoNormal\">Los trabajos han alcanzado los niveles geol\u00f3gicos, con profundidades de hasta 3,5 metros en algunos puntos, y han permitido identificar un asentamiento prehist\u00f3rico formado por una caba\u00f1a de tendencia oval con materiales del periodo Calcol\u00edtico inicial, hacia el III milenio a.C; restos aislados de \u00e9poca romana y tardoantigua, as\u00ed como una maqbara isl\u00e1mica con al menos cuatro enterramientos completos y otros parciales. En los niveles medievales y modernos, se ha constatado la continuidad del urbanismo a trav\u00e9s de la reconstrucci\u00f3n de muros y la adaptaci\u00f3n del terreno a lo largo de los siglos. Finalmente, en el solar se urbaniz\u00f3 una vivienda de \u00e9poca contempor\u00e1nea que data de finales del siglo XIX y principios del XX, sobre lo que debieron ser antiguos corrales.<\/p>\n<p class=\"v1MsoNormal\"><img loading=\"lazy\" decoding=\"async\" class=\"alignnone size-medium wp-image-5792\" src=\"https:\/\/arealorcaradio.es\/wp-content\/uploads\/2025\/03\/FOTO1-RESTOS-225x300.jpeg\" alt=\"\" width=\"225\" height=\"300\" srcset=\"https:\/\/arealorcaradio.es\/wp-content\/uploads\/2025\/03\/FOTO1-RESTOS-225x300.jpeg 225w, https:\/\/arealorcaradio.es\/wp-content\/uploads\/2025\/03\/FOTO1-RESTOS-768x1024.jpeg 768w, https:\/\/arealorcaradio.es\/wp-content\/uploads\/2025\/03\/FOTO1-RESTOS-1152x1536.jpeg 1152w, https:\/\/arealorcaradio.es\/wp-content\/uploads\/2025\/03\/FOTO1-RESTOS.jpeg 1200w\" sizes=\"auto, (max-width: 225px) 100vw, 225px\" \/> <img loading=\"lazy\" decoding=\"async\" class=\"alignnone size-medium wp-image-5793\" src=\"https:\/\/arealorcaradio.es\/wp-content\/uploads\/2025\/03\/FOTO2-RESTOS-225x300.jpeg\" alt=\"\" width=\"225\" height=\"300\" srcset=\"https:\/\/arealorcaradio.es\/wp-content\/uploads\/2025\/03\/FOTO2-RESTOS-225x300.jpeg 225w, https:\/\/arealorcaradio.es\/wp-content\/uploads\/2025\/03\/FOTO2-RESTOS-768x1024.jpeg 768w, https:\/\/arealorcaradio.es\/wp-content\/uploads\/2025\/03\/FOTO2-RESTOS-1152x1536.jpeg 1152w, https:\/\/arealorcaradio.es\/wp-content\/uploads\/2025\/03\/FOTO2-RESTOS.jpeg 1200w\" sizes=\"auto, (max-width: 225px) 100vw, 225px\" \/> <img loading=\"lazy\" decoding=\"async\" class=\"alignnone size-medium wp-image-5794\" src=\"https:\/\/arealorcaradio.es\/wp-content\/uploads\/2025\/03\/FOTO5-RESTOS-225x300.jpeg\" alt=\"\" width=\"225\" height=\"300\" srcset=\"https:\/\/arealorcaradio.es\/wp-content\/uploads\/2025\/03\/FOTO5-RESTOS-225x300.jpeg 225w, https:\/\/arealorcaradio.es\/wp-content\/uploads\/2025\/03\/FOTO5-RESTOS-768x1024.jpeg 768w, https:\/\/arealorcaradio.es\/wp-content\/uploads\/2025\/03\/FOTO5-RESTOS-1152x1536.jpeg 1152w, https:\/\/arealorcaradio.es\/wp-content\/uploads\/2025\/03\/FOTO5-RESTOS.jpeg 1200w\" sizes=\"auto, (max-width: 225px) 100vw, 225px\" \/> <img loading=\"lazy\" decoding=\"async\" class=\"alignnone  wp-image-5795\" src=\"https:\/\/arealorcaradio.es\/wp-content\/uploads\/2025\/03\/FOTO3-RESTOS-225x300.jpeg\" alt=\"\" width=\"171\" height=\"228\" srcset=\"https:\/\/arealorcaradio.es\/wp-content\/uploads\/2025\/03\/FOTO3-RESTOS-225x300.jpeg 225w, https:\/\/arealorcaradio.es\/wp-content\/uploads\/2025\/03\/FOTO3-RESTOS-768x1024.jpeg 768w, https:\/\/arealorcaradio.es\/wp-content\/uploads\/2025\/03\/FOTO3-RESTOS-1152x1536.jpeg 1152w, https:\/\/arealorcaradio.es\/wp-content\/uploads\/2025\/03\/FOTO3-RESTOS.jpeg 1200w\" sizes=\"auto, (max-width: 171px) 100vw, 171px\" \/> <img loading=\"lazy\" decoding=\"async\" class=\"alignnone size-medium wp-image-5796\" src=\"https:\/\/arealorcaradio.es\/wp-content\/uploads\/2025\/03\/FOTO4-RESTOS-1-300x225.jpeg\" alt=\"\" width=\"300\" height=\"225\" srcset=\"https:\/\/arealorcaradio.es\/wp-content\/uploads\/2025\/03\/FOTO4-RESTOS-1-300x225.jpeg 300w, https:\/\/arealorcaradio.es\/wp-content\/uploads\/2025\/03\/FOTO4-RESTOS-1-1024x768.jpeg 1024w, https:\/\/arealorcaradio.es\/wp-content\/uploads\/2025\/03\/FOTO4-RESTOS-1-768x576.jpeg 768w, https:\/\/arealorcaradio.es\/wp-content\/uploads\/2025\/03\/FOTO4-RESTOS-1-1536x1152.jpeg 1536w, https:\/\/arealorcaradio.es\/wp-content\/uploads\/2025\/03\/FOTO4-RESTOS-1-86x64.jpeg 86w, https:\/\/arealorcaradio.es\/wp-content\/uploads\/2025\/03\/FOTO4-RESTOS-1.jpeg 1600w\" sizes=\"auto, (max-width: 300px) 100vw, 300px\" \/><\/p>\n<p class=\"v1MsoNormal\">La edil de Urbanismo ha manifestado que el conjunto de actuaciones arqueol\u00f3gicas ha sido de \u00abgran inter\u00e9s para conocer la sucesi\u00f3n de culturas que se dan en un mismo espacio, a lo largo de unos 5000 a\u00f1os\u00bb. A pesar de ello, \u00abla entidad f\u00edsica de las estructuras no presenta una gran relevancia al quedar afectadas por otras edificaciones, rellenos y adecuaciones, por lo que no se consideran impedimento para la consecuci\u00f3n del proyecto de edificaci\u00f3n de este inmueble\u00bb, ha a\u00f1adido.<\/p>\n<p class=\"v1MsoNormal\">Hern\u00e1ndez Ben\u00edtez ha recordado, adem\u00e1s, que el Ayuntamiento de Lorca y la Comunidad Aut\u00f3noma ponen a disposici\u00f3n de propietarios y promotores ayudas por importe de 200.000 euros para la contrataci\u00f3n de una empresa de arqueolog\u00eda, con el objetivo de facilitar la reconstrucci\u00f3n p\u00fablico-privada del casco antiguo. \u00abEs un compromiso que el alcalde, Fulgencio Gil, adquiri\u00f3 con los propietarios de solares y viviendas, arquitectos, constructores y promotores para subvencionar los estudios arqueol\u00f3gicos previos y agilizar las promociones sin incertidumbre sobre lo que se puede encontrar en el subsuelo\u00bb, ha explicado.<\/p>\n<p class=\"v1MsoNormal\">Asimismo, la concejal de Urbanismo ha informado de que una vez finalizado el trabajo de campo de la excavaci\u00f3n arqueol\u00f3gica, se inicia la redacci\u00f3n de los pliegos t\u00e9cnicos para la licitaci\u00f3n p\u00fablica del proyecto b\u00e1sico y de ejecuci\u00f3n y direcci\u00f3n de obra, tras ello se proceder\u00e1 a solicitar la licencia de obras. Inicialmente, se prev\u00e9 la reedificaci\u00f3n de once viviendas con sus correspondientes aparcamientos, destinadas a j\u00f3venes de entre 18 y 35 a\u00f1os con ingresos entre 18.000 y 29.000 euros.<\/p>\n<p class=\"v1MsoNormal\">La edificaci\u00f3n anterior fue demolida tras los terremotos de mayo de 2011 y solo se conserva la fachada, que ser\u00e1 rehabilitada. \u00abEl solar ha sido adquirido por la empresa municipal de Suelo y Vivienda, Suvilorsa, y el proyecto contar\u00e1 con financiaci\u00f3n de los fondos Next Generation UE, gestionados a trav\u00e9s de la Consejer\u00eda de Fomento de la Comunidad Aut\u00f3noma de la Regi\u00f3n de Murcia, el Plan Lorca Vivienda y un pr\u00e9stamo del Instituto de Cr\u00e9dito Oficial\u00bb, ha detallado Mar\u00eda Hern\u00e1ndez.<\/p>\n<p class=\"v1MsoNormal\">La edil de Urbanismo ha subrayado que la actuaci\u00f3n no solo permitir\u00e1 recuperar el casco hist\u00f3rico, sino tambi\u00e9n incrementar el parque p\u00fablico de vivienda en r\u00e9gimen de alquiler social. En este sentido, ha recordado que el Consejo de Gobierno de la Regi\u00f3n de Murcia ha aprobado una ayuda directa de 501.125 euros para Suvilor con el fin de garantizar que las viviendas construidas sean energ\u00e9ticamente eficientes y destinadas a alquiler social durante un plazo m\u00ednimo de 50 a\u00f1os.<\/p>\n<p class=\"v1MsoNormal\">\u00abEstas viviendas estar\u00e1n reservadas para j\u00f3venes de entre 18 y 35 a\u00f1os con ingresos de entre 2,5 y 4 veces el IPREM, as\u00ed como para familias numerosas y personas con discapacidad cuyos ingresos no superen cinco veces el IPREM. Junto a la CARM incorporaremos al mercado nuevas viviendas en r\u00e9gimen de alquiler p\u00fablico, lo que contribuir\u00e1 a moderar los precios y a facilitar el acceso a la vivienda en Lorca\u00bb, ha afirmado Hern\u00e1ndez Ben\u00edtez.<\/p>\n<p class=\"v1MsoNormal\">Finalmente, la concejal de Urbanismo ha resaltado que esta iniciativa forma parte de un plan m\u00e1s amplio de recuperaci\u00f3n del casco hist\u00f3rico, que incluye actuaciones en calles como \u00c1lamo y Selgas, con nuevos proyectos en v\u00edas de desarrollo. \u00abAnunciamos que \u00edbamos a recuperar el casco antiguo y, como se est\u00e1 viendo, lo estamos haciendo a pasos agigantados. Con el inicio de esta promoci\u00f3n de viviendas reforzamos el compromiso del Gobierno de Lorca con la rehabilitaci\u00f3n y la puesta en valor de nuestro casco hist\u00f3rico donde ya hemos invertido, conjuntamente con la Comunidad, m\u00e1s de tres millones de euros\u00bb, ha concluido.<\/p>\n","protected":false},"excerpt":{"rendered":"<p>\u00c1REA LORCA RADIO. 5 de marzo de 2025. La concejal de Urbanismo del Ayuntamiento de Lorca, Mar\u00eda Hern\u00e1ndez Ben\u00edtez, ha informado este mi\u00e9rcoles sobre los resultados de la excavaci\u00f3n arqueol\u00f3gica realizada en el solar de la calle Leon\u00e9s, ubicado entre Corredera y Plaza de Santiago. Estos trabajos, dirigidos por la arque\u00f3loga Ana Pujante Mart\u00ednez y [&hellip;]<\/p>\n","protected":false},"author":1,"featured_media":5791,"comment_status":"open","ping_status":"open","sticky":false,"template":"","format":"standard","meta":{"iawp_total_views":11,"footnotes":""},"categories":[5,7],"tags":[],"class_list":["post-5788","post","type-post","status-publish","format-standard","has-post-thumbnail","hentry","category-actualidad","category-lorca"],"yoast_head":"<!-- This site is optimized with the Yoast SEO plugin v27.5 - https:\/\/yoast.com\/product\/yoast-seo-wordpress\/ -->\n<title>Los trabajos arqueol\u00f3gicos realizados en el solar de la calle Leon\u00e9s sacan a la luz un asentamiento prehist\u00f3rico, restos de \u00e9poca romana y una maqbara isl\u00e1mica - AREA LORCA RADIO<\/title>\n<meta name=\"robots\" content=\"index, follow, max-snippet:-1, max-image-preview:large, max-video-preview:-1\" \/>\n<link rel=\"canonical\" href=\"https:\/\/arealorcaradio.es\/index.php\/2025\/03\/05\/los-trabajos-arqueologicos-realizados-en-el-solar-de-la-calle-leones-sacan-a-la-luz-un-asentamiento-prehistorico-restos-de-epoca-romana-y-una-maqbara-islamica\/\" \/>\n<meta property=\"og:locale\" content=\"es_ES\" \/>\n<meta property=\"og:type\" content=\"article\" \/>\n<meta property=\"og:title\" content=\"Los trabajos arqueol\u00f3gicos realizados en el solar de la calle Leon\u00e9s sacan a la luz un asentamiento prehist\u00f3rico, restos de \u00e9poca romana y una maqbara isl\u00e1mica - AREA LORCA RADIO\" \/>\n<meta property=\"og:description\" content=\"\u00c1REA LORCA RADIO. 5 de marzo de 2025. La concejal de Urbanismo del Ayuntamiento de Lorca, Mar\u00eda Hern\u00e1ndez Ben\u00edtez, ha informado este mi\u00e9rcoles sobre los resultados de la excavaci\u00f3n arqueol\u00f3gica realizada en el solar de la calle Leon\u00e9s, ubicado entre Corredera y Plaza de Santiago. Estos trabajos, dirigidos por la arque\u00f3loga Ana Pujante Mart\u00ednez y [&hellip;]\" \/>\n<meta property=\"og:url\" content=\"https:\/\/arealorcaradio.es\/index.php\/2025\/03\/05\/los-trabajos-arqueologicos-realizados-en-el-solar-de-la-calle-leones-sacan-a-la-luz-un-asentamiento-prehistorico-restos-de-epoca-romana-y-una-maqbara-islamica\/\" \/>\n<meta property=\"og:site_name\" content=\"AREA LORCA RADIO\" \/>\n<meta property=\"article:published_time\" content=\"2025-03-05T11:30:15+00:00\" \/>\n<meta property=\"og:image\" content=\"https:\/\/arealorcaradio.es\/wp-content\/uploads\/2025\/03\/FOTO1-MARIA-OK.jpeg\" \/>\n\t<meta property=\"og:image:width\" content=\"1600\" \/>\n\t<meta property=\"og:image:height\" content=\"1200\" \/>\n\t<meta property=\"og:image:type\" content=\"image\/jpeg\" \/>\n<meta name=\"author\" content=\"Paco S\u00e1nchez\" \/>\n<meta name=\"twitter:card\" content=\"summary_large_image\" \/>\n<meta name=\"twitter:label1\" content=\"Escrito por\" \/>\n\t<meta name=\"twitter:data1\" content=\"Paco S\u00e1nchez\" \/>\n\t<meta name=\"twitter:label2\" content=\"Tiempo de lectura\" \/>\n\t<meta name=\"twitter:data2\" content=\"6 minutos\" \/>\n<script type=\"application\/ld+json\" class=\"yoast-schema-graph\">{\"@context\":\"https:\\\/\\\/schema.org\",\"@graph\":[{\"@type\":\"Article\",\"@id\":\"https:\\\/\\\/arealorcaradio.es\\\/index.php\\\/2025\\\/03\\\/05\\\/los-trabajos-arqueologicos-realizados-en-el-solar-de-la-calle-leones-sacan-a-la-luz-un-asentamiento-prehistorico-restos-de-epoca-romana-y-una-maqbara-islamica\\\/#article\",\"isPartOf\":{\"@id\":\"https:\\\/\\\/arealorcaradio.es\\\/index.php\\\/2025\\\/03\\\/05\\\/los-trabajos-arqueologicos-realizados-en-el-solar-de-la-calle-leones-sacan-a-la-luz-un-asentamiento-prehistorico-restos-de-epoca-romana-y-una-maqbara-islamica\\\/\"},\"author\":{\"name\":\"Paco S\u00e1nchez\",\"@id\":\"https:\\\/\\\/arealorcaradio.es\\\/#\\\/schema\\\/person\\\/9fae605fc25b0f2c83c1ab207139bd27\"},\"headline\":\"Los trabajos arqueol\u00f3gicos realizados en el solar de la calle Leon\u00e9s sacan a la luz un asentamiento prehist\u00f3rico, restos de \u00e9poca romana y una maqbara isl\u00e1mica\",\"datePublished\":\"2025-03-05T11:30:15+00:00\",\"mainEntityOfPage\":{\"@id\":\"https:\\\/\\\/arealorcaradio.es\\\/index.php\\\/2025\\\/03\\\/05\\\/los-trabajos-arqueologicos-realizados-en-el-solar-de-la-calle-leones-sacan-a-la-luz-un-asentamiento-prehistorico-restos-de-epoca-romana-y-una-maqbara-islamica\\\/\"},\"wordCount\":1025,\"commentCount\":0,\"image\":{\"@id\":\"https:\\\/\\\/arealorcaradio.es\\\/index.php\\\/2025\\\/03\\\/05\\\/los-trabajos-arqueologicos-realizados-en-el-solar-de-la-calle-leones-sacan-a-la-luz-un-asentamiento-prehistorico-restos-de-epoca-romana-y-una-maqbara-islamica\\\/#primaryimage\"},\"thumbnailUrl\":\"https:\\\/\\\/arealorcaradio.es\\\/wp-content\\\/uploads\\\/2025\\\/03\\\/FOTO1-MARIA-OK.jpeg\",\"articleSection\":[\"ACTUALIDAD\",\"LORCA\"],\"inLanguage\":\"es\",\"potentialAction\":[{\"@type\":\"CommentAction\",\"name\":\"Comment\",\"target\":[\"https:\\\/\\\/arealorcaradio.es\\\/index.php\\\/2025\\\/03\\\/05\\\/los-trabajos-arqueologicos-realizados-en-el-solar-de-la-calle-leones-sacan-a-la-luz-un-asentamiento-prehistorico-restos-de-epoca-romana-y-una-maqbara-islamica\\\/#respond\"]}]},{\"@type\":\"WebPage\",\"@id\":\"https:\\\/\\\/arealorcaradio.es\\\/index.php\\\/2025\\\/03\\\/05\\\/los-trabajos-arqueologicos-realizados-en-el-solar-de-la-calle-leones-sacan-a-la-luz-un-asentamiento-prehistorico-restos-de-epoca-romana-y-una-maqbara-islamica\\\/\",\"url\":\"https:\\\/\\\/arealorcaradio.es\\\/index.php\\\/2025\\\/03\\\/05\\\/los-trabajos-arqueologicos-realizados-en-el-solar-de-la-calle-leones-sacan-a-la-luz-un-asentamiento-prehistorico-restos-de-epoca-romana-y-una-maqbara-islamica\\\/\",\"name\":\"Los trabajos arqueol\u00f3gicos realizados en el solar de la calle Leon\u00e9s sacan a la luz un asentamiento prehist\u00f3rico, restos de \u00e9poca romana y una maqbara isl\u00e1mica - AREA LORCA RADIO\",\"isPartOf\":{\"@id\":\"https:\\\/\\\/arealorcaradio.es\\\/#website\"},\"primaryImageOfPage\":{\"@id\":\"https:\\\/\\\/arealorcaradio.es\\\/index.php\\\/2025\\\/03\\\/05\\\/los-trabajos-arqueologicos-realizados-en-el-solar-de-la-calle-leones-sacan-a-la-luz-un-asentamiento-prehistorico-restos-de-epoca-romana-y-una-maqbara-islamica\\\/#primaryimage\"},\"image\":{\"@id\":\"https:\\\/\\\/arealorcaradio.es\\\/index.php\\\/2025\\\/03\\\/05\\\/los-trabajos-arqueologicos-realizados-en-el-solar-de-la-calle-leones-sacan-a-la-luz-un-asentamiento-prehistorico-restos-de-epoca-romana-y-una-maqbara-islamica\\\/#primaryimage\"},\"thumbnailUrl\":\"https:\\\/\\\/arealorcaradio.es\\\/wp-content\\\/uploads\\\/2025\\\/03\\\/FOTO1-MARIA-OK.jpeg\",\"datePublished\":\"2025-03-05T11:30:15+00:00\",\"author\":{\"@id\":\"https:\\\/\\\/arealorcaradio.es\\\/#\\\/schema\\\/person\\\/9fae605fc25b0f2c83c1ab207139bd27\"},\"breadcrumb\":{\"@id\":\"https:\\\/\\\/arealorcaradio.es\\\/index.php\\\/2025\\\/03\\\/05\\\/los-trabajos-arqueologicos-realizados-en-el-solar-de-la-calle-leones-sacan-a-la-luz-un-asentamiento-prehistorico-restos-de-epoca-romana-y-una-maqbara-islamica\\\/#breadcrumb\"},\"inLanguage\":\"es\",\"potentialAction\":[{\"@type\":\"ReadAction\",\"target\":[\"https:\\\/\\\/arealorcaradio.es\\\/index.php\\\/2025\\\/03\\\/05\\\/los-trabajos-arqueologicos-realizados-en-el-solar-de-la-calle-leones-sacan-a-la-luz-un-asentamiento-prehistorico-restos-de-epoca-romana-y-una-maqbara-islamica\\\/\"]}]},{\"@type\":\"ImageObject\",\"inLanguage\":\"es\",\"@id\":\"https:\\\/\\\/arealorcaradio.es\\\/index.php\\\/2025\\\/03\\\/05\\\/los-trabajos-arqueologicos-realizados-en-el-solar-de-la-calle-leones-sacan-a-la-luz-un-asentamiento-prehistorico-restos-de-epoca-romana-y-una-maqbara-islamica\\\/#primaryimage\",\"url\":\"https:\\\/\\\/arealorcaradio.es\\\/wp-content\\\/uploads\\\/2025\\\/03\\\/FOTO1-MARIA-OK.jpeg\",\"contentUrl\":\"https:\\\/\\\/arealorcaradio.es\\\/wp-content\\\/uploads\\\/2025\\\/03\\\/FOTO1-MARIA-OK.jpeg\",\"width\":1600,\"height\":1200},{\"@type\":\"BreadcrumbList\",\"@id\":\"https:\\\/\\\/arealorcaradio.es\\\/index.php\\\/2025\\\/03\\\/05\\\/los-trabajos-arqueologicos-realizados-en-el-solar-de-la-calle-leones-sacan-a-la-luz-un-asentamiento-prehistorico-restos-de-epoca-romana-y-una-maqbara-islamica\\\/#breadcrumb\",\"itemListElement\":[{\"@type\":\"ListItem\",\"position\":1,\"name\":\"Portada\",\"item\":\"https:\\\/\\\/arealorcaradio.es\\\/\"},{\"@type\":\"ListItem\",\"position\":2,\"name\":\"Los trabajos arqueol\u00f3gicos realizados en el solar de la calle Leon\u00e9s sacan a la luz un asentamiento prehist\u00f3rico, restos de \u00e9poca romana y una maqbara isl\u00e1mica\"}]},{\"@type\":\"WebSite\",\"@id\":\"https:\\\/\\\/arealorcaradio.es\\\/#website\",\"url\":\"https:\\\/\\\/arealorcaradio.es\\\/\",\"name\":\"AREA LORCA RADIO\",\"description\":\"Descubre la programaci\u00f3n actual en \u00c1rea Lorca Radio, tu fuente de entrenamiento y noticias locales. Sintoniza ahora y mantente conectado online.\",\"potentialAction\":[{\"@type\":\"SearchAction\",\"target\":{\"@type\":\"EntryPoint\",\"urlTemplate\":\"https:\\\/\\\/arealorcaradio.es\\\/?s={search_term_string}\"},\"query-input\":{\"@type\":\"PropertyValueSpecification\",\"valueRequired\":true,\"valueName\":\"search_term_string\"}}],\"inLanguage\":\"es\"},{\"@type\":\"Person\",\"@id\":\"https:\\\/\\\/arealorcaradio.es\\\/#\\\/schema\\\/person\\\/9fae605fc25b0f2c83c1ab207139bd27\",\"name\":\"Paco S\u00e1nchez\",\"image\":{\"@type\":\"ImageObject\",\"inLanguage\":\"es\",\"@id\":\"https:\\\/\\\/secure.gravatar.com\\\/avatar\\\/d67144e966420fb74aa84c9f2a0103be4724fd14db52b52d3b6bca749f257e79?s=96&d=mm&r=g\",\"url\":\"https:\\\/\\\/secure.gravatar.com\\\/avatar\\\/d67144e966420fb74aa84c9f2a0103be4724fd14db52b52d3b6bca749f257e79?s=96&d=mm&r=g\",\"contentUrl\":\"https:\\\/\\\/secure.gravatar.com\\\/avatar\\\/d67144e966420fb74aa84c9f2a0103be4724fd14db52b52d3b6bca749f257e79?s=96&d=mm&r=g\",\"caption\":\"Paco S\u00e1nchez\"},\"sameAs\":[\"https:\\\/\\\/arealorcaradio.es\"],\"url\":\"https:\\\/\\\/arealorcaradio.es\\\/index.php\\\/author\\\/admin_alorcaradio\\\/\"}]}<\/script>\n<!-- \/ Yoast SEO plugin. -->","yoast_head_json":{"title":"Los trabajos arqueol\u00f3gicos realizados en el solar de la calle Leon\u00e9s sacan a la luz un asentamiento prehist\u00f3rico, restos de \u00e9poca romana y una maqbara isl\u00e1mica - AREA LORCA RADIO","robots":{"index":"index","follow":"follow","max-snippet":"max-snippet:-1","max-image-preview":"max-image-preview:large","max-video-preview":"max-video-preview:-1"},"canonical":"https:\/\/arealorcaradio.es\/index.php\/2025\/03\/05\/los-trabajos-arqueologicos-realizados-en-el-solar-de-la-calle-leones-sacan-a-la-luz-un-asentamiento-prehistorico-restos-de-epoca-romana-y-una-maqbara-islamica\/","og_locale":"es_ES","og_type":"article","og_title":"Los trabajos arqueol\u00f3gicos realizados en el solar de la calle Leon\u00e9s sacan a la luz un asentamiento prehist\u00f3rico, restos de \u00e9poca romana y una maqbara isl\u00e1mica - AREA LORCA RADIO","og_description":"\u00c1REA LORCA RADIO. 5 de marzo de 2025. La concejal de Urbanismo del Ayuntamiento de Lorca, Mar\u00eda Hern\u00e1ndez Ben\u00edtez, ha informado este mi\u00e9rcoles sobre los resultados de la excavaci\u00f3n arqueol\u00f3gica realizada en el solar de la calle Leon\u00e9s, ubicado entre Corredera y Plaza de Santiago. Estos trabajos, dirigidos por la arque\u00f3loga Ana Pujante Mart\u00ednez y [&hellip;]","og_url":"https:\/\/arealorcaradio.es\/index.php\/2025\/03\/05\/los-trabajos-arqueologicos-realizados-en-el-solar-de-la-calle-leones-sacan-a-la-luz-un-asentamiento-prehistorico-restos-de-epoca-romana-y-una-maqbara-islamica\/","og_site_name":"AREA LORCA RADIO","article_published_time":"2025-03-05T11:30:15+00:00","og_image":[{"width":1600,"height":1200,"url":"https:\/\/arealorcaradio.es\/wp-content\/uploads\/2025\/03\/FOTO1-MARIA-OK.jpeg","type":"image\/jpeg"}],"author":"Paco S\u00e1nchez","twitter_card":"summary_large_image","twitter_misc":{"Escrito por":"Paco S\u00e1nchez","Tiempo de lectura":"6 minutos"},"schema":{"@context":"https:\/\/schema.org","@graph":[{"@type":"Article","@id":"https:\/\/arealorcaradio.es\/index.php\/2025\/03\/05\/los-trabajos-arqueologicos-realizados-en-el-solar-de-la-calle-leones-sacan-a-la-luz-un-asentamiento-prehistorico-restos-de-epoca-romana-y-una-maqbara-islamica\/#article","isPartOf":{"@id":"https:\/\/arealorcaradio.es\/index.php\/2025\/03\/05\/los-trabajos-arqueologicos-realizados-en-el-solar-de-la-calle-leones-sacan-a-la-luz-un-asentamiento-prehistorico-restos-de-epoca-romana-y-una-maqbara-islamica\/"},"author":{"name":"Paco S\u00e1nchez","@id":"https:\/\/arealorcaradio.es\/#\/schema\/person\/9fae605fc25b0f2c83c1ab207139bd27"},"headline":"Los trabajos arqueol\u00f3gicos realizados en el solar de la calle Leon\u00e9s sacan a la luz un asentamiento prehist\u00f3rico, restos de \u00e9poca romana y una maqbara isl\u00e1mica","datePublished":"2025-03-05T11:30:15+00:00","mainEntityOfPage":{"@id":"https:\/\/arealorcaradio.es\/index.php\/2025\/03\/05\/los-trabajos-arqueologicos-realizados-en-el-solar-de-la-calle-leones-sacan-a-la-luz-un-asentamiento-prehistorico-restos-de-epoca-romana-y-una-maqbara-islamica\/"},"wordCount":1025,"commentCount":0,"image":{"@id":"https:\/\/arealorcaradio.es\/index.php\/2025\/03\/05\/los-trabajos-arqueologicos-realizados-en-el-solar-de-la-calle-leones-sacan-a-la-luz-un-asentamiento-prehistorico-restos-de-epoca-romana-y-una-maqbara-islamica\/#primaryimage"},"thumbnailUrl":"https:\/\/arealorcaradio.es\/wp-content\/uploads\/2025\/03\/FOTO1-MARIA-OK.jpeg","articleSection":["ACTUALIDAD","LORCA"],"inLanguage":"es","potentialAction":[{"@type":"CommentAction","name":"Comment","target":["https:\/\/arealorcaradio.es\/index.php\/2025\/03\/05\/los-trabajos-arqueologicos-realizados-en-el-solar-de-la-calle-leones-sacan-a-la-luz-un-asentamiento-prehistorico-restos-de-epoca-romana-y-una-maqbara-islamica\/#respond"]}]},{"@type":"WebPage","@id":"https:\/\/arealorcaradio.es\/index.php\/2025\/03\/05\/los-trabajos-arqueologicos-realizados-en-el-solar-de-la-calle-leones-sacan-a-la-luz-un-asentamiento-prehistorico-restos-de-epoca-romana-y-una-maqbara-islamica\/","url":"https:\/\/arealorcaradio.es\/index.php\/2025\/03\/05\/los-trabajos-arqueologicos-realizados-en-el-solar-de-la-calle-leones-sacan-a-la-luz-un-asentamiento-prehistorico-restos-de-epoca-romana-y-una-maqbara-islamica\/","name":"Los trabajos arqueol\u00f3gicos realizados en el solar de la calle Leon\u00e9s sacan a la luz un asentamiento prehist\u00f3rico, restos de \u00e9poca romana y una maqbara isl\u00e1mica - AREA LORCA RADIO","isPartOf":{"@id":"https:\/\/arealorcaradio.es\/#website"},"primaryImageOfPage":{"@id":"https:\/\/arealorcaradio.es\/index.php\/2025\/03\/05\/los-trabajos-arqueologicos-realizados-en-el-solar-de-la-calle-leones-sacan-a-la-luz-un-asentamiento-prehistorico-restos-de-epoca-romana-y-una-maqbara-islamica\/#primaryimage"},"image":{"@id":"https:\/\/arealorcaradio.es\/index.php\/2025\/03\/05\/los-trabajos-arqueologicos-realizados-en-el-solar-de-la-calle-leones-sacan-a-la-luz-un-asentamiento-prehistorico-restos-de-epoca-romana-y-una-maqbara-islamica\/#primaryimage"},"thumbnailUrl":"https:\/\/arealorcaradio.es\/wp-content\/uploads\/2025\/03\/FOTO1-MARIA-OK.jpeg","datePublished":"2025-03-05T11:30:15+00:00","author":{"@id":"https:\/\/arealorcaradio.es\/#\/schema\/person\/9fae605fc25b0f2c83c1ab207139bd27"},"breadcrumb":{"@id":"https:\/\/arealorcaradio.es\/index.php\/2025\/03\/05\/los-trabajos-arqueologicos-realizados-en-el-solar-de-la-calle-leones-sacan-a-la-luz-un-asentamiento-prehistorico-restos-de-epoca-romana-y-una-maqbara-islamica\/#breadcrumb"},"inLanguage":"es","potentialAction":[{"@type":"ReadAction","target":["https:\/\/arealorcaradio.es\/index.php\/2025\/03\/05\/los-trabajos-arqueologicos-realizados-en-el-solar-de-la-calle-leones-sacan-a-la-luz-un-asentamiento-prehistorico-restos-de-epoca-romana-y-una-maqbara-islamica\/"]}]},{"@type":"ImageObject","inLanguage":"es","@id":"https:\/\/arealorcaradio.es\/index.php\/2025\/03\/05\/los-trabajos-arqueologicos-realizados-en-el-solar-de-la-calle-leones-sacan-a-la-luz-un-asentamiento-prehistorico-restos-de-epoca-romana-y-una-maqbara-islamica\/#primaryimage","url":"https:\/\/arealorcaradio.es\/wp-content\/uploads\/2025\/03\/FOTO1-MARIA-OK.jpeg","contentUrl":"https:\/\/arealorcaradio.es\/wp-content\/uploads\/2025\/03\/FOTO1-MARIA-OK.jpeg","width":1600,"height":1200},{"@type":"BreadcrumbList","@id":"https:\/\/arealorcaradio.es\/index.php\/2025\/03\/05\/los-trabajos-arqueologicos-realizados-en-el-solar-de-la-calle-leones-sacan-a-la-luz-un-asentamiento-prehistorico-restos-de-epoca-romana-y-una-maqbara-islamica\/#breadcrumb","itemListElement":[{"@type":"ListItem","position":1,"name":"Portada","item":"https:\/\/arealorcaradio.es\/"},{"@type":"ListItem","position":2,"name":"Los trabajos arqueol\u00f3gicos realizados en el solar de la calle Leon\u00e9s sacan a la luz un asentamiento prehist\u00f3rico, restos de \u00e9poca romana y una maqbara isl\u00e1mica"}]},{"@type":"WebSite","@id":"https:\/\/arealorcaradio.es\/#website","url":"https:\/\/arealorcaradio.es\/","name":"AREA LORCA RADIO","description":"Descubre la programaci\u00f3n actual en \u00c1rea Lorca Radio, tu fuente de entrenamiento y noticias locales. Sintoniza ahora y mantente conectado online.","potentialAction":[{"@type":"SearchAction","target":{"@type":"EntryPoint","urlTemplate":"https:\/\/arealorcaradio.es\/?s={search_term_string}"},"query-input":{"@type":"PropertyValueSpecification","valueRequired":true,"valueName":"search_term_string"}}],"inLanguage":"es"},{"@type":"Person","@id":"https:\/\/arealorcaradio.es\/#\/schema\/person\/9fae605fc25b0f2c83c1ab207139bd27","name":"Paco S\u00e1nchez","image":{"@type":"ImageObject","inLanguage":"es","@id":"https:\/\/secure.gravatar.com\/avatar\/d67144e966420fb74aa84c9f2a0103be4724fd14db52b52d3b6bca749f257e79?s=96&d=mm&r=g","url":"https:\/\/secure.gravatar.com\/avatar\/d67144e966420fb74aa84c9f2a0103be4724fd14db52b52d3b6bca749f257e79?s=96&d=mm&r=g","contentUrl":"https:\/\/secure.gravatar.com\/avatar\/d67144e966420fb74aa84c9f2a0103be4724fd14db52b52d3b6bca749f257e79?s=96&d=mm&r=g","caption":"Paco S\u00e1nchez"},"sameAs":["https:\/\/arealorcaradio.es"],"url":"https:\/\/arealorcaradio.es\/index.php\/author\/admin_alorcaradio\/"}]}},"_links":{"self":[{"href":"https:\/\/arealorcaradio.es\/index.php\/wp-json\/wp\/v2\/posts\/5788","targetHints":{"allow":["GET"]}}],"collection":[{"href":"https:\/\/arealorcaradio.es\/index.php\/wp-json\/wp\/v2\/posts"}],"about":[{"href":"https:\/\/arealorcaradio.es\/index.php\/wp-json\/wp\/v2\/types\/post"}],"author":[{"embeddable":true,"href":"https:\/\/arealorcaradio.es\/index.php\/wp-json\/wp\/v2\/users\/1"}],"replies":[{"embeddable":true,"href":"https:\/\/arealorcaradio.es\/index.php\/wp-json\/wp\/v2\/comments?post=5788"}],"version-history":[{"count":2,"href":"https:\/\/arealorcaradio.es\/index.php\/wp-json\/wp\/v2\/posts\/5788\/revisions"}],"predecessor-version":[{"id":5797,"href":"https:\/\/arealorcaradio.es\/index.php\/wp-json\/wp\/v2\/posts\/5788\/revisions\/5797"}],"wp:featuredmedia":[{"embeddable":true,"href":"https:\/\/arealorcaradio.es\/index.php\/wp-json\/wp\/v2\/media\/5791"}],"wp:attachment":[{"href":"https:\/\/arealorcaradio.es\/index.php\/wp-json\/wp\/v2\/media?parent=5788"}],"wp:term":[{"taxonomy":"category","embeddable":true,"href":"https:\/\/arealorcaradio.es\/index.php\/wp-json\/wp\/v2\/categories?post=5788"},{"taxonomy":"post_tag","embeddable":true,"href":"https:\/\/arealorcaradio.es\/index.php\/wp-json\/wp\/v2\/tags?post=5788"}],"curies":[{"name":"wp","href":"https:\/\/api.w.org\/{rel}","templated":true}]}}