{"id":575,"date":"2023-04-11T16:54:22","date_gmt":"2023-04-11T16:54:22","guid":{"rendered":"https:\/\/arealorcaradio.es\/?p=575"},"modified":"2023-05-03T17:24:05","modified_gmt":"2023-05-03T17:24:05","slug":"el-estudio-informativo-de-la-linea-ferroviaria-guadix-baza-almanzora-lorca-continua-sin-avanzar-a-fecha-de-hoy","status":"publish","type":"post","link":"https:\/\/arealorcaradio.es\/index.php\/2023\/04\/11\/el-estudio-informativo-de-la-linea-ferroviaria-guadix-baza-almanzora-lorca-continua-sin-avanzar-a-fecha-de-hoy\/","title":{"rendered":"El Estudio Informativo de la L\u00ednea Ferroviaria Guadix-Baza-Almanzora-Lorca continua sin avanzar a fecha de hoy"},"content":{"rendered":"<p>\u00c1REA LORCA RADIO.<\/p>\n<p>Escucha aqu\u00ed la entrevista que ha concedido Antonio Francisco Mart\u00ednez a Paco S\u00e1nchez en el programa magazine \u00c1rea Lorca Actualidad. El presidente de la Asociaci\u00f3n granadina de amigos del ferrocarril considera que dar\u00eda tiempo hasta final de a\u00f1o a realizar ese estudio aunque para ello habr\u00eda que ponerse manos a la obra cuanto antes mejor.<\/p>\n<audio class=\"wp-audio-shortcode\" id=\"audio-575-1\" preload=\"none\" style=\"width: 100%;\" controls=\"controls\"><source type=\"audio\/mpeg\" src=\"https:\/\/arealorcaradio.es\/wp-content\/uploads\/2023\/04\/110423-ANTONIO-FRANCISCO-MTNEZ.-FERROCARRIL-BAZA.mp3?_=1\" \/><a href=\"https:\/\/arealorcaradio.es\/wp-content\/uploads\/2023\/04\/110423-ANTONIO-FRANCISCO-MTNEZ.-FERROCARRIL-BAZA.mp3\">https:\/\/arealorcaradio.es\/wp-content\/uploads\/2023\/04\/110423-ANTONIO-FRANCISCO-MTNEZ.-FERROCARRIL-BAZA.mp3<\/a><\/audio>\n<p><img loading=\"lazy\" decoding=\"async\" class=\"alignnone size-medium wp-image-577\" src=\"https:\/\/arealorcaradio.es\/wp-content\/uploads\/2023\/04\/Reivindicacion-por-el-tren-en-Madrid-La-Revuelta-de-la-Espana-Vaciada-31M-300x156.jpg\" alt=\"\" width=\"300\" height=\"156\" srcset=\"https:\/\/arealorcaradio.es\/wp-content\/uploads\/2023\/04\/Reivindicacion-por-el-tren-en-Madrid-La-Revuelta-de-la-Espana-Vaciada-31M-300x156.jpg 300w, https:\/\/arealorcaradio.es\/wp-content\/uploads\/2023\/04\/Reivindicacion-por-el-tren-en-Madrid-La-Revuelta-de-la-Espana-Vaciada-31M-1024x532.jpg 1024w, https:\/\/arealorcaradio.es\/wp-content\/uploads\/2023\/04\/Reivindicacion-por-el-tren-en-Madrid-La-Revuelta-de-la-Espana-Vaciada-31M-768x399.jpg 768w, https:\/\/arealorcaradio.es\/wp-content\/uploads\/2023\/04\/Reivindicacion-por-el-tren-en-Madrid-La-Revuelta-de-la-Espana-Vaciada-31M-1536x797.jpg 1536w, https:\/\/arealorcaradio.es\/wp-content\/uploads\/2023\/04\/Reivindicacion-por-el-tren-en-Madrid-La-Revuelta-de-la-Espana-Vaciada-31M-2048x1063.jpg 2048w\" sizes=\"auto, (max-width: 300px) 100vw, 300px\" \/>\u00a0 <img loading=\"lazy\" decoding=\"async\" class=\"alignnone size-medium wp-image-578\" src=\"https:\/\/arealorcaradio.es\/wp-content\/uploads\/2023\/04\/Acto-por-el-tren-en-Baza-31D-2022-35-300x221.jpg\" alt=\"\" width=\"300\" height=\"221\" srcset=\"https:\/\/arealorcaradio.es\/wp-content\/uploads\/2023\/04\/Acto-por-el-tren-en-Baza-31D-2022-35-300x221.jpg 300w, https:\/\/arealorcaradio.es\/wp-content\/uploads\/2023\/04\/Acto-por-el-tren-en-Baza-31D-2022-35-1024x753.jpg 1024w, https:\/\/arealorcaradio.es\/wp-content\/uploads\/2023\/04\/Acto-por-el-tren-en-Baza-31D-2022-35-768x565.jpg 768w, https:\/\/arealorcaradio.es\/wp-content\/uploads\/2023\/04\/Acto-por-el-tren-en-Baza-31D-2022-35-1536x1129.jpg 1536w, https:\/\/arealorcaradio.es\/wp-content\/uploads\/2023\/04\/Acto-por-el-tren-en-Baza-31D-2022-35-86x64.jpg 86w, https:\/\/arealorcaradio.es\/wp-content\/uploads\/2023\/04\/Acto-por-el-tren-en-Baza-31D-2022-35.jpg 1838w\" sizes=\"auto, (max-width: 300px) 100vw, 300px\" \/><\/p>\n<p><img loading=\"lazy\" decoding=\"async\" class=\"alignnone size-medium wp-image-580\" src=\"https:\/\/arealorcaradio.es\/wp-content\/uploads\/2023\/04\/Acto-por-el-tren-en-estacion-Baza-AAF-Comarca-de-Baza-300x277.jpg\" alt=\"\" width=\"300\" height=\"277\" srcset=\"https:\/\/arealorcaradio.es\/wp-content\/uploads\/2023\/04\/Acto-por-el-tren-en-estacion-Baza-AAF-Comarca-de-Baza-300x277.jpg 300w, https:\/\/arealorcaradio.es\/wp-content\/uploads\/2023\/04\/Acto-por-el-tren-en-estacion-Baza-AAF-Comarca-de-Baza-1024x946.jpg 1024w, https:\/\/arealorcaradio.es\/wp-content\/uploads\/2023\/04\/Acto-por-el-tren-en-estacion-Baza-AAF-Comarca-de-Baza-768x709.jpg 768w, https:\/\/arealorcaradio.es\/wp-content\/uploads\/2023\/04\/Acto-por-el-tren-en-estacion-Baza-AAF-Comarca-de-Baza-1536x1418.jpg 1536w, https:\/\/arealorcaradio.es\/wp-content\/uploads\/2023\/04\/Acto-por-el-tren-en-estacion-Baza-AAF-Comarca-de-Baza-2048x1891.jpg 2048w\" sizes=\"auto, (max-width: 300px) 100vw, 300px\" \/> \u00a0<img loading=\"lazy\" decoding=\"async\" class=\"alignnone size-medium wp-image-581\" src=\"https:\/\/arealorcaradio.es\/wp-content\/uploads\/2023\/04\/Antonio-Fco-Martinez-Amig-Ferrocarril-Comarca-de-Baza-300x248.jpg\" alt=\"\" width=\"300\" height=\"248\" srcset=\"https:\/\/arealorcaradio.es\/wp-content\/uploads\/2023\/04\/Antonio-Fco-Martinez-Amig-Ferrocarril-Comarca-de-Baza-300x248.jpg 300w, https:\/\/arealorcaradio.es\/wp-content\/uploads\/2023\/04\/Antonio-Fco-Martinez-Amig-Ferrocarril-Comarca-de-Baza-1024x848.jpg 1024w, https:\/\/arealorcaradio.es\/wp-content\/uploads\/2023\/04\/Antonio-Fco-Martinez-Amig-Ferrocarril-Comarca-de-Baza-768x636.jpg 768w, https:\/\/arealorcaradio.es\/wp-content\/uploads\/2023\/04\/Antonio-Fco-Martinez-Amig-Ferrocarril-Comarca-de-Baza.jpg 1221w\" sizes=\"auto, (max-width: 300px) 100vw, 300px\" \/><\/p>\n","protected":false},"excerpt":{"rendered":"<p>\u00c1REA LORCA RADIO. Escucha aqu\u00ed la entrevista que ha concedido Antonio Francisco Mart\u00ednez a Paco S\u00e1nchez en el programa magazine \u00c1rea Lorca Actualidad. El presidente de la Asociaci\u00f3n granadina de amigos del ferrocarril considera que dar\u00eda tiempo hasta final de a\u00f1o a realizar ese estudio aunque para ello habr\u00eda que ponerse manos a la obra [&hellip;]<\/p>\n","protected":false},"author":1,"featured_media":582,"comment_status":"open","ping_status":"open","sticky":false,"template":"","format":"standard","meta":{"iawp_total_views":3,"footnotes":""},"categories":[5],"tags":[],"class_list":["post-575","post","type-post","status-publish","format-standard","has-post-thumbnail","hentry","category-actualidad"],"yoast_head":"<!-- This site is optimized with the Yoast SEO plugin v27.5 - https:\/\/yoast.com\/product\/yoast-seo-wordpress\/ -->\n<title>El Estudio Informativo de la L\u00ednea Ferroviaria Guadix-Baza-Almanzora-Lorca continua sin avanzar a fecha de hoy - AREA LORCA RADIO<\/title>\n<meta name=\"robots\" content=\"index, follow, max-snippet:-1, max-image-preview:large, max-video-preview:-1\" \/>\n<link rel=\"canonical\" href=\"https:\/\/arealorcaradio.es\/index.php\/2023\/04\/11\/el-estudio-informativo-de-la-linea-ferroviaria-guadix-baza-almanzora-lorca-continua-sin-avanzar-a-fecha-de-hoy\/\" \/>\n<meta property=\"og:locale\" content=\"es_ES\" \/>\n<meta property=\"og:type\" content=\"article\" \/>\n<meta property=\"og:title\" content=\"El Estudio Informativo de la L\u00ednea Ferroviaria Guadix-Baza-Almanzora-Lorca continua sin avanzar a fecha de hoy - AREA LORCA RADIO\" \/>\n<meta property=\"og:description\" content=\"\u00c1REA LORCA RADIO. Escucha aqu\u00ed la entrevista que ha concedido Antonio Francisco Mart\u00ednez a Paco S\u00e1nchez en el programa magazine \u00c1rea Lorca Actualidad. El presidente de la Asociaci\u00f3n granadina de amigos del ferrocarril considera que dar\u00eda tiempo hasta final de a\u00f1o a realizar ese estudio aunque para ello habr\u00eda que ponerse manos a la obra [&hellip;]\" \/>\n<meta property=\"og:url\" content=\"https:\/\/arealorcaradio.es\/index.php\/2023\/04\/11\/el-estudio-informativo-de-la-linea-ferroviaria-guadix-baza-almanzora-lorca-continua-sin-avanzar-a-fecha-de-hoy\/\" \/>\n<meta property=\"og:site_name\" content=\"AREA LORCA RADIO\" \/>\n<meta property=\"article:published_time\" content=\"2023-04-11T16:54:22+00:00\" \/>\n<meta property=\"article:modified_time\" content=\"2023-05-03T17:24:05+00:00\" \/>\n<meta property=\"og:image\" content=\"https:\/\/arealorcaradio.es\/wp-content\/uploads\/2023\/04\/Antonio-Fco-Martinez-Amig-Ferrocarril-Comarca-de-Baza-1.jpg\" \/>\n\t<meta property=\"og:image:width\" content=\"1221\" \/>\n\t<meta property=\"og:image:height\" content=\"1011\" \/>\n\t<meta property=\"og:image:type\" content=\"image\/jpeg\" \/>\n<meta name=\"author\" content=\"Paco S\u00e1nchez\" \/>\n<meta name=\"twitter:card\" content=\"summary_large_image\" \/>\n<meta name=\"twitter:label1\" content=\"Escrito por\" \/>\n\t<meta name=\"twitter:data1\" content=\"Paco S\u00e1nchez\" \/>\n\t<meta name=\"twitter:label2\" content=\"Tiempo de lectura\" \/>\n\t<meta name=\"twitter:data2\" content=\"2 minutos\" \/>\n<script type=\"application\/ld+json\" class=\"yoast-schema-graph\">{\"@context\":\"https:\\\/\\\/schema.org\",\"@graph\":[{\"@type\":\"Article\",\"@id\":\"https:\\\/\\\/arealorcaradio.es\\\/index.php\\\/2023\\\/04\\\/11\\\/el-estudio-informativo-de-la-linea-ferroviaria-guadix-baza-almanzora-lorca-continua-sin-avanzar-a-fecha-de-hoy\\\/#article\",\"isPartOf\":{\"@id\":\"https:\\\/\\\/arealorcaradio.es\\\/index.php\\\/2023\\\/04\\\/11\\\/el-estudio-informativo-de-la-linea-ferroviaria-guadix-baza-almanzora-lorca-continua-sin-avanzar-a-fecha-de-hoy\\\/\"},\"author\":{\"name\":\"Paco S\u00e1nchez\",\"@id\":\"https:\\\/\\\/arealorcaradio.es\\\/#\\\/schema\\\/person\\\/9fae605fc25b0f2c83c1ab207139bd27\"},\"headline\":\"El Estudio Informativo de la L\u00ednea Ferroviaria Guadix-Baza-Almanzora-Lorca continua sin avanzar a fecha de hoy\",\"datePublished\":\"2023-04-11T16:54:22+00:00\",\"dateModified\":\"2023-05-03T17:24:05+00:00\",\"mainEntityOfPage\":{\"@id\":\"https:\\\/\\\/arealorcaradio.es\\\/index.php\\\/2023\\\/04\\\/11\\\/el-estudio-informativo-de-la-linea-ferroviaria-guadix-baza-almanzora-lorca-continua-sin-avanzar-a-fecha-de-hoy\\\/\"},\"wordCount\":91,\"commentCount\":0,\"image\":{\"@id\":\"https:\\\/\\\/arealorcaradio.es\\\/index.php\\\/2023\\\/04\\\/11\\\/el-estudio-informativo-de-la-linea-ferroviaria-guadix-baza-almanzora-lorca-continua-sin-avanzar-a-fecha-de-hoy\\\/#primaryimage\"},\"thumbnailUrl\":\"https:\\\/\\\/arealorcaradio.es\\\/wp-content\\\/uploads\\\/2023\\\/04\\\/Antonio-Fco-Martinez-Amig-Ferrocarril-Comarca-de-Baza-1.jpg\",\"articleSection\":[\"ACTUALIDAD\"],\"inLanguage\":\"es\",\"potentialAction\":[{\"@type\":\"CommentAction\",\"name\":\"Comment\",\"target\":[\"https:\\\/\\\/arealorcaradio.es\\\/index.php\\\/2023\\\/04\\\/11\\\/el-estudio-informativo-de-la-linea-ferroviaria-guadix-baza-almanzora-lorca-continua-sin-avanzar-a-fecha-de-hoy\\\/#respond\"]}]},{\"@type\":\"WebPage\",\"@id\":\"https:\\\/\\\/arealorcaradio.es\\\/index.php\\\/2023\\\/04\\\/11\\\/el-estudio-informativo-de-la-linea-ferroviaria-guadix-baza-almanzora-lorca-continua-sin-avanzar-a-fecha-de-hoy\\\/\",\"url\":\"https:\\\/\\\/arealorcaradio.es\\\/index.php\\\/2023\\\/04\\\/11\\\/el-estudio-informativo-de-la-linea-ferroviaria-guadix-baza-almanzora-lorca-continua-sin-avanzar-a-fecha-de-hoy\\\/\",\"name\":\"El Estudio Informativo de la L\u00ednea Ferroviaria Guadix-Baza-Almanzora-Lorca continua sin avanzar a fecha de hoy - AREA LORCA RADIO\",\"isPartOf\":{\"@id\":\"https:\\\/\\\/arealorcaradio.es\\\/#website\"},\"primaryImageOfPage\":{\"@id\":\"https:\\\/\\\/arealorcaradio.es\\\/index.php\\\/2023\\\/04\\\/11\\\/el-estudio-informativo-de-la-linea-ferroviaria-guadix-baza-almanzora-lorca-continua-sin-avanzar-a-fecha-de-hoy\\\/#primaryimage\"},\"image\":{\"@id\":\"https:\\\/\\\/arealorcaradio.es\\\/index.php\\\/2023\\\/04\\\/11\\\/el-estudio-informativo-de-la-linea-ferroviaria-guadix-baza-almanzora-lorca-continua-sin-avanzar-a-fecha-de-hoy\\\/#primaryimage\"},\"thumbnailUrl\":\"https:\\\/\\\/arealorcaradio.es\\\/wp-content\\\/uploads\\\/2023\\\/04\\\/Antonio-Fco-Martinez-Amig-Ferrocarril-Comarca-de-Baza-1.jpg\",\"datePublished\":\"2023-04-11T16:54:22+00:00\",\"dateModified\":\"2023-05-03T17:24:05+00:00\",\"author\":{\"@id\":\"https:\\\/\\\/arealorcaradio.es\\\/#\\\/schema\\\/person\\\/9fae605fc25b0f2c83c1ab207139bd27\"},\"breadcrumb\":{\"@id\":\"https:\\\/\\\/arealorcaradio.es\\\/index.php\\\/2023\\\/04\\\/11\\\/el-estudio-informativo-de-la-linea-ferroviaria-guadix-baza-almanzora-lorca-continua-sin-avanzar-a-fecha-de-hoy\\\/#breadcrumb\"},\"inLanguage\":\"es\",\"potentialAction\":[{\"@type\":\"ReadAction\",\"target\":[\"https:\\\/\\\/arealorcaradio.es\\\/index.php\\\/2023\\\/04\\\/11\\\/el-estudio-informativo-de-la-linea-ferroviaria-guadix-baza-almanzora-lorca-continua-sin-avanzar-a-fecha-de-hoy\\\/\"]}]},{\"@type\":\"ImageObject\",\"inLanguage\":\"es\",\"@id\":\"https:\\\/\\\/arealorcaradio.es\\\/index.php\\\/2023\\\/04\\\/11\\\/el-estudio-informativo-de-la-linea-ferroviaria-guadix-baza-almanzora-lorca-continua-sin-avanzar-a-fecha-de-hoy\\\/#primaryimage\",\"url\":\"https:\\\/\\\/arealorcaradio.es\\\/wp-content\\\/uploads\\\/2023\\\/04\\\/Antonio-Fco-Martinez-Amig-Ferrocarril-Comarca-de-Baza-1.jpg\",\"contentUrl\":\"https:\\\/\\\/arealorcaradio.es\\\/wp-content\\\/uploads\\\/2023\\\/04\\\/Antonio-Fco-Martinez-Amig-Ferrocarril-Comarca-de-Baza-1.jpg\",\"width\":1221,\"height\":1011},{\"@type\":\"BreadcrumbList\",\"@id\":\"https:\\\/\\\/arealorcaradio.es\\\/index.php\\\/2023\\\/04\\\/11\\\/el-estudio-informativo-de-la-linea-ferroviaria-guadix-baza-almanzora-lorca-continua-sin-avanzar-a-fecha-de-hoy\\\/#breadcrumb\",\"itemListElement\":[{\"@type\":\"ListItem\",\"position\":1,\"name\":\"Portada\",\"item\":\"https:\\\/\\\/arealorcaradio.es\\\/\"},{\"@type\":\"ListItem\",\"position\":2,\"name\":\"El Estudio Informativo de la L\u00ednea Ferroviaria Guadix-Baza-Almanzora-Lorca continua sin avanzar a fecha de hoy\"}]},{\"@type\":\"WebSite\",\"@id\":\"https:\\\/\\\/arealorcaradio.es\\\/#website\",\"url\":\"https:\\\/\\\/arealorcaradio.es\\\/\",\"name\":\"AREA LORCA RADIO\",\"description\":\"Descubre la programaci\u00f3n actual en \u00c1rea Lorca Radio, tu fuente de entrenamiento y noticias locales. Sintoniza ahora y mantente conectado online.\",\"potentialAction\":[{\"@type\":\"SearchAction\",\"target\":{\"@type\":\"EntryPoint\",\"urlTemplate\":\"https:\\\/\\\/arealorcaradio.es\\\/?s={search_term_string}\"},\"query-input\":{\"@type\":\"PropertyValueSpecification\",\"valueRequired\":true,\"valueName\":\"search_term_string\"}}],\"inLanguage\":\"es\"},{\"@type\":\"Person\",\"@id\":\"https:\\\/\\\/arealorcaradio.es\\\/#\\\/schema\\\/person\\\/9fae605fc25b0f2c83c1ab207139bd27\",\"name\":\"Paco S\u00e1nchez\",\"image\":{\"@type\":\"ImageObject\",\"inLanguage\":\"es\",\"@id\":\"https:\\\/\\\/secure.gravatar.com\\\/avatar\\\/d67144e966420fb74aa84c9f2a0103be4724fd14db52b52d3b6bca749f257e79?s=96&d=mm&r=g\",\"url\":\"https:\\\/\\\/secure.gravatar.com\\\/avatar\\\/d67144e966420fb74aa84c9f2a0103be4724fd14db52b52d3b6bca749f257e79?s=96&d=mm&r=g\",\"contentUrl\":\"https:\\\/\\\/secure.gravatar.com\\\/avatar\\\/d67144e966420fb74aa84c9f2a0103be4724fd14db52b52d3b6bca749f257e79?s=96&d=mm&r=g\",\"caption\":\"Paco S\u00e1nchez\"},\"sameAs\":[\"https:\\\/\\\/arealorcaradio.es\"],\"url\":\"https:\\\/\\\/arealorcaradio.es\\\/index.php\\\/author\\\/admin_alorcaradio\\\/\"}]}<\/script>\n<!-- \/ Yoast SEO plugin. -->","yoast_head_json":{"title":"El Estudio Informativo de la L\u00ednea Ferroviaria Guadix-Baza-Almanzora-Lorca continua sin avanzar a fecha de hoy - AREA LORCA RADIO","robots":{"index":"index","follow":"follow","max-snippet":"max-snippet:-1","max-image-preview":"max-image-preview:large","max-video-preview":"max-video-preview:-1"},"canonical":"https:\/\/arealorcaradio.es\/index.php\/2023\/04\/11\/el-estudio-informativo-de-la-linea-ferroviaria-guadix-baza-almanzora-lorca-continua-sin-avanzar-a-fecha-de-hoy\/","og_locale":"es_ES","og_type":"article","og_title":"El Estudio Informativo de la L\u00ednea Ferroviaria Guadix-Baza-Almanzora-Lorca continua sin avanzar a fecha de hoy - AREA LORCA RADIO","og_description":"\u00c1REA LORCA RADIO. Escucha aqu\u00ed la entrevista que ha concedido Antonio Francisco Mart\u00ednez a Paco S\u00e1nchez en el programa magazine \u00c1rea Lorca Actualidad. El presidente de la Asociaci\u00f3n granadina de amigos del ferrocarril considera que dar\u00eda tiempo hasta final de a\u00f1o a realizar ese estudio aunque para ello habr\u00eda que ponerse manos a la obra [&hellip;]","og_url":"https:\/\/arealorcaradio.es\/index.php\/2023\/04\/11\/el-estudio-informativo-de-la-linea-ferroviaria-guadix-baza-almanzora-lorca-continua-sin-avanzar-a-fecha-de-hoy\/","og_site_name":"AREA LORCA RADIO","article_published_time":"2023-04-11T16:54:22+00:00","article_modified_time":"2023-05-03T17:24:05+00:00","og_image":[{"width":1221,"height":1011,"url":"https:\/\/arealorcaradio.es\/wp-content\/uploads\/2023\/04\/Antonio-Fco-Martinez-Amig-Ferrocarril-Comarca-de-Baza-1.jpg","type":"image\/jpeg"}],"author":"Paco S\u00e1nchez","twitter_card":"summary_large_image","twitter_misc":{"Escrito por":"Paco S\u00e1nchez","Tiempo de lectura":"2 minutos"},"schema":{"@context":"https:\/\/schema.org","@graph":[{"@type":"Article","@id":"https:\/\/arealorcaradio.es\/index.php\/2023\/04\/11\/el-estudio-informativo-de-la-linea-ferroviaria-guadix-baza-almanzora-lorca-continua-sin-avanzar-a-fecha-de-hoy\/#article","isPartOf":{"@id":"https:\/\/arealorcaradio.es\/index.php\/2023\/04\/11\/el-estudio-informativo-de-la-linea-ferroviaria-guadix-baza-almanzora-lorca-continua-sin-avanzar-a-fecha-de-hoy\/"},"author":{"name":"Paco S\u00e1nchez","@id":"https:\/\/arealorcaradio.es\/#\/schema\/person\/9fae605fc25b0f2c83c1ab207139bd27"},"headline":"El Estudio Informativo de la L\u00ednea Ferroviaria Guadix-Baza-Almanzora-Lorca continua sin avanzar a fecha de hoy","datePublished":"2023-04-11T16:54:22+00:00","dateModified":"2023-05-03T17:24:05+00:00","mainEntityOfPage":{"@id":"https:\/\/arealorcaradio.es\/index.php\/2023\/04\/11\/el-estudio-informativo-de-la-linea-ferroviaria-guadix-baza-almanzora-lorca-continua-sin-avanzar-a-fecha-de-hoy\/"},"wordCount":91,"commentCount":0,"image":{"@id":"https:\/\/arealorcaradio.es\/index.php\/2023\/04\/11\/el-estudio-informativo-de-la-linea-ferroviaria-guadix-baza-almanzora-lorca-continua-sin-avanzar-a-fecha-de-hoy\/#primaryimage"},"thumbnailUrl":"https:\/\/arealorcaradio.es\/wp-content\/uploads\/2023\/04\/Antonio-Fco-Martinez-Amig-Ferrocarril-Comarca-de-Baza-1.jpg","articleSection":["ACTUALIDAD"],"inLanguage":"es","potentialAction":[{"@type":"CommentAction","name":"Comment","target":["https:\/\/arealorcaradio.es\/index.php\/2023\/04\/11\/el-estudio-informativo-de-la-linea-ferroviaria-guadix-baza-almanzora-lorca-continua-sin-avanzar-a-fecha-de-hoy\/#respond"]}]},{"@type":"WebPage","@id":"https:\/\/arealorcaradio.es\/index.php\/2023\/04\/11\/el-estudio-informativo-de-la-linea-ferroviaria-guadix-baza-almanzora-lorca-continua-sin-avanzar-a-fecha-de-hoy\/","url":"https:\/\/arealorcaradio.es\/index.php\/2023\/04\/11\/el-estudio-informativo-de-la-linea-ferroviaria-guadix-baza-almanzora-lorca-continua-sin-avanzar-a-fecha-de-hoy\/","name":"El Estudio Informativo de la L\u00ednea Ferroviaria Guadix-Baza-Almanzora-Lorca continua sin avanzar a fecha de hoy - AREA LORCA RADIO","isPartOf":{"@id":"https:\/\/arealorcaradio.es\/#website"},"primaryImageOfPage":{"@id":"https:\/\/arealorcaradio.es\/index.php\/2023\/04\/11\/el-estudio-informativo-de-la-linea-ferroviaria-guadix-baza-almanzora-lorca-continua-sin-avanzar-a-fecha-de-hoy\/#primaryimage"},"image":{"@id":"https:\/\/arealorcaradio.es\/index.php\/2023\/04\/11\/el-estudio-informativo-de-la-linea-ferroviaria-guadix-baza-almanzora-lorca-continua-sin-avanzar-a-fecha-de-hoy\/#primaryimage"},"thumbnailUrl":"https:\/\/arealorcaradio.es\/wp-content\/uploads\/2023\/04\/Antonio-Fco-Martinez-Amig-Ferrocarril-Comarca-de-Baza-1.jpg","datePublished":"2023-04-11T16:54:22+00:00","dateModified":"2023-05-03T17:24:05+00:00","author":{"@id":"https:\/\/arealorcaradio.es\/#\/schema\/person\/9fae605fc25b0f2c83c1ab207139bd27"},"breadcrumb":{"@id":"https:\/\/arealorcaradio.es\/index.php\/2023\/04\/11\/el-estudio-informativo-de-la-linea-ferroviaria-guadix-baza-almanzora-lorca-continua-sin-avanzar-a-fecha-de-hoy\/#breadcrumb"},"inLanguage":"es","potentialAction":[{"@type":"ReadAction","target":["https:\/\/arealorcaradio.es\/index.php\/2023\/04\/11\/el-estudio-informativo-de-la-linea-ferroviaria-guadix-baza-almanzora-lorca-continua-sin-avanzar-a-fecha-de-hoy\/"]}]},{"@type":"ImageObject","inLanguage":"es","@id":"https:\/\/arealorcaradio.es\/index.php\/2023\/04\/11\/el-estudio-informativo-de-la-linea-ferroviaria-guadix-baza-almanzora-lorca-continua-sin-avanzar-a-fecha-de-hoy\/#primaryimage","url":"https:\/\/arealorcaradio.es\/wp-content\/uploads\/2023\/04\/Antonio-Fco-Martinez-Amig-Ferrocarril-Comarca-de-Baza-1.jpg","contentUrl":"https:\/\/arealorcaradio.es\/wp-content\/uploads\/2023\/04\/Antonio-Fco-Martinez-Amig-Ferrocarril-Comarca-de-Baza-1.jpg","width":1221,"height":1011},{"@type":"BreadcrumbList","@id":"https:\/\/arealorcaradio.es\/index.php\/2023\/04\/11\/el-estudio-informativo-de-la-linea-ferroviaria-guadix-baza-almanzora-lorca-continua-sin-avanzar-a-fecha-de-hoy\/#breadcrumb","itemListElement":[{"@type":"ListItem","position":1,"name":"Portada","item":"https:\/\/arealorcaradio.es\/"},{"@type":"ListItem","position":2,"name":"El Estudio Informativo de la L\u00ednea Ferroviaria Guadix-Baza-Almanzora-Lorca continua sin avanzar a fecha de hoy"}]},{"@type":"WebSite","@id":"https:\/\/arealorcaradio.es\/#website","url":"https:\/\/arealorcaradio.es\/","name":"AREA LORCA RADIO","description":"Descubre la programaci\u00f3n actual en \u00c1rea Lorca Radio, tu fuente de entrenamiento y noticias locales. Sintoniza ahora y mantente conectado online.","potentialAction":[{"@type":"SearchAction","target":{"@type":"EntryPoint","urlTemplate":"https:\/\/arealorcaradio.es\/?s={search_term_string}"},"query-input":{"@type":"PropertyValueSpecification","valueRequired":true,"valueName":"search_term_string"}}],"inLanguage":"es"},{"@type":"Person","@id":"https:\/\/arealorcaradio.es\/#\/schema\/person\/9fae605fc25b0f2c83c1ab207139bd27","name":"Paco S\u00e1nchez","image":{"@type":"ImageObject","inLanguage":"es","@id":"https:\/\/secure.gravatar.com\/avatar\/d67144e966420fb74aa84c9f2a0103be4724fd14db52b52d3b6bca749f257e79?s=96&d=mm&r=g","url":"https:\/\/secure.gravatar.com\/avatar\/d67144e966420fb74aa84c9f2a0103be4724fd14db52b52d3b6bca749f257e79?s=96&d=mm&r=g","contentUrl":"https:\/\/secure.gravatar.com\/avatar\/d67144e966420fb74aa84c9f2a0103be4724fd14db52b52d3b6bca749f257e79?s=96&d=mm&r=g","caption":"Paco S\u00e1nchez"},"sameAs":["https:\/\/arealorcaradio.es"],"url":"https:\/\/arealorcaradio.es\/index.php\/author\/admin_alorcaradio\/"}]}},"_links":{"self":[{"href":"https:\/\/arealorcaradio.es\/index.php\/wp-json\/wp\/v2\/posts\/575","targetHints":{"allow":["GET"]}}],"collection":[{"href":"https:\/\/arealorcaradio.es\/index.php\/wp-json\/wp\/v2\/posts"}],"about":[{"href":"https:\/\/arealorcaradio.es\/index.php\/wp-json\/wp\/v2\/types\/post"}],"author":[{"embeddable":true,"href":"https:\/\/arealorcaradio.es\/index.php\/wp-json\/wp\/v2\/users\/1"}],"replies":[{"embeddable":true,"href":"https:\/\/arealorcaradio.es\/index.php\/wp-json\/wp\/v2\/comments?post=575"}],"version-history":[{"count":1,"href":"https:\/\/arealorcaradio.es\/index.php\/wp-json\/wp\/v2\/posts\/575\/revisions"}],"predecessor-version":[{"id":583,"href":"https:\/\/arealorcaradio.es\/index.php\/wp-json\/wp\/v2\/posts\/575\/revisions\/583"}],"wp:featuredmedia":[{"embeddable":true,"href":"https:\/\/arealorcaradio.es\/index.php\/wp-json\/wp\/v2\/media\/582"}],"wp:attachment":[{"href":"https:\/\/arealorcaradio.es\/index.php\/wp-json\/wp\/v2\/media?parent=575"}],"wp:term":[{"taxonomy":"category","embeddable":true,"href":"https:\/\/arealorcaradio.es\/index.php\/wp-json\/wp\/v2\/categories?post=575"},{"taxonomy":"post_tag","embeddable":true,"href":"https:\/\/arealorcaradio.es\/index.php\/wp-json\/wp\/v2\/tags?post=575"}],"curies":[{"name":"wp","href":"https:\/\/api.w.org\/{rel}","templated":true}]}}