{"id":5746,"date":"2025-02-28T17:20:19","date_gmt":"2025-02-28T17:20:19","guid":{"rendered":"https:\/\/arealorcaradio.es\/?p=5746"},"modified":"2025-02-28T17:20:19","modified_gmt":"2025-02-28T17:20:19","slug":"se-ponen-a-la-venta-8-000-entradas-a-precios-populares-para-disfrutar-de-la-seleccion-espanola-sub-21-en-el-estadio-artes-carrasco","status":"publish","type":"post","link":"https:\/\/arealorcaradio.es\/index.php\/2025\/02\/28\/se-ponen-a-la-venta-8-000-entradas-a-precios-populares-para-disfrutar-de-la-seleccion-espanola-sub-21-en-el-estadio-artes-carrasco\/","title":{"rendered":"Se ponen a la venta 8.000 entradas a precios populares para disfrutar de la Selecci\u00f3n Espa\u00f1ola Sub-21 en el Estadio Art\u00e9s Carrasco"},"content":{"rendered":"<p>\u00c1REA LORCA RADIO. Deportes.<\/p>\n<p class=\"v1MsoNormal\"><b>28 de febrero de 2025.<\/b>\u00a0Las entradas para disfrutar del partido de f\u00fatbol entre las selecciones sub 21 de Espa\u00f1a y Rep\u00fablica Checa el pr\u00f3ximo 21 de marzo en el Estadio Francisco Art\u00e9s Carrasco de Lorca se han puesto hoy a la venta con precios populares que oscilan entre los 10 y los 25 euros. En total, la Real Federaci\u00f3n Espa\u00f1ola de F\u00fatbol (RFEF) podr\u00e1 a disposici\u00f3n de los aficionados un total de 8.000 entradas. El alcalde de Lorca, Fulgencio Gil; el director general de Deportes, Fran S\u00e1nchez; el vicepresidente de la Federaci\u00f3n de F\u00fatbol de la Regi\u00f3n de Murcia, Jes\u00fas Zapata; y el seleccionador nacional, Santi Denia, han presentado oficialmente este encuentro internacional amistoso que ratifica al municipio como escenario para la celebraci\u00f3n de importantes eventos deportivos.<\/p>\n<p><strong>Las entradas est\u00e1n a la venta desde las 12 horas de este viernes 28 de febrero exclusivamente online a trav\u00e9s de tickets.rfef.es y se ha establecido una promoci\u00f3n de venta anticipada para todas aquellas personas que adquieran sus entradas generales en estos periodos de venta:<\/strong><\/p>\n<ul>\n<li><strong>50% de descuento sobre el precio de la entrada para compras hasta el 9 de marzo.<\/strong><\/li>\n<li><strong>25 % de descuento sobre el precio de la entrada para compras desde el 10 al 16 de marzo.<\/strong><\/li>\n<\/ul>\n<p>Escuchamos a Fran S\u00e1nchez (1), Jes\u00fas Zapata (2), Santi Denia (3-4) y a Fulgencio Gil (5).<\/p>\n<audio class=\"wp-audio-shortcode\" id=\"audio-5746-1\" preload=\"none\" style=\"width: 100%;\" controls=\"controls\"><source type=\"audio\/mpeg\" src=\"https:\/\/arealorcaradio.es\/wp-content\/uploads\/2025\/02\/280225-FRAN-SANCHEZ.-PRESENTACION-PARTIDO-SUB-21.mp3?_=1\" \/><a href=\"https:\/\/arealorcaradio.es\/wp-content\/uploads\/2025\/02\/280225-FRAN-SANCHEZ.-PRESENTACION-PARTIDO-SUB-21.mp3\">https:\/\/arealorcaradio.es\/wp-content\/uploads\/2025\/02\/280225-FRAN-SANCHEZ.-PRESENTACION-PARTIDO-SUB-21.mp3<\/a><\/audio>\n<audio class=\"wp-audio-shortcode\" id=\"audio-5746-2\" preload=\"none\" style=\"width: 100%;\" controls=\"controls\"><source type=\"audio\/mpeg\" src=\"https:\/\/arealorcaradio.es\/wp-content\/uploads\/2025\/02\/280225-JESUS-ZAPATA.-PRESENTACION-PARTIDO-SUB-21.mp3?_=2\" \/><a href=\"https:\/\/arealorcaradio.es\/wp-content\/uploads\/2025\/02\/280225-JESUS-ZAPATA.-PRESENTACION-PARTIDO-SUB-21.mp3\">https:\/\/arealorcaradio.es\/wp-content\/uploads\/2025\/02\/280225-JESUS-ZAPATA.-PRESENTACION-PARTIDO-SUB-21.mp3<\/a><\/audio>\n<audio class=\"wp-audio-shortcode\" id=\"audio-5746-3\" preload=\"none\" style=\"width: 100%;\" controls=\"controls\"><source type=\"audio\/mpeg\" src=\"https:\/\/arealorcaradio.es\/wp-content\/uploads\/2025\/02\/280225-SANTI-DENIA.-SELECCIONADOR-SUB-21.mp3?_=3\" \/><a href=\"https:\/\/arealorcaradio.es\/wp-content\/uploads\/2025\/02\/280225-SANTI-DENIA.-SELECCIONADOR-SUB-21.mp3\">https:\/\/arealorcaradio.es\/wp-content\/uploads\/2025\/02\/280225-SANTI-DENIA.-SELECCIONADOR-SUB-21.mp3<\/a><\/audio>\n<audio class=\"wp-audio-shortcode\" id=\"audio-5746-4\" preload=\"none\" style=\"width: 100%;\" controls=\"controls\"><source type=\"audio\/mpeg\" src=\"https:\/\/arealorcaradio.es\/wp-content\/uploads\/2025\/02\/280225-SANTI-DENIA-2.-INSTALACIONES-Y-CONCENTRACION.mp3?_=4\" \/><a href=\"https:\/\/arealorcaradio.es\/wp-content\/uploads\/2025\/02\/280225-SANTI-DENIA-2.-INSTALACIONES-Y-CONCENTRACION.mp3\">https:\/\/arealorcaradio.es\/wp-content\/uploads\/2025\/02\/280225-SANTI-DENIA-2.-INSTALACIONES-Y-CONCENTRACION.mp3<\/a><\/audio>\n<audio class=\"wp-audio-shortcode\" id=\"audio-5746-5\" preload=\"none\" style=\"width: 100%;\" controls=\"controls\"><source type=\"audio\/mpeg\" src=\"https:\/\/arealorcaradio.es\/wp-content\/uploads\/2025\/02\/280225-FULGENCIO-GIL.-PRESENTACION-PARTIDO-SUB-21.mp3?_=5\" \/><a href=\"https:\/\/arealorcaradio.es\/wp-content\/uploads\/2025\/02\/280225-FULGENCIO-GIL.-PRESENTACION-PARTIDO-SUB-21.mp3\">https:\/\/arealorcaradio.es\/wp-content\/uploads\/2025\/02\/280225-FULGENCIO-GIL.-PRESENTACION-PARTIDO-SUB-21.mp3<\/a><\/audio>\n<p class=\"v1MsoNormal\"><img loading=\"lazy\" decoding=\"async\" class=\"alignnone  wp-image-5747\" src=\"https:\/\/arealorcaradio.es\/wp-content\/uploads\/2025\/02\/FOTO3-FUTBOL-300x225.jpeg\" alt=\"\" width=\"269\" height=\"202\" srcset=\"https:\/\/arealorcaradio.es\/wp-content\/uploads\/2025\/02\/FOTO3-FUTBOL-300x225.jpeg 300w, https:\/\/arealorcaradio.es\/wp-content\/uploads\/2025\/02\/FOTO3-FUTBOL-1024x768.jpeg 1024w, https:\/\/arealorcaradio.es\/wp-content\/uploads\/2025\/02\/FOTO3-FUTBOL-768x576.jpeg 768w, https:\/\/arealorcaradio.es\/wp-content\/uploads\/2025\/02\/FOTO3-FUTBOL-1536x1152.jpeg 1536w, https:\/\/arealorcaradio.es\/wp-content\/uploads\/2025\/02\/FOTO3-FUTBOL-86x64.jpeg 86w, https:\/\/arealorcaradio.es\/wp-content\/uploads\/2025\/02\/FOTO3-FUTBOL.jpeg 2048w\" sizes=\"auto, (max-width: 269px) 100vw, 269px\" \/> <img loading=\"lazy\" decoding=\"async\" class=\"alignnone  wp-image-5748\" src=\"https:\/\/arealorcaradio.es\/wp-content\/uploads\/2025\/02\/FOTO6-FUTBOL-300x200.jpeg\" alt=\"\" width=\"299\" height=\"199\" srcset=\"https:\/\/arealorcaradio.es\/wp-content\/uploads\/2025\/02\/FOTO6-FUTBOL-300x200.jpeg 300w, https:\/\/arealorcaradio.es\/wp-content\/uploads\/2025\/02\/FOTO6-FUTBOL-1024x683.jpeg 1024w, https:\/\/arealorcaradio.es\/wp-content\/uploads\/2025\/02\/FOTO6-FUTBOL-768x512.jpeg 768w, https:\/\/arealorcaradio.es\/wp-content\/uploads\/2025\/02\/FOTO6-FUTBOL-1536x1024.jpeg 1536w, https:\/\/arealorcaradio.es\/wp-content\/uploads\/2025\/02\/FOTO6-FUTBOL.jpeg 1600w\" sizes=\"auto, (max-width: 299px) 100vw, 299px\" \/> <img loading=\"lazy\" decoding=\"async\" class=\"alignnone size-medium wp-image-5749\" src=\"https:\/\/arealorcaradio.es\/wp-content\/uploads\/2025\/02\/FOTO5-FUTBOL-300x200.jpeg\" alt=\"\" width=\"300\" height=\"200\" srcset=\"https:\/\/arealorcaradio.es\/wp-content\/uploads\/2025\/02\/FOTO5-FUTBOL-300x200.jpeg 300w, https:\/\/arealorcaradio.es\/wp-content\/uploads\/2025\/02\/FOTO5-FUTBOL-1024x683.jpeg 1024w, https:\/\/arealorcaradio.es\/wp-content\/uploads\/2025\/02\/FOTO5-FUTBOL-768x512.jpeg 768w, https:\/\/arealorcaradio.es\/wp-content\/uploads\/2025\/02\/FOTO5-FUTBOL-1536x1024.jpeg 1536w, https:\/\/arealorcaradio.es\/wp-content\/uploads\/2025\/02\/FOTO5-FUTBOL.jpeg 1600w\" sizes=\"auto, (max-width: 300px) 100vw, 300px\" \/> <img loading=\"lazy\" decoding=\"async\" class=\"alignnone size-medium wp-image-5750\" src=\"https:\/\/arealorcaradio.es\/wp-content\/uploads\/2025\/02\/FOTO7-FUTBOL-300x200.jpeg\" alt=\"\" width=\"300\" height=\"200\" srcset=\"https:\/\/arealorcaradio.es\/wp-content\/uploads\/2025\/02\/FOTO7-FUTBOL-300x200.jpeg 300w, https:\/\/arealorcaradio.es\/wp-content\/uploads\/2025\/02\/FOTO7-FUTBOL-1024x683.jpeg 1024w, https:\/\/arealorcaradio.es\/wp-content\/uploads\/2025\/02\/FOTO7-FUTBOL-768x512.jpeg 768w, https:\/\/arealorcaradio.es\/wp-content\/uploads\/2025\/02\/FOTO7-FUTBOL-1536x1024.jpeg 1536w, https:\/\/arealorcaradio.es\/wp-content\/uploads\/2025\/02\/FOTO7-FUTBOL.jpeg 1600w\" sizes=\"auto, (max-width: 300px) 100vw, 300px\" \/><\/p>\n<p class=\"v1MsoNormal\">La selecci\u00f3n espa\u00f1ola Sub-21, conocida como &#8216;La Rojita&#8217;, llegar\u00e1 a Lorca el 19 de marzo y se hospedar\u00e1 en el Parador de Turismo del Castillo de Lorca. Durante los d\u00edas previos y posteriores al partido contra la Rep\u00fablica Checa, el equipo entrenar\u00e1 en el campo de c\u00e9sped natural anexo al estadio Francisco Art\u00e9s Carrasco. El lunes 24 de marzo, la selecci\u00f3n partir\u00e1 desde Lorca rumbo a Alemania, donde disputar\u00e1 un amistoso contra la selecci\u00f3n Sub-21 alemana el martes 25 de marzo.<\/p>\n<p class=\"v1MsoNormal\">Para el alcalde de Lorca, Fulgencio Gil, \u00abla llegada de la Selecci\u00f3n Espa\u00f1ola Sub-21 a Lorca es un acontecimiento deportivo de gran relevancia para nuestro municipio. Estamos muy orgullosos de poder acoger a &#8216;La Rojita&#8217; y ofrecer a nuestros vecinos la posibilidad de disfrutar en primera persona del talento de los futbolistas que en un futuro defender\u00e1n los colores de Espa\u00f1a en la \u00e9lite del f\u00fatbol mundial. Este evento supone un reconocimiento al esfuerzo que venimos realizando desde el Ayuntamiento para mejorar y potenciar nuestras instalaciones deportivas, y hoy podemos decir con orgullo que Lorca cuenta con infraestructuras\u00a0 para albergar encuentros de esta magnitud. Quiero agradecer al Gobierno Regional que haya apostado por Lorca para la celebraci\u00f3n de este partido y la estancia de la selecci\u00f3n sub 21 en nuestra ciudad.<\/p>\n<p class=\"v1MsoNormal\">La celebraci\u00f3n de este partido es una muestra del firme compromiso de nuestro municipio con el deporte y su papel como motor de desarrollo social y econ\u00f3mico. Durante estos d\u00edas, Lorca se convertir\u00e1 en un punto de referencia para aficionados y medios de comunicaci\u00f3n, lo que sin duda contribuir\u00e1 a proyectar nuestra imagen a nivel nacional e internacional. Queremos que tanto los jugadores como el cuerpo t\u00e9cnico y los aficionados que nos visiten se sientan como en casa y disfruten de la hospitalidad de nuestra ciudad. Desde el Ayuntamiento seguiremos trabajando para que Lorca contin\u00fae siendo sede de eventos deportivos de primer nivel, apostando por el deporte base y fomentando el inter\u00e9s por la actividad f\u00edsica en todas las edades. Estamos convencidos de que este partido ser\u00e1 un gran \u00e9xito y una fiesta del f\u00fatbol para todos los lorquinos y visitantes\u00bb.<\/p>\n<p class=\"v1MsoNormal\">\n","protected":false},"excerpt":{"rendered":"<p>\u00c1REA LORCA RADIO. Deportes. 28 de febrero de 2025.\u00a0Las entradas para disfrutar del partido de f\u00fatbol entre las selecciones sub 21 de Espa\u00f1a y Rep\u00fablica Checa el pr\u00f3ximo 21 de marzo en el Estadio Francisco Art\u00e9s Carrasco de Lorca se han puesto hoy a la venta con precios populares que oscilan entre los 10 y [&hellip;]<\/p>\n","protected":false},"author":1,"featured_media":5756,"comment_status":"open","ping_status":"open","sticky":false,"template":"","format":"standard","meta":{"iawp_total_views":64,"footnotes":""},"categories":[4,7],"tags":[],"class_list":["post-5746","post","type-post","status-publish","format-standard","has-post-thumbnail","hentry","category-deportes","category-lorca"],"yoast_head":"<!-- This site is optimized with the Yoast SEO plugin v27.5 - https:\/\/yoast.com\/product\/yoast-seo-wordpress\/ -->\n<title>Se ponen a la venta 8.000 entradas a precios populares para disfrutar de la Selecci\u00f3n Espa\u00f1ola Sub-21 en el Estadio Art\u00e9s Carrasco - AREA LORCA RADIO<\/title>\n<meta name=\"robots\" content=\"index, follow, max-snippet:-1, max-image-preview:large, max-video-preview:-1\" \/>\n<link rel=\"canonical\" href=\"https:\/\/arealorcaradio.es\/index.php\/2025\/02\/28\/se-ponen-a-la-venta-8-000-entradas-a-precios-populares-para-disfrutar-de-la-seleccion-espanola-sub-21-en-el-estadio-artes-carrasco\/\" \/>\n<meta property=\"og:locale\" content=\"es_ES\" \/>\n<meta property=\"og:type\" content=\"article\" \/>\n<meta property=\"og:title\" content=\"Se ponen a la venta 8.000 entradas a precios populares para disfrutar de la Selecci\u00f3n Espa\u00f1ola Sub-21 en el Estadio Art\u00e9s Carrasco - AREA LORCA RADIO\" \/>\n<meta property=\"og:description\" content=\"\u00c1REA LORCA RADIO. Deportes. 28 de febrero de 2025.\u00a0Las entradas para disfrutar del partido de f\u00fatbol entre las selecciones sub 21 de Espa\u00f1a y Rep\u00fablica Checa el pr\u00f3ximo 21 de marzo en el Estadio Francisco Art\u00e9s Carrasco de Lorca se han puesto hoy a la venta con precios populares que oscilan entre los 10 y [&hellip;]\" \/>\n<meta property=\"og:url\" content=\"https:\/\/arealorcaradio.es\/index.php\/2025\/02\/28\/se-ponen-a-la-venta-8-000-entradas-a-precios-populares-para-disfrutar-de-la-seleccion-espanola-sub-21-en-el-estadio-artes-carrasco\/\" \/>\n<meta property=\"og:site_name\" content=\"AREA LORCA RADIO\" \/>\n<meta property=\"article:published_time\" content=\"2025-02-28T17:20:19+00:00\" \/>\n<meta property=\"og:image\" content=\"https:\/\/arealorcaradio.es\/wp-content\/uploads\/2025\/02\/FOTO1-FUTBOL.jpeg\" \/>\n\t<meta property=\"og:image:width\" content=\"2048\" \/>\n\t<meta property=\"og:image:height\" content=\"1536\" \/>\n\t<meta property=\"og:image:type\" content=\"image\/jpeg\" \/>\n<meta name=\"author\" content=\"Paco S\u00e1nchez\" \/>\n<meta name=\"twitter:card\" content=\"summary_large_image\" \/>\n<meta name=\"twitter:label1\" content=\"Escrito por\" \/>\n\t<meta name=\"twitter:data1\" content=\"Paco S\u00e1nchez\" \/>\n\t<meta name=\"twitter:label2\" content=\"Tiempo de lectura\" \/>\n\t<meta name=\"twitter:data2\" content=\"4 minutos\" \/>\n<script type=\"application\/ld+json\" class=\"yoast-schema-graph\">{\"@context\":\"https:\\\/\\\/schema.org\",\"@graph\":[{\"@type\":\"Article\",\"@id\":\"https:\\\/\\\/arealorcaradio.es\\\/index.php\\\/2025\\\/02\\\/28\\\/se-ponen-a-la-venta-8-000-entradas-a-precios-populares-para-disfrutar-de-la-seleccion-espanola-sub-21-en-el-estadio-artes-carrasco\\\/#article\",\"isPartOf\":{\"@id\":\"https:\\\/\\\/arealorcaradio.es\\\/index.php\\\/2025\\\/02\\\/28\\\/se-ponen-a-la-venta-8-000-entradas-a-precios-populares-para-disfrutar-de-la-seleccion-espanola-sub-21-en-el-estadio-artes-carrasco\\\/\"},\"author\":{\"name\":\"Paco S\u00e1nchez\",\"@id\":\"https:\\\/\\\/arealorcaradio.es\\\/#\\\/schema\\\/person\\\/9fae605fc25b0f2c83c1ab207139bd27\"},\"headline\":\"Se ponen a la venta 8.000 entradas a precios populares para disfrutar de la Selecci\u00f3n Espa\u00f1ola Sub-21 en el Estadio Art\u00e9s Carrasco\",\"datePublished\":\"2025-02-28T17:20:19+00:00\",\"mainEntityOfPage\":{\"@id\":\"https:\\\/\\\/arealorcaradio.es\\\/index.php\\\/2025\\\/02\\\/28\\\/se-ponen-a-la-venta-8-000-entradas-a-precios-populares-para-disfrutar-de-la-seleccion-espanola-sub-21-en-el-estadio-artes-carrasco\\\/\"},\"wordCount\":684,\"commentCount\":0,\"image\":{\"@id\":\"https:\\\/\\\/arealorcaradio.es\\\/index.php\\\/2025\\\/02\\\/28\\\/se-ponen-a-la-venta-8-000-entradas-a-precios-populares-para-disfrutar-de-la-seleccion-espanola-sub-21-en-el-estadio-artes-carrasco\\\/#primaryimage\"},\"thumbnailUrl\":\"https:\\\/\\\/arealorcaradio.es\\\/wp-content\\\/uploads\\\/2025\\\/02\\\/FOTO1-FUTBOL.jpeg\",\"articleSection\":[\"DEPORTES\",\"LORCA\"],\"inLanguage\":\"es\",\"potentialAction\":[{\"@type\":\"CommentAction\",\"name\":\"Comment\",\"target\":[\"https:\\\/\\\/arealorcaradio.es\\\/index.php\\\/2025\\\/02\\\/28\\\/se-ponen-a-la-venta-8-000-entradas-a-precios-populares-para-disfrutar-de-la-seleccion-espanola-sub-21-en-el-estadio-artes-carrasco\\\/#respond\"]}]},{\"@type\":\"WebPage\",\"@id\":\"https:\\\/\\\/arealorcaradio.es\\\/index.php\\\/2025\\\/02\\\/28\\\/se-ponen-a-la-venta-8-000-entradas-a-precios-populares-para-disfrutar-de-la-seleccion-espanola-sub-21-en-el-estadio-artes-carrasco\\\/\",\"url\":\"https:\\\/\\\/arealorcaradio.es\\\/index.php\\\/2025\\\/02\\\/28\\\/se-ponen-a-la-venta-8-000-entradas-a-precios-populares-para-disfrutar-de-la-seleccion-espanola-sub-21-en-el-estadio-artes-carrasco\\\/\",\"name\":\"Se ponen a la venta 8.000 entradas a precios populares para disfrutar de la Selecci\u00f3n Espa\u00f1ola Sub-21 en el Estadio Art\u00e9s Carrasco - AREA LORCA RADIO\",\"isPartOf\":{\"@id\":\"https:\\\/\\\/arealorcaradio.es\\\/#website\"},\"primaryImageOfPage\":{\"@id\":\"https:\\\/\\\/arealorcaradio.es\\\/index.php\\\/2025\\\/02\\\/28\\\/se-ponen-a-la-venta-8-000-entradas-a-precios-populares-para-disfrutar-de-la-seleccion-espanola-sub-21-en-el-estadio-artes-carrasco\\\/#primaryimage\"},\"image\":{\"@id\":\"https:\\\/\\\/arealorcaradio.es\\\/index.php\\\/2025\\\/02\\\/28\\\/se-ponen-a-la-venta-8-000-entradas-a-precios-populares-para-disfrutar-de-la-seleccion-espanola-sub-21-en-el-estadio-artes-carrasco\\\/#primaryimage\"},\"thumbnailUrl\":\"https:\\\/\\\/arealorcaradio.es\\\/wp-content\\\/uploads\\\/2025\\\/02\\\/FOTO1-FUTBOL.jpeg\",\"datePublished\":\"2025-02-28T17:20:19+00:00\",\"author\":{\"@id\":\"https:\\\/\\\/arealorcaradio.es\\\/#\\\/schema\\\/person\\\/9fae605fc25b0f2c83c1ab207139bd27\"},\"breadcrumb\":{\"@id\":\"https:\\\/\\\/arealorcaradio.es\\\/index.php\\\/2025\\\/02\\\/28\\\/se-ponen-a-la-venta-8-000-entradas-a-precios-populares-para-disfrutar-de-la-seleccion-espanola-sub-21-en-el-estadio-artes-carrasco\\\/#breadcrumb\"},\"inLanguage\":\"es\",\"potentialAction\":[{\"@type\":\"ReadAction\",\"target\":[\"https:\\\/\\\/arealorcaradio.es\\\/index.php\\\/2025\\\/02\\\/28\\\/se-ponen-a-la-venta-8-000-entradas-a-precios-populares-para-disfrutar-de-la-seleccion-espanola-sub-21-en-el-estadio-artes-carrasco\\\/\"]}]},{\"@type\":\"ImageObject\",\"inLanguage\":\"es\",\"@id\":\"https:\\\/\\\/arealorcaradio.es\\\/index.php\\\/2025\\\/02\\\/28\\\/se-ponen-a-la-venta-8-000-entradas-a-precios-populares-para-disfrutar-de-la-seleccion-espanola-sub-21-en-el-estadio-artes-carrasco\\\/#primaryimage\",\"url\":\"https:\\\/\\\/arealorcaradio.es\\\/wp-content\\\/uploads\\\/2025\\\/02\\\/FOTO1-FUTBOL.jpeg\",\"contentUrl\":\"https:\\\/\\\/arealorcaradio.es\\\/wp-content\\\/uploads\\\/2025\\\/02\\\/FOTO1-FUTBOL.jpeg\",\"width\":2048,\"height\":1536},{\"@type\":\"BreadcrumbList\",\"@id\":\"https:\\\/\\\/arealorcaradio.es\\\/index.php\\\/2025\\\/02\\\/28\\\/se-ponen-a-la-venta-8-000-entradas-a-precios-populares-para-disfrutar-de-la-seleccion-espanola-sub-21-en-el-estadio-artes-carrasco\\\/#breadcrumb\",\"itemListElement\":[{\"@type\":\"ListItem\",\"position\":1,\"name\":\"Portada\",\"item\":\"https:\\\/\\\/arealorcaradio.es\\\/\"},{\"@type\":\"ListItem\",\"position\":2,\"name\":\"Se ponen a la venta 8.000 entradas a precios populares para disfrutar de la Selecci\u00f3n Espa\u00f1ola Sub-21 en el Estadio Art\u00e9s Carrasco\"}]},{\"@type\":\"WebSite\",\"@id\":\"https:\\\/\\\/arealorcaradio.es\\\/#website\",\"url\":\"https:\\\/\\\/arealorcaradio.es\\\/\",\"name\":\"AREA LORCA RADIO\",\"description\":\"Descubre la programaci\u00f3n actual en \u00c1rea Lorca Radio, tu fuente de entrenamiento y noticias locales. Sintoniza ahora y mantente conectado online.\",\"potentialAction\":[{\"@type\":\"SearchAction\",\"target\":{\"@type\":\"EntryPoint\",\"urlTemplate\":\"https:\\\/\\\/arealorcaradio.es\\\/?s={search_term_string}\"},\"query-input\":{\"@type\":\"PropertyValueSpecification\",\"valueRequired\":true,\"valueName\":\"search_term_string\"}}],\"inLanguage\":\"es\"},{\"@type\":\"Person\",\"@id\":\"https:\\\/\\\/arealorcaradio.es\\\/#\\\/schema\\\/person\\\/9fae605fc25b0f2c83c1ab207139bd27\",\"name\":\"Paco S\u00e1nchez\",\"image\":{\"@type\":\"ImageObject\",\"inLanguage\":\"es\",\"@id\":\"https:\\\/\\\/secure.gravatar.com\\\/avatar\\\/d67144e966420fb74aa84c9f2a0103be4724fd14db52b52d3b6bca749f257e79?s=96&d=mm&r=g\",\"url\":\"https:\\\/\\\/secure.gravatar.com\\\/avatar\\\/d67144e966420fb74aa84c9f2a0103be4724fd14db52b52d3b6bca749f257e79?s=96&d=mm&r=g\",\"contentUrl\":\"https:\\\/\\\/secure.gravatar.com\\\/avatar\\\/d67144e966420fb74aa84c9f2a0103be4724fd14db52b52d3b6bca749f257e79?s=96&d=mm&r=g\",\"caption\":\"Paco S\u00e1nchez\"},\"sameAs\":[\"https:\\\/\\\/arealorcaradio.es\"],\"url\":\"https:\\\/\\\/arealorcaradio.es\\\/index.php\\\/author\\\/admin_alorcaradio\\\/\"}]}<\/script>\n<!-- \/ Yoast SEO plugin. -->","yoast_head_json":{"title":"Se ponen a la venta 8.000 entradas a precios populares para disfrutar de la Selecci\u00f3n Espa\u00f1ola Sub-21 en el Estadio Art\u00e9s Carrasco - AREA LORCA RADIO","robots":{"index":"index","follow":"follow","max-snippet":"max-snippet:-1","max-image-preview":"max-image-preview:large","max-video-preview":"max-video-preview:-1"},"canonical":"https:\/\/arealorcaradio.es\/index.php\/2025\/02\/28\/se-ponen-a-la-venta-8-000-entradas-a-precios-populares-para-disfrutar-de-la-seleccion-espanola-sub-21-en-el-estadio-artes-carrasco\/","og_locale":"es_ES","og_type":"article","og_title":"Se ponen a la venta 8.000 entradas a precios populares para disfrutar de la Selecci\u00f3n Espa\u00f1ola Sub-21 en el Estadio Art\u00e9s Carrasco - AREA LORCA RADIO","og_description":"\u00c1REA LORCA RADIO. Deportes. 28 de febrero de 2025.\u00a0Las entradas para disfrutar del partido de f\u00fatbol entre las selecciones sub 21 de Espa\u00f1a y Rep\u00fablica Checa el pr\u00f3ximo 21 de marzo en el Estadio Francisco Art\u00e9s Carrasco de Lorca se han puesto hoy a la venta con precios populares que oscilan entre los 10 y [&hellip;]","og_url":"https:\/\/arealorcaradio.es\/index.php\/2025\/02\/28\/se-ponen-a-la-venta-8-000-entradas-a-precios-populares-para-disfrutar-de-la-seleccion-espanola-sub-21-en-el-estadio-artes-carrasco\/","og_site_name":"AREA LORCA RADIO","article_published_time":"2025-02-28T17:20:19+00:00","og_image":[{"width":2048,"height":1536,"url":"https:\/\/arealorcaradio.es\/wp-content\/uploads\/2025\/02\/FOTO1-FUTBOL.jpeg","type":"image\/jpeg"}],"author":"Paco S\u00e1nchez","twitter_card":"summary_large_image","twitter_misc":{"Escrito por":"Paco S\u00e1nchez","Tiempo de lectura":"4 minutos"},"schema":{"@context":"https:\/\/schema.org","@graph":[{"@type":"Article","@id":"https:\/\/arealorcaradio.es\/index.php\/2025\/02\/28\/se-ponen-a-la-venta-8-000-entradas-a-precios-populares-para-disfrutar-de-la-seleccion-espanola-sub-21-en-el-estadio-artes-carrasco\/#article","isPartOf":{"@id":"https:\/\/arealorcaradio.es\/index.php\/2025\/02\/28\/se-ponen-a-la-venta-8-000-entradas-a-precios-populares-para-disfrutar-de-la-seleccion-espanola-sub-21-en-el-estadio-artes-carrasco\/"},"author":{"name":"Paco S\u00e1nchez","@id":"https:\/\/arealorcaradio.es\/#\/schema\/person\/9fae605fc25b0f2c83c1ab207139bd27"},"headline":"Se ponen a la venta 8.000 entradas a precios populares para disfrutar de la Selecci\u00f3n Espa\u00f1ola Sub-21 en el Estadio Art\u00e9s Carrasco","datePublished":"2025-02-28T17:20:19+00:00","mainEntityOfPage":{"@id":"https:\/\/arealorcaradio.es\/index.php\/2025\/02\/28\/se-ponen-a-la-venta-8-000-entradas-a-precios-populares-para-disfrutar-de-la-seleccion-espanola-sub-21-en-el-estadio-artes-carrasco\/"},"wordCount":684,"commentCount":0,"image":{"@id":"https:\/\/arealorcaradio.es\/index.php\/2025\/02\/28\/se-ponen-a-la-venta-8-000-entradas-a-precios-populares-para-disfrutar-de-la-seleccion-espanola-sub-21-en-el-estadio-artes-carrasco\/#primaryimage"},"thumbnailUrl":"https:\/\/arealorcaradio.es\/wp-content\/uploads\/2025\/02\/FOTO1-FUTBOL.jpeg","articleSection":["DEPORTES","LORCA"],"inLanguage":"es","potentialAction":[{"@type":"CommentAction","name":"Comment","target":["https:\/\/arealorcaradio.es\/index.php\/2025\/02\/28\/se-ponen-a-la-venta-8-000-entradas-a-precios-populares-para-disfrutar-de-la-seleccion-espanola-sub-21-en-el-estadio-artes-carrasco\/#respond"]}]},{"@type":"WebPage","@id":"https:\/\/arealorcaradio.es\/index.php\/2025\/02\/28\/se-ponen-a-la-venta-8-000-entradas-a-precios-populares-para-disfrutar-de-la-seleccion-espanola-sub-21-en-el-estadio-artes-carrasco\/","url":"https:\/\/arealorcaradio.es\/index.php\/2025\/02\/28\/se-ponen-a-la-venta-8-000-entradas-a-precios-populares-para-disfrutar-de-la-seleccion-espanola-sub-21-en-el-estadio-artes-carrasco\/","name":"Se ponen a la venta 8.000 entradas a precios populares para disfrutar de la Selecci\u00f3n Espa\u00f1ola Sub-21 en el Estadio Art\u00e9s Carrasco - AREA LORCA RADIO","isPartOf":{"@id":"https:\/\/arealorcaradio.es\/#website"},"primaryImageOfPage":{"@id":"https:\/\/arealorcaradio.es\/index.php\/2025\/02\/28\/se-ponen-a-la-venta-8-000-entradas-a-precios-populares-para-disfrutar-de-la-seleccion-espanola-sub-21-en-el-estadio-artes-carrasco\/#primaryimage"},"image":{"@id":"https:\/\/arealorcaradio.es\/index.php\/2025\/02\/28\/se-ponen-a-la-venta-8-000-entradas-a-precios-populares-para-disfrutar-de-la-seleccion-espanola-sub-21-en-el-estadio-artes-carrasco\/#primaryimage"},"thumbnailUrl":"https:\/\/arealorcaradio.es\/wp-content\/uploads\/2025\/02\/FOTO1-FUTBOL.jpeg","datePublished":"2025-02-28T17:20:19+00:00","author":{"@id":"https:\/\/arealorcaradio.es\/#\/schema\/person\/9fae605fc25b0f2c83c1ab207139bd27"},"breadcrumb":{"@id":"https:\/\/arealorcaradio.es\/index.php\/2025\/02\/28\/se-ponen-a-la-venta-8-000-entradas-a-precios-populares-para-disfrutar-de-la-seleccion-espanola-sub-21-en-el-estadio-artes-carrasco\/#breadcrumb"},"inLanguage":"es","potentialAction":[{"@type":"ReadAction","target":["https:\/\/arealorcaradio.es\/index.php\/2025\/02\/28\/se-ponen-a-la-venta-8-000-entradas-a-precios-populares-para-disfrutar-de-la-seleccion-espanola-sub-21-en-el-estadio-artes-carrasco\/"]}]},{"@type":"ImageObject","inLanguage":"es","@id":"https:\/\/arealorcaradio.es\/index.php\/2025\/02\/28\/se-ponen-a-la-venta-8-000-entradas-a-precios-populares-para-disfrutar-de-la-seleccion-espanola-sub-21-en-el-estadio-artes-carrasco\/#primaryimage","url":"https:\/\/arealorcaradio.es\/wp-content\/uploads\/2025\/02\/FOTO1-FUTBOL.jpeg","contentUrl":"https:\/\/arealorcaradio.es\/wp-content\/uploads\/2025\/02\/FOTO1-FUTBOL.jpeg","width":2048,"height":1536},{"@type":"BreadcrumbList","@id":"https:\/\/arealorcaradio.es\/index.php\/2025\/02\/28\/se-ponen-a-la-venta-8-000-entradas-a-precios-populares-para-disfrutar-de-la-seleccion-espanola-sub-21-en-el-estadio-artes-carrasco\/#breadcrumb","itemListElement":[{"@type":"ListItem","position":1,"name":"Portada","item":"https:\/\/arealorcaradio.es\/"},{"@type":"ListItem","position":2,"name":"Se ponen a la venta 8.000 entradas a precios populares para disfrutar de la Selecci\u00f3n Espa\u00f1ola Sub-21 en el Estadio Art\u00e9s Carrasco"}]},{"@type":"WebSite","@id":"https:\/\/arealorcaradio.es\/#website","url":"https:\/\/arealorcaradio.es\/","name":"AREA LORCA RADIO","description":"Descubre la programaci\u00f3n actual en \u00c1rea Lorca Radio, tu fuente de entrenamiento y noticias locales. Sintoniza ahora y mantente conectado online.","potentialAction":[{"@type":"SearchAction","target":{"@type":"EntryPoint","urlTemplate":"https:\/\/arealorcaradio.es\/?s={search_term_string}"},"query-input":{"@type":"PropertyValueSpecification","valueRequired":true,"valueName":"search_term_string"}}],"inLanguage":"es"},{"@type":"Person","@id":"https:\/\/arealorcaradio.es\/#\/schema\/person\/9fae605fc25b0f2c83c1ab207139bd27","name":"Paco S\u00e1nchez","image":{"@type":"ImageObject","inLanguage":"es","@id":"https:\/\/secure.gravatar.com\/avatar\/d67144e966420fb74aa84c9f2a0103be4724fd14db52b52d3b6bca749f257e79?s=96&d=mm&r=g","url":"https:\/\/secure.gravatar.com\/avatar\/d67144e966420fb74aa84c9f2a0103be4724fd14db52b52d3b6bca749f257e79?s=96&d=mm&r=g","contentUrl":"https:\/\/secure.gravatar.com\/avatar\/d67144e966420fb74aa84c9f2a0103be4724fd14db52b52d3b6bca749f257e79?s=96&d=mm&r=g","caption":"Paco S\u00e1nchez"},"sameAs":["https:\/\/arealorcaradio.es"],"url":"https:\/\/arealorcaradio.es\/index.php\/author\/admin_alorcaradio\/"}]}},"_links":{"self":[{"href":"https:\/\/arealorcaradio.es\/index.php\/wp-json\/wp\/v2\/posts\/5746","targetHints":{"allow":["GET"]}}],"collection":[{"href":"https:\/\/arealorcaradio.es\/index.php\/wp-json\/wp\/v2\/posts"}],"about":[{"href":"https:\/\/arealorcaradio.es\/index.php\/wp-json\/wp\/v2\/types\/post"}],"author":[{"embeddable":true,"href":"https:\/\/arealorcaradio.es\/index.php\/wp-json\/wp\/v2\/users\/1"}],"replies":[{"embeddable":true,"href":"https:\/\/arealorcaradio.es\/index.php\/wp-json\/wp\/v2\/comments?post=5746"}],"version-history":[{"count":1,"href":"https:\/\/arealorcaradio.es\/index.php\/wp-json\/wp\/v2\/posts\/5746\/revisions"}],"predecessor-version":[{"id":5757,"href":"https:\/\/arealorcaradio.es\/index.php\/wp-json\/wp\/v2\/posts\/5746\/revisions\/5757"}],"wp:featuredmedia":[{"embeddable":true,"href":"https:\/\/arealorcaradio.es\/index.php\/wp-json\/wp\/v2\/media\/5756"}],"wp:attachment":[{"href":"https:\/\/arealorcaradio.es\/index.php\/wp-json\/wp\/v2\/media?parent=5746"}],"wp:term":[{"taxonomy":"category","embeddable":true,"href":"https:\/\/arealorcaradio.es\/index.php\/wp-json\/wp\/v2\/categories?post=5746"},{"taxonomy":"post_tag","embeddable":true,"href":"https:\/\/arealorcaradio.es\/index.php\/wp-json\/wp\/v2\/tags?post=5746"}],"curies":[{"name":"wp","href":"https:\/\/api.w.org\/{rel}","templated":true}]}}