{"id":5737,"date":"2025-02-27T12:36:34","date_gmt":"2025-02-27T12:36:34","guid":{"rendered":"https:\/\/arealorcaradio.es\/?p=5737"},"modified":"2025-02-27T12:36:34","modified_gmt":"2025-02-27T12:36:34","slug":"lorca-conmemora-el-8m-con-una-amplia-programacion-de-actividades-bajo-el-lema-seamos-co-responsables","status":"publish","type":"post","link":"https:\/\/arealorcaradio.es\/index.php\/2025\/02\/27\/lorca-conmemora-el-8m-con-una-amplia-programacion-de-actividades-bajo-el-lema-seamos-co-responsables\/","title":{"rendered":"Lorca conmemora el 8M con una amplia programaci\u00f3n de actividades bajo el lema \u00abSeamos Co-responsables\u00bb"},"content":{"rendered":"<p><strong>\u00c1REA LORCA RADIO. Actualidad.<\/strong><\/p>\n<p class=\"v1MsoNormal\"><b>26 de febrero de 2025.<\/b>\u00a0La concejal de Mujer del Ayuntamiento de Lorca, Mar\u00eda de las Huertas Garc\u00eda P\u00e9rez, ha presentado este jueves el amplio programa de actividades que ha dise\u00f1ado el Consistorio, en colaboraci\u00f3n con diversas concejal\u00edas, instituciones p\u00fablicas y privadas, asociaciones y colectivos vecinales, para conmemorar el D\u00eda Internacional de la Mujer que se celebra el pr\u00f3ximo 8 de marzo.<\/p>\n<p class=\"v1MsoNormal\">Bajo el lema \u00abSeamos Co-responsables\u00bb, la campa\u00f1a de este a\u00f1o pone el foco en la necesidad de un compromiso conjunto por parte de todos los agentes sociales para lograr una igualdad real y efectiva entre mujeres y hombres. Mar\u00eda de las Huertas Garc\u00eda, en este sentido, ha destacado que \u00abel 8 de marzo es una fecha para la reflexi\u00f3n, por ello, con este programa queremos visibilizar la importancia de la corresponsabilidad en todos los \u00e1mbitos: desde las administraciones p\u00fablicas hasta la vida cotidiana de cada persona, ya que solo con el compromiso de todos podremos contribuir al avance y consecuci\u00f3n de la igualdad entre hombres y mujeres en nuestra sociedad\u00bb.<\/p>\n<p class=\"v1MsoNormal\">Asimismo, ha explicado que \u00abla corresponsabilidad es clave para avanzar en igualdad. Desde la administraci\u00f3n p\u00fablica trabajamos para garantizar pol\u00edticas y recursos que favorezcan la conciliaci\u00f3n de la vida personal, familiar y laboral y el cuidado y la atenci\u00f3n de personas dependientes, pero es fundamental que las empresas, los sindicatos y la ciudadan\u00eda en su conjunto asuman tambi\u00e9n su parte de responsabilidad\u00bb.<\/p>\n<p class=\"v1MsoNormal\">En esta l\u00ednea, la edil de Mujer ha subrayado que \u00abes muy importante que las empresas tambi\u00e9n promuevan medidas de flexibilidad laboral y mejoras normativas en materia de conciliaci\u00f3n, atenci\u00f3n a personas dependientes; mientras que tambi\u00e9n es necesario que los sindicatos fomenten la sensibilizaci\u00f3n y la formaci\u00f3n sobre igualdad y conciliaci\u00f3n tanto en el \u00e1mbito laboral como en la negociaci\u00f3n de convenios. Adem\u00e1s, es imprescindible que en los hogares avancemos en un reparto equitativo de las responsabilidades familiares y dom\u00e9sticas, modificando los roles tradicionales respecto a la implicaci\u00f3n en la familia, el hogar y el trabajo\u00bb.<\/p>\n<p class=\"v1MsoNormal\">Garc\u00eda P\u00e9rez ha explicado que como cada a\u00f1o, y como iniciativa principal de la campa\u00f1a, se celebrar\u00e1 el acto institucional, que incluir\u00e1 la lectura del manifiesto del 8M y la entrega de los Premios \u00abMujeres y Hombres por la Igualdad\u00bb (XIV Edici\u00f3n) y el Premio \u00abLorca por la Igualdad\u00bb (XII Edici\u00f3n), que tendr\u00e1 lugar el 7 de marzo a las 11 horas en la Plaza de Espa\u00f1a. \u00abEstos premios reconocen el esfuerzo y la labor de personas y entidades que han contribuido a la equidad de g\u00e9nero en nuestra sociedad, as\u00ed como la capacidad y el liderazgo para transformar a los ciudadanos en beneficio del desarrollo de la sociedad\u00bb, ha se\u00f1alado la concejal, quien tambi\u00e9n ha invitado a todos los lorquinos a participar en este acto.<\/p>\n<p class=\"v1MsoNormal\">Adem\u00e1s del acto institucional, la Concejal\u00eda de Mujer ha organizado diversas charlas y encuentros, a las que se suman numerosas actividades promovidas por asociaciones, entidades y centros educativos de Lorca. La programaci\u00f3n al completo se puede consultar en la web municipal o escaneando el c\u00f3digo QR que aparece en el cartel de la campa\u00f1a.<\/p>\n<p class=\"v1MsoNormal\">La campa\u00f1a est\u00e1 financiada a trav\u00e9s del Pacto de Estado contra la Violencia de G\u00e9nero del Gobierno de Espa\u00f1a y la Consejer\u00eda de Pol\u00edtica Social, Familia e Igualdad de la Comunidad Aut\u00f3noma de la Regi\u00f3n de Murcia.<\/p>\n","protected":false},"excerpt":{"rendered":"<p>\u00c1REA LORCA RADIO. Actualidad. 26 de febrero de 2025.\u00a0La concejal de Mujer del Ayuntamiento de Lorca, Mar\u00eda de las Huertas Garc\u00eda P\u00e9rez, ha presentado este jueves el amplio programa de actividades que ha dise\u00f1ado el Consistorio, en colaboraci\u00f3n con diversas concejal\u00edas, instituciones p\u00fablicas y privadas, asociaciones y colectivos vecinales, para conmemorar el D\u00eda Internacional de [&hellip;]<\/p>\n","protected":false},"author":1,"featured_media":5738,"comment_status":"open","ping_status":"open","sticky":false,"template":"","format":"standard","meta":{"iawp_total_views":7,"footnotes":""},"categories":[5,7],"tags":[],"class_list":["post-5737","post","type-post","status-publish","format-standard","has-post-thumbnail","hentry","category-actualidad","category-lorca"],"yoast_head":"<!-- This site is optimized with the Yoast SEO plugin v27.5 - https:\/\/yoast.com\/product\/yoast-seo-wordpress\/ -->\n<title>Lorca conmemora el 8M con una amplia programaci\u00f3n de actividades bajo el lema &quot;Seamos Co-responsables&quot; - AREA LORCA RADIO<\/title>\n<meta name=\"robots\" content=\"index, follow, max-snippet:-1, max-image-preview:large, max-video-preview:-1\" \/>\n<link rel=\"canonical\" href=\"https:\/\/arealorcaradio.es\/index.php\/2025\/02\/27\/lorca-conmemora-el-8m-con-una-amplia-programacion-de-actividades-bajo-el-lema-seamos-co-responsables\/\" \/>\n<meta property=\"og:locale\" content=\"es_ES\" \/>\n<meta property=\"og:type\" content=\"article\" \/>\n<meta property=\"og:title\" content=\"Lorca conmemora el 8M con una amplia programaci\u00f3n de actividades bajo el lema &quot;Seamos Co-responsables&quot; - AREA LORCA RADIO\" \/>\n<meta property=\"og:description\" content=\"\u00c1REA LORCA RADIO. Actualidad. 26 de febrero de 2025.\u00a0La concejal de Mujer del Ayuntamiento de Lorca, Mar\u00eda de las Huertas Garc\u00eda P\u00e9rez, ha presentado este jueves el amplio programa de actividades que ha dise\u00f1ado el Consistorio, en colaboraci\u00f3n con diversas concejal\u00edas, instituciones p\u00fablicas y privadas, asociaciones y colectivos vecinales, para conmemorar el D\u00eda Internacional de [&hellip;]\" \/>\n<meta property=\"og:url\" content=\"https:\/\/arealorcaradio.es\/index.php\/2025\/02\/27\/lorca-conmemora-el-8m-con-una-amplia-programacion-de-actividades-bajo-el-lema-seamos-co-responsables\/\" \/>\n<meta property=\"og:site_name\" content=\"AREA LORCA RADIO\" \/>\n<meta property=\"article:published_time\" content=\"2025-02-27T12:36:34+00:00\" \/>\n<meta property=\"og:image\" content=\"https:\/\/arealorcaradio.es\/wp-content\/uploads\/2025\/02\/FOTO3-MUJER.jpeg\" \/>\n\t<meta property=\"og:image:width\" content=\"2048\" \/>\n\t<meta property=\"og:image:height\" content=\"1536\" \/>\n\t<meta property=\"og:image:type\" content=\"image\/jpeg\" \/>\n<meta name=\"author\" content=\"Paco S\u00e1nchez\" \/>\n<meta name=\"twitter:card\" content=\"summary_large_image\" \/>\n<meta name=\"twitter:label1\" content=\"Escrito por\" \/>\n\t<meta name=\"twitter:data1\" content=\"Paco S\u00e1nchez\" \/>\n\t<meta name=\"twitter:label2\" content=\"Tiempo de lectura\" \/>\n\t<meta name=\"twitter:data2\" content=\"3 minutos\" \/>\n<script type=\"application\/ld+json\" class=\"yoast-schema-graph\">{\"@context\":\"https:\\\/\\\/schema.org\",\"@graph\":[{\"@type\":\"Article\",\"@id\":\"https:\\\/\\\/arealorcaradio.es\\\/index.php\\\/2025\\\/02\\\/27\\\/lorca-conmemora-el-8m-con-una-amplia-programacion-de-actividades-bajo-el-lema-seamos-co-responsables\\\/#article\",\"isPartOf\":{\"@id\":\"https:\\\/\\\/arealorcaradio.es\\\/index.php\\\/2025\\\/02\\\/27\\\/lorca-conmemora-el-8m-con-una-amplia-programacion-de-actividades-bajo-el-lema-seamos-co-responsables\\\/\"},\"author\":{\"name\":\"Paco S\u00e1nchez\",\"@id\":\"https:\\\/\\\/arealorcaradio.es\\\/#\\\/schema\\\/person\\\/9fae605fc25b0f2c83c1ab207139bd27\"},\"headline\":\"Lorca conmemora el 8M con una amplia programaci\u00f3n de actividades bajo el lema \u00abSeamos Co-responsables\u00bb\",\"datePublished\":\"2025-02-27T12:36:34+00:00\",\"mainEntityOfPage\":{\"@id\":\"https:\\\/\\\/arealorcaradio.es\\\/index.php\\\/2025\\\/02\\\/27\\\/lorca-conmemora-el-8m-con-una-amplia-programacion-de-actividades-bajo-el-lema-seamos-co-responsables\\\/\"},\"wordCount\":619,\"commentCount\":0,\"image\":{\"@id\":\"https:\\\/\\\/arealorcaradio.es\\\/index.php\\\/2025\\\/02\\\/27\\\/lorca-conmemora-el-8m-con-una-amplia-programacion-de-actividades-bajo-el-lema-seamos-co-responsables\\\/#primaryimage\"},\"thumbnailUrl\":\"https:\\\/\\\/arealorcaradio.es\\\/wp-content\\\/uploads\\\/2025\\\/02\\\/FOTO3-MUJER.jpeg\",\"articleSection\":[\"ACTUALIDAD\",\"LORCA\"],\"inLanguage\":\"es\",\"potentialAction\":[{\"@type\":\"CommentAction\",\"name\":\"Comment\",\"target\":[\"https:\\\/\\\/arealorcaradio.es\\\/index.php\\\/2025\\\/02\\\/27\\\/lorca-conmemora-el-8m-con-una-amplia-programacion-de-actividades-bajo-el-lema-seamos-co-responsables\\\/#respond\"]}]},{\"@type\":\"WebPage\",\"@id\":\"https:\\\/\\\/arealorcaradio.es\\\/index.php\\\/2025\\\/02\\\/27\\\/lorca-conmemora-el-8m-con-una-amplia-programacion-de-actividades-bajo-el-lema-seamos-co-responsables\\\/\",\"url\":\"https:\\\/\\\/arealorcaradio.es\\\/index.php\\\/2025\\\/02\\\/27\\\/lorca-conmemora-el-8m-con-una-amplia-programacion-de-actividades-bajo-el-lema-seamos-co-responsables\\\/\",\"name\":\"Lorca conmemora el 8M con una amplia programaci\u00f3n de actividades bajo el lema \\\"Seamos Co-responsables\\\" - AREA LORCA RADIO\",\"isPartOf\":{\"@id\":\"https:\\\/\\\/arealorcaradio.es\\\/#website\"},\"primaryImageOfPage\":{\"@id\":\"https:\\\/\\\/arealorcaradio.es\\\/index.php\\\/2025\\\/02\\\/27\\\/lorca-conmemora-el-8m-con-una-amplia-programacion-de-actividades-bajo-el-lema-seamos-co-responsables\\\/#primaryimage\"},\"image\":{\"@id\":\"https:\\\/\\\/arealorcaradio.es\\\/index.php\\\/2025\\\/02\\\/27\\\/lorca-conmemora-el-8m-con-una-amplia-programacion-de-actividades-bajo-el-lema-seamos-co-responsables\\\/#primaryimage\"},\"thumbnailUrl\":\"https:\\\/\\\/arealorcaradio.es\\\/wp-content\\\/uploads\\\/2025\\\/02\\\/FOTO3-MUJER.jpeg\",\"datePublished\":\"2025-02-27T12:36:34+00:00\",\"author\":{\"@id\":\"https:\\\/\\\/arealorcaradio.es\\\/#\\\/schema\\\/person\\\/9fae605fc25b0f2c83c1ab207139bd27\"},\"breadcrumb\":{\"@id\":\"https:\\\/\\\/arealorcaradio.es\\\/index.php\\\/2025\\\/02\\\/27\\\/lorca-conmemora-el-8m-con-una-amplia-programacion-de-actividades-bajo-el-lema-seamos-co-responsables\\\/#breadcrumb\"},\"inLanguage\":\"es\",\"potentialAction\":[{\"@type\":\"ReadAction\",\"target\":[\"https:\\\/\\\/arealorcaradio.es\\\/index.php\\\/2025\\\/02\\\/27\\\/lorca-conmemora-el-8m-con-una-amplia-programacion-de-actividades-bajo-el-lema-seamos-co-responsables\\\/\"]}]},{\"@type\":\"ImageObject\",\"inLanguage\":\"es\",\"@id\":\"https:\\\/\\\/arealorcaradio.es\\\/index.php\\\/2025\\\/02\\\/27\\\/lorca-conmemora-el-8m-con-una-amplia-programacion-de-actividades-bajo-el-lema-seamos-co-responsables\\\/#primaryimage\",\"url\":\"https:\\\/\\\/arealorcaradio.es\\\/wp-content\\\/uploads\\\/2025\\\/02\\\/FOTO3-MUJER.jpeg\",\"contentUrl\":\"https:\\\/\\\/arealorcaradio.es\\\/wp-content\\\/uploads\\\/2025\\\/02\\\/FOTO3-MUJER.jpeg\",\"width\":2048,\"height\":1536},{\"@type\":\"BreadcrumbList\",\"@id\":\"https:\\\/\\\/arealorcaradio.es\\\/index.php\\\/2025\\\/02\\\/27\\\/lorca-conmemora-el-8m-con-una-amplia-programacion-de-actividades-bajo-el-lema-seamos-co-responsables\\\/#breadcrumb\",\"itemListElement\":[{\"@type\":\"ListItem\",\"position\":1,\"name\":\"Portada\",\"item\":\"https:\\\/\\\/arealorcaradio.es\\\/\"},{\"@type\":\"ListItem\",\"position\":2,\"name\":\"Lorca conmemora el 8M con una amplia programaci\u00f3n de actividades bajo el lema \u00abSeamos Co-responsables\u00bb\"}]},{\"@type\":\"WebSite\",\"@id\":\"https:\\\/\\\/arealorcaradio.es\\\/#website\",\"url\":\"https:\\\/\\\/arealorcaradio.es\\\/\",\"name\":\"AREA LORCA RADIO\",\"description\":\"Descubre la programaci\u00f3n actual en \u00c1rea Lorca Radio, tu fuente de entrenamiento y noticias locales. Sintoniza ahora y mantente conectado online.\",\"potentialAction\":[{\"@type\":\"SearchAction\",\"target\":{\"@type\":\"EntryPoint\",\"urlTemplate\":\"https:\\\/\\\/arealorcaradio.es\\\/?s={search_term_string}\"},\"query-input\":{\"@type\":\"PropertyValueSpecification\",\"valueRequired\":true,\"valueName\":\"search_term_string\"}}],\"inLanguage\":\"es\"},{\"@type\":\"Person\",\"@id\":\"https:\\\/\\\/arealorcaradio.es\\\/#\\\/schema\\\/person\\\/9fae605fc25b0f2c83c1ab207139bd27\",\"name\":\"Paco S\u00e1nchez\",\"image\":{\"@type\":\"ImageObject\",\"inLanguage\":\"es\",\"@id\":\"https:\\\/\\\/secure.gravatar.com\\\/avatar\\\/d67144e966420fb74aa84c9f2a0103be4724fd14db52b52d3b6bca749f257e79?s=96&d=mm&r=g\",\"url\":\"https:\\\/\\\/secure.gravatar.com\\\/avatar\\\/d67144e966420fb74aa84c9f2a0103be4724fd14db52b52d3b6bca749f257e79?s=96&d=mm&r=g\",\"contentUrl\":\"https:\\\/\\\/secure.gravatar.com\\\/avatar\\\/d67144e966420fb74aa84c9f2a0103be4724fd14db52b52d3b6bca749f257e79?s=96&d=mm&r=g\",\"caption\":\"Paco S\u00e1nchez\"},\"sameAs\":[\"https:\\\/\\\/arealorcaradio.es\"],\"url\":\"https:\\\/\\\/arealorcaradio.es\\\/index.php\\\/author\\\/admin_alorcaradio\\\/\"}]}<\/script>\n<!-- \/ Yoast SEO plugin. -->","yoast_head_json":{"title":"Lorca conmemora el 8M con una amplia programaci\u00f3n de actividades bajo el lema \"Seamos Co-responsables\" - AREA LORCA RADIO","robots":{"index":"index","follow":"follow","max-snippet":"max-snippet:-1","max-image-preview":"max-image-preview:large","max-video-preview":"max-video-preview:-1"},"canonical":"https:\/\/arealorcaradio.es\/index.php\/2025\/02\/27\/lorca-conmemora-el-8m-con-una-amplia-programacion-de-actividades-bajo-el-lema-seamos-co-responsables\/","og_locale":"es_ES","og_type":"article","og_title":"Lorca conmemora el 8M con una amplia programaci\u00f3n de actividades bajo el lema \"Seamos Co-responsables\" - AREA LORCA RADIO","og_description":"\u00c1REA LORCA RADIO. Actualidad. 26 de febrero de 2025.\u00a0La concejal de Mujer del Ayuntamiento de Lorca, Mar\u00eda de las Huertas Garc\u00eda P\u00e9rez, ha presentado este jueves el amplio programa de actividades que ha dise\u00f1ado el Consistorio, en colaboraci\u00f3n con diversas concejal\u00edas, instituciones p\u00fablicas y privadas, asociaciones y colectivos vecinales, para conmemorar el D\u00eda Internacional de [&hellip;]","og_url":"https:\/\/arealorcaradio.es\/index.php\/2025\/02\/27\/lorca-conmemora-el-8m-con-una-amplia-programacion-de-actividades-bajo-el-lema-seamos-co-responsables\/","og_site_name":"AREA LORCA RADIO","article_published_time":"2025-02-27T12:36:34+00:00","og_image":[{"width":2048,"height":1536,"url":"https:\/\/arealorcaradio.es\/wp-content\/uploads\/2025\/02\/FOTO3-MUJER.jpeg","type":"image\/jpeg"}],"author":"Paco S\u00e1nchez","twitter_card":"summary_large_image","twitter_misc":{"Escrito por":"Paco S\u00e1nchez","Tiempo de lectura":"3 minutos"},"schema":{"@context":"https:\/\/schema.org","@graph":[{"@type":"Article","@id":"https:\/\/arealorcaradio.es\/index.php\/2025\/02\/27\/lorca-conmemora-el-8m-con-una-amplia-programacion-de-actividades-bajo-el-lema-seamos-co-responsables\/#article","isPartOf":{"@id":"https:\/\/arealorcaradio.es\/index.php\/2025\/02\/27\/lorca-conmemora-el-8m-con-una-amplia-programacion-de-actividades-bajo-el-lema-seamos-co-responsables\/"},"author":{"name":"Paco S\u00e1nchez","@id":"https:\/\/arealorcaradio.es\/#\/schema\/person\/9fae605fc25b0f2c83c1ab207139bd27"},"headline":"Lorca conmemora el 8M con una amplia programaci\u00f3n de actividades bajo el lema \u00abSeamos Co-responsables\u00bb","datePublished":"2025-02-27T12:36:34+00:00","mainEntityOfPage":{"@id":"https:\/\/arealorcaradio.es\/index.php\/2025\/02\/27\/lorca-conmemora-el-8m-con-una-amplia-programacion-de-actividades-bajo-el-lema-seamos-co-responsables\/"},"wordCount":619,"commentCount":0,"image":{"@id":"https:\/\/arealorcaradio.es\/index.php\/2025\/02\/27\/lorca-conmemora-el-8m-con-una-amplia-programacion-de-actividades-bajo-el-lema-seamos-co-responsables\/#primaryimage"},"thumbnailUrl":"https:\/\/arealorcaradio.es\/wp-content\/uploads\/2025\/02\/FOTO3-MUJER.jpeg","articleSection":["ACTUALIDAD","LORCA"],"inLanguage":"es","potentialAction":[{"@type":"CommentAction","name":"Comment","target":["https:\/\/arealorcaradio.es\/index.php\/2025\/02\/27\/lorca-conmemora-el-8m-con-una-amplia-programacion-de-actividades-bajo-el-lema-seamos-co-responsables\/#respond"]}]},{"@type":"WebPage","@id":"https:\/\/arealorcaradio.es\/index.php\/2025\/02\/27\/lorca-conmemora-el-8m-con-una-amplia-programacion-de-actividades-bajo-el-lema-seamos-co-responsables\/","url":"https:\/\/arealorcaradio.es\/index.php\/2025\/02\/27\/lorca-conmemora-el-8m-con-una-amplia-programacion-de-actividades-bajo-el-lema-seamos-co-responsables\/","name":"Lorca conmemora el 8M con una amplia programaci\u00f3n de actividades bajo el lema \"Seamos Co-responsables\" - AREA LORCA RADIO","isPartOf":{"@id":"https:\/\/arealorcaradio.es\/#website"},"primaryImageOfPage":{"@id":"https:\/\/arealorcaradio.es\/index.php\/2025\/02\/27\/lorca-conmemora-el-8m-con-una-amplia-programacion-de-actividades-bajo-el-lema-seamos-co-responsables\/#primaryimage"},"image":{"@id":"https:\/\/arealorcaradio.es\/index.php\/2025\/02\/27\/lorca-conmemora-el-8m-con-una-amplia-programacion-de-actividades-bajo-el-lema-seamos-co-responsables\/#primaryimage"},"thumbnailUrl":"https:\/\/arealorcaradio.es\/wp-content\/uploads\/2025\/02\/FOTO3-MUJER.jpeg","datePublished":"2025-02-27T12:36:34+00:00","author":{"@id":"https:\/\/arealorcaradio.es\/#\/schema\/person\/9fae605fc25b0f2c83c1ab207139bd27"},"breadcrumb":{"@id":"https:\/\/arealorcaradio.es\/index.php\/2025\/02\/27\/lorca-conmemora-el-8m-con-una-amplia-programacion-de-actividades-bajo-el-lema-seamos-co-responsables\/#breadcrumb"},"inLanguage":"es","potentialAction":[{"@type":"ReadAction","target":["https:\/\/arealorcaradio.es\/index.php\/2025\/02\/27\/lorca-conmemora-el-8m-con-una-amplia-programacion-de-actividades-bajo-el-lema-seamos-co-responsables\/"]}]},{"@type":"ImageObject","inLanguage":"es","@id":"https:\/\/arealorcaradio.es\/index.php\/2025\/02\/27\/lorca-conmemora-el-8m-con-una-amplia-programacion-de-actividades-bajo-el-lema-seamos-co-responsables\/#primaryimage","url":"https:\/\/arealorcaradio.es\/wp-content\/uploads\/2025\/02\/FOTO3-MUJER.jpeg","contentUrl":"https:\/\/arealorcaradio.es\/wp-content\/uploads\/2025\/02\/FOTO3-MUJER.jpeg","width":2048,"height":1536},{"@type":"BreadcrumbList","@id":"https:\/\/arealorcaradio.es\/index.php\/2025\/02\/27\/lorca-conmemora-el-8m-con-una-amplia-programacion-de-actividades-bajo-el-lema-seamos-co-responsables\/#breadcrumb","itemListElement":[{"@type":"ListItem","position":1,"name":"Portada","item":"https:\/\/arealorcaradio.es\/"},{"@type":"ListItem","position":2,"name":"Lorca conmemora el 8M con una amplia programaci\u00f3n de actividades bajo el lema \u00abSeamos Co-responsables\u00bb"}]},{"@type":"WebSite","@id":"https:\/\/arealorcaradio.es\/#website","url":"https:\/\/arealorcaradio.es\/","name":"AREA LORCA RADIO","description":"Descubre la programaci\u00f3n actual en \u00c1rea Lorca Radio, tu fuente de entrenamiento y noticias locales. Sintoniza ahora y mantente conectado online.","potentialAction":[{"@type":"SearchAction","target":{"@type":"EntryPoint","urlTemplate":"https:\/\/arealorcaradio.es\/?s={search_term_string}"},"query-input":{"@type":"PropertyValueSpecification","valueRequired":true,"valueName":"search_term_string"}}],"inLanguage":"es"},{"@type":"Person","@id":"https:\/\/arealorcaradio.es\/#\/schema\/person\/9fae605fc25b0f2c83c1ab207139bd27","name":"Paco S\u00e1nchez","image":{"@type":"ImageObject","inLanguage":"es","@id":"https:\/\/secure.gravatar.com\/avatar\/d67144e966420fb74aa84c9f2a0103be4724fd14db52b52d3b6bca749f257e79?s=96&d=mm&r=g","url":"https:\/\/secure.gravatar.com\/avatar\/d67144e966420fb74aa84c9f2a0103be4724fd14db52b52d3b6bca749f257e79?s=96&d=mm&r=g","contentUrl":"https:\/\/secure.gravatar.com\/avatar\/d67144e966420fb74aa84c9f2a0103be4724fd14db52b52d3b6bca749f257e79?s=96&d=mm&r=g","caption":"Paco S\u00e1nchez"},"sameAs":["https:\/\/arealorcaradio.es"],"url":"https:\/\/arealorcaradio.es\/index.php\/author\/admin_alorcaradio\/"}]}},"_links":{"self":[{"href":"https:\/\/arealorcaradio.es\/index.php\/wp-json\/wp\/v2\/posts\/5737","targetHints":{"allow":["GET"]}}],"collection":[{"href":"https:\/\/arealorcaradio.es\/index.php\/wp-json\/wp\/v2\/posts"}],"about":[{"href":"https:\/\/arealorcaradio.es\/index.php\/wp-json\/wp\/v2\/types\/post"}],"author":[{"embeddable":true,"href":"https:\/\/arealorcaradio.es\/index.php\/wp-json\/wp\/v2\/users\/1"}],"replies":[{"embeddable":true,"href":"https:\/\/arealorcaradio.es\/index.php\/wp-json\/wp\/v2\/comments?post=5737"}],"version-history":[{"count":1,"href":"https:\/\/arealorcaradio.es\/index.php\/wp-json\/wp\/v2\/posts\/5737\/revisions"}],"predecessor-version":[{"id":5739,"href":"https:\/\/arealorcaradio.es\/index.php\/wp-json\/wp\/v2\/posts\/5737\/revisions\/5739"}],"wp:featuredmedia":[{"embeddable":true,"href":"https:\/\/arealorcaradio.es\/index.php\/wp-json\/wp\/v2\/media\/5738"}],"wp:attachment":[{"href":"https:\/\/arealorcaradio.es\/index.php\/wp-json\/wp\/v2\/media?parent=5737"}],"wp:term":[{"taxonomy":"category","embeddable":true,"href":"https:\/\/arealorcaradio.es\/index.php\/wp-json\/wp\/v2\/categories?post=5737"},{"taxonomy":"post_tag","embeddable":true,"href":"https:\/\/arealorcaradio.es\/index.php\/wp-json\/wp\/v2\/tags?post=5737"}],"curies":[{"name":"wp","href":"https:\/\/api.w.org\/{rel}","templated":true}]}}