{"id":5732,"date":"2025-02-27T17:46:54","date_gmt":"2025-02-27T17:46:54","guid":{"rendered":"https:\/\/arealorcaradio.es\/?p=5732"},"modified":"2025-02-27T17:46:54","modified_gmt":"2025-02-27T17:46:54","slug":"mas-de-medio-centenar-de-actividades-para-todos-los-publicos-conforman-el-programa-de-las-fiestas-del-barrio-de-san-jose-en-lorca","status":"publish","type":"post","link":"https:\/\/arealorcaradio.es\/index.php\/2025\/02\/27\/mas-de-medio-centenar-de-actividades-para-todos-los-publicos-conforman-el-programa-de-las-fiestas-del-barrio-de-san-jose-en-lorca\/","title":{"rendered":"M\u00e1s de medio centenar de actividades para todos los p\u00fablicos conforman el programa de las fiestas del barrio de San Jos\u00e9 en Lorca"},"content":{"rendered":"<p><strong>\u00c1REA LORCA RADIO. Actualidad.<\/strong><\/p>\n<p class=\"v1MsoNormal\">Escucha aqu\u00ed la intervenci\u00f3n del presidente de la AAVV de San Jos\u00e9, Pedro Carrasco en el programa magazine de \u00c1rea Lorca Radio, con Paco S\u00e1nchez.<\/p>\n<audio class=\"wp-audio-shortcode\" id=\"audio-5732-1\" preload=\"none\" style=\"width: 100%;\" controls=\"controls\"><source type=\"audio\/mpeg\" src=\"https:\/\/arealorcaradio.es\/wp-content\/uploads\/2025\/02\/270225-PEDRO-CARRASCO.-AAVV-SAN-JOSE.mp3?_=1\" \/><a href=\"https:\/\/arealorcaradio.es\/wp-content\/uploads\/2025\/02\/270225-PEDRO-CARRASCO.-AAVV-SAN-JOSE.mp3\">https:\/\/arealorcaradio.es\/wp-content\/uploads\/2025\/02\/270225-PEDRO-CARRASCO.-AAVV-SAN-JOSE.mp3<\/a><\/audio>\n<p class=\"v1MsoNormal\"><b> <img loading=\"lazy\" decoding=\"async\" class=\"alignnone size-medium wp-image-5744\" src=\"https:\/\/arealorcaradio.es\/wp-content\/uploads\/2025\/02\/20250227_181403-1-300x225.jpg\" alt=\"\" width=\"300\" height=\"225\" srcset=\"https:\/\/arealorcaradio.es\/wp-content\/uploads\/2025\/02\/20250227_181403-1-300x225.jpg 300w, https:\/\/arealorcaradio.es\/wp-content\/uploads\/2025\/02\/20250227_181403-1-1024x768.jpg 1024w, https:\/\/arealorcaradio.es\/wp-content\/uploads\/2025\/02\/20250227_181403-1-768x576.jpg 768w, https:\/\/arealorcaradio.es\/wp-content\/uploads\/2025\/02\/20250227_181403-1-1536x1152.jpg 1536w, https:\/\/arealorcaradio.es\/wp-content\/uploads\/2025\/02\/20250227_181403-1-2048x1536.jpg 2048w, https:\/\/arealorcaradio.es\/wp-content\/uploads\/2025\/02\/20250227_181403-1-86x64.jpg 86w\" sizes=\"auto, (max-width: 300px) 100vw, 300px\" \/> \u00a0<img loading=\"lazy\" decoding=\"async\" class=\"alignnone size-medium wp-image-5740\" src=\"https:\/\/arealorcaradio.es\/wp-content\/uploads\/2025\/02\/FOTO3-1-1-300x225.jpeg\" alt=\"\" width=\"300\" height=\"225\" srcset=\"https:\/\/arealorcaradio.es\/wp-content\/uploads\/2025\/02\/FOTO3-1-1-300x225.jpeg 300w, https:\/\/arealorcaradio.es\/wp-content\/uploads\/2025\/02\/FOTO3-1-1-1024x768.jpeg 1024w, https:\/\/arealorcaradio.es\/wp-content\/uploads\/2025\/02\/FOTO3-1-1-768x576.jpeg 768w, https:\/\/arealorcaradio.es\/wp-content\/uploads\/2025\/02\/FOTO3-1-1-1536x1152.jpeg 1536w, https:\/\/arealorcaradio.es\/wp-content\/uploads\/2025\/02\/FOTO3-1-1-86x64.jpeg 86w, https:\/\/arealorcaradio.es\/wp-content\/uploads\/2025\/02\/FOTO3-1-1.jpeg 1600w\" sizes=\"auto, (max-width: 300px) 100vw, 300px\" \/> \u00a0<img loading=\"lazy\" decoding=\"async\" class=\"alignnone size-medium wp-image-5733\" src=\"https:\/\/arealorcaradio.es\/wp-content\/uploads\/2025\/02\/san-jose-2025-copia-archivo-212x300.jpg\" alt=\"\" width=\"212\" height=\"300\" srcset=\"https:\/\/arealorcaradio.es\/wp-content\/uploads\/2025\/02\/san-jose-2025-copia-archivo-212x300.jpg 212w, https:\/\/arealorcaradio.es\/wp-content\/uploads\/2025\/02\/san-jose-2025-copia-archivo-724x1024.jpg 724w, https:\/\/arealorcaradio.es\/wp-content\/uploads\/2025\/02\/san-jose-2025-copia-archivo-768x1086.jpg 768w, https:\/\/arealorcaradio.es\/wp-content\/uploads\/2025\/02\/san-jose-2025-copia-archivo-1086x1536.jpg 1086w, https:\/\/arealorcaradio.es\/wp-content\/uploads\/2025\/02\/san-jose-2025-copia-archivo-1448x2048.jpg 1448w, https:\/\/arealorcaradio.es\/wp-content\/uploads\/2025\/02\/san-jose-2025-copia-archivo-scaled.jpg 1811w\" sizes=\"auto, (max-width: 212px) 100vw, 212px\" \/>\u00a0<\/b><\/p>\n<p class=\"v1MsoNormal\"><b>27 de febrero de 2025.<\/b> Los vecinos de San Jos\u00e9 llevan m\u00e1s de 60 a\u00f1os construyendo una identidad propia alrededor de estas fiestas. El programa de las fiestas, que se desarrollar\u00e1n del 8 al 19 de marzo en el entorno del Parque Pepe Plazas y Mar\u00eda Carrillo, incluye m\u00e1s de medio centenar de actividades como conciertos, exposiciones, presentaciones de libros, la tradicional &#8216;plant\u00e1&#8217; de la falla, pasacalles y el preg\u00f3n de las fiestas, que este a\u00f1o correr\u00e1 a cargo del director de cine lorquino Dany Campos. La m\u00fasica ser\u00e1 protagonista con las actuaciones de Los Caimanes, Norte Perdido, Los Alegres Bandoleros, Sugar Rock, DJ Cano, DJ Isco, DJ Pedro Feder y DJ Kony. Adem\u00e1s, se contar\u00e1 con la actuaci\u00f3n de Marisol Segura, el grupo Sangra Flamenca y diversas academias de baile de la ciudad.<\/p>\n<p class=\"v1MsoNormal\">Entre las actividades deportivas y de entretenimiento, se celebrar\u00e1, como es tradicional, una carrera popular, un partido de f\u00fatbol, bingo para mayores y los &#8216;juegos del mundo&#8217; para los m\u00e1s peque\u00f1os, que tambi\u00e9n podr\u00e1n disfrutar de atracciones infantiles. La programaci\u00f3n religiosa incluir\u00e1 la tradicional diana floreada a cargo de la Agrupaci\u00f3n Musical Virgen de la Amargura, la misa y la procesi\u00f3n en honor a San Jos\u00e9, patr\u00f3n del barrio, que tendr\u00e1 lugar el 19 de marzo, adem\u00e1s, este d\u00eda tambi\u00e9n se realizar\u00e1 un acto de reconocimiento a vecinos del barrio.<\/p>\n<p class=\"v1MsoNormal\">El final de estas fiestas estar\u00e1 marcado por la quema de la falla, construida por los vecinos con materiales reciclados. Cabe recordar que el barrio de San Jos\u00e9 celebraba el a\u00f1o pasado el 60 aniversario de sus fallas, consolidando as\u00ed una tradici\u00f3n que es ya &#8216;patrimonio cultural&#8217; de la ciudad, puesto que es una se\u00f1a de identidad de estas fiestas y a la que cada a\u00f1o asisten m\u00e1s lorquinos y m\u00e1s visitantes de otros municipios lim\u00edtrofes para ver este monumento, que cada a\u00f1o tiene una reivindicaci\u00f3n diferente de los vecinos.<\/p>\n","protected":false},"excerpt":{"rendered":"<p>\u00c1REA LORCA RADIO. Actualidad. Escucha aqu\u00ed la intervenci\u00f3n del presidente de la AAVV de San Jos\u00e9, Pedro Carrasco en el programa magazine de \u00c1rea Lorca Radio, con Paco S\u00e1nchez. \u00a0 \u00a0\u00a0 27 de febrero de 2025. Los vecinos de San Jos\u00e9 llevan m\u00e1s de 60 a\u00f1os construyendo una identidad propia alrededor de estas fiestas. El [&hellip;]<\/p>\n","protected":false},"author":1,"featured_media":5742,"comment_status":"open","ping_status":"open","sticky":false,"template":"","format":"standard","meta":{"iawp_total_views":23,"footnotes":""},"categories":[5,7],"tags":[],"class_list":["post-5732","post","type-post","status-publish","format-standard","has-post-thumbnail","hentry","category-actualidad","category-lorca"],"yoast_head":"<!-- This site is optimized with the Yoast SEO plugin v27.5 - https:\/\/yoast.com\/product\/yoast-seo-wordpress\/ -->\n<title>M\u00e1s de medio centenar de actividades para todos los p\u00fablicos conforman el programa de las fiestas del barrio de San Jos\u00e9 en Lorca - AREA LORCA RADIO<\/title>\n<meta name=\"robots\" content=\"index, follow, max-snippet:-1, max-image-preview:large, max-video-preview:-1\" \/>\n<link rel=\"canonical\" href=\"https:\/\/arealorcaradio.es\/index.php\/2025\/02\/27\/mas-de-medio-centenar-de-actividades-para-todos-los-publicos-conforman-el-programa-de-las-fiestas-del-barrio-de-san-jose-en-lorca\/\" \/>\n<meta property=\"og:locale\" content=\"es_ES\" \/>\n<meta property=\"og:type\" content=\"article\" \/>\n<meta property=\"og:title\" content=\"M\u00e1s de medio centenar de actividades para todos los p\u00fablicos conforman el programa de las fiestas del barrio de San Jos\u00e9 en Lorca - AREA LORCA RADIO\" \/>\n<meta property=\"og:description\" content=\"\u00c1REA LORCA RADIO. Actualidad. Escucha aqu\u00ed la intervenci\u00f3n del presidente de la AAVV de San Jos\u00e9, Pedro Carrasco en el programa magazine de \u00c1rea Lorca Radio, con Paco S\u00e1nchez. \u00a0 \u00a0\u00a0 27 de febrero de 2025. Los vecinos de San Jos\u00e9 llevan m\u00e1s de 60 a\u00f1os construyendo una identidad propia alrededor de estas fiestas. El [&hellip;]\" \/>\n<meta property=\"og:url\" content=\"https:\/\/arealorcaradio.es\/index.php\/2025\/02\/27\/mas-de-medio-centenar-de-actividades-para-todos-los-publicos-conforman-el-programa-de-las-fiestas-del-barrio-de-san-jose-en-lorca\/\" \/>\n<meta property=\"og:site_name\" content=\"AREA LORCA RADIO\" \/>\n<meta property=\"article:published_time\" content=\"2025-02-27T17:46:54+00:00\" \/>\n<meta property=\"og:image\" content=\"https:\/\/arealorcaradio.es\/wp-content\/uploads\/2025\/02\/20250227_181428-1-scaled.jpg\" \/>\n\t<meta property=\"og:image:width\" content=\"2560\" \/>\n\t<meta property=\"og:image:height\" content=\"1920\" \/>\n\t<meta property=\"og:image:type\" content=\"image\/jpeg\" \/>\n<meta name=\"author\" content=\"Paco S\u00e1nchez\" \/>\n<meta name=\"twitter:card\" content=\"summary_large_image\" \/>\n<meta name=\"twitter:label1\" content=\"Escrito por\" \/>\n\t<meta name=\"twitter:data1\" content=\"Paco S\u00e1nchez\" \/>\n\t<meta name=\"twitter:label2\" content=\"Tiempo de lectura\" \/>\n\t<meta name=\"twitter:data2\" content=\"3 minutos\" \/>\n<script type=\"application\/ld+json\" class=\"yoast-schema-graph\">{\"@context\":\"https:\\\/\\\/schema.org\",\"@graph\":[{\"@type\":\"Article\",\"@id\":\"https:\\\/\\\/arealorcaradio.es\\\/index.php\\\/2025\\\/02\\\/27\\\/mas-de-medio-centenar-de-actividades-para-todos-los-publicos-conforman-el-programa-de-las-fiestas-del-barrio-de-san-jose-en-lorca\\\/#article\",\"isPartOf\":{\"@id\":\"https:\\\/\\\/arealorcaradio.es\\\/index.php\\\/2025\\\/02\\\/27\\\/mas-de-medio-centenar-de-actividades-para-todos-los-publicos-conforman-el-programa-de-las-fiestas-del-barrio-de-san-jose-en-lorca\\\/\"},\"author\":{\"name\":\"Paco S\u00e1nchez\",\"@id\":\"https:\\\/\\\/arealorcaradio.es\\\/#\\\/schema\\\/person\\\/9fae605fc25b0f2c83c1ab207139bd27\"},\"headline\":\"M\u00e1s de medio centenar de actividades para todos los p\u00fablicos conforman el programa de las fiestas del barrio de San Jos\u00e9 en Lorca\",\"datePublished\":\"2025-02-27T17:46:54+00:00\",\"mainEntityOfPage\":{\"@id\":\"https:\\\/\\\/arealorcaradio.es\\\/index.php\\\/2025\\\/02\\\/27\\\/mas-de-medio-centenar-de-actividades-para-todos-los-publicos-conforman-el-programa-de-las-fiestas-del-barrio-de-san-jose-en-lorca\\\/\"},\"wordCount\":405,\"commentCount\":0,\"image\":{\"@id\":\"https:\\\/\\\/arealorcaradio.es\\\/index.php\\\/2025\\\/02\\\/27\\\/mas-de-medio-centenar-de-actividades-para-todos-los-publicos-conforman-el-programa-de-las-fiestas-del-barrio-de-san-jose-en-lorca\\\/#primaryimage\"},\"thumbnailUrl\":\"https:\\\/\\\/arealorcaradio.es\\\/wp-content\\\/uploads\\\/2025\\\/02\\\/20250227_181428-1-scaled.jpg\",\"articleSection\":[\"ACTUALIDAD\",\"LORCA\"],\"inLanguage\":\"es\",\"potentialAction\":[{\"@type\":\"CommentAction\",\"name\":\"Comment\",\"target\":[\"https:\\\/\\\/arealorcaradio.es\\\/index.php\\\/2025\\\/02\\\/27\\\/mas-de-medio-centenar-de-actividades-para-todos-los-publicos-conforman-el-programa-de-las-fiestas-del-barrio-de-san-jose-en-lorca\\\/#respond\"]}]},{\"@type\":\"WebPage\",\"@id\":\"https:\\\/\\\/arealorcaradio.es\\\/index.php\\\/2025\\\/02\\\/27\\\/mas-de-medio-centenar-de-actividades-para-todos-los-publicos-conforman-el-programa-de-las-fiestas-del-barrio-de-san-jose-en-lorca\\\/\",\"url\":\"https:\\\/\\\/arealorcaradio.es\\\/index.php\\\/2025\\\/02\\\/27\\\/mas-de-medio-centenar-de-actividades-para-todos-los-publicos-conforman-el-programa-de-las-fiestas-del-barrio-de-san-jose-en-lorca\\\/\",\"name\":\"M\u00e1s de medio centenar de actividades para todos los p\u00fablicos conforman el programa de las fiestas del barrio de San Jos\u00e9 en Lorca - AREA LORCA RADIO\",\"isPartOf\":{\"@id\":\"https:\\\/\\\/arealorcaradio.es\\\/#website\"},\"primaryImageOfPage\":{\"@id\":\"https:\\\/\\\/arealorcaradio.es\\\/index.php\\\/2025\\\/02\\\/27\\\/mas-de-medio-centenar-de-actividades-para-todos-los-publicos-conforman-el-programa-de-las-fiestas-del-barrio-de-san-jose-en-lorca\\\/#primaryimage\"},\"image\":{\"@id\":\"https:\\\/\\\/arealorcaradio.es\\\/index.php\\\/2025\\\/02\\\/27\\\/mas-de-medio-centenar-de-actividades-para-todos-los-publicos-conforman-el-programa-de-las-fiestas-del-barrio-de-san-jose-en-lorca\\\/#primaryimage\"},\"thumbnailUrl\":\"https:\\\/\\\/arealorcaradio.es\\\/wp-content\\\/uploads\\\/2025\\\/02\\\/20250227_181428-1-scaled.jpg\",\"datePublished\":\"2025-02-27T17:46:54+00:00\",\"author\":{\"@id\":\"https:\\\/\\\/arealorcaradio.es\\\/#\\\/schema\\\/person\\\/9fae605fc25b0f2c83c1ab207139bd27\"},\"breadcrumb\":{\"@id\":\"https:\\\/\\\/arealorcaradio.es\\\/index.php\\\/2025\\\/02\\\/27\\\/mas-de-medio-centenar-de-actividades-para-todos-los-publicos-conforman-el-programa-de-las-fiestas-del-barrio-de-san-jose-en-lorca\\\/#breadcrumb\"},\"inLanguage\":\"es\",\"potentialAction\":[{\"@type\":\"ReadAction\",\"target\":[\"https:\\\/\\\/arealorcaradio.es\\\/index.php\\\/2025\\\/02\\\/27\\\/mas-de-medio-centenar-de-actividades-para-todos-los-publicos-conforman-el-programa-de-las-fiestas-del-barrio-de-san-jose-en-lorca\\\/\"]}]},{\"@type\":\"ImageObject\",\"inLanguage\":\"es\",\"@id\":\"https:\\\/\\\/arealorcaradio.es\\\/index.php\\\/2025\\\/02\\\/27\\\/mas-de-medio-centenar-de-actividades-para-todos-los-publicos-conforman-el-programa-de-las-fiestas-del-barrio-de-san-jose-en-lorca\\\/#primaryimage\",\"url\":\"https:\\\/\\\/arealorcaradio.es\\\/wp-content\\\/uploads\\\/2025\\\/02\\\/20250227_181428-1-scaled.jpg\",\"contentUrl\":\"https:\\\/\\\/arealorcaradio.es\\\/wp-content\\\/uploads\\\/2025\\\/02\\\/20250227_181428-1-scaled.jpg\",\"width\":2560,\"height\":1920},{\"@type\":\"BreadcrumbList\",\"@id\":\"https:\\\/\\\/arealorcaradio.es\\\/index.php\\\/2025\\\/02\\\/27\\\/mas-de-medio-centenar-de-actividades-para-todos-los-publicos-conforman-el-programa-de-las-fiestas-del-barrio-de-san-jose-en-lorca\\\/#breadcrumb\",\"itemListElement\":[{\"@type\":\"ListItem\",\"position\":1,\"name\":\"Portada\",\"item\":\"https:\\\/\\\/arealorcaradio.es\\\/\"},{\"@type\":\"ListItem\",\"position\":2,\"name\":\"M\u00e1s de medio centenar de actividades para todos los p\u00fablicos conforman el programa de las fiestas del barrio de San Jos\u00e9 en Lorca\"}]},{\"@type\":\"WebSite\",\"@id\":\"https:\\\/\\\/arealorcaradio.es\\\/#website\",\"url\":\"https:\\\/\\\/arealorcaradio.es\\\/\",\"name\":\"AREA LORCA RADIO\",\"description\":\"Descubre la programaci\u00f3n actual en \u00c1rea Lorca Radio, tu fuente de entrenamiento y noticias locales. Sintoniza ahora y mantente conectado online.\",\"potentialAction\":[{\"@type\":\"SearchAction\",\"target\":{\"@type\":\"EntryPoint\",\"urlTemplate\":\"https:\\\/\\\/arealorcaradio.es\\\/?s={search_term_string}\"},\"query-input\":{\"@type\":\"PropertyValueSpecification\",\"valueRequired\":true,\"valueName\":\"search_term_string\"}}],\"inLanguage\":\"es\"},{\"@type\":\"Person\",\"@id\":\"https:\\\/\\\/arealorcaradio.es\\\/#\\\/schema\\\/person\\\/9fae605fc25b0f2c83c1ab207139bd27\",\"name\":\"Paco S\u00e1nchez\",\"image\":{\"@type\":\"ImageObject\",\"inLanguage\":\"es\",\"@id\":\"https:\\\/\\\/secure.gravatar.com\\\/avatar\\\/d67144e966420fb74aa84c9f2a0103be4724fd14db52b52d3b6bca749f257e79?s=96&d=mm&r=g\",\"url\":\"https:\\\/\\\/secure.gravatar.com\\\/avatar\\\/d67144e966420fb74aa84c9f2a0103be4724fd14db52b52d3b6bca749f257e79?s=96&d=mm&r=g\",\"contentUrl\":\"https:\\\/\\\/secure.gravatar.com\\\/avatar\\\/d67144e966420fb74aa84c9f2a0103be4724fd14db52b52d3b6bca749f257e79?s=96&d=mm&r=g\",\"caption\":\"Paco S\u00e1nchez\"},\"sameAs\":[\"https:\\\/\\\/arealorcaradio.es\"],\"url\":\"https:\\\/\\\/arealorcaradio.es\\\/index.php\\\/author\\\/admin_alorcaradio\\\/\"}]}<\/script>\n<!-- \/ Yoast SEO plugin. -->","yoast_head_json":{"title":"M\u00e1s de medio centenar de actividades para todos los p\u00fablicos conforman el programa de las fiestas del barrio de San Jos\u00e9 en Lorca - AREA LORCA RADIO","robots":{"index":"index","follow":"follow","max-snippet":"max-snippet:-1","max-image-preview":"max-image-preview:large","max-video-preview":"max-video-preview:-1"},"canonical":"https:\/\/arealorcaradio.es\/index.php\/2025\/02\/27\/mas-de-medio-centenar-de-actividades-para-todos-los-publicos-conforman-el-programa-de-las-fiestas-del-barrio-de-san-jose-en-lorca\/","og_locale":"es_ES","og_type":"article","og_title":"M\u00e1s de medio centenar de actividades para todos los p\u00fablicos conforman el programa de las fiestas del barrio de San Jos\u00e9 en Lorca - AREA LORCA RADIO","og_description":"\u00c1REA LORCA RADIO. Actualidad. Escucha aqu\u00ed la intervenci\u00f3n del presidente de la AAVV de San Jos\u00e9, Pedro Carrasco en el programa magazine de \u00c1rea Lorca Radio, con Paco S\u00e1nchez. \u00a0 \u00a0\u00a0 27 de febrero de 2025. Los vecinos de San Jos\u00e9 llevan m\u00e1s de 60 a\u00f1os construyendo una identidad propia alrededor de estas fiestas. El [&hellip;]","og_url":"https:\/\/arealorcaradio.es\/index.php\/2025\/02\/27\/mas-de-medio-centenar-de-actividades-para-todos-los-publicos-conforman-el-programa-de-las-fiestas-del-barrio-de-san-jose-en-lorca\/","og_site_name":"AREA LORCA RADIO","article_published_time":"2025-02-27T17:46:54+00:00","og_image":[{"width":2560,"height":1920,"url":"https:\/\/arealorcaradio.es\/wp-content\/uploads\/2025\/02\/20250227_181428-1-scaled.jpg","type":"image\/jpeg"}],"author":"Paco S\u00e1nchez","twitter_card":"summary_large_image","twitter_misc":{"Escrito por":"Paco S\u00e1nchez","Tiempo de lectura":"3 minutos"},"schema":{"@context":"https:\/\/schema.org","@graph":[{"@type":"Article","@id":"https:\/\/arealorcaradio.es\/index.php\/2025\/02\/27\/mas-de-medio-centenar-de-actividades-para-todos-los-publicos-conforman-el-programa-de-las-fiestas-del-barrio-de-san-jose-en-lorca\/#article","isPartOf":{"@id":"https:\/\/arealorcaradio.es\/index.php\/2025\/02\/27\/mas-de-medio-centenar-de-actividades-para-todos-los-publicos-conforman-el-programa-de-las-fiestas-del-barrio-de-san-jose-en-lorca\/"},"author":{"name":"Paco S\u00e1nchez","@id":"https:\/\/arealorcaradio.es\/#\/schema\/person\/9fae605fc25b0f2c83c1ab207139bd27"},"headline":"M\u00e1s de medio centenar de actividades para todos los p\u00fablicos conforman el programa de las fiestas del barrio de San Jos\u00e9 en Lorca","datePublished":"2025-02-27T17:46:54+00:00","mainEntityOfPage":{"@id":"https:\/\/arealorcaradio.es\/index.php\/2025\/02\/27\/mas-de-medio-centenar-de-actividades-para-todos-los-publicos-conforman-el-programa-de-las-fiestas-del-barrio-de-san-jose-en-lorca\/"},"wordCount":405,"commentCount":0,"image":{"@id":"https:\/\/arealorcaradio.es\/index.php\/2025\/02\/27\/mas-de-medio-centenar-de-actividades-para-todos-los-publicos-conforman-el-programa-de-las-fiestas-del-barrio-de-san-jose-en-lorca\/#primaryimage"},"thumbnailUrl":"https:\/\/arealorcaradio.es\/wp-content\/uploads\/2025\/02\/20250227_181428-1-scaled.jpg","articleSection":["ACTUALIDAD","LORCA"],"inLanguage":"es","potentialAction":[{"@type":"CommentAction","name":"Comment","target":["https:\/\/arealorcaradio.es\/index.php\/2025\/02\/27\/mas-de-medio-centenar-de-actividades-para-todos-los-publicos-conforman-el-programa-de-las-fiestas-del-barrio-de-san-jose-en-lorca\/#respond"]}]},{"@type":"WebPage","@id":"https:\/\/arealorcaradio.es\/index.php\/2025\/02\/27\/mas-de-medio-centenar-de-actividades-para-todos-los-publicos-conforman-el-programa-de-las-fiestas-del-barrio-de-san-jose-en-lorca\/","url":"https:\/\/arealorcaradio.es\/index.php\/2025\/02\/27\/mas-de-medio-centenar-de-actividades-para-todos-los-publicos-conforman-el-programa-de-las-fiestas-del-barrio-de-san-jose-en-lorca\/","name":"M\u00e1s de medio centenar de actividades para todos los p\u00fablicos conforman el programa de las fiestas del barrio de San Jos\u00e9 en Lorca - AREA LORCA RADIO","isPartOf":{"@id":"https:\/\/arealorcaradio.es\/#website"},"primaryImageOfPage":{"@id":"https:\/\/arealorcaradio.es\/index.php\/2025\/02\/27\/mas-de-medio-centenar-de-actividades-para-todos-los-publicos-conforman-el-programa-de-las-fiestas-del-barrio-de-san-jose-en-lorca\/#primaryimage"},"image":{"@id":"https:\/\/arealorcaradio.es\/index.php\/2025\/02\/27\/mas-de-medio-centenar-de-actividades-para-todos-los-publicos-conforman-el-programa-de-las-fiestas-del-barrio-de-san-jose-en-lorca\/#primaryimage"},"thumbnailUrl":"https:\/\/arealorcaradio.es\/wp-content\/uploads\/2025\/02\/20250227_181428-1-scaled.jpg","datePublished":"2025-02-27T17:46:54+00:00","author":{"@id":"https:\/\/arealorcaradio.es\/#\/schema\/person\/9fae605fc25b0f2c83c1ab207139bd27"},"breadcrumb":{"@id":"https:\/\/arealorcaradio.es\/index.php\/2025\/02\/27\/mas-de-medio-centenar-de-actividades-para-todos-los-publicos-conforman-el-programa-de-las-fiestas-del-barrio-de-san-jose-en-lorca\/#breadcrumb"},"inLanguage":"es","potentialAction":[{"@type":"ReadAction","target":["https:\/\/arealorcaradio.es\/index.php\/2025\/02\/27\/mas-de-medio-centenar-de-actividades-para-todos-los-publicos-conforman-el-programa-de-las-fiestas-del-barrio-de-san-jose-en-lorca\/"]}]},{"@type":"ImageObject","inLanguage":"es","@id":"https:\/\/arealorcaradio.es\/index.php\/2025\/02\/27\/mas-de-medio-centenar-de-actividades-para-todos-los-publicos-conforman-el-programa-de-las-fiestas-del-barrio-de-san-jose-en-lorca\/#primaryimage","url":"https:\/\/arealorcaradio.es\/wp-content\/uploads\/2025\/02\/20250227_181428-1-scaled.jpg","contentUrl":"https:\/\/arealorcaradio.es\/wp-content\/uploads\/2025\/02\/20250227_181428-1-scaled.jpg","width":2560,"height":1920},{"@type":"BreadcrumbList","@id":"https:\/\/arealorcaradio.es\/index.php\/2025\/02\/27\/mas-de-medio-centenar-de-actividades-para-todos-los-publicos-conforman-el-programa-de-las-fiestas-del-barrio-de-san-jose-en-lorca\/#breadcrumb","itemListElement":[{"@type":"ListItem","position":1,"name":"Portada","item":"https:\/\/arealorcaradio.es\/"},{"@type":"ListItem","position":2,"name":"M\u00e1s de medio centenar de actividades para todos los p\u00fablicos conforman el programa de las fiestas del barrio de San Jos\u00e9 en Lorca"}]},{"@type":"WebSite","@id":"https:\/\/arealorcaradio.es\/#website","url":"https:\/\/arealorcaradio.es\/","name":"AREA LORCA RADIO","description":"Descubre la programaci\u00f3n actual en \u00c1rea Lorca Radio, tu fuente de entrenamiento y noticias locales. Sintoniza ahora y mantente conectado online.","potentialAction":[{"@type":"SearchAction","target":{"@type":"EntryPoint","urlTemplate":"https:\/\/arealorcaradio.es\/?s={search_term_string}"},"query-input":{"@type":"PropertyValueSpecification","valueRequired":true,"valueName":"search_term_string"}}],"inLanguage":"es"},{"@type":"Person","@id":"https:\/\/arealorcaradio.es\/#\/schema\/person\/9fae605fc25b0f2c83c1ab207139bd27","name":"Paco S\u00e1nchez","image":{"@type":"ImageObject","inLanguage":"es","@id":"https:\/\/secure.gravatar.com\/avatar\/d67144e966420fb74aa84c9f2a0103be4724fd14db52b52d3b6bca749f257e79?s=96&d=mm&r=g","url":"https:\/\/secure.gravatar.com\/avatar\/d67144e966420fb74aa84c9f2a0103be4724fd14db52b52d3b6bca749f257e79?s=96&d=mm&r=g","contentUrl":"https:\/\/secure.gravatar.com\/avatar\/d67144e966420fb74aa84c9f2a0103be4724fd14db52b52d3b6bca749f257e79?s=96&d=mm&r=g","caption":"Paco S\u00e1nchez"},"sameAs":["https:\/\/arealorcaradio.es"],"url":"https:\/\/arealorcaradio.es\/index.php\/author\/admin_alorcaradio\/"}]}},"_links":{"self":[{"href":"https:\/\/arealorcaradio.es\/index.php\/wp-json\/wp\/v2\/posts\/5732","targetHints":{"allow":["GET"]}}],"collection":[{"href":"https:\/\/arealorcaradio.es\/index.php\/wp-json\/wp\/v2\/posts"}],"about":[{"href":"https:\/\/arealorcaradio.es\/index.php\/wp-json\/wp\/v2\/types\/post"}],"author":[{"embeddable":true,"href":"https:\/\/arealorcaradio.es\/index.php\/wp-json\/wp\/v2\/users\/1"}],"replies":[{"embeddable":true,"href":"https:\/\/arealorcaradio.es\/index.php\/wp-json\/wp\/v2\/comments?post=5732"}],"version-history":[{"count":3,"href":"https:\/\/arealorcaradio.es\/index.php\/wp-json\/wp\/v2\/posts\/5732\/revisions"}],"predecessor-version":[{"id":5745,"href":"https:\/\/arealorcaradio.es\/index.php\/wp-json\/wp\/v2\/posts\/5732\/revisions\/5745"}],"wp:featuredmedia":[{"embeddable":true,"href":"https:\/\/arealorcaradio.es\/index.php\/wp-json\/wp\/v2\/media\/5742"}],"wp:attachment":[{"href":"https:\/\/arealorcaradio.es\/index.php\/wp-json\/wp\/v2\/media?parent=5732"}],"wp:term":[{"taxonomy":"category","embeddable":true,"href":"https:\/\/arealorcaradio.es\/index.php\/wp-json\/wp\/v2\/categories?post=5732"},{"taxonomy":"post_tag","embeddable":true,"href":"https:\/\/arealorcaradio.es\/index.php\/wp-json\/wp\/v2\/tags?post=5732"}],"curies":[{"name":"wp","href":"https:\/\/api.w.org\/{rel}","templated":true}]}}