{"id":5723,"date":"2025-02-27T17:46:28","date_gmt":"2025-02-27T17:46:28","guid":{"rendered":"https:\/\/arealorcaradio.es\/?p=5723"},"modified":"2025-02-27T17:46:28","modified_gmt":"2025-02-27T17:46:28","slug":"este-viernes-sera-la-entrega-de-los-galardones-del-i-premio-nacional-de-poesia-lorcabiciudad-la-bici-en-verso","status":"publish","type":"post","link":"https:\/\/arealorcaradio.es\/index.php\/2025\/02\/27\/este-viernes-sera-la-entrega-de-los-galardones-del-i-premio-nacional-de-poesia-lorcabiciudad-la-bici-en-verso\/","title":{"rendered":"Este viernes ser\u00e1 la entrega de los galardones del I Premio Nacional de Poes\u00eda LorcaBiciudad \u00abLa bici en verso\u00bb"},"content":{"rendered":"<p><strong>\u00c1REA LORCA RADIO. Sociedad.<\/strong><\/p>\n<p>Escucha aqu\u00ed la intervenci\u00f3n del presidente de LorcaBiciudad Manuel Mart\u00edn en el magazine de \u00c1rea Lorca Radio, con Paco S\u00e1nchez.<\/p>\n<audio class=\"wp-audio-shortcode\" id=\"audio-5723-1\" preload=\"none\" style=\"width: 100%;\" controls=\"controls\"><source type=\"audio\/mpeg\" src=\"https:\/\/arealorcaradio.es\/wp-content\/uploads\/2025\/02\/270225-MANUEL-MARTIN.-POESIA-LORCACICIUDAD.mp3?_=1\" \/><a href=\"https:\/\/arealorcaradio.es\/wp-content\/uploads\/2025\/02\/270225-MANUEL-MARTIN.-POESIA-LORCACICIUDAD.mp3\">https:\/\/arealorcaradio.es\/wp-content\/uploads\/2025\/02\/270225-MANUEL-MARTIN.-POESIA-LORCACICIUDAD.mp3<\/a><\/audio>\n<p><img loading=\"lazy\" decoding=\"async\" class=\"alignnone size-medium wp-image-5730\" src=\"https:\/\/arealorcaradio.es\/wp-content\/uploads\/2025\/02\/CARTEL-ACTO-ENTREGA-PREMIOS-I-CERTAMEN-POESIA-copia-195x300.jpg\" alt=\"\" width=\"195\" height=\"300\" srcset=\"https:\/\/arealorcaradio.es\/wp-content\/uploads\/2025\/02\/CARTEL-ACTO-ENTREGA-PREMIOS-I-CERTAMEN-POESIA-copia-195x300.jpg 195w, https:\/\/arealorcaradio.es\/wp-content\/uploads\/2025\/02\/CARTEL-ACTO-ENTREGA-PREMIOS-I-CERTAMEN-POESIA-copia-667x1024.jpg 667w, https:\/\/arealorcaradio.es\/wp-content\/uploads\/2025\/02\/CARTEL-ACTO-ENTREGA-PREMIOS-I-CERTAMEN-POESIA-copia-768x1179.jpg 768w, https:\/\/arealorcaradio.es\/wp-content\/uploads\/2025\/02\/CARTEL-ACTO-ENTREGA-PREMIOS-I-CERTAMEN-POESIA-copia.jpg 950w\" sizes=\"auto, (max-width: 195px) 100vw, 195px\" \/> \u00a0<img loading=\"lazy\" decoding=\"async\" class=\"alignnone size-medium wp-image-5727\" src=\"https:\/\/arealorcaradio.es\/wp-content\/uploads\/2025\/02\/IMG-20250227-WA0010-300x204.jpg\" alt=\"\" width=\"300\" height=\"204\" srcset=\"https:\/\/arealorcaradio.es\/wp-content\/uploads\/2025\/02\/IMG-20250227-WA0010-300x204.jpg 300w, https:\/\/arealorcaradio.es\/wp-content\/uploads\/2025\/02\/IMG-20250227-WA0010-1024x696.jpg 1024w, https:\/\/arealorcaradio.es\/wp-content\/uploads\/2025\/02\/IMG-20250227-WA0010-768x522.jpg 768w, https:\/\/arealorcaradio.es\/wp-content\/uploads\/2025\/02\/IMG-20250227-WA0010-1536x1044.jpg 1536w, https:\/\/arealorcaradio.es\/wp-content\/uploads\/2025\/02\/IMG-20250227-WA0010.jpg 1600w\" sizes=\"auto, (max-width: 300px) 100vw, 300px\" \/><\/p>\n<p>Este viernes 28 de febrero, en el Huerto Ruano y desde las 19,45 horas, LorcaBiciudad organiza la entrega del premio dotado con 500 \u20ac y acc\u00e9sit a los poemas m\u00e1s destacados del I CERTAMEN NACIONAL DE POES\u00cdA LORCABICIUDAD, ofreciendo adem\u00e1s un RECITAL con veinte de los poemas recibidos. Al acto ha sido invitado el Alcalde de Lorca, D. Fulgencio Gil y el Concejal de Cultura, D. Santiago Parra, que ha cedido el espacio del Huerto Ruano para la realizaci\u00f3n del acto. Colaboran con elevento la Coordinadora Estatal ConBici y dar\u00e1n lectura a algunos de los poemas miembros de los Amigos de la Cultura y del Grupo Po\u00e9tico Espartaria.<\/p>\n<p><b>Poemas recitados por sus propios autores:<\/b><br \/>\nSe da la circunstancia de que buena parte de las obras literarias ser\u00e1n retransmitidas audiovisualmente en la sala del Huerto Ruano, pues se ha invitado a todas las personas que participaron a enviar sus versos en v\u00eddeo. Desde la asociaci\u00f3n se encargar\u00e1n de realizar un montaje para su exhibici\u00f3n alternativa con los poemas que ser\u00e1n recitados presencialmente. Estos se ir\u00e1n difundiendo paulatinamente por las redes sociales de LorcaBiciudad.<\/p>\n<p><b>Premiado y acc\u00e9sit:<\/b><br \/>\n&#8211;<strong>DICEN QUE NO SE OLVIDA<\/strong>. De Sergio M. Moreno Dom\u00ednguez, de Jerez de la Frontera, recibir\u00e1 los 500 \u20ac de premio.<br \/>\n&#8211;<strong>ANIMAL DE SILENCIOS<\/strong>. De Liliana L\u00f3pez Le\u00f3n con el seud\u00f3nimo de MADONNA GHISALLO (acc\u00e9sit sin dotaci\u00f3n econ\u00f3mica). Enviado desde Barcelona.<br \/>\n&#8211;<strong>YO TAMBI\u00c9N TUVE UNA BH AZUL<\/strong>. De Juan Campoy Navarro con el seud\u00f3nimo Louisana Mon Amour (acc\u00e9sit sin dotaci\u00f3n econ\u00f3mica). Enviado desde Totana.<\/p>\n","protected":false},"excerpt":{"rendered":"<p>\u00c1REA LORCA RADIO. Sociedad. Escucha aqu\u00ed la intervenci\u00f3n del presidente de LorcaBiciudad Manuel Mart\u00edn en el magazine de \u00c1rea Lorca Radio, con Paco S\u00e1nchez. \u00a0 Este viernes 28 de febrero, en el Huerto Ruano y desde las 19,45 horas, LorcaBiciudad organiza la entrega del premio dotado con 500 \u20ac y acc\u00e9sit a los poemas m\u00e1s [&hellip;]<\/p>\n","protected":false},"author":1,"featured_media":5725,"comment_status":"open","ping_status":"open","sticky":false,"template":"","format":"standard","meta":{"iawp_total_views":14,"footnotes":""},"categories":[5,7],"tags":[],"class_list":["post-5723","post","type-post","status-publish","format-standard","has-post-thumbnail","hentry","category-actualidad","category-lorca"],"yoast_head":"<!-- This site is optimized with the Yoast SEO plugin v27.5 - https:\/\/yoast.com\/product\/yoast-seo-wordpress\/ -->\n<title>Este viernes ser\u00e1 la entrega de los galardones del I Premio Nacional de Poes\u00eda LorcaBiciudad \u00abLa bici en verso\u00bb - AREA LORCA RADIO<\/title>\n<meta name=\"robots\" content=\"index, follow, max-snippet:-1, max-image-preview:large, max-video-preview:-1\" \/>\n<link rel=\"canonical\" href=\"https:\/\/arealorcaradio.es\/index.php\/2025\/02\/27\/este-viernes-sera-la-entrega-de-los-galardones-del-i-premio-nacional-de-poesia-lorcabiciudad-la-bici-en-verso\/\" \/>\n<meta property=\"og:locale\" content=\"es_ES\" \/>\n<meta property=\"og:type\" content=\"article\" \/>\n<meta property=\"og:title\" content=\"Este viernes ser\u00e1 la entrega de los galardones del I Premio Nacional de Poes\u00eda LorcaBiciudad \u00abLa bici en verso\u00bb - AREA LORCA RADIO\" \/>\n<meta property=\"og:description\" content=\"\u00c1REA LORCA RADIO. Sociedad. Escucha aqu\u00ed la intervenci\u00f3n del presidente de LorcaBiciudad Manuel Mart\u00edn en el magazine de \u00c1rea Lorca Radio, con Paco S\u00e1nchez. \u00a0 Este viernes 28 de febrero, en el Huerto Ruano y desde las 19,45 horas, LorcaBiciudad organiza la entrega del premio dotado con 500 \u20ac y acc\u00e9sit a los poemas m\u00e1s [&hellip;]\" \/>\n<meta property=\"og:url\" content=\"https:\/\/arealorcaradio.es\/index.php\/2025\/02\/27\/este-viernes-sera-la-entrega-de-los-galardones-del-i-premio-nacional-de-poesia-lorcabiciudad-la-bici-en-verso\/\" \/>\n<meta property=\"og:site_name\" content=\"AREA LORCA RADIO\" \/>\n<meta property=\"article:published_time\" content=\"2025-02-27T17:46:28+00:00\" \/>\n<meta property=\"og:image\" content=\"https:\/\/arealorcaradio.es\/wp-content\/uploads\/2025\/02\/IMG-20250227-WA0009.jpg\" \/>\n\t<meta property=\"og:image:width\" content=\"1600\" \/>\n\t<meta property=\"og:image:height\" content=\"873\" \/>\n\t<meta property=\"og:image:type\" content=\"image\/jpeg\" \/>\n<meta name=\"author\" content=\"Paco S\u00e1nchez\" \/>\n<meta name=\"twitter:card\" content=\"summary_large_image\" \/>\n<meta name=\"twitter:label1\" content=\"Escrito por\" \/>\n\t<meta name=\"twitter:data1\" content=\"Paco S\u00e1nchez\" \/>\n\t<meta name=\"twitter:label2\" content=\"Tiempo de lectura\" \/>\n\t<meta name=\"twitter:data2\" content=\"2 minutos\" \/>\n<script type=\"application\/ld+json\" class=\"yoast-schema-graph\">{\"@context\":\"https:\\\/\\\/schema.org\",\"@graph\":[{\"@type\":\"Article\",\"@id\":\"https:\\\/\\\/arealorcaradio.es\\\/index.php\\\/2025\\\/02\\\/27\\\/este-viernes-sera-la-entrega-de-los-galardones-del-i-premio-nacional-de-poesia-lorcabiciudad-la-bici-en-verso\\\/#article\",\"isPartOf\":{\"@id\":\"https:\\\/\\\/arealorcaradio.es\\\/index.php\\\/2025\\\/02\\\/27\\\/este-viernes-sera-la-entrega-de-los-galardones-del-i-premio-nacional-de-poesia-lorcabiciudad-la-bici-en-verso\\\/\"},\"author\":{\"name\":\"Paco S\u00e1nchez\",\"@id\":\"https:\\\/\\\/arealorcaradio.es\\\/#\\\/schema\\\/person\\\/9fae605fc25b0f2c83c1ab207139bd27\"},\"headline\":\"Este viernes ser\u00e1 la entrega de los galardones del I Premio Nacional de Poes\u00eda LorcaBiciudad \u00abLa bici en verso\u00bb\",\"datePublished\":\"2025-02-27T17:46:28+00:00\",\"mainEntityOfPage\":{\"@id\":\"https:\\\/\\\/arealorcaradio.es\\\/index.php\\\/2025\\\/02\\\/27\\\/este-viernes-sera-la-entrega-de-los-galardones-del-i-premio-nacional-de-poesia-lorcabiciudad-la-bici-en-verso\\\/\"},\"wordCount\":328,\"commentCount\":0,\"image\":{\"@id\":\"https:\\\/\\\/arealorcaradio.es\\\/index.php\\\/2025\\\/02\\\/27\\\/este-viernes-sera-la-entrega-de-los-galardones-del-i-premio-nacional-de-poesia-lorcabiciudad-la-bici-en-verso\\\/#primaryimage\"},\"thumbnailUrl\":\"https:\\\/\\\/arealorcaradio.es\\\/wp-content\\\/uploads\\\/2025\\\/02\\\/IMG-20250227-WA0009.jpg\",\"articleSection\":[\"ACTUALIDAD\",\"LORCA\"],\"inLanguage\":\"es\",\"potentialAction\":[{\"@type\":\"CommentAction\",\"name\":\"Comment\",\"target\":[\"https:\\\/\\\/arealorcaradio.es\\\/index.php\\\/2025\\\/02\\\/27\\\/este-viernes-sera-la-entrega-de-los-galardones-del-i-premio-nacional-de-poesia-lorcabiciudad-la-bici-en-verso\\\/#respond\"]}]},{\"@type\":\"WebPage\",\"@id\":\"https:\\\/\\\/arealorcaradio.es\\\/index.php\\\/2025\\\/02\\\/27\\\/este-viernes-sera-la-entrega-de-los-galardones-del-i-premio-nacional-de-poesia-lorcabiciudad-la-bici-en-verso\\\/\",\"url\":\"https:\\\/\\\/arealorcaradio.es\\\/index.php\\\/2025\\\/02\\\/27\\\/este-viernes-sera-la-entrega-de-los-galardones-del-i-premio-nacional-de-poesia-lorcabiciudad-la-bici-en-verso\\\/\",\"name\":\"Este viernes ser\u00e1 la entrega de los galardones del I Premio Nacional de Poes\u00eda LorcaBiciudad \u00abLa bici en verso\u00bb - AREA LORCA RADIO\",\"isPartOf\":{\"@id\":\"https:\\\/\\\/arealorcaradio.es\\\/#website\"},\"primaryImageOfPage\":{\"@id\":\"https:\\\/\\\/arealorcaradio.es\\\/index.php\\\/2025\\\/02\\\/27\\\/este-viernes-sera-la-entrega-de-los-galardones-del-i-premio-nacional-de-poesia-lorcabiciudad-la-bici-en-verso\\\/#primaryimage\"},\"image\":{\"@id\":\"https:\\\/\\\/arealorcaradio.es\\\/index.php\\\/2025\\\/02\\\/27\\\/este-viernes-sera-la-entrega-de-los-galardones-del-i-premio-nacional-de-poesia-lorcabiciudad-la-bici-en-verso\\\/#primaryimage\"},\"thumbnailUrl\":\"https:\\\/\\\/arealorcaradio.es\\\/wp-content\\\/uploads\\\/2025\\\/02\\\/IMG-20250227-WA0009.jpg\",\"datePublished\":\"2025-02-27T17:46:28+00:00\",\"author\":{\"@id\":\"https:\\\/\\\/arealorcaradio.es\\\/#\\\/schema\\\/person\\\/9fae605fc25b0f2c83c1ab207139bd27\"},\"breadcrumb\":{\"@id\":\"https:\\\/\\\/arealorcaradio.es\\\/index.php\\\/2025\\\/02\\\/27\\\/este-viernes-sera-la-entrega-de-los-galardones-del-i-premio-nacional-de-poesia-lorcabiciudad-la-bici-en-verso\\\/#breadcrumb\"},\"inLanguage\":\"es\",\"potentialAction\":[{\"@type\":\"ReadAction\",\"target\":[\"https:\\\/\\\/arealorcaradio.es\\\/index.php\\\/2025\\\/02\\\/27\\\/este-viernes-sera-la-entrega-de-los-galardones-del-i-premio-nacional-de-poesia-lorcabiciudad-la-bici-en-verso\\\/\"]}]},{\"@type\":\"ImageObject\",\"inLanguage\":\"es\",\"@id\":\"https:\\\/\\\/arealorcaradio.es\\\/index.php\\\/2025\\\/02\\\/27\\\/este-viernes-sera-la-entrega-de-los-galardones-del-i-premio-nacional-de-poesia-lorcabiciudad-la-bici-en-verso\\\/#primaryimage\",\"url\":\"https:\\\/\\\/arealorcaradio.es\\\/wp-content\\\/uploads\\\/2025\\\/02\\\/IMG-20250227-WA0009.jpg\",\"contentUrl\":\"https:\\\/\\\/arealorcaradio.es\\\/wp-content\\\/uploads\\\/2025\\\/02\\\/IMG-20250227-WA0009.jpg\",\"width\":1600,\"height\":873},{\"@type\":\"BreadcrumbList\",\"@id\":\"https:\\\/\\\/arealorcaradio.es\\\/index.php\\\/2025\\\/02\\\/27\\\/este-viernes-sera-la-entrega-de-los-galardones-del-i-premio-nacional-de-poesia-lorcabiciudad-la-bici-en-verso\\\/#breadcrumb\",\"itemListElement\":[{\"@type\":\"ListItem\",\"position\":1,\"name\":\"Portada\",\"item\":\"https:\\\/\\\/arealorcaradio.es\\\/\"},{\"@type\":\"ListItem\",\"position\":2,\"name\":\"Este viernes ser\u00e1 la entrega de los galardones del I Premio Nacional de Poes\u00eda LorcaBiciudad \u00abLa bici en verso\u00bb\"}]},{\"@type\":\"WebSite\",\"@id\":\"https:\\\/\\\/arealorcaradio.es\\\/#website\",\"url\":\"https:\\\/\\\/arealorcaradio.es\\\/\",\"name\":\"AREA LORCA RADIO\",\"description\":\"Descubre la programaci\u00f3n actual en \u00c1rea Lorca Radio, tu fuente de entrenamiento y noticias locales. Sintoniza ahora y mantente conectado online.\",\"potentialAction\":[{\"@type\":\"SearchAction\",\"target\":{\"@type\":\"EntryPoint\",\"urlTemplate\":\"https:\\\/\\\/arealorcaradio.es\\\/?s={search_term_string}\"},\"query-input\":{\"@type\":\"PropertyValueSpecification\",\"valueRequired\":true,\"valueName\":\"search_term_string\"}}],\"inLanguage\":\"es\"},{\"@type\":\"Person\",\"@id\":\"https:\\\/\\\/arealorcaradio.es\\\/#\\\/schema\\\/person\\\/9fae605fc25b0f2c83c1ab207139bd27\",\"name\":\"Paco S\u00e1nchez\",\"image\":{\"@type\":\"ImageObject\",\"inLanguage\":\"es\",\"@id\":\"https:\\\/\\\/secure.gravatar.com\\\/avatar\\\/d67144e966420fb74aa84c9f2a0103be4724fd14db52b52d3b6bca749f257e79?s=96&d=mm&r=g\",\"url\":\"https:\\\/\\\/secure.gravatar.com\\\/avatar\\\/d67144e966420fb74aa84c9f2a0103be4724fd14db52b52d3b6bca749f257e79?s=96&d=mm&r=g\",\"contentUrl\":\"https:\\\/\\\/secure.gravatar.com\\\/avatar\\\/d67144e966420fb74aa84c9f2a0103be4724fd14db52b52d3b6bca749f257e79?s=96&d=mm&r=g\",\"caption\":\"Paco S\u00e1nchez\"},\"sameAs\":[\"https:\\\/\\\/arealorcaradio.es\"],\"url\":\"https:\\\/\\\/arealorcaradio.es\\\/index.php\\\/author\\\/admin_alorcaradio\\\/\"}]}<\/script>\n<!-- \/ Yoast SEO plugin. -->","yoast_head_json":{"title":"Este viernes ser\u00e1 la entrega de los galardones del I Premio Nacional de Poes\u00eda LorcaBiciudad \u00abLa bici en verso\u00bb - AREA LORCA RADIO","robots":{"index":"index","follow":"follow","max-snippet":"max-snippet:-1","max-image-preview":"max-image-preview:large","max-video-preview":"max-video-preview:-1"},"canonical":"https:\/\/arealorcaradio.es\/index.php\/2025\/02\/27\/este-viernes-sera-la-entrega-de-los-galardones-del-i-premio-nacional-de-poesia-lorcabiciudad-la-bici-en-verso\/","og_locale":"es_ES","og_type":"article","og_title":"Este viernes ser\u00e1 la entrega de los galardones del I Premio Nacional de Poes\u00eda LorcaBiciudad \u00abLa bici en verso\u00bb - AREA LORCA RADIO","og_description":"\u00c1REA LORCA RADIO. Sociedad. Escucha aqu\u00ed la intervenci\u00f3n del presidente de LorcaBiciudad Manuel Mart\u00edn en el magazine de \u00c1rea Lorca Radio, con Paco S\u00e1nchez. \u00a0 Este viernes 28 de febrero, en el Huerto Ruano y desde las 19,45 horas, LorcaBiciudad organiza la entrega del premio dotado con 500 \u20ac y acc\u00e9sit a los poemas m\u00e1s [&hellip;]","og_url":"https:\/\/arealorcaradio.es\/index.php\/2025\/02\/27\/este-viernes-sera-la-entrega-de-los-galardones-del-i-premio-nacional-de-poesia-lorcabiciudad-la-bici-en-verso\/","og_site_name":"AREA LORCA RADIO","article_published_time":"2025-02-27T17:46:28+00:00","og_image":[{"width":1600,"height":873,"url":"https:\/\/arealorcaradio.es\/wp-content\/uploads\/2025\/02\/IMG-20250227-WA0009.jpg","type":"image\/jpeg"}],"author":"Paco S\u00e1nchez","twitter_card":"summary_large_image","twitter_misc":{"Escrito por":"Paco S\u00e1nchez","Tiempo de lectura":"2 minutos"},"schema":{"@context":"https:\/\/schema.org","@graph":[{"@type":"Article","@id":"https:\/\/arealorcaradio.es\/index.php\/2025\/02\/27\/este-viernes-sera-la-entrega-de-los-galardones-del-i-premio-nacional-de-poesia-lorcabiciudad-la-bici-en-verso\/#article","isPartOf":{"@id":"https:\/\/arealorcaradio.es\/index.php\/2025\/02\/27\/este-viernes-sera-la-entrega-de-los-galardones-del-i-premio-nacional-de-poesia-lorcabiciudad-la-bici-en-verso\/"},"author":{"name":"Paco S\u00e1nchez","@id":"https:\/\/arealorcaradio.es\/#\/schema\/person\/9fae605fc25b0f2c83c1ab207139bd27"},"headline":"Este viernes ser\u00e1 la entrega de los galardones del I Premio Nacional de Poes\u00eda LorcaBiciudad \u00abLa bici en verso\u00bb","datePublished":"2025-02-27T17:46:28+00:00","mainEntityOfPage":{"@id":"https:\/\/arealorcaradio.es\/index.php\/2025\/02\/27\/este-viernes-sera-la-entrega-de-los-galardones-del-i-premio-nacional-de-poesia-lorcabiciudad-la-bici-en-verso\/"},"wordCount":328,"commentCount":0,"image":{"@id":"https:\/\/arealorcaradio.es\/index.php\/2025\/02\/27\/este-viernes-sera-la-entrega-de-los-galardones-del-i-premio-nacional-de-poesia-lorcabiciudad-la-bici-en-verso\/#primaryimage"},"thumbnailUrl":"https:\/\/arealorcaradio.es\/wp-content\/uploads\/2025\/02\/IMG-20250227-WA0009.jpg","articleSection":["ACTUALIDAD","LORCA"],"inLanguage":"es","potentialAction":[{"@type":"CommentAction","name":"Comment","target":["https:\/\/arealorcaradio.es\/index.php\/2025\/02\/27\/este-viernes-sera-la-entrega-de-los-galardones-del-i-premio-nacional-de-poesia-lorcabiciudad-la-bici-en-verso\/#respond"]}]},{"@type":"WebPage","@id":"https:\/\/arealorcaradio.es\/index.php\/2025\/02\/27\/este-viernes-sera-la-entrega-de-los-galardones-del-i-premio-nacional-de-poesia-lorcabiciudad-la-bici-en-verso\/","url":"https:\/\/arealorcaradio.es\/index.php\/2025\/02\/27\/este-viernes-sera-la-entrega-de-los-galardones-del-i-premio-nacional-de-poesia-lorcabiciudad-la-bici-en-verso\/","name":"Este viernes ser\u00e1 la entrega de los galardones del I Premio Nacional de Poes\u00eda LorcaBiciudad \u00abLa bici en verso\u00bb - AREA LORCA RADIO","isPartOf":{"@id":"https:\/\/arealorcaradio.es\/#website"},"primaryImageOfPage":{"@id":"https:\/\/arealorcaradio.es\/index.php\/2025\/02\/27\/este-viernes-sera-la-entrega-de-los-galardones-del-i-premio-nacional-de-poesia-lorcabiciudad-la-bici-en-verso\/#primaryimage"},"image":{"@id":"https:\/\/arealorcaradio.es\/index.php\/2025\/02\/27\/este-viernes-sera-la-entrega-de-los-galardones-del-i-premio-nacional-de-poesia-lorcabiciudad-la-bici-en-verso\/#primaryimage"},"thumbnailUrl":"https:\/\/arealorcaradio.es\/wp-content\/uploads\/2025\/02\/IMG-20250227-WA0009.jpg","datePublished":"2025-02-27T17:46:28+00:00","author":{"@id":"https:\/\/arealorcaradio.es\/#\/schema\/person\/9fae605fc25b0f2c83c1ab207139bd27"},"breadcrumb":{"@id":"https:\/\/arealorcaradio.es\/index.php\/2025\/02\/27\/este-viernes-sera-la-entrega-de-los-galardones-del-i-premio-nacional-de-poesia-lorcabiciudad-la-bici-en-verso\/#breadcrumb"},"inLanguage":"es","potentialAction":[{"@type":"ReadAction","target":["https:\/\/arealorcaradio.es\/index.php\/2025\/02\/27\/este-viernes-sera-la-entrega-de-los-galardones-del-i-premio-nacional-de-poesia-lorcabiciudad-la-bici-en-verso\/"]}]},{"@type":"ImageObject","inLanguage":"es","@id":"https:\/\/arealorcaradio.es\/index.php\/2025\/02\/27\/este-viernes-sera-la-entrega-de-los-galardones-del-i-premio-nacional-de-poesia-lorcabiciudad-la-bici-en-verso\/#primaryimage","url":"https:\/\/arealorcaradio.es\/wp-content\/uploads\/2025\/02\/IMG-20250227-WA0009.jpg","contentUrl":"https:\/\/arealorcaradio.es\/wp-content\/uploads\/2025\/02\/IMG-20250227-WA0009.jpg","width":1600,"height":873},{"@type":"BreadcrumbList","@id":"https:\/\/arealorcaradio.es\/index.php\/2025\/02\/27\/este-viernes-sera-la-entrega-de-los-galardones-del-i-premio-nacional-de-poesia-lorcabiciudad-la-bici-en-verso\/#breadcrumb","itemListElement":[{"@type":"ListItem","position":1,"name":"Portada","item":"https:\/\/arealorcaradio.es\/"},{"@type":"ListItem","position":2,"name":"Este viernes ser\u00e1 la entrega de los galardones del I Premio Nacional de Poes\u00eda LorcaBiciudad \u00abLa bici en verso\u00bb"}]},{"@type":"WebSite","@id":"https:\/\/arealorcaradio.es\/#website","url":"https:\/\/arealorcaradio.es\/","name":"AREA LORCA RADIO","description":"Descubre la programaci\u00f3n actual en \u00c1rea Lorca Radio, tu fuente de entrenamiento y noticias locales. Sintoniza ahora y mantente conectado online.","potentialAction":[{"@type":"SearchAction","target":{"@type":"EntryPoint","urlTemplate":"https:\/\/arealorcaradio.es\/?s={search_term_string}"},"query-input":{"@type":"PropertyValueSpecification","valueRequired":true,"valueName":"search_term_string"}}],"inLanguage":"es"},{"@type":"Person","@id":"https:\/\/arealorcaradio.es\/#\/schema\/person\/9fae605fc25b0f2c83c1ab207139bd27","name":"Paco S\u00e1nchez","image":{"@type":"ImageObject","inLanguage":"es","@id":"https:\/\/secure.gravatar.com\/avatar\/d67144e966420fb74aa84c9f2a0103be4724fd14db52b52d3b6bca749f257e79?s=96&d=mm&r=g","url":"https:\/\/secure.gravatar.com\/avatar\/d67144e966420fb74aa84c9f2a0103be4724fd14db52b52d3b6bca749f257e79?s=96&d=mm&r=g","contentUrl":"https:\/\/secure.gravatar.com\/avatar\/d67144e966420fb74aa84c9f2a0103be4724fd14db52b52d3b6bca749f257e79?s=96&d=mm&r=g","caption":"Paco S\u00e1nchez"},"sameAs":["https:\/\/arealorcaradio.es"],"url":"https:\/\/arealorcaradio.es\/index.php\/author\/admin_alorcaradio\/"}]}},"_links":{"self":[{"href":"https:\/\/arealorcaradio.es\/index.php\/wp-json\/wp\/v2\/posts\/5723","targetHints":{"allow":["GET"]}}],"collection":[{"href":"https:\/\/arealorcaradio.es\/index.php\/wp-json\/wp\/v2\/posts"}],"about":[{"href":"https:\/\/arealorcaradio.es\/index.php\/wp-json\/wp\/v2\/types\/post"}],"author":[{"embeddable":true,"href":"https:\/\/arealorcaradio.es\/index.php\/wp-json\/wp\/v2\/users\/1"}],"replies":[{"embeddable":true,"href":"https:\/\/arealorcaradio.es\/index.php\/wp-json\/wp\/v2\/comments?post=5723"}],"version-history":[{"count":3,"href":"https:\/\/arealorcaradio.es\/index.php\/wp-json\/wp\/v2\/posts\/5723\/revisions"}],"predecessor-version":[{"id":5731,"href":"https:\/\/arealorcaradio.es\/index.php\/wp-json\/wp\/v2\/posts\/5723\/revisions\/5731"}],"wp:featuredmedia":[{"embeddable":true,"href":"https:\/\/arealorcaradio.es\/index.php\/wp-json\/wp\/v2\/media\/5725"}],"wp:attachment":[{"href":"https:\/\/arealorcaradio.es\/index.php\/wp-json\/wp\/v2\/media?parent=5723"}],"wp:term":[{"taxonomy":"category","embeddable":true,"href":"https:\/\/arealorcaradio.es\/index.php\/wp-json\/wp\/v2\/categories?post=5723"},{"taxonomy":"post_tag","embeddable":true,"href":"https:\/\/arealorcaradio.es\/index.php\/wp-json\/wp\/v2\/tags?post=5723"}],"curies":[{"name":"wp","href":"https:\/\/api.w.org\/{rel}","templated":true}]}}