{"id":5690,"date":"2025-02-25T18:44:04","date_gmt":"2025-02-25T18:44:04","guid":{"rendered":"https:\/\/arealorcaradio.es\/?p=5690"},"modified":"2025-02-25T18:44:04","modified_gmt":"2025-02-25T18:44:04","slug":"belen-perez-el-gobierno-de-lorca-logra-reducir-en-78-millones-la-deuda-del-ayuntamiento-y-consigue-el-mejor-dato-del-ultimo-cuarto-de-siglo","status":"publish","type":"post","link":"https:\/\/arealorcaradio.es\/index.php\/2025\/02\/25\/belen-perez-el-gobierno-de-lorca-logra-reducir-en-78-millones-la-deuda-del-ayuntamiento-y-consigue-el-mejor-dato-del-ultimo-cuarto-de-siglo\/","title":{"rendered":"Bel\u00e9n P\u00e9rez: \u00abEl Gobierno de Lorca logra reducir en 78 millones la deuda del ayuntamiento y consigue el mejor dato del \u00faltimo cuarto de siglo\u00bb"},"content":{"rendered":"<p><strong>\u00c1REA LORCA RADIO.\u00a0<\/strong><\/p>\n<p class=\"v1MsoNormal\">Escucha la entrevista que ha concedido a Paco S\u00e1nchez en el magazine de \u00c1rea Lorca Radio, la concejala de Econom\u00eda, Hacienda y Presupuestos del Ayuntamiento de Lorca Bel\u00e9n P\u00e9rez, en la que habla de la importante rebaja de la deuda municipal.<\/p>\n<audio class=\"wp-audio-shortcode\" id=\"audio-5690-1\" preload=\"none\" style=\"width: 100%;\" controls=\"controls\"><source type=\"audio\/mpeg\" src=\"https:\/\/arealorcaradio.es\/wp-content\/uploads\/2025\/02\/250225-BELEN-PEREZ.-REBAJA-DEUDA-MUNICIPAL.mp3?_=1\" \/><a href=\"https:\/\/arealorcaradio.es\/wp-content\/uploads\/2025\/02\/250225-BELEN-PEREZ.-REBAJA-DEUDA-MUNICIPAL.mp3\">https:\/\/arealorcaradio.es\/wp-content\/uploads\/2025\/02\/250225-BELEN-PEREZ.-REBAJA-DEUDA-MUNICIPAL.mp3<\/a><\/audio>\n<p class=\"v1MsoNormal\"><b>Mi\u00e9rcoles, 25 de febrero de 2025.\u00a0<\/b>El alcalde de Lorca, Fulgencio Gil, acompa\u00f1ado por la concejala de Econom\u00eda, Hacienda y Presupuestos Bel\u00e9n P\u00e9rez, ha informado que el Gobierno de la ciudad ha conseguido reducir la deuda del ayuntamiento hasta los 27,3 millones de euros, lo que supone un recorte de 78 millones de euros respecto a los m\u00e1s de 105 millones que afloraron a ra\u00edz de la auditor\u00eda externa que se aplic\u00f3 a las cuentas municipales en 2008. La unidad de Espa\u00f1a y la igualdad entre ciudadanos se construye desde el municipalismo. En Lorca hemos dado ejemplo de gesti\u00f3n econ\u00f3mica, y quiero agradecer el apoyo de los ciudadanos porque ellos han hecho posible esta mejor\u00eda.<\/p>\n<p class=\"v1MsoNormal\"><img loading=\"lazy\" decoding=\"async\" class=\"alignnone size-medium wp-image-5698\" src=\"https:\/\/arealorcaradio.es\/wp-content\/uploads\/2025\/02\/FOTO-ALCALDE-300x225.jpeg\" alt=\"\" width=\"300\" height=\"225\" srcset=\"https:\/\/arealorcaradio.es\/wp-content\/uploads\/2025\/02\/FOTO-ALCALDE-300x225.jpeg 300w, https:\/\/arealorcaradio.es\/wp-content\/uploads\/2025\/02\/FOTO-ALCALDE-1024x768.jpeg 1024w, https:\/\/arealorcaradio.es\/wp-content\/uploads\/2025\/02\/FOTO-ALCALDE-768x576.jpeg 768w, https:\/\/arealorcaradio.es\/wp-content\/uploads\/2025\/02\/FOTO-ALCALDE-1536x1152.jpeg 1536w, https:\/\/arealorcaradio.es\/wp-content\/uploads\/2025\/02\/FOTO-ALCALDE-2048x1536.jpeg 2048w, https:\/\/arealorcaradio.es\/wp-content\/uploads\/2025\/02\/FOTO-ALCALDE-86x64.jpeg 86w\" sizes=\"auto, (max-width: 300px) 100vw, 300px\" \/><\/p>\n<p class=\"v1MsoNormal\">Fulgencio Gil ha manifestado que se trata de una muy buena noticia para todos los lorquinos, resultado de las medidas de control y eficiencia en el gasto que se comenzaron a aplicar en el seno del ayuntamiento a\u00f1os atr\u00e1s. Estamos hablando de cifras que demuestran de forma evidente que cuando se sabe gestionar y se aplican pol\u00edticas de verdadero rigor, los que salen ganando son los ciudadanos. Se trata del mejor dato de deuda desde el a\u00f1o 2001,<\/p>\n<p class=\"v1MsoNormal\">Ante esta realidad, reclamamos que el gobierno central sea sensible al esfuerzo que hemos tenido que realizar todos los lorquinos para alcanzar estos datos. Es evidente que la situaci\u00f3n de la que part\u00edamos era muy complicada, y despu\u00e9s la coyuntura tampoco result\u00f3 muy favorable, ya que tuvimos que hacer frente a la peor crisis socioecon\u00f3mica y de empleo de la historia reciente, cuyas consecuencias fueron a\u00fan peores por culpa de los terremotos de 2011 y las inundaciones de 2012, que colocaron a nuestro municipio en una situaci\u00f3n l\u00edmite.<\/p>\n<p class=\"v1MsoNormal\">Se han hecho las cosas bien, con criterio y firmeza, y as\u00ed tenemos que seguir para que los ciudadanos tengan la certeza de que el dinero de sus impuestos se emplea en las cuestiones que realmente son importantes.<\/p>\n<p class=\"v1MsoNormal\">Lorca cumple, gestiona y hemos reducido nuestra deuda con mucho esfuerzo, sin tener que recurrir a trampas como las que ahora estamos viendo en el escenario nacional. La deuda se recorta y se mejora gestionando, no inventando atajos que provocan desigualdad y premian a quienes buscan romper este pa\u00eds a toda costa. Nos castigan por creer en Espa\u00f1a, por comprometernos con el cumplimiento de un sistema de solidaridad econ\u00f3mica nacional. Encima la pr\u00f3xima rendici\u00f3n ser\u00e1 la entrega de las competencias absolutas en inmigraci\u00f3n. Es el final del sistema, un fracaso y un bochorno como pa\u00eds.<\/p>\n<p class=\"v1MsoNormal\">Gil J\u00f3dar ha subrayado que para los lorquinos a resulta particularmente ofensiva la propuesta de quita de deuda que ahora quieren aplicar en Catalu\u00f1a, despu\u00e9s de todo el trabajo que hemos tenido que hacer durante estos a\u00f1os. No todo vale para comprar un rato m\u00e1s en Moncloa. Es indecente que encima lo paguen con el dinero de todos los ciudadanos, incluido el de los lorquinos. Ahora se sacan de la chistera una medida que nos castiga, que premia al delincuente, al derrochador y al chapucero. Esto es el mundo al rev\u00e9s.<\/p>\n<p class=\"v1MsoNormal\"><b>Competencias impropias: doble injusticia contra Lorca<\/b><\/p>\n<p class=\"v1MsoNormal\">Lorca tiene que pagar, entre otras cuestiones, el acondicionamiento de nuestras playas, la limpieza de tramos urbanos de cauces (porque el resto ni las tocan), el mantenimiento de nuestros pol\u00edgonos industriales, el nuevo impuesto a la basura que S\u00e1nchez se ha sacado de la manga, el alquiler de los juzgados y, adem\u00e1s, tenemos que multiplicar esfuerzos econ\u00f3micos para tapar las graves carencias de las plantillas de Polic\u00eda Nacional y Guardia Civil en nuestro municipio. El gasto en seguridad ciudadana, el ejemplo m\u00e1s contundente de gasto en una competencia impropia, supera los 11 millones de euros anuales.<\/p>\n<p class=\"v1MsoNormal\">Los lorquinos nos vemos en la obligaci\u00f3n de asumir decenas de competencias impropias, gastos que tendr\u00eda que asumir el gobierno central. En vez de mirar por lo importante, por las personas, por garantizar que los municipios cuenten con los recursos que necesitan, pactan con un pr\u00f3fugo un acuerdo que nos va a salir muy caro. No se puede ir por la pol\u00edtica comprando alcald\u00edas con el dinero de los espa\u00f1oles. Que todo el mundo lo tenga claro: los lorquinos vamos a pagar esta aberraci\u00f3n, y saldremos perdiendo.<\/p>\n<p class=\"v1MsoNormal\"><b>Para perdonar deuda catalana, sobra dinero. Para las presas anti inundaciones NADA.<\/b><\/p>\n<p class=\"v1MsoNormal\">El alcalde ha afirmado que, si hay dinero para perdonar miles de millones de euros de deuda, \u00bfvan a seguir sosteniendo que no lo hay para construir las presas de Nogalte, B\u00e9jar y Torrecilla, y el canal de Biznaga? Estamos hablando de infraestructuras que salvan vidas, que protegen a la gente. Es evidente: para lo que les interesa s\u00ed tienen dinero y no les hacen falta c\u00e1lculos de \u00abretorno econ\u00f3mico\u00bb.<\/p>\n<p class=\"v1MsoNormal\">\n","protected":false},"excerpt":{"rendered":"<p>\u00c1REA LORCA RADIO.\u00a0 Escucha la entrevista que ha concedido a Paco S\u00e1nchez en el magazine de \u00c1rea Lorca Radio, la concejala de Econom\u00eda, Hacienda y Presupuestos del Ayuntamiento de Lorca Bel\u00e9n P\u00e9rez, en la que habla de la importante rebaja de la deuda municipal. Mi\u00e9rcoles, 25 de febrero de 2025.\u00a0El alcalde de Lorca, Fulgencio Gil, [&hellip;]<\/p>\n","protected":false},"author":1,"featured_media":5692,"comment_status":"open","ping_status":"open","sticky":false,"template":"","format":"standard","meta":{"iawp_total_views":16,"footnotes":""},"categories":[5,7],"tags":[],"class_list":["post-5690","post","type-post","status-publish","format-standard","has-post-thumbnail","hentry","category-actualidad","category-lorca"],"yoast_head":"<!-- This site is optimized with the Yoast SEO plugin v27.5 - https:\/\/yoast.com\/product\/yoast-seo-wordpress\/ -->\n<title>Bel\u00e9n P\u00e9rez: &quot;El Gobierno de Lorca logra reducir en 78 millones la deuda del ayuntamiento y consigue el mejor dato del \u00faltimo cuarto de siglo&quot; - AREA LORCA RADIO<\/title>\n<meta name=\"robots\" content=\"index, follow, max-snippet:-1, max-image-preview:large, max-video-preview:-1\" \/>\n<link rel=\"canonical\" href=\"https:\/\/arealorcaradio.es\/index.php\/2025\/02\/25\/belen-perez-el-gobierno-de-lorca-logra-reducir-en-78-millones-la-deuda-del-ayuntamiento-y-consigue-el-mejor-dato-del-ultimo-cuarto-de-siglo\/\" \/>\n<meta property=\"og:locale\" content=\"es_ES\" \/>\n<meta property=\"og:type\" content=\"article\" \/>\n<meta property=\"og:title\" content=\"Bel\u00e9n P\u00e9rez: &quot;El Gobierno de Lorca logra reducir en 78 millones la deuda del ayuntamiento y consigue el mejor dato del \u00faltimo cuarto de siglo&quot; - AREA LORCA RADIO\" \/>\n<meta property=\"og:description\" content=\"\u00c1REA LORCA RADIO.\u00a0 Escucha la entrevista que ha concedido a Paco S\u00e1nchez en el magazine de \u00c1rea Lorca Radio, la concejala de Econom\u00eda, Hacienda y Presupuestos del Ayuntamiento de Lorca Bel\u00e9n P\u00e9rez, en la que habla de la importante rebaja de la deuda municipal. Mi\u00e9rcoles, 25 de febrero de 2025.\u00a0El alcalde de Lorca, Fulgencio Gil, [&hellip;]\" \/>\n<meta property=\"og:url\" content=\"https:\/\/arealorcaradio.es\/index.php\/2025\/02\/25\/belen-perez-el-gobierno-de-lorca-logra-reducir-en-78-millones-la-deuda-del-ayuntamiento-y-consigue-el-mejor-dato-del-ultimo-cuarto-de-siglo\/\" \/>\n<meta property=\"og:site_name\" content=\"AREA LORCA RADIO\" \/>\n<meta property=\"article:published_time\" content=\"2025-02-25T18:44:04+00:00\" \/>\n<meta property=\"og:image\" content=\"https:\/\/arealorcaradio.es\/wp-content\/uploads\/2025\/02\/20231009_094745-scaled.jpg\" \/>\n\t<meta property=\"og:image:width\" content=\"2560\" \/>\n\t<meta property=\"og:image:height\" content=\"1920\" \/>\n\t<meta property=\"og:image:type\" content=\"image\/jpeg\" \/>\n<meta name=\"author\" content=\"Paco S\u00e1nchez\" \/>\n<meta name=\"twitter:card\" content=\"summary_large_image\" \/>\n<meta name=\"twitter:label1\" content=\"Escrito por\" \/>\n\t<meta name=\"twitter:data1\" content=\"Paco S\u00e1nchez\" \/>\n\t<meta name=\"twitter:label2\" content=\"Tiempo de lectura\" \/>\n\t<meta name=\"twitter:data2\" content=\"5 minutos\" \/>\n<script type=\"application\/ld+json\" class=\"yoast-schema-graph\">{\"@context\":\"https:\\\/\\\/schema.org\",\"@graph\":[{\"@type\":\"Article\",\"@id\":\"https:\\\/\\\/arealorcaradio.es\\\/index.php\\\/2025\\\/02\\\/25\\\/belen-perez-el-gobierno-de-lorca-logra-reducir-en-78-millones-la-deuda-del-ayuntamiento-y-consigue-el-mejor-dato-del-ultimo-cuarto-de-siglo\\\/#article\",\"isPartOf\":{\"@id\":\"https:\\\/\\\/arealorcaradio.es\\\/index.php\\\/2025\\\/02\\\/25\\\/belen-perez-el-gobierno-de-lorca-logra-reducir-en-78-millones-la-deuda-del-ayuntamiento-y-consigue-el-mejor-dato-del-ultimo-cuarto-de-siglo\\\/\"},\"author\":{\"name\":\"Paco S\u00e1nchez\",\"@id\":\"https:\\\/\\\/arealorcaradio.es\\\/#\\\/schema\\\/person\\\/9fae605fc25b0f2c83c1ab207139bd27\"},\"headline\":\"Bel\u00e9n P\u00e9rez: \u00abEl Gobierno de Lorca logra reducir en 78 millones la deuda del ayuntamiento y consigue el mejor dato del \u00faltimo cuarto de siglo\u00bb\",\"datePublished\":\"2025-02-25T18:44:04+00:00\",\"mainEntityOfPage\":{\"@id\":\"https:\\\/\\\/arealorcaradio.es\\\/index.php\\\/2025\\\/02\\\/25\\\/belen-perez-el-gobierno-de-lorca-logra-reducir-en-78-millones-la-deuda-del-ayuntamiento-y-consigue-el-mejor-dato-del-ultimo-cuarto-de-siglo\\\/\"},\"wordCount\":903,\"commentCount\":0,\"image\":{\"@id\":\"https:\\\/\\\/arealorcaradio.es\\\/index.php\\\/2025\\\/02\\\/25\\\/belen-perez-el-gobierno-de-lorca-logra-reducir-en-78-millones-la-deuda-del-ayuntamiento-y-consigue-el-mejor-dato-del-ultimo-cuarto-de-siglo\\\/#primaryimage\"},\"thumbnailUrl\":\"https:\\\/\\\/arealorcaradio.es\\\/wp-content\\\/uploads\\\/2025\\\/02\\\/20231009_094745-scaled.jpg\",\"articleSection\":[\"ACTUALIDAD\",\"LORCA\"],\"inLanguage\":\"es\",\"potentialAction\":[{\"@type\":\"CommentAction\",\"name\":\"Comment\",\"target\":[\"https:\\\/\\\/arealorcaradio.es\\\/index.php\\\/2025\\\/02\\\/25\\\/belen-perez-el-gobierno-de-lorca-logra-reducir-en-78-millones-la-deuda-del-ayuntamiento-y-consigue-el-mejor-dato-del-ultimo-cuarto-de-siglo\\\/#respond\"]}]},{\"@type\":\"WebPage\",\"@id\":\"https:\\\/\\\/arealorcaradio.es\\\/index.php\\\/2025\\\/02\\\/25\\\/belen-perez-el-gobierno-de-lorca-logra-reducir-en-78-millones-la-deuda-del-ayuntamiento-y-consigue-el-mejor-dato-del-ultimo-cuarto-de-siglo\\\/\",\"url\":\"https:\\\/\\\/arealorcaradio.es\\\/index.php\\\/2025\\\/02\\\/25\\\/belen-perez-el-gobierno-de-lorca-logra-reducir-en-78-millones-la-deuda-del-ayuntamiento-y-consigue-el-mejor-dato-del-ultimo-cuarto-de-siglo\\\/\",\"name\":\"Bel\u00e9n P\u00e9rez: \\\"El Gobierno de Lorca logra reducir en 78 millones la deuda del ayuntamiento y consigue el mejor dato del \u00faltimo cuarto de siglo\\\" - AREA LORCA RADIO\",\"isPartOf\":{\"@id\":\"https:\\\/\\\/arealorcaradio.es\\\/#website\"},\"primaryImageOfPage\":{\"@id\":\"https:\\\/\\\/arealorcaradio.es\\\/index.php\\\/2025\\\/02\\\/25\\\/belen-perez-el-gobierno-de-lorca-logra-reducir-en-78-millones-la-deuda-del-ayuntamiento-y-consigue-el-mejor-dato-del-ultimo-cuarto-de-siglo\\\/#primaryimage\"},\"image\":{\"@id\":\"https:\\\/\\\/arealorcaradio.es\\\/index.php\\\/2025\\\/02\\\/25\\\/belen-perez-el-gobierno-de-lorca-logra-reducir-en-78-millones-la-deuda-del-ayuntamiento-y-consigue-el-mejor-dato-del-ultimo-cuarto-de-siglo\\\/#primaryimage\"},\"thumbnailUrl\":\"https:\\\/\\\/arealorcaradio.es\\\/wp-content\\\/uploads\\\/2025\\\/02\\\/20231009_094745-scaled.jpg\",\"datePublished\":\"2025-02-25T18:44:04+00:00\",\"author\":{\"@id\":\"https:\\\/\\\/arealorcaradio.es\\\/#\\\/schema\\\/person\\\/9fae605fc25b0f2c83c1ab207139bd27\"},\"breadcrumb\":{\"@id\":\"https:\\\/\\\/arealorcaradio.es\\\/index.php\\\/2025\\\/02\\\/25\\\/belen-perez-el-gobierno-de-lorca-logra-reducir-en-78-millones-la-deuda-del-ayuntamiento-y-consigue-el-mejor-dato-del-ultimo-cuarto-de-siglo\\\/#breadcrumb\"},\"inLanguage\":\"es\",\"potentialAction\":[{\"@type\":\"ReadAction\",\"target\":[\"https:\\\/\\\/arealorcaradio.es\\\/index.php\\\/2025\\\/02\\\/25\\\/belen-perez-el-gobierno-de-lorca-logra-reducir-en-78-millones-la-deuda-del-ayuntamiento-y-consigue-el-mejor-dato-del-ultimo-cuarto-de-siglo\\\/\"]}]},{\"@type\":\"ImageObject\",\"inLanguage\":\"es\",\"@id\":\"https:\\\/\\\/arealorcaradio.es\\\/index.php\\\/2025\\\/02\\\/25\\\/belen-perez-el-gobierno-de-lorca-logra-reducir-en-78-millones-la-deuda-del-ayuntamiento-y-consigue-el-mejor-dato-del-ultimo-cuarto-de-siglo\\\/#primaryimage\",\"url\":\"https:\\\/\\\/arealorcaradio.es\\\/wp-content\\\/uploads\\\/2025\\\/02\\\/20231009_094745-scaled.jpg\",\"contentUrl\":\"https:\\\/\\\/arealorcaradio.es\\\/wp-content\\\/uploads\\\/2025\\\/02\\\/20231009_094745-scaled.jpg\",\"width\":2560,\"height\":1920},{\"@type\":\"BreadcrumbList\",\"@id\":\"https:\\\/\\\/arealorcaradio.es\\\/index.php\\\/2025\\\/02\\\/25\\\/belen-perez-el-gobierno-de-lorca-logra-reducir-en-78-millones-la-deuda-del-ayuntamiento-y-consigue-el-mejor-dato-del-ultimo-cuarto-de-siglo\\\/#breadcrumb\",\"itemListElement\":[{\"@type\":\"ListItem\",\"position\":1,\"name\":\"Portada\",\"item\":\"https:\\\/\\\/arealorcaradio.es\\\/\"},{\"@type\":\"ListItem\",\"position\":2,\"name\":\"Bel\u00e9n P\u00e9rez: \u00abEl Gobierno de Lorca logra reducir en 78 millones la deuda del ayuntamiento y consigue el mejor dato del \u00faltimo cuarto de siglo\u00bb\"}]},{\"@type\":\"WebSite\",\"@id\":\"https:\\\/\\\/arealorcaradio.es\\\/#website\",\"url\":\"https:\\\/\\\/arealorcaradio.es\\\/\",\"name\":\"AREA LORCA RADIO\",\"description\":\"Descubre la programaci\u00f3n actual en \u00c1rea Lorca Radio, tu fuente de entrenamiento y noticias locales. Sintoniza ahora y mantente conectado online.\",\"potentialAction\":[{\"@type\":\"SearchAction\",\"target\":{\"@type\":\"EntryPoint\",\"urlTemplate\":\"https:\\\/\\\/arealorcaradio.es\\\/?s={search_term_string}\"},\"query-input\":{\"@type\":\"PropertyValueSpecification\",\"valueRequired\":true,\"valueName\":\"search_term_string\"}}],\"inLanguage\":\"es\"},{\"@type\":\"Person\",\"@id\":\"https:\\\/\\\/arealorcaradio.es\\\/#\\\/schema\\\/person\\\/9fae605fc25b0f2c83c1ab207139bd27\",\"name\":\"Paco S\u00e1nchez\",\"image\":{\"@type\":\"ImageObject\",\"inLanguage\":\"es\",\"@id\":\"https:\\\/\\\/secure.gravatar.com\\\/avatar\\\/d67144e966420fb74aa84c9f2a0103be4724fd14db52b52d3b6bca749f257e79?s=96&d=mm&r=g\",\"url\":\"https:\\\/\\\/secure.gravatar.com\\\/avatar\\\/d67144e966420fb74aa84c9f2a0103be4724fd14db52b52d3b6bca749f257e79?s=96&d=mm&r=g\",\"contentUrl\":\"https:\\\/\\\/secure.gravatar.com\\\/avatar\\\/d67144e966420fb74aa84c9f2a0103be4724fd14db52b52d3b6bca749f257e79?s=96&d=mm&r=g\",\"caption\":\"Paco S\u00e1nchez\"},\"sameAs\":[\"https:\\\/\\\/arealorcaradio.es\"],\"url\":\"https:\\\/\\\/arealorcaradio.es\\\/index.php\\\/author\\\/admin_alorcaradio\\\/\"}]}<\/script>\n<!-- \/ Yoast SEO plugin. -->","yoast_head_json":{"title":"Bel\u00e9n P\u00e9rez: \"El Gobierno de Lorca logra reducir en 78 millones la deuda del ayuntamiento y consigue el mejor dato del \u00faltimo cuarto de siglo\" - AREA LORCA RADIO","robots":{"index":"index","follow":"follow","max-snippet":"max-snippet:-1","max-image-preview":"max-image-preview:large","max-video-preview":"max-video-preview:-1"},"canonical":"https:\/\/arealorcaradio.es\/index.php\/2025\/02\/25\/belen-perez-el-gobierno-de-lorca-logra-reducir-en-78-millones-la-deuda-del-ayuntamiento-y-consigue-el-mejor-dato-del-ultimo-cuarto-de-siglo\/","og_locale":"es_ES","og_type":"article","og_title":"Bel\u00e9n P\u00e9rez: \"El Gobierno de Lorca logra reducir en 78 millones la deuda del ayuntamiento y consigue el mejor dato del \u00faltimo cuarto de siglo\" - AREA LORCA RADIO","og_description":"\u00c1REA LORCA RADIO.\u00a0 Escucha la entrevista que ha concedido a Paco S\u00e1nchez en el magazine de \u00c1rea Lorca Radio, la concejala de Econom\u00eda, Hacienda y Presupuestos del Ayuntamiento de Lorca Bel\u00e9n P\u00e9rez, en la que habla de la importante rebaja de la deuda municipal. Mi\u00e9rcoles, 25 de febrero de 2025.\u00a0El alcalde de Lorca, Fulgencio Gil, [&hellip;]","og_url":"https:\/\/arealorcaradio.es\/index.php\/2025\/02\/25\/belen-perez-el-gobierno-de-lorca-logra-reducir-en-78-millones-la-deuda-del-ayuntamiento-y-consigue-el-mejor-dato-del-ultimo-cuarto-de-siglo\/","og_site_name":"AREA LORCA RADIO","article_published_time":"2025-02-25T18:44:04+00:00","og_image":[{"width":2560,"height":1920,"url":"https:\/\/arealorcaradio.es\/wp-content\/uploads\/2025\/02\/20231009_094745-scaled.jpg","type":"image\/jpeg"}],"author":"Paco S\u00e1nchez","twitter_card":"summary_large_image","twitter_misc":{"Escrito por":"Paco S\u00e1nchez","Tiempo de lectura":"5 minutos"},"schema":{"@context":"https:\/\/schema.org","@graph":[{"@type":"Article","@id":"https:\/\/arealorcaradio.es\/index.php\/2025\/02\/25\/belen-perez-el-gobierno-de-lorca-logra-reducir-en-78-millones-la-deuda-del-ayuntamiento-y-consigue-el-mejor-dato-del-ultimo-cuarto-de-siglo\/#article","isPartOf":{"@id":"https:\/\/arealorcaradio.es\/index.php\/2025\/02\/25\/belen-perez-el-gobierno-de-lorca-logra-reducir-en-78-millones-la-deuda-del-ayuntamiento-y-consigue-el-mejor-dato-del-ultimo-cuarto-de-siglo\/"},"author":{"name":"Paco S\u00e1nchez","@id":"https:\/\/arealorcaradio.es\/#\/schema\/person\/9fae605fc25b0f2c83c1ab207139bd27"},"headline":"Bel\u00e9n P\u00e9rez: \u00abEl Gobierno de Lorca logra reducir en 78 millones la deuda del ayuntamiento y consigue el mejor dato del \u00faltimo cuarto de siglo\u00bb","datePublished":"2025-02-25T18:44:04+00:00","mainEntityOfPage":{"@id":"https:\/\/arealorcaradio.es\/index.php\/2025\/02\/25\/belen-perez-el-gobierno-de-lorca-logra-reducir-en-78-millones-la-deuda-del-ayuntamiento-y-consigue-el-mejor-dato-del-ultimo-cuarto-de-siglo\/"},"wordCount":903,"commentCount":0,"image":{"@id":"https:\/\/arealorcaradio.es\/index.php\/2025\/02\/25\/belen-perez-el-gobierno-de-lorca-logra-reducir-en-78-millones-la-deuda-del-ayuntamiento-y-consigue-el-mejor-dato-del-ultimo-cuarto-de-siglo\/#primaryimage"},"thumbnailUrl":"https:\/\/arealorcaradio.es\/wp-content\/uploads\/2025\/02\/20231009_094745-scaled.jpg","articleSection":["ACTUALIDAD","LORCA"],"inLanguage":"es","potentialAction":[{"@type":"CommentAction","name":"Comment","target":["https:\/\/arealorcaradio.es\/index.php\/2025\/02\/25\/belen-perez-el-gobierno-de-lorca-logra-reducir-en-78-millones-la-deuda-del-ayuntamiento-y-consigue-el-mejor-dato-del-ultimo-cuarto-de-siglo\/#respond"]}]},{"@type":"WebPage","@id":"https:\/\/arealorcaradio.es\/index.php\/2025\/02\/25\/belen-perez-el-gobierno-de-lorca-logra-reducir-en-78-millones-la-deuda-del-ayuntamiento-y-consigue-el-mejor-dato-del-ultimo-cuarto-de-siglo\/","url":"https:\/\/arealorcaradio.es\/index.php\/2025\/02\/25\/belen-perez-el-gobierno-de-lorca-logra-reducir-en-78-millones-la-deuda-del-ayuntamiento-y-consigue-el-mejor-dato-del-ultimo-cuarto-de-siglo\/","name":"Bel\u00e9n P\u00e9rez: \"El Gobierno de Lorca logra reducir en 78 millones la deuda del ayuntamiento y consigue el mejor dato del \u00faltimo cuarto de siglo\" - AREA LORCA RADIO","isPartOf":{"@id":"https:\/\/arealorcaradio.es\/#website"},"primaryImageOfPage":{"@id":"https:\/\/arealorcaradio.es\/index.php\/2025\/02\/25\/belen-perez-el-gobierno-de-lorca-logra-reducir-en-78-millones-la-deuda-del-ayuntamiento-y-consigue-el-mejor-dato-del-ultimo-cuarto-de-siglo\/#primaryimage"},"image":{"@id":"https:\/\/arealorcaradio.es\/index.php\/2025\/02\/25\/belen-perez-el-gobierno-de-lorca-logra-reducir-en-78-millones-la-deuda-del-ayuntamiento-y-consigue-el-mejor-dato-del-ultimo-cuarto-de-siglo\/#primaryimage"},"thumbnailUrl":"https:\/\/arealorcaradio.es\/wp-content\/uploads\/2025\/02\/20231009_094745-scaled.jpg","datePublished":"2025-02-25T18:44:04+00:00","author":{"@id":"https:\/\/arealorcaradio.es\/#\/schema\/person\/9fae605fc25b0f2c83c1ab207139bd27"},"breadcrumb":{"@id":"https:\/\/arealorcaradio.es\/index.php\/2025\/02\/25\/belen-perez-el-gobierno-de-lorca-logra-reducir-en-78-millones-la-deuda-del-ayuntamiento-y-consigue-el-mejor-dato-del-ultimo-cuarto-de-siglo\/#breadcrumb"},"inLanguage":"es","potentialAction":[{"@type":"ReadAction","target":["https:\/\/arealorcaradio.es\/index.php\/2025\/02\/25\/belen-perez-el-gobierno-de-lorca-logra-reducir-en-78-millones-la-deuda-del-ayuntamiento-y-consigue-el-mejor-dato-del-ultimo-cuarto-de-siglo\/"]}]},{"@type":"ImageObject","inLanguage":"es","@id":"https:\/\/arealorcaradio.es\/index.php\/2025\/02\/25\/belen-perez-el-gobierno-de-lorca-logra-reducir-en-78-millones-la-deuda-del-ayuntamiento-y-consigue-el-mejor-dato-del-ultimo-cuarto-de-siglo\/#primaryimage","url":"https:\/\/arealorcaradio.es\/wp-content\/uploads\/2025\/02\/20231009_094745-scaled.jpg","contentUrl":"https:\/\/arealorcaradio.es\/wp-content\/uploads\/2025\/02\/20231009_094745-scaled.jpg","width":2560,"height":1920},{"@type":"BreadcrumbList","@id":"https:\/\/arealorcaradio.es\/index.php\/2025\/02\/25\/belen-perez-el-gobierno-de-lorca-logra-reducir-en-78-millones-la-deuda-del-ayuntamiento-y-consigue-el-mejor-dato-del-ultimo-cuarto-de-siglo\/#breadcrumb","itemListElement":[{"@type":"ListItem","position":1,"name":"Portada","item":"https:\/\/arealorcaradio.es\/"},{"@type":"ListItem","position":2,"name":"Bel\u00e9n P\u00e9rez: \u00abEl Gobierno de Lorca logra reducir en 78 millones la deuda del ayuntamiento y consigue el mejor dato del \u00faltimo cuarto de siglo\u00bb"}]},{"@type":"WebSite","@id":"https:\/\/arealorcaradio.es\/#website","url":"https:\/\/arealorcaradio.es\/","name":"AREA LORCA RADIO","description":"Descubre la programaci\u00f3n actual en \u00c1rea Lorca Radio, tu fuente de entrenamiento y noticias locales. Sintoniza ahora y mantente conectado online.","potentialAction":[{"@type":"SearchAction","target":{"@type":"EntryPoint","urlTemplate":"https:\/\/arealorcaradio.es\/?s={search_term_string}"},"query-input":{"@type":"PropertyValueSpecification","valueRequired":true,"valueName":"search_term_string"}}],"inLanguage":"es"},{"@type":"Person","@id":"https:\/\/arealorcaradio.es\/#\/schema\/person\/9fae605fc25b0f2c83c1ab207139bd27","name":"Paco S\u00e1nchez","image":{"@type":"ImageObject","inLanguage":"es","@id":"https:\/\/secure.gravatar.com\/avatar\/d67144e966420fb74aa84c9f2a0103be4724fd14db52b52d3b6bca749f257e79?s=96&d=mm&r=g","url":"https:\/\/secure.gravatar.com\/avatar\/d67144e966420fb74aa84c9f2a0103be4724fd14db52b52d3b6bca749f257e79?s=96&d=mm&r=g","contentUrl":"https:\/\/secure.gravatar.com\/avatar\/d67144e966420fb74aa84c9f2a0103be4724fd14db52b52d3b6bca749f257e79?s=96&d=mm&r=g","caption":"Paco S\u00e1nchez"},"sameAs":["https:\/\/arealorcaradio.es"],"url":"https:\/\/arealorcaradio.es\/index.php\/author\/admin_alorcaradio\/"}]}},"_links":{"self":[{"href":"https:\/\/arealorcaradio.es\/index.php\/wp-json\/wp\/v2\/posts\/5690","targetHints":{"allow":["GET"]}}],"collection":[{"href":"https:\/\/arealorcaradio.es\/index.php\/wp-json\/wp\/v2\/posts"}],"about":[{"href":"https:\/\/arealorcaradio.es\/index.php\/wp-json\/wp\/v2\/types\/post"}],"author":[{"embeddable":true,"href":"https:\/\/arealorcaradio.es\/index.php\/wp-json\/wp\/v2\/users\/1"}],"replies":[{"embeddable":true,"href":"https:\/\/arealorcaradio.es\/index.php\/wp-json\/wp\/v2\/comments?post=5690"}],"version-history":[{"count":3,"href":"https:\/\/arealorcaradio.es\/index.php\/wp-json\/wp\/v2\/posts\/5690\/revisions"}],"predecessor-version":[{"id":5699,"href":"https:\/\/arealorcaradio.es\/index.php\/wp-json\/wp\/v2\/posts\/5690\/revisions\/5699"}],"wp:featuredmedia":[{"embeddable":true,"href":"https:\/\/arealorcaradio.es\/index.php\/wp-json\/wp\/v2\/media\/5692"}],"wp:attachment":[{"href":"https:\/\/arealorcaradio.es\/index.php\/wp-json\/wp\/v2\/media?parent=5690"}],"wp:term":[{"taxonomy":"category","embeddable":true,"href":"https:\/\/arealorcaradio.es\/index.php\/wp-json\/wp\/v2\/categories?post=5690"},{"taxonomy":"post_tag","embeddable":true,"href":"https:\/\/arealorcaradio.es\/index.php\/wp-json\/wp\/v2\/tags?post=5690"}],"curies":[{"name":"wp","href":"https:\/\/api.w.org\/{rel}","templated":true}]}}