{"id":5649,"date":"2025-02-20T17:42:58","date_gmt":"2025-02-20T17:42:58","guid":{"rendered":"https:\/\/arealorcaradio.es\/?p=5649"},"modified":"2025-02-21T16:23:18","modified_gmt":"2025-02-21T16:23:18","slug":"el-ceip-perez-de-hita-de-lorca-organiza-su-carnaval-2025-bajo-la-tematica-de-el-mago-de-oz","status":"publish","type":"post","link":"https:\/\/arealorcaradio.es\/index.php\/2025\/02\/20\/el-ceip-perez-de-hita-de-lorca-organiza-su-carnaval-2025-bajo-la-tematica-de-el-mago-de-oz\/","title":{"rendered":"El CEIP P\u00e9rez de Hita de Lorca organiza su Carnaval 2025 bajo la tem\u00e1tica de \u00abEl Mago de Oz\u00bb"},"content":{"rendered":"<p><strong>\u00c1REA LORCA RADIO. Cultura.<\/strong><\/p>\n<p>Escucha la intervenci\u00f3n del director del CEIP P\u00e9rez de Hita de Lorca, Carlos Pe\u00f1a en el magazine de \u00c1rea Lorca Radio, donde habla con detalle de esta nueva edici\u00f3n del Carnaval que organiza su centro el cual ha elegido este a\u00f1o la tem\u00e1tica sobre \u00abEl Mago de Oz\u00bb.<\/p>\n<audio class=\"wp-audio-shortcode\" id=\"audio-5649-1\" preload=\"none\" style=\"width: 100%;\" controls=\"controls\"><source type=\"audio\/mpeg\" src=\"https:\/\/arealorcaradio.es\/wp-content\/uploads\/2025\/02\/200225-CARLOS-PENA.-CARNAVAL-MAGO-DE-OZ.mp3?_=1\" \/><a href=\"https:\/\/arealorcaradio.es\/wp-content\/uploads\/2025\/02\/200225-CARLOS-PENA.-CARNAVAL-MAGO-DE-OZ.mp3\">https:\/\/arealorcaradio.es\/wp-content\/uploads\/2025\/02\/200225-CARLOS-PENA.-CARNAVAL-MAGO-DE-OZ.mp3<\/a><\/audio>\n<p><img loading=\"lazy\" decoding=\"async\" class=\"alignnone wp-image-5651\" src=\"https:\/\/arealorcaradio.es\/wp-content\/uploads\/2025\/02\/WhatsApp-Image-2025-02-10-at-10.56.46-1-300x251.jpeg\" alt=\"\" width=\"275\" height=\"230\" srcset=\"https:\/\/arealorcaradio.es\/wp-content\/uploads\/2025\/02\/WhatsApp-Image-2025-02-10-at-10.56.46-1-300x251.jpeg 300w, https:\/\/arealorcaradio.es\/wp-content\/uploads\/2025\/02\/WhatsApp-Image-2025-02-10-at-10.56.46-1-768x644.jpeg 768w, https:\/\/arealorcaradio.es\/wp-content\/uploads\/2025\/02\/WhatsApp-Image-2025-02-10-at-10.56.46-1.jpeg 940w\" sizes=\"auto, (max-width: 275px) 100vw, 275px\" \/> <img loading=\"lazy\" decoding=\"async\" class=\"alignnone wp-image-5652\" src=\"https:\/\/arealorcaradio.es\/wp-content\/uploads\/2025\/02\/20250220_121647-300x225.jpg\" alt=\"\" width=\"304\" height=\"228\" srcset=\"https:\/\/arealorcaradio.es\/wp-content\/uploads\/2025\/02\/20250220_121647-300x225.jpg 300w, https:\/\/arealorcaradio.es\/wp-content\/uploads\/2025\/02\/20250220_121647-1024x768.jpg 1024w, https:\/\/arealorcaradio.es\/wp-content\/uploads\/2025\/02\/20250220_121647-768x576.jpg 768w, https:\/\/arealorcaradio.es\/wp-content\/uploads\/2025\/02\/20250220_121647-1536x1152.jpg 1536w, https:\/\/arealorcaradio.es\/wp-content\/uploads\/2025\/02\/20250220_121647-2048x1536.jpg 2048w, https:\/\/arealorcaradio.es\/wp-content\/uploads\/2025\/02\/20250220_121647-86x64.jpg 86w\" sizes=\"auto, (max-width: 304px) 100vw, 304px\" \/><\/p>\n","protected":false},"excerpt":{"rendered":"<p>\u00c1REA LORCA RADIO. Cultura. Escucha la intervenci\u00f3n del director del CEIP P\u00e9rez de Hita de Lorca, Carlos Pe\u00f1a en el magazine de \u00c1rea Lorca Radio, donde habla con detalle de esta nueva edici\u00f3n del Carnaval que organiza su centro el cual ha elegido este a\u00f1o la tem\u00e1tica sobre \u00abEl Mago de Oz\u00bb.<\/p>\n","protected":false},"author":1,"featured_media":5653,"comment_status":"open","ping_status":"open","sticky":false,"template":"","format":"standard","meta":{"iawp_total_views":118,"footnotes":""},"categories":[5,7],"tags":[],"class_list":["post-5649","post","type-post","status-publish","format-standard","has-post-thumbnail","hentry","category-actualidad","category-lorca"],"yoast_head":"<!-- This site is optimized with the Yoast SEO plugin v27.5 - https:\/\/yoast.com\/product\/yoast-seo-wordpress\/ -->\n<title>El CEIP P\u00e9rez de Hita de Lorca organiza su Carnaval 2025 bajo la tem\u00e1tica de &quot;El Mago de Oz&quot; - AREA LORCA RADIO<\/title>\n<meta name=\"robots\" content=\"index, follow, max-snippet:-1, max-image-preview:large, max-video-preview:-1\" \/>\n<link rel=\"canonical\" href=\"https:\/\/arealorcaradio.es\/index.php\/2025\/02\/20\/el-ceip-perez-de-hita-de-lorca-organiza-su-carnaval-2025-bajo-la-tematica-de-el-mago-de-oz\/\" \/>\n<meta property=\"og:locale\" content=\"es_ES\" \/>\n<meta property=\"og:type\" content=\"article\" \/>\n<meta property=\"og:title\" content=\"El CEIP P\u00e9rez de Hita de Lorca organiza su Carnaval 2025 bajo la tem\u00e1tica de &quot;El Mago de Oz&quot; - AREA LORCA RADIO\" \/>\n<meta property=\"og:description\" content=\"\u00c1REA LORCA RADIO. Cultura. Escucha la intervenci\u00f3n del director del CEIP P\u00e9rez de Hita de Lorca, Carlos Pe\u00f1a en el magazine de \u00c1rea Lorca Radio, donde habla con detalle de esta nueva edici\u00f3n del Carnaval que organiza su centro el cual ha elegido este a\u00f1o la tem\u00e1tica sobre \u00abEl Mago de Oz\u00bb.\" \/>\n<meta property=\"og:url\" content=\"https:\/\/arealorcaradio.es\/index.php\/2025\/02\/20\/el-ceip-perez-de-hita-de-lorca-organiza-su-carnaval-2025-bajo-la-tematica-de-el-mago-de-oz\/\" \/>\n<meta property=\"og:site_name\" content=\"AREA LORCA RADIO\" \/>\n<meta property=\"article:published_time\" content=\"2025-02-20T17:42:58+00:00\" \/>\n<meta property=\"article:modified_time\" content=\"2025-02-21T16:23:18+00:00\" \/>\n<meta property=\"og:image\" content=\"https:\/\/arealorcaradio.es\/wp-content\/uploads\/2025\/02\/20250220_121707-scaled.jpg\" \/>\n\t<meta property=\"og:image:width\" content=\"2560\" \/>\n\t<meta property=\"og:image:height\" content=\"1920\" \/>\n\t<meta property=\"og:image:type\" content=\"image\/jpeg\" \/>\n<meta name=\"author\" content=\"Paco S\u00e1nchez\" \/>\n<meta name=\"twitter:card\" content=\"summary_large_image\" \/>\n<meta name=\"twitter:label1\" content=\"Escrito por\" \/>\n\t<meta name=\"twitter:data1\" content=\"Paco S\u00e1nchez\" \/>\n\t<meta name=\"twitter:label2\" content=\"Tiempo de lectura\" \/>\n\t<meta name=\"twitter:data2\" content=\"1 minuto\" \/>\n<script type=\"application\/ld+json\" class=\"yoast-schema-graph\">{\"@context\":\"https:\\\/\\\/schema.org\",\"@graph\":[{\"@type\":\"Article\",\"@id\":\"https:\\\/\\\/arealorcaradio.es\\\/index.php\\\/2025\\\/02\\\/20\\\/el-ceip-perez-de-hita-de-lorca-organiza-su-carnaval-2025-bajo-la-tematica-de-el-mago-de-oz\\\/#article\",\"isPartOf\":{\"@id\":\"https:\\\/\\\/arealorcaradio.es\\\/index.php\\\/2025\\\/02\\\/20\\\/el-ceip-perez-de-hita-de-lorca-organiza-su-carnaval-2025-bajo-la-tematica-de-el-mago-de-oz\\\/\"},\"author\":{\"name\":\"Paco S\u00e1nchez\",\"@id\":\"https:\\\/\\\/arealorcaradio.es\\\/#\\\/schema\\\/person\\\/9fae605fc25b0f2c83c1ab207139bd27\"},\"headline\":\"El CEIP P\u00e9rez de Hita de Lorca organiza su Carnaval 2025 bajo la tem\u00e1tica de \u00abEl Mago de Oz\u00bb\",\"datePublished\":\"2025-02-20T17:42:58+00:00\",\"dateModified\":\"2025-02-21T16:23:18+00:00\",\"mainEntityOfPage\":{\"@id\":\"https:\\\/\\\/arealorcaradio.es\\\/index.php\\\/2025\\\/02\\\/20\\\/el-ceip-perez-de-hita-de-lorca-organiza-su-carnaval-2025-bajo-la-tematica-de-el-mago-de-oz\\\/\"},\"wordCount\":89,\"commentCount\":0,\"image\":{\"@id\":\"https:\\\/\\\/arealorcaradio.es\\\/index.php\\\/2025\\\/02\\\/20\\\/el-ceip-perez-de-hita-de-lorca-organiza-su-carnaval-2025-bajo-la-tematica-de-el-mago-de-oz\\\/#primaryimage\"},\"thumbnailUrl\":\"https:\\\/\\\/arealorcaradio.es\\\/wp-content\\\/uploads\\\/2025\\\/02\\\/20250220_121707-scaled.jpg\",\"articleSection\":[\"ACTUALIDAD\",\"LORCA\"],\"inLanguage\":\"es\",\"potentialAction\":[{\"@type\":\"CommentAction\",\"name\":\"Comment\",\"target\":[\"https:\\\/\\\/arealorcaradio.es\\\/index.php\\\/2025\\\/02\\\/20\\\/el-ceip-perez-de-hita-de-lorca-organiza-su-carnaval-2025-bajo-la-tematica-de-el-mago-de-oz\\\/#respond\"]}]},{\"@type\":\"WebPage\",\"@id\":\"https:\\\/\\\/arealorcaradio.es\\\/index.php\\\/2025\\\/02\\\/20\\\/el-ceip-perez-de-hita-de-lorca-organiza-su-carnaval-2025-bajo-la-tematica-de-el-mago-de-oz\\\/\",\"url\":\"https:\\\/\\\/arealorcaradio.es\\\/index.php\\\/2025\\\/02\\\/20\\\/el-ceip-perez-de-hita-de-lorca-organiza-su-carnaval-2025-bajo-la-tematica-de-el-mago-de-oz\\\/\",\"name\":\"El CEIP P\u00e9rez de Hita de Lorca organiza su Carnaval 2025 bajo la tem\u00e1tica de \\\"El Mago de Oz\\\" - AREA LORCA RADIO\",\"isPartOf\":{\"@id\":\"https:\\\/\\\/arealorcaradio.es\\\/#website\"},\"primaryImageOfPage\":{\"@id\":\"https:\\\/\\\/arealorcaradio.es\\\/index.php\\\/2025\\\/02\\\/20\\\/el-ceip-perez-de-hita-de-lorca-organiza-su-carnaval-2025-bajo-la-tematica-de-el-mago-de-oz\\\/#primaryimage\"},\"image\":{\"@id\":\"https:\\\/\\\/arealorcaradio.es\\\/index.php\\\/2025\\\/02\\\/20\\\/el-ceip-perez-de-hita-de-lorca-organiza-su-carnaval-2025-bajo-la-tematica-de-el-mago-de-oz\\\/#primaryimage\"},\"thumbnailUrl\":\"https:\\\/\\\/arealorcaradio.es\\\/wp-content\\\/uploads\\\/2025\\\/02\\\/20250220_121707-scaled.jpg\",\"datePublished\":\"2025-02-20T17:42:58+00:00\",\"dateModified\":\"2025-02-21T16:23:18+00:00\",\"author\":{\"@id\":\"https:\\\/\\\/arealorcaradio.es\\\/#\\\/schema\\\/person\\\/9fae605fc25b0f2c83c1ab207139bd27\"},\"breadcrumb\":{\"@id\":\"https:\\\/\\\/arealorcaradio.es\\\/index.php\\\/2025\\\/02\\\/20\\\/el-ceip-perez-de-hita-de-lorca-organiza-su-carnaval-2025-bajo-la-tematica-de-el-mago-de-oz\\\/#breadcrumb\"},\"inLanguage\":\"es\",\"potentialAction\":[{\"@type\":\"ReadAction\",\"target\":[\"https:\\\/\\\/arealorcaradio.es\\\/index.php\\\/2025\\\/02\\\/20\\\/el-ceip-perez-de-hita-de-lorca-organiza-su-carnaval-2025-bajo-la-tematica-de-el-mago-de-oz\\\/\"]}]},{\"@type\":\"ImageObject\",\"inLanguage\":\"es\",\"@id\":\"https:\\\/\\\/arealorcaradio.es\\\/index.php\\\/2025\\\/02\\\/20\\\/el-ceip-perez-de-hita-de-lorca-organiza-su-carnaval-2025-bajo-la-tematica-de-el-mago-de-oz\\\/#primaryimage\",\"url\":\"https:\\\/\\\/arealorcaradio.es\\\/wp-content\\\/uploads\\\/2025\\\/02\\\/20250220_121707-scaled.jpg\",\"contentUrl\":\"https:\\\/\\\/arealorcaradio.es\\\/wp-content\\\/uploads\\\/2025\\\/02\\\/20250220_121707-scaled.jpg\",\"width\":2560,\"height\":1920},{\"@type\":\"BreadcrumbList\",\"@id\":\"https:\\\/\\\/arealorcaradio.es\\\/index.php\\\/2025\\\/02\\\/20\\\/el-ceip-perez-de-hita-de-lorca-organiza-su-carnaval-2025-bajo-la-tematica-de-el-mago-de-oz\\\/#breadcrumb\",\"itemListElement\":[{\"@type\":\"ListItem\",\"position\":1,\"name\":\"Portada\",\"item\":\"https:\\\/\\\/arealorcaradio.es\\\/\"},{\"@type\":\"ListItem\",\"position\":2,\"name\":\"El CEIP P\u00e9rez de Hita de Lorca organiza su Carnaval 2025 bajo la tem\u00e1tica de \u00abEl Mago de Oz\u00bb\"}]},{\"@type\":\"WebSite\",\"@id\":\"https:\\\/\\\/arealorcaradio.es\\\/#website\",\"url\":\"https:\\\/\\\/arealorcaradio.es\\\/\",\"name\":\"AREA LORCA RADIO\",\"description\":\"Descubre la programaci\u00f3n actual en \u00c1rea Lorca Radio, tu fuente de entrenamiento y noticias locales. Sintoniza ahora y mantente conectado online.\",\"potentialAction\":[{\"@type\":\"SearchAction\",\"target\":{\"@type\":\"EntryPoint\",\"urlTemplate\":\"https:\\\/\\\/arealorcaradio.es\\\/?s={search_term_string}\"},\"query-input\":{\"@type\":\"PropertyValueSpecification\",\"valueRequired\":true,\"valueName\":\"search_term_string\"}}],\"inLanguage\":\"es\"},{\"@type\":\"Person\",\"@id\":\"https:\\\/\\\/arealorcaradio.es\\\/#\\\/schema\\\/person\\\/9fae605fc25b0f2c83c1ab207139bd27\",\"name\":\"Paco S\u00e1nchez\",\"image\":{\"@type\":\"ImageObject\",\"inLanguage\":\"es\",\"@id\":\"https:\\\/\\\/secure.gravatar.com\\\/avatar\\\/d67144e966420fb74aa84c9f2a0103be4724fd14db52b52d3b6bca749f257e79?s=96&d=mm&r=g\",\"url\":\"https:\\\/\\\/secure.gravatar.com\\\/avatar\\\/d67144e966420fb74aa84c9f2a0103be4724fd14db52b52d3b6bca749f257e79?s=96&d=mm&r=g\",\"contentUrl\":\"https:\\\/\\\/secure.gravatar.com\\\/avatar\\\/d67144e966420fb74aa84c9f2a0103be4724fd14db52b52d3b6bca749f257e79?s=96&d=mm&r=g\",\"caption\":\"Paco S\u00e1nchez\"},\"sameAs\":[\"https:\\\/\\\/arealorcaradio.es\"],\"url\":\"https:\\\/\\\/arealorcaradio.es\\\/index.php\\\/author\\\/admin_alorcaradio\\\/\"}]}<\/script>\n<!-- \/ Yoast SEO plugin. -->","yoast_head_json":{"title":"El CEIP P\u00e9rez de Hita de Lorca organiza su Carnaval 2025 bajo la tem\u00e1tica de \"El Mago de Oz\" - AREA LORCA RADIO","robots":{"index":"index","follow":"follow","max-snippet":"max-snippet:-1","max-image-preview":"max-image-preview:large","max-video-preview":"max-video-preview:-1"},"canonical":"https:\/\/arealorcaradio.es\/index.php\/2025\/02\/20\/el-ceip-perez-de-hita-de-lorca-organiza-su-carnaval-2025-bajo-la-tematica-de-el-mago-de-oz\/","og_locale":"es_ES","og_type":"article","og_title":"El CEIP P\u00e9rez de Hita de Lorca organiza su Carnaval 2025 bajo la tem\u00e1tica de \"El Mago de Oz\" - AREA LORCA RADIO","og_description":"\u00c1REA LORCA RADIO. Cultura. Escucha la intervenci\u00f3n del director del CEIP P\u00e9rez de Hita de Lorca, Carlos Pe\u00f1a en el magazine de \u00c1rea Lorca Radio, donde habla con detalle de esta nueva edici\u00f3n del Carnaval que organiza su centro el cual ha elegido este a\u00f1o la tem\u00e1tica sobre \u00abEl Mago de Oz\u00bb.","og_url":"https:\/\/arealorcaradio.es\/index.php\/2025\/02\/20\/el-ceip-perez-de-hita-de-lorca-organiza-su-carnaval-2025-bajo-la-tematica-de-el-mago-de-oz\/","og_site_name":"AREA LORCA RADIO","article_published_time":"2025-02-20T17:42:58+00:00","article_modified_time":"2025-02-21T16:23:18+00:00","og_image":[{"width":2560,"height":1920,"url":"https:\/\/arealorcaradio.es\/wp-content\/uploads\/2025\/02\/20250220_121707-scaled.jpg","type":"image\/jpeg"}],"author":"Paco S\u00e1nchez","twitter_card":"summary_large_image","twitter_misc":{"Escrito por":"Paco S\u00e1nchez","Tiempo de lectura":"1 minuto"},"schema":{"@context":"https:\/\/schema.org","@graph":[{"@type":"Article","@id":"https:\/\/arealorcaradio.es\/index.php\/2025\/02\/20\/el-ceip-perez-de-hita-de-lorca-organiza-su-carnaval-2025-bajo-la-tematica-de-el-mago-de-oz\/#article","isPartOf":{"@id":"https:\/\/arealorcaradio.es\/index.php\/2025\/02\/20\/el-ceip-perez-de-hita-de-lorca-organiza-su-carnaval-2025-bajo-la-tematica-de-el-mago-de-oz\/"},"author":{"name":"Paco S\u00e1nchez","@id":"https:\/\/arealorcaradio.es\/#\/schema\/person\/9fae605fc25b0f2c83c1ab207139bd27"},"headline":"El CEIP P\u00e9rez de Hita de Lorca organiza su Carnaval 2025 bajo la tem\u00e1tica de \u00abEl Mago de Oz\u00bb","datePublished":"2025-02-20T17:42:58+00:00","dateModified":"2025-02-21T16:23:18+00:00","mainEntityOfPage":{"@id":"https:\/\/arealorcaradio.es\/index.php\/2025\/02\/20\/el-ceip-perez-de-hita-de-lorca-organiza-su-carnaval-2025-bajo-la-tematica-de-el-mago-de-oz\/"},"wordCount":89,"commentCount":0,"image":{"@id":"https:\/\/arealorcaradio.es\/index.php\/2025\/02\/20\/el-ceip-perez-de-hita-de-lorca-organiza-su-carnaval-2025-bajo-la-tematica-de-el-mago-de-oz\/#primaryimage"},"thumbnailUrl":"https:\/\/arealorcaradio.es\/wp-content\/uploads\/2025\/02\/20250220_121707-scaled.jpg","articleSection":["ACTUALIDAD","LORCA"],"inLanguage":"es","potentialAction":[{"@type":"CommentAction","name":"Comment","target":["https:\/\/arealorcaradio.es\/index.php\/2025\/02\/20\/el-ceip-perez-de-hita-de-lorca-organiza-su-carnaval-2025-bajo-la-tematica-de-el-mago-de-oz\/#respond"]}]},{"@type":"WebPage","@id":"https:\/\/arealorcaradio.es\/index.php\/2025\/02\/20\/el-ceip-perez-de-hita-de-lorca-organiza-su-carnaval-2025-bajo-la-tematica-de-el-mago-de-oz\/","url":"https:\/\/arealorcaradio.es\/index.php\/2025\/02\/20\/el-ceip-perez-de-hita-de-lorca-organiza-su-carnaval-2025-bajo-la-tematica-de-el-mago-de-oz\/","name":"El CEIP P\u00e9rez de Hita de Lorca organiza su Carnaval 2025 bajo la tem\u00e1tica de \"El Mago de Oz\" - AREA LORCA RADIO","isPartOf":{"@id":"https:\/\/arealorcaradio.es\/#website"},"primaryImageOfPage":{"@id":"https:\/\/arealorcaradio.es\/index.php\/2025\/02\/20\/el-ceip-perez-de-hita-de-lorca-organiza-su-carnaval-2025-bajo-la-tematica-de-el-mago-de-oz\/#primaryimage"},"image":{"@id":"https:\/\/arealorcaradio.es\/index.php\/2025\/02\/20\/el-ceip-perez-de-hita-de-lorca-organiza-su-carnaval-2025-bajo-la-tematica-de-el-mago-de-oz\/#primaryimage"},"thumbnailUrl":"https:\/\/arealorcaradio.es\/wp-content\/uploads\/2025\/02\/20250220_121707-scaled.jpg","datePublished":"2025-02-20T17:42:58+00:00","dateModified":"2025-02-21T16:23:18+00:00","author":{"@id":"https:\/\/arealorcaradio.es\/#\/schema\/person\/9fae605fc25b0f2c83c1ab207139bd27"},"breadcrumb":{"@id":"https:\/\/arealorcaradio.es\/index.php\/2025\/02\/20\/el-ceip-perez-de-hita-de-lorca-organiza-su-carnaval-2025-bajo-la-tematica-de-el-mago-de-oz\/#breadcrumb"},"inLanguage":"es","potentialAction":[{"@type":"ReadAction","target":["https:\/\/arealorcaradio.es\/index.php\/2025\/02\/20\/el-ceip-perez-de-hita-de-lorca-organiza-su-carnaval-2025-bajo-la-tematica-de-el-mago-de-oz\/"]}]},{"@type":"ImageObject","inLanguage":"es","@id":"https:\/\/arealorcaradio.es\/index.php\/2025\/02\/20\/el-ceip-perez-de-hita-de-lorca-organiza-su-carnaval-2025-bajo-la-tematica-de-el-mago-de-oz\/#primaryimage","url":"https:\/\/arealorcaradio.es\/wp-content\/uploads\/2025\/02\/20250220_121707-scaled.jpg","contentUrl":"https:\/\/arealorcaradio.es\/wp-content\/uploads\/2025\/02\/20250220_121707-scaled.jpg","width":2560,"height":1920},{"@type":"BreadcrumbList","@id":"https:\/\/arealorcaradio.es\/index.php\/2025\/02\/20\/el-ceip-perez-de-hita-de-lorca-organiza-su-carnaval-2025-bajo-la-tematica-de-el-mago-de-oz\/#breadcrumb","itemListElement":[{"@type":"ListItem","position":1,"name":"Portada","item":"https:\/\/arealorcaradio.es\/"},{"@type":"ListItem","position":2,"name":"El CEIP P\u00e9rez de Hita de Lorca organiza su Carnaval 2025 bajo la tem\u00e1tica de \u00abEl Mago de Oz\u00bb"}]},{"@type":"WebSite","@id":"https:\/\/arealorcaradio.es\/#website","url":"https:\/\/arealorcaradio.es\/","name":"AREA LORCA RADIO","description":"Descubre la programaci\u00f3n actual en \u00c1rea Lorca Radio, tu fuente de entrenamiento y noticias locales. Sintoniza ahora y mantente conectado online.","potentialAction":[{"@type":"SearchAction","target":{"@type":"EntryPoint","urlTemplate":"https:\/\/arealorcaradio.es\/?s={search_term_string}"},"query-input":{"@type":"PropertyValueSpecification","valueRequired":true,"valueName":"search_term_string"}}],"inLanguage":"es"},{"@type":"Person","@id":"https:\/\/arealorcaradio.es\/#\/schema\/person\/9fae605fc25b0f2c83c1ab207139bd27","name":"Paco S\u00e1nchez","image":{"@type":"ImageObject","inLanguage":"es","@id":"https:\/\/secure.gravatar.com\/avatar\/d67144e966420fb74aa84c9f2a0103be4724fd14db52b52d3b6bca749f257e79?s=96&d=mm&r=g","url":"https:\/\/secure.gravatar.com\/avatar\/d67144e966420fb74aa84c9f2a0103be4724fd14db52b52d3b6bca749f257e79?s=96&d=mm&r=g","contentUrl":"https:\/\/secure.gravatar.com\/avatar\/d67144e966420fb74aa84c9f2a0103be4724fd14db52b52d3b6bca749f257e79?s=96&d=mm&r=g","caption":"Paco S\u00e1nchez"},"sameAs":["https:\/\/arealorcaradio.es"],"url":"https:\/\/arealorcaradio.es\/index.php\/author\/admin_alorcaradio\/"}]}},"_links":{"self":[{"href":"https:\/\/arealorcaradio.es\/index.php\/wp-json\/wp\/v2\/posts\/5649","targetHints":{"allow":["GET"]}}],"collection":[{"href":"https:\/\/arealorcaradio.es\/index.php\/wp-json\/wp\/v2\/posts"}],"about":[{"href":"https:\/\/arealorcaradio.es\/index.php\/wp-json\/wp\/v2\/types\/post"}],"author":[{"embeddable":true,"href":"https:\/\/arealorcaradio.es\/index.php\/wp-json\/wp\/v2\/users\/1"}],"replies":[{"embeddable":true,"href":"https:\/\/arealorcaradio.es\/index.php\/wp-json\/wp\/v2\/comments?post=5649"}],"version-history":[{"count":1,"href":"https:\/\/arealorcaradio.es\/index.php\/wp-json\/wp\/v2\/posts\/5649\/revisions"}],"predecessor-version":[{"id":5654,"href":"https:\/\/arealorcaradio.es\/index.php\/wp-json\/wp\/v2\/posts\/5649\/revisions\/5654"}],"wp:featuredmedia":[{"embeddable":true,"href":"https:\/\/arealorcaradio.es\/index.php\/wp-json\/wp\/v2\/media\/5653"}],"wp:attachment":[{"href":"https:\/\/arealorcaradio.es\/index.php\/wp-json\/wp\/v2\/media?parent=5649"}],"wp:term":[{"taxonomy":"category","embeddable":true,"href":"https:\/\/arealorcaradio.es\/index.php\/wp-json\/wp\/v2\/categories?post=5649"},{"taxonomy":"post_tag","embeddable":true,"href":"https:\/\/arealorcaradio.es\/index.php\/wp-json\/wp\/v2\/tags?post=5649"}],"curies":[{"name":"wp","href":"https:\/\/api.w.org\/{rel}","templated":true}]}}