{"id":5639,"date":"2025-02-20T17:43:21","date_gmt":"2025-02-20T17:43:21","guid":{"rendered":"https:\/\/arealorcaradio.es\/?p=5639"},"modified":"2025-02-20T17:43:21","modified_gmt":"2025-02-20T17:43:21","slug":"cocineros-locales-y-de-la-region-de-murcia-se-unen-para-ofrecer-los-mejores-productos-de-la-tierra-a-traves-de-la-iniciativa-1001-delicias-de-lorca","status":"publish","type":"post","link":"https:\/\/arealorcaradio.es\/index.php\/2025\/02\/20\/cocineros-locales-y-de-la-region-de-murcia-se-unen-para-ofrecer-los-mejores-productos-de-la-tierra-a-traves-de-la-iniciativa-1001-delicias-de-lorca\/","title":{"rendered":"Cocineros locales y de la Regi\u00f3n de Murcia se unen para ofrecer los mejores productos de la tierra a trav\u00e9s de la iniciativa &#8216;1001 delicias de Lorca&#8217;"},"content":{"rendered":"<p><strong>\u00c1REA LORCA RADIO. Actualidad.<\/strong><\/p>\n<p>Escucha la intervenci\u00f3n del presidente de Hostelor Jes\u00fas Abellaneda con Paco S\u00e1nchez en el magazine de \u00c1rea Lorca Radio donde destaca la calidad y profesionalidad de los participantes en esta edici\u00f3n.<\/p>\n<audio class=\"wp-audio-shortcode\" id=\"audio-5639-1\" preload=\"none\" style=\"width: 100%;\" controls=\"controls\"><source type=\"audio\/mpeg\" src=\"https:\/\/arealorcaradio.es\/wp-content\/uploads\/2025\/02\/200225-JESUS-ABELLANEDA.-1001-SABORES.mp3?_=1\" \/><a href=\"https:\/\/arealorcaradio.es\/wp-content\/uploads\/2025\/02\/200225-JESUS-ABELLANEDA.-1001-SABORES.mp3\">https:\/\/arealorcaradio.es\/wp-content\/uploads\/2025\/02\/200225-JESUS-ABELLANEDA.-1001-SABORES.mp3<\/a><\/audio>\n<p class=\"v1MsoNormal\"><b><img loading=\"lazy\" decoding=\"async\" class=\"alignnone size-medium wp-image-5642\" src=\"https:\/\/arealorcaradio.es\/wp-content\/uploads\/2025\/02\/Jesus-Abellandeda.-Febreo-25-2-300x225.jpg\" alt=\"\" width=\"300\" height=\"225\" srcset=\"https:\/\/arealorcaradio.es\/wp-content\/uploads\/2025\/02\/Jesus-Abellandeda.-Febreo-25-2-300x225.jpg 300w, https:\/\/arealorcaradio.es\/wp-content\/uploads\/2025\/02\/Jesus-Abellandeda.-Febreo-25-2-1024x768.jpg 1024w, https:\/\/arealorcaradio.es\/wp-content\/uploads\/2025\/02\/Jesus-Abellandeda.-Febreo-25-2-768x576.jpg 768w, https:\/\/arealorcaradio.es\/wp-content\/uploads\/2025\/02\/Jesus-Abellandeda.-Febreo-25-2-1536x1152.jpg 1536w, https:\/\/arealorcaradio.es\/wp-content\/uploads\/2025\/02\/Jesus-Abellandeda.-Febreo-25-2-2048x1536.jpg 2048w, https:\/\/arealorcaradio.es\/wp-content\/uploads\/2025\/02\/Jesus-Abellandeda.-Febreo-25-2-86x64.jpg 86w\" sizes=\"auto, (max-width: 300px) 100vw, 300px\" \/>\u00a0 <img loading=\"lazy\" decoding=\"async\" class=\"alignnone size-medium wp-image-5645\" src=\"https:\/\/arealorcaradio.es\/wp-content\/uploads\/2025\/02\/FOTO2-HOSTELOR-300x225.jpeg\" alt=\"\" width=\"300\" height=\"225\" srcset=\"https:\/\/arealorcaradio.es\/wp-content\/uploads\/2025\/02\/FOTO2-HOSTELOR-300x225.jpeg 300w, https:\/\/arealorcaradio.es\/wp-content\/uploads\/2025\/02\/FOTO2-HOSTELOR-1024x768.jpeg 1024w, https:\/\/arealorcaradio.es\/wp-content\/uploads\/2025\/02\/FOTO2-HOSTELOR-768x576.jpeg 768w, https:\/\/arealorcaradio.es\/wp-content\/uploads\/2025\/02\/FOTO2-HOSTELOR-1536x1152.jpeg 1536w, https:\/\/arealorcaradio.es\/wp-content\/uploads\/2025\/02\/FOTO2-HOSTELOR-86x64.jpeg 86w, https:\/\/arealorcaradio.es\/wp-content\/uploads\/2025\/02\/FOTO2-HOSTELOR.jpeg 2048w\" sizes=\"auto, (max-width: 300px) 100vw, 300px\" \/>\u00a0<\/b><\/p>\n<p class=\"v1MsoNormal\"><b>20 de febrero de 2025.<\/b>\u00a0La concejal de Tradiciones del Ayuntamiento de Lorca, Mar\u00eda de las Huertas Garc\u00eda, ha participado este jueves, junto al director de Turismo de la Regi\u00f3n de Murcia, Juan Francisco Mart\u00ednez; el presidente de Hostelor, Jes\u00fas Abellaneda; y el presidente de Jecomur, Juan Antonio Garc\u00eda, en la presentaci\u00f3n de la segunda edici\u00f3n de &#8216;1001 delicias de Lorca&#8217;, que se celebrar\u00e1 en distintos restaurantes de Lorca cada jueves desde el 27 de febrero hasta el 3 de abril.<\/p>\n<p class=\"v1MsoNormal\">Mar\u00eda de las Huertas Garc\u00eda ha indicado que cocineros lorquinos y algunos de los mejores chefs de la Regi\u00f3n de Murcia elaborar\u00e1n men\u00fas degustaci\u00f3n a &#8216;4 manos&#8217; en distintos establecimientos de hosteler\u00eda de Lorca. \u00abEl objetivo es promocionar y dar difusi\u00f3n a nivel regional del alt\u00edsimo nivel de los cocineros, de la cocina lorquina y de los productos locales, as\u00ed como seguir dinamizando la vida social y el ocio en Lorca, en este caso en las noches de los jueves, ofreciendo a los lorquinos una nueva experiencia gastron\u00f3mica y atrayendo a nuevos visitantes a la ciudad\u00bb, ha argumentado.<\/p>\n<p class=\"v1MsoNormal\">Esta nueva edici\u00f3n comenzar\u00e1 el jueves 27 de febrero en &#8216;Casa Roberto&#8217; con &#8216;Casa Borrego&#8217; de Bullas (chefs Alejandra Rodr\u00edguez y Salvador Fern\u00e1ndez); el jueves 6 de marzo en Gastrobar Ca\u00f1arejo con &#8216;El Churra&#8217; de Murcia (chefs Vanesa Lorente y Juan Antonio Garc\u00eda); el 13 de marzo en Taberna La Cepa con &#8216;Arrabal&#8217; de Aledo (chefs Germ\u00e1n Segura y Gabino Mart\u00ednez); el 20 de marzo en &#8216;La Alacena&#8217; con &#8216;De Loreto&#8217; de Jumilla (chefs Braulio Cantero e Irene L\u00f3pez); el 27 de marzo en restaurante &#8216;La Alameda&#8217; con Casa Tom\u00e1s de Cartagena (chefs Teresa Hern\u00e1ndez y Cayetano G\u00f3mez); y el 3 de abril en Bangalore Lorca con &#8216;La Paz&#8217; de Alcantarilla (chefs Jos\u00e9 Manrique S\u00e1nchez y Alejandro Medina).<\/p>\n<p class=\"v1MsoNormal\"><img loading=\"lazy\" decoding=\"async\" class=\"alignnone size-medium wp-image-5646\" src=\"https:\/\/arealorcaradio.es\/wp-content\/uploads\/2025\/02\/FOTO1-HOSTELOR-300x225.jpeg\" alt=\"\" width=\"300\" height=\"225\" srcset=\"https:\/\/arealorcaradio.es\/wp-content\/uploads\/2025\/02\/FOTO1-HOSTELOR-300x225.jpeg 300w, https:\/\/arealorcaradio.es\/wp-content\/uploads\/2025\/02\/FOTO1-HOSTELOR-1024x768.jpeg 1024w, https:\/\/arealorcaradio.es\/wp-content\/uploads\/2025\/02\/FOTO1-HOSTELOR-768x576.jpeg 768w, https:\/\/arealorcaradio.es\/wp-content\/uploads\/2025\/02\/FOTO1-HOSTELOR-1536x1152.jpeg 1536w, https:\/\/arealorcaradio.es\/wp-content\/uploads\/2025\/02\/FOTO1-HOSTELOR-86x64.jpeg 86w, https:\/\/arealorcaradio.es\/wp-content\/uploads\/2025\/02\/FOTO1-HOSTELOR.jpeg 2048w\" sizes=\"auto, (max-width: 300px) 100vw, 300px\" \/> \u00a0<img loading=\"lazy\" decoding=\"async\" class=\"alignnone wp-image-5647\" src=\"https:\/\/arealorcaradio.es\/wp-content\/uploads\/2025\/02\/CARTEL-212x300.jpeg\" alt=\"\" width=\"159\" height=\"225\" srcset=\"https:\/\/arealorcaradio.es\/wp-content\/uploads\/2025\/02\/CARTEL-212x300.jpeg 212w, https:\/\/arealorcaradio.es\/wp-content\/uploads\/2025\/02\/CARTEL-724x1024.jpeg 724w, https:\/\/arealorcaradio.es\/wp-content\/uploads\/2025\/02\/CARTEL-768x1086.jpeg 768w, https:\/\/arealorcaradio.es\/wp-content\/uploads\/2025\/02\/CARTEL-1086x1536.jpeg 1086w, https:\/\/arealorcaradio.es\/wp-content\/uploads\/2025\/02\/CARTEL.jpeg 1131w\" sizes=\"auto, (max-width: 159px) 100vw, 159px\" \/><\/p>\n<p class=\"v1MsoNormal\">Este ciclo, organizado por Hostelor y la Asociaci\u00f3n de Jefes de Cocina y Cocineros de la Regi\u00f3n de Murcia (Jecomur), y que cuenta con la colaboraci\u00f3n del Instituto de Turismo de la Regi\u00f3n de Murcia a trav\u00e9s de la marca \u00ab1001 Sabores Regi\u00f3n de Murcia\u00bb y el Ayuntamiento de Lorca, ofrecer\u00e1n men\u00fas que constar\u00e1n de una gran variedad de platos, y tendr\u00e1n como protagonistas a los productos locales y regionales, como la torta y el crespillo lorquino, el piment\u00f3n DOP de Murcia, el arroz de Calasparra, tambi\u00e9n con Denominaci\u00f3n de Origen Protegida, la alcachofa, el chato murciano, la carne de toro de lidia, los quesos artesanales de \u00abLa Zarcillera\u00bb y \u00abEl Roano\u00bb, as\u00ed como ir\u00e1n maridados con vinos de la Regi\u00f3n de Murcia con denominaci\u00f3n de origen, y cerveza Estrella de Levante.<\/p>\n<p class=\"v1MsoNormal\">La edil de Tradiciones ha dado su enhorabuena a Hostelor, a Jecomur y a los restaurantes participantes por llevar a cabo esta iniciativa, que fue pionera en nuestra ciudad, y que este a\u00f1o vuelve a realizarse tras el \u00e9xito obtenido. \u00abVolvemos a tener en Lorca el privilegio de disfrutar de men\u00fas elaborados por los chefs m\u00e1s prestigiosos de la Regi\u00f3n de Murcia gracias a &#8216;1001 Delicias de Lorca&#8217;, que estoy segura que supondr\u00e1 otro gran paso para la gastronom\u00eda local y que volver\u00e1 situar a Lorca en el mapa culinario de la Regi\u00f3n durante estos tres meses\u00bb.<\/p>\n<p class=\"v1MsoNormal\">Y ha animado a todos los lorquinos y visitantes a participar en esta experiencia gastron\u00f3mica, reservando sus mesas en los locales participantes para disfrutar de la maravillosa cocina lorquina y regional a trav\u00e9s de estos men\u00fas realizados a cuatro manos. \u00abEsta iniciativa no solo nos brinda la oportunidad de saborear lo mejor de nuestra cocina con platos \u00fanicos y productos de nuestra Regi\u00f3n, sino que tambi\u00e9n contribuye al crecimiento del turismo en nuestro municipio. Cada comensal que forme parte de esta experiencia estar\u00e1 fomentando la riqueza culinaria de Lorca e impulsando tambi\u00e9n nuestra econom\u00eda y la desestacionalizaci\u00f3n de nuestro turismo durante estos tres meses, ya que tenemos la ocasi\u00f3n de mostrar a los visitantes la hospitalidad y el encanto de nuestra hosteler\u00eda, y por supuesto, de nuestra ciudad para que se lleven un buen sabor de boca\u00bb, ha concluido Garc\u00eda.<\/p>\n<p class=\"v1MsoNormal\">El director de Turismo de la Regi\u00f3n de Murcia, por su parte, ha agradecido la iniciativa, que servir\u00e1 para promocionar los 1.001 Sabores de la Regi\u00f3n y a sus profesionales tanto entre los propios murcianos como entre los visitantes, impulsando el tejido empresarial y fortaleciendo la imagen de la Regi\u00f3n como destino de referencia de experiencias gastron\u00f3micas.<\/p>\n<p class=\"v1MsoNormal\">Jes\u00fas Abellaneda tambi\u00e9n ha invitado a lorquinos y visitantes a \u00absumarse a una iniciativa que quiere seguir reconociendo la enorme calidad gastron\u00f3mica que tenemos en Lorca, tanto por los gerentes y cocineros de los establecimientos de hosteler\u00eda asociados a Hostelor, como por los productos locales y regionales, que podemos presumir que son los mejores del mundo. Unimos tradici\u00f3n, innovaci\u00f3n, platos exquisitos y el gran compa\u00f1erismo que una vez m\u00e1s vuelve a demostrar la hosteler\u00eda, para ofrecer estos men\u00fas a 4 manos en el mejor sitio en el que se puede comer, que es Lorca\u00bb.<\/p>\n<p class=\"v1MsoNormal\">Por \u00faltimo, el presidente de Jecomur ha concluido a\u00f1adido que \u00abel pasado a\u00f1o fue todo un \u00e9xito con lleno en todos los cuatro manos que llevamos a cabo, y una experiencia muy positiva en la que cocineros de Lorca y del resto de la Regi\u00f3n de Murcia disfrutamos mucho juntos elaborando estos men\u00fas y aprendiendo unos de otros\u00bb.<\/p>\n<p class=\"v1MsoNormal\">\n","protected":false},"excerpt":{"rendered":"<p>\u00c1REA LORCA RADIO. Actualidad. Escucha la intervenci\u00f3n del presidente de Hostelor Jes\u00fas Abellaneda con Paco S\u00e1nchez en el magazine de \u00c1rea Lorca Radio donde destaca la calidad y profesionalidad de los participantes en esta edici\u00f3n. \u00a0 \u00a0 20 de febrero de 2025.\u00a0La concejal de Tradiciones del Ayuntamiento de Lorca, Mar\u00eda de las Huertas Garc\u00eda, ha [&hellip;]<\/p>\n","protected":false},"author":1,"featured_media":5641,"comment_status":"open","ping_status":"open","sticky":false,"template":"","format":"standard","meta":{"iawp_total_views":14,"footnotes":""},"categories":[5,7],"tags":[],"class_list":["post-5639","post","type-post","status-publish","format-standard","has-post-thumbnail","hentry","category-actualidad","category-lorca"],"yoast_head":"<!-- This site is optimized with the Yoast SEO plugin v27.5 - https:\/\/yoast.com\/product\/yoast-seo-wordpress\/ -->\n<title>Cocineros locales y de la Regi\u00f3n de Murcia se unen para ofrecer los mejores productos de la tierra a trav\u00e9s de la iniciativa &#039;1001 delicias de Lorca&#039; - AREA LORCA RADIO<\/title>\n<meta name=\"robots\" content=\"index, follow, max-snippet:-1, max-image-preview:large, max-video-preview:-1\" \/>\n<link rel=\"canonical\" href=\"https:\/\/arealorcaradio.es\/index.php\/2025\/02\/20\/cocineros-locales-y-de-la-region-de-murcia-se-unen-para-ofrecer-los-mejores-productos-de-la-tierra-a-traves-de-la-iniciativa-1001-delicias-de-lorca\/\" \/>\n<meta property=\"og:locale\" content=\"es_ES\" \/>\n<meta property=\"og:type\" content=\"article\" \/>\n<meta property=\"og:title\" content=\"Cocineros locales y de la Regi\u00f3n de Murcia se unen para ofrecer los mejores productos de la tierra a trav\u00e9s de la iniciativa &#039;1001 delicias de Lorca&#039; - AREA LORCA RADIO\" \/>\n<meta property=\"og:description\" content=\"\u00c1REA LORCA RADIO. Actualidad. Escucha la intervenci\u00f3n del presidente de Hostelor Jes\u00fas Abellaneda con Paco S\u00e1nchez en el magazine de \u00c1rea Lorca Radio donde destaca la calidad y profesionalidad de los participantes en esta edici\u00f3n. \u00a0 \u00a0 20 de febrero de 2025.\u00a0La concejal de Tradiciones del Ayuntamiento de Lorca, Mar\u00eda de las Huertas Garc\u00eda, ha [&hellip;]\" \/>\n<meta property=\"og:url\" content=\"https:\/\/arealorcaradio.es\/index.php\/2025\/02\/20\/cocineros-locales-y-de-la-region-de-murcia-se-unen-para-ofrecer-los-mejores-productos-de-la-tierra-a-traves-de-la-iniciativa-1001-delicias-de-lorca\/\" \/>\n<meta property=\"og:site_name\" content=\"AREA LORCA RADIO\" \/>\n<meta property=\"article:published_time\" content=\"2025-02-20T17:43:21+00:00\" \/>\n<meta property=\"og:image\" content=\"https:\/\/arealorcaradio.es\/wp-content\/uploads\/2025\/02\/Jesus-Abellandeda.-Febreo-25-1-scaled.jpg\" \/>\n\t<meta property=\"og:image:width\" content=\"2560\" \/>\n\t<meta property=\"og:image:height\" content=\"1920\" \/>\n\t<meta property=\"og:image:type\" content=\"image\/jpeg\" \/>\n<meta name=\"author\" content=\"Paco S\u00e1nchez\" \/>\n<meta name=\"twitter:card\" content=\"summary_large_image\" \/>\n<meta name=\"twitter:label1\" content=\"Escrito por\" \/>\n\t<meta name=\"twitter:data1\" content=\"Paco S\u00e1nchez\" \/>\n\t<meta name=\"twitter:label2\" content=\"Tiempo de lectura\" \/>\n\t<meta name=\"twitter:data2\" content=\"6 minutos\" \/>\n<script type=\"application\/ld+json\" class=\"yoast-schema-graph\">{\"@context\":\"https:\\\/\\\/schema.org\",\"@graph\":[{\"@type\":\"Article\",\"@id\":\"https:\\\/\\\/arealorcaradio.es\\\/index.php\\\/2025\\\/02\\\/20\\\/cocineros-locales-y-de-la-region-de-murcia-se-unen-para-ofrecer-los-mejores-productos-de-la-tierra-a-traves-de-la-iniciativa-1001-delicias-de-lorca\\\/#article\",\"isPartOf\":{\"@id\":\"https:\\\/\\\/arealorcaradio.es\\\/index.php\\\/2025\\\/02\\\/20\\\/cocineros-locales-y-de-la-region-de-murcia-se-unen-para-ofrecer-los-mejores-productos-de-la-tierra-a-traves-de-la-iniciativa-1001-delicias-de-lorca\\\/\"},\"author\":{\"name\":\"Paco S\u00e1nchez\",\"@id\":\"https:\\\/\\\/arealorcaradio.es\\\/#\\\/schema\\\/person\\\/9fae605fc25b0f2c83c1ab207139bd27\"},\"headline\":\"Cocineros locales y de la Regi\u00f3n de Murcia se unen para ofrecer los mejores productos de la tierra a trav\u00e9s de la iniciativa &#8216;1001 delicias de Lorca&#8217;\",\"datePublished\":\"2025-02-20T17:43:21+00:00\",\"mainEntityOfPage\":{\"@id\":\"https:\\\/\\\/arealorcaradio.es\\\/index.php\\\/2025\\\/02\\\/20\\\/cocineros-locales-y-de-la-region-de-murcia-se-unen-para-ofrecer-los-mejores-productos-de-la-tierra-a-traves-de-la-iniciativa-1001-delicias-de-lorca\\\/\"},\"wordCount\":1019,\"commentCount\":0,\"image\":{\"@id\":\"https:\\\/\\\/arealorcaradio.es\\\/index.php\\\/2025\\\/02\\\/20\\\/cocineros-locales-y-de-la-region-de-murcia-se-unen-para-ofrecer-los-mejores-productos-de-la-tierra-a-traves-de-la-iniciativa-1001-delicias-de-lorca\\\/#primaryimage\"},\"thumbnailUrl\":\"https:\\\/\\\/arealorcaradio.es\\\/wp-content\\\/uploads\\\/2025\\\/02\\\/Jesus-Abellandeda.-Febreo-25-1-scaled.jpg\",\"articleSection\":[\"ACTUALIDAD\",\"LORCA\"],\"inLanguage\":\"es\",\"potentialAction\":[{\"@type\":\"CommentAction\",\"name\":\"Comment\",\"target\":[\"https:\\\/\\\/arealorcaradio.es\\\/index.php\\\/2025\\\/02\\\/20\\\/cocineros-locales-y-de-la-region-de-murcia-se-unen-para-ofrecer-los-mejores-productos-de-la-tierra-a-traves-de-la-iniciativa-1001-delicias-de-lorca\\\/#respond\"]}]},{\"@type\":\"WebPage\",\"@id\":\"https:\\\/\\\/arealorcaradio.es\\\/index.php\\\/2025\\\/02\\\/20\\\/cocineros-locales-y-de-la-region-de-murcia-se-unen-para-ofrecer-los-mejores-productos-de-la-tierra-a-traves-de-la-iniciativa-1001-delicias-de-lorca\\\/\",\"url\":\"https:\\\/\\\/arealorcaradio.es\\\/index.php\\\/2025\\\/02\\\/20\\\/cocineros-locales-y-de-la-region-de-murcia-se-unen-para-ofrecer-los-mejores-productos-de-la-tierra-a-traves-de-la-iniciativa-1001-delicias-de-lorca\\\/\",\"name\":\"Cocineros locales y de la Regi\u00f3n de Murcia se unen para ofrecer los mejores productos de la tierra a trav\u00e9s de la iniciativa '1001 delicias de Lorca' - AREA LORCA RADIO\",\"isPartOf\":{\"@id\":\"https:\\\/\\\/arealorcaradio.es\\\/#website\"},\"primaryImageOfPage\":{\"@id\":\"https:\\\/\\\/arealorcaradio.es\\\/index.php\\\/2025\\\/02\\\/20\\\/cocineros-locales-y-de-la-region-de-murcia-se-unen-para-ofrecer-los-mejores-productos-de-la-tierra-a-traves-de-la-iniciativa-1001-delicias-de-lorca\\\/#primaryimage\"},\"image\":{\"@id\":\"https:\\\/\\\/arealorcaradio.es\\\/index.php\\\/2025\\\/02\\\/20\\\/cocineros-locales-y-de-la-region-de-murcia-se-unen-para-ofrecer-los-mejores-productos-de-la-tierra-a-traves-de-la-iniciativa-1001-delicias-de-lorca\\\/#primaryimage\"},\"thumbnailUrl\":\"https:\\\/\\\/arealorcaradio.es\\\/wp-content\\\/uploads\\\/2025\\\/02\\\/Jesus-Abellandeda.-Febreo-25-1-scaled.jpg\",\"datePublished\":\"2025-02-20T17:43:21+00:00\",\"author\":{\"@id\":\"https:\\\/\\\/arealorcaradio.es\\\/#\\\/schema\\\/person\\\/9fae605fc25b0f2c83c1ab207139bd27\"},\"breadcrumb\":{\"@id\":\"https:\\\/\\\/arealorcaradio.es\\\/index.php\\\/2025\\\/02\\\/20\\\/cocineros-locales-y-de-la-region-de-murcia-se-unen-para-ofrecer-los-mejores-productos-de-la-tierra-a-traves-de-la-iniciativa-1001-delicias-de-lorca\\\/#breadcrumb\"},\"inLanguage\":\"es\",\"potentialAction\":[{\"@type\":\"ReadAction\",\"target\":[\"https:\\\/\\\/arealorcaradio.es\\\/index.php\\\/2025\\\/02\\\/20\\\/cocineros-locales-y-de-la-region-de-murcia-se-unen-para-ofrecer-los-mejores-productos-de-la-tierra-a-traves-de-la-iniciativa-1001-delicias-de-lorca\\\/\"]}]},{\"@type\":\"ImageObject\",\"inLanguage\":\"es\",\"@id\":\"https:\\\/\\\/arealorcaradio.es\\\/index.php\\\/2025\\\/02\\\/20\\\/cocineros-locales-y-de-la-region-de-murcia-se-unen-para-ofrecer-los-mejores-productos-de-la-tierra-a-traves-de-la-iniciativa-1001-delicias-de-lorca\\\/#primaryimage\",\"url\":\"https:\\\/\\\/arealorcaradio.es\\\/wp-content\\\/uploads\\\/2025\\\/02\\\/Jesus-Abellandeda.-Febreo-25-1-scaled.jpg\",\"contentUrl\":\"https:\\\/\\\/arealorcaradio.es\\\/wp-content\\\/uploads\\\/2025\\\/02\\\/Jesus-Abellandeda.-Febreo-25-1-scaled.jpg\",\"width\":2560,\"height\":1920},{\"@type\":\"BreadcrumbList\",\"@id\":\"https:\\\/\\\/arealorcaradio.es\\\/index.php\\\/2025\\\/02\\\/20\\\/cocineros-locales-y-de-la-region-de-murcia-se-unen-para-ofrecer-los-mejores-productos-de-la-tierra-a-traves-de-la-iniciativa-1001-delicias-de-lorca\\\/#breadcrumb\",\"itemListElement\":[{\"@type\":\"ListItem\",\"position\":1,\"name\":\"Portada\",\"item\":\"https:\\\/\\\/arealorcaradio.es\\\/\"},{\"@type\":\"ListItem\",\"position\":2,\"name\":\"Cocineros locales y de la Regi\u00f3n de Murcia se unen para ofrecer los mejores productos de la tierra a trav\u00e9s de la iniciativa &#8216;1001 delicias de Lorca&#8217;\"}]},{\"@type\":\"WebSite\",\"@id\":\"https:\\\/\\\/arealorcaradio.es\\\/#website\",\"url\":\"https:\\\/\\\/arealorcaradio.es\\\/\",\"name\":\"AREA LORCA RADIO\",\"description\":\"Descubre la programaci\u00f3n actual en \u00c1rea Lorca Radio, tu fuente de entrenamiento y noticias locales. Sintoniza ahora y mantente conectado online.\",\"potentialAction\":[{\"@type\":\"SearchAction\",\"target\":{\"@type\":\"EntryPoint\",\"urlTemplate\":\"https:\\\/\\\/arealorcaradio.es\\\/?s={search_term_string}\"},\"query-input\":{\"@type\":\"PropertyValueSpecification\",\"valueRequired\":true,\"valueName\":\"search_term_string\"}}],\"inLanguage\":\"es\"},{\"@type\":\"Person\",\"@id\":\"https:\\\/\\\/arealorcaradio.es\\\/#\\\/schema\\\/person\\\/9fae605fc25b0f2c83c1ab207139bd27\",\"name\":\"Paco S\u00e1nchez\",\"image\":{\"@type\":\"ImageObject\",\"inLanguage\":\"es\",\"@id\":\"https:\\\/\\\/secure.gravatar.com\\\/avatar\\\/d67144e966420fb74aa84c9f2a0103be4724fd14db52b52d3b6bca749f257e79?s=96&d=mm&r=g\",\"url\":\"https:\\\/\\\/secure.gravatar.com\\\/avatar\\\/d67144e966420fb74aa84c9f2a0103be4724fd14db52b52d3b6bca749f257e79?s=96&d=mm&r=g\",\"contentUrl\":\"https:\\\/\\\/secure.gravatar.com\\\/avatar\\\/d67144e966420fb74aa84c9f2a0103be4724fd14db52b52d3b6bca749f257e79?s=96&d=mm&r=g\",\"caption\":\"Paco S\u00e1nchez\"},\"sameAs\":[\"https:\\\/\\\/arealorcaradio.es\"],\"url\":\"https:\\\/\\\/arealorcaradio.es\\\/index.php\\\/author\\\/admin_alorcaradio\\\/\"}]}<\/script>\n<!-- \/ Yoast SEO plugin. -->","yoast_head_json":{"title":"Cocineros locales y de la Regi\u00f3n de Murcia se unen para ofrecer los mejores productos de la tierra a trav\u00e9s de la iniciativa '1001 delicias de Lorca' - AREA LORCA RADIO","robots":{"index":"index","follow":"follow","max-snippet":"max-snippet:-1","max-image-preview":"max-image-preview:large","max-video-preview":"max-video-preview:-1"},"canonical":"https:\/\/arealorcaradio.es\/index.php\/2025\/02\/20\/cocineros-locales-y-de-la-region-de-murcia-se-unen-para-ofrecer-los-mejores-productos-de-la-tierra-a-traves-de-la-iniciativa-1001-delicias-de-lorca\/","og_locale":"es_ES","og_type":"article","og_title":"Cocineros locales y de la Regi\u00f3n de Murcia se unen para ofrecer los mejores productos de la tierra a trav\u00e9s de la iniciativa '1001 delicias de Lorca' - AREA LORCA RADIO","og_description":"\u00c1REA LORCA RADIO. Actualidad. Escucha la intervenci\u00f3n del presidente de Hostelor Jes\u00fas Abellaneda con Paco S\u00e1nchez en el magazine de \u00c1rea Lorca Radio donde destaca la calidad y profesionalidad de los participantes en esta edici\u00f3n. \u00a0 \u00a0 20 de febrero de 2025.\u00a0La concejal de Tradiciones del Ayuntamiento de Lorca, Mar\u00eda de las Huertas Garc\u00eda, ha [&hellip;]","og_url":"https:\/\/arealorcaradio.es\/index.php\/2025\/02\/20\/cocineros-locales-y-de-la-region-de-murcia-se-unen-para-ofrecer-los-mejores-productos-de-la-tierra-a-traves-de-la-iniciativa-1001-delicias-de-lorca\/","og_site_name":"AREA LORCA RADIO","article_published_time":"2025-02-20T17:43:21+00:00","og_image":[{"width":2560,"height":1920,"url":"https:\/\/arealorcaradio.es\/wp-content\/uploads\/2025\/02\/Jesus-Abellandeda.-Febreo-25-1-scaled.jpg","type":"image\/jpeg"}],"author":"Paco S\u00e1nchez","twitter_card":"summary_large_image","twitter_misc":{"Escrito por":"Paco S\u00e1nchez","Tiempo de lectura":"6 minutos"},"schema":{"@context":"https:\/\/schema.org","@graph":[{"@type":"Article","@id":"https:\/\/arealorcaradio.es\/index.php\/2025\/02\/20\/cocineros-locales-y-de-la-region-de-murcia-se-unen-para-ofrecer-los-mejores-productos-de-la-tierra-a-traves-de-la-iniciativa-1001-delicias-de-lorca\/#article","isPartOf":{"@id":"https:\/\/arealorcaradio.es\/index.php\/2025\/02\/20\/cocineros-locales-y-de-la-region-de-murcia-se-unen-para-ofrecer-los-mejores-productos-de-la-tierra-a-traves-de-la-iniciativa-1001-delicias-de-lorca\/"},"author":{"name":"Paco S\u00e1nchez","@id":"https:\/\/arealorcaradio.es\/#\/schema\/person\/9fae605fc25b0f2c83c1ab207139bd27"},"headline":"Cocineros locales y de la Regi\u00f3n de Murcia se unen para ofrecer los mejores productos de la tierra a trav\u00e9s de la iniciativa &#8216;1001 delicias de Lorca&#8217;","datePublished":"2025-02-20T17:43:21+00:00","mainEntityOfPage":{"@id":"https:\/\/arealorcaradio.es\/index.php\/2025\/02\/20\/cocineros-locales-y-de-la-region-de-murcia-se-unen-para-ofrecer-los-mejores-productos-de-la-tierra-a-traves-de-la-iniciativa-1001-delicias-de-lorca\/"},"wordCount":1019,"commentCount":0,"image":{"@id":"https:\/\/arealorcaradio.es\/index.php\/2025\/02\/20\/cocineros-locales-y-de-la-region-de-murcia-se-unen-para-ofrecer-los-mejores-productos-de-la-tierra-a-traves-de-la-iniciativa-1001-delicias-de-lorca\/#primaryimage"},"thumbnailUrl":"https:\/\/arealorcaradio.es\/wp-content\/uploads\/2025\/02\/Jesus-Abellandeda.-Febreo-25-1-scaled.jpg","articleSection":["ACTUALIDAD","LORCA"],"inLanguage":"es","potentialAction":[{"@type":"CommentAction","name":"Comment","target":["https:\/\/arealorcaradio.es\/index.php\/2025\/02\/20\/cocineros-locales-y-de-la-region-de-murcia-se-unen-para-ofrecer-los-mejores-productos-de-la-tierra-a-traves-de-la-iniciativa-1001-delicias-de-lorca\/#respond"]}]},{"@type":"WebPage","@id":"https:\/\/arealorcaradio.es\/index.php\/2025\/02\/20\/cocineros-locales-y-de-la-region-de-murcia-se-unen-para-ofrecer-los-mejores-productos-de-la-tierra-a-traves-de-la-iniciativa-1001-delicias-de-lorca\/","url":"https:\/\/arealorcaradio.es\/index.php\/2025\/02\/20\/cocineros-locales-y-de-la-region-de-murcia-se-unen-para-ofrecer-los-mejores-productos-de-la-tierra-a-traves-de-la-iniciativa-1001-delicias-de-lorca\/","name":"Cocineros locales y de la Regi\u00f3n de Murcia se unen para ofrecer los mejores productos de la tierra a trav\u00e9s de la iniciativa '1001 delicias de Lorca' - AREA LORCA RADIO","isPartOf":{"@id":"https:\/\/arealorcaradio.es\/#website"},"primaryImageOfPage":{"@id":"https:\/\/arealorcaradio.es\/index.php\/2025\/02\/20\/cocineros-locales-y-de-la-region-de-murcia-se-unen-para-ofrecer-los-mejores-productos-de-la-tierra-a-traves-de-la-iniciativa-1001-delicias-de-lorca\/#primaryimage"},"image":{"@id":"https:\/\/arealorcaradio.es\/index.php\/2025\/02\/20\/cocineros-locales-y-de-la-region-de-murcia-se-unen-para-ofrecer-los-mejores-productos-de-la-tierra-a-traves-de-la-iniciativa-1001-delicias-de-lorca\/#primaryimage"},"thumbnailUrl":"https:\/\/arealorcaradio.es\/wp-content\/uploads\/2025\/02\/Jesus-Abellandeda.-Febreo-25-1-scaled.jpg","datePublished":"2025-02-20T17:43:21+00:00","author":{"@id":"https:\/\/arealorcaradio.es\/#\/schema\/person\/9fae605fc25b0f2c83c1ab207139bd27"},"breadcrumb":{"@id":"https:\/\/arealorcaradio.es\/index.php\/2025\/02\/20\/cocineros-locales-y-de-la-region-de-murcia-se-unen-para-ofrecer-los-mejores-productos-de-la-tierra-a-traves-de-la-iniciativa-1001-delicias-de-lorca\/#breadcrumb"},"inLanguage":"es","potentialAction":[{"@type":"ReadAction","target":["https:\/\/arealorcaradio.es\/index.php\/2025\/02\/20\/cocineros-locales-y-de-la-region-de-murcia-se-unen-para-ofrecer-los-mejores-productos-de-la-tierra-a-traves-de-la-iniciativa-1001-delicias-de-lorca\/"]}]},{"@type":"ImageObject","inLanguage":"es","@id":"https:\/\/arealorcaradio.es\/index.php\/2025\/02\/20\/cocineros-locales-y-de-la-region-de-murcia-se-unen-para-ofrecer-los-mejores-productos-de-la-tierra-a-traves-de-la-iniciativa-1001-delicias-de-lorca\/#primaryimage","url":"https:\/\/arealorcaradio.es\/wp-content\/uploads\/2025\/02\/Jesus-Abellandeda.-Febreo-25-1-scaled.jpg","contentUrl":"https:\/\/arealorcaradio.es\/wp-content\/uploads\/2025\/02\/Jesus-Abellandeda.-Febreo-25-1-scaled.jpg","width":2560,"height":1920},{"@type":"BreadcrumbList","@id":"https:\/\/arealorcaradio.es\/index.php\/2025\/02\/20\/cocineros-locales-y-de-la-region-de-murcia-se-unen-para-ofrecer-los-mejores-productos-de-la-tierra-a-traves-de-la-iniciativa-1001-delicias-de-lorca\/#breadcrumb","itemListElement":[{"@type":"ListItem","position":1,"name":"Portada","item":"https:\/\/arealorcaradio.es\/"},{"@type":"ListItem","position":2,"name":"Cocineros locales y de la Regi\u00f3n de Murcia se unen para ofrecer los mejores productos de la tierra a trav\u00e9s de la iniciativa &#8216;1001 delicias de Lorca&#8217;"}]},{"@type":"WebSite","@id":"https:\/\/arealorcaradio.es\/#website","url":"https:\/\/arealorcaradio.es\/","name":"AREA LORCA RADIO","description":"Descubre la programaci\u00f3n actual en \u00c1rea Lorca Radio, tu fuente de entrenamiento y noticias locales. Sintoniza ahora y mantente conectado online.","potentialAction":[{"@type":"SearchAction","target":{"@type":"EntryPoint","urlTemplate":"https:\/\/arealorcaradio.es\/?s={search_term_string}"},"query-input":{"@type":"PropertyValueSpecification","valueRequired":true,"valueName":"search_term_string"}}],"inLanguage":"es"},{"@type":"Person","@id":"https:\/\/arealorcaradio.es\/#\/schema\/person\/9fae605fc25b0f2c83c1ab207139bd27","name":"Paco S\u00e1nchez","image":{"@type":"ImageObject","inLanguage":"es","@id":"https:\/\/secure.gravatar.com\/avatar\/d67144e966420fb74aa84c9f2a0103be4724fd14db52b52d3b6bca749f257e79?s=96&d=mm&r=g","url":"https:\/\/secure.gravatar.com\/avatar\/d67144e966420fb74aa84c9f2a0103be4724fd14db52b52d3b6bca749f257e79?s=96&d=mm&r=g","contentUrl":"https:\/\/secure.gravatar.com\/avatar\/d67144e966420fb74aa84c9f2a0103be4724fd14db52b52d3b6bca749f257e79?s=96&d=mm&r=g","caption":"Paco S\u00e1nchez"},"sameAs":["https:\/\/arealorcaradio.es"],"url":"https:\/\/arealorcaradio.es\/index.php\/author\/admin_alorcaradio\/"}]}},"_links":{"self":[{"href":"https:\/\/arealorcaradio.es\/index.php\/wp-json\/wp\/v2\/posts\/5639","targetHints":{"allow":["GET"]}}],"collection":[{"href":"https:\/\/arealorcaradio.es\/index.php\/wp-json\/wp\/v2\/posts"}],"about":[{"href":"https:\/\/arealorcaradio.es\/index.php\/wp-json\/wp\/v2\/types\/post"}],"author":[{"embeddable":true,"href":"https:\/\/arealorcaradio.es\/index.php\/wp-json\/wp\/v2\/users\/1"}],"replies":[{"embeddable":true,"href":"https:\/\/arealorcaradio.es\/index.php\/wp-json\/wp\/v2\/comments?post=5639"}],"version-history":[{"count":2,"href":"https:\/\/arealorcaradio.es\/index.php\/wp-json\/wp\/v2\/posts\/5639\/revisions"}],"predecessor-version":[{"id":5648,"href":"https:\/\/arealorcaradio.es\/index.php\/wp-json\/wp\/v2\/posts\/5639\/revisions\/5648"}],"wp:featuredmedia":[{"embeddable":true,"href":"https:\/\/arealorcaradio.es\/index.php\/wp-json\/wp\/v2\/media\/5641"}],"wp:attachment":[{"href":"https:\/\/arealorcaradio.es\/index.php\/wp-json\/wp\/v2\/media?parent=5639"}],"wp:term":[{"taxonomy":"category","embeddable":true,"href":"https:\/\/arealorcaradio.es\/index.php\/wp-json\/wp\/v2\/categories?post=5639"},{"taxonomy":"post_tag","embeddable":true,"href":"https:\/\/arealorcaradio.es\/index.php\/wp-json\/wp\/v2\/tags?post=5639"}],"curies":[{"name":"wp","href":"https:\/\/api.w.org\/{rel}","templated":true}]}}