{"id":556,"date":"2023-04-10T17:08:57","date_gmt":"2023-04-10T17:08:57","guid":{"rendered":"https:\/\/arealorcaradio.es\/?p=556"},"modified":"2023-05-03T17:24:48","modified_gmt":"2023-05-03T17:24:48","slug":"mari-carmen-romero-prepara-el-combate-frente-a-seren-cetin-por-el-cinturon-de-la-wbc-silver-de-boxeo-profesional","status":"publish","type":"post","link":"https:\/\/arealorcaradio.es\/index.php\/2023\/04\/10\/mari-carmen-romero-prepara-el-combate-frente-a-seren-cetin-por-el-cinturon-de-la-wbc-silver-de-boxeo-profesional\/","title":{"rendered":"Mari Carmen Romero prepara el combate frente a Seren \u00c7etin por el cintur\u00f3n de la WBC Silver de Boxeo Profesional"},"content":{"rendered":"<p>\u00c1REA LORCA RADIO.<\/p>\n<p>Escucha aqu\u00ed la entrevista que ha concedido la brava boxeadora de puerto Lumbreras a Paco S\u00e1nchez en el programa \u00c1rea Lorca Deportes, en la que habla de la victoria conseguida en Belgrado, Serbia con la Selecci\u00f3n Espa\u00f1ola de Boxeo en la 60 edici\u00f3n del Campeonato de Boxeo \u00abBelgrado Winner\u00bb y de la que ser\u00e1 la pelea m\u00e1s importante de su carrera deportiva, en Estambul, por el cintur\u00f3n de la WBC Silver de Boxeo Profesional en el Peso Gallo.<\/p>\n<audio class=\"wp-audio-shortcode\" id=\"audio-556-1\" preload=\"none\" style=\"width: 100%;\" controls=\"controls\"><source type=\"audio\/mpeg\" src=\"https:\/\/arealorcaradio.es\/wp-content\/uploads\/2023\/04\/100423-MARI-CARMEN-ROMERO.-BOXEO-WBC.mp3?_=1\" \/><a href=\"https:\/\/arealorcaradio.es\/wp-content\/uploads\/2023\/04\/100423-MARI-CARMEN-ROMERO.-BOXEO-WBC.mp3\">https:\/\/arealorcaradio.es\/wp-content\/uploads\/2023\/04\/100423-MARI-CARMEN-ROMERO.-BOXEO-WBC.mp3<\/a><\/audio>\n<p><img loading=\"lazy\" decoding=\"async\" class=\"alignnone size-medium wp-image-557\" src=\"https:\/\/arealorcaradio.es\/wp-content\/uploads\/2023\/04\/turkiyeprofesyonel-ROMERO-CETIC-240x300.jpg\" alt=\"\" width=\"240\" height=\"300\" srcset=\"https:\/\/arealorcaradio.es\/wp-content\/uploads\/2023\/04\/turkiyeprofesyonel-ROMERO-CETIC-240x300.jpg 240w, https:\/\/arealorcaradio.es\/wp-content\/uploads\/2023\/04\/turkiyeprofesyonel-ROMERO-CETIC.jpg 338w\" sizes=\"auto, (max-width: 240px) 100vw, 240px\" \/>\u00a0\u00a0<img loading=\"lazy\" decoding=\"async\" class=\"alignnone size-medium wp-image-560\" src=\"https:\/\/arealorcaradio.es\/wp-content\/uploads\/2023\/04\/MC-ROMERO.-SERBIA-169x300.jpg\" alt=\"\" width=\"169\" height=\"300\" srcset=\"https:\/\/arealorcaradio.es\/wp-content\/uploads\/2023\/04\/MC-ROMERO.-SERBIA-169x300.jpg 169w, https:\/\/arealorcaradio.es\/wp-content\/uploads\/2023\/04\/MC-ROMERO.-SERBIA.jpg 360w\" sizes=\"auto, (max-width: 169px) 100vw, 169px\" \/><\/p>\n<p><img loading=\"lazy\" decoding=\"async\" class=\"alignnone size-medium wp-image-564\" src=\"https:\/\/arealorcaradio.es\/wp-content\/uploads\/2023\/04\/IMG-20230410-WA0056-300x197.jpg\" alt=\"\" width=\"300\" height=\"197\" srcset=\"https:\/\/arealorcaradio.es\/wp-content\/uploads\/2023\/04\/IMG-20230410-WA0056-300x197.jpg 300w, https:\/\/arealorcaradio.es\/wp-content\/uploads\/2023\/04\/IMG-20230410-WA0056-768x505.jpg 768w, https:\/\/arealorcaradio.es\/wp-content\/uploads\/2023\/04\/IMG-20230410-WA0056.jpg 946w\" sizes=\"auto, (max-width: 300px) 100vw, 300px\" \/> \u00a0<img loading=\"lazy\" decoding=\"async\" class=\"alignnone size-medium wp-image-562\" src=\"https:\/\/arealorcaradio.es\/wp-content\/uploads\/2023\/04\/IMG-20230410-WA0058-300x200.jpg\" alt=\"\" width=\"300\" height=\"200\" srcset=\"https:\/\/arealorcaradio.es\/wp-content\/uploads\/2023\/04\/IMG-20230410-WA0058-300x200.jpg 300w, https:\/\/arealorcaradio.es\/wp-content\/uploads\/2023\/04\/IMG-20230410-WA0058-768x511.jpg 768w, https:\/\/arealorcaradio.es\/wp-content\/uploads\/2023\/04\/IMG-20230410-WA0058.jpg 945w\" sizes=\"auto, (max-width: 300px) 100vw, 300px\" \/><\/p>\n","protected":false},"excerpt":{"rendered":"<p>\u00c1REA LORCA RADIO. Escucha aqu\u00ed la entrevista que ha concedido la brava boxeadora de puerto Lumbreras a Paco S\u00e1nchez en el programa \u00c1rea Lorca Deportes, en la que habla de la victoria conseguida en Belgrado, Serbia con la Selecci\u00f3n Espa\u00f1ola de Boxeo en la 60 edici\u00f3n del Campeonato de Boxeo \u00abBelgrado Winner\u00bb y de la [&hellip;]<\/p>\n","protected":false},"author":1,"featured_media":562,"comment_status":"open","ping_status":"open","sticky":false,"template":"","format":"standard","meta":{"iawp_total_views":9,"footnotes":""},"categories":[9],"tags":[],"class_list":["post-556","post","type-post","status-publish","format-standard","has-post-thumbnail","hentry","category-puerto-lumbreras"],"yoast_head":"<!-- This site is optimized with the Yoast SEO plugin v27.5 - https:\/\/yoast.com\/product\/yoast-seo-wordpress\/ -->\n<title>Mari Carmen Romero prepara el combate frente a Seren \u00c7etin por el cintur\u00f3n de la WBC Silver de Boxeo Profesional - AREA LORCA RADIO<\/title>\n<meta name=\"robots\" content=\"index, follow, max-snippet:-1, max-image-preview:large, max-video-preview:-1\" \/>\n<link rel=\"canonical\" href=\"https:\/\/arealorcaradio.es\/index.php\/2023\/04\/10\/mari-carmen-romero-prepara-el-combate-frente-a-seren-cetin-por-el-cinturon-de-la-wbc-silver-de-boxeo-profesional\/\" \/>\n<meta property=\"og:locale\" content=\"es_ES\" \/>\n<meta property=\"og:type\" content=\"article\" \/>\n<meta property=\"og:title\" content=\"Mari Carmen Romero prepara el combate frente a Seren \u00c7etin por el cintur\u00f3n de la WBC Silver de Boxeo Profesional - AREA LORCA RADIO\" \/>\n<meta property=\"og:description\" content=\"\u00c1REA LORCA RADIO. Escucha aqu\u00ed la entrevista que ha concedido la brava boxeadora de puerto Lumbreras a Paco S\u00e1nchez en el programa \u00c1rea Lorca Deportes, en la que habla de la victoria conseguida en Belgrado, Serbia con la Selecci\u00f3n Espa\u00f1ola de Boxeo en la 60 edici\u00f3n del Campeonato de Boxeo \u00abBelgrado Winner\u00bb y de la [&hellip;]\" \/>\n<meta property=\"og:url\" content=\"https:\/\/arealorcaradio.es\/index.php\/2023\/04\/10\/mari-carmen-romero-prepara-el-combate-frente-a-seren-cetin-por-el-cinturon-de-la-wbc-silver-de-boxeo-profesional\/\" \/>\n<meta property=\"og:site_name\" content=\"AREA LORCA RADIO\" \/>\n<meta property=\"article:published_time\" content=\"2023-04-10T17:08:57+00:00\" \/>\n<meta property=\"article:modified_time\" content=\"2023-05-03T17:24:48+00:00\" \/>\n<meta property=\"og:image\" content=\"https:\/\/arealorcaradio.es\/wp-content\/uploads\/2023\/04\/IMG-20230410-WA0058.jpg\" \/>\n\t<meta property=\"og:image:width\" content=\"945\" \/>\n\t<meta property=\"og:image:height\" content=\"629\" \/>\n\t<meta property=\"og:image:type\" content=\"image\/jpeg\" \/>\n<meta name=\"author\" content=\"Paco S\u00e1nchez\" \/>\n<meta name=\"twitter:card\" content=\"summary_large_image\" \/>\n<meta name=\"twitter:label1\" content=\"Escrito por\" \/>\n\t<meta name=\"twitter:data1\" content=\"Paco S\u00e1nchez\" \/>\n\t<meta name=\"twitter:label2\" content=\"Tiempo de lectura\" \/>\n\t<meta name=\"twitter:data2\" content=\"2 minutos\" \/>\n<script type=\"application\/ld+json\" class=\"yoast-schema-graph\">{\"@context\":\"https:\\\/\\\/schema.org\",\"@graph\":[{\"@type\":\"Article\",\"@id\":\"https:\\\/\\\/arealorcaradio.es\\\/index.php\\\/2023\\\/04\\\/10\\\/mari-carmen-romero-prepara-el-combate-frente-a-seren-cetin-por-el-cinturon-de-la-wbc-silver-de-boxeo-profesional\\\/#article\",\"isPartOf\":{\"@id\":\"https:\\\/\\\/arealorcaradio.es\\\/index.php\\\/2023\\\/04\\\/10\\\/mari-carmen-romero-prepara-el-combate-frente-a-seren-cetin-por-el-cinturon-de-la-wbc-silver-de-boxeo-profesional\\\/\"},\"author\":{\"name\":\"Paco S\u00e1nchez\",\"@id\":\"https:\\\/\\\/arealorcaradio.es\\\/#\\\/schema\\\/person\\\/9fae605fc25b0f2c83c1ab207139bd27\"},\"headline\":\"Mari Carmen Romero prepara el combate frente a Seren \u00c7etin por el cintur\u00f3n de la WBC Silver de Boxeo Profesional\",\"datePublished\":\"2023-04-10T17:08:57+00:00\",\"dateModified\":\"2023-05-03T17:24:48+00:00\",\"mainEntityOfPage\":{\"@id\":\"https:\\\/\\\/arealorcaradio.es\\\/index.php\\\/2023\\\/04\\\/10\\\/mari-carmen-romero-prepara-el-combate-frente-a-seren-cetin-por-el-cinturon-de-la-wbc-silver-de-boxeo-profesional\\\/\"},\"wordCount\":118,\"commentCount\":0,\"image\":{\"@id\":\"https:\\\/\\\/arealorcaradio.es\\\/index.php\\\/2023\\\/04\\\/10\\\/mari-carmen-romero-prepara-el-combate-frente-a-seren-cetin-por-el-cinturon-de-la-wbc-silver-de-boxeo-profesional\\\/#primaryimage\"},\"thumbnailUrl\":\"https:\\\/\\\/arealorcaradio.es\\\/wp-content\\\/uploads\\\/2023\\\/04\\\/IMG-20230410-WA0058.jpg\",\"articleSection\":[\"PUERTO LUMBRERAS\"],\"inLanguage\":\"es\",\"potentialAction\":[{\"@type\":\"CommentAction\",\"name\":\"Comment\",\"target\":[\"https:\\\/\\\/arealorcaradio.es\\\/index.php\\\/2023\\\/04\\\/10\\\/mari-carmen-romero-prepara-el-combate-frente-a-seren-cetin-por-el-cinturon-de-la-wbc-silver-de-boxeo-profesional\\\/#respond\"]}]},{\"@type\":\"WebPage\",\"@id\":\"https:\\\/\\\/arealorcaradio.es\\\/index.php\\\/2023\\\/04\\\/10\\\/mari-carmen-romero-prepara-el-combate-frente-a-seren-cetin-por-el-cinturon-de-la-wbc-silver-de-boxeo-profesional\\\/\",\"url\":\"https:\\\/\\\/arealorcaradio.es\\\/index.php\\\/2023\\\/04\\\/10\\\/mari-carmen-romero-prepara-el-combate-frente-a-seren-cetin-por-el-cinturon-de-la-wbc-silver-de-boxeo-profesional\\\/\",\"name\":\"Mari Carmen Romero prepara el combate frente a Seren \u00c7etin por el cintur\u00f3n de la WBC Silver de Boxeo Profesional - AREA LORCA RADIO\",\"isPartOf\":{\"@id\":\"https:\\\/\\\/arealorcaradio.es\\\/#website\"},\"primaryImageOfPage\":{\"@id\":\"https:\\\/\\\/arealorcaradio.es\\\/index.php\\\/2023\\\/04\\\/10\\\/mari-carmen-romero-prepara-el-combate-frente-a-seren-cetin-por-el-cinturon-de-la-wbc-silver-de-boxeo-profesional\\\/#primaryimage\"},\"image\":{\"@id\":\"https:\\\/\\\/arealorcaradio.es\\\/index.php\\\/2023\\\/04\\\/10\\\/mari-carmen-romero-prepara-el-combate-frente-a-seren-cetin-por-el-cinturon-de-la-wbc-silver-de-boxeo-profesional\\\/#primaryimage\"},\"thumbnailUrl\":\"https:\\\/\\\/arealorcaradio.es\\\/wp-content\\\/uploads\\\/2023\\\/04\\\/IMG-20230410-WA0058.jpg\",\"datePublished\":\"2023-04-10T17:08:57+00:00\",\"dateModified\":\"2023-05-03T17:24:48+00:00\",\"author\":{\"@id\":\"https:\\\/\\\/arealorcaradio.es\\\/#\\\/schema\\\/person\\\/9fae605fc25b0f2c83c1ab207139bd27\"},\"breadcrumb\":{\"@id\":\"https:\\\/\\\/arealorcaradio.es\\\/index.php\\\/2023\\\/04\\\/10\\\/mari-carmen-romero-prepara-el-combate-frente-a-seren-cetin-por-el-cinturon-de-la-wbc-silver-de-boxeo-profesional\\\/#breadcrumb\"},\"inLanguage\":\"es\",\"potentialAction\":[{\"@type\":\"ReadAction\",\"target\":[\"https:\\\/\\\/arealorcaradio.es\\\/index.php\\\/2023\\\/04\\\/10\\\/mari-carmen-romero-prepara-el-combate-frente-a-seren-cetin-por-el-cinturon-de-la-wbc-silver-de-boxeo-profesional\\\/\"]}]},{\"@type\":\"ImageObject\",\"inLanguage\":\"es\",\"@id\":\"https:\\\/\\\/arealorcaradio.es\\\/index.php\\\/2023\\\/04\\\/10\\\/mari-carmen-romero-prepara-el-combate-frente-a-seren-cetin-por-el-cinturon-de-la-wbc-silver-de-boxeo-profesional\\\/#primaryimage\",\"url\":\"https:\\\/\\\/arealorcaradio.es\\\/wp-content\\\/uploads\\\/2023\\\/04\\\/IMG-20230410-WA0058.jpg\",\"contentUrl\":\"https:\\\/\\\/arealorcaradio.es\\\/wp-content\\\/uploads\\\/2023\\\/04\\\/IMG-20230410-WA0058.jpg\",\"width\":945,\"height\":629},{\"@type\":\"BreadcrumbList\",\"@id\":\"https:\\\/\\\/arealorcaradio.es\\\/index.php\\\/2023\\\/04\\\/10\\\/mari-carmen-romero-prepara-el-combate-frente-a-seren-cetin-por-el-cinturon-de-la-wbc-silver-de-boxeo-profesional\\\/#breadcrumb\",\"itemListElement\":[{\"@type\":\"ListItem\",\"position\":1,\"name\":\"Portada\",\"item\":\"https:\\\/\\\/arealorcaradio.es\\\/\"},{\"@type\":\"ListItem\",\"position\":2,\"name\":\"Mari Carmen Romero prepara el combate frente a Seren \u00c7etin por el cintur\u00f3n de la WBC Silver de Boxeo Profesional\"}]},{\"@type\":\"WebSite\",\"@id\":\"https:\\\/\\\/arealorcaradio.es\\\/#website\",\"url\":\"https:\\\/\\\/arealorcaradio.es\\\/\",\"name\":\"AREA LORCA RADIO\",\"description\":\"Descubre la programaci\u00f3n actual en \u00c1rea Lorca Radio, tu fuente de entrenamiento y noticias locales. Sintoniza ahora y mantente conectado online.\",\"potentialAction\":[{\"@type\":\"SearchAction\",\"target\":{\"@type\":\"EntryPoint\",\"urlTemplate\":\"https:\\\/\\\/arealorcaradio.es\\\/?s={search_term_string}\"},\"query-input\":{\"@type\":\"PropertyValueSpecification\",\"valueRequired\":true,\"valueName\":\"search_term_string\"}}],\"inLanguage\":\"es\"},{\"@type\":\"Person\",\"@id\":\"https:\\\/\\\/arealorcaradio.es\\\/#\\\/schema\\\/person\\\/9fae605fc25b0f2c83c1ab207139bd27\",\"name\":\"Paco S\u00e1nchez\",\"image\":{\"@type\":\"ImageObject\",\"inLanguage\":\"es\",\"@id\":\"https:\\\/\\\/secure.gravatar.com\\\/avatar\\\/d67144e966420fb74aa84c9f2a0103be4724fd14db52b52d3b6bca749f257e79?s=96&d=mm&r=g\",\"url\":\"https:\\\/\\\/secure.gravatar.com\\\/avatar\\\/d67144e966420fb74aa84c9f2a0103be4724fd14db52b52d3b6bca749f257e79?s=96&d=mm&r=g\",\"contentUrl\":\"https:\\\/\\\/secure.gravatar.com\\\/avatar\\\/d67144e966420fb74aa84c9f2a0103be4724fd14db52b52d3b6bca749f257e79?s=96&d=mm&r=g\",\"caption\":\"Paco S\u00e1nchez\"},\"sameAs\":[\"https:\\\/\\\/arealorcaradio.es\"],\"url\":\"https:\\\/\\\/arealorcaradio.es\\\/index.php\\\/author\\\/admin_alorcaradio\\\/\"}]}<\/script>\n<!-- \/ Yoast SEO plugin. -->","yoast_head_json":{"title":"Mari Carmen Romero prepara el combate frente a Seren \u00c7etin por el cintur\u00f3n de la WBC Silver de Boxeo Profesional - AREA LORCA RADIO","robots":{"index":"index","follow":"follow","max-snippet":"max-snippet:-1","max-image-preview":"max-image-preview:large","max-video-preview":"max-video-preview:-1"},"canonical":"https:\/\/arealorcaradio.es\/index.php\/2023\/04\/10\/mari-carmen-romero-prepara-el-combate-frente-a-seren-cetin-por-el-cinturon-de-la-wbc-silver-de-boxeo-profesional\/","og_locale":"es_ES","og_type":"article","og_title":"Mari Carmen Romero prepara el combate frente a Seren \u00c7etin por el cintur\u00f3n de la WBC Silver de Boxeo Profesional - AREA LORCA RADIO","og_description":"\u00c1REA LORCA RADIO. Escucha aqu\u00ed la entrevista que ha concedido la brava boxeadora de puerto Lumbreras a Paco S\u00e1nchez en el programa \u00c1rea Lorca Deportes, en la que habla de la victoria conseguida en Belgrado, Serbia con la Selecci\u00f3n Espa\u00f1ola de Boxeo en la 60 edici\u00f3n del Campeonato de Boxeo \u00abBelgrado Winner\u00bb y de la [&hellip;]","og_url":"https:\/\/arealorcaradio.es\/index.php\/2023\/04\/10\/mari-carmen-romero-prepara-el-combate-frente-a-seren-cetin-por-el-cinturon-de-la-wbc-silver-de-boxeo-profesional\/","og_site_name":"AREA LORCA RADIO","article_published_time":"2023-04-10T17:08:57+00:00","article_modified_time":"2023-05-03T17:24:48+00:00","og_image":[{"width":945,"height":629,"url":"https:\/\/arealorcaradio.es\/wp-content\/uploads\/2023\/04\/IMG-20230410-WA0058.jpg","type":"image\/jpeg"}],"author":"Paco S\u00e1nchez","twitter_card":"summary_large_image","twitter_misc":{"Escrito por":"Paco S\u00e1nchez","Tiempo de lectura":"2 minutos"},"schema":{"@context":"https:\/\/schema.org","@graph":[{"@type":"Article","@id":"https:\/\/arealorcaradio.es\/index.php\/2023\/04\/10\/mari-carmen-romero-prepara-el-combate-frente-a-seren-cetin-por-el-cinturon-de-la-wbc-silver-de-boxeo-profesional\/#article","isPartOf":{"@id":"https:\/\/arealorcaradio.es\/index.php\/2023\/04\/10\/mari-carmen-romero-prepara-el-combate-frente-a-seren-cetin-por-el-cinturon-de-la-wbc-silver-de-boxeo-profesional\/"},"author":{"name":"Paco S\u00e1nchez","@id":"https:\/\/arealorcaradio.es\/#\/schema\/person\/9fae605fc25b0f2c83c1ab207139bd27"},"headline":"Mari Carmen Romero prepara el combate frente a Seren \u00c7etin por el cintur\u00f3n de la WBC Silver de Boxeo Profesional","datePublished":"2023-04-10T17:08:57+00:00","dateModified":"2023-05-03T17:24:48+00:00","mainEntityOfPage":{"@id":"https:\/\/arealorcaradio.es\/index.php\/2023\/04\/10\/mari-carmen-romero-prepara-el-combate-frente-a-seren-cetin-por-el-cinturon-de-la-wbc-silver-de-boxeo-profesional\/"},"wordCount":118,"commentCount":0,"image":{"@id":"https:\/\/arealorcaradio.es\/index.php\/2023\/04\/10\/mari-carmen-romero-prepara-el-combate-frente-a-seren-cetin-por-el-cinturon-de-la-wbc-silver-de-boxeo-profesional\/#primaryimage"},"thumbnailUrl":"https:\/\/arealorcaradio.es\/wp-content\/uploads\/2023\/04\/IMG-20230410-WA0058.jpg","articleSection":["PUERTO LUMBRERAS"],"inLanguage":"es","potentialAction":[{"@type":"CommentAction","name":"Comment","target":["https:\/\/arealorcaradio.es\/index.php\/2023\/04\/10\/mari-carmen-romero-prepara-el-combate-frente-a-seren-cetin-por-el-cinturon-de-la-wbc-silver-de-boxeo-profesional\/#respond"]}]},{"@type":"WebPage","@id":"https:\/\/arealorcaradio.es\/index.php\/2023\/04\/10\/mari-carmen-romero-prepara-el-combate-frente-a-seren-cetin-por-el-cinturon-de-la-wbc-silver-de-boxeo-profesional\/","url":"https:\/\/arealorcaradio.es\/index.php\/2023\/04\/10\/mari-carmen-romero-prepara-el-combate-frente-a-seren-cetin-por-el-cinturon-de-la-wbc-silver-de-boxeo-profesional\/","name":"Mari Carmen Romero prepara el combate frente a Seren \u00c7etin por el cintur\u00f3n de la WBC Silver de Boxeo Profesional - AREA LORCA RADIO","isPartOf":{"@id":"https:\/\/arealorcaradio.es\/#website"},"primaryImageOfPage":{"@id":"https:\/\/arealorcaradio.es\/index.php\/2023\/04\/10\/mari-carmen-romero-prepara-el-combate-frente-a-seren-cetin-por-el-cinturon-de-la-wbc-silver-de-boxeo-profesional\/#primaryimage"},"image":{"@id":"https:\/\/arealorcaradio.es\/index.php\/2023\/04\/10\/mari-carmen-romero-prepara-el-combate-frente-a-seren-cetin-por-el-cinturon-de-la-wbc-silver-de-boxeo-profesional\/#primaryimage"},"thumbnailUrl":"https:\/\/arealorcaradio.es\/wp-content\/uploads\/2023\/04\/IMG-20230410-WA0058.jpg","datePublished":"2023-04-10T17:08:57+00:00","dateModified":"2023-05-03T17:24:48+00:00","author":{"@id":"https:\/\/arealorcaradio.es\/#\/schema\/person\/9fae605fc25b0f2c83c1ab207139bd27"},"breadcrumb":{"@id":"https:\/\/arealorcaradio.es\/index.php\/2023\/04\/10\/mari-carmen-romero-prepara-el-combate-frente-a-seren-cetin-por-el-cinturon-de-la-wbc-silver-de-boxeo-profesional\/#breadcrumb"},"inLanguage":"es","potentialAction":[{"@type":"ReadAction","target":["https:\/\/arealorcaradio.es\/index.php\/2023\/04\/10\/mari-carmen-romero-prepara-el-combate-frente-a-seren-cetin-por-el-cinturon-de-la-wbc-silver-de-boxeo-profesional\/"]}]},{"@type":"ImageObject","inLanguage":"es","@id":"https:\/\/arealorcaradio.es\/index.php\/2023\/04\/10\/mari-carmen-romero-prepara-el-combate-frente-a-seren-cetin-por-el-cinturon-de-la-wbc-silver-de-boxeo-profesional\/#primaryimage","url":"https:\/\/arealorcaradio.es\/wp-content\/uploads\/2023\/04\/IMG-20230410-WA0058.jpg","contentUrl":"https:\/\/arealorcaradio.es\/wp-content\/uploads\/2023\/04\/IMG-20230410-WA0058.jpg","width":945,"height":629},{"@type":"BreadcrumbList","@id":"https:\/\/arealorcaradio.es\/index.php\/2023\/04\/10\/mari-carmen-romero-prepara-el-combate-frente-a-seren-cetin-por-el-cinturon-de-la-wbc-silver-de-boxeo-profesional\/#breadcrumb","itemListElement":[{"@type":"ListItem","position":1,"name":"Portada","item":"https:\/\/arealorcaradio.es\/"},{"@type":"ListItem","position":2,"name":"Mari Carmen Romero prepara el combate frente a Seren \u00c7etin por el cintur\u00f3n de la WBC Silver de Boxeo Profesional"}]},{"@type":"WebSite","@id":"https:\/\/arealorcaradio.es\/#website","url":"https:\/\/arealorcaradio.es\/","name":"AREA LORCA RADIO","description":"Descubre la programaci\u00f3n actual en \u00c1rea Lorca Radio, tu fuente de entrenamiento y noticias locales. Sintoniza ahora y mantente conectado online.","potentialAction":[{"@type":"SearchAction","target":{"@type":"EntryPoint","urlTemplate":"https:\/\/arealorcaradio.es\/?s={search_term_string}"},"query-input":{"@type":"PropertyValueSpecification","valueRequired":true,"valueName":"search_term_string"}}],"inLanguage":"es"},{"@type":"Person","@id":"https:\/\/arealorcaradio.es\/#\/schema\/person\/9fae605fc25b0f2c83c1ab207139bd27","name":"Paco S\u00e1nchez","image":{"@type":"ImageObject","inLanguage":"es","@id":"https:\/\/secure.gravatar.com\/avatar\/d67144e966420fb74aa84c9f2a0103be4724fd14db52b52d3b6bca749f257e79?s=96&d=mm&r=g","url":"https:\/\/secure.gravatar.com\/avatar\/d67144e966420fb74aa84c9f2a0103be4724fd14db52b52d3b6bca749f257e79?s=96&d=mm&r=g","contentUrl":"https:\/\/secure.gravatar.com\/avatar\/d67144e966420fb74aa84c9f2a0103be4724fd14db52b52d3b6bca749f257e79?s=96&d=mm&r=g","caption":"Paco S\u00e1nchez"},"sameAs":["https:\/\/arealorcaradio.es"],"url":"https:\/\/arealorcaradio.es\/index.php\/author\/admin_alorcaradio\/"}]}},"_links":{"self":[{"href":"https:\/\/arealorcaradio.es\/index.php\/wp-json\/wp\/v2\/posts\/556","targetHints":{"allow":["GET"]}}],"collection":[{"href":"https:\/\/arealorcaradio.es\/index.php\/wp-json\/wp\/v2\/posts"}],"about":[{"href":"https:\/\/arealorcaradio.es\/index.php\/wp-json\/wp\/v2\/types\/post"}],"author":[{"embeddable":true,"href":"https:\/\/arealorcaradio.es\/index.php\/wp-json\/wp\/v2\/users\/1"}],"replies":[{"embeddable":true,"href":"https:\/\/arealorcaradio.es\/index.php\/wp-json\/wp\/v2\/comments?post=556"}],"version-history":[{"count":4,"href":"https:\/\/arealorcaradio.es\/index.php\/wp-json\/wp\/v2\/posts\/556\/revisions"}],"predecessor-version":[{"id":565,"href":"https:\/\/arealorcaradio.es\/index.php\/wp-json\/wp\/v2\/posts\/556\/revisions\/565"}],"wp:featuredmedia":[{"embeddable":true,"href":"https:\/\/arealorcaradio.es\/index.php\/wp-json\/wp\/v2\/media\/562"}],"wp:attachment":[{"href":"https:\/\/arealorcaradio.es\/index.php\/wp-json\/wp\/v2\/media?parent=556"}],"wp:term":[{"taxonomy":"category","embeddable":true,"href":"https:\/\/arealorcaradio.es\/index.php\/wp-json\/wp\/v2\/categories?post=556"},{"taxonomy":"post_tag","embeddable":true,"href":"https:\/\/arealorcaradio.es\/index.php\/wp-json\/wp\/v2\/tags?post=556"}],"curies":[{"name":"wp","href":"https:\/\/api.w.org\/{rel}","templated":true}]}}