{"id":5552,"date":"2025-02-11T17:28:31","date_gmt":"2025-02-11T17:28:31","guid":{"rendered":"https:\/\/arealorcaradio.es\/?p=5552"},"modified":"2025-02-11T17:30:17","modified_gmt":"2025-02-11T17:30:17","slug":"lorca-se-convertira-en-la-capital-gastronomica-de-la-region-de-murcia-al-acoger-el-tercer-campeonato-de-tapas-y-pinchos","status":"publish","type":"post","link":"https:\/\/arealorcaradio.es\/index.php\/2025\/02\/11\/lorca-se-convertira-en-la-capital-gastronomica-de-la-region-de-murcia-al-acoger-el-tercer-campeonato-de-tapas-y-pinchos\/","title":{"rendered":"Lorca se convertir\u00e1 en la capital gastron\u00f3mica de la Regi\u00f3n de Murcia al acoger el tercer Campeonato de Tapas y Pinchos"},"content":{"rendered":"<p><strong>\u00c1REA LORCA RADIO. Actualidad.<\/strong><\/p>\n<p>Escucha aqu\u00ed la noticia sobre este III Campeonato de Tapas y Pinchos de la Regi\u00f3n.<\/p>\n<audio class=\"wp-audio-shortcode\" id=\"audio-5552-1\" preload=\"none\" style=\"width: 100%;\" controls=\"controls\"><source type=\"audio\/mpeg\" src=\"https:\/\/arealorcaradio.es\/wp-content\/uploads\/2025\/02\/110225-PIEZA-CTO-TAPAS-Y-PINCHOS.mp3?_=1\" \/><a href=\"https:\/\/arealorcaradio.es\/wp-content\/uploads\/2025\/02\/110225-PIEZA-CTO-TAPAS-Y-PINCHOS.mp3\">https:\/\/arealorcaradio.es\/wp-content\/uploads\/2025\/02\/110225-PIEZA-CTO-TAPAS-Y-PINCHOS.mp3<\/a><\/audio>\n<p class=\"v1MsoNormal\"><b>11 de febrero de 2025. <\/b><a name=\"v1OLE_LINK1\"><\/a>El tercer Campeonato de Tapas y Pinchos de la Regi\u00f3n, que se celebrar\u00e1 los pr\u00f3ximos d\u00edas 10 y 11 de marzo, llevar\u00e1 a Lorca el desaf\u00edo de condensar la mejor gastronom\u00eda regional en apenas tres bocados.\u00a0 As\u00ed lo han afirmado este martes los ediles de Hosteler\u00eda y Turismo del Ayuntamiento de Lorca, Mayte Mart\u00ednez S\u00e1nchez y Santiago Parra Soriano, respectivamente, y el director general de Turismo de la Regi\u00f3n de Murcia, Juan Francisco Mart\u00ednez Carrasco, durante la presentaci\u00f3n que tuvo lugar en el Centro de Cualificaci\u00f3n Tur\u00edstica (CCT), y en la que se han ofrecido todos los detalles de esta competici\u00f3n que cada a\u00f1o organiza la Academia de la Tapa y el Pintxo y que reunir\u00e1 en las instalaciones de Ifelor a cocineros de bares y restaurantes de toda la Regi\u00f3n de Murcia.<\/p>\n<p class=\"v1MsoNormal\"><img loading=\"lazy\" decoding=\"async\" class=\"alignnone size-medium wp-image-5555\" src=\"https:\/\/arealorcaradio.es\/wp-content\/uploads\/2025\/02\/FOTO2-TAPAS-300x225.jpeg\" alt=\"\" width=\"300\" height=\"225\" srcset=\"https:\/\/arealorcaradio.es\/wp-content\/uploads\/2025\/02\/FOTO2-TAPAS-300x225.jpeg 300w, https:\/\/arealorcaradio.es\/wp-content\/uploads\/2025\/02\/FOTO2-TAPAS-1024x768.jpeg 1024w, https:\/\/arealorcaradio.es\/wp-content\/uploads\/2025\/02\/FOTO2-TAPAS-768x576.jpeg 768w, https:\/\/arealorcaradio.es\/wp-content\/uploads\/2025\/02\/FOTO2-TAPAS-1536x1151.jpeg 1536w, https:\/\/arealorcaradio.es\/wp-content\/uploads\/2025\/02\/FOTO2-TAPAS-86x64.jpeg 86w, https:\/\/arealorcaradio.es\/wp-content\/uploads\/2025\/02\/FOTO2-TAPAS.jpeg 2048w\" sizes=\"auto, (max-width: 300px) 100vw, 300px\" \/> <img loading=\"lazy\" decoding=\"async\" class=\"alignnone size-medium wp-image-5556\" src=\"https:\/\/arealorcaradio.es\/wp-content\/uploads\/2025\/02\/FOTO1-TAPAS-300x225.jpeg\" alt=\"\" width=\"300\" height=\"225\" srcset=\"https:\/\/arealorcaradio.es\/wp-content\/uploads\/2025\/02\/FOTO1-TAPAS-300x225.jpeg 300w, https:\/\/arealorcaradio.es\/wp-content\/uploads\/2025\/02\/FOTO1-TAPAS-1024x768.jpeg 1024w, https:\/\/arealorcaradio.es\/wp-content\/uploads\/2025\/02\/FOTO1-TAPAS-768x576.jpeg 768w, https:\/\/arealorcaradio.es\/wp-content\/uploads\/2025\/02\/FOTO1-TAPAS-1536x1152.jpeg 1536w, https:\/\/arealorcaradio.es\/wp-content\/uploads\/2025\/02\/FOTO1-TAPAS-86x64.jpeg 86w, https:\/\/arealorcaradio.es\/wp-content\/uploads\/2025\/02\/FOTO1-TAPAS.jpeg 2048w\" sizes=\"auto, (max-width: 300px) 100vw, 300px\" \/><\/p>\n<p class=\"v1MsoNormal\">Los cocineros participantes tendr\u00e1n que crear propuestas originales que puedan degustarse en un m\u00e1ximo de tres bocados, con un coste de elaboraci\u00f3n m\u00e1ximo de 1,80 euros por tapa. De este modo, el objetivo del certamen es promover la idea de que la alta gastronom\u00eda puede ser accesible, sostenible y rentable, al mismo tiempo que un veh\u00edculo inmejorable para fusionar la tradici\u00f3n culinaria con el rico patrimonio de la Regi\u00f3n.<\/p>\n<p class=\"v1MsoNormal\">La concejal de Hosteler\u00eda ha destacado la importancia de que la ciudad acoja un evento de este tipo, \u00abque ofrece la oportunidad de\u00a0mostrar la riqueza y la diversidad de nuestra cocina, la calidad de nuestros productos y el talento de nuestros cocineros\u00bb. Adem\u00e1s, ha indicado que \u00abLorca est\u00e1 viviendo un momento extraordinario en el \u00e1mbito gastron\u00f3mico y tur\u00edstico, fruto del esfuerzo conjunto de nuestros profesionales, empresarios y del propio Ayuntamiento, que ha apostado firmemente por posicionar a nuestro municipio como un referente regional y nacional\u00bb.<\/p>\n<p class=\"v1MsoNormal\">Asimismo, Mayte Mart\u00ednez ha se\u00f1alado que la celebraci\u00f3n de este campeonato es una prueba m\u00e1s del auge que est\u00e1 experimentando Lorca en el \u00faltimo a\u00f1o. \u00abHemos conseguido que nuestra ciudad sea un destino atractivo, vivo, din\u00e1mico y capaz de albergar eventos de primer nivel. Con este tipo de iniciativas atraemos\u00a0visitantes, generamos empleo y promovemos el comercio local. No solo queremos que Lorca sea reconocida por su patrimonio hist\u00f3rico y cultural, sino tambi\u00e9n por su gastronom\u00eda, como un destino imprescindible para los amantes del buen comer, y lo estamos consiguiendo, ya que cada vez son m\u00e1s los lorquinos prefieran quedarse y disfrutar de lo que ofrece su propia ciudad en lugar de buscar opciones fuera\u00bb, ha explicado.<\/p>\n<p class=\"v1MsoNormal\">\u00abContamos con una oferta culinaria que cada vez es m\u00e1s reconocida y valorada, gracias a la creatividad y talento de nuestros hosteleros, quienes est\u00e1n alcanzando cotas excepcionales y est\u00e1n sabiendo fusionar la tradici\u00f3n con la innovaci\u00f3n, utilizando en la mayor\u00eda de las elaboraciones productos locales. As\u00ed, este certamen es un magn\u00edfico escaparate para seguir consolidando a Lorca como una ciudad de referencia en gastronom\u00eda, as\u00ed que agradecemos una vez m\u00e1s al Gobierno regional de nuestro presidente Fernando L\u00f3pez Miras que haya elegido el municipio para la celebraci\u00f3n de esta tercera edici\u00f3n del campeonato de Tapas y Pinchos\u00bb, ha a\u00f1adido.<\/p>\n<p class=\"v1MsoNormal\">Mart\u00ednez S\u00e1nchez tambi\u00e9n ha querido destacar el impacto positivo que eventos como este tienen sobre la econom\u00eda local, puesto que \u00abla hosteler\u00eda y el turismo son sectores clave en el municipio, y desde el Gobierno de Lorca estamos trabajando para que esta tendencia siga creciendo\u00bb; y ha concluido poniendo de manifiesto que \u00abnuestra ciudad ya no es una &#8216;ciudad dormitorio&#8217;, sino que es un destino en el que los ciudadanos encuentran una oferta cultural, gastron\u00f3mica y de ocio de primer nivel. Cada vez son m\u00e1s los lorquinos que deciden quedarse en su ciudad para disfrutar de todo lo que ofrece, y eso es, sin duda, un s\u00edntoma de que vamos por el buen camino\u00bb.<\/p>\n<p class=\"v1MsoNormal\">Durante esta presentaci\u00f3n, a la que tambi\u00e9n ha asistido el presidente de la Academia de la Tapa, Mikel Mart\u00ednez, as\u00ed como representantes de empresas patrocinadoras, cocineros participantes y ganadores de ediciones anteriores, el director general de Turismo ha destacado la importancia de este evento como una muestra m\u00e1s del compromiso de la Regi\u00f3n con la excelencia gastron\u00f3mica y el apoyo a los profesionales del sector.<\/p>\n<p class=\"v1MsoNormal\">En sus declaraciones, ha subrayado que este campeonato servir\u00e1 para visibilizar el talento de los profesionales regionales y la diversidad de los 1001 Sabores de la Regi\u00f3n de Murcia, fomentando la competitividad entre los distintos establecimientos y poniendo en valor la excelencia de estos. El concurso servir\u00e1 asimismo para sensibilizar a todos los murcianos sobre la riqueza y variedad gastron\u00f3mica de la Regi\u00f3n y para seguir demostrando la condici\u00f3n de potencia gastron\u00f3mica de la Comunidad.<\/p>\n<p class=\"v1MsoNormal\">En este sentido, la gastronom\u00eda se ha convertido en un sector esencial al que se asocian 45.000 empleos en la Regi\u00f3n y que supone un impacto econ\u00f3mico que asciende a los 700 millones de euros en actividades gastron\u00f3micas.<\/p>\n<p class=\"v1MsoNormal\">La inscripci\u00f3n al certamen es gratuita y puede realizarse a trav\u00e9s de la p\u00e1gina web\u00a0<a href=\"http:\/\/www.academiadelatapa.com\/\" target=\"_blank\" rel=\"noopener noreferrer\">www.academiadelatapa.com<\/a>.<\/p>\n<p class=\"v1MsoNormal\"><b>\u00a0<\/b><b>Desarrollo del campeonato<\/b><\/p>\n<p class=\"v1MsoNormal\">El lunes 10 de marzo por la ma\u00f1ana tendr\u00e1 lugar la Inauguraci\u00f3n del campeonato con presencia de las autoridades y medios de comunicaci\u00f3n. Los participantes cocinar\u00e1n en tres boxes de cocina instalados sobre un escenario de IFELOR.<\/p>\n<p class=\"v1MsoNormal\">El martes 11 de marzo a las 14 horas se celebrar\u00e1 la comida institucional con autoridades, participantes, patrocinadores y colaboradores (empresas privadas y representantes de las asociaciones de hosteler\u00eda). Ese mismo d\u00eda por la tarde, a las 17:30 horas, se llevar\u00e1 a cabo la entrega de premios.<\/p>\n<p class=\"v1MsoNormal\">Respecto a estos, el primer premio consistir\u00e1 en 1.500 euros en productos de Makro, proveedor oficial del Campeonato. El segundo premio ser\u00e1 de 1.000 euros en productos de Nueva Cocina Mediterr\u00e1nea, y el tercer premio de 500 euros en productos de Jos\u00e9 D\u00edaz Equipamiento Hostelero. Adem\u00e1s, se entregar\u00e1n otros galardones a las propuestas m\u00e1s destacadas en cuanto a innovaci\u00f3n y maridajes.<\/p>\n<p class=\"v1MsoNormal\">Este evento tambi\u00e9n cuenta con el apoyo de empresas patrocinadoras y colaboradoras que hacen posible su celebraci\u00f3n. Entre ellas se encuentran Mahou, Fornet Equipamientos de Hosteler\u00eda, con su implicaci\u00f3n, apuestan por el \u00e9xito del campeonato. Junto a los colaboradores Vermut Bendito, Sol\u00e1n de Cabras y Sibaritas Murcianos, se garantiza el buen desarrollo del evento.<\/p>\n<p class=\"v1MsoNormal\"><b>La III Ruta de Tapas y Pinchos de la Regi\u00f3n de Murcia<\/b><\/p>\n<p class=\"v1MsoNormal\">De manera previa y complementaria al concurso, del 28 de febrero al 9 de marzo, se celebrar\u00e1 la tercera Ruta de Tapas y Pinchos de la Regi\u00f3n de Murcia. Durante estos d\u00edas, bares y restaurantes de la Regi\u00f3n ofrecer\u00e1n al p\u00fablico las tapas con las que competir\u00e1n en el campeonato regional, permitiendo a los comensales degustar creaciones gastron\u00f3micas en miniatura y ofreciendo la oportunidad de conocer las propuestas culinarias m\u00e1s innovadoras y disfrutar de la creatividad de los hosteleros murcianos en sus propios establecimientos.<\/p>\n","protected":false},"excerpt":{"rendered":"<p>\u00c1REA LORCA RADIO. Actualidad. Escucha aqu\u00ed la noticia sobre este III Campeonato de Tapas y Pinchos de la Regi\u00f3n. 11 de febrero de 2025. El tercer Campeonato de Tapas y Pinchos de la Regi\u00f3n, que se celebrar\u00e1 los pr\u00f3ximos d\u00edas 10 y 11 de marzo, llevar\u00e1 a Lorca el desaf\u00edo de condensar la mejor gastronom\u00eda [&hellip;]<\/p>\n","protected":false},"author":1,"featured_media":5553,"comment_status":"open","ping_status":"open","sticky":false,"template":"","format":"standard","meta":{"iawp_total_views":10,"footnotes":""},"categories":[5,7],"tags":[],"class_list":["post-5552","post","type-post","status-publish","format-standard","has-post-thumbnail","hentry","category-actualidad","category-lorca"],"yoast_head":"<!-- This site is optimized with the Yoast SEO plugin v27.5 - https:\/\/yoast.com\/product\/yoast-seo-wordpress\/ -->\n<title>Lorca se convertir\u00e1 en la capital gastron\u00f3mica de la Regi\u00f3n de Murcia al acoger el tercer Campeonato de Tapas y Pinchos - AREA LORCA RADIO<\/title>\n<meta name=\"robots\" content=\"index, follow, max-snippet:-1, max-image-preview:large, max-video-preview:-1\" \/>\n<link rel=\"canonical\" href=\"https:\/\/arealorcaradio.es\/index.php\/2025\/02\/11\/lorca-se-convertira-en-la-capital-gastronomica-de-la-region-de-murcia-al-acoger-el-tercer-campeonato-de-tapas-y-pinchos\/\" \/>\n<meta property=\"og:locale\" content=\"es_ES\" \/>\n<meta property=\"og:type\" content=\"article\" \/>\n<meta property=\"og:title\" content=\"Lorca se convertir\u00e1 en la capital gastron\u00f3mica de la Regi\u00f3n de Murcia al acoger el tercer Campeonato de Tapas y Pinchos - AREA LORCA RADIO\" \/>\n<meta property=\"og:description\" content=\"\u00c1REA LORCA RADIO. Actualidad. Escucha aqu\u00ed la noticia sobre este III Campeonato de Tapas y Pinchos de la Regi\u00f3n. 11 de febrero de 2025. El tercer Campeonato de Tapas y Pinchos de la Regi\u00f3n, que se celebrar\u00e1 los pr\u00f3ximos d\u00edas 10 y 11 de marzo, llevar\u00e1 a Lorca el desaf\u00edo de condensar la mejor gastronom\u00eda [&hellip;]\" \/>\n<meta property=\"og:url\" content=\"https:\/\/arealorcaradio.es\/index.php\/2025\/02\/11\/lorca-se-convertira-en-la-capital-gastronomica-de-la-region-de-murcia-al-acoger-el-tercer-campeonato-de-tapas-y-pinchos\/\" \/>\n<meta property=\"og:site_name\" content=\"AREA LORCA RADIO\" \/>\n<meta property=\"article:published_time\" content=\"2025-02-11T17:28:31+00:00\" \/>\n<meta property=\"article:modified_time\" content=\"2025-02-11T17:30:17+00:00\" \/>\n<meta property=\"og:image\" content=\"https:\/\/arealorcaradio.es\/wp-content\/uploads\/2025\/02\/FOTO5-TAPAS.jpeg\" \/>\n\t<meta property=\"og:image:width\" content=\"2048\" \/>\n\t<meta property=\"og:image:height\" content=\"1536\" \/>\n\t<meta property=\"og:image:type\" content=\"image\/jpeg\" \/>\n<meta name=\"author\" content=\"Paco S\u00e1nchez\" \/>\n<meta name=\"twitter:card\" content=\"summary_large_image\" \/>\n<meta name=\"twitter:label1\" content=\"Escrito por\" \/>\n\t<meta name=\"twitter:data1\" content=\"Paco S\u00e1nchez\" \/>\n\t<meta name=\"twitter:label2\" content=\"Tiempo de lectura\" \/>\n\t<meta name=\"twitter:data2\" content=\"6 minutos\" \/>\n<script type=\"application\/ld+json\" class=\"yoast-schema-graph\">{\"@context\":\"https:\\\/\\\/schema.org\",\"@graph\":[{\"@type\":\"Article\",\"@id\":\"https:\\\/\\\/arealorcaradio.es\\\/index.php\\\/2025\\\/02\\\/11\\\/lorca-se-convertira-en-la-capital-gastronomica-de-la-region-de-murcia-al-acoger-el-tercer-campeonato-de-tapas-y-pinchos\\\/#article\",\"isPartOf\":{\"@id\":\"https:\\\/\\\/arealorcaradio.es\\\/index.php\\\/2025\\\/02\\\/11\\\/lorca-se-convertira-en-la-capital-gastronomica-de-la-region-de-murcia-al-acoger-el-tercer-campeonato-de-tapas-y-pinchos\\\/\"},\"author\":{\"name\":\"Paco S\u00e1nchez\",\"@id\":\"https:\\\/\\\/arealorcaradio.es\\\/#\\\/schema\\\/person\\\/9fae605fc25b0f2c83c1ab207139bd27\"},\"headline\":\"Lorca se convertir\u00e1 en la capital gastron\u00f3mica de la Regi\u00f3n de Murcia al acoger el tercer Campeonato de Tapas y Pinchos\",\"datePublished\":\"2025-02-11T17:28:31+00:00\",\"dateModified\":\"2025-02-11T17:30:17+00:00\",\"mainEntityOfPage\":{\"@id\":\"https:\\\/\\\/arealorcaradio.es\\\/index.php\\\/2025\\\/02\\\/11\\\/lorca-se-convertira-en-la-capital-gastronomica-de-la-region-de-murcia-al-acoger-el-tercer-campeonato-de-tapas-y-pinchos\\\/\"},\"wordCount\":1256,\"commentCount\":0,\"image\":{\"@id\":\"https:\\\/\\\/arealorcaradio.es\\\/index.php\\\/2025\\\/02\\\/11\\\/lorca-se-convertira-en-la-capital-gastronomica-de-la-region-de-murcia-al-acoger-el-tercer-campeonato-de-tapas-y-pinchos\\\/#primaryimage\"},\"thumbnailUrl\":\"https:\\\/\\\/arealorcaradio.es\\\/wp-content\\\/uploads\\\/2025\\\/02\\\/FOTO5-TAPAS.jpeg\",\"articleSection\":[\"ACTUALIDAD\",\"LORCA\"],\"inLanguage\":\"es\",\"potentialAction\":[{\"@type\":\"CommentAction\",\"name\":\"Comment\",\"target\":[\"https:\\\/\\\/arealorcaradio.es\\\/index.php\\\/2025\\\/02\\\/11\\\/lorca-se-convertira-en-la-capital-gastronomica-de-la-region-de-murcia-al-acoger-el-tercer-campeonato-de-tapas-y-pinchos\\\/#respond\"]}]},{\"@type\":\"WebPage\",\"@id\":\"https:\\\/\\\/arealorcaradio.es\\\/index.php\\\/2025\\\/02\\\/11\\\/lorca-se-convertira-en-la-capital-gastronomica-de-la-region-de-murcia-al-acoger-el-tercer-campeonato-de-tapas-y-pinchos\\\/\",\"url\":\"https:\\\/\\\/arealorcaradio.es\\\/index.php\\\/2025\\\/02\\\/11\\\/lorca-se-convertira-en-la-capital-gastronomica-de-la-region-de-murcia-al-acoger-el-tercer-campeonato-de-tapas-y-pinchos\\\/\",\"name\":\"Lorca se convertir\u00e1 en la capital gastron\u00f3mica de la Regi\u00f3n de Murcia al acoger el tercer Campeonato de Tapas y Pinchos - AREA LORCA RADIO\",\"isPartOf\":{\"@id\":\"https:\\\/\\\/arealorcaradio.es\\\/#website\"},\"primaryImageOfPage\":{\"@id\":\"https:\\\/\\\/arealorcaradio.es\\\/index.php\\\/2025\\\/02\\\/11\\\/lorca-se-convertira-en-la-capital-gastronomica-de-la-region-de-murcia-al-acoger-el-tercer-campeonato-de-tapas-y-pinchos\\\/#primaryimage\"},\"image\":{\"@id\":\"https:\\\/\\\/arealorcaradio.es\\\/index.php\\\/2025\\\/02\\\/11\\\/lorca-se-convertira-en-la-capital-gastronomica-de-la-region-de-murcia-al-acoger-el-tercer-campeonato-de-tapas-y-pinchos\\\/#primaryimage\"},\"thumbnailUrl\":\"https:\\\/\\\/arealorcaradio.es\\\/wp-content\\\/uploads\\\/2025\\\/02\\\/FOTO5-TAPAS.jpeg\",\"datePublished\":\"2025-02-11T17:28:31+00:00\",\"dateModified\":\"2025-02-11T17:30:17+00:00\",\"author\":{\"@id\":\"https:\\\/\\\/arealorcaradio.es\\\/#\\\/schema\\\/person\\\/9fae605fc25b0f2c83c1ab207139bd27\"},\"breadcrumb\":{\"@id\":\"https:\\\/\\\/arealorcaradio.es\\\/index.php\\\/2025\\\/02\\\/11\\\/lorca-se-convertira-en-la-capital-gastronomica-de-la-region-de-murcia-al-acoger-el-tercer-campeonato-de-tapas-y-pinchos\\\/#breadcrumb\"},\"inLanguage\":\"es\",\"potentialAction\":[{\"@type\":\"ReadAction\",\"target\":[\"https:\\\/\\\/arealorcaradio.es\\\/index.php\\\/2025\\\/02\\\/11\\\/lorca-se-convertira-en-la-capital-gastronomica-de-la-region-de-murcia-al-acoger-el-tercer-campeonato-de-tapas-y-pinchos\\\/\"]}]},{\"@type\":\"ImageObject\",\"inLanguage\":\"es\",\"@id\":\"https:\\\/\\\/arealorcaradio.es\\\/index.php\\\/2025\\\/02\\\/11\\\/lorca-se-convertira-en-la-capital-gastronomica-de-la-region-de-murcia-al-acoger-el-tercer-campeonato-de-tapas-y-pinchos\\\/#primaryimage\",\"url\":\"https:\\\/\\\/arealorcaradio.es\\\/wp-content\\\/uploads\\\/2025\\\/02\\\/FOTO5-TAPAS.jpeg\",\"contentUrl\":\"https:\\\/\\\/arealorcaradio.es\\\/wp-content\\\/uploads\\\/2025\\\/02\\\/FOTO5-TAPAS.jpeg\",\"width\":2048,\"height\":1536},{\"@type\":\"BreadcrumbList\",\"@id\":\"https:\\\/\\\/arealorcaradio.es\\\/index.php\\\/2025\\\/02\\\/11\\\/lorca-se-convertira-en-la-capital-gastronomica-de-la-region-de-murcia-al-acoger-el-tercer-campeonato-de-tapas-y-pinchos\\\/#breadcrumb\",\"itemListElement\":[{\"@type\":\"ListItem\",\"position\":1,\"name\":\"Portada\",\"item\":\"https:\\\/\\\/arealorcaradio.es\\\/\"},{\"@type\":\"ListItem\",\"position\":2,\"name\":\"Lorca se convertir\u00e1 en la capital gastron\u00f3mica de la Regi\u00f3n de Murcia al acoger el tercer Campeonato de Tapas y Pinchos\"}]},{\"@type\":\"WebSite\",\"@id\":\"https:\\\/\\\/arealorcaradio.es\\\/#website\",\"url\":\"https:\\\/\\\/arealorcaradio.es\\\/\",\"name\":\"AREA LORCA RADIO\",\"description\":\"Descubre la programaci\u00f3n actual en \u00c1rea Lorca Radio, tu fuente de entrenamiento y noticias locales. Sintoniza ahora y mantente conectado online.\",\"potentialAction\":[{\"@type\":\"SearchAction\",\"target\":{\"@type\":\"EntryPoint\",\"urlTemplate\":\"https:\\\/\\\/arealorcaradio.es\\\/?s={search_term_string}\"},\"query-input\":{\"@type\":\"PropertyValueSpecification\",\"valueRequired\":true,\"valueName\":\"search_term_string\"}}],\"inLanguage\":\"es\"},{\"@type\":\"Person\",\"@id\":\"https:\\\/\\\/arealorcaradio.es\\\/#\\\/schema\\\/person\\\/9fae605fc25b0f2c83c1ab207139bd27\",\"name\":\"Paco S\u00e1nchez\",\"image\":{\"@type\":\"ImageObject\",\"inLanguage\":\"es\",\"@id\":\"https:\\\/\\\/secure.gravatar.com\\\/avatar\\\/d67144e966420fb74aa84c9f2a0103be4724fd14db52b52d3b6bca749f257e79?s=96&d=mm&r=g\",\"url\":\"https:\\\/\\\/secure.gravatar.com\\\/avatar\\\/d67144e966420fb74aa84c9f2a0103be4724fd14db52b52d3b6bca749f257e79?s=96&d=mm&r=g\",\"contentUrl\":\"https:\\\/\\\/secure.gravatar.com\\\/avatar\\\/d67144e966420fb74aa84c9f2a0103be4724fd14db52b52d3b6bca749f257e79?s=96&d=mm&r=g\",\"caption\":\"Paco S\u00e1nchez\"},\"sameAs\":[\"https:\\\/\\\/arealorcaradio.es\"],\"url\":\"https:\\\/\\\/arealorcaradio.es\\\/index.php\\\/author\\\/admin_alorcaradio\\\/\"}]}<\/script>\n<!-- \/ Yoast SEO plugin. -->","yoast_head_json":{"title":"Lorca se convertir\u00e1 en la capital gastron\u00f3mica de la Regi\u00f3n de Murcia al acoger el tercer Campeonato de Tapas y Pinchos - AREA LORCA RADIO","robots":{"index":"index","follow":"follow","max-snippet":"max-snippet:-1","max-image-preview":"max-image-preview:large","max-video-preview":"max-video-preview:-1"},"canonical":"https:\/\/arealorcaradio.es\/index.php\/2025\/02\/11\/lorca-se-convertira-en-la-capital-gastronomica-de-la-region-de-murcia-al-acoger-el-tercer-campeonato-de-tapas-y-pinchos\/","og_locale":"es_ES","og_type":"article","og_title":"Lorca se convertir\u00e1 en la capital gastron\u00f3mica de la Regi\u00f3n de Murcia al acoger el tercer Campeonato de Tapas y Pinchos - AREA LORCA RADIO","og_description":"\u00c1REA LORCA RADIO. Actualidad. Escucha aqu\u00ed la noticia sobre este III Campeonato de Tapas y Pinchos de la Regi\u00f3n. 11 de febrero de 2025. El tercer Campeonato de Tapas y Pinchos de la Regi\u00f3n, que se celebrar\u00e1 los pr\u00f3ximos d\u00edas 10 y 11 de marzo, llevar\u00e1 a Lorca el desaf\u00edo de condensar la mejor gastronom\u00eda [&hellip;]","og_url":"https:\/\/arealorcaradio.es\/index.php\/2025\/02\/11\/lorca-se-convertira-en-la-capital-gastronomica-de-la-region-de-murcia-al-acoger-el-tercer-campeonato-de-tapas-y-pinchos\/","og_site_name":"AREA LORCA RADIO","article_published_time":"2025-02-11T17:28:31+00:00","article_modified_time":"2025-02-11T17:30:17+00:00","og_image":[{"width":2048,"height":1536,"url":"https:\/\/arealorcaradio.es\/wp-content\/uploads\/2025\/02\/FOTO5-TAPAS.jpeg","type":"image\/jpeg"}],"author":"Paco S\u00e1nchez","twitter_card":"summary_large_image","twitter_misc":{"Escrito por":"Paco S\u00e1nchez","Tiempo de lectura":"6 minutos"},"schema":{"@context":"https:\/\/schema.org","@graph":[{"@type":"Article","@id":"https:\/\/arealorcaradio.es\/index.php\/2025\/02\/11\/lorca-se-convertira-en-la-capital-gastronomica-de-la-region-de-murcia-al-acoger-el-tercer-campeonato-de-tapas-y-pinchos\/#article","isPartOf":{"@id":"https:\/\/arealorcaradio.es\/index.php\/2025\/02\/11\/lorca-se-convertira-en-la-capital-gastronomica-de-la-region-de-murcia-al-acoger-el-tercer-campeonato-de-tapas-y-pinchos\/"},"author":{"name":"Paco S\u00e1nchez","@id":"https:\/\/arealorcaradio.es\/#\/schema\/person\/9fae605fc25b0f2c83c1ab207139bd27"},"headline":"Lorca se convertir\u00e1 en la capital gastron\u00f3mica de la Regi\u00f3n de Murcia al acoger el tercer Campeonato de Tapas y Pinchos","datePublished":"2025-02-11T17:28:31+00:00","dateModified":"2025-02-11T17:30:17+00:00","mainEntityOfPage":{"@id":"https:\/\/arealorcaradio.es\/index.php\/2025\/02\/11\/lorca-se-convertira-en-la-capital-gastronomica-de-la-region-de-murcia-al-acoger-el-tercer-campeonato-de-tapas-y-pinchos\/"},"wordCount":1256,"commentCount":0,"image":{"@id":"https:\/\/arealorcaradio.es\/index.php\/2025\/02\/11\/lorca-se-convertira-en-la-capital-gastronomica-de-la-region-de-murcia-al-acoger-el-tercer-campeonato-de-tapas-y-pinchos\/#primaryimage"},"thumbnailUrl":"https:\/\/arealorcaradio.es\/wp-content\/uploads\/2025\/02\/FOTO5-TAPAS.jpeg","articleSection":["ACTUALIDAD","LORCA"],"inLanguage":"es","potentialAction":[{"@type":"CommentAction","name":"Comment","target":["https:\/\/arealorcaradio.es\/index.php\/2025\/02\/11\/lorca-se-convertira-en-la-capital-gastronomica-de-la-region-de-murcia-al-acoger-el-tercer-campeonato-de-tapas-y-pinchos\/#respond"]}]},{"@type":"WebPage","@id":"https:\/\/arealorcaradio.es\/index.php\/2025\/02\/11\/lorca-se-convertira-en-la-capital-gastronomica-de-la-region-de-murcia-al-acoger-el-tercer-campeonato-de-tapas-y-pinchos\/","url":"https:\/\/arealorcaradio.es\/index.php\/2025\/02\/11\/lorca-se-convertira-en-la-capital-gastronomica-de-la-region-de-murcia-al-acoger-el-tercer-campeonato-de-tapas-y-pinchos\/","name":"Lorca se convertir\u00e1 en la capital gastron\u00f3mica de la Regi\u00f3n de Murcia al acoger el tercer Campeonato de Tapas y Pinchos - AREA LORCA RADIO","isPartOf":{"@id":"https:\/\/arealorcaradio.es\/#website"},"primaryImageOfPage":{"@id":"https:\/\/arealorcaradio.es\/index.php\/2025\/02\/11\/lorca-se-convertira-en-la-capital-gastronomica-de-la-region-de-murcia-al-acoger-el-tercer-campeonato-de-tapas-y-pinchos\/#primaryimage"},"image":{"@id":"https:\/\/arealorcaradio.es\/index.php\/2025\/02\/11\/lorca-se-convertira-en-la-capital-gastronomica-de-la-region-de-murcia-al-acoger-el-tercer-campeonato-de-tapas-y-pinchos\/#primaryimage"},"thumbnailUrl":"https:\/\/arealorcaradio.es\/wp-content\/uploads\/2025\/02\/FOTO5-TAPAS.jpeg","datePublished":"2025-02-11T17:28:31+00:00","dateModified":"2025-02-11T17:30:17+00:00","author":{"@id":"https:\/\/arealorcaradio.es\/#\/schema\/person\/9fae605fc25b0f2c83c1ab207139bd27"},"breadcrumb":{"@id":"https:\/\/arealorcaradio.es\/index.php\/2025\/02\/11\/lorca-se-convertira-en-la-capital-gastronomica-de-la-region-de-murcia-al-acoger-el-tercer-campeonato-de-tapas-y-pinchos\/#breadcrumb"},"inLanguage":"es","potentialAction":[{"@type":"ReadAction","target":["https:\/\/arealorcaradio.es\/index.php\/2025\/02\/11\/lorca-se-convertira-en-la-capital-gastronomica-de-la-region-de-murcia-al-acoger-el-tercer-campeonato-de-tapas-y-pinchos\/"]}]},{"@type":"ImageObject","inLanguage":"es","@id":"https:\/\/arealorcaradio.es\/index.php\/2025\/02\/11\/lorca-se-convertira-en-la-capital-gastronomica-de-la-region-de-murcia-al-acoger-el-tercer-campeonato-de-tapas-y-pinchos\/#primaryimage","url":"https:\/\/arealorcaradio.es\/wp-content\/uploads\/2025\/02\/FOTO5-TAPAS.jpeg","contentUrl":"https:\/\/arealorcaradio.es\/wp-content\/uploads\/2025\/02\/FOTO5-TAPAS.jpeg","width":2048,"height":1536},{"@type":"BreadcrumbList","@id":"https:\/\/arealorcaradio.es\/index.php\/2025\/02\/11\/lorca-se-convertira-en-la-capital-gastronomica-de-la-region-de-murcia-al-acoger-el-tercer-campeonato-de-tapas-y-pinchos\/#breadcrumb","itemListElement":[{"@type":"ListItem","position":1,"name":"Portada","item":"https:\/\/arealorcaradio.es\/"},{"@type":"ListItem","position":2,"name":"Lorca se convertir\u00e1 en la capital gastron\u00f3mica de la Regi\u00f3n de Murcia al acoger el tercer Campeonato de Tapas y Pinchos"}]},{"@type":"WebSite","@id":"https:\/\/arealorcaradio.es\/#website","url":"https:\/\/arealorcaradio.es\/","name":"AREA LORCA RADIO","description":"Descubre la programaci\u00f3n actual en \u00c1rea Lorca Radio, tu fuente de entrenamiento y noticias locales. Sintoniza ahora y mantente conectado online.","potentialAction":[{"@type":"SearchAction","target":{"@type":"EntryPoint","urlTemplate":"https:\/\/arealorcaradio.es\/?s={search_term_string}"},"query-input":{"@type":"PropertyValueSpecification","valueRequired":true,"valueName":"search_term_string"}}],"inLanguage":"es"},{"@type":"Person","@id":"https:\/\/arealorcaradio.es\/#\/schema\/person\/9fae605fc25b0f2c83c1ab207139bd27","name":"Paco S\u00e1nchez","image":{"@type":"ImageObject","inLanguage":"es","@id":"https:\/\/secure.gravatar.com\/avatar\/d67144e966420fb74aa84c9f2a0103be4724fd14db52b52d3b6bca749f257e79?s=96&d=mm&r=g","url":"https:\/\/secure.gravatar.com\/avatar\/d67144e966420fb74aa84c9f2a0103be4724fd14db52b52d3b6bca749f257e79?s=96&d=mm&r=g","contentUrl":"https:\/\/secure.gravatar.com\/avatar\/d67144e966420fb74aa84c9f2a0103be4724fd14db52b52d3b6bca749f257e79?s=96&d=mm&r=g","caption":"Paco S\u00e1nchez"},"sameAs":["https:\/\/arealorcaradio.es"],"url":"https:\/\/arealorcaradio.es\/index.php\/author\/admin_alorcaradio\/"}]}},"_links":{"self":[{"href":"https:\/\/arealorcaradio.es\/index.php\/wp-json\/wp\/v2\/posts\/5552","targetHints":{"allow":["GET"]}}],"collection":[{"href":"https:\/\/arealorcaradio.es\/index.php\/wp-json\/wp\/v2\/posts"}],"about":[{"href":"https:\/\/arealorcaradio.es\/index.php\/wp-json\/wp\/v2\/types\/post"}],"author":[{"embeddable":true,"href":"https:\/\/arealorcaradio.es\/index.php\/wp-json\/wp\/v2\/users\/1"}],"replies":[{"embeddable":true,"href":"https:\/\/arealorcaradio.es\/index.php\/wp-json\/wp\/v2\/comments?post=5552"}],"version-history":[{"count":4,"href":"https:\/\/arealorcaradio.es\/index.php\/wp-json\/wp\/v2\/posts\/5552\/revisions"}],"predecessor-version":[{"id":5560,"href":"https:\/\/arealorcaradio.es\/index.php\/wp-json\/wp\/v2\/posts\/5552\/revisions\/5560"}],"wp:featuredmedia":[{"embeddable":true,"href":"https:\/\/arealorcaradio.es\/index.php\/wp-json\/wp\/v2\/media\/5553"}],"wp:attachment":[{"href":"https:\/\/arealorcaradio.es\/index.php\/wp-json\/wp\/v2\/media?parent=5552"}],"wp:term":[{"taxonomy":"category","embeddable":true,"href":"https:\/\/arealorcaradio.es\/index.php\/wp-json\/wp\/v2\/categories?post=5552"},{"taxonomy":"post_tag","embeddable":true,"href":"https:\/\/arealorcaradio.es\/index.php\/wp-json\/wp\/v2\/tags?post=5552"}],"curies":[{"name":"wp","href":"https:\/\/api.w.org\/{rel}","templated":true}]}}