{"id":5539,"date":"2025-02-11T17:22:21","date_gmt":"2025-02-11T17:22:21","guid":{"rendered":"https:\/\/arealorcaradio.es\/?p=5539"},"modified":"2025-02-11T17:22:21","modified_gmt":"2025-02-11T17:22:21","slug":"la-periodista-inmaculada-jimenez-gallego-sera-la-pregonera-de-la-semana-santa-de-lorca-2025","status":"publish","type":"post","link":"https:\/\/arealorcaradio.es\/index.php\/2025\/02\/11\/la-periodista-inmaculada-jimenez-gallego-sera-la-pregonera-de-la-semana-santa-de-lorca-2025\/","title":{"rendered":"La periodista Inmaculada Jim\u00e9nez Gallego ser\u00e1 la pregonera de la Semana Santa de Lorca 2025"},"content":{"rendered":"<p><strong>\u00c1REA LORCA RADIO. Actualidad.<\/strong><\/p>\n<p>Escucha aqu\u00ed la intervenci\u00f3n del presidente del Paso Blanco Ram\u00f3n Mateos Padilla en el magazine \u00c1rea Lorca Actualidad donde ha contado a Paco S\u00e1nchez como surge la propuesta del Paso Blanco para que Inmaculada sea la pregonera de la Semana Santa de Lorca 2025.<\/p>\n<audio class=\"wp-audio-shortcode\" id=\"audio-5539-1\" preload=\"none\" style=\"width: 100%;\" controls=\"controls\"><source type=\"audio\/mpeg\" src=\"https:\/\/arealorcaradio.es\/wp-content\/uploads\/2025\/02\/110225-RAMON-MATEOS.-PREGONERA-OK.mp3?_=1\" \/><a href=\"https:\/\/arealorcaradio.es\/wp-content\/uploads\/2025\/02\/110225-RAMON-MATEOS.-PREGONERA-OK.mp3\">https:\/\/arealorcaradio.es\/wp-content\/uploads\/2025\/02\/110225-RAMON-MATEOS.-PREGONERA-OK.mp3<\/a><\/audio>\n<p class=\"v1MsoNormal\"><b>11 de febrero de 2025.<\/b>\u00a0La periodista lorquina Inmaculada Jim\u00e9nez ser\u00e1 la pregonera de la Semana Santa de Lorca 2025. As\u00ed lo ha anunciado el alcalde de Lorca, Fulgencio Gil J\u00f3dar, tras la tradicional reuni\u00f3n mantenida con los presidentes de las cofrad\u00edas de la Semana Santa, en la que, a propuesta del Paso Blanco, su designaci\u00f3n ha sido respaldada de manera un\u00e1nime por su idoneidad y estrecho v\u00ednculo con nuestra ciudad y sus tradiciones.<\/p>\n<p class=\"v1MsoNormal\"><img loading=\"lazy\" decoding=\"async\" class=\"alignnone size-medium wp-image-5548\" src=\"https:\/\/arealorcaradio.es\/wp-content\/uploads\/2025\/02\/IMG-20250211-WA0012-300x225.jpg\" alt=\"\" width=\"300\" height=\"225\" srcset=\"https:\/\/arealorcaradio.es\/wp-content\/uploads\/2025\/02\/IMG-20250211-WA0012-300x225.jpg 300w, https:\/\/arealorcaradio.es\/wp-content\/uploads\/2025\/02\/IMG-20250211-WA0012-1024x767.jpg 1024w, https:\/\/arealorcaradio.es\/wp-content\/uploads\/2025\/02\/IMG-20250211-WA0012-768x576.jpg 768w, https:\/\/arealorcaradio.es\/wp-content\/uploads\/2025\/02\/IMG-20250211-WA0012-1536x1151.jpg 1536w, https:\/\/arealorcaradio.es\/wp-content\/uploads\/2025\/02\/IMG-20250211-WA0012-86x64.jpg 86w, https:\/\/arealorcaradio.es\/wp-content\/uploads\/2025\/02\/IMG-20250211-WA0012.jpg 1600w\" sizes=\"auto, (max-width: 300px) 100vw, 300px\" \/><\/p>\n<p class=\"v1MsoNormal\">Fulgencio Gil ha destacado que \u00abInmaculada Jim\u00e9nez es un ejemplo de c\u00f3mo las ra\u00edces de nuestra ciudad y el amor por nuestra Semana Santa pueden trascender cualquier distancia. Su elecci\u00f3n como pregonera es un reconocimiento merecido a su trayectoria profesional y personal, as\u00ed como a su pasi\u00f3n, a su compromiso y a su constante labor de difusi\u00f3n de la cultura y las tradiciones de Lorca\u00bb.<\/p>\n<p class=\"v1MsoNormal\">Y ha a\u00f1adido que \u00abInmaculada no s\u00f3lo hace alarde de la Semana Santa all\u00e1 por donde va, sino que ha sido capaz de transmitirla con respeto y pasi\u00f3n a sus hijas, a su entorno profesional, y dotar de su acento blanco y lorquino cada paso que da. Hebrea, madre de j\u00f3venes y entusiastas hebreas y esclavas, su pasi\u00f3n por la Semana Santa en general, y por el Paso Blanco en particular, trasciende la admiraci\u00f3n y se renueva cada a\u00f1o en aut\u00e9ntica devoci\u00f3n, por lo que para los lorquinos es un orgullo que ella sea la elegida para pronunciar el preg\u00f3n de este a\u00f1o\u00bb.<\/p>\n<p class=\"v1MsoNormal\">Nacida en 1974 en el barrio de la Virgen de las Huertas, Inmaculada Jim\u00e9nez siempre ha mantenido un profundo v\u00ednculo con Lorca y su Semana Santa, a pesar de residir en Madrid desde 1995. Fue estudiante del colegio San Fernando y del Instituto Francisco Ros Giner, donde comenz\u00f3 su inquietud por la moda y la comunicaci\u00f3n.<\/p>\n<p class=\"v1MsoNormal\"><img loading=\"lazy\" decoding=\"async\" class=\"alignnone size-medium wp-image-5542\" src=\"https:\/\/arealorcaradio.es\/wp-content\/uploads\/2025\/02\/IMG-20250211-WA0010-252x300.jpg\" alt=\"\" width=\"252\" height=\"300\" srcset=\"https:\/\/arealorcaradio.es\/wp-content\/uploads\/2025\/02\/IMG-20250211-WA0010-252x300.jpg 252w, https:\/\/arealorcaradio.es\/wp-content\/uploads\/2025\/02\/IMG-20250211-WA0010-860x1024.jpg 860w, https:\/\/arealorcaradio.es\/wp-content\/uploads\/2025\/02\/IMG-20250211-WA0010-768x914.jpg 768w, https:\/\/arealorcaradio.es\/wp-content\/uploads\/2025\/02\/IMG-20250211-WA0010.jpg 904w\" sizes=\"auto, (max-width: 252px) 100vw, 252px\" \/> <img loading=\"lazy\" decoding=\"async\" class=\"alignnone size-medium wp-image-5543\" src=\"https:\/\/arealorcaradio.es\/wp-content\/uploads\/2025\/02\/IMG-20250211-WA0009-200x300.jpg\" alt=\"\" width=\"200\" height=\"300\" srcset=\"https:\/\/arealorcaradio.es\/wp-content\/uploads\/2025\/02\/IMG-20250211-WA0009-200x300.jpg 200w, https:\/\/arealorcaradio.es\/wp-content\/uploads\/2025\/02\/IMG-20250211-WA0009-683x1024.jpg 683w, https:\/\/arealorcaradio.es\/wp-content\/uploads\/2025\/02\/IMG-20250211-WA0009-768x1152.jpg 768w, https:\/\/arealorcaradio.es\/wp-content\/uploads\/2025\/02\/IMG-20250211-WA0009-1024x1536.jpg 1024w, https:\/\/arealorcaradio.es\/wp-content\/uploads\/2025\/02\/IMG-20250211-WA0009.jpg 1067w\" sizes=\"auto, (max-width: 200px) 100vw, 200px\" \/> <img loading=\"lazy\" decoding=\"async\" class=\"alignnone size-medium wp-image-5544\" src=\"https:\/\/arealorcaradio.es\/wp-content\/uploads\/2025\/02\/20250211_170600-225x300.jpg\" alt=\"\" width=\"225\" height=\"300\" srcset=\"https:\/\/arealorcaradio.es\/wp-content\/uploads\/2025\/02\/20250211_170600-225x300.jpg 225w, https:\/\/arealorcaradio.es\/wp-content\/uploads\/2025\/02\/20250211_170600-768x1024.jpg 768w, https:\/\/arealorcaradio.es\/wp-content\/uploads\/2025\/02\/20250211_170600-1152x1536.jpg 1152w, https:\/\/arealorcaradio.es\/wp-content\/uploads\/2025\/02\/20250211_170600-1536x2048.jpg 1536w, https:\/\/arealorcaradio.es\/wp-content\/uploads\/2025\/02\/20250211_170600-scaled.jpg 1920w\" sizes=\"auto, (max-width: 225px) 100vw, 225px\" \/><\/p>\n<p class=\"v1MsoNormal\">Licenciada en moda por IADE Madrid, post grado en Central Saint Martins de Londres y por la Universidad de Bolonia, comenz\u00f3 su carrera profesional como becaria en la revista ELLE en 2001. En 2012 fue nombrada Directora Creativa y Directora de Moda de esta cabecera, puesto desde el que llev\u00f3 a cabo diferentes hitos internacionales destacando la iniciativa ELLE C\u00e1ncer Ball, un evento ben\u00e9fico que a\u00fana moda y compromiso, y cuya recaudaci\u00f3n se destina \u00edntegramente a la investigaci\u00f3n contra el c\u00e1ncer.<\/p>\n<p class=\"v1MsoNormal\">En 2019, es nombrada Directora Editorial en Espa\u00f1a de la Harper&#8217;s Bazaar, la primera revista de moda del mundo con m\u00e1s de 158 a\u00f1os de historia y 30 ediciones internacionales. De esta forma, Inmaculada recoge el testigo para liderar la cabecera y elevarla hasta su posici\u00f3n actual. En 2021 fue nombrada Directora Creativa del grupo Hearst, editorial l\u00edder de nuestro pa\u00eds con marcas como ELLE, Cosmopolitan, Esquire, Nuevo Estilo, Fotogramas o Men&#8217;s Health, entre otras, puesto que compagina con la direcci\u00f3n de Harper&#8217;s BAZAAR.<\/p>\n<p class=\"v1MsoNormal\">Inmaculada es considerada una de las profesionales m\u00e1s relevantes, nacional e internacionalmente, en el mundo de la moda y la comunicaci\u00f3n, posicionando Harper&#8217;s Bazaar Espa\u00f1a como un referente cultural con un di\u00e1logo disruptivo y constante, entre el lujo y la cultura. Asimismo, se ha convertido en una de las voces m\u00e1s influyentes del patrimonio cultural de nuestro pa\u00eds, habiendo impulsado los galardones internacionales Bazaar Women of the Year, que cada a\u00f1o premian a las mujeres, nacionales e internacionales, que rompen barreras en pro de la igualdad en la moda, la belleza y la cultura, tales como Eva Longoria, Elle McPherson, Chimamanda Ngozie, Marisa Berenson, Elizabeth Hurley, Jerry Hall, Sharon Stone o Rossy de Palma, entre otras, y Bazaar Women in Art, en la que se ponen en valor a las grandes mujeres que transforman el mundo durante a\u00f1os silenciadas.<\/p>\n<p class=\"v1MsoNormal\">Galardonada con el Premio Magas 2023, entre otros, y habitual en el prestigioso Top 100 Mujeres L\u00edderes de Espa\u00f1a, Inmaculada habla cuatro idiomas y es una lorquina internacionalmente comprometida con la cultura, la sociedad y el periodismo riguroso.<\/p>\n<p class=\"v1MsoNormal\"><b>El preg\u00f3n, adelantado al 28 de marzo<\/b><\/p>\n<p class=\"v1MsoNormal\">El alcalde tambi\u00e9n ha recordado que el preg\u00f3n de la Semana Santa 2025 se celebrar\u00e1 el viernes 28 de marzo, adelant\u00e1ndose una semana con respecto a otros a\u00f1os. \u00abQueremos que este acto tan emblem\u00e1tico cuente con la mayor asistencia posible, permitiendo que m\u00e1s personas disfruten del mismo\u00bb, y ha concluido invitando a lorquinos y visitantes a que asistan al preg\u00f3n, que ser\u00e1 \u00abel inicio de una Semana Santa que, un a\u00f1o m\u00e1s, mostrar\u00e1 al mundo nuestra pasi\u00f3n y tradici\u00f3n a trav\u00e9s de la visi\u00f3n de Inmaculada Jim\u00e9nez, una pregonera que encarna el esp\u00edritu lorquino por excelencia\u00bb.<\/p>\n","protected":false},"excerpt":{"rendered":"<p>\u00c1REA LORCA RADIO. Actualidad. Escucha aqu\u00ed la intervenci\u00f3n del presidente del Paso Blanco Ram\u00f3n Mateos Padilla en el magazine \u00c1rea Lorca Actualidad donde ha contado a Paco S\u00e1nchez como surge la propuesta del Paso Blanco para que Inmaculada sea la pregonera de la Semana Santa de Lorca 2025. 11 de febrero de 2025.\u00a0La periodista lorquina [&hellip;]<\/p>\n","protected":false},"author":1,"featured_media":5546,"comment_status":"open","ping_status":"open","sticky":false,"template":"","format":"standard","meta":{"iawp_total_views":53,"footnotes":""},"categories":[5,7],"tags":[],"class_list":["post-5539","post","type-post","status-publish","format-standard","has-post-thumbnail","hentry","category-actualidad","category-lorca"],"yoast_head":"<!-- This site is optimized with the Yoast SEO plugin v27.5 - https:\/\/yoast.com\/product\/yoast-seo-wordpress\/ -->\n<title>La periodista Inmaculada Jim\u00e9nez Gallego ser\u00e1 la pregonera de la Semana Santa de Lorca 2025 - AREA LORCA RADIO<\/title>\n<meta name=\"robots\" content=\"index, follow, max-snippet:-1, max-image-preview:large, max-video-preview:-1\" \/>\n<link rel=\"canonical\" href=\"https:\/\/arealorcaradio.es\/index.php\/2025\/02\/11\/la-periodista-inmaculada-jimenez-gallego-sera-la-pregonera-de-la-semana-santa-de-lorca-2025\/\" \/>\n<meta property=\"og:locale\" content=\"es_ES\" \/>\n<meta property=\"og:type\" content=\"article\" \/>\n<meta property=\"og:title\" content=\"La periodista Inmaculada Jim\u00e9nez Gallego ser\u00e1 la pregonera de la Semana Santa de Lorca 2025 - AREA LORCA RADIO\" \/>\n<meta property=\"og:description\" content=\"\u00c1REA LORCA RADIO. Actualidad. Escucha aqu\u00ed la intervenci\u00f3n del presidente del Paso Blanco Ram\u00f3n Mateos Padilla en el magazine \u00c1rea Lorca Actualidad donde ha contado a Paco S\u00e1nchez como surge la propuesta del Paso Blanco para que Inmaculada sea la pregonera de la Semana Santa de Lorca 2025. 11 de febrero de 2025.\u00a0La periodista lorquina [&hellip;]\" \/>\n<meta property=\"og:url\" content=\"https:\/\/arealorcaradio.es\/index.php\/2025\/02\/11\/la-periodista-inmaculada-jimenez-gallego-sera-la-pregonera-de-la-semana-santa-de-lorca-2025\/\" \/>\n<meta property=\"og:site_name\" content=\"AREA LORCA RADIO\" \/>\n<meta property=\"article:published_time\" content=\"2025-02-11T17:22:21+00:00\" \/>\n<meta property=\"og:image\" content=\"https:\/\/arealorcaradio.es\/wp-content\/uploads\/2025\/02\/Inmaculada-Jimenez-Gallego.webp\" \/>\n\t<meta property=\"og:image:width\" content=\"1200\" \/>\n\t<meta property=\"og:image:height\" content=\"675\" \/>\n\t<meta property=\"og:image:type\" content=\"image\/webp\" \/>\n<meta name=\"author\" content=\"Paco S\u00e1nchez\" \/>\n<meta name=\"twitter:card\" content=\"summary_large_image\" \/>\n<meta name=\"twitter:label1\" content=\"Escrito por\" \/>\n\t<meta name=\"twitter:data1\" content=\"Paco S\u00e1nchez\" \/>\n\t<meta name=\"twitter:label2\" content=\"Tiempo de lectura\" \/>\n\t<meta name=\"twitter:data2\" content=\"5 minutos\" \/>\n<script type=\"application\/ld+json\" class=\"yoast-schema-graph\">{\"@context\":\"https:\\\/\\\/schema.org\",\"@graph\":[{\"@type\":\"Article\",\"@id\":\"https:\\\/\\\/arealorcaradio.es\\\/index.php\\\/2025\\\/02\\\/11\\\/la-periodista-inmaculada-jimenez-gallego-sera-la-pregonera-de-la-semana-santa-de-lorca-2025\\\/#article\",\"isPartOf\":{\"@id\":\"https:\\\/\\\/arealorcaradio.es\\\/index.php\\\/2025\\\/02\\\/11\\\/la-periodista-inmaculada-jimenez-gallego-sera-la-pregonera-de-la-semana-santa-de-lorca-2025\\\/\"},\"author\":{\"name\":\"Paco S\u00e1nchez\",\"@id\":\"https:\\\/\\\/arealorcaradio.es\\\/#\\\/schema\\\/person\\\/9fae605fc25b0f2c83c1ab207139bd27\"},\"headline\":\"La periodista Inmaculada Jim\u00e9nez Gallego ser\u00e1 la pregonera de la Semana Santa de Lorca 2025\",\"datePublished\":\"2025-02-11T17:22:21+00:00\",\"mainEntityOfPage\":{\"@id\":\"https:\\\/\\\/arealorcaradio.es\\\/index.php\\\/2025\\\/02\\\/11\\\/la-periodista-inmaculada-jimenez-gallego-sera-la-pregonera-de-la-semana-santa-de-lorca-2025\\\/\"},\"wordCount\":873,\"commentCount\":0,\"image\":{\"@id\":\"https:\\\/\\\/arealorcaradio.es\\\/index.php\\\/2025\\\/02\\\/11\\\/la-periodista-inmaculada-jimenez-gallego-sera-la-pregonera-de-la-semana-santa-de-lorca-2025\\\/#primaryimage\"},\"thumbnailUrl\":\"https:\\\/\\\/arealorcaradio.es\\\/wp-content\\\/uploads\\\/2025\\\/02\\\/Inmaculada-Jimenez-Gallego.webp\",\"articleSection\":[\"ACTUALIDAD\",\"LORCA\"],\"inLanguage\":\"es\",\"potentialAction\":[{\"@type\":\"CommentAction\",\"name\":\"Comment\",\"target\":[\"https:\\\/\\\/arealorcaradio.es\\\/index.php\\\/2025\\\/02\\\/11\\\/la-periodista-inmaculada-jimenez-gallego-sera-la-pregonera-de-la-semana-santa-de-lorca-2025\\\/#respond\"]}]},{\"@type\":\"WebPage\",\"@id\":\"https:\\\/\\\/arealorcaradio.es\\\/index.php\\\/2025\\\/02\\\/11\\\/la-periodista-inmaculada-jimenez-gallego-sera-la-pregonera-de-la-semana-santa-de-lorca-2025\\\/\",\"url\":\"https:\\\/\\\/arealorcaradio.es\\\/index.php\\\/2025\\\/02\\\/11\\\/la-periodista-inmaculada-jimenez-gallego-sera-la-pregonera-de-la-semana-santa-de-lorca-2025\\\/\",\"name\":\"La periodista Inmaculada Jim\u00e9nez Gallego ser\u00e1 la pregonera de la Semana Santa de Lorca 2025 - AREA LORCA RADIO\",\"isPartOf\":{\"@id\":\"https:\\\/\\\/arealorcaradio.es\\\/#website\"},\"primaryImageOfPage\":{\"@id\":\"https:\\\/\\\/arealorcaradio.es\\\/index.php\\\/2025\\\/02\\\/11\\\/la-periodista-inmaculada-jimenez-gallego-sera-la-pregonera-de-la-semana-santa-de-lorca-2025\\\/#primaryimage\"},\"image\":{\"@id\":\"https:\\\/\\\/arealorcaradio.es\\\/index.php\\\/2025\\\/02\\\/11\\\/la-periodista-inmaculada-jimenez-gallego-sera-la-pregonera-de-la-semana-santa-de-lorca-2025\\\/#primaryimage\"},\"thumbnailUrl\":\"https:\\\/\\\/arealorcaradio.es\\\/wp-content\\\/uploads\\\/2025\\\/02\\\/Inmaculada-Jimenez-Gallego.webp\",\"datePublished\":\"2025-02-11T17:22:21+00:00\",\"author\":{\"@id\":\"https:\\\/\\\/arealorcaradio.es\\\/#\\\/schema\\\/person\\\/9fae605fc25b0f2c83c1ab207139bd27\"},\"breadcrumb\":{\"@id\":\"https:\\\/\\\/arealorcaradio.es\\\/index.php\\\/2025\\\/02\\\/11\\\/la-periodista-inmaculada-jimenez-gallego-sera-la-pregonera-de-la-semana-santa-de-lorca-2025\\\/#breadcrumb\"},\"inLanguage\":\"es\",\"potentialAction\":[{\"@type\":\"ReadAction\",\"target\":[\"https:\\\/\\\/arealorcaradio.es\\\/index.php\\\/2025\\\/02\\\/11\\\/la-periodista-inmaculada-jimenez-gallego-sera-la-pregonera-de-la-semana-santa-de-lorca-2025\\\/\"]}]},{\"@type\":\"ImageObject\",\"inLanguage\":\"es\",\"@id\":\"https:\\\/\\\/arealorcaradio.es\\\/index.php\\\/2025\\\/02\\\/11\\\/la-periodista-inmaculada-jimenez-gallego-sera-la-pregonera-de-la-semana-santa-de-lorca-2025\\\/#primaryimage\",\"url\":\"https:\\\/\\\/arealorcaradio.es\\\/wp-content\\\/uploads\\\/2025\\\/02\\\/Inmaculada-Jimenez-Gallego.webp\",\"contentUrl\":\"https:\\\/\\\/arealorcaradio.es\\\/wp-content\\\/uploads\\\/2025\\\/02\\\/Inmaculada-Jimenez-Gallego.webp\",\"width\":1200,\"height\":675},{\"@type\":\"BreadcrumbList\",\"@id\":\"https:\\\/\\\/arealorcaradio.es\\\/index.php\\\/2025\\\/02\\\/11\\\/la-periodista-inmaculada-jimenez-gallego-sera-la-pregonera-de-la-semana-santa-de-lorca-2025\\\/#breadcrumb\",\"itemListElement\":[{\"@type\":\"ListItem\",\"position\":1,\"name\":\"Portada\",\"item\":\"https:\\\/\\\/arealorcaradio.es\\\/\"},{\"@type\":\"ListItem\",\"position\":2,\"name\":\"La periodista Inmaculada Jim\u00e9nez Gallego ser\u00e1 la pregonera de la Semana Santa de Lorca 2025\"}]},{\"@type\":\"WebSite\",\"@id\":\"https:\\\/\\\/arealorcaradio.es\\\/#website\",\"url\":\"https:\\\/\\\/arealorcaradio.es\\\/\",\"name\":\"AREA LORCA RADIO\",\"description\":\"Descubre la programaci\u00f3n actual en \u00c1rea Lorca Radio, tu fuente de entrenamiento y noticias locales. Sintoniza ahora y mantente conectado online.\",\"potentialAction\":[{\"@type\":\"SearchAction\",\"target\":{\"@type\":\"EntryPoint\",\"urlTemplate\":\"https:\\\/\\\/arealorcaradio.es\\\/?s={search_term_string}\"},\"query-input\":{\"@type\":\"PropertyValueSpecification\",\"valueRequired\":true,\"valueName\":\"search_term_string\"}}],\"inLanguage\":\"es\"},{\"@type\":\"Person\",\"@id\":\"https:\\\/\\\/arealorcaradio.es\\\/#\\\/schema\\\/person\\\/9fae605fc25b0f2c83c1ab207139bd27\",\"name\":\"Paco S\u00e1nchez\",\"image\":{\"@type\":\"ImageObject\",\"inLanguage\":\"es\",\"@id\":\"https:\\\/\\\/secure.gravatar.com\\\/avatar\\\/d67144e966420fb74aa84c9f2a0103be4724fd14db52b52d3b6bca749f257e79?s=96&d=mm&r=g\",\"url\":\"https:\\\/\\\/secure.gravatar.com\\\/avatar\\\/d67144e966420fb74aa84c9f2a0103be4724fd14db52b52d3b6bca749f257e79?s=96&d=mm&r=g\",\"contentUrl\":\"https:\\\/\\\/secure.gravatar.com\\\/avatar\\\/d67144e966420fb74aa84c9f2a0103be4724fd14db52b52d3b6bca749f257e79?s=96&d=mm&r=g\",\"caption\":\"Paco S\u00e1nchez\"},\"sameAs\":[\"https:\\\/\\\/arealorcaradio.es\"],\"url\":\"https:\\\/\\\/arealorcaradio.es\\\/index.php\\\/author\\\/admin_alorcaradio\\\/\"}]}<\/script>\n<!-- \/ Yoast SEO plugin. -->","yoast_head_json":{"title":"La periodista Inmaculada Jim\u00e9nez Gallego ser\u00e1 la pregonera de la Semana Santa de Lorca 2025 - AREA LORCA RADIO","robots":{"index":"index","follow":"follow","max-snippet":"max-snippet:-1","max-image-preview":"max-image-preview:large","max-video-preview":"max-video-preview:-1"},"canonical":"https:\/\/arealorcaradio.es\/index.php\/2025\/02\/11\/la-periodista-inmaculada-jimenez-gallego-sera-la-pregonera-de-la-semana-santa-de-lorca-2025\/","og_locale":"es_ES","og_type":"article","og_title":"La periodista Inmaculada Jim\u00e9nez Gallego ser\u00e1 la pregonera de la Semana Santa de Lorca 2025 - AREA LORCA RADIO","og_description":"\u00c1REA LORCA RADIO. Actualidad. Escucha aqu\u00ed la intervenci\u00f3n del presidente del Paso Blanco Ram\u00f3n Mateos Padilla en el magazine \u00c1rea Lorca Actualidad donde ha contado a Paco S\u00e1nchez como surge la propuesta del Paso Blanco para que Inmaculada sea la pregonera de la Semana Santa de Lorca 2025. 11 de febrero de 2025.\u00a0La periodista lorquina [&hellip;]","og_url":"https:\/\/arealorcaradio.es\/index.php\/2025\/02\/11\/la-periodista-inmaculada-jimenez-gallego-sera-la-pregonera-de-la-semana-santa-de-lorca-2025\/","og_site_name":"AREA LORCA RADIO","article_published_time":"2025-02-11T17:22:21+00:00","og_image":[{"width":1200,"height":675,"url":"https:\/\/arealorcaradio.es\/wp-content\/uploads\/2025\/02\/Inmaculada-Jimenez-Gallego.webp","type":"image\/webp"}],"author":"Paco S\u00e1nchez","twitter_card":"summary_large_image","twitter_misc":{"Escrito por":"Paco S\u00e1nchez","Tiempo de lectura":"5 minutos"},"schema":{"@context":"https:\/\/schema.org","@graph":[{"@type":"Article","@id":"https:\/\/arealorcaradio.es\/index.php\/2025\/02\/11\/la-periodista-inmaculada-jimenez-gallego-sera-la-pregonera-de-la-semana-santa-de-lorca-2025\/#article","isPartOf":{"@id":"https:\/\/arealorcaradio.es\/index.php\/2025\/02\/11\/la-periodista-inmaculada-jimenez-gallego-sera-la-pregonera-de-la-semana-santa-de-lorca-2025\/"},"author":{"name":"Paco S\u00e1nchez","@id":"https:\/\/arealorcaradio.es\/#\/schema\/person\/9fae605fc25b0f2c83c1ab207139bd27"},"headline":"La periodista Inmaculada Jim\u00e9nez Gallego ser\u00e1 la pregonera de la Semana Santa de Lorca 2025","datePublished":"2025-02-11T17:22:21+00:00","mainEntityOfPage":{"@id":"https:\/\/arealorcaradio.es\/index.php\/2025\/02\/11\/la-periodista-inmaculada-jimenez-gallego-sera-la-pregonera-de-la-semana-santa-de-lorca-2025\/"},"wordCount":873,"commentCount":0,"image":{"@id":"https:\/\/arealorcaradio.es\/index.php\/2025\/02\/11\/la-periodista-inmaculada-jimenez-gallego-sera-la-pregonera-de-la-semana-santa-de-lorca-2025\/#primaryimage"},"thumbnailUrl":"https:\/\/arealorcaradio.es\/wp-content\/uploads\/2025\/02\/Inmaculada-Jimenez-Gallego.webp","articleSection":["ACTUALIDAD","LORCA"],"inLanguage":"es","potentialAction":[{"@type":"CommentAction","name":"Comment","target":["https:\/\/arealorcaradio.es\/index.php\/2025\/02\/11\/la-periodista-inmaculada-jimenez-gallego-sera-la-pregonera-de-la-semana-santa-de-lorca-2025\/#respond"]}]},{"@type":"WebPage","@id":"https:\/\/arealorcaradio.es\/index.php\/2025\/02\/11\/la-periodista-inmaculada-jimenez-gallego-sera-la-pregonera-de-la-semana-santa-de-lorca-2025\/","url":"https:\/\/arealorcaradio.es\/index.php\/2025\/02\/11\/la-periodista-inmaculada-jimenez-gallego-sera-la-pregonera-de-la-semana-santa-de-lorca-2025\/","name":"La periodista Inmaculada Jim\u00e9nez Gallego ser\u00e1 la pregonera de la Semana Santa de Lorca 2025 - AREA LORCA RADIO","isPartOf":{"@id":"https:\/\/arealorcaradio.es\/#website"},"primaryImageOfPage":{"@id":"https:\/\/arealorcaradio.es\/index.php\/2025\/02\/11\/la-periodista-inmaculada-jimenez-gallego-sera-la-pregonera-de-la-semana-santa-de-lorca-2025\/#primaryimage"},"image":{"@id":"https:\/\/arealorcaradio.es\/index.php\/2025\/02\/11\/la-periodista-inmaculada-jimenez-gallego-sera-la-pregonera-de-la-semana-santa-de-lorca-2025\/#primaryimage"},"thumbnailUrl":"https:\/\/arealorcaradio.es\/wp-content\/uploads\/2025\/02\/Inmaculada-Jimenez-Gallego.webp","datePublished":"2025-02-11T17:22:21+00:00","author":{"@id":"https:\/\/arealorcaradio.es\/#\/schema\/person\/9fae605fc25b0f2c83c1ab207139bd27"},"breadcrumb":{"@id":"https:\/\/arealorcaradio.es\/index.php\/2025\/02\/11\/la-periodista-inmaculada-jimenez-gallego-sera-la-pregonera-de-la-semana-santa-de-lorca-2025\/#breadcrumb"},"inLanguage":"es","potentialAction":[{"@type":"ReadAction","target":["https:\/\/arealorcaradio.es\/index.php\/2025\/02\/11\/la-periodista-inmaculada-jimenez-gallego-sera-la-pregonera-de-la-semana-santa-de-lorca-2025\/"]}]},{"@type":"ImageObject","inLanguage":"es","@id":"https:\/\/arealorcaradio.es\/index.php\/2025\/02\/11\/la-periodista-inmaculada-jimenez-gallego-sera-la-pregonera-de-la-semana-santa-de-lorca-2025\/#primaryimage","url":"https:\/\/arealorcaradio.es\/wp-content\/uploads\/2025\/02\/Inmaculada-Jimenez-Gallego.webp","contentUrl":"https:\/\/arealorcaradio.es\/wp-content\/uploads\/2025\/02\/Inmaculada-Jimenez-Gallego.webp","width":1200,"height":675},{"@type":"BreadcrumbList","@id":"https:\/\/arealorcaradio.es\/index.php\/2025\/02\/11\/la-periodista-inmaculada-jimenez-gallego-sera-la-pregonera-de-la-semana-santa-de-lorca-2025\/#breadcrumb","itemListElement":[{"@type":"ListItem","position":1,"name":"Portada","item":"https:\/\/arealorcaradio.es\/"},{"@type":"ListItem","position":2,"name":"La periodista Inmaculada Jim\u00e9nez Gallego ser\u00e1 la pregonera de la Semana Santa de Lorca 2025"}]},{"@type":"WebSite","@id":"https:\/\/arealorcaradio.es\/#website","url":"https:\/\/arealorcaradio.es\/","name":"AREA LORCA RADIO","description":"Descubre la programaci\u00f3n actual en \u00c1rea Lorca Radio, tu fuente de entrenamiento y noticias locales. Sintoniza ahora y mantente conectado online.","potentialAction":[{"@type":"SearchAction","target":{"@type":"EntryPoint","urlTemplate":"https:\/\/arealorcaradio.es\/?s={search_term_string}"},"query-input":{"@type":"PropertyValueSpecification","valueRequired":true,"valueName":"search_term_string"}}],"inLanguage":"es"},{"@type":"Person","@id":"https:\/\/arealorcaradio.es\/#\/schema\/person\/9fae605fc25b0f2c83c1ab207139bd27","name":"Paco S\u00e1nchez","image":{"@type":"ImageObject","inLanguage":"es","@id":"https:\/\/secure.gravatar.com\/avatar\/d67144e966420fb74aa84c9f2a0103be4724fd14db52b52d3b6bca749f257e79?s=96&d=mm&r=g","url":"https:\/\/secure.gravatar.com\/avatar\/d67144e966420fb74aa84c9f2a0103be4724fd14db52b52d3b6bca749f257e79?s=96&d=mm&r=g","contentUrl":"https:\/\/secure.gravatar.com\/avatar\/d67144e966420fb74aa84c9f2a0103be4724fd14db52b52d3b6bca749f257e79?s=96&d=mm&r=g","caption":"Paco S\u00e1nchez"},"sameAs":["https:\/\/arealorcaradio.es"],"url":"https:\/\/arealorcaradio.es\/index.php\/author\/admin_alorcaradio\/"}]}},"_links":{"self":[{"href":"https:\/\/arealorcaradio.es\/index.php\/wp-json\/wp\/v2\/posts\/5539","targetHints":{"allow":["GET"]}}],"collection":[{"href":"https:\/\/arealorcaradio.es\/index.php\/wp-json\/wp\/v2\/posts"}],"about":[{"href":"https:\/\/arealorcaradio.es\/index.php\/wp-json\/wp\/v2\/types\/post"}],"author":[{"embeddable":true,"href":"https:\/\/arealorcaradio.es\/index.php\/wp-json\/wp\/v2\/users\/1"}],"replies":[{"embeddable":true,"href":"https:\/\/arealorcaradio.es\/index.php\/wp-json\/wp\/v2\/comments?post=5539"}],"version-history":[{"count":3,"href":"https:\/\/arealorcaradio.es\/index.php\/wp-json\/wp\/v2\/posts\/5539\/revisions"}],"predecessor-version":[{"id":5549,"href":"https:\/\/arealorcaradio.es\/index.php\/wp-json\/wp\/v2\/posts\/5539\/revisions\/5549"}],"wp:featuredmedia":[{"embeddable":true,"href":"https:\/\/arealorcaradio.es\/index.php\/wp-json\/wp\/v2\/media\/5546"}],"wp:attachment":[{"href":"https:\/\/arealorcaradio.es\/index.php\/wp-json\/wp\/v2\/media?parent=5539"}],"wp:term":[{"taxonomy":"category","embeddable":true,"href":"https:\/\/arealorcaradio.es\/index.php\/wp-json\/wp\/v2\/categories?post=5539"},{"taxonomy":"post_tag","embeddable":true,"href":"https:\/\/arealorcaradio.es\/index.php\/wp-json\/wp\/v2\/tags?post=5539"}],"curies":[{"name":"wp","href":"https:\/\/api.w.org\/{rel}","templated":true}]}}