{"id":5533,"date":"2025-02-10T18:23:47","date_gmt":"2025-02-10T18:23:47","guid":{"rendered":"https:\/\/arealorcaradio.es\/?p=5533"},"modified":"2025-02-10T18:23:47","modified_gmt":"2025-02-10T18:23:47","slug":"cristo-garcia-en-el-penalti-pense-esta-es-la-mia-tenia-muchas-ganar-de-marcar-tras-mi-vuelta","status":"publish","type":"post","link":"https:\/\/arealorcaradio.es\/index.php\/2025\/02\/10\/cristo-garcia-en-el-penalti-pense-esta-es-la-mia-tenia-muchas-ganar-de-marcar-tras-mi-vuelta\/","title":{"rendered":"Cristo Garc\u00eda: \u00abEn el penalti pens\u00e9 esta es la m\u00eda, ten\u00eda muchas ganar de marcar tras mi vuelta\u00bb"},"content":{"rendered":"<p><strong>\u00c1REA LORCA RADIO. Deportes.<\/strong><\/p>\n<p>El delantero Cristo Garc\u00eda atend\u00eda este lunes la llamada de Paco S\u00e1nchez para el programa \u00c1rea Lorca Deportes. Dice estar viviendo un momento dulce y se ha mostrado muy agradecido a todos aquellos que le quieren y conf\u00edan en el y que han apostado por su vuelta al Lorca Deportiva. Su gol del pasado s\u00e1bado, el de la victoria tuvo una dedicatoria especial, los propietarios del club que se encontraban en el palco del Artes Carrasco as\u00ed como a toda la afici\u00f3n. Escucha aqu\u00ed su intervenci\u00f3n en \u00c1rea Lorca Radio.<\/p>\n<audio class=\"wp-audio-shortcode\" id=\"audio-5533-1\" preload=\"none\" style=\"width: 100%;\" controls=\"controls\"><source type=\"audio\/mpeg\" src=\"https:\/\/arealorcaradio.es\/wp-content\/uploads\/2025\/02\/100225-CRISTO-GARCIA.-POST-IMPERIAL.mp3?_=1\" \/><a href=\"https:\/\/arealorcaradio.es\/wp-content\/uploads\/2025\/02\/100225-CRISTO-GARCIA.-POST-IMPERIAL.mp3\">https:\/\/arealorcaradio.es\/wp-content\/uploads\/2025\/02\/100225-CRISTO-GARCIA.-POST-IMPERIAL.mp3<\/a><\/audio>\n<p><img loading=\"lazy\" decoding=\"async\" class=\"alignnone size-medium wp-image-5535\" src=\"https:\/\/arealorcaradio.es\/wp-content\/uploads\/2025\/02\/IMG-20250210-WA0053-300x197.jpg\" alt=\"\" width=\"300\" height=\"197\" srcset=\"https:\/\/arealorcaradio.es\/wp-content\/uploads\/2025\/02\/IMG-20250210-WA0053-300x197.jpg 300w, https:\/\/arealorcaradio.es\/wp-content\/uploads\/2025\/02\/IMG-20250210-WA0053-1024x673.jpg 1024w, https:\/\/arealorcaradio.es\/wp-content\/uploads\/2025\/02\/IMG-20250210-WA0053-768x505.jpg 768w, https:\/\/arealorcaradio.es\/wp-content\/uploads\/2025\/02\/IMG-20250210-WA0053.jpg 1179w\" sizes=\"auto, (max-width: 300px) 100vw, 300px\" \/> <img loading=\"lazy\" decoding=\"async\" class=\"alignnone  wp-image-5537\" src=\"https:\/\/arealorcaradio.es\/wp-content\/uploads\/2025\/02\/Cristo-Garcia-300x225.jpg\" alt=\"\" width=\"261\" height=\"196\" srcset=\"https:\/\/arealorcaradio.es\/wp-content\/uploads\/2025\/02\/Cristo-Garcia-300x225.jpg 300w, https:\/\/arealorcaradio.es\/wp-content\/uploads\/2025\/02\/Cristo-Garcia-1024x768.jpg 1024w, https:\/\/arealorcaradio.es\/wp-content\/uploads\/2025\/02\/Cristo-Garcia-768x576.jpg 768w, https:\/\/arealorcaradio.es\/wp-content\/uploads\/2025\/02\/Cristo-Garcia-1536x1152.jpg 1536w, https:\/\/arealorcaradio.es\/wp-content\/uploads\/2025\/02\/Cristo-Garcia-2048x1536.jpg 2048w, https:\/\/arealorcaradio.es\/wp-content\/uploads\/2025\/02\/Cristo-Garcia-86x64.jpg 86w\" sizes=\"auto, (max-width: 261px) 100vw, 261px\" \/><\/p>\n","protected":false},"excerpt":{"rendered":"<p>\u00c1REA LORCA RADIO. Deportes. El delantero Cristo Garc\u00eda atend\u00eda este lunes la llamada de Paco S\u00e1nchez para el programa \u00c1rea Lorca Deportes. Dice estar viviendo un momento dulce y se ha mostrado muy agradecido a todos aquellos que le quieren y conf\u00edan en el y que han apostado por su vuelta al Lorca Deportiva. Su [&hellip;]<\/p>\n","protected":false},"author":1,"featured_media":5535,"comment_status":"open","ping_status":"open","sticky":false,"template":"","format":"standard","meta":{"iawp_total_views":69,"footnotes":""},"categories":[4,7],"tags":[],"class_list":["post-5533","post","type-post","status-publish","format-standard","has-post-thumbnail","hentry","category-deportes","category-lorca"],"yoast_head":"<!-- This site is optimized with the Yoast SEO plugin v27.5 - https:\/\/yoast.com\/product\/yoast-seo-wordpress\/ -->\n<title>Cristo Garc\u00eda: &quot;En el penalti pens\u00e9 esta es la m\u00eda, ten\u00eda muchas ganar de marcar tras mi vuelta&quot; - AREA LORCA RADIO<\/title>\n<meta name=\"robots\" content=\"index, follow, max-snippet:-1, max-image-preview:large, max-video-preview:-1\" \/>\n<link rel=\"canonical\" href=\"https:\/\/arealorcaradio.es\/index.php\/2025\/02\/10\/cristo-garcia-en-el-penalti-pense-esta-es-la-mia-tenia-muchas-ganar-de-marcar-tras-mi-vuelta\/\" \/>\n<meta property=\"og:locale\" content=\"es_ES\" \/>\n<meta property=\"og:type\" content=\"article\" \/>\n<meta property=\"og:title\" content=\"Cristo Garc\u00eda: &quot;En el penalti pens\u00e9 esta es la m\u00eda, ten\u00eda muchas ganar de marcar tras mi vuelta&quot; - AREA LORCA RADIO\" \/>\n<meta property=\"og:description\" content=\"\u00c1REA LORCA RADIO. Deportes. El delantero Cristo Garc\u00eda atend\u00eda este lunes la llamada de Paco S\u00e1nchez para el programa \u00c1rea Lorca Deportes. Dice estar viviendo un momento dulce y se ha mostrado muy agradecido a todos aquellos que le quieren y conf\u00edan en el y que han apostado por su vuelta al Lorca Deportiva. Su [&hellip;]\" \/>\n<meta property=\"og:url\" content=\"https:\/\/arealorcaradio.es\/index.php\/2025\/02\/10\/cristo-garcia-en-el-penalti-pense-esta-es-la-mia-tenia-muchas-ganar-de-marcar-tras-mi-vuelta\/\" \/>\n<meta property=\"og:site_name\" content=\"AREA LORCA RADIO\" \/>\n<meta property=\"article:published_time\" content=\"2025-02-10T18:23:47+00:00\" \/>\n<meta property=\"og:image\" content=\"https:\/\/arealorcaradio.es\/wp-content\/uploads\/2025\/02\/IMG-20250210-WA0053.jpg\" \/>\n\t<meta property=\"og:image:width\" content=\"1179\" \/>\n\t<meta property=\"og:image:height\" content=\"775\" \/>\n\t<meta property=\"og:image:type\" content=\"image\/jpeg\" \/>\n<meta name=\"author\" content=\"Paco S\u00e1nchez\" \/>\n<meta name=\"twitter:card\" content=\"summary_large_image\" \/>\n<meta name=\"twitter:label1\" content=\"Escrito por\" \/>\n\t<meta name=\"twitter:data1\" content=\"Paco S\u00e1nchez\" \/>\n\t<meta name=\"twitter:label2\" content=\"Tiempo de lectura\" \/>\n\t<meta name=\"twitter:data2\" content=\"2 minutos\" \/>\n<script type=\"application\/ld+json\" class=\"yoast-schema-graph\">{\"@context\":\"https:\\\/\\\/schema.org\",\"@graph\":[{\"@type\":\"Article\",\"@id\":\"https:\\\/\\\/arealorcaradio.es\\\/index.php\\\/2025\\\/02\\\/10\\\/cristo-garcia-en-el-penalti-pense-esta-es-la-mia-tenia-muchas-ganar-de-marcar-tras-mi-vuelta\\\/#article\",\"isPartOf\":{\"@id\":\"https:\\\/\\\/arealorcaradio.es\\\/index.php\\\/2025\\\/02\\\/10\\\/cristo-garcia-en-el-penalti-pense-esta-es-la-mia-tenia-muchas-ganar-de-marcar-tras-mi-vuelta\\\/\"},\"author\":{\"name\":\"Paco S\u00e1nchez\",\"@id\":\"https:\\\/\\\/arealorcaradio.es\\\/#\\\/schema\\\/person\\\/9fae605fc25b0f2c83c1ab207139bd27\"},\"headline\":\"Cristo Garc\u00eda: \u00abEn el penalti pens\u00e9 esta es la m\u00eda, ten\u00eda muchas ganar de marcar tras mi vuelta\u00bb\",\"datePublished\":\"2025-02-10T18:23:47+00:00\",\"mainEntityOfPage\":{\"@id\":\"https:\\\/\\\/arealorcaradio.es\\\/index.php\\\/2025\\\/02\\\/10\\\/cristo-garcia-en-el-penalti-pense-esta-es-la-mia-tenia-muchas-ganar-de-marcar-tras-mi-vuelta\\\/\"},\"wordCount\":133,\"commentCount\":0,\"image\":{\"@id\":\"https:\\\/\\\/arealorcaradio.es\\\/index.php\\\/2025\\\/02\\\/10\\\/cristo-garcia-en-el-penalti-pense-esta-es-la-mia-tenia-muchas-ganar-de-marcar-tras-mi-vuelta\\\/#primaryimage\"},\"thumbnailUrl\":\"https:\\\/\\\/arealorcaradio.es\\\/wp-content\\\/uploads\\\/2025\\\/02\\\/IMG-20250210-WA0053.jpg\",\"articleSection\":[\"DEPORTES\",\"LORCA\"],\"inLanguage\":\"es\",\"potentialAction\":[{\"@type\":\"CommentAction\",\"name\":\"Comment\",\"target\":[\"https:\\\/\\\/arealorcaradio.es\\\/index.php\\\/2025\\\/02\\\/10\\\/cristo-garcia-en-el-penalti-pense-esta-es-la-mia-tenia-muchas-ganar-de-marcar-tras-mi-vuelta\\\/#respond\"]}]},{\"@type\":\"WebPage\",\"@id\":\"https:\\\/\\\/arealorcaradio.es\\\/index.php\\\/2025\\\/02\\\/10\\\/cristo-garcia-en-el-penalti-pense-esta-es-la-mia-tenia-muchas-ganar-de-marcar-tras-mi-vuelta\\\/\",\"url\":\"https:\\\/\\\/arealorcaradio.es\\\/index.php\\\/2025\\\/02\\\/10\\\/cristo-garcia-en-el-penalti-pense-esta-es-la-mia-tenia-muchas-ganar-de-marcar-tras-mi-vuelta\\\/\",\"name\":\"Cristo Garc\u00eda: \\\"En el penalti pens\u00e9 esta es la m\u00eda, ten\u00eda muchas ganar de marcar tras mi vuelta\\\" - AREA LORCA RADIO\",\"isPartOf\":{\"@id\":\"https:\\\/\\\/arealorcaradio.es\\\/#website\"},\"primaryImageOfPage\":{\"@id\":\"https:\\\/\\\/arealorcaradio.es\\\/index.php\\\/2025\\\/02\\\/10\\\/cristo-garcia-en-el-penalti-pense-esta-es-la-mia-tenia-muchas-ganar-de-marcar-tras-mi-vuelta\\\/#primaryimage\"},\"image\":{\"@id\":\"https:\\\/\\\/arealorcaradio.es\\\/index.php\\\/2025\\\/02\\\/10\\\/cristo-garcia-en-el-penalti-pense-esta-es-la-mia-tenia-muchas-ganar-de-marcar-tras-mi-vuelta\\\/#primaryimage\"},\"thumbnailUrl\":\"https:\\\/\\\/arealorcaradio.es\\\/wp-content\\\/uploads\\\/2025\\\/02\\\/IMG-20250210-WA0053.jpg\",\"datePublished\":\"2025-02-10T18:23:47+00:00\",\"author\":{\"@id\":\"https:\\\/\\\/arealorcaradio.es\\\/#\\\/schema\\\/person\\\/9fae605fc25b0f2c83c1ab207139bd27\"},\"breadcrumb\":{\"@id\":\"https:\\\/\\\/arealorcaradio.es\\\/index.php\\\/2025\\\/02\\\/10\\\/cristo-garcia-en-el-penalti-pense-esta-es-la-mia-tenia-muchas-ganar-de-marcar-tras-mi-vuelta\\\/#breadcrumb\"},\"inLanguage\":\"es\",\"potentialAction\":[{\"@type\":\"ReadAction\",\"target\":[\"https:\\\/\\\/arealorcaradio.es\\\/index.php\\\/2025\\\/02\\\/10\\\/cristo-garcia-en-el-penalti-pense-esta-es-la-mia-tenia-muchas-ganar-de-marcar-tras-mi-vuelta\\\/\"]}]},{\"@type\":\"ImageObject\",\"inLanguage\":\"es\",\"@id\":\"https:\\\/\\\/arealorcaradio.es\\\/index.php\\\/2025\\\/02\\\/10\\\/cristo-garcia-en-el-penalti-pense-esta-es-la-mia-tenia-muchas-ganar-de-marcar-tras-mi-vuelta\\\/#primaryimage\",\"url\":\"https:\\\/\\\/arealorcaradio.es\\\/wp-content\\\/uploads\\\/2025\\\/02\\\/IMG-20250210-WA0053.jpg\",\"contentUrl\":\"https:\\\/\\\/arealorcaradio.es\\\/wp-content\\\/uploads\\\/2025\\\/02\\\/IMG-20250210-WA0053.jpg\",\"width\":1179,\"height\":775},{\"@type\":\"BreadcrumbList\",\"@id\":\"https:\\\/\\\/arealorcaradio.es\\\/index.php\\\/2025\\\/02\\\/10\\\/cristo-garcia-en-el-penalti-pense-esta-es-la-mia-tenia-muchas-ganar-de-marcar-tras-mi-vuelta\\\/#breadcrumb\",\"itemListElement\":[{\"@type\":\"ListItem\",\"position\":1,\"name\":\"Portada\",\"item\":\"https:\\\/\\\/arealorcaradio.es\\\/\"},{\"@type\":\"ListItem\",\"position\":2,\"name\":\"Cristo Garc\u00eda: \u00abEn el penalti pens\u00e9 esta es la m\u00eda, ten\u00eda muchas ganar de marcar tras mi vuelta\u00bb\"}]},{\"@type\":\"WebSite\",\"@id\":\"https:\\\/\\\/arealorcaradio.es\\\/#website\",\"url\":\"https:\\\/\\\/arealorcaradio.es\\\/\",\"name\":\"AREA LORCA RADIO\",\"description\":\"Descubre la programaci\u00f3n actual en \u00c1rea Lorca Radio, tu fuente de entrenamiento y noticias locales. Sintoniza ahora y mantente conectado online.\",\"potentialAction\":[{\"@type\":\"SearchAction\",\"target\":{\"@type\":\"EntryPoint\",\"urlTemplate\":\"https:\\\/\\\/arealorcaradio.es\\\/?s={search_term_string}\"},\"query-input\":{\"@type\":\"PropertyValueSpecification\",\"valueRequired\":true,\"valueName\":\"search_term_string\"}}],\"inLanguage\":\"es\"},{\"@type\":\"Person\",\"@id\":\"https:\\\/\\\/arealorcaradio.es\\\/#\\\/schema\\\/person\\\/9fae605fc25b0f2c83c1ab207139bd27\",\"name\":\"Paco S\u00e1nchez\",\"image\":{\"@type\":\"ImageObject\",\"inLanguage\":\"es\",\"@id\":\"https:\\\/\\\/secure.gravatar.com\\\/avatar\\\/d67144e966420fb74aa84c9f2a0103be4724fd14db52b52d3b6bca749f257e79?s=96&d=mm&r=g\",\"url\":\"https:\\\/\\\/secure.gravatar.com\\\/avatar\\\/d67144e966420fb74aa84c9f2a0103be4724fd14db52b52d3b6bca749f257e79?s=96&d=mm&r=g\",\"contentUrl\":\"https:\\\/\\\/secure.gravatar.com\\\/avatar\\\/d67144e966420fb74aa84c9f2a0103be4724fd14db52b52d3b6bca749f257e79?s=96&d=mm&r=g\",\"caption\":\"Paco S\u00e1nchez\"},\"sameAs\":[\"https:\\\/\\\/arealorcaradio.es\"],\"url\":\"https:\\\/\\\/arealorcaradio.es\\\/index.php\\\/author\\\/admin_alorcaradio\\\/\"}]}<\/script>\n<!-- \/ Yoast SEO plugin. -->","yoast_head_json":{"title":"Cristo Garc\u00eda: \"En el penalti pens\u00e9 esta es la m\u00eda, ten\u00eda muchas ganar de marcar tras mi vuelta\" - AREA LORCA RADIO","robots":{"index":"index","follow":"follow","max-snippet":"max-snippet:-1","max-image-preview":"max-image-preview:large","max-video-preview":"max-video-preview:-1"},"canonical":"https:\/\/arealorcaradio.es\/index.php\/2025\/02\/10\/cristo-garcia-en-el-penalti-pense-esta-es-la-mia-tenia-muchas-ganar-de-marcar-tras-mi-vuelta\/","og_locale":"es_ES","og_type":"article","og_title":"Cristo Garc\u00eda: \"En el penalti pens\u00e9 esta es la m\u00eda, ten\u00eda muchas ganar de marcar tras mi vuelta\" - AREA LORCA RADIO","og_description":"\u00c1REA LORCA RADIO. Deportes. El delantero Cristo Garc\u00eda atend\u00eda este lunes la llamada de Paco S\u00e1nchez para el programa \u00c1rea Lorca Deportes. Dice estar viviendo un momento dulce y se ha mostrado muy agradecido a todos aquellos que le quieren y conf\u00edan en el y que han apostado por su vuelta al Lorca Deportiva. Su [&hellip;]","og_url":"https:\/\/arealorcaradio.es\/index.php\/2025\/02\/10\/cristo-garcia-en-el-penalti-pense-esta-es-la-mia-tenia-muchas-ganar-de-marcar-tras-mi-vuelta\/","og_site_name":"AREA LORCA RADIO","article_published_time":"2025-02-10T18:23:47+00:00","og_image":[{"width":1179,"height":775,"url":"https:\/\/arealorcaradio.es\/wp-content\/uploads\/2025\/02\/IMG-20250210-WA0053.jpg","type":"image\/jpeg"}],"author":"Paco S\u00e1nchez","twitter_card":"summary_large_image","twitter_misc":{"Escrito por":"Paco S\u00e1nchez","Tiempo de lectura":"2 minutos"},"schema":{"@context":"https:\/\/schema.org","@graph":[{"@type":"Article","@id":"https:\/\/arealorcaradio.es\/index.php\/2025\/02\/10\/cristo-garcia-en-el-penalti-pense-esta-es-la-mia-tenia-muchas-ganar-de-marcar-tras-mi-vuelta\/#article","isPartOf":{"@id":"https:\/\/arealorcaradio.es\/index.php\/2025\/02\/10\/cristo-garcia-en-el-penalti-pense-esta-es-la-mia-tenia-muchas-ganar-de-marcar-tras-mi-vuelta\/"},"author":{"name":"Paco S\u00e1nchez","@id":"https:\/\/arealorcaradio.es\/#\/schema\/person\/9fae605fc25b0f2c83c1ab207139bd27"},"headline":"Cristo Garc\u00eda: \u00abEn el penalti pens\u00e9 esta es la m\u00eda, ten\u00eda muchas ganar de marcar tras mi vuelta\u00bb","datePublished":"2025-02-10T18:23:47+00:00","mainEntityOfPage":{"@id":"https:\/\/arealorcaradio.es\/index.php\/2025\/02\/10\/cristo-garcia-en-el-penalti-pense-esta-es-la-mia-tenia-muchas-ganar-de-marcar-tras-mi-vuelta\/"},"wordCount":133,"commentCount":0,"image":{"@id":"https:\/\/arealorcaradio.es\/index.php\/2025\/02\/10\/cristo-garcia-en-el-penalti-pense-esta-es-la-mia-tenia-muchas-ganar-de-marcar-tras-mi-vuelta\/#primaryimage"},"thumbnailUrl":"https:\/\/arealorcaradio.es\/wp-content\/uploads\/2025\/02\/IMG-20250210-WA0053.jpg","articleSection":["DEPORTES","LORCA"],"inLanguage":"es","potentialAction":[{"@type":"CommentAction","name":"Comment","target":["https:\/\/arealorcaradio.es\/index.php\/2025\/02\/10\/cristo-garcia-en-el-penalti-pense-esta-es-la-mia-tenia-muchas-ganar-de-marcar-tras-mi-vuelta\/#respond"]}]},{"@type":"WebPage","@id":"https:\/\/arealorcaradio.es\/index.php\/2025\/02\/10\/cristo-garcia-en-el-penalti-pense-esta-es-la-mia-tenia-muchas-ganar-de-marcar-tras-mi-vuelta\/","url":"https:\/\/arealorcaradio.es\/index.php\/2025\/02\/10\/cristo-garcia-en-el-penalti-pense-esta-es-la-mia-tenia-muchas-ganar-de-marcar-tras-mi-vuelta\/","name":"Cristo Garc\u00eda: \"En el penalti pens\u00e9 esta es la m\u00eda, ten\u00eda muchas ganar de marcar tras mi vuelta\" - AREA LORCA RADIO","isPartOf":{"@id":"https:\/\/arealorcaradio.es\/#website"},"primaryImageOfPage":{"@id":"https:\/\/arealorcaradio.es\/index.php\/2025\/02\/10\/cristo-garcia-en-el-penalti-pense-esta-es-la-mia-tenia-muchas-ganar-de-marcar-tras-mi-vuelta\/#primaryimage"},"image":{"@id":"https:\/\/arealorcaradio.es\/index.php\/2025\/02\/10\/cristo-garcia-en-el-penalti-pense-esta-es-la-mia-tenia-muchas-ganar-de-marcar-tras-mi-vuelta\/#primaryimage"},"thumbnailUrl":"https:\/\/arealorcaradio.es\/wp-content\/uploads\/2025\/02\/IMG-20250210-WA0053.jpg","datePublished":"2025-02-10T18:23:47+00:00","author":{"@id":"https:\/\/arealorcaradio.es\/#\/schema\/person\/9fae605fc25b0f2c83c1ab207139bd27"},"breadcrumb":{"@id":"https:\/\/arealorcaradio.es\/index.php\/2025\/02\/10\/cristo-garcia-en-el-penalti-pense-esta-es-la-mia-tenia-muchas-ganar-de-marcar-tras-mi-vuelta\/#breadcrumb"},"inLanguage":"es","potentialAction":[{"@type":"ReadAction","target":["https:\/\/arealorcaradio.es\/index.php\/2025\/02\/10\/cristo-garcia-en-el-penalti-pense-esta-es-la-mia-tenia-muchas-ganar-de-marcar-tras-mi-vuelta\/"]}]},{"@type":"ImageObject","inLanguage":"es","@id":"https:\/\/arealorcaradio.es\/index.php\/2025\/02\/10\/cristo-garcia-en-el-penalti-pense-esta-es-la-mia-tenia-muchas-ganar-de-marcar-tras-mi-vuelta\/#primaryimage","url":"https:\/\/arealorcaradio.es\/wp-content\/uploads\/2025\/02\/IMG-20250210-WA0053.jpg","contentUrl":"https:\/\/arealorcaradio.es\/wp-content\/uploads\/2025\/02\/IMG-20250210-WA0053.jpg","width":1179,"height":775},{"@type":"BreadcrumbList","@id":"https:\/\/arealorcaradio.es\/index.php\/2025\/02\/10\/cristo-garcia-en-el-penalti-pense-esta-es-la-mia-tenia-muchas-ganar-de-marcar-tras-mi-vuelta\/#breadcrumb","itemListElement":[{"@type":"ListItem","position":1,"name":"Portada","item":"https:\/\/arealorcaradio.es\/"},{"@type":"ListItem","position":2,"name":"Cristo Garc\u00eda: \u00abEn el penalti pens\u00e9 esta es la m\u00eda, ten\u00eda muchas ganar de marcar tras mi vuelta\u00bb"}]},{"@type":"WebSite","@id":"https:\/\/arealorcaradio.es\/#website","url":"https:\/\/arealorcaradio.es\/","name":"AREA LORCA RADIO","description":"Descubre la programaci\u00f3n actual en \u00c1rea Lorca Radio, tu fuente de entrenamiento y noticias locales. Sintoniza ahora y mantente conectado online.","potentialAction":[{"@type":"SearchAction","target":{"@type":"EntryPoint","urlTemplate":"https:\/\/arealorcaradio.es\/?s={search_term_string}"},"query-input":{"@type":"PropertyValueSpecification","valueRequired":true,"valueName":"search_term_string"}}],"inLanguage":"es"},{"@type":"Person","@id":"https:\/\/arealorcaradio.es\/#\/schema\/person\/9fae605fc25b0f2c83c1ab207139bd27","name":"Paco S\u00e1nchez","image":{"@type":"ImageObject","inLanguage":"es","@id":"https:\/\/secure.gravatar.com\/avatar\/d67144e966420fb74aa84c9f2a0103be4724fd14db52b52d3b6bca749f257e79?s=96&d=mm&r=g","url":"https:\/\/secure.gravatar.com\/avatar\/d67144e966420fb74aa84c9f2a0103be4724fd14db52b52d3b6bca749f257e79?s=96&d=mm&r=g","contentUrl":"https:\/\/secure.gravatar.com\/avatar\/d67144e966420fb74aa84c9f2a0103be4724fd14db52b52d3b6bca749f257e79?s=96&d=mm&r=g","caption":"Paco S\u00e1nchez"},"sameAs":["https:\/\/arealorcaradio.es"],"url":"https:\/\/arealorcaradio.es\/index.php\/author\/admin_alorcaradio\/"}]}},"_links":{"self":[{"href":"https:\/\/arealorcaradio.es\/index.php\/wp-json\/wp\/v2\/posts\/5533","targetHints":{"allow":["GET"]}}],"collection":[{"href":"https:\/\/arealorcaradio.es\/index.php\/wp-json\/wp\/v2\/posts"}],"about":[{"href":"https:\/\/arealorcaradio.es\/index.php\/wp-json\/wp\/v2\/types\/post"}],"author":[{"embeddable":true,"href":"https:\/\/arealorcaradio.es\/index.php\/wp-json\/wp\/v2\/users\/1"}],"replies":[{"embeddable":true,"href":"https:\/\/arealorcaradio.es\/index.php\/wp-json\/wp\/v2\/comments?post=5533"}],"version-history":[{"count":2,"href":"https:\/\/arealorcaradio.es\/index.php\/wp-json\/wp\/v2\/posts\/5533\/revisions"}],"predecessor-version":[{"id":5538,"href":"https:\/\/arealorcaradio.es\/index.php\/wp-json\/wp\/v2\/posts\/5533\/revisions\/5538"}],"wp:featuredmedia":[{"embeddable":true,"href":"https:\/\/arealorcaradio.es\/index.php\/wp-json\/wp\/v2\/media\/5535"}],"wp:attachment":[{"href":"https:\/\/arealorcaradio.es\/index.php\/wp-json\/wp\/v2\/media?parent=5533"}],"wp:term":[{"taxonomy":"category","embeddable":true,"href":"https:\/\/arealorcaradio.es\/index.php\/wp-json\/wp\/v2\/categories?post=5533"},{"taxonomy":"post_tag","embeddable":true,"href":"https:\/\/arealorcaradio.es\/index.php\/wp-json\/wp\/v2\/tags?post=5533"}],"curies":[{"name":"wp","href":"https:\/\/api.w.org\/{rel}","templated":true}]}}