{"id":5521,"date":"2025-02-07T23:24:08","date_gmt":"2025-02-07T23:24:08","guid":{"rendered":"https:\/\/arealorcaradio.es\/?p=5521"},"modified":"2025-02-07T23:24:08","modified_gmt":"2025-02-07T23:24:08","slug":"el-piloto-lorquino-pablo-segura-quinonero-consigue-el-tercer-puesto-en-la-hivern-karting-celebrada-en-chiva","status":"publish","type":"post","link":"https:\/\/arealorcaradio.es\/index.php\/2025\/02\/07\/el-piloto-lorquino-pablo-segura-quinonero-consigue-el-tercer-puesto-en-la-hivern-karting-celebrada-en-chiva\/","title":{"rendered":"El piloto lorquino Pablo Segura Qui\u00f1onero consigue el tercer puesto en la Hivern Karting celebrada en Chiva"},"content":{"rendered":"<p><strong>\u00c1REA LORCA RADIO. Deportes.<\/strong><\/p>\n<p>Escucha aqu\u00ed la entrevista que han concedido el piloto de 9 a\u00f1os Pablo Segura Qui\u00f1onero y su Padre Pedro Segura a Paco S\u00e1nchez en el programa \u00c1rea Lorca Deportes, donde habla de su primer p\u00f3dium en una prueba de car\u00e1cter nacional e internacional, ya que compet\u00edan el domingo 37 pilotos en pista de nacionalidades tan distintas como Espa\u00f1a, Portugal, Reino Unido, Noruega, Alemania, Irlanda, Lituania y Korea entre otras.<\/p>\n<audio class=\"wp-audio-shortcode\" id=\"audio-5521-1\" preload=\"none\" style=\"width: 100%;\" controls=\"controls\"><source type=\"audio\/mpeg\" src=\"https:\/\/arealorcaradio.es\/wp-content\/uploads\/2025\/02\/070225-PABLO-SEGURA-Y-PEDRO-SEGURA.-KARTING.mp3?_=1\" \/><a href=\"https:\/\/arealorcaradio.es\/wp-content\/uploads\/2025\/02\/070225-PABLO-SEGURA-Y-PEDRO-SEGURA.-KARTING.mp3\">https:\/\/arealorcaradio.es\/wp-content\/uploads\/2025\/02\/070225-PABLO-SEGURA-Y-PEDRO-SEGURA.-KARTING.mp3<\/a><\/audio>\n<p>Pablo piso el tercer caj\u00f3n del p\u00f3dium por detr\u00e1s de espa\u00f1ol Massimiliano Filonzi y del brit\u00e1nico Charles Clough.<\/p>\n<p><img loading=\"lazy\" decoding=\"async\" class=\"alignnone size-medium wp-image-5525\" src=\"https:\/\/arealorcaradio.es\/wp-content\/uploads\/2025\/02\/20250206_162325-300x225.jpg\" alt=\"\" width=\"300\" height=\"225\" srcset=\"https:\/\/arealorcaradio.es\/wp-content\/uploads\/2025\/02\/20250206_162325-300x225.jpg 300w, https:\/\/arealorcaradio.es\/wp-content\/uploads\/2025\/02\/20250206_162325-1024x768.jpg 1024w, https:\/\/arealorcaradio.es\/wp-content\/uploads\/2025\/02\/20250206_162325-768x576.jpg 768w, https:\/\/arealorcaradio.es\/wp-content\/uploads\/2025\/02\/20250206_162325-1536x1152.jpg 1536w, https:\/\/arealorcaradio.es\/wp-content\/uploads\/2025\/02\/20250206_162325-2048x1536.jpg 2048w, https:\/\/arealorcaradio.es\/wp-content\/uploads\/2025\/02\/20250206_162325-86x64.jpg 86w\" sizes=\"auto, (max-width: 300px) 100vw, 300px\" \/> <img loading=\"lazy\" decoding=\"async\" class=\"alignnone wp-image-5526\" src=\"https:\/\/arealorcaradio.es\/wp-content\/uploads\/2025\/02\/IMG-20250207-WA0013-240x300.jpg\" alt=\"\" width=\"181\" height=\"226\" srcset=\"https:\/\/arealorcaradio.es\/wp-content\/uploads\/2025\/02\/IMG-20250207-WA0013-240x300.jpg 240w, https:\/\/arealorcaradio.es\/wp-content\/uploads\/2025\/02\/IMG-20250207-WA0013-819x1024.jpg 819w, https:\/\/arealorcaradio.es\/wp-content\/uploads\/2025\/02\/IMG-20250207-WA0013-768x960.jpg 768w, https:\/\/arealorcaradio.es\/wp-content\/uploads\/2025\/02\/IMG-20250207-WA0013.jpg 1080w\" sizes=\"auto, (max-width: 181px) 100vw, 181px\" \/> <img loading=\"lazy\" decoding=\"async\" class=\"alignnone wp-image-5527\" src=\"https:\/\/arealorcaradio.es\/wp-content\/uploads\/2025\/02\/IMG-20250207-WA0016-240x300.jpg\" alt=\"\" width=\"181\" height=\"227\" srcset=\"https:\/\/arealorcaradio.es\/wp-content\/uploads\/2025\/02\/IMG-20250207-WA0016-240x300.jpg 240w, https:\/\/arealorcaradio.es\/wp-content\/uploads\/2025\/02\/IMG-20250207-WA0016-819x1024.jpg 819w, https:\/\/arealorcaradio.es\/wp-content\/uploads\/2025\/02\/IMG-20250207-WA0016-768x960.jpg 768w, https:\/\/arealorcaradio.es\/wp-content\/uploads\/2025\/02\/IMG-20250207-WA0016.jpg 1080w\" sizes=\"auto, (max-width: 181px) 100vw, 181px\" \/> <img loading=\"lazy\" decoding=\"async\" class=\"alignnone wp-image-5528\" src=\"https:\/\/arealorcaradio.es\/wp-content\/uploads\/2025\/02\/IMG-20250207-WA0019-240x300.jpg\" alt=\"\" width=\"210\" height=\"263\" srcset=\"https:\/\/arealorcaradio.es\/wp-content\/uploads\/2025\/02\/IMG-20250207-WA0019-240x300.jpg 240w, https:\/\/arealorcaradio.es\/wp-content\/uploads\/2025\/02\/IMG-20250207-WA0019-819x1024.jpg 819w, https:\/\/arealorcaradio.es\/wp-content\/uploads\/2025\/02\/IMG-20250207-WA0019-768x960.jpg 768w, https:\/\/arealorcaradio.es\/wp-content\/uploads\/2025\/02\/IMG-20250207-WA0019.jpg 1080w\" sizes=\"auto, (max-width: 210px) 100vw, 210px\" \/> <img loading=\"lazy\" decoding=\"async\" class=\"alignnone wp-image-5529\" src=\"https:\/\/arealorcaradio.es\/wp-content\/uploads\/2025\/02\/IMG-20250207-WA0017-240x300.jpg\" alt=\"\" width=\"210\" height=\"263\" srcset=\"https:\/\/arealorcaradio.es\/wp-content\/uploads\/2025\/02\/IMG-20250207-WA0017-240x300.jpg 240w, https:\/\/arealorcaradio.es\/wp-content\/uploads\/2025\/02\/IMG-20250207-WA0017-819x1024.jpg 819w, https:\/\/arealorcaradio.es\/wp-content\/uploads\/2025\/02\/IMG-20250207-WA0017-768x960.jpg 768w, https:\/\/arealorcaradio.es\/wp-content\/uploads\/2025\/02\/IMG-20250207-WA0017.jpg 1080w\" sizes=\"auto, (max-width: 210px) 100vw, 210px\" \/> <img loading=\"lazy\" decoding=\"async\" class=\"alignnone wp-image-5530\" src=\"https:\/\/arealorcaradio.es\/wp-content\/uploads\/2025\/02\/IMG-20250207-WA0012-240x300.jpg\" alt=\"\" width=\"210\" height=\"263\" srcset=\"https:\/\/arealorcaradio.es\/wp-content\/uploads\/2025\/02\/IMG-20250207-WA0012-240x300.jpg 240w, https:\/\/arealorcaradio.es\/wp-content\/uploads\/2025\/02\/IMG-20250207-WA0012-819x1024.jpg 819w, https:\/\/arealorcaradio.es\/wp-content\/uploads\/2025\/02\/IMG-20250207-WA0012-768x960.jpg 768w, https:\/\/arealorcaradio.es\/wp-content\/uploads\/2025\/02\/IMG-20250207-WA0012.jpg 1080w\" sizes=\"auto, (max-width: 210px) 100vw, 210px\" \/><\/p>\n","protected":false},"excerpt":{"rendered":"<p>\u00c1REA LORCA RADIO. Deportes. Escucha aqu\u00ed la entrevista que han concedido el piloto de 9 a\u00f1os Pablo Segura Qui\u00f1onero y su Padre Pedro Segura a Paco S\u00e1nchez en el programa \u00c1rea Lorca Deportes, donde habla de su primer p\u00f3dium en una prueba de car\u00e1cter nacional e internacional, ya que compet\u00edan el domingo 37 pilotos en [&hellip;]<\/p>\n","protected":false},"author":1,"featured_media":5522,"comment_status":"open","ping_status":"open","sticky":false,"template":"","format":"standard","meta":{"iawp_total_views":85,"footnotes":""},"categories":[4,7],"tags":[],"class_list":["post-5521","post","type-post","status-publish","format-standard","has-post-thumbnail","hentry","category-deportes","category-lorca"],"yoast_head":"<!-- This site is optimized with the Yoast SEO plugin v27.5 - https:\/\/yoast.com\/product\/yoast-seo-wordpress\/ -->\n<title>El piloto lorquino Pablo Segura Qui\u00f1onero consigue el tercer puesto en la Hivern Karting celebrada en Chiva - AREA LORCA RADIO<\/title>\n<meta name=\"robots\" content=\"index, follow, max-snippet:-1, max-image-preview:large, max-video-preview:-1\" \/>\n<link rel=\"canonical\" href=\"https:\/\/arealorcaradio.es\/index.php\/2025\/02\/07\/el-piloto-lorquino-pablo-segura-quinonero-consigue-el-tercer-puesto-en-la-hivern-karting-celebrada-en-chiva\/\" \/>\n<meta property=\"og:locale\" content=\"es_ES\" \/>\n<meta property=\"og:type\" content=\"article\" \/>\n<meta property=\"og:title\" content=\"El piloto lorquino Pablo Segura Qui\u00f1onero consigue el tercer puesto en la Hivern Karting celebrada en Chiva - AREA LORCA RADIO\" \/>\n<meta property=\"og:description\" content=\"\u00c1REA LORCA RADIO. Deportes. Escucha aqu\u00ed la entrevista que han concedido el piloto de 9 a\u00f1os Pablo Segura Qui\u00f1onero y su Padre Pedro Segura a Paco S\u00e1nchez en el programa \u00c1rea Lorca Deportes, donde habla de su primer p\u00f3dium en una prueba de car\u00e1cter nacional e internacional, ya que compet\u00edan el domingo 37 pilotos en [&hellip;]\" \/>\n<meta property=\"og:url\" content=\"https:\/\/arealorcaradio.es\/index.php\/2025\/02\/07\/el-piloto-lorquino-pablo-segura-quinonero-consigue-el-tercer-puesto-en-la-hivern-karting-celebrada-en-chiva\/\" \/>\n<meta property=\"og:site_name\" content=\"AREA LORCA RADIO\" \/>\n<meta property=\"article:published_time\" content=\"2025-02-07T23:24:08+00:00\" \/>\n<meta property=\"og:image\" content=\"https:\/\/arealorcaradio.es\/wp-content\/uploads\/2025\/02\/IMG-20250207-WA0014.jpg\" \/>\n\t<meta property=\"og:image:width\" content=\"1080\" \/>\n\t<meta property=\"og:image:height\" content=\"1350\" \/>\n\t<meta property=\"og:image:type\" content=\"image\/jpeg\" \/>\n<meta name=\"author\" content=\"Paco S\u00e1nchez\" \/>\n<meta name=\"twitter:card\" content=\"summary_large_image\" \/>\n<meta name=\"twitter:label1\" content=\"Escrito por\" \/>\n\t<meta name=\"twitter:data1\" content=\"Paco S\u00e1nchez\" \/>\n\t<meta name=\"twitter:label2\" content=\"Tiempo de lectura\" \/>\n\t<meta name=\"twitter:data2\" content=\"2 minutos\" \/>\n<script type=\"application\/ld+json\" class=\"yoast-schema-graph\">{\"@context\":\"https:\\\/\\\/schema.org\",\"@graph\":[{\"@type\":\"Article\",\"@id\":\"https:\\\/\\\/arealorcaradio.es\\\/index.php\\\/2025\\\/02\\\/07\\\/el-piloto-lorquino-pablo-segura-quinonero-consigue-el-tercer-puesto-en-la-hivern-karting-celebrada-en-chiva\\\/#article\",\"isPartOf\":{\"@id\":\"https:\\\/\\\/arealorcaradio.es\\\/index.php\\\/2025\\\/02\\\/07\\\/el-piloto-lorquino-pablo-segura-quinonero-consigue-el-tercer-puesto-en-la-hivern-karting-celebrada-en-chiva\\\/\"},\"author\":{\"name\":\"Paco S\u00e1nchez\",\"@id\":\"https:\\\/\\\/arealorcaradio.es\\\/#\\\/schema\\\/person\\\/9fae605fc25b0f2c83c1ab207139bd27\"},\"headline\":\"El piloto lorquino Pablo Segura Qui\u00f1onero consigue el tercer puesto en la Hivern Karting celebrada en Chiva\",\"datePublished\":\"2025-02-07T23:24:08+00:00\",\"mainEntityOfPage\":{\"@id\":\"https:\\\/\\\/arealorcaradio.es\\\/index.php\\\/2025\\\/02\\\/07\\\/el-piloto-lorquino-pablo-segura-quinonero-consigue-el-tercer-puesto-en-la-hivern-karting-celebrada-en-chiva\\\/\"},\"wordCount\":130,\"commentCount\":0,\"image\":{\"@id\":\"https:\\\/\\\/arealorcaradio.es\\\/index.php\\\/2025\\\/02\\\/07\\\/el-piloto-lorquino-pablo-segura-quinonero-consigue-el-tercer-puesto-en-la-hivern-karting-celebrada-en-chiva\\\/#primaryimage\"},\"thumbnailUrl\":\"https:\\\/\\\/arealorcaradio.es\\\/wp-content\\\/uploads\\\/2025\\\/02\\\/IMG-20250207-WA0014.jpg\",\"articleSection\":[\"DEPORTES\",\"LORCA\"],\"inLanguage\":\"es\",\"potentialAction\":[{\"@type\":\"CommentAction\",\"name\":\"Comment\",\"target\":[\"https:\\\/\\\/arealorcaradio.es\\\/index.php\\\/2025\\\/02\\\/07\\\/el-piloto-lorquino-pablo-segura-quinonero-consigue-el-tercer-puesto-en-la-hivern-karting-celebrada-en-chiva\\\/#respond\"]}]},{\"@type\":\"WebPage\",\"@id\":\"https:\\\/\\\/arealorcaradio.es\\\/index.php\\\/2025\\\/02\\\/07\\\/el-piloto-lorquino-pablo-segura-quinonero-consigue-el-tercer-puesto-en-la-hivern-karting-celebrada-en-chiva\\\/\",\"url\":\"https:\\\/\\\/arealorcaradio.es\\\/index.php\\\/2025\\\/02\\\/07\\\/el-piloto-lorquino-pablo-segura-quinonero-consigue-el-tercer-puesto-en-la-hivern-karting-celebrada-en-chiva\\\/\",\"name\":\"El piloto lorquino Pablo Segura Qui\u00f1onero consigue el tercer puesto en la Hivern Karting celebrada en Chiva - AREA LORCA RADIO\",\"isPartOf\":{\"@id\":\"https:\\\/\\\/arealorcaradio.es\\\/#website\"},\"primaryImageOfPage\":{\"@id\":\"https:\\\/\\\/arealorcaradio.es\\\/index.php\\\/2025\\\/02\\\/07\\\/el-piloto-lorquino-pablo-segura-quinonero-consigue-el-tercer-puesto-en-la-hivern-karting-celebrada-en-chiva\\\/#primaryimage\"},\"image\":{\"@id\":\"https:\\\/\\\/arealorcaradio.es\\\/index.php\\\/2025\\\/02\\\/07\\\/el-piloto-lorquino-pablo-segura-quinonero-consigue-el-tercer-puesto-en-la-hivern-karting-celebrada-en-chiva\\\/#primaryimage\"},\"thumbnailUrl\":\"https:\\\/\\\/arealorcaradio.es\\\/wp-content\\\/uploads\\\/2025\\\/02\\\/IMG-20250207-WA0014.jpg\",\"datePublished\":\"2025-02-07T23:24:08+00:00\",\"author\":{\"@id\":\"https:\\\/\\\/arealorcaradio.es\\\/#\\\/schema\\\/person\\\/9fae605fc25b0f2c83c1ab207139bd27\"},\"breadcrumb\":{\"@id\":\"https:\\\/\\\/arealorcaradio.es\\\/index.php\\\/2025\\\/02\\\/07\\\/el-piloto-lorquino-pablo-segura-quinonero-consigue-el-tercer-puesto-en-la-hivern-karting-celebrada-en-chiva\\\/#breadcrumb\"},\"inLanguage\":\"es\",\"potentialAction\":[{\"@type\":\"ReadAction\",\"target\":[\"https:\\\/\\\/arealorcaradio.es\\\/index.php\\\/2025\\\/02\\\/07\\\/el-piloto-lorquino-pablo-segura-quinonero-consigue-el-tercer-puesto-en-la-hivern-karting-celebrada-en-chiva\\\/\"]}]},{\"@type\":\"ImageObject\",\"inLanguage\":\"es\",\"@id\":\"https:\\\/\\\/arealorcaradio.es\\\/index.php\\\/2025\\\/02\\\/07\\\/el-piloto-lorquino-pablo-segura-quinonero-consigue-el-tercer-puesto-en-la-hivern-karting-celebrada-en-chiva\\\/#primaryimage\",\"url\":\"https:\\\/\\\/arealorcaradio.es\\\/wp-content\\\/uploads\\\/2025\\\/02\\\/IMG-20250207-WA0014.jpg\",\"contentUrl\":\"https:\\\/\\\/arealorcaradio.es\\\/wp-content\\\/uploads\\\/2025\\\/02\\\/IMG-20250207-WA0014.jpg\",\"width\":1080,\"height\":1350},{\"@type\":\"BreadcrumbList\",\"@id\":\"https:\\\/\\\/arealorcaradio.es\\\/index.php\\\/2025\\\/02\\\/07\\\/el-piloto-lorquino-pablo-segura-quinonero-consigue-el-tercer-puesto-en-la-hivern-karting-celebrada-en-chiva\\\/#breadcrumb\",\"itemListElement\":[{\"@type\":\"ListItem\",\"position\":1,\"name\":\"Portada\",\"item\":\"https:\\\/\\\/arealorcaradio.es\\\/\"},{\"@type\":\"ListItem\",\"position\":2,\"name\":\"El piloto lorquino Pablo Segura Qui\u00f1onero consigue el tercer puesto en la Hivern Karting celebrada en Chiva\"}]},{\"@type\":\"WebSite\",\"@id\":\"https:\\\/\\\/arealorcaradio.es\\\/#website\",\"url\":\"https:\\\/\\\/arealorcaradio.es\\\/\",\"name\":\"AREA LORCA RADIO\",\"description\":\"Descubre la programaci\u00f3n actual en \u00c1rea Lorca Radio, tu fuente de entrenamiento y noticias locales. Sintoniza ahora y mantente conectado online.\",\"potentialAction\":[{\"@type\":\"SearchAction\",\"target\":{\"@type\":\"EntryPoint\",\"urlTemplate\":\"https:\\\/\\\/arealorcaradio.es\\\/?s={search_term_string}\"},\"query-input\":{\"@type\":\"PropertyValueSpecification\",\"valueRequired\":true,\"valueName\":\"search_term_string\"}}],\"inLanguage\":\"es\"},{\"@type\":\"Person\",\"@id\":\"https:\\\/\\\/arealorcaradio.es\\\/#\\\/schema\\\/person\\\/9fae605fc25b0f2c83c1ab207139bd27\",\"name\":\"Paco S\u00e1nchez\",\"image\":{\"@type\":\"ImageObject\",\"inLanguage\":\"es\",\"@id\":\"https:\\\/\\\/secure.gravatar.com\\\/avatar\\\/d67144e966420fb74aa84c9f2a0103be4724fd14db52b52d3b6bca749f257e79?s=96&d=mm&r=g\",\"url\":\"https:\\\/\\\/secure.gravatar.com\\\/avatar\\\/d67144e966420fb74aa84c9f2a0103be4724fd14db52b52d3b6bca749f257e79?s=96&d=mm&r=g\",\"contentUrl\":\"https:\\\/\\\/secure.gravatar.com\\\/avatar\\\/d67144e966420fb74aa84c9f2a0103be4724fd14db52b52d3b6bca749f257e79?s=96&d=mm&r=g\",\"caption\":\"Paco S\u00e1nchez\"},\"sameAs\":[\"https:\\\/\\\/arealorcaradio.es\"],\"url\":\"https:\\\/\\\/arealorcaradio.es\\\/index.php\\\/author\\\/admin_alorcaradio\\\/\"}]}<\/script>\n<!-- \/ Yoast SEO plugin. -->","yoast_head_json":{"title":"El piloto lorquino Pablo Segura Qui\u00f1onero consigue el tercer puesto en la Hivern Karting celebrada en Chiva - AREA LORCA RADIO","robots":{"index":"index","follow":"follow","max-snippet":"max-snippet:-1","max-image-preview":"max-image-preview:large","max-video-preview":"max-video-preview:-1"},"canonical":"https:\/\/arealorcaradio.es\/index.php\/2025\/02\/07\/el-piloto-lorquino-pablo-segura-quinonero-consigue-el-tercer-puesto-en-la-hivern-karting-celebrada-en-chiva\/","og_locale":"es_ES","og_type":"article","og_title":"El piloto lorquino Pablo Segura Qui\u00f1onero consigue el tercer puesto en la Hivern Karting celebrada en Chiva - AREA LORCA RADIO","og_description":"\u00c1REA LORCA RADIO. Deportes. Escucha aqu\u00ed la entrevista que han concedido el piloto de 9 a\u00f1os Pablo Segura Qui\u00f1onero y su Padre Pedro Segura a Paco S\u00e1nchez en el programa \u00c1rea Lorca Deportes, donde habla de su primer p\u00f3dium en una prueba de car\u00e1cter nacional e internacional, ya que compet\u00edan el domingo 37 pilotos en [&hellip;]","og_url":"https:\/\/arealorcaradio.es\/index.php\/2025\/02\/07\/el-piloto-lorquino-pablo-segura-quinonero-consigue-el-tercer-puesto-en-la-hivern-karting-celebrada-en-chiva\/","og_site_name":"AREA LORCA RADIO","article_published_time":"2025-02-07T23:24:08+00:00","og_image":[{"width":1080,"height":1350,"url":"https:\/\/arealorcaradio.es\/wp-content\/uploads\/2025\/02\/IMG-20250207-WA0014.jpg","type":"image\/jpeg"}],"author":"Paco S\u00e1nchez","twitter_card":"summary_large_image","twitter_misc":{"Escrito por":"Paco S\u00e1nchez","Tiempo de lectura":"2 minutos"},"schema":{"@context":"https:\/\/schema.org","@graph":[{"@type":"Article","@id":"https:\/\/arealorcaradio.es\/index.php\/2025\/02\/07\/el-piloto-lorquino-pablo-segura-quinonero-consigue-el-tercer-puesto-en-la-hivern-karting-celebrada-en-chiva\/#article","isPartOf":{"@id":"https:\/\/arealorcaradio.es\/index.php\/2025\/02\/07\/el-piloto-lorquino-pablo-segura-quinonero-consigue-el-tercer-puesto-en-la-hivern-karting-celebrada-en-chiva\/"},"author":{"name":"Paco S\u00e1nchez","@id":"https:\/\/arealorcaradio.es\/#\/schema\/person\/9fae605fc25b0f2c83c1ab207139bd27"},"headline":"El piloto lorquino Pablo Segura Qui\u00f1onero consigue el tercer puesto en la Hivern Karting celebrada en Chiva","datePublished":"2025-02-07T23:24:08+00:00","mainEntityOfPage":{"@id":"https:\/\/arealorcaradio.es\/index.php\/2025\/02\/07\/el-piloto-lorquino-pablo-segura-quinonero-consigue-el-tercer-puesto-en-la-hivern-karting-celebrada-en-chiva\/"},"wordCount":130,"commentCount":0,"image":{"@id":"https:\/\/arealorcaradio.es\/index.php\/2025\/02\/07\/el-piloto-lorquino-pablo-segura-quinonero-consigue-el-tercer-puesto-en-la-hivern-karting-celebrada-en-chiva\/#primaryimage"},"thumbnailUrl":"https:\/\/arealorcaradio.es\/wp-content\/uploads\/2025\/02\/IMG-20250207-WA0014.jpg","articleSection":["DEPORTES","LORCA"],"inLanguage":"es","potentialAction":[{"@type":"CommentAction","name":"Comment","target":["https:\/\/arealorcaradio.es\/index.php\/2025\/02\/07\/el-piloto-lorquino-pablo-segura-quinonero-consigue-el-tercer-puesto-en-la-hivern-karting-celebrada-en-chiva\/#respond"]}]},{"@type":"WebPage","@id":"https:\/\/arealorcaradio.es\/index.php\/2025\/02\/07\/el-piloto-lorquino-pablo-segura-quinonero-consigue-el-tercer-puesto-en-la-hivern-karting-celebrada-en-chiva\/","url":"https:\/\/arealorcaradio.es\/index.php\/2025\/02\/07\/el-piloto-lorquino-pablo-segura-quinonero-consigue-el-tercer-puesto-en-la-hivern-karting-celebrada-en-chiva\/","name":"El piloto lorquino Pablo Segura Qui\u00f1onero consigue el tercer puesto en la Hivern Karting celebrada en Chiva - AREA LORCA RADIO","isPartOf":{"@id":"https:\/\/arealorcaradio.es\/#website"},"primaryImageOfPage":{"@id":"https:\/\/arealorcaradio.es\/index.php\/2025\/02\/07\/el-piloto-lorquino-pablo-segura-quinonero-consigue-el-tercer-puesto-en-la-hivern-karting-celebrada-en-chiva\/#primaryimage"},"image":{"@id":"https:\/\/arealorcaradio.es\/index.php\/2025\/02\/07\/el-piloto-lorquino-pablo-segura-quinonero-consigue-el-tercer-puesto-en-la-hivern-karting-celebrada-en-chiva\/#primaryimage"},"thumbnailUrl":"https:\/\/arealorcaradio.es\/wp-content\/uploads\/2025\/02\/IMG-20250207-WA0014.jpg","datePublished":"2025-02-07T23:24:08+00:00","author":{"@id":"https:\/\/arealorcaradio.es\/#\/schema\/person\/9fae605fc25b0f2c83c1ab207139bd27"},"breadcrumb":{"@id":"https:\/\/arealorcaradio.es\/index.php\/2025\/02\/07\/el-piloto-lorquino-pablo-segura-quinonero-consigue-el-tercer-puesto-en-la-hivern-karting-celebrada-en-chiva\/#breadcrumb"},"inLanguage":"es","potentialAction":[{"@type":"ReadAction","target":["https:\/\/arealorcaradio.es\/index.php\/2025\/02\/07\/el-piloto-lorquino-pablo-segura-quinonero-consigue-el-tercer-puesto-en-la-hivern-karting-celebrada-en-chiva\/"]}]},{"@type":"ImageObject","inLanguage":"es","@id":"https:\/\/arealorcaradio.es\/index.php\/2025\/02\/07\/el-piloto-lorquino-pablo-segura-quinonero-consigue-el-tercer-puesto-en-la-hivern-karting-celebrada-en-chiva\/#primaryimage","url":"https:\/\/arealorcaradio.es\/wp-content\/uploads\/2025\/02\/IMG-20250207-WA0014.jpg","contentUrl":"https:\/\/arealorcaradio.es\/wp-content\/uploads\/2025\/02\/IMG-20250207-WA0014.jpg","width":1080,"height":1350},{"@type":"BreadcrumbList","@id":"https:\/\/arealorcaradio.es\/index.php\/2025\/02\/07\/el-piloto-lorquino-pablo-segura-quinonero-consigue-el-tercer-puesto-en-la-hivern-karting-celebrada-en-chiva\/#breadcrumb","itemListElement":[{"@type":"ListItem","position":1,"name":"Portada","item":"https:\/\/arealorcaradio.es\/"},{"@type":"ListItem","position":2,"name":"El piloto lorquino Pablo Segura Qui\u00f1onero consigue el tercer puesto en la Hivern Karting celebrada en Chiva"}]},{"@type":"WebSite","@id":"https:\/\/arealorcaradio.es\/#website","url":"https:\/\/arealorcaradio.es\/","name":"AREA LORCA RADIO","description":"Descubre la programaci\u00f3n actual en \u00c1rea Lorca Radio, tu fuente de entrenamiento y noticias locales. Sintoniza ahora y mantente conectado online.","potentialAction":[{"@type":"SearchAction","target":{"@type":"EntryPoint","urlTemplate":"https:\/\/arealorcaradio.es\/?s={search_term_string}"},"query-input":{"@type":"PropertyValueSpecification","valueRequired":true,"valueName":"search_term_string"}}],"inLanguage":"es"},{"@type":"Person","@id":"https:\/\/arealorcaradio.es\/#\/schema\/person\/9fae605fc25b0f2c83c1ab207139bd27","name":"Paco S\u00e1nchez","image":{"@type":"ImageObject","inLanguage":"es","@id":"https:\/\/secure.gravatar.com\/avatar\/d67144e966420fb74aa84c9f2a0103be4724fd14db52b52d3b6bca749f257e79?s=96&d=mm&r=g","url":"https:\/\/secure.gravatar.com\/avatar\/d67144e966420fb74aa84c9f2a0103be4724fd14db52b52d3b6bca749f257e79?s=96&d=mm&r=g","contentUrl":"https:\/\/secure.gravatar.com\/avatar\/d67144e966420fb74aa84c9f2a0103be4724fd14db52b52d3b6bca749f257e79?s=96&d=mm&r=g","caption":"Paco S\u00e1nchez"},"sameAs":["https:\/\/arealorcaradio.es"],"url":"https:\/\/arealorcaradio.es\/index.php\/author\/admin_alorcaradio\/"}]}},"_links":{"self":[{"href":"https:\/\/arealorcaradio.es\/index.php\/wp-json\/wp\/v2\/posts\/5521","targetHints":{"allow":["GET"]}}],"collection":[{"href":"https:\/\/arealorcaradio.es\/index.php\/wp-json\/wp\/v2\/posts"}],"about":[{"href":"https:\/\/arealorcaradio.es\/index.php\/wp-json\/wp\/v2\/types\/post"}],"author":[{"embeddable":true,"href":"https:\/\/arealorcaradio.es\/index.php\/wp-json\/wp\/v2\/users\/1"}],"replies":[{"embeddable":true,"href":"https:\/\/arealorcaradio.es\/index.php\/wp-json\/wp\/v2\/comments?post=5521"}],"version-history":[{"count":3,"href":"https:\/\/arealorcaradio.es\/index.php\/wp-json\/wp\/v2\/posts\/5521\/revisions"}],"predecessor-version":[{"id":5532,"href":"https:\/\/arealorcaradio.es\/index.php\/wp-json\/wp\/v2\/posts\/5521\/revisions\/5532"}],"wp:featuredmedia":[{"embeddable":true,"href":"https:\/\/arealorcaradio.es\/index.php\/wp-json\/wp\/v2\/media\/5522"}],"wp:attachment":[{"href":"https:\/\/arealorcaradio.es\/index.php\/wp-json\/wp\/v2\/media?parent=5521"}],"wp:term":[{"taxonomy":"category","embeddable":true,"href":"https:\/\/arealorcaradio.es\/index.php\/wp-json\/wp\/v2\/categories?post=5521"},{"taxonomy":"post_tag","embeddable":true,"href":"https:\/\/arealorcaradio.es\/index.php\/wp-json\/wp\/v2\/tags?post=5521"}],"curies":[{"name":"wp","href":"https:\/\/api.w.org\/{rel}","templated":true}]}}