{"id":5508,"date":"2025-02-06T19:38:33","date_gmt":"2025-02-06T19:38:33","guid":{"rendered":"https:\/\/arealorcaradio.es\/?p=5508"},"modified":"2025-02-06T19:38:33","modified_gmt":"2025-02-06T19:38:33","slug":"se-presenta-en-murcia-el-documental-dia-0-protagonizado-por-el-lorquino-mateo-ruiz-jodar-y-sandra-ibarra","status":"publish","type":"post","link":"https:\/\/arealorcaradio.es\/index.php\/2025\/02\/06\/se-presenta-en-murcia-el-documental-dia-0-protagonizado-por-el-lorquino-mateo-ruiz-jodar-y-sandra-ibarra\/","title":{"rendered":"Se presenta en Murcia el documental \u00abD\u00eda 0\u00bb protagonizado por el lorquino Mateo Ruiz J\u00f3dar y Sandra Ibarra"},"content":{"rendered":"<p><strong>\u00c1REA LORCA RADIO. Actualidad.<\/strong><\/p>\n<p>Escucha aqu\u00ed la emotiva intervenci\u00f3n de Mateos Ruiz en el programa magazine de \u00c1rea Lorca Radio. Ruiz J\u00f3dar habla de lo que fue la presentaci\u00f3n del Documental \u00abD\u00eda 0\u00bb que tuvo lugar este mi\u00e9rcoles 5 de febrero en la Filmoteca Regional Francisco Rabal de Murcia, Tanto Mateo Ruiz J\u00f3dar como Sandra Ibarra, cuentan sus experiencias tras recibir trasplantes de sus hermanos, gracias a los cuales han sobrevivido al c\u00e1ncer.<\/p>\n<audio class=\"wp-audio-shortcode\" id=\"audio-5508-1\" preload=\"none\" style=\"width: 100%;\" controls=\"controls\"><source type=\"audio\/mpeg\" src=\"https:\/\/arealorcaradio.es\/wp-content\/uploads\/2025\/02\/060225-MATEO-RUIZ-JODAR.-DIA-0.mp3?_=1\" \/><a href=\"https:\/\/arealorcaradio.es\/wp-content\/uploads\/2025\/02\/060225-MATEO-RUIZ-JODAR.-DIA-0.mp3\">https:\/\/arealorcaradio.es\/wp-content\/uploads\/2025\/02\/060225-MATEO-RUIZ-JODAR.-DIA-0.mp3<\/a><\/audio>\n<p><img loading=\"lazy\" decoding=\"async\" class=\"alignnone size-medium wp-image-5510\" src=\"https:\/\/arealorcaradio.es\/wp-content\/uploads\/2025\/02\/20250206_180800-300x225.jpg\" alt=\"\" width=\"300\" height=\"225\" srcset=\"https:\/\/arealorcaradio.es\/wp-content\/uploads\/2025\/02\/20250206_180800-300x225.jpg 300w, https:\/\/arealorcaradio.es\/wp-content\/uploads\/2025\/02\/20250206_180800-1024x768.jpg 1024w, https:\/\/arealorcaradio.es\/wp-content\/uploads\/2025\/02\/20250206_180800-768x576.jpg 768w, https:\/\/arealorcaradio.es\/wp-content\/uploads\/2025\/02\/20250206_180800-1536x1152.jpg 1536w, https:\/\/arealorcaradio.es\/wp-content\/uploads\/2025\/02\/20250206_180800-2048x1536.jpg 2048w, https:\/\/arealorcaradio.es\/wp-content\/uploads\/2025\/02\/20250206_180800-86x64.jpg 86w\" sizes=\"auto, (max-width: 300px) 100vw, 300px\" \/> <img loading=\"lazy\" decoding=\"async\" class=\"alignnone size-medium wp-image-5511\" src=\"https:\/\/arealorcaradio.es\/wp-content\/uploads\/2025\/02\/20250206_180839-300x225.jpg\" alt=\"\" width=\"300\" height=\"225\" srcset=\"https:\/\/arealorcaradio.es\/wp-content\/uploads\/2025\/02\/20250206_180839-300x225.jpg 300w, https:\/\/arealorcaradio.es\/wp-content\/uploads\/2025\/02\/20250206_180839-1024x768.jpg 1024w, https:\/\/arealorcaradio.es\/wp-content\/uploads\/2025\/02\/20250206_180839-768x576.jpg 768w, https:\/\/arealorcaradio.es\/wp-content\/uploads\/2025\/02\/20250206_180839-1536x1152.jpg 1536w, https:\/\/arealorcaradio.es\/wp-content\/uploads\/2025\/02\/20250206_180839-2048x1536.jpg 2048w, https:\/\/arealorcaradio.es\/wp-content\/uploads\/2025\/02\/20250206_180839-86x64.jpg 86w\" sizes=\"auto, (max-width: 300px) 100vw, 300px\" \/><\/p>\n","protected":false},"excerpt":{"rendered":"<p>\u00c1REA LORCA RADIO. Actualidad. Escucha aqu\u00ed la emotiva intervenci\u00f3n de Mateos Ruiz en el programa magazine de \u00c1rea Lorca Radio. Ruiz J\u00f3dar habla de lo que fue la presentaci\u00f3n del Documental \u00abD\u00eda 0\u00bb que tuvo lugar este mi\u00e9rcoles 5 de febrero en la Filmoteca Regional Francisco Rabal de Murcia, Tanto Mateo Ruiz J\u00f3dar como Sandra [&hellip;]<\/p>\n","protected":false},"author":1,"featured_media":5512,"comment_status":"open","ping_status":"open","sticky":false,"template":"","format":"standard","meta":{"iawp_total_views":70,"footnotes":""},"categories":[5,7],"tags":[],"class_list":["post-5508","post","type-post","status-publish","format-standard","has-post-thumbnail","hentry","category-actualidad","category-lorca"],"yoast_head":"<!-- This site is optimized with the Yoast SEO plugin v27.5 - https:\/\/yoast.com\/product\/yoast-seo-wordpress\/ -->\n<title>Se presenta en Murcia el documental &quot;D\u00eda 0&quot; protagonizado por el lorquino Mateo Ruiz J\u00f3dar y Sandra Ibarra - AREA LORCA RADIO<\/title>\n<meta name=\"robots\" content=\"index, follow, max-snippet:-1, max-image-preview:large, max-video-preview:-1\" \/>\n<link rel=\"canonical\" href=\"https:\/\/arealorcaradio.es\/index.php\/2025\/02\/06\/se-presenta-en-murcia-el-documental-dia-0-protagonizado-por-el-lorquino-mateo-ruiz-jodar-y-sandra-ibarra\/\" \/>\n<meta property=\"og:locale\" content=\"es_ES\" \/>\n<meta property=\"og:type\" content=\"article\" \/>\n<meta property=\"og:title\" content=\"Se presenta en Murcia el documental &quot;D\u00eda 0&quot; protagonizado por el lorquino Mateo Ruiz J\u00f3dar y Sandra Ibarra - AREA LORCA RADIO\" \/>\n<meta property=\"og:description\" content=\"\u00c1REA LORCA RADIO. Actualidad. Escucha aqu\u00ed la emotiva intervenci\u00f3n de Mateos Ruiz en el programa magazine de \u00c1rea Lorca Radio. Ruiz J\u00f3dar habla de lo que fue la presentaci\u00f3n del Documental \u00abD\u00eda 0\u00bb que tuvo lugar este mi\u00e9rcoles 5 de febrero en la Filmoteca Regional Francisco Rabal de Murcia, Tanto Mateo Ruiz J\u00f3dar como Sandra [&hellip;]\" \/>\n<meta property=\"og:url\" content=\"https:\/\/arealorcaradio.es\/index.php\/2025\/02\/06\/se-presenta-en-murcia-el-documental-dia-0-protagonizado-por-el-lorquino-mateo-ruiz-jodar-y-sandra-ibarra\/\" \/>\n<meta property=\"og:site_name\" content=\"AREA LORCA RADIO\" \/>\n<meta property=\"article:published_time\" content=\"2025-02-06T19:38:33+00:00\" \/>\n<meta property=\"og:image\" content=\"https:\/\/arealorcaradio.es\/wp-content\/uploads\/2025\/02\/IMG-20250206-WA0046.jpg\" \/>\n\t<meta property=\"og:image:width\" content=\"1600\" \/>\n\t<meta property=\"og:image:height\" content=\"1066\" \/>\n\t<meta property=\"og:image:type\" content=\"image\/jpeg\" \/>\n<meta name=\"author\" content=\"Paco S\u00e1nchez\" \/>\n<meta name=\"twitter:card\" content=\"summary_large_image\" \/>\n<meta name=\"twitter:label1\" content=\"Escrito por\" \/>\n\t<meta name=\"twitter:data1\" content=\"Paco S\u00e1nchez\" \/>\n\t<meta name=\"twitter:label2\" content=\"Tiempo de lectura\" \/>\n\t<meta name=\"twitter:data2\" content=\"1 minuto\" \/>\n<script type=\"application\/ld+json\" class=\"yoast-schema-graph\">{\"@context\":\"https:\\\/\\\/schema.org\",\"@graph\":[{\"@type\":\"Article\",\"@id\":\"https:\\\/\\\/arealorcaradio.es\\\/index.php\\\/2025\\\/02\\\/06\\\/se-presenta-en-murcia-el-documental-dia-0-protagonizado-por-el-lorquino-mateo-ruiz-jodar-y-sandra-ibarra\\\/#article\",\"isPartOf\":{\"@id\":\"https:\\\/\\\/arealorcaradio.es\\\/index.php\\\/2025\\\/02\\\/06\\\/se-presenta-en-murcia-el-documental-dia-0-protagonizado-por-el-lorquino-mateo-ruiz-jodar-y-sandra-ibarra\\\/\"},\"author\":{\"name\":\"Paco S\u00e1nchez\",\"@id\":\"https:\\\/\\\/arealorcaradio.es\\\/#\\\/schema\\\/person\\\/9fae605fc25b0f2c83c1ab207139bd27\"},\"headline\":\"Se presenta en Murcia el documental \u00abD\u00eda 0\u00bb protagonizado por el lorquino Mateo Ruiz J\u00f3dar y Sandra Ibarra\",\"datePublished\":\"2025-02-06T19:38:33+00:00\",\"mainEntityOfPage\":{\"@id\":\"https:\\\/\\\/arealorcaradio.es\\\/index.php\\\/2025\\\/02\\\/06\\\/se-presenta-en-murcia-el-documental-dia-0-protagonizado-por-el-lorquino-mateo-ruiz-jodar-y-sandra-ibarra\\\/\"},\"wordCount\":108,\"commentCount\":0,\"image\":{\"@id\":\"https:\\\/\\\/arealorcaradio.es\\\/index.php\\\/2025\\\/02\\\/06\\\/se-presenta-en-murcia-el-documental-dia-0-protagonizado-por-el-lorquino-mateo-ruiz-jodar-y-sandra-ibarra\\\/#primaryimage\"},\"thumbnailUrl\":\"https:\\\/\\\/arealorcaradio.es\\\/wp-content\\\/uploads\\\/2025\\\/02\\\/IMG-20250206-WA0046.jpg\",\"articleSection\":[\"ACTUALIDAD\",\"LORCA\"],\"inLanguage\":\"es\",\"potentialAction\":[{\"@type\":\"CommentAction\",\"name\":\"Comment\",\"target\":[\"https:\\\/\\\/arealorcaradio.es\\\/index.php\\\/2025\\\/02\\\/06\\\/se-presenta-en-murcia-el-documental-dia-0-protagonizado-por-el-lorquino-mateo-ruiz-jodar-y-sandra-ibarra\\\/#respond\"]}]},{\"@type\":\"WebPage\",\"@id\":\"https:\\\/\\\/arealorcaradio.es\\\/index.php\\\/2025\\\/02\\\/06\\\/se-presenta-en-murcia-el-documental-dia-0-protagonizado-por-el-lorquino-mateo-ruiz-jodar-y-sandra-ibarra\\\/\",\"url\":\"https:\\\/\\\/arealorcaradio.es\\\/index.php\\\/2025\\\/02\\\/06\\\/se-presenta-en-murcia-el-documental-dia-0-protagonizado-por-el-lorquino-mateo-ruiz-jodar-y-sandra-ibarra\\\/\",\"name\":\"Se presenta en Murcia el documental \\\"D\u00eda 0\\\" protagonizado por el lorquino Mateo Ruiz J\u00f3dar y Sandra Ibarra - AREA LORCA RADIO\",\"isPartOf\":{\"@id\":\"https:\\\/\\\/arealorcaradio.es\\\/#website\"},\"primaryImageOfPage\":{\"@id\":\"https:\\\/\\\/arealorcaradio.es\\\/index.php\\\/2025\\\/02\\\/06\\\/se-presenta-en-murcia-el-documental-dia-0-protagonizado-por-el-lorquino-mateo-ruiz-jodar-y-sandra-ibarra\\\/#primaryimage\"},\"image\":{\"@id\":\"https:\\\/\\\/arealorcaradio.es\\\/index.php\\\/2025\\\/02\\\/06\\\/se-presenta-en-murcia-el-documental-dia-0-protagonizado-por-el-lorquino-mateo-ruiz-jodar-y-sandra-ibarra\\\/#primaryimage\"},\"thumbnailUrl\":\"https:\\\/\\\/arealorcaradio.es\\\/wp-content\\\/uploads\\\/2025\\\/02\\\/IMG-20250206-WA0046.jpg\",\"datePublished\":\"2025-02-06T19:38:33+00:00\",\"author\":{\"@id\":\"https:\\\/\\\/arealorcaradio.es\\\/#\\\/schema\\\/person\\\/9fae605fc25b0f2c83c1ab207139bd27\"},\"breadcrumb\":{\"@id\":\"https:\\\/\\\/arealorcaradio.es\\\/index.php\\\/2025\\\/02\\\/06\\\/se-presenta-en-murcia-el-documental-dia-0-protagonizado-por-el-lorquino-mateo-ruiz-jodar-y-sandra-ibarra\\\/#breadcrumb\"},\"inLanguage\":\"es\",\"potentialAction\":[{\"@type\":\"ReadAction\",\"target\":[\"https:\\\/\\\/arealorcaradio.es\\\/index.php\\\/2025\\\/02\\\/06\\\/se-presenta-en-murcia-el-documental-dia-0-protagonizado-por-el-lorquino-mateo-ruiz-jodar-y-sandra-ibarra\\\/\"]}]},{\"@type\":\"ImageObject\",\"inLanguage\":\"es\",\"@id\":\"https:\\\/\\\/arealorcaradio.es\\\/index.php\\\/2025\\\/02\\\/06\\\/se-presenta-en-murcia-el-documental-dia-0-protagonizado-por-el-lorquino-mateo-ruiz-jodar-y-sandra-ibarra\\\/#primaryimage\",\"url\":\"https:\\\/\\\/arealorcaradio.es\\\/wp-content\\\/uploads\\\/2025\\\/02\\\/IMG-20250206-WA0046.jpg\",\"contentUrl\":\"https:\\\/\\\/arealorcaradio.es\\\/wp-content\\\/uploads\\\/2025\\\/02\\\/IMG-20250206-WA0046.jpg\",\"width\":1600,\"height\":1066},{\"@type\":\"BreadcrumbList\",\"@id\":\"https:\\\/\\\/arealorcaradio.es\\\/index.php\\\/2025\\\/02\\\/06\\\/se-presenta-en-murcia-el-documental-dia-0-protagonizado-por-el-lorquino-mateo-ruiz-jodar-y-sandra-ibarra\\\/#breadcrumb\",\"itemListElement\":[{\"@type\":\"ListItem\",\"position\":1,\"name\":\"Portada\",\"item\":\"https:\\\/\\\/arealorcaradio.es\\\/\"},{\"@type\":\"ListItem\",\"position\":2,\"name\":\"Se presenta en Murcia el documental \u00abD\u00eda 0\u00bb protagonizado por el lorquino Mateo Ruiz J\u00f3dar y Sandra Ibarra\"}]},{\"@type\":\"WebSite\",\"@id\":\"https:\\\/\\\/arealorcaradio.es\\\/#website\",\"url\":\"https:\\\/\\\/arealorcaradio.es\\\/\",\"name\":\"AREA LORCA RADIO\",\"description\":\"Descubre la programaci\u00f3n actual en \u00c1rea Lorca Radio, tu fuente de entrenamiento y noticias locales. Sintoniza ahora y mantente conectado online.\",\"potentialAction\":[{\"@type\":\"SearchAction\",\"target\":{\"@type\":\"EntryPoint\",\"urlTemplate\":\"https:\\\/\\\/arealorcaradio.es\\\/?s={search_term_string}\"},\"query-input\":{\"@type\":\"PropertyValueSpecification\",\"valueRequired\":true,\"valueName\":\"search_term_string\"}}],\"inLanguage\":\"es\"},{\"@type\":\"Person\",\"@id\":\"https:\\\/\\\/arealorcaradio.es\\\/#\\\/schema\\\/person\\\/9fae605fc25b0f2c83c1ab207139bd27\",\"name\":\"Paco S\u00e1nchez\",\"image\":{\"@type\":\"ImageObject\",\"inLanguage\":\"es\",\"@id\":\"https:\\\/\\\/secure.gravatar.com\\\/avatar\\\/d67144e966420fb74aa84c9f2a0103be4724fd14db52b52d3b6bca749f257e79?s=96&d=mm&r=g\",\"url\":\"https:\\\/\\\/secure.gravatar.com\\\/avatar\\\/d67144e966420fb74aa84c9f2a0103be4724fd14db52b52d3b6bca749f257e79?s=96&d=mm&r=g\",\"contentUrl\":\"https:\\\/\\\/secure.gravatar.com\\\/avatar\\\/d67144e966420fb74aa84c9f2a0103be4724fd14db52b52d3b6bca749f257e79?s=96&d=mm&r=g\",\"caption\":\"Paco S\u00e1nchez\"},\"sameAs\":[\"https:\\\/\\\/arealorcaradio.es\"],\"url\":\"https:\\\/\\\/arealorcaradio.es\\\/index.php\\\/author\\\/admin_alorcaradio\\\/\"}]}<\/script>\n<!-- \/ Yoast SEO plugin. -->","yoast_head_json":{"title":"Se presenta en Murcia el documental \"D\u00eda 0\" protagonizado por el lorquino Mateo Ruiz J\u00f3dar y Sandra Ibarra - AREA LORCA RADIO","robots":{"index":"index","follow":"follow","max-snippet":"max-snippet:-1","max-image-preview":"max-image-preview:large","max-video-preview":"max-video-preview:-1"},"canonical":"https:\/\/arealorcaradio.es\/index.php\/2025\/02\/06\/se-presenta-en-murcia-el-documental-dia-0-protagonizado-por-el-lorquino-mateo-ruiz-jodar-y-sandra-ibarra\/","og_locale":"es_ES","og_type":"article","og_title":"Se presenta en Murcia el documental \"D\u00eda 0\" protagonizado por el lorquino Mateo Ruiz J\u00f3dar y Sandra Ibarra - AREA LORCA RADIO","og_description":"\u00c1REA LORCA RADIO. Actualidad. Escucha aqu\u00ed la emotiva intervenci\u00f3n de Mateos Ruiz en el programa magazine de \u00c1rea Lorca Radio. Ruiz J\u00f3dar habla de lo que fue la presentaci\u00f3n del Documental \u00abD\u00eda 0\u00bb que tuvo lugar este mi\u00e9rcoles 5 de febrero en la Filmoteca Regional Francisco Rabal de Murcia, Tanto Mateo Ruiz J\u00f3dar como Sandra [&hellip;]","og_url":"https:\/\/arealorcaradio.es\/index.php\/2025\/02\/06\/se-presenta-en-murcia-el-documental-dia-0-protagonizado-por-el-lorquino-mateo-ruiz-jodar-y-sandra-ibarra\/","og_site_name":"AREA LORCA RADIO","article_published_time":"2025-02-06T19:38:33+00:00","og_image":[{"width":1600,"height":1066,"url":"https:\/\/arealorcaradio.es\/wp-content\/uploads\/2025\/02\/IMG-20250206-WA0046.jpg","type":"image\/jpeg"}],"author":"Paco S\u00e1nchez","twitter_card":"summary_large_image","twitter_misc":{"Escrito por":"Paco S\u00e1nchez","Tiempo de lectura":"1 minuto"},"schema":{"@context":"https:\/\/schema.org","@graph":[{"@type":"Article","@id":"https:\/\/arealorcaradio.es\/index.php\/2025\/02\/06\/se-presenta-en-murcia-el-documental-dia-0-protagonizado-por-el-lorquino-mateo-ruiz-jodar-y-sandra-ibarra\/#article","isPartOf":{"@id":"https:\/\/arealorcaradio.es\/index.php\/2025\/02\/06\/se-presenta-en-murcia-el-documental-dia-0-protagonizado-por-el-lorquino-mateo-ruiz-jodar-y-sandra-ibarra\/"},"author":{"name":"Paco S\u00e1nchez","@id":"https:\/\/arealorcaradio.es\/#\/schema\/person\/9fae605fc25b0f2c83c1ab207139bd27"},"headline":"Se presenta en Murcia el documental \u00abD\u00eda 0\u00bb protagonizado por el lorquino Mateo Ruiz J\u00f3dar y Sandra Ibarra","datePublished":"2025-02-06T19:38:33+00:00","mainEntityOfPage":{"@id":"https:\/\/arealorcaradio.es\/index.php\/2025\/02\/06\/se-presenta-en-murcia-el-documental-dia-0-protagonizado-por-el-lorquino-mateo-ruiz-jodar-y-sandra-ibarra\/"},"wordCount":108,"commentCount":0,"image":{"@id":"https:\/\/arealorcaradio.es\/index.php\/2025\/02\/06\/se-presenta-en-murcia-el-documental-dia-0-protagonizado-por-el-lorquino-mateo-ruiz-jodar-y-sandra-ibarra\/#primaryimage"},"thumbnailUrl":"https:\/\/arealorcaradio.es\/wp-content\/uploads\/2025\/02\/IMG-20250206-WA0046.jpg","articleSection":["ACTUALIDAD","LORCA"],"inLanguage":"es","potentialAction":[{"@type":"CommentAction","name":"Comment","target":["https:\/\/arealorcaradio.es\/index.php\/2025\/02\/06\/se-presenta-en-murcia-el-documental-dia-0-protagonizado-por-el-lorquino-mateo-ruiz-jodar-y-sandra-ibarra\/#respond"]}]},{"@type":"WebPage","@id":"https:\/\/arealorcaradio.es\/index.php\/2025\/02\/06\/se-presenta-en-murcia-el-documental-dia-0-protagonizado-por-el-lorquino-mateo-ruiz-jodar-y-sandra-ibarra\/","url":"https:\/\/arealorcaradio.es\/index.php\/2025\/02\/06\/se-presenta-en-murcia-el-documental-dia-0-protagonizado-por-el-lorquino-mateo-ruiz-jodar-y-sandra-ibarra\/","name":"Se presenta en Murcia el documental \"D\u00eda 0\" protagonizado por el lorquino Mateo Ruiz J\u00f3dar y Sandra Ibarra - AREA LORCA RADIO","isPartOf":{"@id":"https:\/\/arealorcaradio.es\/#website"},"primaryImageOfPage":{"@id":"https:\/\/arealorcaradio.es\/index.php\/2025\/02\/06\/se-presenta-en-murcia-el-documental-dia-0-protagonizado-por-el-lorquino-mateo-ruiz-jodar-y-sandra-ibarra\/#primaryimage"},"image":{"@id":"https:\/\/arealorcaradio.es\/index.php\/2025\/02\/06\/se-presenta-en-murcia-el-documental-dia-0-protagonizado-por-el-lorquino-mateo-ruiz-jodar-y-sandra-ibarra\/#primaryimage"},"thumbnailUrl":"https:\/\/arealorcaradio.es\/wp-content\/uploads\/2025\/02\/IMG-20250206-WA0046.jpg","datePublished":"2025-02-06T19:38:33+00:00","author":{"@id":"https:\/\/arealorcaradio.es\/#\/schema\/person\/9fae605fc25b0f2c83c1ab207139bd27"},"breadcrumb":{"@id":"https:\/\/arealorcaradio.es\/index.php\/2025\/02\/06\/se-presenta-en-murcia-el-documental-dia-0-protagonizado-por-el-lorquino-mateo-ruiz-jodar-y-sandra-ibarra\/#breadcrumb"},"inLanguage":"es","potentialAction":[{"@type":"ReadAction","target":["https:\/\/arealorcaradio.es\/index.php\/2025\/02\/06\/se-presenta-en-murcia-el-documental-dia-0-protagonizado-por-el-lorquino-mateo-ruiz-jodar-y-sandra-ibarra\/"]}]},{"@type":"ImageObject","inLanguage":"es","@id":"https:\/\/arealorcaradio.es\/index.php\/2025\/02\/06\/se-presenta-en-murcia-el-documental-dia-0-protagonizado-por-el-lorquino-mateo-ruiz-jodar-y-sandra-ibarra\/#primaryimage","url":"https:\/\/arealorcaradio.es\/wp-content\/uploads\/2025\/02\/IMG-20250206-WA0046.jpg","contentUrl":"https:\/\/arealorcaradio.es\/wp-content\/uploads\/2025\/02\/IMG-20250206-WA0046.jpg","width":1600,"height":1066},{"@type":"BreadcrumbList","@id":"https:\/\/arealorcaradio.es\/index.php\/2025\/02\/06\/se-presenta-en-murcia-el-documental-dia-0-protagonizado-por-el-lorquino-mateo-ruiz-jodar-y-sandra-ibarra\/#breadcrumb","itemListElement":[{"@type":"ListItem","position":1,"name":"Portada","item":"https:\/\/arealorcaradio.es\/"},{"@type":"ListItem","position":2,"name":"Se presenta en Murcia el documental \u00abD\u00eda 0\u00bb protagonizado por el lorquino Mateo Ruiz J\u00f3dar y Sandra Ibarra"}]},{"@type":"WebSite","@id":"https:\/\/arealorcaradio.es\/#website","url":"https:\/\/arealorcaradio.es\/","name":"AREA LORCA RADIO","description":"Descubre la programaci\u00f3n actual en \u00c1rea Lorca Radio, tu fuente de entrenamiento y noticias locales. Sintoniza ahora y mantente conectado online.","potentialAction":[{"@type":"SearchAction","target":{"@type":"EntryPoint","urlTemplate":"https:\/\/arealorcaradio.es\/?s={search_term_string}"},"query-input":{"@type":"PropertyValueSpecification","valueRequired":true,"valueName":"search_term_string"}}],"inLanguage":"es"},{"@type":"Person","@id":"https:\/\/arealorcaradio.es\/#\/schema\/person\/9fae605fc25b0f2c83c1ab207139bd27","name":"Paco S\u00e1nchez","image":{"@type":"ImageObject","inLanguage":"es","@id":"https:\/\/secure.gravatar.com\/avatar\/d67144e966420fb74aa84c9f2a0103be4724fd14db52b52d3b6bca749f257e79?s=96&d=mm&r=g","url":"https:\/\/secure.gravatar.com\/avatar\/d67144e966420fb74aa84c9f2a0103be4724fd14db52b52d3b6bca749f257e79?s=96&d=mm&r=g","contentUrl":"https:\/\/secure.gravatar.com\/avatar\/d67144e966420fb74aa84c9f2a0103be4724fd14db52b52d3b6bca749f257e79?s=96&d=mm&r=g","caption":"Paco S\u00e1nchez"},"sameAs":["https:\/\/arealorcaradio.es"],"url":"https:\/\/arealorcaradio.es\/index.php\/author\/admin_alorcaradio\/"}]}},"_links":{"self":[{"href":"https:\/\/arealorcaradio.es\/index.php\/wp-json\/wp\/v2\/posts\/5508","targetHints":{"allow":["GET"]}}],"collection":[{"href":"https:\/\/arealorcaradio.es\/index.php\/wp-json\/wp\/v2\/posts"}],"about":[{"href":"https:\/\/arealorcaradio.es\/index.php\/wp-json\/wp\/v2\/types\/post"}],"author":[{"embeddable":true,"href":"https:\/\/arealorcaradio.es\/index.php\/wp-json\/wp\/v2\/users\/1"}],"replies":[{"embeddable":true,"href":"https:\/\/arealorcaradio.es\/index.php\/wp-json\/wp\/v2\/comments?post=5508"}],"version-history":[{"count":1,"href":"https:\/\/arealorcaradio.es\/index.php\/wp-json\/wp\/v2\/posts\/5508\/revisions"}],"predecessor-version":[{"id":5513,"href":"https:\/\/arealorcaradio.es\/index.php\/wp-json\/wp\/v2\/posts\/5508\/revisions\/5513"}],"wp:featuredmedia":[{"embeddable":true,"href":"https:\/\/arealorcaradio.es\/index.php\/wp-json\/wp\/v2\/media\/5512"}],"wp:attachment":[{"href":"https:\/\/arealorcaradio.es\/index.php\/wp-json\/wp\/v2\/media?parent=5508"}],"wp:term":[{"taxonomy":"category","embeddable":true,"href":"https:\/\/arealorcaradio.es\/index.php\/wp-json\/wp\/v2\/categories?post=5508"},{"taxonomy":"post_tag","embeddable":true,"href":"https:\/\/arealorcaradio.es\/index.php\/wp-json\/wp\/v2\/tags?post=5508"}],"curies":[{"name":"wp","href":"https:\/\/api.w.org\/{rel}","templated":true}]}}