{"id":5500,"date":"2025-02-06T19:37:30","date_gmt":"2025-02-06T19:37:30","guid":{"rendered":"https:\/\/arealorcaradio.es\/?p=5500"},"modified":"2025-02-06T19:37:30","modified_gmt":"2025-02-06T19:37:30","slug":"lorca-a-finales-del-siglo-xv-a-traves-de-la-mirada-del-ciudadano-aleman-jeronimo-munzer","status":"publish","type":"post","link":"https:\/\/arealorcaradio.es\/index.php\/2025\/02\/06\/lorca-a-finales-del-siglo-xv-a-traves-de-la-mirada-del-ciudadano-aleman-jeronimo-munzer\/","title":{"rendered":"Lorca a finales del siglo XV a trav\u00e9s de la mirada del ciudadano alem\u00e1n Jer\u00f3nimo M\u00fcnzer"},"content":{"rendered":"<p><strong>\u00c1REA LORCA RADIO. Actualidad.<\/strong><\/p>\n<p>El profesor de historia David Mart\u00ednez nos acerca en un nuevo episodio de nuestra historia, el paso por Lorca de un viajero alem\u00e1n, Jer\u00f3nimo M\u00fcnzer, cuya definici\u00f3n de lo que era Lorca a finales del siglo XV es muy llamativa. Escucha aqu\u00ed la intervenci\u00f3n de David Mart\u00ednez en el magazine de \u00c1rea Lorca Radio.<\/p>\n<audio class=\"wp-audio-shortcode\" id=\"audio-5500-1\" preload=\"none\" style=\"width: 100%;\" controls=\"controls\"><source type=\"audio\/mpeg\" src=\"https:\/\/arealorcaradio.es\/wp-content\/uploads\/2025\/02\/060225-DAVID-MARTINEZ.-SIGLO-XV.-GERONIMO-MUNZER.mp3?_=1\" \/><a href=\"https:\/\/arealorcaradio.es\/wp-content\/uploads\/2025\/02\/060225-DAVID-MARTINEZ.-SIGLO-XV.-GERONIMO-MUNZER.mp3\">https:\/\/arealorcaradio.es\/wp-content\/uploads\/2025\/02\/060225-DAVID-MARTINEZ.-SIGLO-XV.-GERONIMO-MUNZER.mp3<\/a><\/audio>\n<p><img loading=\"lazy\" decoding=\"async\" class=\"alignnone size-medium wp-image-5504\" src=\"https:\/\/arealorcaradio.es\/wp-content\/uploads\/2025\/02\/Screenshot_20250206-195243_Samsung-Internet-192x300.jpg\" alt=\"\" width=\"192\" height=\"300\" srcset=\"https:\/\/arealorcaradio.es\/wp-content\/uploads\/2025\/02\/Screenshot_20250206-195243_Samsung-Internet-192x300.jpg 192w, https:\/\/arealorcaradio.es\/wp-content\/uploads\/2025\/02\/Screenshot_20250206-195243_Samsung-Internet.jpg 545w\" sizes=\"auto, (max-width: 192px) 100vw, 192px\" \/> <img loading=\"lazy\" decoding=\"async\" class=\"alignnone size-medium wp-image-5505\" src=\"https:\/\/arealorcaradio.es\/wp-content\/uploads\/2025\/02\/IMG-20250206-WA0048-216x300.jpg\" alt=\"\" width=\"216\" height=\"300\" srcset=\"https:\/\/arealorcaradio.es\/wp-content\/uploads\/2025\/02\/IMG-20250206-WA0048-216x300.jpg 216w, https:\/\/arealorcaradio.es\/wp-content\/uploads\/2025\/02\/IMG-20250206-WA0048.jpg 369w\" sizes=\"auto, (max-width: 216px) 100vw, 216px\" \/> <img loading=\"lazy\" decoding=\"async\" class=\"alignnone size-medium wp-image-5506\" src=\"https:\/\/arealorcaradio.es\/wp-content\/uploads\/2025\/02\/IMG-20250206-WA0049-235x300.jpg\" alt=\"\" width=\"235\" height=\"300\" srcset=\"https:\/\/arealorcaradio.es\/wp-content\/uploads\/2025\/02\/IMG-20250206-WA0049-235x300.jpg 235w, https:\/\/arealorcaradio.es\/wp-content\/uploads\/2025\/02\/IMG-20250206-WA0049.jpg 530w\" sizes=\"auto, (max-width: 235px) 100vw, 235px\" \/><\/p>\n","protected":false},"excerpt":{"rendered":"<p>\u00c1REA LORCA RADIO. Actualidad. El profesor de historia David Mart\u00ednez nos acerca en un nuevo episodio de nuestra historia, el paso por Lorca de un viajero alem\u00e1n, Jer\u00f3nimo M\u00fcnzer, cuya definici\u00f3n de lo que era Lorca a finales del siglo XV es muy llamativa. Escucha aqu\u00ed la intervenci\u00f3n de David Mart\u00ednez en el magazine de [&hellip;]<\/p>\n","protected":false},"author":1,"featured_media":5502,"comment_status":"open","ping_status":"open","sticky":false,"template":"","format":"standard","meta":{"iawp_total_views":57,"footnotes":""},"categories":[5,7],"tags":[],"class_list":["post-5500","post","type-post","status-publish","format-standard","has-post-thumbnail","hentry","category-actualidad","category-lorca"],"yoast_head":"<!-- This site is optimized with the Yoast SEO plugin v27.5 - https:\/\/yoast.com\/product\/yoast-seo-wordpress\/ -->\n<title>Lorca a finales del siglo XV a trav\u00e9s de la mirada del ciudadano alem\u00e1n Jer\u00f3nimo M\u00fcnzer - AREA LORCA RADIO<\/title>\n<meta name=\"robots\" content=\"index, follow, max-snippet:-1, max-image-preview:large, max-video-preview:-1\" \/>\n<link rel=\"canonical\" href=\"https:\/\/arealorcaradio.es\/index.php\/2025\/02\/06\/lorca-a-finales-del-siglo-xv-a-traves-de-la-mirada-del-ciudadano-aleman-jeronimo-munzer\/\" \/>\n<meta property=\"og:locale\" content=\"es_ES\" \/>\n<meta property=\"og:type\" content=\"article\" \/>\n<meta property=\"og:title\" content=\"Lorca a finales del siglo XV a trav\u00e9s de la mirada del ciudadano alem\u00e1n Jer\u00f3nimo M\u00fcnzer - AREA LORCA RADIO\" \/>\n<meta property=\"og:description\" content=\"\u00c1REA LORCA RADIO. Actualidad. El profesor de historia David Mart\u00ednez nos acerca en un nuevo episodio de nuestra historia, el paso por Lorca de un viajero alem\u00e1n, Jer\u00f3nimo M\u00fcnzer, cuya definici\u00f3n de lo que era Lorca a finales del siglo XV es muy llamativa. Escucha aqu\u00ed la intervenci\u00f3n de David Mart\u00ednez en el magazine de [&hellip;]\" \/>\n<meta property=\"og:url\" content=\"https:\/\/arealorcaradio.es\/index.php\/2025\/02\/06\/lorca-a-finales-del-siglo-xv-a-traves-de-la-mirada-del-ciudadano-aleman-jeronimo-munzer\/\" \/>\n<meta property=\"og:site_name\" content=\"AREA LORCA RADIO\" \/>\n<meta property=\"article:published_time\" content=\"2025-02-06T19:37:30+00:00\" \/>\n<meta property=\"og:image\" content=\"https:\/\/arealorcaradio.es\/wp-content\/uploads\/2025\/02\/IMG-20250206-WA0050.jpg\" \/>\n\t<meta property=\"og:image:width\" content=\"720\" \/>\n\t<meta property=\"og:image:height\" content=\"576\" \/>\n\t<meta property=\"og:image:type\" content=\"image\/jpeg\" \/>\n<meta name=\"author\" content=\"Paco S\u00e1nchez\" \/>\n<meta name=\"twitter:card\" content=\"summary_large_image\" \/>\n<meta name=\"twitter:label1\" content=\"Escrito por\" \/>\n\t<meta name=\"twitter:data1\" content=\"Paco S\u00e1nchez\" \/>\n\t<meta name=\"twitter:label2\" content=\"Tiempo de lectura\" \/>\n\t<meta name=\"twitter:data2\" content=\"2 minutos\" \/>\n<script type=\"application\/ld+json\" class=\"yoast-schema-graph\">{\"@context\":\"https:\\\/\\\/schema.org\",\"@graph\":[{\"@type\":\"Article\",\"@id\":\"https:\\\/\\\/arealorcaradio.es\\\/index.php\\\/2025\\\/02\\\/06\\\/lorca-a-finales-del-siglo-xv-a-traves-de-la-mirada-del-ciudadano-aleman-jeronimo-munzer\\\/#article\",\"isPartOf\":{\"@id\":\"https:\\\/\\\/arealorcaradio.es\\\/index.php\\\/2025\\\/02\\\/06\\\/lorca-a-finales-del-siglo-xv-a-traves-de-la-mirada-del-ciudadano-aleman-jeronimo-munzer\\\/\"},\"author\":{\"name\":\"Paco S\u00e1nchez\",\"@id\":\"https:\\\/\\\/arealorcaradio.es\\\/#\\\/schema\\\/person\\\/9fae605fc25b0f2c83c1ab207139bd27\"},\"headline\":\"Lorca a finales del siglo XV a trav\u00e9s de la mirada del ciudadano alem\u00e1n Jer\u00f3nimo M\u00fcnzer\",\"datePublished\":\"2025-02-06T19:37:30+00:00\",\"mainEntityOfPage\":{\"@id\":\"https:\\\/\\\/arealorcaradio.es\\\/index.php\\\/2025\\\/02\\\/06\\\/lorca-a-finales-del-siglo-xv-a-traves-de-la-mirada-del-ciudadano-aleman-jeronimo-munzer\\\/\"},\"wordCount\":97,\"commentCount\":0,\"image\":{\"@id\":\"https:\\\/\\\/arealorcaradio.es\\\/index.php\\\/2025\\\/02\\\/06\\\/lorca-a-finales-del-siglo-xv-a-traves-de-la-mirada-del-ciudadano-aleman-jeronimo-munzer\\\/#primaryimage\"},\"thumbnailUrl\":\"https:\\\/\\\/arealorcaradio.es\\\/wp-content\\\/uploads\\\/2025\\\/02\\\/IMG-20250206-WA0050.jpg\",\"articleSection\":[\"ACTUALIDAD\",\"LORCA\"],\"inLanguage\":\"es\",\"potentialAction\":[{\"@type\":\"CommentAction\",\"name\":\"Comment\",\"target\":[\"https:\\\/\\\/arealorcaradio.es\\\/index.php\\\/2025\\\/02\\\/06\\\/lorca-a-finales-del-siglo-xv-a-traves-de-la-mirada-del-ciudadano-aleman-jeronimo-munzer\\\/#respond\"]}]},{\"@type\":\"WebPage\",\"@id\":\"https:\\\/\\\/arealorcaradio.es\\\/index.php\\\/2025\\\/02\\\/06\\\/lorca-a-finales-del-siglo-xv-a-traves-de-la-mirada-del-ciudadano-aleman-jeronimo-munzer\\\/\",\"url\":\"https:\\\/\\\/arealorcaradio.es\\\/index.php\\\/2025\\\/02\\\/06\\\/lorca-a-finales-del-siglo-xv-a-traves-de-la-mirada-del-ciudadano-aleman-jeronimo-munzer\\\/\",\"name\":\"Lorca a finales del siglo XV a trav\u00e9s de la mirada del ciudadano alem\u00e1n Jer\u00f3nimo M\u00fcnzer - AREA LORCA RADIO\",\"isPartOf\":{\"@id\":\"https:\\\/\\\/arealorcaradio.es\\\/#website\"},\"primaryImageOfPage\":{\"@id\":\"https:\\\/\\\/arealorcaradio.es\\\/index.php\\\/2025\\\/02\\\/06\\\/lorca-a-finales-del-siglo-xv-a-traves-de-la-mirada-del-ciudadano-aleman-jeronimo-munzer\\\/#primaryimage\"},\"image\":{\"@id\":\"https:\\\/\\\/arealorcaradio.es\\\/index.php\\\/2025\\\/02\\\/06\\\/lorca-a-finales-del-siglo-xv-a-traves-de-la-mirada-del-ciudadano-aleman-jeronimo-munzer\\\/#primaryimage\"},\"thumbnailUrl\":\"https:\\\/\\\/arealorcaradio.es\\\/wp-content\\\/uploads\\\/2025\\\/02\\\/IMG-20250206-WA0050.jpg\",\"datePublished\":\"2025-02-06T19:37:30+00:00\",\"author\":{\"@id\":\"https:\\\/\\\/arealorcaradio.es\\\/#\\\/schema\\\/person\\\/9fae605fc25b0f2c83c1ab207139bd27\"},\"breadcrumb\":{\"@id\":\"https:\\\/\\\/arealorcaradio.es\\\/index.php\\\/2025\\\/02\\\/06\\\/lorca-a-finales-del-siglo-xv-a-traves-de-la-mirada-del-ciudadano-aleman-jeronimo-munzer\\\/#breadcrumb\"},\"inLanguage\":\"es\",\"potentialAction\":[{\"@type\":\"ReadAction\",\"target\":[\"https:\\\/\\\/arealorcaradio.es\\\/index.php\\\/2025\\\/02\\\/06\\\/lorca-a-finales-del-siglo-xv-a-traves-de-la-mirada-del-ciudadano-aleman-jeronimo-munzer\\\/\"]}]},{\"@type\":\"ImageObject\",\"inLanguage\":\"es\",\"@id\":\"https:\\\/\\\/arealorcaradio.es\\\/index.php\\\/2025\\\/02\\\/06\\\/lorca-a-finales-del-siglo-xv-a-traves-de-la-mirada-del-ciudadano-aleman-jeronimo-munzer\\\/#primaryimage\",\"url\":\"https:\\\/\\\/arealorcaradio.es\\\/wp-content\\\/uploads\\\/2025\\\/02\\\/IMG-20250206-WA0050.jpg\",\"contentUrl\":\"https:\\\/\\\/arealorcaradio.es\\\/wp-content\\\/uploads\\\/2025\\\/02\\\/IMG-20250206-WA0050.jpg\",\"width\":720,\"height\":576},{\"@type\":\"BreadcrumbList\",\"@id\":\"https:\\\/\\\/arealorcaradio.es\\\/index.php\\\/2025\\\/02\\\/06\\\/lorca-a-finales-del-siglo-xv-a-traves-de-la-mirada-del-ciudadano-aleman-jeronimo-munzer\\\/#breadcrumb\",\"itemListElement\":[{\"@type\":\"ListItem\",\"position\":1,\"name\":\"Portada\",\"item\":\"https:\\\/\\\/arealorcaradio.es\\\/\"},{\"@type\":\"ListItem\",\"position\":2,\"name\":\"Lorca a finales del siglo XV a trav\u00e9s de la mirada del ciudadano alem\u00e1n Jer\u00f3nimo M\u00fcnzer\"}]},{\"@type\":\"WebSite\",\"@id\":\"https:\\\/\\\/arealorcaradio.es\\\/#website\",\"url\":\"https:\\\/\\\/arealorcaradio.es\\\/\",\"name\":\"AREA LORCA RADIO\",\"description\":\"Descubre la programaci\u00f3n actual en \u00c1rea Lorca Radio, tu fuente de entrenamiento y noticias locales. Sintoniza ahora y mantente conectado online.\",\"potentialAction\":[{\"@type\":\"SearchAction\",\"target\":{\"@type\":\"EntryPoint\",\"urlTemplate\":\"https:\\\/\\\/arealorcaradio.es\\\/?s={search_term_string}\"},\"query-input\":{\"@type\":\"PropertyValueSpecification\",\"valueRequired\":true,\"valueName\":\"search_term_string\"}}],\"inLanguage\":\"es\"},{\"@type\":\"Person\",\"@id\":\"https:\\\/\\\/arealorcaradio.es\\\/#\\\/schema\\\/person\\\/9fae605fc25b0f2c83c1ab207139bd27\",\"name\":\"Paco S\u00e1nchez\",\"image\":{\"@type\":\"ImageObject\",\"inLanguage\":\"es\",\"@id\":\"https:\\\/\\\/secure.gravatar.com\\\/avatar\\\/d67144e966420fb74aa84c9f2a0103be4724fd14db52b52d3b6bca749f257e79?s=96&d=mm&r=g\",\"url\":\"https:\\\/\\\/secure.gravatar.com\\\/avatar\\\/d67144e966420fb74aa84c9f2a0103be4724fd14db52b52d3b6bca749f257e79?s=96&d=mm&r=g\",\"contentUrl\":\"https:\\\/\\\/secure.gravatar.com\\\/avatar\\\/d67144e966420fb74aa84c9f2a0103be4724fd14db52b52d3b6bca749f257e79?s=96&d=mm&r=g\",\"caption\":\"Paco S\u00e1nchez\"},\"sameAs\":[\"https:\\\/\\\/arealorcaradio.es\"],\"url\":\"https:\\\/\\\/arealorcaradio.es\\\/index.php\\\/author\\\/admin_alorcaradio\\\/\"}]}<\/script>\n<!-- \/ Yoast SEO plugin. -->","yoast_head_json":{"title":"Lorca a finales del siglo XV a trav\u00e9s de la mirada del ciudadano alem\u00e1n Jer\u00f3nimo M\u00fcnzer - AREA LORCA RADIO","robots":{"index":"index","follow":"follow","max-snippet":"max-snippet:-1","max-image-preview":"max-image-preview:large","max-video-preview":"max-video-preview:-1"},"canonical":"https:\/\/arealorcaradio.es\/index.php\/2025\/02\/06\/lorca-a-finales-del-siglo-xv-a-traves-de-la-mirada-del-ciudadano-aleman-jeronimo-munzer\/","og_locale":"es_ES","og_type":"article","og_title":"Lorca a finales del siglo XV a trav\u00e9s de la mirada del ciudadano alem\u00e1n Jer\u00f3nimo M\u00fcnzer - AREA LORCA RADIO","og_description":"\u00c1REA LORCA RADIO. Actualidad. El profesor de historia David Mart\u00ednez nos acerca en un nuevo episodio de nuestra historia, el paso por Lorca de un viajero alem\u00e1n, Jer\u00f3nimo M\u00fcnzer, cuya definici\u00f3n de lo que era Lorca a finales del siglo XV es muy llamativa. Escucha aqu\u00ed la intervenci\u00f3n de David Mart\u00ednez en el magazine de [&hellip;]","og_url":"https:\/\/arealorcaradio.es\/index.php\/2025\/02\/06\/lorca-a-finales-del-siglo-xv-a-traves-de-la-mirada-del-ciudadano-aleman-jeronimo-munzer\/","og_site_name":"AREA LORCA RADIO","article_published_time":"2025-02-06T19:37:30+00:00","og_image":[{"width":720,"height":576,"url":"https:\/\/arealorcaradio.es\/wp-content\/uploads\/2025\/02\/IMG-20250206-WA0050.jpg","type":"image\/jpeg"}],"author":"Paco S\u00e1nchez","twitter_card":"summary_large_image","twitter_misc":{"Escrito por":"Paco S\u00e1nchez","Tiempo de lectura":"2 minutos"},"schema":{"@context":"https:\/\/schema.org","@graph":[{"@type":"Article","@id":"https:\/\/arealorcaradio.es\/index.php\/2025\/02\/06\/lorca-a-finales-del-siglo-xv-a-traves-de-la-mirada-del-ciudadano-aleman-jeronimo-munzer\/#article","isPartOf":{"@id":"https:\/\/arealorcaradio.es\/index.php\/2025\/02\/06\/lorca-a-finales-del-siglo-xv-a-traves-de-la-mirada-del-ciudadano-aleman-jeronimo-munzer\/"},"author":{"name":"Paco S\u00e1nchez","@id":"https:\/\/arealorcaradio.es\/#\/schema\/person\/9fae605fc25b0f2c83c1ab207139bd27"},"headline":"Lorca a finales del siglo XV a trav\u00e9s de la mirada del ciudadano alem\u00e1n Jer\u00f3nimo M\u00fcnzer","datePublished":"2025-02-06T19:37:30+00:00","mainEntityOfPage":{"@id":"https:\/\/arealorcaradio.es\/index.php\/2025\/02\/06\/lorca-a-finales-del-siglo-xv-a-traves-de-la-mirada-del-ciudadano-aleman-jeronimo-munzer\/"},"wordCount":97,"commentCount":0,"image":{"@id":"https:\/\/arealorcaradio.es\/index.php\/2025\/02\/06\/lorca-a-finales-del-siglo-xv-a-traves-de-la-mirada-del-ciudadano-aleman-jeronimo-munzer\/#primaryimage"},"thumbnailUrl":"https:\/\/arealorcaradio.es\/wp-content\/uploads\/2025\/02\/IMG-20250206-WA0050.jpg","articleSection":["ACTUALIDAD","LORCA"],"inLanguage":"es","potentialAction":[{"@type":"CommentAction","name":"Comment","target":["https:\/\/arealorcaradio.es\/index.php\/2025\/02\/06\/lorca-a-finales-del-siglo-xv-a-traves-de-la-mirada-del-ciudadano-aleman-jeronimo-munzer\/#respond"]}]},{"@type":"WebPage","@id":"https:\/\/arealorcaradio.es\/index.php\/2025\/02\/06\/lorca-a-finales-del-siglo-xv-a-traves-de-la-mirada-del-ciudadano-aleman-jeronimo-munzer\/","url":"https:\/\/arealorcaradio.es\/index.php\/2025\/02\/06\/lorca-a-finales-del-siglo-xv-a-traves-de-la-mirada-del-ciudadano-aleman-jeronimo-munzer\/","name":"Lorca a finales del siglo XV a trav\u00e9s de la mirada del ciudadano alem\u00e1n Jer\u00f3nimo M\u00fcnzer - AREA LORCA RADIO","isPartOf":{"@id":"https:\/\/arealorcaradio.es\/#website"},"primaryImageOfPage":{"@id":"https:\/\/arealorcaradio.es\/index.php\/2025\/02\/06\/lorca-a-finales-del-siglo-xv-a-traves-de-la-mirada-del-ciudadano-aleman-jeronimo-munzer\/#primaryimage"},"image":{"@id":"https:\/\/arealorcaradio.es\/index.php\/2025\/02\/06\/lorca-a-finales-del-siglo-xv-a-traves-de-la-mirada-del-ciudadano-aleman-jeronimo-munzer\/#primaryimage"},"thumbnailUrl":"https:\/\/arealorcaradio.es\/wp-content\/uploads\/2025\/02\/IMG-20250206-WA0050.jpg","datePublished":"2025-02-06T19:37:30+00:00","author":{"@id":"https:\/\/arealorcaradio.es\/#\/schema\/person\/9fae605fc25b0f2c83c1ab207139bd27"},"breadcrumb":{"@id":"https:\/\/arealorcaradio.es\/index.php\/2025\/02\/06\/lorca-a-finales-del-siglo-xv-a-traves-de-la-mirada-del-ciudadano-aleman-jeronimo-munzer\/#breadcrumb"},"inLanguage":"es","potentialAction":[{"@type":"ReadAction","target":["https:\/\/arealorcaradio.es\/index.php\/2025\/02\/06\/lorca-a-finales-del-siglo-xv-a-traves-de-la-mirada-del-ciudadano-aleman-jeronimo-munzer\/"]}]},{"@type":"ImageObject","inLanguage":"es","@id":"https:\/\/arealorcaradio.es\/index.php\/2025\/02\/06\/lorca-a-finales-del-siglo-xv-a-traves-de-la-mirada-del-ciudadano-aleman-jeronimo-munzer\/#primaryimage","url":"https:\/\/arealorcaradio.es\/wp-content\/uploads\/2025\/02\/IMG-20250206-WA0050.jpg","contentUrl":"https:\/\/arealorcaradio.es\/wp-content\/uploads\/2025\/02\/IMG-20250206-WA0050.jpg","width":720,"height":576},{"@type":"BreadcrumbList","@id":"https:\/\/arealorcaradio.es\/index.php\/2025\/02\/06\/lorca-a-finales-del-siglo-xv-a-traves-de-la-mirada-del-ciudadano-aleman-jeronimo-munzer\/#breadcrumb","itemListElement":[{"@type":"ListItem","position":1,"name":"Portada","item":"https:\/\/arealorcaradio.es\/"},{"@type":"ListItem","position":2,"name":"Lorca a finales del siglo XV a trav\u00e9s de la mirada del ciudadano alem\u00e1n Jer\u00f3nimo M\u00fcnzer"}]},{"@type":"WebSite","@id":"https:\/\/arealorcaradio.es\/#website","url":"https:\/\/arealorcaradio.es\/","name":"AREA LORCA RADIO","description":"Descubre la programaci\u00f3n actual en \u00c1rea Lorca Radio, tu fuente de entrenamiento y noticias locales. Sintoniza ahora y mantente conectado online.","potentialAction":[{"@type":"SearchAction","target":{"@type":"EntryPoint","urlTemplate":"https:\/\/arealorcaradio.es\/?s={search_term_string}"},"query-input":{"@type":"PropertyValueSpecification","valueRequired":true,"valueName":"search_term_string"}}],"inLanguage":"es"},{"@type":"Person","@id":"https:\/\/arealorcaradio.es\/#\/schema\/person\/9fae605fc25b0f2c83c1ab207139bd27","name":"Paco S\u00e1nchez","image":{"@type":"ImageObject","inLanguage":"es","@id":"https:\/\/secure.gravatar.com\/avatar\/d67144e966420fb74aa84c9f2a0103be4724fd14db52b52d3b6bca749f257e79?s=96&d=mm&r=g","url":"https:\/\/secure.gravatar.com\/avatar\/d67144e966420fb74aa84c9f2a0103be4724fd14db52b52d3b6bca749f257e79?s=96&d=mm&r=g","contentUrl":"https:\/\/secure.gravatar.com\/avatar\/d67144e966420fb74aa84c9f2a0103be4724fd14db52b52d3b6bca749f257e79?s=96&d=mm&r=g","caption":"Paco S\u00e1nchez"},"sameAs":["https:\/\/arealorcaradio.es"],"url":"https:\/\/arealorcaradio.es\/index.php\/author\/admin_alorcaradio\/"}]}},"_links":{"self":[{"href":"https:\/\/arealorcaradio.es\/index.php\/wp-json\/wp\/v2\/posts\/5500","targetHints":{"allow":["GET"]}}],"collection":[{"href":"https:\/\/arealorcaradio.es\/index.php\/wp-json\/wp\/v2\/posts"}],"about":[{"href":"https:\/\/arealorcaradio.es\/index.php\/wp-json\/wp\/v2\/types\/post"}],"author":[{"embeddable":true,"href":"https:\/\/arealorcaradio.es\/index.php\/wp-json\/wp\/v2\/users\/1"}],"replies":[{"embeddable":true,"href":"https:\/\/arealorcaradio.es\/index.php\/wp-json\/wp\/v2\/comments?post=5500"}],"version-history":[{"count":2,"href":"https:\/\/arealorcaradio.es\/index.php\/wp-json\/wp\/v2\/posts\/5500\/revisions"}],"predecessor-version":[{"id":5507,"href":"https:\/\/arealorcaradio.es\/index.php\/wp-json\/wp\/v2\/posts\/5500\/revisions\/5507"}],"wp:featuredmedia":[{"embeddable":true,"href":"https:\/\/arealorcaradio.es\/index.php\/wp-json\/wp\/v2\/media\/5502"}],"wp:attachment":[{"href":"https:\/\/arealorcaradio.es\/index.php\/wp-json\/wp\/v2\/media?parent=5500"}],"wp:term":[{"taxonomy":"category","embeddable":true,"href":"https:\/\/arealorcaradio.es\/index.php\/wp-json\/wp\/v2\/categories?post=5500"},{"taxonomy":"post_tag","embeddable":true,"href":"https:\/\/arealorcaradio.es\/index.php\/wp-json\/wp\/v2\/tags?post=5500"}],"curies":[{"name":"wp","href":"https:\/\/api.w.org\/{rel}","templated":true}]}}