{"id":5487,"date":"2025-02-05T18:00:48","date_gmt":"2025-02-05T18:00:48","guid":{"rendered":"https:\/\/arealorcaradio.es\/?p=5487"},"modified":"2025-02-05T18:00:48","modified_gmt":"2025-02-05T18:00:48","slug":"juan-miguel-bayonas-lorca-es-un-referente-en-instalaciones-deportivas-y-trabajamos-para-poder-contar-con-el-pabellon-juan-zurano-y-dar-utilidad-al-campo-de-futbol-jose-minarro","status":"publish","type":"post","link":"https:\/\/arealorcaradio.es\/index.php\/2025\/02\/05\/juan-miguel-bayonas-lorca-es-un-referente-en-instalaciones-deportivas-y-trabajamos-para-poder-contar-con-el-pabellon-juan-zurano-y-dar-utilidad-al-campo-de-futbol-jose-minarro\/","title":{"rendered":"Juan Miguel Bayonas: \u00bb Lorca es un referente en instalaciones deportivas y trabajamos para poder contar con el Pabell\u00f3n Juan Zurano y dar utilidad al campo de f\u00fatbol Jos\u00e9 Mi\u00f1arro\u00bb"},"content":{"rendered":"<p><strong>\u00c1REA LORCA RADIO. Deportes.\u00a0<\/strong><\/p>\n<p>Escucha aqu\u00ed la entrevista que ha concedido el concejal de deportes en el Ayuntamiento de Lorca Juan Miguel Bayonas a Paco S\u00e1nchez en el programa deportivo de \u00c1rea Lorca Radio.<\/p>\n<p>En ella habla de la demanda de instalaciones deportivas, de la viabilidad de abrir por las tardes el Pabell\u00f3n Juan Zurano, la posibilidad de dar utilidad al campo de f\u00fatbol Jos\u00e9 Mi\u00f1arro, as\u00ed como afrontar otros proyectos que satisfagan la demanda de practicar la actividad f\u00edsica por parte de los lorquinos.<\/p>\n<p>Bayonas Mart\u00ednez habla del partido Espa\u00f1a &amp; Republica Checa sub21 del 21 de marzo y de otros temas de actualidad deportiva.<\/p>\n<audio class=\"wp-audio-shortcode\" id=\"audio-5487-1\" preload=\"none\" style=\"width: 100%;\" controls=\"controls\"><source type=\"audio\/mpeg\" src=\"https:\/\/arealorcaradio.es\/wp-content\/uploads\/2025\/02\/050225-JUAN-MIGUEL-BAYONAS.-ESTUDIO-DEPORTES.mp3?_=1\" \/><a href=\"https:\/\/arealorcaradio.es\/wp-content\/uploads\/2025\/02\/050225-JUAN-MIGUEL-BAYONAS.-ESTUDIO-DEPORTES.mp3\">https:\/\/arealorcaradio.es\/wp-content\/uploads\/2025\/02\/050225-JUAN-MIGUEL-BAYONAS.-ESTUDIO-DEPORTES.mp3<\/a><\/audio>\n<p><img loading=\"lazy\" decoding=\"async\" class=\"alignnone size-medium wp-image-5490\" src=\"https:\/\/arealorcaradio.es\/wp-content\/uploads\/2025\/02\/20250204_181236-300x225.jpg\" alt=\"\" width=\"300\" height=\"225\" srcset=\"https:\/\/arealorcaradio.es\/wp-content\/uploads\/2025\/02\/20250204_181236-300x225.jpg 300w, https:\/\/arealorcaradio.es\/wp-content\/uploads\/2025\/02\/20250204_181236-1024x768.jpg 1024w, https:\/\/arealorcaradio.es\/wp-content\/uploads\/2025\/02\/20250204_181236-768x576.jpg 768w, https:\/\/arealorcaradio.es\/wp-content\/uploads\/2025\/02\/20250204_181236-1536x1152.jpg 1536w, https:\/\/arealorcaradio.es\/wp-content\/uploads\/2025\/02\/20250204_181236-2048x1536.jpg 2048w, https:\/\/arealorcaradio.es\/wp-content\/uploads\/2025\/02\/20250204_181236-86x64.jpg 86w\" sizes=\"auto, (max-width: 300px) 100vw, 300px\" \/><\/p>\n","protected":false},"excerpt":{"rendered":"<p>\u00c1REA LORCA RADIO. Deportes.\u00a0 Escucha aqu\u00ed la entrevista que ha concedido el concejal de deportes en el Ayuntamiento de Lorca Juan Miguel Bayonas a Paco S\u00e1nchez en el programa deportivo de \u00c1rea Lorca Radio. En ella habla de la demanda de instalaciones deportivas, de la viabilidad de abrir por las tardes el Pabell\u00f3n Juan Zurano, [&hellip;]<\/p>\n","protected":false},"author":1,"featured_media":5489,"comment_status":"open","ping_status":"open","sticky":false,"template":"","format":"standard","meta":{"iawp_total_views":38,"footnotes":""},"categories":[4,7],"tags":[],"class_list":["post-5487","post","type-post","status-publish","format-standard","has-post-thumbnail","hentry","category-deportes","category-lorca"],"yoast_head":"<!-- This site is optimized with the Yoast SEO plugin v27.5 - https:\/\/yoast.com\/product\/yoast-seo-wordpress\/ -->\n<title>Juan Miguel Bayonas: &quot; Lorca es un referente en instalaciones deportivas y trabajamos para poder contar con el Pabell\u00f3n Juan Zurano y dar utilidad al campo de f\u00fatbol Jos\u00e9 Mi\u00f1arro&quot; - AREA LORCA RADIO<\/title>\n<meta name=\"robots\" content=\"index, follow, max-snippet:-1, max-image-preview:large, max-video-preview:-1\" \/>\n<link rel=\"canonical\" href=\"https:\/\/arealorcaradio.es\/index.php\/2025\/02\/05\/juan-miguel-bayonas-lorca-es-un-referente-en-instalaciones-deportivas-y-trabajamos-para-poder-contar-con-el-pabellon-juan-zurano-y-dar-utilidad-al-campo-de-futbol-jose-minarro\/\" \/>\n<meta property=\"og:locale\" content=\"es_ES\" \/>\n<meta property=\"og:type\" content=\"article\" \/>\n<meta property=\"og:title\" content=\"Juan Miguel Bayonas: &quot; Lorca es un referente en instalaciones deportivas y trabajamos para poder contar con el Pabell\u00f3n Juan Zurano y dar utilidad al campo de f\u00fatbol Jos\u00e9 Mi\u00f1arro&quot; - AREA LORCA RADIO\" \/>\n<meta property=\"og:description\" content=\"\u00c1REA LORCA RADIO. Deportes.\u00a0 Escucha aqu\u00ed la entrevista que ha concedido el concejal de deportes en el Ayuntamiento de Lorca Juan Miguel Bayonas a Paco S\u00e1nchez en el programa deportivo de \u00c1rea Lorca Radio. En ella habla de la demanda de instalaciones deportivas, de la viabilidad de abrir por las tardes el Pabell\u00f3n Juan Zurano, [&hellip;]\" \/>\n<meta property=\"og:url\" content=\"https:\/\/arealorcaradio.es\/index.php\/2025\/02\/05\/juan-miguel-bayonas-lorca-es-un-referente-en-instalaciones-deportivas-y-trabajamos-para-poder-contar-con-el-pabellon-juan-zurano-y-dar-utilidad-al-campo-de-futbol-jose-minarro\/\" \/>\n<meta property=\"og:site_name\" content=\"AREA LORCA RADIO\" \/>\n<meta property=\"article:published_time\" content=\"2025-02-05T18:00:48+00:00\" \/>\n<meta property=\"og:image\" content=\"https:\/\/arealorcaradio.es\/wp-content\/uploads\/2025\/02\/20250204_181218-scaled.jpg\" \/>\n\t<meta property=\"og:image:width\" content=\"2560\" \/>\n\t<meta property=\"og:image:height\" content=\"1920\" \/>\n\t<meta property=\"og:image:type\" content=\"image\/jpeg\" \/>\n<meta name=\"author\" content=\"Paco S\u00e1nchez\" \/>\n<meta name=\"twitter:card\" content=\"summary_large_image\" \/>\n<meta name=\"twitter:label1\" content=\"Escrito por\" \/>\n\t<meta name=\"twitter:data1\" content=\"Paco S\u00e1nchez\" \/>\n\t<meta name=\"twitter:label2\" content=\"Tiempo de lectura\" \/>\n\t<meta name=\"twitter:data2\" content=\"1 minuto\" \/>\n<script type=\"application\/ld+json\" class=\"yoast-schema-graph\">{\"@context\":\"https:\\\/\\\/schema.org\",\"@graph\":[{\"@type\":\"Article\",\"@id\":\"https:\\\/\\\/arealorcaradio.es\\\/index.php\\\/2025\\\/02\\\/05\\\/juan-miguel-bayonas-lorca-es-un-referente-en-instalaciones-deportivas-y-trabajamos-para-poder-contar-con-el-pabellon-juan-zurano-y-dar-utilidad-al-campo-de-futbol-jose-minarro\\\/#article\",\"isPartOf\":{\"@id\":\"https:\\\/\\\/arealorcaradio.es\\\/index.php\\\/2025\\\/02\\\/05\\\/juan-miguel-bayonas-lorca-es-un-referente-en-instalaciones-deportivas-y-trabajamos-para-poder-contar-con-el-pabellon-juan-zurano-y-dar-utilidad-al-campo-de-futbol-jose-minarro\\\/\"},\"author\":{\"name\":\"Paco S\u00e1nchez\",\"@id\":\"https:\\\/\\\/arealorcaradio.es\\\/#\\\/schema\\\/person\\\/9fae605fc25b0f2c83c1ab207139bd27\"},\"headline\":\"Juan Miguel Bayonas: \u00bb Lorca es un referente en instalaciones deportivas y trabajamos para poder contar con el Pabell\u00f3n Juan Zurano y dar utilidad al campo de f\u00fatbol Jos\u00e9 Mi\u00f1arro\u00bb\",\"datePublished\":\"2025-02-05T18:00:48+00:00\",\"mainEntityOfPage\":{\"@id\":\"https:\\\/\\\/arealorcaradio.es\\\/index.php\\\/2025\\\/02\\\/05\\\/juan-miguel-bayonas-lorca-es-un-referente-en-instalaciones-deportivas-y-trabajamos-para-poder-contar-con-el-pabellon-juan-zurano-y-dar-utilidad-al-campo-de-futbol-jose-minarro\\\/\"},\"wordCount\":155,\"commentCount\":0,\"image\":{\"@id\":\"https:\\\/\\\/arealorcaradio.es\\\/index.php\\\/2025\\\/02\\\/05\\\/juan-miguel-bayonas-lorca-es-un-referente-en-instalaciones-deportivas-y-trabajamos-para-poder-contar-con-el-pabellon-juan-zurano-y-dar-utilidad-al-campo-de-futbol-jose-minarro\\\/#primaryimage\"},\"thumbnailUrl\":\"https:\\\/\\\/arealorcaradio.es\\\/wp-content\\\/uploads\\\/2025\\\/02\\\/20250204_181218-scaled.jpg\",\"articleSection\":[\"DEPORTES\",\"LORCA\"],\"inLanguage\":\"es\",\"potentialAction\":[{\"@type\":\"CommentAction\",\"name\":\"Comment\",\"target\":[\"https:\\\/\\\/arealorcaradio.es\\\/index.php\\\/2025\\\/02\\\/05\\\/juan-miguel-bayonas-lorca-es-un-referente-en-instalaciones-deportivas-y-trabajamos-para-poder-contar-con-el-pabellon-juan-zurano-y-dar-utilidad-al-campo-de-futbol-jose-minarro\\\/#respond\"]}]},{\"@type\":\"WebPage\",\"@id\":\"https:\\\/\\\/arealorcaradio.es\\\/index.php\\\/2025\\\/02\\\/05\\\/juan-miguel-bayonas-lorca-es-un-referente-en-instalaciones-deportivas-y-trabajamos-para-poder-contar-con-el-pabellon-juan-zurano-y-dar-utilidad-al-campo-de-futbol-jose-minarro\\\/\",\"url\":\"https:\\\/\\\/arealorcaradio.es\\\/index.php\\\/2025\\\/02\\\/05\\\/juan-miguel-bayonas-lorca-es-un-referente-en-instalaciones-deportivas-y-trabajamos-para-poder-contar-con-el-pabellon-juan-zurano-y-dar-utilidad-al-campo-de-futbol-jose-minarro\\\/\",\"name\":\"Juan Miguel Bayonas: \\\" Lorca es un referente en instalaciones deportivas y trabajamos para poder contar con el Pabell\u00f3n Juan Zurano y dar utilidad al campo de f\u00fatbol Jos\u00e9 Mi\u00f1arro\\\" - AREA LORCA RADIO\",\"isPartOf\":{\"@id\":\"https:\\\/\\\/arealorcaradio.es\\\/#website\"},\"primaryImageOfPage\":{\"@id\":\"https:\\\/\\\/arealorcaradio.es\\\/index.php\\\/2025\\\/02\\\/05\\\/juan-miguel-bayonas-lorca-es-un-referente-en-instalaciones-deportivas-y-trabajamos-para-poder-contar-con-el-pabellon-juan-zurano-y-dar-utilidad-al-campo-de-futbol-jose-minarro\\\/#primaryimage\"},\"image\":{\"@id\":\"https:\\\/\\\/arealorcaradio.es\\\/index.php\\\/2025\\\/02\\\/05\\\/juan-miguel-bayonas-lorca-es-un-referente-en-instalaciones-deportivas-y-trabajamos-para-poder-contar-con-el-pabellon-juan-zurano-y-dar-utilidad-al-campo-de-futbol-jose-minarro\\\/#primaryimage\"},\"thumbnailUrl\":\"https:\\\/\\\/arealorcaradio.es\\\/wp-content\\\/uploads\\\/2025\\\/02\\\/20250204_181218-scaled.jpg\",\"datePublished\":\"2025-02-05T18:00:48+00:00\",\"author\":{\"@id\":\"https:\\\/\\\/arealorcaradio.es\\\/#\\\/schema\\\/person\\\/9fae605fc25b0f2c83c1ab207139bd27\"},\"breadcrumb\":{\"@id\":\"https:\\\/\\\/arealorcaradio.es\\\/index.php\\\/2025\\\/02\\\/05\\\/juan-miguel-bayonas-lorca-es-un-referente-en-instalaciones-deportivas-y-trabajamos-para-poder-contar-con-el-pabellon-juan-zurano-y-dar-utilidad-al-campo-de-futbol-jose-minarro\\\/#breadcrumb\"},\"inLanguage\":\"es\",\"potentialAction\":[{\"@type\":\"ReadAction\",\"target\":[\"https:\\\/\\\/arealorcaradio.es\\\/index.php\\\/2025\\\/02\\\/05\\\/juan-miguel-bayonas-lorca-es-un-referente-en-instalaciones-deportivas-y-trabajamos-para-poder-contar-con-el-pabellon-juan-zurano-y-dar-utilidad-al-campo-de-futbol-jose-minarro\\\/\"]}]},{\"@type\":\"ImageObject\",\"inLanguage\":\"es\",\"@id\":\"https:\\\/\\\/arealorcaradio.es\\\/index.php\\\/2025\\\/02\\\/05\\\/juan-miguel-bayonas-lorca-es-un-referente-en-instalaciones-deportivas-y-trabajamos-para-poder-contar-con-el-pabellon-juan-zurano-y-dar-utilidad-al-campo-de-futbol-jose-minarro\\\/#primaryimage\",\"url\":\"https:\\\/\\\/arealorcaradio.es\\\/wp-content\\\/uploads\\\/2025\\\/02\\\/20250204_181218-scaled.jpg\",\"contentUrl\":\"https:\\\/\\\/arealorcaradio.es\\\/wp-content\\\/uploads\\\/2025\\\/02\\\/20250204_181218-scaled.jpg\",\"width\":2560,\"height\":1920},{\"@type\":\"BreadcrumbList\",\"@id\":\"https:\\\/\\\/arealorcaradio.es\\\/index.php\\\/2025\\\/02\\\/05\\\/juan-miguel-bayonas-lorca-es-un-referente-en-instalaciones-deportivas-y-trabajamos-para-poder-contar-con-el-pabellon-juan-zurano-y-dar-utilidad-al-campo-de-futbol-jose-minarro\\\/#breadcrumb\",\"itemListElement\":[{\"@type\":\"ListItem\",\"position\":1,\"name\":\"Portada\",\"item\":\"https:\\\/\\\/arealorcaradio.es\\\/\"},{\"@type\":\"ListItem\",\"position\":2,\"name\":\"Juan Miguel Bayonas: \u00bb Lorca es un referente en instalaciones deportivas y trabajamos para poder contar con el Pabell\u00f3n Juan Zurano y dar utilidad al campo de f\u00fatbol Jos\u00e9 Mi\u00f1arro\u00bb\"}]},{\"@type\":\"WebSite\",\"@id\":\"https:\\\/\\\/arealorcaradio.es\\\/#website\",\"url\":\"https:\\\/\\\/arealorcaradio.es\\\/\",\"name\":\"AREA LORCA RADIO\",\"description\":\"Descubre la programaci\u00f3n actual en \u00c1rea Lorca Radio, tu fuente de entrenamiento y noticias locales. Sintoniza ahora y mantente conectado online.\",\"potentialAction\":[{\"@type\":\"SearchAction\",\"target\":{\"@type\":\"EntryPoint\",\"urlTemplate\":\"https:\\\/\\\/arealorcaradio.es\\\/?s={search_term_string}\"},\"query-input\":{\"@type\":\"PropertyValueSpecification\",\"valueRequired\":true,\"valueName\":\"search_term_string\"}}],\"inLanguage\":\"es\"},{\"@type\":\"Person\",\"@id\":\"https:\\\/\\\/arealorcaradio.es\\\/#\\\/schema\\\/person\\\/9fae605fc25b0f2c83c1ab207139bd27\",\"name\":\"Paco S\u00e1nchez\",\"image\":{\"@type\":\"ImageObject\",\"inLanguage\":\"es\",\"@id\":\"https:\\\/\\\/secure.gravatar.com\\\/avatar\\\/d67144e966420fb74aa84c9f2a0103be4724fd14db52b52d3b6bca749f257e79?s=96&d=mm&r=g\",\"url\":\"https:\\\/\\\/secure.gravatar.com\\\/avatar\\\/d67144e966420fb74aa84c9f2a0103be4724fd14db52b52d3b6bca749f257e79?s=96&d=mm&r=g\",\"contentUrl\":\"https:\\\/\\\/secure.gravatar.com\\\/avatar\\\/d67144e966420fb74aa84c9f2a0103be4724fd14db52b52d3b6bca749f257e79?s=96&d=mm&r=g\",\"caption\":\"Paco S\u00e1nchez\"},\"sameAs\":[\"https:\\\/\\\/arealorcaradio.es\"],\"url\":\"https:\\\/\\\/arealorcaradio.es\\\/index.php\\\/author\\\/admin_alorcaradio\\\/\"}]}<\/script>\n<!-- \/ Yoast SEO plugin. -->","yoast_head_json":{"title":"Juan Miguel Bayonas: \" Lorca es un referente en instalaciones deportivas y trabajamos para poder contar con el Pabell\u00f3n Juan Zurano y dar utilidad al campo de f\u00fatbol Jos\u00e9 Mi\u00f1arro\" - AREA LORCA RADIO","robots":{"index":"index","follow":"follow","max-snippet":"max-snippet:-1","max-image-preview":"max-image-preview:large","max-video-preview":"max-video-preview:-1"},"canonical":"https:\/\/arealorcaradio.es\/index.php\/2025\/02\/05\/juan-miguel-bayonas-lorca-es-un-referente-en-instalaciones-deportivas-y-trabajamos-para-poder-contar-con-el-pabellon-juan-zurano-y-dar-utilidad-al-campo-de-futbol-jose-minarro\/","og_locale":"es_ES","og_type":"article","og_title":"Juan Miguel Bayonas: \" Lorca es un referente en instalaciones deportivas y trabajamos para poder contar con el Pabell\u00f3n Juan Zurano y dar utilidad al campo de f\u00fatbol Jos\u00e9 Mi\u00f1arro\" - AREA LORCA RADIO","og_description":"\u00c1REA LORCA RADIO. Deportes.\u00a0 Escucha aqu\u00ed la entrevista que ha concedido el concejal de deportes en el Ayuntamiento de Lorca Juan Miguel Bayonas a Paco S\u00e1nchez en el programa deportivo de \u00c1rea Lorca Radio. En ella habla de la demanda de instalaciones deportivas, de la viabilidad de abrir por las tardes el Pabell\u00f3n Juan Zurano, [&hellip;]","og_url":"https:\/\/arealorcaradio.es\/index.php\/2025\/02\/05\/juan-miguel-bayonas-lorca-es-un-referente-en-instalaciones-deportivas-y-trabajamos-para-poder-contar-con-el-pabellon-juan-zurano-y-dar-utilidad-al-campo-de-futbol-jose-minarro\/","og_site_name":"AREA LORCA RADIO","article_published_time":"2025-02-05T18:00:48+00:00","og_image":[{"width":2560,"height":1920,"url":"https:\/\/arealorcaradio.es\/wp-content\/uploads\/2025\/02\/20250204_181218-scaled.jpg","type":"image\/jpeg"}],"author":"Paco S\u00e1nchez","twitter_card":"summary_large_image","twitter_misc":{"Escrito por":"Paco S\u00e1nchez","Tiempo de lectura":"1 minuto"},"schema":{"@context":"https:\/\/schema.org","@graph":[{"@type":"Article","@id":"https:\/\/arealorcaradio.es\/index.php\/2025\/02\/05\/juan-miguel-bayonas-lorca-es-un-referente-en-instalaciones-deportivas-y-trabajamos-para-poder-contar-con-el-pabellon-juan-zurano-y-dar-utilidad-al-campo-de-futbol-jose-minarro\/#article","isPartOf":{"@id":"https:\/\/arealorcaradio.es\/index.php\/2025\/02\/05\/juan-miguel-bayonas-lorca-es-un-referente-en-instalaciones-deportivas-y-trabajamos-para-poder-contar-con-el-pabellon-juan-zurano-y-dar-utilidad-al-campo-de-futbol-jose-minarro\/"},"author":{"name":"Paco S\u00e1nchez","@id":"https:\/\/arealorcaradio.es\/#\/schema\/person\/9fae605fc25b0f2c83c1ab207139bd27"},"headline":"Juan Miguel Bayonas: \u00bb Lorca es un referente en instalaciones deportivas y trabajamos para poder contar con el Pabell\u00f3n Juan Zurano y dar utilidad al campo de f\u00fatbol Jos\u00e9 Mi\u00f1arro\u00bb","datePublished":"2025-02-05T18:00:48+00:00","mainEntityOfPage":{"@id":"https:\/\/arealorcaradio.es\/index.php\/2025\/02\/05\/juan-miguel-bayonas-lorca-es-un-referente-en-instalaciones-deportivas-y-trabajamos-para-poder-contar-con-el-pabellon-juan-zurano-y-dar-utilidad-al-campo-de-futbol-jose-minarro\/"},"wordCount":155,"commentCount":0,"image":{"@id":"https:\/\/arealorcaradio.es\/index.php\/2025\/02\/05\/juan-miguel-bayonas-lorca-es-un-referente-en-instalaciones-deportivas-y-trabajamos-para-poder-contar-con-el-pabellon-juan-zurano-y-dar-utilidad-al-campo-de-futbol-jose-minarro\/#primaryimage"},"thumbnailUrl":"https:\/\/arealorcaradio.es\/wp-content\/uploads\/2025\/02\/20250204_181218-scaled.jpg","articleSection":["DEPORTES","LORCA"],"inLanguage":"es","potentialAction":[{"@type":"CommentAction","name":"Comment","target":["https:\/\/arealorcaradio.es\/index.php\/2025\/02\/05\/juan-miguel-bayonas-lorca-es-un-referente-en-instalaciones-deportivas-y-trabajamos-para-poder-contar-con-el-pabellon-juan-zurano-y-dar-utilidad-al-campo-de-futbol-jose-minarro\/#respond"]}]},{"@type":"WebPage","@id":"https:\/\/arealorcaradio.es\/index.php\/2025\/02\/05\/juan-miguel-bayonas-lorca-es-un-referente-en-instalaciones-deportivas-y-trabajamos-para-poder-contar-con-el-pabellon-juan-zurano-y-dar-utilidad-al-campo-de-futbol-jose-minarro\/","url":"https:\/\/arealorcaradio.es\/index.php\/2025\/02\/05\/juan-miguel-bayonas-lorca-es-un-referente-en-instalaciones-deportivas-y-trabajamos-para-poder-contar-con-el-pabellon-juan-zurano-y-dar-utilidad-al-campo-de-futbol-jose-minarro\/","name":"Juan Miguel Bayonas: \" Lorca es un referente en instalaciones deportivas y trabajamos para poder contar con el Pabell\u00f3n Juan Zurano y dar utilidad al campo de f\u00fatbol Jos\u00e9 Mi\u00f1arro\" - AREA LORCA RADIO","isPartOf":{"@id":"https:\/\/arealorcaradio.es\/#website"},"primaryImageOfPage":{"@id":"https:\/\/arealorcaradio.es\/index.php\/2025\/02\/05\/juan-miguel-bayonas-lorca-es-un-referente-en-instalaciones-deportivas-y-trabajamos-para-poder-contar-con-el-pabellon-juan-zurano-y-dar-utilidad-al-campo-de-futbol-jose-minarro\/#primaryimage"},"image":{"@id":"https:\/\/arealorcaradio.es\/index.php\/2025\/02\/05\/juan-miguel-bayonas-lorca-es-un-referente-en-instalaciones-deportivas-y-trabajamos-para-poder-contar-con-el-pabellon-juan-zurano-y-dar-utilidad-al-campo-de-futbol-jose-minarro\/#primaryimage"},"thumbnailUrl":"https:\/\/arealorcaradio.es\/wp-content\/uploads\/2025\/02\/20250204_181218-scaled.jpg","datePublished":"2025-02-05T18:00:48+00:00","author":{"@id":"https:\/\/arealorcaradio.es\/#\/schema\/person\/9fae605fc25b0f2c83c1ab207139bd27"},"breadcrumb":{"@id":"https:\/\/arealorcaradio.es\/index.php\/2025\/02\/05\/juan-miguel-bayonas-lorca-es-un-referente-en-instalaciones-deportivas-y-trabajamos-para-poder-contar-con-el-pabellon-juan-zurano-y-dar-utilidad-al-campo-de-futbol-jose-minarro\/#breadcrumb"},"inLanguage":"es","potentialAction":[{"@type":"ReadAction","target":["https:\/\/arealorcaradio.es\/index.php\/2025\/02\/05\/juan-miguel-bayonas-lorca-es-un-referente-en-instalaciones-deportivas-y-trabajamos-para-poder-contar-con-el-pabellon-juan-zurano-y-dar-utilidad-al-campo-de-futbol-jose-minarro\/"]}]},{"@type":"ImageObject","inLanguage":"es","@id":"https:\/\/arealorcaradio.es\/index.php\/2025\/02\/05\/juan-miguel-bayonas-lorca-es-un-referente-en-instalaciones-deportivas-y-trabajamos-para-poder-contar-con-el-pabellon-juan-zurano-y-dar-utilidad-al-campo-de-futbol-jose-minarro\/#primaryimage","url":"https:\/\/arealorcaradio.es\/wp-content\/uploads\/2025\/02\/20250204_181218-scaled.jpg","contentUrl":"https:\/\/arealorcaradio.es\/wp-content\/uploads\/2025\/02\/20250204_181218-scaled.jpg","width":2560,"height":1920},{"@type":"BreadcrumbList","@id":"https:\/\/arealorcaradio.es\/index.php\/2025\/02\/05\/juan-miguel-bayonas-lorca-es-un-referente-en-instalaciones-deportivas-y-trabajamos-para-poder-contar-con-el-pabellon-juan-zurano-y-dar-utilidad-al-campo-de-futbol-jose-minarro\/#breadcrumb","itemListElement":[{"@type":"ListItem","position":1,"name":"Portada","item":"https:\/\/arealorcaradio.es\/"},{"@type":"ListItem","position":2,"name":"Juan Miguel Bayonas: \u00bb Lorca es un referente en instalaciones deportivas y trabajamos para poder contar con el Pabell\u00f3n Juan Zurano y dar utilidad al campo de f\u00fatbol Jos\u00e9 Mi\u00f1arro\u00bb"}]},{"@type":"WebSite","@id":"https:\/\/arealorcaradio.es\/#website","url":"https:\/\/arealorcaradio.es\/","name":"AREA LORCA RADIO","description":"Descubre la programaci\u00f3n actual en \u00c1rea Lorca Radio, tu fuente de entrenamiento y noticias locales. Sintoniza ahora y mantente conectado online.","potentialAction":[{"@type":"SearchAction","target":{"@type":"EntryPoint","urlTemplate":"https:\/\/arealorcaradio.es\/?s={search_term_string}"},"query-input":{"@type":"PropertyValueSpecification","valueRequired":true,"valueName":"search_term_string"}}],"inLanguage":"es"},{"@type":"Person","@id":"https:\/\/arealorcaradio.es\/#\/schema\/person\/9fae605fc25b0f2c83c1ab207139bd27","name":"Paco S\u00e1nchez","image":{"@type":"ImageObject","inLanguage":"es","@id":"https:\/\/secure.gravatar.com\/avatar\/d67144e966420fb74aa84c9f2a0103be4724fd14db52b52d3b6bca749f257e79?s=96&d=mm&r=g","url":"https:\/\/secure.gravatar.com\/avatar\/d67144e966420fb74aa84c9f2a0103be4724fd14db52b52d3b6bca749f257e79?s=96&d=mm&r=g","contentUrl":"https:\/\/secure.gravatar.com\/avatar\/d67144e966420fb74aa84c9f2a0103be4724fd14db52b52d3b6bca749f257e79?s=96&d=mm&r=g","caption":"Paco S\u00e1nchez"},"sameAs":["https:\/\/arealorcaradio.es"],"url":"https:\/\/arealorcaradio.es\/index.php\/author\/admin_alorcaradio\/"}]}},"_links":{"self":[{"href":"https:\/\/arealorcaradio.es\/index.php\/wp-json\/wp\/v2\/posts\/5487","targetHints":{"allow":["GET"]}}],"collection":[{"href":"https:\/\/arealorcaradio.es\/index.php\/wp-json\/wp\/v2\/posts"}],"about":[{"href":"https:\/\/arealorcaradio.es\/index.php\/wp-json\/wp\/v2\/types\/post"}],"author":[{"embeddable":true,"href":"https:\/\/arealorcaradio.es\/index.php\/wp-json\/wp\/v2\/users\/1"}],"replies":[{"embeddable":true,"href":"https:\/\/arealorcaradio.es\/index.php\/wp-json\/wp\/v2\/comments?post=5487"}],"version-history":[{"count":2,"href":"https:\/\/arealorcaradio.es\/index.php\/wp-json\/wp\/v2\/posts\/5487\/revisions"}],"predecessor-version":[{"id":5492,"href":"https:\/\/arealorcaradio.es\/index.php\/wp-json\/wp\/v2\/posts\/5487\/revisions\/5492"}],"wp:featuredmedia":[{"embeddable":true,"href":"https:\/\/arealorcaradio.es\/index.php\/wp-json\/wp\/v2\/media\/5489"}],"wp:attachment":[{"href":"https:\/\/arealorcaradio.es\/index.php\/wp-json\/wp\/v2\/media?parent=5487"}],"wp:term":[{"taxonomy":"category","embeddable":true,"href":"https:\/\/arealorcaradio.es\/index.php\/wp-json\/wp\/v2\/categories?post=5487"},{"taxonomy":"post_tag","embeddable":true,"href":"https:\/\/arealorcaradio.es\/index.php\/wp-json\/wp\/v2\/tags?post=5487"}],"curies":[{"name":"wp","href":"https:\/\/api.w.org\/{rel}","templated":true}]}}