{"id":5462,"date":"2025-02-04T18:21:59","date_gmt":"2025-02-04T18:21:59","guid":{"rendered":"https:\/\/arealorcaradio.es\/?p=5462"},"modified":"2025-02-04T18:21:59","modified_gmt":"2025-02-04T18:21:59","slug":"el-auditorio-margarita-lozano-acoge-este-viernes-7-de-febrero-en-doble-sesion-el-musical-infantil-la-isla-del-tesoro","status":"publish","type":"post","link":"https:\/\/arealorcaradio.es\/index.php\/2025\/02\/04\/el-auditorio-margarita-lozano-acoge-este-viernes-7-de-febrero-en-doble-sesion-el-musical-infantil-la-isla-del-tesoro\/","title":{"rendered":"El Auditorio Margarita Lozano acoge este viernes, 7 de febrero, en doble sesi\u00f3n, el musical infantil \u00abLa Isla del Tesoro\u00bb"},"content":{"rendered":"<p><strong>\u00c1REA LORCA RADIO. Actualidad.<\/strong><\/p>\n<p>Escucha aqu\u00ed la intervenci\u00f3n en el magazine de \u00c1rea Lorca Radio de una de las actrices que componen el abanico de actores, Raquel L\u00f3pez Navarro qui\u00e9n ha contado a Paco S\u00e1nchez como es este musical infantil.<\/p>\n<p><img loading=\"lazy\" decoding=\"async\" class=\"alignnone size-medium wp-image-5467\" src=\"https:\/\/arealorcaradio.es\/wp-content\/uploads\/2025\/02\/20250204_170720-300x225.jpg\" alt=\"\" width=\"300\" height=\"225\" srcset=\"https:\/\/arealorcaradio.es\/wp-content\/uploads\/2025\/02\/20250204_170720-300x225.jpg 300w, https:\/\/arealorcaradio.es\/wp-content\/uploads\/2025\/02\/20250204_170720-1024x768.jpg 1024w, https:\/\/arealorcaradio.es\/wp-content\/uploads\/2025\/02\/20250204_170720-768x576.jpg 768w, https:\/\/arealorcaradio.es\/wp-content\/uploads\/2025\/02\/20250204_170720-1536x1152.jpg 1536w, https:\/\/arealorcaradio.es\/wp-content\/uploads\/2025\/02\/20250204_170720-2048x1536.jpg 2048w, https:\/\/arealorcaradio.es\/wp-content\/uploads\/2025\/02\/20250204_170720-86x64.jpg 86w\" sizes=\"auto, (max-width: 300px) 100vw, 300px\" \/> \u00a0<img loading=\"lazy\" decoding=\"async\" class=\"alignnone size-medium wp-image-5468\" src=\"https:\/\/arealorcaradio.es\/wp-content\/uploads\/2025\/02\/20250204_1706540-300x225.jpg\" alt=\"\" width=\"300\" height=\"225\" srcset=\"https:\/\/arealorcaradio.es\/wp-content\/uploads\/2025\/02\/20250204_1706540-300x225.jpg 300w, https:\/\/arealorcaradio.es\/wp-content\/uploads\/2025\/02\/20250204_1706540-1024x768.jpg 1024w, https:\/\/arealorcaradio.es\/wp-content\/uploads\/2025\/02\/20250204_1706540-768x576.jpg 768w, https:\/\/arealorcaradio.es\/wp-content\/uploads\/2025\/02\/20250204_1706540-1536x1152.jpg 1536w, https:\/\/arealorcaradio.es\/wp-content\/uploads\/2025\/02\/20250204_1706540-2048x1536.jpg 2048w, https:\/\/arealorcaradio.es\/wp-content\/uploads\/2025\/02\/20250204_1706540-86x64.jpg 86w\" sizes=\"auto, (max-width: 300px) 100vw, 300px\" \/><\/p>\n<audio class=\"wp-audio-shortcode\" id=\"audio-5462-1\" preload=\"none\" style=\"width: 100%;\" controls=\"controls\"><source type=\"audio\/mpeg\" src=\"https:\/\/arealorcaradio.es\/wp-content\/uploads\/2025\/02\/040225-RAQUEL-LOPEZ.-ACTRIZ-LORCA.mp3?_=1\" \/><a href=\"https:\/\/arealorcaradio.es\/wp-content\/uploads\/2025\/02\/040225-RAQUEL-LOPEZ.-ACTRIZ-LORCA.mp3\">https:\/\/arealorcaradio.es\/wp-content\/uploads\/2025\/02\/040225-RAQUEL-LOPEZ.-ACTRIZ-LORCA.mp3<\/a><\/audio>\n<p class=\"v1MsoNormal\">El espect\u00e1culo se desarrollar\u00e1 en Lorca bajo la programaci\u00f3n prevista desde la Concejal\u00eda para el primer semestre del a\u00f1o, la versi\u00f3n teatral de la archiconocida &#8216;La Isla del Tesoro&#8217;, de Robert Louis Stevenson, que tendr\u00e1 lugar en el auditorio Margarita Lozano, el pr\u00f3ximo viernes, d\u00eda 7 de enero, a las 19 horas.<\/p>\n<p class=\"v1MsoNormal\">Adem\u00e1s, a las 11 horas del mismo d\u00eda 7, tendr\u00e1 lugar una funci\u00f3n para colegios e institutos, que contar\u00e1 con un aforo superior a los 800 alumnos llegados de todo el municipio.<\/p>\n<p class=\"v1MsoNormal\">La obra est\u00e1 enfocada a p\u00fablico infantil y juvenil, adaptando las aventuras de los fieros piratas en clave de humor. Tambi\u00e9n los adultos disfrutar\u00e1n rememorando un cl\u00e1sico universal, por lo que resulta un show perfecto para toda la familia, porque adem\u00e1s refrenda los valores de la amistad y el compa\u00f1erismo, la generosidad y el compromiso. En definitiva, la mejor novela de aventuras de la historia, adaptada para teatro en clave musical y con mucho humor que no nos podemos perder.<\/p>\n<p class=\"v1MsoNormal\">Las entradas ya est\u00e1n a la venta a trav\u00e9s de la web\u00a0<a href=\"https:\/\/auditoriomargaritalozano.es\/\" target=\"_blank\" rel=\"noopener noreferrer\">https:\/\/auditoriomargaritalozano.es\/<\/a>, Bacantix.com y en las propias taquillas del auditorio, por un coste que va desde los 7 a los 10 euros, m\u00e1s un euro en el caso de la compra on line.<\/p>\n<p class=\"v1MsoNormal\">Nacho Fuentes, Raquel L\u00f3pez, Juan Mar\u00eda Soler y Alfonso Mars\u00e1n componen el abanico de actores que dar\u00e1n vida a los distintos personajes.<\/p>\n<p class=\"v1MsoNormal\">El espect\u00e1culo, que alcanza una hora de duraci\u00f3n, est\u00e1 producido por la Compa\u00f1\u00eda del Teatro Guerra, dentro del Circuito Profesional de AAEE y M\u00fasica, versionado por Nacho Fuentes, dirigido por Juan Francisco Ros y con m\u00fasica de Sergio Hern\u00e1ndez. El dise\u00f1o y la realizaci\u00f3n de vestuario ha corrido a cargo de Mariluz Baraza, monitora experta en costura de la Universidad Popular desde hace m\u00e1s de 15 a\u00f1os. El dise\u00f1o musical viene firmado por Juan Francisco Ros con la colaboraci\u00f3n de los profesores de la Escuela de Artes Pl\u00e1sticas Oliver Cuello y Juan Guerrero. En cuanto al dise\u00f1o de la carteler\u00eda e imagen de la obra estos son de Javier Mart\u00ednez.<\/p>\n","protected":false},"excerpt":{"rendered":"<p>\u00c1REA LORCA RADIO. Actualidad. Escucha aqu\u00ed la intervenci\u00f3n en el magazine de \u00c1rea Lorca Radio de una de las actrices que componen el abanico de actores, Raquel L\u00f3pez Navarro qui\u00e9n ha contado a Paco S\u00e1nchez como es este musical infantil. \u00a0 El espect\u00e1culo se desarrollar\u00e1 en Lorca bajo la programaci\u00f3n prevista desde la Concejal\u00eda para [&hellip;]<\/p>\n","protected":false},"author":1,"featured_media":5469,"comment_status":"open","ping_status":"open","sticky":false,"template":"","format":"standard","meta":{"iawp_total_views":26,"footnotes":""},"categories":[5,7],"tags":[],"class_list":["post-5462","post","type-post","status-publish","format-standard","has-post-thumbnail","hentry","category-actualidad","category-lorca"],"yoast_head":"<!-- This site is optimized with the Yoast SEO plugin v27.5 - https:\/\/yoast.com\/product\/yoast-seo-wordpress\/ -->\n<title>El Auditorio Margarita Lozano acoge este viernes, 7 de febrero, en doble sesi\u00f3n, el musical infantil &quot;La Isla del Tesoro&quot; - AREA LORCA RADIO<\/title>\n<meta name=\"robots\" content=\"index, follow, max-snippet:-1, max-image-preview:large, max-video-preview:-1\" \/>\n<link rel=\"canonical\" href=\"https:\/\/arealorcaradio.es\/index.php\/2025\/02\/04\/el-auditorio-margarita-lozano-acoge-este-viernes-7-de-febrero-en-doble-sesion-el-musical-infantil-la-isla-del-tesoro\/\" \/>\n<meta property=\"og:locale\" content=\"es_ES\" \/>\n<meta property=\"og:type\" content=\"article\" \/>\n<meta property=\"og:title\" content=\"El Auditorio Margarita Lozano acoge este viernes, 7 de febrero, en doble sesi\u00f3n, el musical infantil &quot;La Isla del Tesoro&quot; - AREA LORCA RADIO\" \/>\n<meta property=\"og:description\" content=\"\u00c1REA LORCA RADIO. Actualidad. Escucha aqu\u00ed la intervenci\u00f3n en el magazine de \u00c1rea Lorca Radio de una de las actrices que componen el abanico de actores, Raquel L\u00f3pez Navarro qui\u00e9n ha contado a Paco S\u00e1nchez como es este musical infantil. \u00a0 El espect\u00e1culo se desarrollar\u00e1 en Lorca bajo la programaci\u00f3n prevista desde la Concejal\u00eda para [&hellip;]\" \/>\n<meta property=\"og:url\" content=\"https:\/\/arealorcaradio.es\/index.php\/2025\/02\/04\/el-auditorio-margarita-lozano-acoge-este-viernes-7-de-febrero-en-doble-sesion-el-musical-infantil-la-isla-del-tesoro\/\" \/>\n<meta property=\"og:site_name\" content=\"AREA LORCA RADIO\" \/>\n<meta property=\"article:published_time\" content=\"2025-02-04T18:21:59+00:00\" \/>\n<meta property=\"og:image\" content=\"https:\/\/arealorcaradio.es\/wp-content\/uploads\/2025\/02\/FOTO1-MUSICAL.jpeg\" \/>\n\t<meta property=\"og:image:width\" content=\"1600\" \/>\n\t<meta property=\"og:image:height\" content=\"1066\" \/>\n\t<meta property=\"og:image:type\" content=\"image\/jpeg\" \/>\n<meta name=\"author\" content=\"Paco S\u00e1nchez\" \/>\n<meta name=\"twitter:card\" content=\"summary_large_image\" \/>\n<meta name=\"twitter:label1\" content=\"Escrito por\" \/>\n\t<meta name=\"twitter:data1\" content=\"Paco S\u00e1nchez\" \/>\n\t<meta name=\"twitter:label2\" content=\"Tiempo de lectura\" \/>\n\t<meta name=\"twitter:data2\" content=\"3 minutos\" \/>\n<script type=\"application\/ld+json\" class=\"yoast-schema-graph\">{\"@context\":\"https:\\\/\\\/schema.org\",\"@graph\":[{\"@type\":\"Article\",\"@id\":\"https:\\\/\\\/arealorcaradio.es\\\/index.php\\\/2025\\\/02\\\/04\\\/el-auditorio-margarita-lozano-acoge-este-viernes-7-de-febrero-en-doble-sesion-el-musical-infantil-la-isla-del-tesoro\\\/#article\",\"isPartOf\":{\"@id\":\"https:\\\/\\\/arealorcaradio.es\\\/index.php\\\/2025\\\/02\\\/04\\\/el-auditorio-margarita-lozano-acoge-este-viernes-7-de-febrero-en-doble-sesion-el-musical-infantil-la-isla-del-tesoro\\\/\"},\"author\":{\"name\":\"Paco S\u00e1nchez\",\"@id\":\"https:\\\/\\\/arealorcaradio.es\\\/#\\\/schema\\\/person\\\/9fae605fc25b0f2c83c1ab207139bd27\"},\"headline\":\"El Auditorio Margarita Lozano acoge este viernes, 7 de febrero, en doble sesi\u00f3n, el musical infantil \u00abLa Isla del Tesoro\u00bb\",\"datePublished\":\"2025-02-04T18:21:59+00:00\",\"mainEntityOfPage\":{\"@id\":\"https:\\\/\\\/arealorcaradio.es\\\/index.php\\\/2025\\\/02\\\/04\\\/el-auditorio-margarita-lozano-acoge-este-viernes-7-de-febrero-en-doble-sesion-el-musical-infantil-la-isla-del-tesoro\\\/\"},\"wordCount\":449,\"commentCount\":0,\"image\":{\"@id\":\"https:\\\/\\\/arealorcaradio.es\\\/index.php\\\/2025\\\/02\\\/04\\\/el-auditorio-margarita-lozano-acoge-este-viernes-7-de-febrero-en-doble-sesion-el-musical-infantil-la-isla-del-tesoro\\\/#primaryimage\"},\"thumbnailUrl\":\"https:\\\/\\\/arealorcaradio.es\\\/wp-content\\\/uploads\\\/2025\\\/02\\\/FOTO1-MUSICAL.jpeg\",\"articleSection\":[\"ACTUALIDAD\",\"LORCA\"],\"inLanguage\":\"es\",\"potentialAction\":[{\"@type\":\"CommentAction\",\"name\":\"Comment\",\"target\":[\"https:\\\/\\\/arealorcaradio.es\\\/index.php\\\/2025\\\/02\\\/04\\\/el-auditorio-margarita-lozano-acoge-este-viernes-7-de-febrero-en-doble-sesion-el-musical-infantil-la-isla-del-tesoro\\\/#respond\"]}]},{\"@type\":\"WebPage\",\"@id\":\"https:\\\/\\\/arealorcaradio.es\\\/index.php\\\/2025\\\/02\\\/04\\\/el-auditorio-margarita-lozano-acoge-este-viernes-7-de-febrero-en-doble-sesion-el-musical-infantil-la-isla-del-tesoro\\\/\",\"url\":\"https:\\\/\\\/arealorcaradio.es\\\/index.php\\\/2025\\\/02\\\/04\\\/el-auditorio-margarita-lozano-acoge-este-viernes-7-de-febrero-en-doble-sesion-el-musical-infantil-la-isla-del-tesoro\\\/\",\"name\":\"El Auditorio Margarita Lozano acoge este viernes, 7 de febrero, en doble sesi\u00f3n, el musical infantil \\\"La Isla del Tesoro\\\" - AREA LORCA RADIO\",\"isPartOf\":{\"@id\":\"https:\\\/\\\/arealorcaradio.es\\\/#website\"},\"primaryImageOfPage\":{\"@id\":\"https:\\\/\\\/arealorcaradio.es\\\/index.php\\\/2025\\\/02\\\/04\\\/el-auditorio-margarita-lozano-acoge-este-viernes-7-de-febrero-en-doble-sesion-el-musical-infantil-la-isla-del-tesoro\\\/#primaryimage\"},\"image\":{\"@id\":\"https:\\\/\\\/arealorcaradio.es\\\/index.php\\\/2025\\\/02\\\/04\\\/el-auditorio-margarita-lozano-acoge-este-viernes-7-de-febrero-en-doble-sesion-el-musical-infantil-la-isla-del-tesoro\\\/#primaryimage\"},\"thumbnailUrl\":\"https:\\\/\\\/arealorcaradio.es\\\/wp-content\\\/uploads\\\/2025\\\/02\\\/FOTO1-MUSICAL.jpeg\",\"datePublished\":\"2025-02-04T18:21:59+00:00\",\"author\":{\"@id\":\"https:\\\/\\\/arealorcaradio.es\\\/#\\\/schema\\\/person\\\/9fae605fc25b0f2c83c1ab207139bd27\"},\"breadcrumb\":{\"@id\":\"https:\\\/\\\/arealorcaradio.es\\\/index.php\\\/2025\\\/02\\\/04\\\/el-auditorio-margarita-lozano-acoge-este-viernes-7-de-febrero-en-doble-sesion-el-musical-infantil-la-isla-del-tesoro\\\/#breadcrumb\"},\"inLanguage\":\"es\",\"potentialAction\":[{\"@type\":\"ReadAction\",\"target\":[\"https:\\\/\\\/arealorcaradio.es\\\/index.php\\\/2025\\\/02\\\/04\\\/el-auditorio-margarita-lozano-acoge-este-viernes-7-de-febrero-en-doble-sesion-el-musical-infantil-la-isla-del-tesoro\\\/\"]}]},{\"@type\":\"ImageObject\",\"inLanguage\":\"es\",\"@id\":\"https:\\\/\\\/arealorcaradio.es\\\/index.php\\\/2025\\\/02\\\/04\\\/el-auditorio-margarita-lozano-acoge-este-viernes-7-de-febrero-en-doble-sesion-el-musical-infantil-la-isla-del-tesoro\\\/#primaryimage\",\"url\":\"https:\\\/\\\/arealorcaradio.es\\\/wp-content\\\/uploads\\\/2025\\\/02\\\/FOTO1-MUSICAL.jpeg\",\"contentUrl\":\"https:\\\/\\\/arealorcaradio.es\\\/wp-content\\\/uploads\\\/2025\\\/02\\\/FOTO1-MUSICAL.jpeg\",\"width\":1600,\"height\":1066},{\"@type\":\"BreadcrumbList\",\"@id\":\"https:\\\/\\\/arealorcaradio.es\\\/index.php\\\/2025\\\/02\\\/04\\\/el-auditorio-margarita-lozano-acoge-este-viernes-7-de-febrero-en-doble-sesion-el-musical-infantil-la-isla-del-tesoro\\\/#breadcrumb\",\"itemListElement\":[{\"@type\":\"ListItem\",\"position\":1,\"name\":\"Portada\",\"item\":\"https:\\\/\\\/arealorcaradio.es\\\/\"},{\"@type\":\"ListItem\",\"position\":2,\"name\":\"El Auditorio Margarita Lozano acoge este viernes, 7 de febrero, en doble sesi\u00f3n, el musical infantil \u00abLa Isla del Tesoro\u00bb\"}]},{\"@type\":\"WebSite\",\"@id\":\"https:\\\/\\\/arealorcaradio.es\\\/#website\",\"url\":\"https:\\\/\\\/arealorcaradio.es\\\/\",\"name\":\"AREA LORCA RADIO\",\"description\":\"Descubre la programaci\u00f3n actual en \u00c1rea Lorca Radio, tu fuente de entrenamiento y noticias locales. Sintoniza ahora y mantente conectado online.\",\"potentialAction\":[{\"@type\":\"SearchAction\",\"target\":{\"@type\":\"EntryPoint\",\"urlTemplate\":\"https:\\\/\\\/arealorcaradio.es\\\/?s={search_term_string}\"},\"query-input\":{\"@type\":\"PropertyValueSpecification\",\"valueRequired\":true,\"valueName\":\"search_term_string\"}}],\"inLanguage\":\"es\"},{\"@type\":\"Person\",\"@id\":\"https:\\\/\\\/arealorcaradio.es\\\/#\\\/schema\\\/person\\\/9fae605fc25b0f2c83c1ab207139bd27\",\"name\":\"Paco S\u00e1nchez\",\"image\":{\"@type\":\"ImageObject\",\"inLanguage\":\"es\",\"@id\":\"https:\\\/\\\/secure.gravatar.com\\\/avatar\\\/d67144e966420fb74aa84c9f2a0103be4724fd14db52b52d3b6bca749f257e79?s=96&d=mm&r=g\",\"url\":\"https:\\\/\\\/secure.gravatar.com\\\/avatar\\\/d67144e966420fb74aa84c9f2a0103be4724fd14db52b52d3b6bca749f257e79?s=96&d=mm&r=g\",\"contentUrl\":\"https:\\\/\\\/secure.gravatar.com\\\/avatar\\\/d67144e966420fb74aa84c9f2a0103be4724fd14db52b52d3b6bca749f257e79?s=96&d=mm&r=g\",\"caption\":\"Paco S\u00e1nchez\"},\"sameAs\":[\"https:\\\/\\\/arealorcaradio.es\"],\"url\":\"https:\\\/\\\/arealorcaradio.es\\\/index.php\\\/author\\\/admin_alorcaradio\\\/\"}]}<\/script>\n<!-- \/ Yoast SEO plugin. -->","yoast_head_json":{"title":"El Auditorio Margarita Lozano acoge este viernes, 7 de febrero, en doble sesi\u00f3n, el musical infantil \"La Isla del Tesoro\" - AREA LORCA RADIO","robots":{"index":"index","follow":"follow","max-snippet":"max-snippet:-1","max-image-preview":"max-image-preview:large","max-video-preview":"max-video-preview:-1"},"canonical":"https:\/\/arealorcaradio.es\/index.php\/2025\/02\/04\/el-auditorio-margarita-lozano-acoge-este-viernes-7-de-febrero-en-doble-sesion-el-musical-infantil-la-isla-del-tesoro\/","og_locale":"es_ES","og_type":"article","og_title":"El Auditorio Margarita Lozano acoge este viernes, 7 de febrero, en doble sesi\u00f3n, el musical infantil \"La Isla del Tesoro\" - AREA LORCA RADIO","og_description":"\u00c1REA LORCA RADIO. Actualidad. Escucha aqu\u00ed la intervenci\u00f3n en el magazine de \u00c1rea Lorca Radio de una de las actrices que componen el abanico de actores, Raquel L\u00f3pez Navarro qui\u00e9n ha contado a Paco S\u00e1nchez como es este musical infantil. \u00a0 El espect\u00e1culo se desarrollar\u00e1 en Lorca bajo la programaci\u00f3n prevista desde la Concejal\u00eda para [&hellip;]","og_url":"https:\/\/arealorcaradio.es\/index.php\/2025\/02\/04\/el-auditorio-margarita-lozano-acoge-este-viernes-7-de-febrero-en-doble-sesion-el-musical-infantil-la-isla-del-tesoro\/","og_site_name":"AREA LORCA RADIO","article_published_time":"2025-02-04T18:21:59+00:00","og_image":[{"width":1600,"height":1066,"url":"https:\/\/arealorcaradio.es\/wp-content\/uploads\/2025\/02\/FOTO1-MUSICAL.jpeg","type":"image\/jpeg"}],"author":"Paco S\u00e1nchez","twitter_card":"summary_large_image","twitter_misc":{"Escrito por":"Paco S\u00e1nchez","Tiempo de lectura":"3 minutos"},"schema":{"@context":"https:\/\/schema.org","@graph":[{"@type":"Article","@id":"https:\/\/arealorcaradio.es\/index.php\/2025\/02\/04\/el-auditorio-margarita-lozano-acoge-este-viernes-7-de-febrero-en-doble-sesion-el-musical-infantil-la-isla-del-tesoro\/#article","isPartOf":{"@id":"https:\/\/arealorcaradio.es\/index.php\/2025\/02\/04\/el-auditorio-margarita-lozano-acoge-este-viernes-7-de-febrero-en-doble-sesion-el-musical-infantil-la-isla-del-tesoro\/"},"author":{"name":"Paco S\u00e1nchez","@id":"https:\/\/arealorcaradio.es\/#\/schema\/person\/9fae605fc25b0f2c83c1ab207139bd27"},"headline":"El Auditorio Margarita Lozano acoge este viernes, 7 de febrero, en doble sesi\u00f3n, el musical infantil \u00abLa Isla del Tesoro\u00bb","datePublished":"2025-02-04T18:21:59+00:00","mainEntityOfPage":{"@id":"https:\/\/arealorcaradio.es\/index.php\/2025\/02\/04\/el-auditorio-margarita-lozano-acoge-este-viernes-7-de-febrero-en-doble-sesion-el-musical-infantil-la-isla-del-tesoro\/"},"wordCount":449,"commentCount":0,"image":{"@id":"https:\/\/arealorcaradio.es\/index.php\/2025\/02\/04\/el-auditorio-margarita-lozano-acoge-este-viernes-7-de-febrero-en-doble-sesion-el-musical-infantil-la-isla-del-tesoro\/#primaryimage"},"thumbnailUrl":"https:\/\/arealorcaradio.es\/wp-content\/uploads\/2025\/02\/FOTO1-MUSICAL.jpeg","articleSection":["ACTUALIDAD","LORCA"],"inLanguage":"es","potentialAction":[{"@type":"CommentAction","name":"Comment","target":["https:\/\/arealorcaradio.es\/index.php\/2025\/02\/04\/el-auditorio-margarita-lozano-acoge-este-viernes-7-de-febrero-en-doble-sesion-el-musical-infantil-la-isla-del-tesoro\/#respond"]}]},{"@type":"WebPage","@id":"https:\/\/arealorcaradio.es\/index.php\/2025\/02\/04\/el-auditorio-margarita-lozano-acoge-este-viernes-7-de-febrero-en-doble-sesion-el-musical-infantil-la-isla-del-tesoro\/","url":"https:\/\/arealorcaradio.es\/index.php\/2025\/02\/04\/el-auditorio-margarita-lozano-acoge-este-viernes-7-de-febrero-en-doble-sesion-el-musical-infantil-la-isla-del-tesoro\/","name":"El Auditorio Margarita Lozano acoge este viernes, 7 de febrero, en doble sesi\u00f3n, el musical infantil \"La Isla del Tesoro\" - AREA LORCA RADIO","isPartOf":{"@id":"https:\/\/arealorcaradio.es\/#website"},"primaryImageOfPage":{"@id":"https:\/\/arealorcaradio.es\/index.php\/2025\/02\/04\/el-auditorio-margarita-lozano-acoge-este-viernes-7-de-febrero-en-doble-sesion-el-musical-infantil-la-isla-del-tesoro\/#primaryimage"},"image":{"@id":"https:\/\/arealorcaradio.es\/index.php\/2025\/02\/04\/el-auditorio-margarita-lozano-acoge-este-viernes-7-de-febrero-en-doble-sesion-el-musical-infantil-la-isla-del-tesoro\/#primaryimage"},"thumbnailUrl":"https:\/\/arealorcaradio.es\/wp-content\/uploads\/2025\/02\/FOTO1-MUSICAL.jpeg","datePublished":"2025-02-04T18:21:59+00:00","author":{"@id":"https:\/\/arealorcaradio.es\/#\/schema\/person\/9fae605fc25b0f2c83c1ab207139bd27"},"breadcrumb":{"@id":"https:\/\/arealorcaradio.es\/index.php\/2025\/02\/04\/el-auditorio-margarita-lozano-acoge-este-viernes-7-de-febrero-en-doble-sesion-el-musical-infantil-la-isla-del-tesoro\/#breadcrumb"},"inLanguage":"es","potentialAction":[{"@type":"ReadAction","target":["https:\/\/arealorcaradio.es\/index.php\/2025\/02\/04\/el-auditorio-margarita-lozano-acoge-este-viernes-7-de-febrero-en-doble-sesion-el-musical-infantil-la-isla-del-tesoro\/"]}]},{"@type":"ImageObject","inLanguage":"es","@id":"https:\/\/arealorcaradio.es\/index.php\/2025\/02\/04\/el-auditorio-margarita-lozano-acoge-este-viernes-7-de-febrero-en-doble-sesion-el-musical-infantil-la-isla-del-tesoro\/#primaryimage","url":"https:\/\/arealorcaradio.es\/wp-content\/uploads\/2025\/02\/FOTO1-MUSICAL.jpeg","contentUrl":"https:\/\/arealorcaradio.es\/wp-content\/uploads\/2025\/02\/FOTO1-MUSICAL.jpeg","width":1600,"height":1066},{"@type":"BreadcrumbList","@id":"https:\/\/arealorcaradio.es\/index.php\/2025\/02\/04\/el-auditorio-margarita-lozano-acoge-este-viernes-7-de-febrero-en-doble-sesion-el-musical-infantil-la-isla-del-tesoro\/#breadcrumb","itemListElement":[{"@type":"ListItem","position":1,"name":"Portada","item":"https:\/\/arealorcaradio.es\/"},{"@type":"ListItem","position":2,"name":"El Auditorio Margarita Lozano acoge este viernes, 7 de febrero, en doble sesi\u00f3n, el musical infantil \u00abLa Isla del Tesoro\u00bb"}]},{"@type":"WebSite","@id":"https:\/\/arealorcaradio.es\/#website","url":"https:\/\/arealorcaradio.es\/","name":"AREA LORCA RADIO","description":"Descubre la programaci\u00f3n actual en \u00c1rea Lorca Radio, tu fuente de entrenamiento y noticias locales. Sintoniza ahora y mantente conectado online.","potentialAction":[{"@type":"SearchAction","target":{"@type":"EntryPoint","urlTemplate":"https:\/\/arealorcaradio.es\/?s={search_term_string}"},"query-input":{"@type":"PropertyValueSpecification","valueRequired":true,"valueName":"search_term_string"}}],"inLanguage":"es"},{"@type":"Person","@id":"https:\/\/arealorcaradio.es\/#\/schema\/person\/9fae605fc25b0f2c83c1ab207139bd27","name":"Paco S\u00e1nchez","image":{"@type":"ImageObject","inLanguage":"es","@id":"https:\/\/secure.gravatar.com\/avatar\/d67144e966420fb74aa84c9f2a0103be4724fd14db52b52d3b6bca749f257e79?s=96&d=mm&r=g","url":"https:\/\/secure.gravatar.com\/avatar\/d67144e966420fb74aa84c9f2a0103be4724fd14db52b52d3b6bca749f257e79?s=96&d=mm&r=g","contentUrl":"https:\/\/secure.gravatar.com\/avatar\/d67144e966420fb74aa84c9f2a0103be4724fd14db52b52d3b6bca749f257e79?s=96&d=mm&r=g","caption":"Paco S\u00e1nchez"},"sameAs":["https:\/\/arealorcaradio.es"],"url":"https:\/\/arealorcaradio.es\/index.php\/author\/admin_alorcaradio\/"}]}},"_links":{"self":[{"href":"https:\/\/arealorcaradio.es\/index.php\/wp-json\/wp\/v2\/posts\/5462","targetHints":{"allow":["GET"]}}],"collection":[{"href":"https:\/\/arealorcaradio.es\/index.php\/wp-json\/wp\/v2\/posts"}],"about":[{"href":"https:\/\/arealorcaradio.es\/index.php\/wp-json\/wp\/v2\/types\/post"}],"author":[{"embeddable":true,"href":"https:\/\/arealorcaradio.es\/index.php\/wp-json\/wp\/v2\/users\/1"}],"replies":[{"embeddable":true,"href":"https:\/\/arealorcaradio.es\/index.php\/wp-json\/wp\/v2\/comments?post=5462"}],"version-history":[{"count":3,"href":"https:\/\/arealorcaradio.es\/index.php\/wp-json\/wp\/v2\/posts\/5462\/revisions"}],"predecessor-version":[{"id":5470,"href":"https:\/\/arealorcaradio.es\/index.php\/wp-json\/wp\/v2\/posts\/5462\/revisions\/5470"}],"wp:featuredmedia":[{"embeddable":true,"href":"https:\/\/arealorcaradio.es\/index.php\/wp-json\/wp\/v2\/media\/5469"}],"wp:attachment":[{"href":"https:\/\/arealorcaradio.es\/index.php\/wp-json\/wp\/v2\/media?parent=5462"}],"wp:term":[{"taxonomy":"category","embeddable":true,"href":"https:\/\/arealorcaradio.es\/index.php\/wp-json\/wp\/v2\/categories?post=5462"},{"taxonomy":"post_tag","embeddable":true,"href":"https:\/\/arealorcaradio.es\/index.php\/wp-json\/wp\/v2\/tags?post=5462"}],"curies":[{"name":"wp","href":"https:\/\/api.w.org\/{rel}","templated":true}]}}