{"id":5457,"date":"2025-02-04T18:22:27","date_gmt":"2025-02-04T18:22:27","guid":{"rendered":"https:\/\/arealorcaradio.es\/?p=5457"},"modified":"2025-02-04T18:22:27","modified_gmt":"2025-02-04T18:22:27","slug":"el-doctor-en-psicologia-carlos-hue-garcia-ofrece-este-miercoles-una-conferencia-en-lorca-bajo-el-titulo-inteligencia-emocional","status":"publish","type":"post","link":"https:\/\/arealorcaradio.es\/index.php\/2025\/02\/04\/el-doctor-en-psicologia-carlos-hue-garcia-ofrece-este-miercoles-una-conferencia-en-lorca-bajo-el-titulo-inteligencia-emocional\/","title":{"rendered":"El Doctor en psicolog\u00eda Carlos Hue Garc\u00eda ofrece este mi\u00e9rcoles una Conferencia en Lorca bajo el titulo \u00abInteligencia Emocional\u00bb"},"content":{"rendered":"<p><strong>\u00c1REA LORCA RADIO. Actualidad.<\/strong><\/p>\n<p>Escucha aqu\u00ed la entrevista que ha concedido a Paco S\u00e1nchez en el magazine de \u00c1rea Lorca Radio, la directora del IES Ib\u00e1\u00f1ez Mart\u00edn de Lorca, Ana Barranco, qui\u00e9n cuenta con detalle como ser\u00e1 la Conferencia que ser\u00e1 impartida por el Doctor Carlos Hue Garc\u00eda y cual es su principal objetivo.<\/p>\n<audio class=\"wp-audio-shortcode\" id=\"audio-5457-1\" preload=\"none\" style=\"width: 100%;\" controls=\"controls\"><source type=\"audio\/mpeg\" src=\"https:\/\/arealorcaradio.es\/wp-content\/uploads\/2025\/02\/040225-ANA-BARRANCO.-CHARLA-CARLOS-HUE.mp3?_=1\" \/><a href=\"https:\/\/arealorcaradio.es\/wp-content\/uploads\/2025\/02\/040225-ANA-BARRANCO.-CHARLA-CARLOS-HUE.mp3\">https:\/\/arealorcaradio.es\/wp-content\/uploads\/2025\/02\/040225-ANA-BARRANCO.-CHARLA-CARLOS-HUE.mp3<\/a><\/audio>\n<p><img loading=\"lazy\" decoding=\"async\" class=\"alignnone size-medium wp-image-5459\" src=\"https:\/\/arealorcaradio.es\/wp-content\/uploads\/2025\/02\/fd23e50c4f3549dcafdab3bb15b78f72-214x300.jpg\" alt=\"\" width=\"214\" height=\"300\" srcset=\"https:\/\/arealorcaradio.es\/wp-content\/uploads\/2025\/02\/fd23e50c4f3549dcafdab3bb15b78f72-214x300.jpg 214w, https:\/\/arealorcaradio.es\/wp-content\/uploads\/2025\/02\/fd23e50c4f3549dcafdab3bb15b78f72-730x1024.jpg 730w, https:\/\/arealorcaradio.es\/wp-content\/uploads\/2025\/02\/fd23e50c4f3549dcafdab3bb15b78f72-768x1078.jpg 768w, https:\/\/arealorcaradio.es\/wp-content\/uploads\/2025\/02\/fd23e50c4f3549dcafdab3bb15b78f72.jpg 996w\" sizes=\"auto, (max-width: 214px) 100vw, 214px\" \/><\/p>\n","protected":false},"excerpt":{"rendered":"<p>\u00c1REA LORCA RADIO. Actualidad. Escucha aqu\u00ed la entrevista que ha concedido a Paco S\u00e1nchez en el magazine de \u00c1rea Lorca Radio, la directora del IES Ib\u00e1\u00f1ez Mart\u00edn de Lorca, Ana Barranco, qui\u00e9n cuenta con detalle como ser\u00e1 la Conferencia que ser\u00e1 impartida por el Doctor Carlos Hue Garc\u00eda y cual es su principal objetivo.<\/p>\n","protected":false},"author":1,"featured_media":5460,"comment_status":"open","ping_status":"open","sticky":false,"template":"","format":"standard","meta":{"iawp_total_views":19,"footnotes":""},"categories":[5,7],"tags":[],"class_list":["post-5457","post","type-post","status-publish","format-standard","has-post-thumbnail","hentry","category-actualidad","category-lorca"],"yoast_head":"<!-- This site is optimized with the Yoast SEO plugin v27.5 - https:\/\/yoast.com\/product\/yoast-seo-wordpress\/ -->\n<title>El Doctor en psicolog\u00eda Carlos Hue Garc\u00eda ofrece este mi\u00e9rcoles una Conferencia en Lorca bajo el titulo &quot;Inteligencia Emocional&quot; - AREA LORCA RADIO<\/title>\n<meta name=\"robots\" content=\"index, follow, max-snippet:-1, max-image-preview:large, max-video-preview:-1\" \/>\n<link rel=\"canonical\" href=\"https:\/\/arealorcaradio.es\/index.php\/2025\/02\/04\/el-doctor-en-psicologia-carlos-hue-garcia-ofrece-este-miercoles-una-conferencia-en-lorca-bajo-el-titulo-inteligencia-emocional\/\" \/>\n<meta property=\"og:locale\" content=\"es_ES\" \/>\n<meta property=\"og:type\" content=\"article\" \/>\n<meta property=\"og:title\" content=\"El Doctor en psicolog\u00eda Carlos Hue Garc\u00eda ofrece este mi\u00e9rcoles una Conferencia en Lorca bajo el titulo &quot;Inteligencia Emocional&quot; - AREA LORCA RADIO\" \/>\n<meta property=\"og:description\" content=\"\u00c1REA LORCA RADIO. Actualidad. Escucha aqu\u00ed la entrevista que ha concedido a Paco S\u00e1nchez en el magazine de \u00c1rea Lorca Radio, la directora del IES Ib\u00e1\u00f1ez Mart\u00edn de Lorca, Ana Barranco, qui\u00e9n cuenta con detalle como ser\u00e1 la Conferencia que ser\u00e1 impartida por el Doctor Carlos Hue Garc\u00eda y cual es su principal objetivo.\" \/>\n<meta property=\"og:url\" content=\"https:\/\/arealorcaradio.es\/index.php\/2025\/02\/04\/el-doctor-en-psicologia-carlos-hue-garcia-ofrece-este-miercoles-una-conferencia-en-lorca-bajo-el-titulo-inteligencia-emocional\/\" \/>\n<meta property=\"og:site_name\" content=\"AREA LORCA RADIO\" \/>\n<meta property=\"article:published_time\" content=\"2025-02-04T18:22:27+00:00\" \/>\n<meta property=\"og:image\" content=\"https:\/\/arealorcaradio.es\/wp-content\/uploads\/2025\/02\/20250204_161631-scaled.jpg\" \/>\n\t<meta property=\"og:image:width\" content=\"2560\" \/>\n\t<meta property=\"og:image:height\" content=\"1920\" \/>\n\t<meta property=\"og:image:type\" content=\"image\/jpeg\" \/>\n<meta name=\"author\" content=\"Paco S\u00e1nchez\" \/>\n<meta name=\"twitter:card\" content=\"summary_large_image\" \/>\n<meta name=\"twitter:label1\" content=\"Escrito por\" \/>\n\t<meta name=\"twitter:data1\" content=\"Paco S\u00e1nchez\" \/>\n\t<meta name=\"twitter:label2\" content=\"Tiempo de lectura\" \/>\n\t<meta name=\"twitter:data2\" content=\"1 minuto\" \/>\n<script type=\"application\/ld+json\" class=\"yoast-schema-graph\">{\"@context\":\"https:\\\/\\\/schema.org\",\"@graph\":[{\"@type\":\"Article\",\"@id\":\"https:\\\/\\\/arealorcaradio.es\\\/index.php\\\/2025\\\/02\\\/04\\\/el-doctor-en-psicologia-carlos-hue-garcia-ofrece-este-miercoles-una-conferencia-en-lorca-bajo-el-titulo-inteligencia-emocional\\\/#article\",\"isPartOf\":{\"@id\":\"https:\\\/\\\/arealorcaradio.es\\\/index.php\\\/2025\\\/02\\\/04\\\/el-doctor-en-psicologia-carlos-hue-garcia-ofrece-este-miercoles-una-conferencia-en-lorca-bajo-el-titulo-inteligencia-emocional\\\/\"},\"author\":{\"name\":\"Paco S\u00e1nchez\",\"@id\":\"https:\\\/\\\/arealorcaradio.es\\\/#\\\/schema\\\/person\\\/9fae605fc25b0f2c83c1ab207139bd27\"},\"headline\":\"El Doctor en psicolog\u00eda Carlos Hue Garc\u00eda ofrece este mi\u00e9rcoles una Conferencia en Lorca bajo el titulo \u00abInteligencia Emocional\u00bb\",\"datePublished\":\"2025-02-04T18:22:27+00:00\",\"mainEntityOfPage\":{\"@id\":\"https:\\\/\\\/arealorcaradio.es\\\/index.php\\\/2025\\\/02\\\/04\\\/el-doctor-en-psicologia-carlos-hue-garcia-ofrece-este-miercoles-una-conferencia-en-lorca-bajo-el-titulo-inteligencia-emocional\\\/\"},\"wordCount\":92,\"commentCount\":0,\"image\":{\"@id\":\"https:\\\/\\\/arealorcaradio.es\\\/index.php\\\/2025\\\/02\\\/04\\\/el-doctor-en-psicologia-carlos-hue-garcia-ofrece-este-miercoles-una-conferencia-en-lorca-bajo-el-titulo-inteligencia-emocional\\\/#primaryimage\"},\"thumbnailUrl\":\"https:\\\/\\\/arealorcaradio.es\\\/wp-content\\\/uploads\\\/2025\\\/02\\\/20250204_161631-scaled.jpg\",\"articleSection\":[\"ACTUALIDAD\",\"LORCA\"],\"inLanguage\":\"es\",\"potentialAction\":[{\"@type\":\"CommentAction\",\"name\":\"Comment\",\"target\":[\"https:\\\/\\\/arealorcaradio.es\\\/index.php\\\/2025\\\/02\\\/04\\\/el-doctor-en-psicologia-carlos-hue-garcia-ofrece-este-miercoles-una-conferencia-en-lorca-bajo-el-titulo-inteligencia-emocional\\\/#respond\"]}]},{\"@type\":\"WebPage\",\"@id\":\"https:\\\/\\\/arealorcaradio.es\\\/index.php\\\/2025\\\/02\\\/04\\\/el-doctor-en-psicologia-carlos-hue-garcia-ofrece-este-miercoles-una-conferencia-en-lorca-bajo-el-titulo-inteligencia-emocional\\\/\",\"url\":\"https:\\\/\\\/arealorcaradio.es\\\/index.php\\\/2025\\\/02\\\/04\\\/el-doctor-en-psicologia-carlos-hue-garcia-ofrece-este-miercoles-una-conferencia-en-lorca-bajo-el-titulo-inteligencia-emocional\\\/\",\"name\":\"El Doctor en psicolog\u00eda Carlos Hue Garc\u00eda ofrece este mi\u00e9rcoles una Conferencia en Lorca bajo el titulo \\\"Inteligencia Emocional\\\" - AREA LORCA RADIO\",\"isPartOf\":{\"@id\":\"https:\\\/\\\/arealorcaradio.es\\\/#website\"},\"primaryImageOfPage\":{\"@id\":\"https:\\\/\\\/arealorcaradio.es\\\/index.php\\\/2025\\\/02\\\/04\\\/el-doctor-en-psicologia-carlos-hue-garcia-ofrece-este-miercoles-una-conferencia-en-lorca-bajo-el-titulo-inteligencia-emocional\\\/#primaryimage\"},\"image\":{\"@id\":\"https:\\\/\\\/arealorcaradio.es\\\/index.php\\\/2025\\\/02\\\/04\\\/el-doctor-en-psicologia-carlos-hue-garcia-ofrece-este-miercoles-una-conferencia-en-lorca-bajo-el-titulo-inteligencia-emocional\\\/#primaryimage\"},\"thumbnailUrl\":\"https:\\\/\\\/arealorcaradio.es\\\/wp-content\\\/uploads\\\/2025\\\/02\\\/20250204_161631-scaled.jpg\",\"datePublished\":\"2025-02-04T18:22:27+00:00\",\"author\":{\"@id\":\"https:\\\/\\\/arealorcaradio.es\\\/#\\\/schema\\\/person\\\/9fae605fc25b0f2c83c1ab207139bd27\"},\"breadcrumb\":{\"@id\":\"https:\\\/\\\/arealorcaradio.es\\\/index.php\\\/2025\\\/02\\\/04\\\/el-doctor-en-psicologia-carlos-hue-garcia-ofrece-este-miercoles-una-conferencia-en-lorca-bajo-el-titulo-inteligencia-emocional\\\/#breadcrumb\"},\"inLanguage\":\"es\",\"potentialAction\":[{\"@type\":\"ReadAction\",\"target\":[\"https:\\\/\\\/arealorcaradio.es\\\/index.php\\\/2025\\\/02\\\/04\\\/el-doctor-en-psicologia-carlos-hue-garcia-ofrece-este-miercoles-una-conferencia-en-lorca-bajo-el-titulo-inteligencia-emocional\\\/\"]}]},{\"@type\":\"ImageObject\",\"inLanguage\":\"es\",\"@id\":\"https:\\\/\\\/arealorcaradio.es\\\/index.php\\\/2025\\\/02\\\/04\\\/el-doctor-en-psicologia-carlos-hue-garcia-ofrece-este-miercoles-una-conferencia-en-lorca-bajo-el-titulo-inteligencia-emocional\\\/#primaryimage\",\"url\":\"https:\\\/\\\/arealorcaradio.es\\\/wp-content\\\/uploads\\\/2025\\\/02\\\/20250204_161631-scaled.jpg\",\"contentUrl\":\"https:\\\/\\\/arealorcaradio.es\\\/wp-content\\\/uploads\\\/2025\\\/02\\\/20250204_161631-scaled.jpg\",\"width\":2560,\"height\":1920},{\"@type\":\"BreadcrumbList\",\"@id\":\"https:\\\/\\\/arealorcaradio.es\\\/index.php\\\/2025\\\/02\\\/04\\\/el-doctor-en-psicologia-carlos-hue-garcia-ofrece-este-miercoles-una-conferencia-en-lorca-bajo-el-titulo-inteligencia-emocional\\\/#breadcrumb\",\"itemListElement\":[{\"@type\":\"ListItem\",\"position\":1,\"name\":\"Portada\",\"item\":\"https:\\\/\\\/arealorcaradio.es\\\/\"},{\"@type\":\"ListItem\",\"position\":2,\"name\":\"El Doctor en psicolog\u00eda Carlos Hue Garc\u00eda ofrece este mi\u00e9rcoles una Conferencia en Lorca bajo el titulo \u00abInteligencia Emocional\u00bb\"}]},{\"@type\":\"WebSite\",\"@id\":\"https:\\\/\\\/arealorcaradio.es\\\/#website\",\"url\":\"https:\\\/\\\/arealorcaradio.es\\\/\",\"name\":\"AREA LORCA RADIO\",\"description\":\"Descubre la programaci\u00f3n actual en \u00c1rea Lorca Radio, tu fuente de entrenamiento y noticias locales. Sintoniza ahora y mantente conectado online.\",\"potentialAction\":[{\"@type\":\"SearchAction\",\"target\":{\"@type\":\"EntryPoint\",\"urlTemplate\":\"https:\\\/\\\/arealorcaradio.es\\\/?s={search_term_string}\"},\"query-input\":{\"@type\":\"PropertyValueSpecification\",\"valueRequired\":true,\"valueName\":\"search_term_string\"}}],\"inLanguage\":\"es\"},{\"@type\":\"Person\",\"@id\":\"https:\\\/\\\/arealorcaradio.es\\\/#\\\/schema\\\/person\\\/9fae605fc25b0f2c83c1ab207139bd27\",\"name\":\"Paco S\u00e1nchez\",\"image\":{\"@type\":\"ImageObject\",\"inLanguage\":\"es\",\"@id\":\"https:\\\/\\\/secure.gravatar.com\\\/avatar\\\/d67144e966420fb74aa84c9f2a0103be4724fd14db52b52d3b6bca749f257e79?s=96&d=mm&r=g\",\"url\":\"https:\\\/\\\/secure.gravatar.com\\\/avatar\\\/d67144e966420fb74aa84c9f2a0103be4724fd14db52b52d3b6bca749f257e79?s=96&d=mm&r=g\",\"contentUrl\":\"https:\\\/\\\/secure.gravatar.com\\\/avatar\\\/d67144e966420fb74aa84c9f2a0103be4724fd14db52b52d3b6bca749f257e79?s=96&d=mm&r=g\",\"caption\":\"Paco S\u00e1nchez\"},\"sameAs\":[\"https:\\\/\\\/arealorcaradio.es\"],\"url\":\"https:\\\/\\\/arealorcaradio.es\\\/index.php\\\/author\\\/admin_alorcaradio\\\/\"}]}<\/script>\n<!-- \/ Yoast SEO plugin. -->","yoast_head_json":{"title":"El Doctor en psicolog\u00eda Carlos Hue Garc\u00eda ofrece este mi\u00e9rcoles una Conferencia en Lorca bajo el titulo \"Inteligencia Emocional\" - AREA LORCA RADIO","robots":{"index":"index","follow":"follow","max-snippet":"max-snippet:-1","max-image-preview":"max-image-preview:large","max-video-preview":"max-video-preview:-1"},"canonical":"https:\/\/arealorcaradio.es\/index.php\/2025\/02\/04\/el-doctor-en-psicologia-carlos-hue-garcia-ofrece-este-miercoles-una-conferencia-en-lorca-bajo-el-titulo-inteligencia-emocional\/","og_locale":"es_ES","og_type":"article","og_title":"El Doctor en psicolog\u00eda Carlos Hue Garc\u00eda ofrece este mi\u00e9rcoles una Conferencia en Lorca bajo el titulo \"Inteligencia Emocional\" - AREA LORCA RADIO","og_description":"\u00c1REA LORCA RADIO. Actualidad. Escucha aqu\u00ed la entrevista que ha concedido a Paco S\u00e1nchez en el magazine de \u00c1rea Lorca Radio, la directora del IES Ib\u00e1\u00f1ez Mart\u00edn de Lorca, Ana Barranco, qui\u00e9n cuenta con detalle como ser\u00e1 la Conferencia que ser\u00e1 impartida por el Doctor Carlos Hue Garc\u00eda y cual es su principal objetivo.","og_url":"https:\/\/arealorcaradio.es\/index.php\/2025\/02\/04\/el-doctor-en-psicologia-carlos-hue-garcia-ofrece-este-miercoles-una-conferencia-en-lorca-bajo-el-titulo-inteligencia-emocional\/","og_site_name":"AREA LORCA RADIO","article_published_time":"2025-02-04T18:22:27+00:00","og_image":[{"width":2560,"height":1920,"url":"https:\/\/arealorcaradio.es\/wp-content\/uploads\/2025\/02\/20250204_161631-scaled.jpg","type":"image\/jpeg"}],"author":"Paco S\u00e1nchez","twitter_card":"summary_large_image","twitter_misc":{"Escrito por":"Paco S\u00e1nchez","Tiempo de lectura":"1 minuto"},"schema":{"@context":"https:\/\/schema.org","@graph":[{"@type":"Article","@id":"https:\/\/arealorcaradio.es\/index.php\/2025\/02\/04\/el-doctor-en-psicologia-carlos-hue-garcia-ofrece-este-miercoles-una-conferencia-en-lorca-bajo-el-titulo-inteligencia-emocional\/#article","isPartOf":{"@id":"https:\/\/arealorcaradio.es\/index.php\/2025\/02\/04\/el-doctor-en-psicologia-carlos-hue-garcia-ofrece-este-miercoles-una-conferencia-en-lorca-bajo-el-titulo-inteligencia-emocional\/"},"author":{"name":"Paco S\u00e1nchez","@id":"https:\/\/arealorcaradio.es\/#\/schema\/person\/9fae605fc25b0f2c83c1ab207139bd27"},"headline":"El Doctor en psicolog\u00eda Carlos Hue Garc\u00eda ofrece este mi\u00e9rcoles una Conferencia en Lorca bajo el titulo \u00abInteligencia Emocional\u00bb","datePublished":"2025-02-04T18:22:27+00:00","mainEntityOfPage":{"@id":"https:\/\/arealorcaradio.es\/index.php\/2025\/02\/04\/el-doctor-en-psicologia-carlos-hue-garcia-ofrece-este-miercoles-una-conferencia-en-lorca-bajo-el-titulo-inteligencia-emocional\/"},"wordCount":92,"commentCount":0,"image":{"@id":"https:\/\/arealorcaradio.es\/index.php\/2025\/02\/04\/el-doctor-en-psicologia-carlos-hue-garcia-ofrece-este-miercoles-una-conferencia-en-lorca-bajo-el-titulo-inteligencia-emocional\/#primaryimage"},"thumbnailUrl":"https:\/\/arealorcaradio.es\/wp-content\/uploads\/2025\/02\/20250204_161631-scaled.jpg","articleSection":["ACTUALIDAD","LORCA"],"inLanguage":"es","potentialAction":[{"@type":"CommentAction","name":"Comment","target":["https:\/\/arealorcaradio.es\/index.php\/2025\/02\/04\/el-doctor-en-psicologia-carlos-hue-garcia-ofrece-este-miercoles-una-conferencia-en-lorca-bajo-el-titulo-inteligencia-emocional\/#respond"]}]},{"@type":"WebPage","@id":"https:\/\/arealorcaradio.es\/index.php\/2025\/02\/04\/el-doctor-en-psicologia-carlos-hue-garcia-ofrece-este-miercoles-una-conferencia-en-lorca-bajo-el-titulo-inteligencia-emocional\/","url":"https:\/\/arealorcaradio.es\/index.php\/2025\/02\/04\/el-doctor-en-psicologia-carlos-hue-garcia-ofrece-este-miercoles-una-conferencia-en-lorca-bajo-el-titulo-inteligencia-emocional\/","name":"El Doctor en psicolog\u00eda Carlos Hue Garc\u00eda ofrece este mi\u00e9rcoles una Conferencia en Lorca bajo el titulo \"Inteligencia Emocional\" - AREA LORCA RADIO","isPartOf":{"@id":"https:\/\/arealorcaradio.es\/#website"},"primaryImageOfPage":{"@id":"https:\/\/arealorcaradio.es\/index.php\/2025\/02\/04\/el-doctor-en-psicologia-carlos-hue-garcia-ofrece-este-miercoles-una-conferencia-en-lorca-bajo-el-titulo-inteligencia-emocional\/#primaryimage"},"image":{"@id":"https:\/\/arealorcaradio.es\/index.php\/2025\/02\/04\/el-doctor-en-psicologia-carlos-hue-garcia-ofrece-este-miercoles-una-conferencia-en-lorca-bajo-el-titulo-inteligencia-emocional\/#primaryimage"},"thumbnailUrl":"https:\/\/arealorcaradio.es\/wp-content\/uploads\/2025\/02\/20250204_161631-scaled.jpg","datePublished":"2025-02-04T18:22:27+00:00","author":{"@id":"https:\/\/arealorcaradio.es\/#\/schema\/person\/9fae605fc25b0f2c83c1ab207139bd27"},"breadcrumb":{"@id":"https:\/\/arealorcaradio.es\/index.php\/2025\/02\/04\/el-doctor-en-psicologia-carlos-hue-garcia-ofrece-este-miercoles-una-conferencia-en-lorca-bajo-el-titulo-inteligencia-emocional\/#breadcrumb"},"inLanguage":"es","potentialAction":[{"@type":"ReadAction","target":["https:\/\/arealorcaradio.es\/index.php\/2025\/02\/04\/el-doctor-en-psicologia-carlos-hue-garcia-ofrece-este-miercoles-una-conferencia-en-lorca-bajo-el-titulo-inteligencia-emocional\/"]}]},{"@type":"ImageObject","inLanguage":"es","@id":"https:\/\/arealorcaradio.es\/index.php\/2025\/02\/04\/el-doctor-en-psicologia-carlos-hue-garcia-ofrece-este-miercoles-una-conferencia-en-lorca-bajo-el-titulo-inteligencia-emocional\/#primaryimage","url":"https:\/\/arealorcaradio.es\/wp-content\/uploads\/2025\/02\/20250204_161631-scaled.jpg","contentUrl":"https:\/\/arealorcaradio.es\/wp-content\/uploads\/2025\/02\/20250204_161631-scaled.jpg","width":2560,"height":1920},{"@type":"BreadcrumbList","@id":"https:\/\/arealorcaradio.es\/index.php\/2025\/02\/04\/el-doctor-en-psicologia-carlos-hue-garcia-ofrece-este-miercoles-una-conferencia-en-lorca-bajo-el-titulo-inteligencia-emocional\/#breadcrumb","itemListElement":[{"@type":"ListItem","position":1,"name":"Portada","item":"https:\/\/arealorcaradio.es\/"},{"@type":"ListItem","position":2,"name":"El Doctor en psicolog\u00eda Carlos Hue Garc\u00eda ofrece este mi\u00e9rcoles una Conferencia en Lorca bajo el titulo \u00abInteligencia Emocional\u00bb"}]},{"@type":"WebSite","@id":"https:\/\/arealorcaradio.es\/#website","url":"https:\/\/arealorcaradio.es\/","name":"AREA LORCA RADIO","description":"Descubre la programaci\u00f3n actual en \u00c1rea Lorca Radio, tu fuente de entrenamiento y noticias locales. Sintoniza ahora y mantente conectado online.","potentialAction":[{"@type":"SearchAction","target":{"@type":"EntryPoint","urlTemplate":"https:\/\/arealorcaradio.es\/?s={search_term_string}"},"query-input":{"@type":"PropertyValueSpecification","valueRequired":true,"valueName":"search_term_string"}}],"inLanguage":"es"},{"@type":"Person","@id":"https:\/\/arealorcaradio.es\/#\/schema\/person\/9fae605fc25b0f2c83c1ab207139bd27","name":"Paco S\u00e1nchez","image":{"@type":"ImageObject","inLanguage":"es","@id":"https:\/\/secure.gravatar.com\/avatar\/d67144e966420fb74aa84c9f2a0103be4724fd14db52b52d3b6bca749f257e79?s=96&d=mm&r=g","url":"https:\/\/secure.gravatar.com\/avatar\/d67144e966420fb74aa84c9f2a0103be4724fd14db52b52d3b6bca749f257e79?s=96&d=mm&r=g","contentUrl":"https:\/\/secure.gravatar.com\/avatar\/d67144e966420fb74aa84c9f2a0103be4724fd14db52b52d3b6bca749f257e79?s=96&d=mm&r=g","caption":"Paco S\u00e1nchez"},"sameAs":["https:\/\/arealorcaradio.es"],"url":"https:\/\/arealorcaradio.es\/index.php\/author\/admin_alorcaradio\/"}]}},"_links":{"self":[{"href":"https:\/\/arealorcaradio.es\/index.php\/wp-json\/wp\/v2\/posts\/5457","targetHints":{"allow":["GET"]}}],"collection":[{"href":"https:\/\/arealorcaradio.es\/index.php\/wp-json\/wp\/v2\/posts"}],"about":[{"href":"https:\/\/arealorcaradio.es\/index.php\/wp-json\/wp\/v2\/types\/post"}],"author":[{"embeddable":true,"href":"https:\/\/arealorcaradio.es\/index.php\/wp-json\/wp\/v2\/users\/1"}],"replies":[{"embeddable":true,"href":"https:\/\/arealorcaradio.es\/index.php\/wp-json\/wp\/v2\/comments?post=5457"}],"version-history":[{"count":1,"href":"https:\/\/arealorcaradio.es\/index.php\/wp-json\/wp\/v2\/posts\/5457\/revisions"}],"predecessor-version":[{"id":5461,"href":"https:\/\/arealorcaradio.es\/index.php\/wp-json\/wp\/v2\/posts\/5457\/revisions\/5461"}],"wp:featuredmedia":[{"embeddable":true,"href":"https:\/\/arealorcaradio.es\/index.php\/wp-json\/wp\/v2\/media\/5460"}],"wp:attachment":[{"href":"https:\/\/arealorcaradio.es\/index.php\/wp-json\/wp\/v2\/media?parent=5457"}],"wp:term":[{"taxonomy":"category","embeddable":true,"href":"https:\/\/arealorcaradio.es\/index.php\/wp-json\/wp\/v2\/categories?post=5457"},{"taxonomy":"post_tag","embeddable":true,"href":"https:\/\/arealorcaradio.es\/index.php\/wp-json\/wp\/v2\/tags?post=5457"}],"curies":[{"name":"wp","href":"https:\/\/api.w.org\/{rel}","templated":true}]}}