{"id":544,"date":"2023-04-05T16:54:26","date_gmt":"2023-04-05T16:54:26","guid":{"rendered":"https:\/\/arealorcaradio.es\/?p=544"},"modified":"2023-04-05T16:54:26","modified_gmt":"2023-04-05T16:54:26","slug":"el-piloto-lorquino-de-karts-pablo-segura-arranca-decimo-el-campeonato-de-espana-en-campillos","status":"publish","type":"post","link":"https:\/\/arealorcaradio.es\/index.php\/2023\/04\/05\/el-piloto-lorquino-de-karts-pablo-segura-arranca-decimo-el-campeonato-de-espana-en-campillos\/","title":{"rendered":"El piloto lorquino de karts Pablo Segura arranca d\u00e9cimo el Campeonato de Espa\u00f1a en Campillos"},"content":{"rendered":"<p>\u00c1REA LORCA RADIO.<\/p>\n<p>Dentro de la secci\u00f3n de motor patrocinada por Recambios Alc\u00e1ntara, su gerente Pedro Segura nos habla principalmente del inicio del Nacional de Karts que tuvo lugar el pasado fin de semana en Campillos y el que participo su hijo, el joven piloto Pablo Segura Qui\u00f1onero.<\/p>\n<p>Escucha aqu\u00ed la secci\u00f3n de motor de \u00c1rea Lorca Radio.<\/p>\n<audio class=\"wp-audio-shortcode\" id=\"audio-544-1\" preload=\"none\" style=\"width: 100%;\" controls=\"controls\"><source type=\"audio\/mpeg\" src=\"https:\/\/arealorcaradio.es\/wp-content\/uploads\/2023\/04\/050423-PEDRO-SEGURA.-KARTING-CAMPILLOS.mp3?_=1\" \/><a href=\"https:\/\/arealorcaradio.es\/wp-content\/uploads\/2023\/04\/050423-PEDRO-SEGURA.-KARTING-CAMPILLOS.mp3\">https:\/\/arealorcaradio.es\/wp-content\/uploads\/2023\/04\/050423-PEDRO-SEGURA.-KARTING-CAMPILLOS.mp3<\/a><\/audio>\n<p><img loading=\"lazy\" decoding=\"async\" class=\"alignnone size-medium wp-image-549\" src=\"https:\/\/arealorcaradio.es\/wp-content\/uploads\/2023\/04\/IMG-20230405-WA0018-300x200.jpg\" alt=\"\" width=\"300\" height=\"200\" srcset=\"https:\/\/arealorcaradio.es\/wp-content\/uploads\/2023\/04\/IMG-20230405-WA0018-300x200.jpg 300w, https:\/\/arealorcaradio.es\/wp-content\/uploads\/2023\/04\/IMG-20230405-WA0018-1024x682.jpg 1024w, https:\/\/arealorcaradio.es\/wp-content\/uploads\/2023\/04\/IMG-20230405-WA0018-768x512.jpg 768w, https:\/\/arealorcaradio.es\/wp-content\/uploads\/2023\/04\/IMG-20230405-WA0018-1536x1023.jpg 1536w, https:\/\/arealorcaradio.es\/wp-content\/uploads\/2023\/04\/IMG-20230405-WA0018.jpg 1600w\" sizes=\"auto, (max-width: 300px) 100vw, 300px\" \/>\u00a0 <img loading=\"lazy\" decoding=\"async\" class=\"alignnone size-medium wp-image-550\" src=\"https:\/\/arealorcaradio.es\/wp-content\/uploads\/2023\/04\/IMG-20230405-WA0020-300x200.jpg\" alt=\"\" width=\"300\" height=\"200\" srcset=\"https:\/\/arealorcaradio.es\/wp-content\/uploads\/2023\/04\/IMG-20230405-WA0020-300x200.jpg 300w, https:\/\/arealorcaradio.es\/wp-content\/uploads\/2023\/04\/IMG-20230405-WA0020-1024x682.jpg 1024w, https:\/\/arealorcaradio.es\/wp-content\/uploads\/2023\/04\/IMG-20230405-WA0020-768x512.jpg 768w, https:\/\/arealorcaradio.es\/wp-content\/uploads\/2023\/04\/IMG-20230405-WA0020-1536x1023.jpg 1536w, https:\/\/arealorcaradio.es\/wp-content\/uploads\/2023\/04\/IMG-20230405-WA0020.jpg 1600w\" sizes=\"auto, (max-width: 300px) 100vw, 300px\" \/><\/p>\n<p><img loading=\"lazy\" decoding=\"async\" class=\"alignnone size-medium wp-image-551\" src=\"https:\/\/arealorcaradio.es\/wp-content\/uploads\/2023\/04\/IMG-20230405-WA0022-300x200.jpg\" alt=\"\" width=\"300\" height=\"200\" srcset=\"https:\/\/arealorcaradio.es\/wp-content\/uploads\/2023\/04\/IMG-20230405-WA0022-300x200.jpg 300w, https:\/\/arealorcaradio.es\/wp-content\/uploads\/2023\/04\/IMG-20230405-WA0022-1024x682.jpg 1024w, https:\/\/arealorcaradio.es\/wp-content\/uploads\/2023\/04\/IMG-20230405-WA0022-768x512.jpg 768w, https:\/\/arealorcaradio.es\/wp-content\/uploads\/2023\/04\/IMG-20230405-WA0022-1536x1023.jpg 1536w, https:\/\/arealorcaradio.es\/wp-content\/uploads\/2023\/04\/IMG-20230405-WA0022.jpg 1600w\" sizes=\"auto, (max-width: 300px) 100vw, 300px\" \/> \u00a0<img loading=\"lazy\" decoding=\"async\" class=\"alignnone size-medium wp-image-552\" src=\"https:\/\/arealorcaradio.es\/wp-content\/uploads\/2023\/04\/IMG-20230405-WA0019-300x200.jpg\" alt=\"\" width=\"300\" height=\"200\" srcset=\"https:\/\/arealorcaradio.es\/wp-content\/uploads\/2023\/04\/IMG-20230405-WA0019-300x200.jpg 300w, https:\/\/arealorcaradio.es\/wp-content\/uploads\/2023\/04\/IMG-20230405-WA0019-1024x682.jpg 1024w, https:\/\/arealorcaradio.es\/wp-content\/uploads\/2023\/04\/IMG-20230405-WA0019-768x512.jpg 768w, https:\/\/arealorcaradio.es\/wp-content\/uploads\/2023\/04\/IMG-20230405-WA0019-1536x1023.jpg 1536w, https:\/\/arealorcaradio.es\/wp-content\/uploads\/2023\/04\/IMG-20230405-WA0019.jpg 1600w\" sizes=\"auto, (max-width: 300px) 100vw, 300px\" \/><\/p>\n<p><img loading=\"lazy\" decoding=\"async\" class=\"alignnone size-medium wp-image-553\" src=\"https:\/\/arealorcaradio.es\/wp-content\/uploads\/2023\/04\/IMG-20230405-WA0024-300x200.jpg\" alt=\"\" width=\"300\" height=\"200\" srcset=\"https:\/\/arealorcaradio.es\/wp-content\/uploads\/2023\/04\/IMG-20230405-WA0024-300x200.jpg 300w, https:\/\/arealorcaradio.es\/wp-content\/uploads\/2023\/04\/IMG-20230405-WA0024-1024x682.jpg 1024w, https:\/\/arealorcaradio.es\/wp-content\/uploads\/2023\/04\/IMG-20230405-WA0024-768x512.jpg 768w, https:\/\/arealorcaradio.es\/wp-content\/uploads\/2023\/04\/IMG-20230405-WA0024-1536x1023.jpg 1536w, https:\/\/arealorcaradio.es\/wp-content\/uploads\/2023\/04\/IMG-20230405-WA0024.jpg 1600w\" sizes=\"auto, (max-width: 300px) 100vw, 300px\" \/>\u00a0 <img loading=\"lazy\" decoding=\"async\" class=\"alignnone size-medium wp-image-554\" src=\"https:\/\/arealorcaradio.es\/wp-content\/uploads\/2023\/04\/IMG-20230405-WA0023-300x200.jpg\" alt=\"\" width=\"300\" height=\"200\" srcset=\"https:\/\/arealorcaradio.es\/wp-content\/uploads\/2023\/04\/IMG-20230405-WA0023-300x200.jpg 300w, https:\/\/arealorcaradio.es\/wp-content\/uploads\/2023\/04\/IMG-20230405-WA0023-1024x682.jpg 1024w, https:\/\/arealorcaradio.es\/wp-content\/uploads\/2023\/04\/IMG-20230405-WA0023-768x512.jpg 768w, https:\/\/arealorcaradio.es\/wp-content\/uploads\/2023\/04\/IMG-20230405-WA0023-1536x1023.jpg 1536w, https:\/\/arealorcaradio.es\/wp-content\/uploads\/2023\/04\/IMG-20230405-WA0023.jpg 1600w\" sizes=\"auto, (max-width: 300px) 100vw, 300px\" \/><\/p>\n<p><img loading=\"lazy\" decoding=\"async\" class=\"alignnone wp-image-548\" src=\"https:\/\/arealorcaradio.es\/wp-content\/uploads\/2023\/04\/IMG-20230405-WA0021-300x200.jpg\" alt=\"\" width=\"330\" height=\"220\" srcset=\"https:\/\/arealorcaradio.es\/wp-content\/uploads\/2023\/04\/IMG-20230405-WA0021-300x200.jpg 300w, https:\/\/arealorcaradio.es\/wp-content\/uploads\/2023\/04\/IMG-20230405-WA0021-1024x682.jpg 1024w, https:\/\/arealorcaradio.es\/wp-content\/uploads\/2023\/04\/IMG-20230405-WA0021-768x512.jpg 768w, https:\/\/arealorcaradio.es\/wp-content\/uploads\/2023\/04\/IMG-20230405-WA0021-1536x1023.jpg 1536w, https:\/\/arealorcaradio.es\/wp-content\/uploads\/2023\/04\/IMG-20230405-WA0021.jpg 1600w\" sizes=\"auto, (max-width: 330px) 100vw, 330px\" \/><\/p>\n","protected":false},"excerpt":{"rendered":"<p>\u00c1REA LORCA RADIO. Dentro de la secci\u00f3n de motor patrocinada por Recambios Alc\u00e1ntara, su gerente Pedro Segura nos habla principalmente del inicio del Nacional de Karts que tuvo lugar el pasado fin de semana en Campillos y el que participo su hijo, el joven piloto Pablo Segura Qui\u00f1onero. Escucha aqu\u00ed la secci\u00f3n de motor de [&hellip;]<\/p>\n","protected":false},"author":1,"featured_media":548,"comment_status":"open","ping_status":"open","sticky":false,"template":"","format":"standard","meta":{"iawp_total_views":15,"footnotes":""},"categories":[4,7],"tags":[],"class_list":["post-544","post","type-post","status-publish","format-standard","has-post-thumbnail","hentry","category-deportes","category-lorca"],"yoast_head":"<!-- This site is optimized with the Yoast SEO plugin v27.5 - https:\/\/yoast.com\/product\/yoast-seo-wordpress\/ -->\n<title>El piloto lorquino de karts Pablo Segura arranca d\u00e9cimo el Campeonato de Espa\u00f1a en Campillos - AREA LORCA RADIO<\/title>\n<meta name=\"robots\" content=\"index, follow, max-snippet:-1, max-image-preview:large, max-video-preview:-1\" \/>\n<link rel=\"canonical\" href=\"https:\/\/arealorcaradio.es\/index.php\/2023\/04\/05\/el-piloto-lorquino-de-karts-pablo-segura-arranca-decimo-el-campeonato-de-espana-en-campillos\/\" \/>\n<meta property=\"og:locale\" content=\"es_ES\" \/>\n<meta property=\"og:type\" content=\"article\" \/>\n<meta property=\"og:title\" content=\"El piloto lorquino de karts Pablo Segura arranca d\u00e9cimo el Campeonato de Espa\u00f1a en Campillos - AREA LORCA RADIO\" \/>\n<meta property=\"og:description\" content=\"\u00c1REA LORCA RADIO. Dentro de la secci\u00f3n de motor patrocinada por Recambios Alc\u00e1ntara, su gerente Pedro Segura nos habla principalmente del inicio del Nacional de Karts que tuvo lugar el pasado fin de semana en Campillos y el que participo su hijo, el joven piloto Pablo Segura Qui\u00f1onero. Escucha aqu\u00ed la secci\u00f3n de motor de [&hellip;]\" \/>\n<meta property=\"og:url\" content=\"https:\/\/arealorcaradio.es\/index.php\/2023\/04\/05\/el-piloto-lorquino-de-karts-pablo-segura-arranca-decimo-el-campeonato-de-espana-en-campillos\/\" \/>\n<meta property=\"og:site_name\" content=\"AREA LORCA RADIO\" \/>\n<meta property=\"article:published_time\" content=\"2023-04-05T16:54:26+00:00\" \/>\n<meta property=\"og:image\" content=\"https:\/\/arealorcaradio.es\/wp-content\/uploads\/2023\/04\/IMG-20230405-WA0021.jpg\" \/>\n\t<meta property=\"og:image:width\" content=\"1600\" \/>\n\t<meta property=\"og:image:height\" content=\"1066\" \/>\n\t<meta property=\"og:image:type\" content=\"image\/jpeg\" \/>\n<meta name=\"author\" content=\"Paco S\u00e1nchez\" \/>\n<meta name=\"twitter:card\" content=\"summary_large_image\" \/>\n<meta name=\"twitter:label1\" content=\"Escrito por\" \/>\n\t<meta name=\"twitter:data1\" content=\"Paco S\u00e1nchez\" \/>\n\t<meta name=\"twitter:label2\" content=\"Tiempo de lectura\" \/>\n\t<meta name=\"twitter:data2\" content=\"2 minutos\" \/>\n<script type=\"application\/ld+json\" class=\"yoast-schema-graph\">{\"@context\":\"https:\\\/\\\/schema.org\",\"@graph\":[{\"@type\":\"Article\",\"@id\":\"https:\\\/\\\/arealorcaradio.es\\\/index.php\\\/2023\\\/04\\\/05\\\/el-piloto-lorquino-de-karts-pablo-segura-arranca-decimo-el-campeonato-de-espana-en-campillos\\\/#article\",\"isPartOf\":{\"@id\":\"https:\\\/\\\/arealorcaradio.es\\\/index.php\\\/2023\\\/04\\\/05\\\/el-piloto-lorquino-de-karts-pablo-segura-arranca-decimo-el-campeonato-de-espana-en-campillos\\\/\"},\"author\":{\"name\":\"Paco S\u00e1nchez\",\"@id\":\"https:\\\/\\\/arealorcaradio.es\\\/#\\\/schema\\\/person\\\/9fae605fc25b0f2c83c1ab207139bd27\"},\"headline\":\"El piloto lorquino de karts Pablo Segura arranca d\u00e9cimo el Campeonato de Espa\u00f1a en Campillos\",\"datePublished\":\"2023-04-05T16:54:26+00:00\",\"mainEntityOfPage\":{\"@id\":\"https:\\\/\\\/arealorcaradio.es\\\/index.php\\\/2023\\\/04\\\/05\\\/el-piloto-lorquino-de-karts-pablo-segura-arranca-decimo-el-campeonato-de-espana-en-campillos\\\/\"},\"wordCount\":90,\"commentCount\":0,\"image\":{\"@id\":\"https:\\\/\\\/arealorcaradio.es\\\/index.php\\\/2023\\\/04\\\/05\\\/el-piloto-lorquino-de-karts-pablo-segura-arranca-decimo-el-campeonato-de-espana-en-campillos\\\/#primaryimage\"},\"thumbnailUrl\":\"https:\\\/\\\/arealorcaradio.es\\\/wp-content\\\/uploads\\\/2023\\\/04\\\/IMG-20230405-WA0021.jpg\",\"articleSection\":[\"DEPORTES\",\"LORCA\"],\"inLanguage\":\"es\",\"potentialAction\":[{\"@type\":\"CommentAction\",\"name\":\"Comment\",\"target\":[\"https:\\\/\\\/arealorcaradio.es\\\/index.php\\\/2023\\\/04\\\/05\\\/el-piloto-lorquino-de-karts-pablo-segura-arranca-decimo-el-campeonato-de-espana-en-campillos\\\/#respond\"]}]},{\"@type\":\"WebPage\",\"@id\":\"https:\\\/\\\/arealorcaradio.es\\\/index.php\\\/2023\\\/04\\\/05\\\/el-piloto-lorquino-de-karts-pablo-segura-arranca-decimo-el-campeonato-de-espana-en-campillos\\\/\",\"url\":\"https:\\\/\\\/arealorcaradio.es\\\/index.php\\\/2023\\\/04\\\/05\\\/el-piloto-lorquino-de-karts-pablo-segura-arranca-decimo-el-campeonato-de-espana-en-campillos\\\/\",\"name\":\"El piloto lorquino de karts Pablo Segura arranca d\u00e9cimo el Campeonato de Espa\u00f1a en Campillos - AREA LORCA RADIO\",\"isPartOf\":{\"@id\":\"https:\\\/\\\/arealorcaradio.es\\\/#website\"},\"primaryImageOfPage\":{\"@id\":\"https:\\\/\\\/arealorcaradio.es\\\/index.php\\\/2023\\\/04\\\/05\\\/el-piloto-lorquino-de-karts-pablo-segura-arranca-decimo-el-campeonato-de-espana-en-campillos\\\/#primaryimage\"},\"image\":{\"@id\":\"https:\\\/\\\/arealorcaradio.es\\\/index.php\\\/2023\\\/04\\\/05\\\/el-piloto-lorquino-de-karts-pablo-segura-arranca-decimo-el-campeonato-de-espana-en-campillos\\\/#primaryimage\"},\"thumbnailUrl\":\"https:\\\/\\\/arealorcaradio.es\\\/wp-content\\\/uploads\\\/2023\\\/04\\\/IMG-20230405-WA0021.jpg\",\"datePublished\":\"2023-04-05T16:54:26+00:00\",\"author\":{\"@id\":\"https:\\\/\\\/arealorcaradio.es\\\/#\\\/schema\\\/person\\\/9fae605fc25b0f2c83c1ab207139bd27\"},\"breadcrumb\":{\"@id\":\"https:\\\/\\\/arealorcaradio.es\\\/index.php\\\/2023\\\/04\\\/05\\\/el-piloto-lorquino-de-karts-pablo-segura-arranca-decimo-el-campeonato-de-espana-en-campillos\\\/#breadcrumb\"},\"inLanguage\":\"es\",\"potentialAction\":[{\"@type\":\"ReadAction\",\"target\":[\"https:\\\/\\\/arealorcaradio.es\\\/index.php\\\/2023\\\/04\\\/05\\\/el-piloto-lorquino-de-karts-pablo-segura-arranca-decimo-el-campeonato-de-espana-en-campillos\\\/\"]}]},{\"@type\":\"ImageObject\",\"inLanguage\":\"es\",\"@id\":\"https:\\\/\\\/arealorcaradio.es\\\/index.php\\\/2023\\\/04\\\/05\\\/el-piloto-lorquino-de-karts-pablo-segura-arranca-decimo-el-campeonato-de-espana-en-campillos\\\/#primaryimage\",\"url\":\"https:\\\/\\\/arealorcaradio.es\\\/wp-content\\\/uploads\\\/2023\\\/04\\\/IMG-20230405-WA0021.jpg\",\"contentUrl\":\"https:\\\/\\\/arealorcaradio.es\\\/wp-content\\\/uploads\\\/2023\\\/04\\\/IMG-20230405-WA0021.jpg\",\"width\":1600,\"height\":1066},{\"@type\":\"BreadcrumbList\",\"@id\":\"https:\\\/\\\/arealorcaradio.es\\\/index.php\\\/2023\\\/04\\\/05\\\/el-piloto-lorquino-de-karts-pablo-segura-arranca-decimo-el-campeonato-de-espana-en-campillos\\\/#breadcrumb\",\"itemListElement\":[{\"@type\":\"ListItem\",\"position\":1,\"name\":\"Portada\",\"item\":\"https:\\\/\\\/arealorcaradio.es\\\/\"},{\"@type\":\"ListItem\",\"position\":2,\"name\":\"El piloto lorquino de karts Pablo Segura arranca d\u00e9cimo el Campeonato de Espa\u00f1a en Campillos\"}]},{\"@type\":\"WebSite\",\"@id\":\"https:\\\/\\\/arealorcaradio.es\\\/#website\",\"url\":\"https:\\\/\\\/arealorcaradio.es\\\/\",\"name\":\"AREA LORCA RADIO\",\"description\":\"Descubre la programaci\u00f3n actual en \u00c1rea Lorca Radio, tu fuente de entrenamiento y noticias locales. Sintoniza ahora y mantente conectado online.\",\"potentialAction\":[{\"@type\":\"SearchAction\",\"target\":{\"@type\":\"EntryPoint\",\"urlTemplate\":\"https:\\\/\\\/arealorcaradio.es\\\/?s={search_term_string}\"},\"query-input\":{\"@type\":\"PropertyValueSpecification\",\"valueRequired\":true,\"valueName\":\"search_term_string\"}}],\"inLanguage\":\"es\"},{\"@type\":\"Person\",\"@id\":\"https:\\\/\\\/arealorcaradio.es\\\/#\\\/schema\\\/person\\\/9fae605fc25b0f2c83c1ab207139bd27\",\"name\":\"Paco S\u00e1nchez\",\"image\":{\"@type\":\"ImageObject\",\"inLanguage\":\"es\",\"@id\":\"https:\\\/\\\/secure.gravatar.com\\\/avatar\\\/d67144e966420fb74aa84c9f2a0103be4724fd14db52b52d3b6bca749f257e79?s=96&d=mm&r=g\",\"url\":\"https:\\\/\\\/secure.gravatar.com\\\/avatar\\\/d67144e966420fb74aa84c9f2a0103be4724fd14db52b52d3b6bca749f257e79?s=96&d=mm&r=g\",\"contentUrl\":\"https:\\\/\\\/secure.gravatar.com\\\/avatar\\\/d67144e966420fb74aa84c9f2a0103be4724fd14db52b52d3b6bca749f257e79?s=96&d=mm&r=g\",\"caption\":\"Paco S\u00e1nchez\"},\"sameAs\":[\"https:\\\/\\\/arealorcaradio.es\"],\"url\":\"https:\\\/\\\/arealorcaradio.es\\\/index.php\\\/author\\\/admin_alorcaradio\\\/\"}]}<\/script>\n<!-- \/ Yoast SEO plugin. -->","yoast_head_json":{"title":"El piloto lorquino de karts Pablo Segura arranca d\u00e9cimo el Campeonato de Espa\u00f1a en Campillos - AREA LORCA RADIO","robots":{"index":"index","follow":"follow","max-snippet":"max-snippet:-1","max-image-preview":"max-image-preview:large","max-video-preview":"max-video-preview:-1"},"canonical":"https:\/\/arealorcaradio.es\/index.php\/2023\/04\/05\/el-piloto-lorquino-de-karts-pablo-segura-arranca-decimo-el-campeonato-de-espana-en-campillos\/","og_locale":"es_ES","og_type":"article","og_title":"El piloto lorquino de karts Pablo Segura arranca d\u00e9cimo el Campeonato de Espa\u00f1a en Campillos - AREA LORCA RADIO","og_description":"\u00c1REA LORCA RADIO. Dentro de la secci\u00f3n de motor patrocinada por Recambios Alc\u00e1ntara, su gerente Pedro Segura nos habla principalmente del inicio del Nacional de Karts que tuvo lugar el pasado fin de semana en Campillos y el que participo su hijo, el joven piloto Pablo Segura Qui\u00f1onero. Escucha aqu\u00ed la secci\u00f3n de motor de [&hellip;]","og_url":"https:\/\/arealorcaradio.es\/index.php\/2023\/04\/05\/el-piloto-lorquino-de-karts-pablo-segura-arranca-decimo-el-campeonato-de-espana-en-campillos\/","og_site_name":"AREA LORCA RADIO","article_published_time":"2023-04-05T16:54:26+00:00","og_image":[{"width":1600,"height":1066,"url":"https:\/\/arealorcaradio.es\/wp-content\/uploads\/2023\/04\/IMG-20230405-WA0021.jpg","type":"image\/jpeg"}],"author":"Paco S\u00e1nchez","twitter_card":"summary_large_image","twitter_misc":{"Escrito por":"Paco S\u00e1nchez","Tiempo de lectura":"2 minutos"},"schema":{"@context":"https:\/\/schema.org","@graph":[{"@type":"Article","@id":"https:\/\/arealorcaradio.es\/index.php\/2023\/04\/05\/el-piloto-lorquino-de-karts-pablo-segura-arranca-decimo-el-campeonato-de-espana-en-campillos\/#article","isPartOf":{"@id":"https:\/\/arealorcaradio.es\/index.php\/2023\/04\/05\/el-piloto-lorquino-de-karts-pablo-segura-arranca-decimo-el-campeonato-de-espana-en-campillos\/"},"author":{"name":"Paco S\u00e1nchez","@id":"https:\/\/arealorcaradio.es\/#\/schema\/person\/9fae605fc25b0f2c83c1ab207139bd27"},"headline":"El piloto lorquino de karts Pablo Segura arranca d\u00e9cimo el Campeonato de Espa\u00f1a en Campillos","datePublished":"2023-04-05T16:54:26+00:00","mainEntityOfPage":{"@id":"https:\/\/arealorcaradio.es\/index.php\/2023\/04\/05\/el-piloto-lorquino-de-karts-pablo-segura-arranca-decimo-el-campeonato-de-espana-en-campillos\/"},"wordCount":90,"commentCount":0,"image":{"@id":"https:\/\/arealorcaradio.es\/index.php\/2023\/04\/05\/el-piloto-lorquino-de-karts-pablo-segura-arranca-decimo-el-campeonato-de-espana-en-campillos\/#primaryimage"},"thumbnailUrl":"https:\/\/arealorcaradio.es\/wp-content\/uploads\/2023\/04\/IMG-20230405-WA0021.jpg","articleSection":["DEPORTES","LORCA"],"inLanguage":"es","potentialAction":[{"@type":"CommentAction","name":"Comment","target":["https:\/\/arealorcaradio.es\/index.php\/2023\/04\/05\/el-piloto-lorquino-de-karts-pablo-segura-arranca-decimo-el-campeonato-de-espana-en-campillos\/#respond"]}]},{"@type":"WebPage","@id":"https:\/\/arealorcaradio.es\/index.php\/2023\/04\/05\/el-piloto-lorquino-de-karts-pablo-segura-arranca-decimo-el-campeonato-de-espana-en-campillos\/","url":"https:\/\/arealorcaradio.es\/index.php\/2023\/04\/05\/el-piloto-lorquino-de-karts-pablo-segura-arranca-decimo-el-campeonato-de-espana-en-campillos\/","name":"El piloto lorquino de karts Pablo Segura arranca d\u00e9cimo el Campeonato de Espa\u00f1a en Campillos - AREA LORCA RADIO","isPartOf":{"@id":"https:\/\/arealorcaradio.es\/#website"},"primaryImageOfPage":{"@id":"https:\/\/arealorcaradio.es\/index.php\/2023\/04\/05\/el-piloto-lorquino-de-karts-pablo-segura-arranca-decimo-el-campeonato-de-espana-en-campillos\/#primaryimage"},"image":{"@id":"https:\/\/arealorcaradio.es\/index.php\/2023\/04\/05\/el-piloto-lorquino-de-karts-pablo-segura-arranca-decimo-el-campeonato-de-espana-en-campillos\/#primaryimage"},"thumbnailUrl":"https:\/\/arealorcaradio.es\/wp-content\/uploads\/2023\/04\/IMG-20230405-WA0021.jpg","datePublished":"2023-04-05T16:54:26+00:00","author":{"@id":"https:\/\/arealorcaradio.es\/#\/schema\/person\/9fae605fc25b0f2c83c1ab207139bd27"},"breadcrumb":{"@id":"https:\/\/arealorcaradio.es\/index.php\/2023\/04\/05\/el-piloto-lorquino-de-karts-pablo-segura-arranca-decimo-el-campeonato-de-espana-en-campillos\/#breadcrumb"},"inLanguage":"es","potentialAction":[{"@type":"ReadAction","target":["https:\/\/arealorcaradio.es\/index.php\/2023\/04\/05\/el-piloto-lorquino-de-karts-pablo-segura-arranca-decimo-el-campeonato-de-espana-en-campillos\/"]}]},{"@type":"ImageObject","inLanguage":"es","@id":"https:\/\/arealorcaradio.es\/index.php\/2023\/04\/05\/el-piloto-lorquino-de-karts-pablo-segura-arranca-decimo-el-campeonato-de-espana-en-campillos\/#primaryimage","url":"https:\/\/arealorcaradio.es\/wp-content\/uploads\/2023\/04\/IMG-20230405-WA0021.jpg","contentUrl":"https:\/\/arealorcaradio.es\/wp-content\/uploads\/2023\/04\/IMG-20230405-WA0021.jpg","width":1600,"height":1066},{"@type":"BreadcrumbList","@id":"https:\/\/arealorcaradio.es\/index.php\/2023\/04\/05\/el-piloto-lorquino-de-karts-pablo-segura-arranca-decimo-el-campeonato-de-espana-en-campillos\/#breadcrumb","itemListElement":[{"@type":"ListItem","position":1,"name":"Portada","item":"https:\/\/arealorcaradio.es\/"},{"@type":"ListItem","position":2,"name":"El piloto lorquino de karts Pablo Segura arranca d\u00e9cimo el Campeonato de Espa\u00f1a en Campillos"}]},{"@type":"WebSite","@id":"https:\/\/arealorcaradio.es\/#website","url":"https:\/\/arealorcaradio.es\/","name":"AREA LORCA RADIO","description":"Descubre la programaci\u00f3n actual en \u00c1rea Lorca Radio, tu fuente de entrenamiento y noticias locales. Sintoniza ahora y mantente conectado online.","potentialAction":[{"@type":"SearchAction","target":{"@type":"EntryPoint","urlTemplate":"https:\/\/arealorcaradio.es\/?s={search_term_string}"},"query-input":{"@type":"PropertyValueSpecification","valueRequired":true,"valueName":"search_term_string"}}],"inLanguage":"es"},{"@type":"Person","@id":"https:\/\/arealorcaradio.es\/#\/schema\/person\/9fae605fc25b0f2c83c1ab207139bd27","name":"Paco S\u00e1nchez","image":{"@type":"ImageObject","inLanguage":"es","@id":"https:\/\/secure.gravatar.com\/avatar\/d67144e966420fb74aa84c9f2a0103be4724fd14db52b52d3b6bca749f257e79?s=96&d=mm&r=g","url":"https:\/\/secure.gravatar.com\/avatar\/d67144e966420fb74aa84c9f2a0103be4724fd14db52b52d3b6bca749f257e79?s=96&d=mm&r=g","contentUrl":"https:\/\/secure.gravatar.com\/avatar\/d67144e966420fb74aa84c9f2a0103be4724fd14db52b52d3b6bca749f257e79?s=96&d=mm&r=g","caption":"Paco S\u00e1nchez"},"sameAs":["https:\/\/arealorcaradio.es"],"url":"https:\/\/arealorcaradio.es\/index.php\/author\/admin_alorcaradio\/"}]}},"_links":{"self":[{"href":"https:\/\/arealorcaradio.es\/index.php\/wp-json\/wp\/v2\/posts\/544","targetHints":{"allow":["GET"]}}],"collection":[{"href":"https:\/\/arealorcaradio.es\/index.php\/wp-json\/wp\/v2\/posts"}],"about":[{"href":"https:\/\/arealorcaradio.es\/index.php\/wp-json\/wp\/v2\/types\/post"}],"author":[{"embeddable":true,"href":"https:\/\/arealorcaradio.es\/index.php\/wp-json\/wp\/v2\/users\/1"}],"replies":[{"embeddable":true,"href":"https:\/\/arealorcaradio.es\/index.php\/wp-json\/wp\/v2\/comments?post=544"}],"version-history":[{"count":2,"href":"https:\/\/arealorcaradio.es\/index.php\/wp-json\/wp\/v2\/posts\/544\/revisions"}],"predecessor-version":[{"id":555,"href":"https:\/\/arealorcaradio.es\/index.php\/wp-json\/wp\/v2\/posts\/544\/revisions\/555"}],"wp:featuredmedia":[{"embeddable":true,"href":"https:\/\/arealorcaradio.es\/index.php\/wp-json\/wp\/v2\/media\/548"}],"wp:attachment":[{"href":"https:\/\/arealorcaradio.es\/index.php\/wp-json\/wp\/v2\/media?parent=544"}],"wp:term":[{"taxonomy":"category","embeddable":true,"href":"https:\/\/arealorcaradio.es\/index.php\/wp-json\/wp\/v2\/categories?post=544"},{"taxonomy":"post_tag","embeddable":true,"href":"https:\/\/arealorcaradio.es\/index.php\/wp-json\/wp\/v2\/tags?post=544"}],"curies":[{"name":"wp","href":"https:\/\/api.w.org\/{rel}","templated":true}]}}