{"id":5429,"date":"2025-01-30T19:43:46","date_gmt":"2025-01-30T19:43:46","guid":{"rendered":"https:\/\/arealorcaradio.es\/?p=5429"},"modified":"2025-01-30T19:43:46","modified_gmt":"2025-01-30T19:43:46","slug":"la-asociacion-de-salud-mental-de-lorca-asofem-organiza-la-escuela-de-familias-grupos-de-ayuda-mutua-y-apoyo-a-las-personas-con-discapacidad-con-problemas-de-salud-mental","status":"publish","type":"post","link":"https:\/\/arealorcaradio.es\/index.php\/2025\/01\/30\/la-asociacion-de-salud-mental-de-lorca-asofem-organiza-la-escuela-de-familias-grupos-de-ayuda-mutua-y-apoyo-a-las-personas-con-discapacidad-con-problemas-de-salud-mental\/","title":{"rendered":"La Asociaci\u00f3n de Salud Mental de Lorca ASOFEM organiza la Escuela de Familias, grupos de ayuda mutua y apoyo a las personas con discapacidad con problemas de salud mental"},"content":{"rendered":"<p><strong>\u00c1REA LORCA RADIO. Actualidad.<\/strong><\/p>\n<p>Escucha la intervenci\u00f3n de la psic\u00f3loga y responsable de comunicaci\u00f3n de ASOFEM \u00c1gueda M\u00e9ndez Ba\u00f1o en el programa magazine de \u00c1rea Lorca Radio con Paco S\u00e1nchez.<\/p>\n<p>La Escuela de Familias y Grupos de ayuda Mutua 2025 y el programa de apoyo a las personas con discapacidad con problemas de salud mental son dos proyectos que arrancan durante este primer trimestre de 2025, siendo el 25 de marzo la fecha fijada para el inicio de la Escuela de Familias y Ayuda Mutua realiz\u00e1ndose una vez al mes durante todo el a\u00f1o.<\/p>\n<p>Dicho programa ha sido posible gracias a la subvenci\u00f3n del IRPF gestionado por la Consejer\u00eda de Pol\u00edtica Social, familias e igualdad.<\/p>\n<audio class=\"wp-audio-shortcode\" id=\"audio-5429-1\" preload=\"none\" style=\"width: 100%;\" controls=\"controls\"><source type=\"audio\/mpeg\" src=\"https:\/\/arealorcaradio.es\/wp-content\/uploads\/2025\/01\/300125-AGUEDA-MENDEZ-BANO.-ASOFEM.mp3?_=1\" \/><a href=\"https:\/\/arealorcaradio.es\/wp-content\/uploads\/2025\/01\/300125-AGUEDA-MENDEZ-BANO.-ASOFEM.mp3\">https:\/\/arealorcaradio.es\/wp-content\/uploads\/2025\/01\/300125-AGUEDA-MENDEZ-BANO.-ASOFEM.mp3<\/a><\/audio>\n","protected":false},"excerpt":{"rendered":"<p>\u00c1REA LORCA RADIO. Actualidad. Escucha la intervenci\u00f3n de la psic\u00f3loga y responsable de comunicaci\u00f3n de ASOFEM \u00c1gueda M\u00e9ndez Ba\u00f1o en el programa magazine de \u00c1rea Lorca Radio con Paco S\u00e1nchez. La Escuela de Familias y Grupos de ayuda Mutua 2025 y el programa de apoyo a las personas con discapacidad con problemas de salud mental [&hellip;]<\/p>\n","protected":false},"author":1,"featured_media":5431,"comment_status":"open","ping_status":"open","sticky":false,"template":"","format":"standard","meta":{"iawp_total_views":60,"footnotes":""},"categories":[5,7],"tags":[],"class_list":["post-5429","post","type-post","status-publish","format-standard","has-post-thumbnail","hentry","category-actualidad","category-lorca"],"yoast_head":"<!-- This site is optimized with the Yoast SEO plugin v27.5 - https:\/\/yoast.com\/product\/yoast-seo-wordpress\/ -->\n<title>La Asociaci\u00f3n de Salud Mental de Lorca ASOFEM organiza la Escuela de Familias, grupos de ayuda mutua y apoyo a las personas con discapacidad con problemas de salud mental - AREA LORCA RADIO<\/title>\n<meta name=\"robots\" content=\"index, follow, max-snippet:-1, max-image-preview:large, max-video-preview:-1\" \/>\n<link rel=\"canonical\" href=\"https:\/\/arealorcaradio.es\/index.php\/2025\/01\/30\/la-asociacion-de-salud-mental-de-lorca-asofem-organiza-la-escuela-de-familias-grupos-de-ayuda-mutua-y-apoyo-a-las-personas-con-discapacidad-con-problemas-de-salud-mental\/\" \/>\n<meta property=\"og:locale\" content=\"es_ES\" \/>\n<meta property=\"og:type\" content=\"article\" \/>\n<meta property=\"og:title\" content=\"La Asociaci\u00f3n de Salud Mental de Lorca ASOFEM organiza la Escuela de Familias, grupos de ayuda mutua y apoyo a las personas con discapacidad con problemas de salud mental - AREA LORCA RADIO\" \/>\n<meta property=\"og:description\" content=\"\u00c1REA LORCA RADIO. Actualidad. Escucha la intervenci\u00f3n de la psic\u00f3loga y responsable de comunicaci\u00f3n de ASOFEM \u00c1gueda M\u00e9ndez Ba\u00f1o en el programa magazine de \u00c1rea Lorca Radio con Paco S\u00e1nchez. La Escuela de Familias y Grupos de ayuda Mutua 2025 y el programa de apoyo a las personas con discapacidad con problemas de salud mental [&hellip;]\" \/>\n<meta property=\"og:url\" content=\"https:\/\/arealorcaradio.es\/index.php\/2025\/01\/30\/la-asociacion-de-salud-mental-de-lorca-asofem-organiza-la-escuela-de-familias-grupos-de-ayuda-mutua-y-apoyo-a-las-personas-con-discapacidad-con-problemas-de-salud-mental\/\" \/>\n<meta property=\"og:site_name\" content=\"AREA LORCA RADIO\" \/>\n<meta property=\"article:published_time\" content=\"2025-01-30T19:43:46+00:00\" \/>\n<meta property=\"og:image\" content=\"https:\/\/arealorcaradio.es\/wp-content\/uploads\/2025\/01\/20250130_100124-scaled.jpg\" \/>\n\t<meta property=\"og:image:width\" content=\"2560\" \/>\n\t<meta property=\"og:image:height\" content=\"1920\" \/>\n\t<meta property=\"og:image:type\" content=\"image\/jpeg\" \/>\n<meta name=\"author\" content=\"Paco S\u00e1nchez\" \/>\n<meta name=\"twitter:card\" content=\"summary_large_image\" \/>\n<meta name=\"twitter:label1\" content=\"Escrito por\" \/>\n\t<meta name=\"twitter:data1\" content=\"Paco S\u00e1nchez\" \/>\n\t<meta name=\"twitter:label2\" content=\"Tiempo de lectura\" \/>\n\t<meta name=\"twitter:data2\" content=\"1 minuto\" \/>\n<script type=\"application\/ld+json\" class=\"yoast-schema-graph\">{\"@context\":\"https:\\\/\\\/schema.org\",\"@graph\":[{\"@type\":\"Article\",\"@id\":\"https:\\\/\\\/arealorcaradio.es\\\/index.php\\\/2025\\\/01\\\/30\\\/la-asociacion-de-salud-mental-de-lorca-asofem-organiza-la-escuela-de-familias-grupos-de-ayuda-mutua-y-apoyo-a-las-personas-con-discapacidad-con-problemas-de-salud-mental\\\/#article\",\"isPartOf\":{\"@id\":\"https:\\\/\\\/arealorcaradio.es\\\/index.php\\\/2025\\\/01\\\/30\\\/la-asociacion-de-salud-mental-de-lorca-asofem-organiza-la-escuela-de-familias-grupos-de-ayuda-mutua-y-apoyo-a-las-personas-con-discapacidad-con-problemas-de-salud-mental\\\/\"},\"author\":{\"name\":\"Paco S\u00e1nchez\",\"@id\":\"https:\\\/\\\/arealorcaradio.es\\\/#\\\/schema\\\/person\\\/9fae605fc25b0f2c83c1ab207139bd27\"},\"headline\":\"La Asociaci\u00f3n de Salud Mental de Lorca ASOFEM organiza la Escuela de Familias, grupos de ayuda mutua y apoyo a las personas con discapacidad con problemas de salud mental\",\"datePublished\":\"2025-01-30T19:43:46+00:00\",\"mainEntityOfPage\":{\"@id\":\"https:\\\/\\\/arealorcaradio.es\\\/index.php\\\/2025\\\/01\\\/30\\\/la-asociacion-de-salud-mental-de-lorca-asofem-organiza-la-escuela-de-familias-grupos-de-ayuda-mutua-y-apoyo-a-las-personas-con-discapacidad-con-problemas-de-salud-mental\\\/\"},\"wordCount\":164,\"commentCount\":0,\"image\":{\"@id\":\"https:\\\/\\\/arealorcaradio.es\\\/index.php\\\/2025\\\/01\\\/30\\\/la-asociacion-de-salud-mental-de-lorca-asofem-organiza-la-escuela-de-familias-grupos-de-ayuda-mutua-y-apoyo-a-las-personas-con-discapacidad-con-problemas-de-salud-mental\\\/#primaryimage\"},\"thumbnailUrl\":\"https:\\\/\\\/arealorcaradio.es\\\/wp-content\\\/uploads\\\/2025\\\/01\\\/20250130_100124-scaled.jpg\",\"articleSection\":[\"ACTUALIDAD\",\"LORCA\"],\"inLanguage\":\"es\",\"potentialAction\":[{\"@type\":\"CommentAction\",\"name\":\"Comment\",\"target\":[\"https:\\\/\\\/arealorcaradio.es\\\/index.php\\\/2025\\\/01\\\/30\\\/la-asociacion-de-salud-mental-de-lorca-asofem-organiza-la-escuela-de-familias-grupos-de-ayuda-mutua-y-apoyo-a-las-personas-con-discapacidad-con-problemas-de-salud-mental\\\/#respond\"]}]},{\"@type\":\"WebPage\",\"@id\":\"https:\\\/\\\/arealorcaradio.es\\\/index.php\\\/2025\\\/01\\\/30\\\/la-asociacion-de-salud-mental-de-lorca-asofem-organiza-la-escuela-de-familias-grupos-de-ayuda-mutua-y-apoyo-a-las-personas-con-discapacidad-con-problemas-de-salud-mental\\\/\",\"url\":\"https:\\\/\\\/arealorcaradio.es\\\/index.php\\\/2025\\\/01\\\/30\\\/la-asociacion-de-salud-mental-de-lorca-asofem-organiza-la-escuela-de-familias-grupos-de-ayuda-mutua-y-apoyo-a-las-personas-con-discapacidad-con-problemas-de-salud-mental\\\/\",\"name\":\"La Asociaci\u00f3n de Salud Mental de Lorca ASOFEM organiza la Escuela de Familias, grupos de ayuda mutua y apoyo a las personas con discapacidad con problemas de salud mental - AREA LORCA RADIO\",\"isPartOf\":{\"@id\":\"https:\\\/\\\/arealorcaradio.es\\\/#website\"},\"primaryImageOfPage\":{\"@id\":\"https:\\\/\\\/arealorcaradio.es\\\/index.php\\\/2025\\\/01\\\/30\\\/la-asociacion-de-salud-mental-de-lorca-asofem-organiza-la-escuela-de-familias-grupos-de-ayuda-mutua-y-apoyo-a-las-personas-con-discapacidad-con-problemas-de-salud-mental\\\/#primaryimage\"},\"image\":{\"@id\":\"https:\\\/\\\/arealorcaradio.es\\\/index.php\\\/2025\\\/01\\\/30\\\/la-asociacion-de-salud-mental-de-lorca-asofem-organiza-la-escuela-de-familias-grupos-de-ayuda-mutua-y-apoyo-a-las-personas-con-discapacidad-con-problemas-de-salud-mental\\\/#primaryimage\"},\"thumbnailUrl\":\"https:\\\/\\\/arealorcaradio.es\\\/wp-content\\\/uploads\\\/2025\\\/01\\\/20250130_100124-scaled.jpg\",\"datePublished\":\"2025-01-30T19:43:46+00:00\",\"author\":{\"@id\":\"https:\\\/\\\/arealorcaradio.es\\\/#\\\/schema\\\/person\\\/9fae605fc25b0f2c83c1ab207139bd27\"},\"breadcrumb\":{\"@id\":\"https:\\\/\\\/arealorcaradio.es\\\/index.php\\\/2025\\\/01\\\/30\\\/la-asociacion-de-salud-mental-de-lorca-asofem-organiza-la-escuela-de-familias-grupos-de-ayuda-mutua-y-apoyo-a-las-personas-con-discapacidad-con-problemas-de-salud-mental\\\/#breadcrumb\"},\"inLanguage\":\"es\",\"potentialAction\":[{\"@type\":\"ReadAction\",\"target\":[\"https:\\\/\\\/arealorcaradio.es\\\/index.php\\\/2025\\\/01\\\/30\\\/la-asociacion-de-salud-mental-de-lorca-asofem-organiza-la-escuela-de-familias-grupos-de-ayuda-mutua-y-apoyo-a-las-personas-con-discapacidad-con-problemas-de-salud-mental\\\/\"]}]},{\"@type\":\"ImageObject\",\"inLanguage\":\"es\",\"@id\":\"https:\\\/\\\/arealorcaradio.es\\\/index.php\\\/2025\\\/01\\\/30\\\/la-asociacion-de-salud-mental-de-lorca-asofem-organiza-la-escuela-de-familias-grupos-de-ayuda-mutua-y-apoyo-a-las-personas-con-discapacidad-con-problemas-de-salud-mental\\\/#primaryimage\",\"url\":\"https:\\\/\\\/arealorcaradio.es\\\/wp-content\\\/uploads\\\/2025\\\/01\\\/20250130_100124-scaled.jpg\",\"contentUrl\":\"https:\\\/\\\/arealorcaradio.es\\\/wp-content\\\/uploads\\\/2025\\\/01\\\/20250130_100124-scaled.jpg\",\"width\":2560,\"height\":1920},{\"@type\":\"BreadcrumbList\",\"@id\":\"https:\\\/\\\/arealorcaradio.es\\\/index.php\\\/2025\\\/01\\\/30\\\/la-asociacion-de-salud-mental-de-lorca-asofem-organiza-la-escuela-de-familias-grupos-de-ayuda-mutua-y-apoyo-a-las-personas-con-discapacidad-con-problemas-de-salud-mental\\\/#breadcrumb\",\"itemListElement\":[{\"@type\":\"ListItem\",\"position\":1,\"name\":\"Portada\",\"item\":\"https:\\\/\\\/arealorcaradio.es\\\/\"},{\"@type\":\"ListItem\",\"position\":2,\"name\":\"La Asociaci\u00f3n de Salud Mental de Lorca ASOFEM organiza la Escuela de Familias, grupos de ayuda mutua y apoyo a las personas con discapacidad con problemas de salud mental\"}]},{\"@type\":\"WebSite\",\"@id\":\"https:\\\/\\\/arealorcaradio.es\\\/#website\",\"url\":\"https:\\\/\\\/arealorcaradio.es\\\/\",\"name\":\"AREA LORCA RADIO\",\"description\":\"Descubre la programaci\u00f3n actual en \u00c1rea Lorca Radio, tu fuente de entrenamiento y noticias locales. Sintoniza ahora y mantente conectado online.\",\"potentialAction\":[{\"@type\":\"SearchAction\",\"target\":{\"@type\":\"EntryPoint\",\"urlTemplate\":\"https:\\\/\\\/arealorcaradio.es\\\/?s={search_term_string}\"},\"query-input\":{\"@type\":\"PropertyValueSpecification\",\"valueRequired\":true,\"valueName\":\"search_term_string\"}}],\"inLanguage\":\"es\"},{\"@type\":\"Person\",\"@id\":\"https:\\\/\\\/arealorcaradio.es\\\/#\\\/schema\\\/person\\\/9fae605fc25b0f2c83c1ab207139bd27\",\"name\":\"Paco S\u00e1nchez\",\"image\":{\"@type\":\"ImageObject\",\"inLanguage\":\"es\",\"@id\":\"https:\\\/\\\/secure.gravatar.com\\\/avatar\\\/d67144e966420fb74aa84c9f2a0103be4724fd14db52b52d3b6bca749f257e79?s=96&d=mm&r=g\",\"url\":\"https:\\\/\\\/secure.gravatar.com\\\/avatar\\\/d67144e966420fb74aa84c9f2a0103be4724fd14db52b52d3b6bca749f257e79?s=96&d=mm&r=g\",\"contentUrl\":\"https:\\\/\\\/secure.gravatar.com\\\/avatar\\\/d67144e966420fb74aa84c9f2a0103be4724fd14db52b52d3b6bca749f257e79?s=96&d=mm&r=g\",\"caption\":\"Paco S\u00e1nchez\"},\"sameAs\":[\"https:\\\/\\\/arealorcaradio.es\"],\"url\":\"https:\\\/\\\/arealorcaradio.es\\\/index.php\\\/author\\\/admin_alorcaradio\\\/\"}]}<\/script>\n<!-- \/ Yoast SEO plugin. -->","yoast_head_json":{"title":"La Asociaci\u00f3n de Salud Mental de Lorca ASOFEM organiza la Escuela de Familias, grupos de ayuda mutua y apoyo a las personas con discapacidad con problemas de salud mental - AREA LORCA RADIO","robots":{"index":"index","follow":"follow","max-snippet":"max-snippet:-1","max-image-preview":"max-image-preview:large","max-video-preview":"max-video-preview:-1"},"canonical":"https:\/\/arealorcaradio.es\/index.php\/2025\/01\/30\/la-asociacion-de-salud-mental-de-lorca-asofem-organiza-la-escuela-de-familias-grupos-de-ayuda-mutua-y-apoyo-a-las-personas-con-discapacidad-con-problemas-de-salud-mental\/","og_locale":"es_ES","og_type":"article","og_title":"La Asociaci\u00f3n de Salud Mental de Lorca ASOFEM organiza la Escuela de Familias, grupos de ayuda mutua y apoyo a las personas con discapacidad con problemas de salud mental - AREA LORCA RADIO","og_description":"\u00c1REA LORCA RADIO. Actualidad. Escucha la intervenci\u00f3n de la psic\u00f3loga y responsable de comunicaci\u00f3n de ASOFEM \u00c1gueda M\u00e9ndez Ba\u00f1o en el programa magazine de \u00c1rea Lorca Radio con Paco S\u00e1nchez. La Escuela de Familias y Grupos de ayuda Mutua 2025 y el programa de apoyo a las personas con discapacidad con problemas de salud mental [&hellip;]","og_url":"https:\/\/arealorcaradio.es\/index.php\/2025\/01\/30\/la-asociacion-de-salud-mental-de-lorca-asofem-organiza-la-escuela-de-familias-grupos-de-ayuda-mutua-y-apoyo-a-las-personas-con-discapacidad-con-problemas-de-salud-mental\/","og_site_name":"AREA LORCA RADIO","article_published_time":"2025-01-30T19:43:46+00:00","og_image":[{"width":2560,"height":1920,"url":"https:\/\/arealorcaradio.es\/wp-content\/uploads\/2025\/01\/20250130_100124-scaled.jpg","type":"image\/jpeg"}],"author":"Paco S\u00e1nchez","twitter_card":"summary_large_image","twitter_misc":{"Escrito por":"Paco S\u00e1nchez","Tiempo de lectura":"1 minuto"},"schema":{"@context":"https:\/\/schema.org","@graph":[{"@type":"Article","@id":"https:\/\/arealorcaradio.es\/index.php\/2025\/01\/30\/la-asociacion-de-salud-mental-de-lorca-asofem-organiza-la-escuela-de-familias-grupos-de-ayuda-mutua-y-apoyo-a-las-personas-con-discapacidad-con-problemas-de-salud-mental\/#article","isPartOf":{"@id":"https:\/\/arealorcaradio.es\/index.php\/2025\/01\/30\/la-asociacion-de-salud-mental-de-lorca-asofem-organiza-la-escuela-de-familias-grupos-de-ayuda-mutua-y-apoyo-a-las-personas-con-discapacidad-con-problemas-de-salud-mental\/"},"author":{"name":"Paco S\u00e1nchez","@id":"https:\/\/arealorcaradio.es\/#\/schema\/person\/9fae605fc25b0f2c83c1ab207139bd27"},"headline":"La Asociaci\u00f3n de Salud Mental de Lorca ASOFEM organiza la Escuela de Familias, grupos de ayuda mutua y apoyo a las personas con discapacidad con problemas de salud mental","datePublished":"2025-01-30T19:43:46+00:00","mainEntityOfPage":{"@id":"https:\/\/arealorcaradio.es\/index.php\/2025\/01\/30\/la-asociacion-de-salud-mental-de-lorca-asofem-organiza-la-escuela-de-familias-grupos-de-ayuda-mutua-y-apoyo-a-las-personas-con-discapacidad-con-problemas-de-salud-mental\/"},"wordCount":164,"commentCount":0,"image":{"@id":"https:\/\/arealorcaradio.es\/index.php\/2025\/01\/30\/la-asociacion-de-salud-mental-de-lorca-asofem-organiza-la-escuela-de-familias-grupos-de-ayuda-mutua-y-apoyo-a-las-personas-con-discapacidad-con-problemas-de-salud-mental\/#primaryimage"},"thumbnailUrl":"https:\/\/arealorcaradio.es\/wp-content\/uploads\/2025\/01\/20250130_100124-scaled.jpg","articleSection":["ACTUALIDAD","LORCA"],"inLanguage":"es","potentialAction":[{"@type":"CommentAction","name":"Comment","target":["https:\/\/arealorcaradio.es\/index.php\/2025\/01\/30\/la-asociacion-de-salud-mental-de-lorca-asofem-organiza-la-escuela-de-familias-grupos-de-ayuda-mutua-y-apoyo-a-las-personas-con-discapacidad-con-problemas-de-salud-mental\/#respond"]}]},{"@type":"WebPage","@id":"https:\/\/arealorcaradio.es\/index.php\/2025\/01\/30\/la-asociacion-de-salud-mental-de-lorca-asofem-organiza-la-escuela-de-familias-grupos-de-ayuda-mutua-y-apoyo-a-las-personas-con-discapacidad-con-problemas-de-salud-mental\/","url":"https:\/\/arealorcaradio.es\/index.php\/2025\/01\/30\/la-asociacion-de-salud-mental-de-lorca-asofem-organiza-la-escuela-de-familias-grupos-de-ayuda-mutua-y-apoyo-a-las-personas-con-discapacidad-con-problemas-de-salud-mental\/","name":"La Asociaci\u00f3n de Salud Mental de Lorca ASOFEM organiza la Escuela de Familias, grupos de ayuda mutua y apoyo a las personas con discapacidad con problemas de salud mental - AREA LORCA RADIO","isPartOf":{"@id":"https:\/\/arealorcaradio.es\/#website"},"primaryImageOfPage":{"@id":"https:\/\/arealorcaradio.es\/index.php\/2025\/01\/30\/la-asociacion-de-salud-mental-de-lorca-asofem-organiza-la-escuela-de-familias-grupos-de-ayuda-mutua-y-apoyo-a-las-personas-con-discapacidad-con-problemas-de-salud-mental\/#primaryimage"},"image":{"@id":"https:\/\/arealorcaradio.es\/index.php\/2025\/01\/30\/la-asociacion-de-salud-mental-de-lorca-asofem-organiza-la-escuela-de-familias-grupos-de-ayuda-mutua-y-apoyo-a-las-personas-con-discapacidad-con-problemas-de-salud-mental\/#primaryimage"},"thumbnailUrl":"https:\/\/arealorcaradio.es\/wp-content\/uploads\/2025\/01\/20250130_100124-scaled.jpg","datePublished":"2025-01-30T19:43:46+00:00","author":{"@id":"https:\/\/arealorcaradio.es\/#\/schema\/person\/9fae605fc25b0f2c83c1ab207139bd27"},"breadcrumb":{"@id":"https:\/\/arealorcaradio.es\/index.php\/2025\/01\/30\/la-asociacion-de-salud-mental-de-lorca-asofem-organiza-la-escuela-de-familias-grupos-de-ayuda-mutua-y-apoyo-a-las-personas-con-discapacidad-con-problemas-de-salud-mental\/#breadcrumb"},"inLanguage":"es","potentialAction":[{"@type":"ReadAction","target":["https:\/\/arealorcaradio.es\/index.php\/2025\/01\/30\/la-asociacion-de-salud-mental-de-lorca-asofem-organiza-la-escuela-de-familias-grupos-de-ayuda-mutua-y-apoyo-a-las-personas-con-discapacidad-con-problemas-de-salud-mental\/"]}]},{"@type":"ImageObject","inLanguage":"es","@id":"https:\/\/arealorcaradio.es\/index.php\/2025\/01\/30\/la-asociacion-de-salud-mental-de-lorca-asofem-organiza-la-escuela-de-familias-grupos-de-ayuda-mutua-y-apoyo-a-las-personas-con-discapacidad-con-problemas-de-salud-mental\/#primaryimage","url":"https:\/\/arealorcaradio.es\/wp-content\/uploads\/2025\/01\/20250130_100124-scaled.jpg","contentUrl":"https:\/\/arealorcaradio.es\/wp-content\/uploads\/2025\/01\/20250130_100124-scaled.jpg","width":2560,"height":1920},{"@type":"BreadcrumbList","@id":"https:\/\/arealorcaradio.es\/index.php\/2025\/01\/30\/la-asociacion-de-salud-mental-de-lorca-asofem-organiza-la-escuela-de-familias-grupos-de-ayuda-mutua-y-apoyo-a-las-personas-con-discapacidad-con-problemas-de-salud-mental\/#breadcrumb","itemListElement":[{"@type":"ListItem","position":1,"name":"Portada","item":"https:\/\/arealorcaradio.es\/"},{"@type":"ListItem","position":2,"name":"La Asociaci\u00f3n de Salud Mental de Lorca ASOFEM organiza la Escuela de Familias, grupos de ayuda mutua y apoyo a las personas con discapacidad con problemas de salud mental"}]},{"@type":"WebSite","@id":"https:\/\/arealorcaradio.es\/#website","url":"https:\/\/arealorcaradio.es\/","name":"AREA LORCA RADIO","description":"Descubre la programaci\u00f3n actual en \u00c1rea Lorca Radio, tu fuente de entrenamiento y noticias locales. Sintoniza ahora y mantente conectado online.","potentialAction":[{"@type":"SearchAction","target":{"@type":"EntryPoint","urlTemplate":"https:\/\/arealorcaradio.es\/?s={search_term_string}"},"query-input":{"@type":"PropertyValueSpecification","valueRequired":true,"valueName":"search_term_string"}}],"inLanguage":"es"},{"@type":"Person","@id":"https:\/\/arealorcaradio.es\/#\/schema\/person\/9fae605fc25b0f2c83c1ab207139bd27","name":"Paco S\u00e1nchez","image":{"@type":"ImageObject","inLanguage":"es","@id":"https:\/\/secure.gravatar.com\/avatar\/d67144e966420fb74aa84c9f2a0103be4724fd14db52b52d3b6bca749f257e79?s=96&d=mm&r=g","url":"https:\/\/secure.gravatar.com\/avatar\/d67144e966420fb74aa84c9f2a0103be4724fd14db52b52d3b6bca749f257e79?s=96&d=mm&r=g","contentUrl":"https:\/\/secure.gravatar.com\/avatar\/d67144e966420fb74aa84c9f2a0103be4724fd14db52b52d3b6bca749f257e79?s=96&d=mm&r=g","caption":"Paco S\u00e1nchez"},"sameAs":["https:\/\/arealorcaradio.es"],"url":"https:\/\/arealorcaradio.es\/index.php\/author\/admin_alorcaradio\/"}]}},"_links":{"self":[{"href":"https:\/\/arealorcaradio.es\/index.php\/wp-json\/wp\/v2\/posts\/5429","targetHints":{"allow":["GET"]}}],"collection":[{"href":"https:\/\/arealorcaradio.es\/index.php\/wp-json\/wp\/v2\/posts"}],"about":[{"href":"https:\/\/arealorcaradio.es\/index.php\/wp-json\/wp\/v2\/types\/post"}],"author":[{"embeddable":true,"href":"https:\/\/arealorcaradio.es\/index.php\/wp-json\/wp\/v2\/users\/1"}],"replies":[{"embeddable":true,"href":"https:\/\/arealorcaradio.es\/index.php\/wp-json\/wp\/v2\/comments?post=5429"}],"version-history":[{"count":1,"href":"https:\/\/arealorcaradio.es\/index.php\/wp-json\/wp\/v2\/posts\/5429\/revisions"}],"predecessor-version":[{"id":5432,"href":"https:\/\/arealorcaradio.es\/index.php\/wp-json\/wp\/v2\/posts\/5429\/revisions\/5432"}],"wp:featuredmedia":[{"embeddable":true,"href":"https:\/\/arealorcaradio.es\/index.php\/wp-json\/wp\/v2\/media\/5431"}],"wp:attachment":[{"href":"https:\/\/arealorcaradio.es\/index.php\/wp-json\/wp\/v2\/media?parent=5429"}],"wp:term":[{"taxonomy":"category","embeddable":true,"href":"https:\/\/arealorcaradio.es\/index.php\/wp-json\/wp\/v2\/categories?post=5429"},{"taxonomy":"post_tag","embeddable":true,"href":"https:\/\/arealorcaradio.es\/index.php\/wp-json\/wp\/v2\/tags?post=5429"}],"curies":[{"name":"wp","href":"https:\/\/api.w.org\/{rel}","templated":true}]}}