{"id":5353,"date":"2025-01-25T11:35:29","date_gmt":"2025-01-25T11:35:29","guid":{"rendered":"https:\/\/arealorcaradio.es\/?p=5353"},"modified":"2025-01-25T11:35:29","modified_gmt":"2025-01-25T11:35:29","slug":"vicente-sanchez-de-aguilas-y-la-region-muchos-dicen-que-es-un-paraiso-una-zona-diferente-que-quien-la-visita-se-queda","status":"publish","type":"post","link":"https:\/\/arealorcaradio.es\/index.php\/2025\/01\/25\/vicente-sanchez-de-aguilas-y-la-region-muchos-dicen-que-es-un-paraiso-una-zona-diferente-que-quien-la-visita-se-queda\/","title":{"rendered":"Vicente S\u00e1nchez: \u00abDe \u00c1guilas y la regi\u00f3n muchos dicen que es un para\u00edso, una zona diferente que qui\u00e9n la visita se queda\u00bb"},"content":{"rendered":"<p>\u00c1REA LORCA RADIO.<\/p>\n<p>Vicente S\u00e1nchez es todo un referente en \u00c1guilas, no solo por ser el gerente de dos helader\u00edas referentes a nivel nacional como son Helader\u00edas Venezia en Avenida Juan Carlos I y en el paseo mar\u00edtimo de la localidad, sino tambi\u00e9n porque ha sido durante a\u00f1os presidente de Hosteaguilas y es arbitro internacional de Triatl\u00f3n. S\u00e1nchez asegura que vivir en \u00c1guilas o cualquier otro punto de la Regi\u00f3n de Murcia, es vivir con calidad de vida, que gastron\u00f3micamente somos una potencia a nivel nacional, muchos dicen que es un para\u00edso, una zona diferente que qui\u00e9n la visita se queda. Por \u00faltimo Vicente S\u00e1nchez ha comentado que federaciones internacionales de Triatl\u00f3n y otras modalidades deportivas que tienen que ver con el deporte en el mar visitan durante los 365 d\u00edas del a\u00f1o \u00c1guilas por la temperatura de sus aguas. Escucha aqu\u00ed la entrevista que ha concedido Vicente S\u00e1nchez a Paco S\u00e1nchez en el stand de la Regi\u00f3n de Murcia en Fitur.<\/p>\n<audio class=\"wp-audio-shortcode\" id=\"audio-5353-1\" preload=\"none\" style=\"width: 100%;\" controls=\"controls\"><source type=\"audio\/mpeg\" src=\"https:\/\/arealorcaradio.es\/wp-content\/uploads\/2025\/01\/Vicente-Sanchez.-Heladerias-OKKK.mp3?_=1\" \/><a href=\"https:\/\/arealorcaradio.es\/wp-content\/uploads\/2025\/01\/Vicente-Sanchez.-Heladerias-OKKK.mp3\">https:\/\/arealorcaradio.es\/wp-content\/uploads\/2025\/01\/Vicente-Sanchez.-Heladerias-OKKK.mp3<\/a><\/audio>\n<p><img loading=\"lazy\" decoding=\"async\" class=\"alignnone size-medium wp-image-5355\" src=\"https:\/\/arealorcaradio.es\/wp-content\/uploads\/2025\/01\/20250124_111221-300x225.jpg\" alt=\"\" width=\"300\" height=\"225\" srcset=\"https:\/\/arealorcaradio.es\/wp-content\/uploads\/2025\/01\/20250124_111221-300x225.jpg 300w, https:\/\/arealorcaradio.es\/wp-content\/uploads\/2025\/01\/20250124_111221-1024x768.jpg 1024w, https:\/\/arealorcaradio.es\/wp-content\/uploads\/2025\/01\/20250124_111221-768x576.jpg 768w, https:\/\/arealorcaradio.es\/wp-content\/uploads\/2025\/01\/20250124_111221-1536x1152.jpg 1536w, https:\/\/arealorcaradio.es\/wp-content\/uploads\/2025\/01\/20250124_111221-2048x1536.jpg 2048w, https:\/\/arealorcaradio.es\/wp-content\/uploads\/2025\/01\/20250124_111221-86x64.jpg 86w\" sizes=\"auto, (max-width: 300px) 100vw, 300px\" \/><img loading=\"lazy\" decoding=\"async\" class=\"alignnone size-medium wp-image-5357\" src=\"https:\/\/arealorcaradio.es\/wp-content\/uploads\/2025\/01\/20250124_111226-300x225.jpg\" alt=\"\" width=\"300\" height=\"225\" srcset=\"https:\/\/arealorcaradio.es\/wp-content\/uploads\/2025\/01\/20250124_111226-300x225.jpg 300w, https:\/\/arealorcaradio.es\/wp-content\/uploads\/2025\/01\/20250124_111226-1024x768.jpg 1024w, https:\/\/arealorcaradio.es\/wp-content\/uploads\/2025\/01\/20250124_111226-768x576.jpg 768w, https:\/\/arealorcaradio.es\/wp-content\/uploads\/2025\/01\/20250124_111226-1536x1152.jpg 1536w, https:\/\/arealorcaradio.es\/wp-content\/uploads\/2025\/01\/20250124_111226-2048x1536.jpg 2048w, https:\/\/arealorcaradio.es\/wp-content\/uploads\/2025\/01\/20250124_111226-86x64.jpg 86w\" sizes=\"auto, (max-width: 300px) 100vw, 300px\" \/><\/p>\n","protected":false},"excerpt":{"rendered":"<p>\u00c1REA LORCA RADIO. Vicente S\u00e1nchez es todo un referente en \u00c1guilas, no solo por ser el gerente de dos helader\u00edas referentes a nivel nacional como son Helader\u00edas Venezia en Avenida Juan Carlos I y en el paseo mar\u00edtimo de la localidad, sino tambi\u00e9n porque ha sido durante a\u00f1os presidente de Hosteaguilas y es arbitro internacional [&hellip;]<\/p>\n","protected":false},"author":1,"featured_media":5355,"comment_status":"open","ping_status":"open","sticky":false,"template":"","format":"standard","meta":{"iawp_total_views":38,"footnotes":""},"categories":[8,11],"tags":[],"class_list":["post-5353","post","type-post","status-publish","format-standard","has-post-thumbnail","hentry","category-aguilas","category-campana-politica"],"yoast_head":"<!-- This site is optimized with the Yoast SEO plugin v27.5 - https:\/\/yoast.com\/product\/yoast-seo-wordpress\/ -->\n<title>Vicente S\u00e1nchez: &quot;De \u00c1guilas y la regi\u00f3n muchos dicen que es un para\u00edso, una zona diferente que qui\u00e9n la visita se queda&quot; - AREA LORCA RADIO<\/title>\n<meta name=\"robots\" content=\"index, follow, max-snippet:-1, max-image-preview:large, max-video-preview:-1\" \/>\n<link rel=\"canonical\" href=\"https:\/\/arealorcaradio.es\/index.php\/2025\/01\/25\/vicente-sanchez-de-aguilas-y-la-region-muchos-dicen-que-es-un-paraiso-una-zona-diferente-que-quien-la-visita-se-queda\/\" \/>\n<meta property=\"og:locale\" content=\"es_ES\" \/>\n<meta property=\"og:type\" content=\"article\" \/>\n<meta property=\"og:title\" content=\"Vicente S\u00e1nchez: &quot;De \u00c1guilas y la regi\u00f3n muchos dicen que es un para\u00edso, una zona diferente que qui\u00e9n la visita se queda&quot; - AREA LORCA RADIO\" \/>\n<meta property=\"og:description\" content=\"\u00c1REA LORCA RADIO. Vicente S\u00e1nchez es todo un referente en \u00c1guilas, no solo por ser el gerente de dos helader\u00edas referentes a nivel nacional como son Helader\u00edas Venezia en Avenida Juan Carlos I y en el paseo mar\u00edtimo de la localidad, sino tambi\u00e9n porque ha sido durante a\u00f1os presidente de Hosteaguilas y es arbitro internacional [&hellip;]\" \/>\n<meta property=\"og:url\" content=\"https:\/\/arealorcaradio.es\/index.php\/2025\/01\/25\/vicente-sanchez-de-aguilas-y-la-region-muchos-dicen-que-es-un-paraiso-una-zona-diferente-que-quien-la-visita-se-queda\/\" \/>\n<meta property=\"og:site_name\" content=\"AREA LORCA RADIO\" \/>\n<meta property=\"article:published_time\" content=\"2025-01-25T11:35:29+00:00\" \/>\n<meta property=\"og:image\" content=\"https:\/\/arealorcaradio.es\/wp-content\/uploads\/2025\/01\/20250124_111221-scaled.jpg\" \/>\n\t<meta property=\"og:image:width\" content=\"2560\" \/>\n\t<meta property=\"og:image:height\" content=\"1920\" \/>\n\t<meta property=\"og:image:type\" content=\"image\/jpeg\" \/>\n<meta name=\"author\" content=\"Paco S\u00e1nchez\" \/>\n<meta name=\"twitter:card\" content=\"summary_large_image\" \/>\n<meta name=\"twitter:label1\" content=\"Escrito por\" \/>\n\t<meta name=\"twitter:data1\" content=\"Paco S\u00e1nchez\" \/>\n\t<meta name=\"twitter:label2\" content=\"Tiempo de lectura\" \/>\n\t<meta name=\"twitter:data2\" content=\"2 minutos\" \/>\n<script type=\"application\/ld+json\" class=\"yoast-schema-graph\">{\"@context\":\"https:\\\/\\\/schema.org\",\"@graph\":[{\"@type\":\"Article\",\"@id\":\"https:\\\/\\\/arealorcaradio.es\\\/index.php\\\/2025\\\/01\\\/25\\\/vicente-sanchez-de-aguilas-y-la-region-muchos-dicen-que-es-un-paraiso-una-zona-diferente-que-quien-la-visita-se-queda\\\/#article\",\"isPartOf\":{\"@id\":\"https:\\\/\\\/arealorcaradio.es\\\/index.php\\\/2025\\\/01\\\/25\\\/vicente-sanchez-de-aguilas-y-la-region-muchos-dicen-que-es-un-paraiso-una-zona-diferente-que-quien-la-visita-se-queda\\\/\"},\"author\":{\"name\":\"Paco S\u00e1nchez\",\"@id\":\"https:\\\/\\\/arealorcaradio.es\\\/#\\\/schema\\\/person\\\/9fae605fc25b0f2c83c1ab207139bd27\"},\"headline\":\"Vicente S\u00e1nchez: \u00abDe \u00c1guilas y la regi\u00f3n muchos dicen que es un para\u00edso, una zona diferente que qui\u00e9n la visita se queda\u00bb\",\"datePublished\":\"2025-01-25T11:35:29+00:00\",\"mainEntityOfPage\":{\"@id\":\"https:\\\/\\\/arealorcaradio.es\\\/index.php\\\/2025\\\/01\\\/25\\\/vicente-sanchez-de-aguilas-y-la-region-muchos-dicen-que-es-un-paraiso-una-zona-diferente-que-quien-la-visita-se-queda\\\/\"},\"wordCount\":217,\"commentCount\":0,\"image\":{\"@id\":\"https:\\\/\\\/arealorcaradio.es\\\/index.php\\\/2025\\\/01\\\/25\\\/vicente-sanchez-de-aguilas-y-la-region-muchos-dicen-que-es-un-paraiso-una-zona-diferente-que-quien-la-visita-se-queda\\\/#primaryimage\"},\"thumbnailUrl\":\"https:\\\/\\\/arealorcaradio.es\\\/wp-content\\\/uploads\\\/2025\\\/01\\\/20250124_111221-scaled.jpg\",\"articleSection\":[\"\u00c1GUILAS\",\"CAMPA\u00d1A POLITICA\"],\"inLanguage\":\"es\",\"potentialAction\":[{\"@type\":\"CommentAction\",\"name\":\"Comment\",\"target\":[\"https:\\\/\\\/arealorcaradio.es\\\/index.php\\\/2025\\\/01\\\/25\\\/vicente-sanchez-de-aguilas-y-la-region-muchos-dicen-que-es-un-paraiso-una-zona-diferente-que-quien-la-visita-se-queda\\\/#respond\"]}]},{\"@type\":\"WebPage\",\"@id\":\"https:\\\/\\\/arealorcaradio.es\\\/index.php\\\/2025\\\/01\\\/25\\\/vicente-sanchez-de-aguilas-y-la-region-muchos-dicen-que-es-un-paraiso-una-zona-diferente-que-quien-la-visita-se-queda\\\/\",\"url\":\"https:\\\/\\\/arealorcaradio.es\\\/index.php\\\/2025\\\/01\\\/25\\\/vicente-sanchez-de-aguilas-y-la-region-muchos-dicen-que-es-un-paraiso-una-zona-diferente-que-quien-la-visita-se-queda\\\/\",\"name\":\"Vicente S\u00e1nchez: \\\"De \u00c1guilas y la regi\u00f3n muchos dicen que es un para\u00edso, una zona diferente que qui\u00e9n la visita se queda\\\" - AREA LORCA RADIO\",\"isPartOf\":{\"@id\":\"https:\\\/\\\/arealorcaradio.es\\\/#website\"},\"primaryImageOfPage\":{\"@id\":\"https:\\\/\\\/arealorcaradio.es\\\/index.php\\\/2025\\\/01\\\/25\\\/vicente-sanchez-de-aguilas-y-la-region-muchos-dicen-que-es-un-paraiso-una-zona-diferente-que-quien-la-visita-se-queda\\\/#primaryimage\"},\"image\":{\"@id\":\"https:\\\/\\\/arealorcaradio.es\\\/index.php\\\/2025\\\/01\\\/25\\\/vicente-sanchez-de-aguilas-y-la-region-muchos-dicen-que-es-un-paraiso-una-zona-diferente-que-quien-la-visita-se-queda\\\/#primaryimage\"},\"thumbnailUrl\":\"https:\\\/\\\/arealorcaradio.es\\\/wp-content\\\/uploads\\\/2025\\\/01\\\/20250124_111221-scaled.jpg\",\"datePublished\":\"2025-01-25T11:35:29+00:00\",\"author\":{\"@id\":\"https:\\\/\\\/arealorcaradio.es\\\/#\\\/schema\\\/person\\\/9fae605fc25b0f2c83c1ab207139bd27\"},\"breadcrumb\":{\"@id\":\"https:\\\/\\\/arealorcaradio.es\\\/index.php\\\/2025\\\/01\\\/25\\\/vicente-sanchez-de-aguilas-y-la-region-muchos-dicen-que-es-un-paraiso-una-zona-diferente-que-quien-la-visita-se-queda\\\/#breadcrumb\"},\"inLanguage\":\"es\",\"potentialAction\":[{\"@type\":\"ReadAction\",\"target\":[\"https:\\\/\\\/arealorcaradio.es\\\/index.php\\\/2025\\\/01\\\/25\\\/vicente-sanchez-de-aguilas-y-la-region-muchos-dicen-que-es-un-paraiso-una-zona-diferente-que-quien-la-visita-se-queda\\\/\"]}]},{\"@type\":\"ImageObject\",\"inLanguage\":\"es\",\"@id\":\"https:\\\/\\\/arealorcaradio.es\\\/index.php\\\/2025\\\/01\\\/25\\\/vicente-sanchez-de-aguilas-y-la-region-muchos-dicen-que-es-un-paraiso-una-zona-diferente-que-quien-la-visita-se-queda\\\/#primaryimage\",\"url\":\"https:\\\/\\\/arealorcaradio.es\\\/wp-content\\\/uploads\\\/2025\\\/01\\\/20250124_111221-scaled.jpg\",\"contentUrl\":\"https:\\\/\\\/arealorcaradio.es\\\/wp-content\\\/uploads\\\/2025\\\/01\\\/20250124_111221-scaled.jpg\",\"width\":2560,\"height\":1920},{\"@type\":\"BreadcrumbList\",\"@id\":\"https:\\\/\\\/arealorcaradio.es\\\/index.php\\\/2025\\\/01\\\/25\\\/vicente-sanchez-de-aguilas-y-la-region-muchos-dicen-que-es-un-paraiso-una-zona-diferente-que-quien-la-visita-se-queda\\\/#breadcrumb\",\"itemListElement\":[{\"@type\":\"ListItem\",\"position\":1,\"name\":\"Portada\",\"item\":\"https:\\\/\\\/arealorcaradio.es\\\/\"},{\"@type\":\"ListItem\",\"position\":2,\"name\":\"Vicente S\u00e1nchez: \u00abDe \u00c1guilas y la regi\u00f3n muchos dicen que es un para\u00edso, una zona diferente que qui\u00e9n la visita se queda\u00bb\"}]},{\"@type\":\"WebSite\",\"@id\":\"https:\\\/\\\/arealorcaradio.es\\\/#website\",\"url\":\"https:\\\/\\\/arealorcaradio.es\\\/\",\"name\":\"AREA LORCA RADIO\",\"description\":\"Descubre la programaci\u00f3n actual en \u00c1rea Lorca Radio, tu fuente de entrenamiento y noticias locales. Sintoniza ahora y mantente conectado online.\",\"potentialAction\":[{\"@type\":\"SearchAction\",\"target\":{\"@type\":\"EntryPoint\",\"urlTemplate\":\"https:\\\/\\\/arealorcaradio.es\\\/?s={search_term_string}\"},\"query-input\":{\"@type\":\"PropertyValueSpecification\",\"valueRequired\":true,\"valueName\":\"search_term_string\"}}],\"inLanguage\":\"es\"},{\"@type\":\"Person\",\"@id\":\"https:\\\/\\\/arealorcaradio.es\\\/#\\\/schema\\\/person\\\/9fae605fc25b0f2c83c1ab207139bd27\",\"name\":\"Paco S\u00e1nchez\",\"image\":{\"@type\":\"ImageObject\",\"inLanguage\":\"es\",\"@id\":\"https:\\\/\\\/secure.gravatar.com\\\/avatar\\\/d67144e966420fb74aa84c9f2a0103be4724fd14db52b52d3b6bca749f257e79?s=96&d=mm&r=g\",\"url\":\"https:\\\/\\\/secure.gravatar.com\\\/avatar\\\/d67144e966420fb74aa84c9f2a0103be4724fd14db52b52d3b6bca749f257e79?s=96&d=mm&r=g\",\"contentUrl\":\"https:\\\/\\\/secure.gravatar.com\\\/avatar\\\/d67144e966420fb74aa84c9f2a0103be4724fd14db52b52d3b6bca749f257e79?s=96&d=mm&r=g\",\"caption\":\"Paco S\u00e1nchez\"},\"sameAs\":[\"https:\\\/\\\/arealorcaradio.es\"],\"url\":\"https:\\\/\\\/arealorcaradio.es\\\/index.php\\\/author\\\/admin_alorcaradio\\\/\"}]}<\/script>\n<!-- \/ Yoast SEO plugin. -->","yoast_head_json":{"title":"Vicente S\u00e1nchez: \"De \u00c1guilas y la regi\u00f3n muchos dicen que es un para\u00edso, una zona diferente que qui\u00e9n la visita se queda\" - AREA LORCA RADIO","robots":{"index":"index","follow":"follow","max-snippet":"max-snippet:-1","max-image-preview":"max-image-preview:large","max-video-preview":"max-video-preview:-1"},"canonical":"https:\/\/arealorcaradio.es\/index.php\/2025\/01\/25\/vicente-sanchez-de-aguilas-y-la-region-muchos-dicen-que-es-un-paraiso-una-zona-diferente-que-quien-la-visita-se-queda\/","og_locale":"es_ES","og_type":"article","og_title":"Vicente S\u00e1nchez: \"De \u00c1guilas y la regi\u00f3n muchos dicen que es un para\u00edso, una zona diferente que qui\u00e9n la visita se queda\" - AREA LORCA RADIO","og_description":"\u00c1REA LORCA RADIO. Vicente S\u00e1nchez es todo un referente en \u00c1guilas, no solo por ser el gerente de dos helader\u00edas referentes a nivel nacional como son Helader\u00edas Venezia en Avenida Juan Carlos I y en el paseo mar\u00edtimo de la localidad, sino tambi\u00e9n porque ha sido durante a\u00f1os presidente de Hosteaguilas y es arbitro internacional [&hellip;]","og_url":"https:\/\/arealorcaradio.es\/index.php\/2025\/01\/25\/vicente-sanchez-de-aguilas-y-la-region-muchos-dicen-que-es-un-paraiso-una-zona-diferente-que-quien-la-visita-se-queda\/","og_site_name":"AREA LORCA RADIO","article_published_time":"2025-01-25T11:35:29+00:00","og_image":[{"width":2560,"height":1920,"url":"https:\/\/arealorcaradio.es\/wp-content\/uploads\/2025\/01\/20250124_111221-scaled.jpg","type":"image\/jpeg"}],"author":"Paco S\u00e1nchez","twitter_card":"summary_large_image","twitter_misc":{"Escrito por":"Paco S\u00e1nchez","Tiempo de lectura":"2 minutos"},"schema":{"@context":"https:\/\/schema.org","@graph":[{"@type":"Article","@id":"https:\/\/arealorcaradio.es\/index.php\/2025\/01\/25\/vicente-sanchez-de-aguilas-y-la-region-muchos-dicen-que-es-un-paraiso-una-zona-diferente-que-quien-la-visita-se-queda\/#article","isPartOf":{"@id":"https:\/\/arealorcaradio.es\/index.php\/2025\/01\/25\/vicente-sanchez-de-aguilas-y-la-region-muchos-dicen-que-es-un-paraiso-una-zona-diferente-que-quien-la-visita-se-queda\/"},"author":{"name":"Paco S\u00e1nchez","@id":"https:\/\/arealorcaradio.es\/#\/schema\/person\/9fae605fc25b0f2c83c1ab207139bd27"},"headline":"Vicente S\u00e1nchez: \u00abDe \u00c1guilas y la regi\u00f3n muchos dicen que es un para\u00edso, una zona diferente que qui\u00e9n la visita se queda\u00bb","datePublished":"2025-01-25T11:35:29+00:00","mainEntityOfPage":{"@id":"https:\/\/arealorcaradio.es\/index.php\/2025\/01\/25\/vicente-sanchez-de-aguilas-y-la-region-muchos-dicen-que-es-un-paraiso-una-zona-diferente-que-quien-la-visita-se-queda\/"},"wordCount":217,"commentCount":0,"image":{"@id":"https:\/\/arealorcaradio.es\/index.php\/2025\/01\/25\/vicente-sanchez-de-aguilas-y-la-region-muchos-dicen-que-es-un-paraiso-una-zona-diferente-que-quien-la-visita-se-queda\/#primaryimage"},"thumbnailUrl":"https:\/\/arealorcaradio.es\/wp-content\/uploads\/2025\/01\/20250124_111221-scaled.jpg","articleSection":["\u00c1GUILAS","CAMPA\u00d1A POLITICA"],"inLanguage":"es","potentialAction":[{"@type":"CommentAction","name":"Comment","target":["https:\/\/arealorcaradio.es\/index.php\/2025\/01\/25\/vicente-sanchez-de-aguilas-y-la-region-muchos-dicen-que-es-un-paraiso-una-zona-diferente-que-quien-la-visita-se-queda\/#respond"]}]},{"@type":"WebPage","@id":"https:\/\/arealorcaradio.es\/index.php\/2025\/01\/25\/vicente-sanchez-de-aguilas-y-la-region-muchos-dicen-que-es-un-paraiso-una-zona-diferente-que-quien-la-visita-se-queda\/","url":"https:\/\/arealorcaradio.es\/index.php\/2025\/01\/25\/vicente-sanchez-de-aguilas-y-la-region-muchos-dicen-que-es-un-paraiso-una-zona-diferente-que-quien-la-visita-se-queda\/","name":"Vicente S\u00e1nchez: \"De \u00c1guilas y la regi\u00f3n muchos dicen que es un para\u00edso, una zona diferente que qui\u00e9n la visita se queda\" - AREA LORCA RADIO","isPartOf":{"@id":"https:\/\/arealorcaradio.es\/#website"},"primaryImageOfPage":{"@id":"https:\/\/arealorcaradio.es\/index.php\/2025\/01\/25\/vicente-sanchez-de-aguilas-y-la-region-muchos-dicen-que-es-un-paraiso-una-zona-diferente-que-quien-la-visita-se-queda\/#primaryimage"},"image":{"@id":"https:\/\/arealorcaradio.es\/index.php\/2025\/01\/25\/vicente-sanchez-de-aguilas-y-la-region-muchos-dicen-que-es-un-paraiso-una-zona-diferente-que-quien-la-visita-se-queda\/#primaryimage"},"thumbnailUrl":"https:\/\/arealorcaradio.es\/wp-content\/uploads\/2025\/01\/20250124_111221-scaled.jpg","datePublished":"2025-01-25T11:35:29+00:00","author":{"@id":"https:\/\/arealorcaradio.es\/#\/schema\/person\/9fae605fc25b0f2c83c1ab207139bd27"},"breadcrumb":{"@id":"https:\/\/arealorcaradio.es\/index.php\/2025\/01\/25\/vicente-sanchez-de-aguilas-y-la-region-muchos-dicen-que-es-un-paraiso-una-zona-diferente-que-quien-la-visita-se-queda\/#breadcrumb"},"inLanguage":"es","potentialAction":[{"@type":"ReadAction","target":["https:\/\/arealorcaradio.es\/index.php\/2025\/01\/25\/vicente-sanchez-de-aguilas-y-la-region-muchos-dicen-que-es-un-paraiso-una-zona-diferente-que-quien-la-visita-se-queda\/"]}]},{"@type":"ImageObject","inLanguage":"es","@id":"https:\/\/arealorcaradio.es\/index.php\/2025\/01\/25\/vicente-sanchez-de-aguilas-y-la-region-muchos-dicen-que-es-un-paraiso-una-zona-diferente-que-quien-la-visita-se-queda\/#primaryimage","url":"https:\/\/arealorcaradio.es\/wp-content\/uploads\/2025\/01\/20250124_111221-scaled.jpg","contentUrl":"https:\/\/arealorcaradio.es\/wp-content\/uploads\/2025\/01\/20250124_111221-scaled.jpg","width":2560,"height":1920},{"@type":"BreadcrumbList","@id":"https:\/\/arealorcaradio.es\/index.php\/2025\/01\/25\/vicente-sanchez-de-aguilas-y-la-region-muchos-dicen-que-es-un-paraiso-una-zona-diferente-que-quien-la-visita-se-queda\/#breadcrumb","itemListElement":[{"@type":"ListItem","position":1,"name":"Portada","item":"https:\/\/arealorcaradio.es\/"},{"@type":"ListItem","position":2,"name":"Vicente S\u00e1nchez: \u00abDe \u00c1guilas y la regi\u00f3n muchos dicen que es un para\u00edso, una zona diferente que qui\u00e9n la visita se queda\u00bb"}]},{"@type":"WebSite","@id":"https:\/\/arealorcaradio.es\/#website","url":"https:\/\/arealorcaradio.es\/","name":"AREA LORCA RADIO","description":"Descubre la programaci\u00f3n actual en \u00c1rea Lorca Radio, tu fuente de entrenamiento y noticias locales. Sintoniza ahora y mantente conectado online.","potentialAction":[{"@type":"SearchAction","target":{"@type":"EntryPoint","urlTemplate":"https:\/\/arealorcaradio.es\/?s={search_term_string}"},"query-input":{"@type":"PropertyValueSpecification","valueRequired":true,"valueName":"search_term_string"}}],"inLanguage":"es"},{"@type":"Person","@id":"https:\/\/arealorcaradio.es\/#\/schema\/person\/9fae605fc25b0f2c83c1ab207139bd27","name":"Paco S\u00e1nchez","image":{"@type":"ImageObject","inLanguage":"es","@id":"https:\/\/secure.gravatar.com\/avatar\/d67144e966420fb74aa84c9f2a0103be4724fd14db52b52d3b6bca749f257e79?s=96&d=mm&r=g","url":"https:\/\/secure.gravatar.com\/avatar\/d67144e966420fb74aa84c9f2a0103be4724fd14db52b52d3b6bca749f257e79?s=96&d=mm&r=g","contentUrl":"https:\/\/secure.gravatar.com\/avatar\/d67144e966420fb74aa84c9f2a0103be4724fd14db52b52d3b6bca749f257e79?s=96&d=mm&r=g","caption":"Paco S\u00e1nchez"},"sameAs":["https:\/\/arealorcaradio.es"],"url":"https:\/\/arealorcaradio.es\/index.php\/author\/admin_alorcaradio\/"}]}},"_links":{"self":[{"href":"https:\/\/arealorcaradio.es\/index.php\/wp-json\/wp\/v2\/posts\/5353","targetHints":{"allow":["GET"]}}],"collection":[{"href":"https:\/\/arealorcaradio.es\/index.php\/wp-json\/wp\/v2\/posts"}],"about":[{"href":"https:\/\/arealorcaradio.es\/index.php\/wp-json\/wp\/v2\/types\/post"}],"author":[{"embeddable":true,"href":"https:\/\/arealorcaradio.es\/index.php\/wp-json\/wp\/v2\/users\/1"}],"replies":[{"embeddable":true,"href":"https:\/\/arealorcaradio.es\/index.php\/wp-json\/wp\/v2\/comments?post=5353"}],"version-history":[{"count":2,"href":"https:\/\/arealorcaradio.es\/index.php\/wp-json\/wp\/v2\/posts\/5353\/revisions"}],"predecessor-version":[{"id":5358,"href":"https:\/\/arealorcaradio.es\/index.php\/wp-json\/wp\/v2\/posts\/5353\/revisions\/5358"}],"wp:featuredmedia":[{"embeddable":true,"href":"https:\/\/arealorcaradio.es\/index.php\/wp-json\/wp\/v2\/media\/5355"}],"wp:attachment":[{"href":"https:\/\/arealorcaradio.es\/index.php\/wp-json\/wp\/v2\/media?parent=5353"}],"wp:term":[{"taxonomy":"category","embeddable":true,"href":"https:\/\/arealorcaradio.es\/index.php\/wp-json\/wp\/v2\/categories?post=5353"},{"taxonomy":"post_tag","embeddable":true,"href":"https:\/\/arealorcaradio.es\/index.php\/wp-json\/wp\/v2\/tags?post=5353"}],"curies":[{"name":"wp","href":"https:\/\/api.w.org\/{rel}","templated":true}]}}