{"id":5337,"date":"2025-01-24T15:38:31","date_gmt":"2025-01-24T15:38:31","guid":{"rendered":"https:\/\/arealorcaradio.es\/?p=5337"},"modified":"2025-01-24T15:38:31","modified_gmt":"2025-01-24T15:38:31","slug":"la-localidad-madrilena-de-villaviciosa-de-odon-se-vuelca-con-la-ela","status":"publish","type":"post","link":"https:\/\/arealorcaradio.es\/index.php\/2025\/01\/24\/la-localidad-madrilena-de-villaviciosa-de-odon-se-vuelca-con-la-ela\/","title":{"rendered":"La localidad madrile\u00f1a de Villaviciosa de Od\u00f3n se vuelca con la ELA"},"content":{"rendered":"<p>\u00c1REA LORCA RADIO.<\/p>\n<p>Aprovechando la estancia de \u00c1rea Lorca Radio por Fitur, Paco S\u00e1nchez se ha desplazado hasta el stand de de la localidad madrile\u00f1a de Villaviciosa de Od\u00f3n.<\/p>\n<p>Desaf\u00edo ELA es un evento solidario que no solo busca promover el deporte y la vida saludable, sino que tambi\u00e9n tiene como objetivo generar conciencia y recaudar fondos para la lucha contra la Esclerosis Lateral Amiotr\u00f3fica (ELA)<\/p>\n<p>Hemos hablado con dos de las responsables de este Desaf\u00edo ELA, Nuria Rozas y Lorena Flores quienes nos han hablado del principal objetivo de este evento que espera contar con atletas de toda Espa\u00f1a, as\u00ed como con la colaboraci\u00f3n de todos aquellos que quieran aportar su granito de arena a esta importante causa. Desde \u00c1rea Lorca radio nos hacemos eco de este llamamiento y animamos a los atletas del Valle del Guadalent\u00edn y de la regi\u00f3n de Murcia a estar en Villaviciosa de Od\u00f3n el pr\u00f3ximo 25 de abril.<\/p>\n<audio class=\"wp-audio-shortcode\" id=\"audio-5337-1\" preload=\"none\" style=\"width: 100%;\" controls=\"controls\"><source type=\"audio\/mpeg\" src=\"https:\/\/arealorcaradio.es\/wp-content\/uploads\/2025\/01\/Entrevista-ELA.-Villaviciosa-de-Odon.mp3?_=1\" \/><a href=\"https:\/\/arealorcaradio.es\/wp-content\/uploads\/2025\/01\/Entrevista-ELA.-Villaviciosa-de-Odon.mp3\">https:\/\/arealorcaradio.es\/wp-content\/uploads\/2025\/01\/Entrevista-ELA.-Villaviciosa-de-Odon.mp3<\/a><\/audio>\n<p><img loading=\"lazy\" decoding=\"async\" class=\"alignnone size-medium wp-image-5339\" src=\"https:\/\/arealorcaradio.es\/wp-content\/uploads\/2025\/01\/IMG_2008-300x225.jpeg\" alt=\"\" width=\"300\" height=\"225\" srcset=\"https:\/\/arealorcaradio.es\/wp-content\/uploads\/2025\/01\/IMG_2008-300x225.jpeg 300w, https:\/\/arealorcaradio.es\/wp-content\/uploads\/2025\/01\/IMG_2008-1024x768.jpeg 1024w, https:\/\/arealorcaradio.es\/wp-content\/uploads\/2025\/01\/IMG_2008-768x576.jpeg 768w, https:\/\/arealorcaradio.es\/wp-content\/uploads\/2025\/01\/IMG_2008-1536x1152.jpeg 1536w, https:\/\/arealorcaradio.es\/wp-content\/uploads\/2025\/01\/IMG_2008-2048x1536.jpeg 2048w, https:\/\/arealorcaradio.es\/wp-content\/uploads\/2025\/01\/IMG_2008-86x64.jpeg 86w\" sizes=\"auto, (max-width: 300px) 100vw, 300px\" \/><\/p>\n","protected":false},"excerpt":{"rendered":"<p>\u00c1REA LORCA RADIO. Aprovechando la estancia de \u00c1rea Lorca Radio por Fitur, Paco S\u00e1nchez se ha desplazado hasta el stand de de la localidad madrile\u00f1a de Villaviciosa de Od\u00f3n. Desaf\u00edo ELA es un evento solidario que no solo busca promover el deporte y la vida saludable, sino que tambi\u00e9n tiene como objetivo generar conciencia y [&hellip;]<\/p>\n","protected":false},"author":1,"featured_media":5341,"comment_status":"open","ping_status":"open","sticky":false,"template":"","format":"standard","meta":{"iawp_total_views":46,"footnotes":""},"categories":[5,4],"tags":[],"class_list":["post-5337","post","type-post","status-publish","format-standard","has-post-thumbnail","hentry","category-actualidad","category-deportes"],"yoast_head":"<!-- This site is optimized with the Yoast SEO plugin v27.5 - https:\/\/yoast.com\/product\/yoast-seo-wordpress\/ -->\n<title>La localidad madrile\u00f1a de Villaviciosa de Od\u00f3n se vuelca con la ELA - AREA LORCA RADIO<\/title>\n<meta name=\"robots\" content=\"index, follow, max-snippet:-1, max-image-preview:large, max-video-preview:-1\" \/>\n<link rel=\"canonical\" href=\"https:\/\/arealorcaradio.es\/index.php\/2025\/01\/24\/la-localidad-madrilena-de-villaviciosa-de-odon-se-vuelca-con-la-ela\/\" \/>\n<meta property=\"og:locale\" content=\"es_ES\" \/>\n<meta property=\"og:type\" content=\"article\" \/>\n<meta property=\"og:title\" content=\"La localidad madrile\u00f1a de Villaviciosa de Od\u00f3n se vuelca con la ELA - AREA LORCA RADIO\" \/>\n<meta property=\"og:description\" content=\"\u00c1REA LORCA RADIO. Aprovechando la estancia de \u00c1rea Lorca Radio por Fitur, Paco S\u00e1nchez se ha desplazado hasta el stand de de la localidad madrile\u00f1a de Villaviciosa de Od\u00f3n. Desaf\u00edo ELA es un evento solidario que no solo busca promover el deporte y la vida saludable, sino que tambi\u00e9n tiene como objetivo generar conciencia y [&hellip;]\" \/>\n<meta property=\"og:url\" content=\"https:\/\/arealorcaradio.es\/index.php\/2025\/01\/24\/la-localidad-madrilena-de-villaviciosa-de-odon-se-vuelca-con-la-ela\/\" \/>\n<meta property=\"og:site_name\" content=\"AREA LORCA RADIO\" \/>\n<meta property=\"article:published_time\" content=\"2025-01-24T15:38:31+00:00\" \/>\n<meta property=\"og:image\" content=\"https:\/\/arealorcaradio.es\/wp-content\/uploads\/2025\/01\/IMG-20250124-WA0050.jpg\" \/>\n\t<meta property=\"og:image:width\" content=\"2048\" \/>\n\t<meta property=\"og:image:height\" content=\"1536\" \/>\n\t<meta property=\"og:image:type\" content=\"image\/jpeg\" \/>\n<meta name=\"author\" content=\"Paco S\u00e1nchez\" \/>\n<meta name=\"twitter:card\" content=\"summary_large_image\" \/>\n<meta name=\"twitter:label1\" content=\"Escrito por\" \/>\n\t<meta name=\"twitter:data1\" content=\"Paco S\u00e1nchez\" \/>\n\t<meta name=\"twitter:label2\" content=\"Tiempo de lectura\" \/>\n\t<meta name=\"twitter:data2\" content=\"2 minutos\" \/>\n<script type=\"application\/ld+json\" class=\"yoast-schema-graph\">{\"@context\":\"https:\\\/\\\/schema.org\",\"@graph\":[{\"@type\":\"Article\",\"@id\":\"https:\\\/\\\/arealorcaradio.es\\\/index.php\\\/2025\\\/01\\\/24\\\/la-localidad-madrilena-de-villaviciosa-de-odon-se-vuelca-con-la-ela\\\/#article\",\"isPartOf\":{\"@id\":\"https:\\\/\\\/arealorcaradio.es\\\/index.php\\\/2025\\\/01\\\/24\\\/la-localidad-madrilena-de-villaviciosa-de-odon-se-vuelca-con-la-ela\\\/\"},\"author\":{\"name\":\"Paco S\u00e1nchez\",\"@id\":\"https:\\\/\\\/arealorcaradio.es\\\/#\\\/schema\\\/person\\\/9fae605fc25b0f2c83c1ab207139bd27\"},\"headline\":\"La localidad madrile\u00f1a de Villaviciosa de Od\u00f3n se vuelca con la ELA\",\"datePublished\":\"2025-01-24T15:38:31+00:00\",\"mainEntityOfPage\":{\"@id\":\"https:\\\/\\\/arealorcaradio.es\\\/index.php\\\/2025\\\/01\\\/24\\\/la-localidad-madrilena-de-villaviciosa-de-odon-se-vuelca-con-la-ela\\\/\"},\"wordCount\":192,\"commentCount\":0,\"image\":{\"@id\":\"https:\\\/\\\/arealorcaradio.es\\\/index.php\\\/2025\\\/01\\\/24\\\/la-localidad-madrilena-de-villaviciosa-de-odon-se-vuelca-con-la-ela\\\/#primaryimage\"},\"thumbnailUrl\":\"https:\\\/\\\/arealorcaradio.es\\\/wp-content\\\/uploads\\\/2025\\\/01\\\/IMG-20250124-WA0050.jpg\",\"articleSection\":[\"ACTUALIDAD\",\"DEPORTES\"],\"inLanguage\":\"es\",\"potentialAction\":[{\"@type\":\"CommentAction\",\"name\":\"Comment\",\"target\":[\"https:\\\/\\\/arealorcaradio.es\\\/index.php\\\/2025\\\/01\\\/24\\\/la-localidad-madrilena-de-villaviciosa-de-odon-se-vuelca-con-la-ela\\\/#respond\"]}]},{\"@type\":\"WebPage\",\"@id\":\"https:\\\/\\\/arealorcaradio.es\\\/index.php\\\/2025\\\/01\\\/24\\\/la-localidad-madrilena-de-villaviciosa-de-odon-se-vuelca-con-la-ela\\\/\",\"url\":\"https:\\\/\\\/arealorcaradio.es\\\/index.php\\\/2025\\\/01\\\/24\\\/la-localidad-madrilena-de-villaviciosa-de-odon-se-vuelca-con-la-ela\\\/\",\"name\":\"La localidad madrile\u00f1a de Villaviciosa de Od\u00f3n se vuelca con la ELA - AREA LORCA RADIO\",\"isPartOf\":{\"@id\":\"https:\\\/\\\/arealorcaradio.es\\\/#website\"},\"primaryImageOfPage\":{\"@id\":\"https:\\\/\\\/arealorcaradio.es\\\/index.php\\\/2025\\\/01\\\/24\\\/la-localidad-madrilena-de-villaviciosa-de-odon-se-vuelca-con-la-ela\\\/#primaryimage\"},\"image\":{\"@id\":\"https:\\\/\\\/arealorcaradio.es\\\/index.php\\\/2025\\\/01\\\/24\\\/la-localidad-madrilena-de-villaviciosa-de-odon-se-vuelca-con-la-ela\\\/#primaryimage\"},\"thumbnailUrl\":\"https:\\\/\\\/arealorcaradio.es\\\/wp-content\\\/uploads\\\/2025\\\/01\\\/IMG-20250124-WA0050.jpg\",\"datePublished\":\"2025-01-24T15:38:31+00:00\",\"author\":{\"@id\":\"https:\\\/\\\/arealorcaradio.es\\\/#\\\/schema\\\/person\\\/9fae605fc25b0f2c83c1ab207139bd27\"},\"breadcrumb\":{\"@id\":\"https:\\\/\\\/arealorcaradio.es\\\/index.php\\\/2025\\\/01\\\/24\\\/la-localidad-madrilena-de-villaviciosa-de-odon-se-vuelca-con-la-ela\\\/#breadcrumb\"},\"inLanguage\":\"es\",\"potentialAction\":[{\"@type\":\"ReadAction\",\"target\":[\"https:\\\/\\\/arealorcaradio.es\\\/index.php\\\/2025\\\/01\\\/24\\\/la-localidad-madrilena-de-villaviciosa-de-odon-se-vuelca-con-la-ela\\\/\"]}]},{\"@type\":\"ImageObject\",\"inLanguage\":\"es\",\"@id\":\"https:\\\/\\\/arealorcaradio.es\\\/index.php\\\/2025\\\/01\\\/24\\\/la-localidad-madrilena-de-villaviciosa-de-odon-se-vuelca-con-la-ela\\\/#primaryimage\",\"url\":\"https:\\\/\\\/arealorcaradio.es\\\/wp-content\\\/uploads\\\/2025\\\/01\\\/IMG-20250124-WA0050.jpg\",\"contentUrl\":\"https:\\\/\\\/arealorcaradio.es\\\/wp-content\\\/uploads\\\/2025\\\/01\\\/IMG-20250124-WA0050.jpg\",\"width\":2048,\"height\":1536},{\"@type\":\"BreadcrumbList\",\"@id\":\"https:\\\/\\\/arealorcaradio.es\\\/index.php\\\/2025\\\/01\\\/24\\\/la-localidad-madrilena-de-villaviciosa-de-odon-se-vuelca-con-la-ela\\\/#breadcrumb\",\"itemListElement\":[{\"@type\":\"ListItem\",\"position\":1,\"name\":\"Portada\",\"item\":\"https:\\\/\\\/arealorcaradio.es\\\/\"},{\"@type\":\"ListItem\",\"position\":2,\"name\":\"La localidad madrile\u00f1a de Villaviciosa de Od\u00f3n se vuelca con la ELA\"}]},{\"@type\":\"WebSite\",\"@id\":\"https:\\\/\\\/arealorcaradio.es\\\/#website\",\"url\":\"https:\\\/\\\/arealorcaradio.es\\\/\",\"name\":\"AREA LORCA RADIO\",\"description\":\"Descubre la programaci\u00f3n actual en \u00c1rea Lorca Radio, tu fuente de entrenamiento y noticias locales. Sintoniza ahora y mantente conectado online.\",\"potentialAction\":[{\"@type\":\"SearchAction\",\"target\":{\"@type\":\"EntryPoint\",\"urlTemplate\":\"https:\\\/\\\/arealorcaradio.es\\\/?s={search_term_string}\"},\"query-input\":{\"@type\":\"PropertyValueSpecification\",\"valueRequired\":true,\"valueName\":\"search_term_string\"}}],\"inLanguage\":\"es\"},{\"@type\":\"Person\",\"@id\":\"https:\\\/\\\/arealorcaradio.es\\\/#\\\/schema\\\/person\\\/9fae605fc25b0f2c83c1ab207139bd27\",\"name\":\"Paco S\u00e1nchez\",\"image\":{\"@type\":\"ImageObject\",\"inLanguage\":\"es\",\"@id\":\"https:\\\/\\\/secure.gravatar.com\\\/avatar\\\/d67144e966420fb74aa84c9f2a0103be4724fd14db52b52d3b6bca749f257e79?s=96&d=mm&r=g\",\"url\":\"https:\\\/\\\/secure.gravatar.com\\\/avatar\\\/d67144e966420fb74aa84c9f2a0103be4724fd14db52b52d3b6bca749f257e79?s=96&d=mm&r=g\",\"contentUrl\":\"https:\\\/\\\/secure.gravatar.com\\\/avatar\\\/d67144e966420fb74aa84c9f2a0103be4724fd14db52b52d3b6bca749f257e79?s=96&d=mm&r=g\",\"caption\":\"Paco S\u00e1nchez\"},\"sameAs\":[\"https:\\\/\\\/arealorcaradio.es\"],\"url\":\"https:\\\/\\\/arealorcaradio.es\\\/index.php\\\/author\\\/admin_alorcaradio\\\/\"}]}<\/script>\n<!-- \/ Yoast SEO plugin. -->","yoast_head_json":{"title":"La localidad madrile\u00f1a de Villaviciosa de Od\u00f3n se vuelca con la ELA - AREA LORCA RADIO","robots":{"index":"index","follow":"follow","max-snippet":"max-snippet:-1","max-image-preview":"max-image-preview:large","max-video-preview":"max-video-preview:-1"},"canonical":"https:\/\/arealorcaradio.es\/index.php\/2025\/01\/24\/la-localidad-madrilena-de-villaviciosa-de-odon-se-vuelca-con-la-ela\/","og_locale":"es_ES","og_type":"article","og_title":"La localidad madrile\u00f1a de Villaviciosa de Od\u00f3n se vuelca con la ELA - AREA LORCA RADIO","og_description":"\u00c1REA LORCA RADIO. Aprovechando la estancia de \u00c1rea Lorca Radio por Fitur, Paco S\u00e1nchez se ha desplazado hasta el stand de de la localidad madrile\u00f1a de Villaviciosa de Od\u00f3n. Desaf\u00edo ELA es un evento solidario que no solo busca promover el deporte y la vida saludable, sino que tambi\u00e9n tiene como objetivo generar conciencia y [&hellip;]","og_url":"https:\/\/arealorcaradio.es\/index.php\/2025\/01\/24\/la-localidad-madrilena-de-villaviciosa-de-odon-se-vuelca-con-la-ela\/","og_site_name":"AREA LORCA RADIO","article_published_time":"2025-01-24T15:38:31+00:00","og_image":[{"width":2048,"height":1536,"url":"https:\/\/arealorcaradio.es\/wp-content\/uploads\/2025\/01\/IMG-20250124-WA0050.jpg","type":"image\/jpeg"}],"author":"Paco S\u00e1nchez","twitter_card":"summary_large_image","twitter_misc":{"Escrito por":"Paco S\u00e1nchez","Tiempo de lectura":"2 minutos"},"schema":{"@context":"https:\/\/schema.org","@graph":[{"@type":"Article","@id":"https:\/\/arealorcaradio.es\/index.php\/2025\/01\/24\/la-localidad-madrilena-de-villaviciosa-de-odon-se-vuelca-con-la-ela\/#article","isPartOf":{"@id":"https:\/\/arealorcaradio.es\/index.php\/2025\/01\/24\/la-localidad-madrilena-de-villaviciosa-de-odon-se-vuelca-con-la-ela\/"},"author":{"name":"Paco S\u00e1nchez","@id":"https:\/\/arealorcaradio.es\/#\/schema\/person\/9fae605fc25b0f2c83c1ab207139bd27"},"headline":"La localidad madrile\u00f1a de Villaviciosa de Od\u00f3n se vuelca con la ELA","datePublished":"2025-01-24T15:38:31+00:00","mainEntityOfPage":{"@id":"https:\/\/arealorcaradio.es\/index.php\/2025\/01\/24\/la-localidad-madrilena-de-villaviciosa-de-odon-se-vuelca-con-la-ela\/"},"wordCount":192,"commentCount":0,"image":{"@id":"https:\/\/arealorcaradio.es\/index.php\/2025\/01\/24\/la-localidad-madrilena-de-villaviciosa-de-odon-se-vuelca-con-la-ela\/#primaryimage"},"thumbnailUrl":"https:\/\/arealorcaradio.es\/wp-content\/uploads\/2025\/01\/IMG-20250124-WA0050.jpg","articleSection":["ACTUALIDAD","DEPORTES"],"inLanguage":"es","potentialAction":[{"@type":"CommentAction","name":"Comment","target":["https:\/\/arealorcaradio.es\/index.php\/2025\/01\/24\/la-localidad-madrilena-de-villaviciosa-de-odon-se-vuelca-con-la-ela\/#respond"]}]},{"@type":"WebPage","@id":"https:\/\/arealorcaradio.es\/index.php\/2025\/01\/24\/la-localidad-madrilena-de-villaviciosa-de-odon-se-vuelca-con-la-ela\/","url":"https:\/\/arealorcaradio.es\/index.php\/2025\/01\/24\/la-localidad-madrilena-de-villaviciosa-de-odon-se-vuelca-con-la-ela\/","name":"La localidad madrile\u00f1a de Villaviciosa de Od\u00f3n se vuelca con la ELA - AREA LORCA RADIO","isPartOf":{"@id":"https:\/\/arealorcaradio.es\/#website"},"primaryImageOfPage":{"@id":"https:\/\/arealorcaradio.es\/index.php\/2025\/01\/24\/la-localidad-madrilena-de-villaviciosa-de-odon-se-vuelca-con-la-ela\/#primaryimage"},"image":{"@id":"https:\/\/arealorcaradio.es\/index.php\/2025\/01\/24\/la-localidad-madrilena-de-villaviciosa-de-odon-se-vuelca-con-la-ela\/#primaryimage"},"thumbnailUrl":"https:\/\/arealorcaradio.es\/wp-content\/uploads\/2025\/01\/IMG-20250124-WA0050.jpg","datePublished":"2025-01-24T15:38:31+00:00","author":{"@id":"https:\/\/arealorcaradio.es\/#\/schema\/person\/9fae605fc25b0f2c83c1ab207139bd27"},"breadcrumb":{"@id":"https:\/\/arealorcaradio.es\/index.php\/2025\/01\/24\/la-localidad-madrilena-de-villaviciosa-de-odon-se-vuelca-con-la-ela\/#breadcrumb"},"inLanguage":"es","potentialAction":[{"@type":"ReadAction","target":["https:\/\/arealorcaradio.es\/index.php\/2025\/01\/24\/la-localidad-madrilena-de-villaviciosa-de-odon-se-vuelca-con-la-ela\/"]}]},{"@type":"ImageObject","inLanguage":"es","@id":"https:\/\/arealorcaradio.es\/index.php\/2025\/01\/24\/la-localidad-madrilena-de-villaviciosa-de-odon-se-vuelca-con-la-ela\/#primaryimage","url":"https:\/\/arealorcaradio.es\/wp-content\/uploads\/2025\/01\/IMG-20250124-WA0050.jpg","contentUrl":"https:\/\/arealorcaradio.es\/wp-content\/uploads\/2025\/01\/IMG-20250124-WA0050.jpg","width":2048,"height":1536},{"@type":"BreadcrumbList","@id":"https:\/\/arealorcaradio.es\/index.php\/2025\/01\/24\/la-localidad-madrilena-de-villaviciosa-de-odon-se-vuelca-con-la-ela\/#breadcrumb","itemListElement":[{"@type":"ListItem","position":1,"name":"Portada","item":"https:\/\/arealorcaradio.es\/"},{"@type":"ListItem","position":2,"name":"La localidad madrile\u00f1a de Villaviciosa de Od\u00f3n se vuelca con la ELA"}]},{"@type":"WebSite","@id":"https:\/\/arealorcaradio.es\/#website","url":"https:\/\/arealorcaradio.es\/","name":"AREA LORCA RADIO","description":"Descubre la programaci\u00f3n actual en \u00c1rea Lorca Radio, tu fuente de entrenamiento y noticias locales. Sintoniza ahora y mantente conectado online.","potentialAction":[{"@type":"SearchAction","target":{"@type":"EntryPoint","urlTemplate":"https:\/\/arealorcaradio.es\/?s={search_term_string}"},"query-input":{"@type":"PropertyValueSpecification","valueRequired":true,"valueName":"search_term_string"}}],"inLanguage":"es"},{"@type":"Person","@id":"https:\/\/arealorcaradio.es\/#\/schema\/person\/9fae605fc25b0f2c83c1ab207139bd27","name":"Paco S\u00e1nchez","image":{"@type":"ImageObject","inLanguage":"es","@id":"https:\/\/secure.gravatar.com\/avatar\/d67144e966420fb74aa84c9f2a0103be4724fd14db52b52d3b6bca749f257e79?s=96&d=mm&r=g","url":"https:\/\/secure.gravatar.com\/avatar\/d67144e966420fb74aa84c9f2a0103be4724fd14db52b52d3b6bca749f257e79?s=96&d=mm&r=g","contentUrl":"https:\/\/secure.gravatar.com\/avatar\/d67144e966420fb74aa84c9f2a0103be4724fd14db52b52d3b6bca749f257e79?s=96&d=mm&r=g","caption":"Paco S\u00e1nchez"},"sameAs":["https:\/\/arealorcaradio.es"],"url":"https:\/\/arealorcaradio.es\/index.php\/author\/admin_alorcaradio\/"}]}},"_links":{"self":[{"href":"https:\/\/arealorcaradio.es\/index.php\/wp-json\/wp\/v2\/posts\/5337","targetHints":{"allow":["GET"]}}],"collection":[{"href":"https:\/\/arealorcaradio.es\/index.php\/wp-json\/wp\/v2\/posts"}],"about":[{"href":"https:\/\/arealorcaradio.es\/index.php\/wp-json\/wp\/v2\/types\/post"}],"author":[{"embeddable":true,"href":"https:\/\/arealorcaradio.es\/index.php\/wp-json\/wp\/v2\/users\/1"}],"replies":[{"embeddable":true,"href":"https:\/\/arealorcaradio.es\/index.php\/wp-json\/wp\/v2\/comments?post=5337"}],"version-history":[{"count":2,"href":"https:\/\/arealorcaradio.es\/index.php\/wp-json\/wp\/v2\/posts\/5337\/revisions"}],"predecessor-version":[{"id":5343,"href":"https:\/\/arealorcaradio.es\/index.php\/wp-json\/wp\/v2\/posts\/5337\/revisions\/5343"}],"wp:featuredmedia":[{"embeddable":true,"href":"https:\/\/arealorcaradio.es\/index.php\/wp-json\/wp\/v2\/media\/5341"}],"wp:attachment":[{"href":"https:\/\/arealorcaradio.es\/index.php\/wp-json\/wp\/v2\/media?parent=5337"}],"wp:term":[{"taxonomy":"category","embeddable":true,"href":"https:\/\/arealorcaradio.es\/index.php\/wp-json\/wp\/v2\/categories?post=5337"},{"taxonomy":"post_tag","embeddable":true,"href":"https:\/\/arealorcaradio.es\/index.php\/wp-json\/wp\/v2\/tags?post=5337"}],"curies":[{"name":"wp","href":"https:\/\/api.w.org\/{rel}","templated":true}]}}