{"id":5262,"date":"2025-01-22T21:17:49","date_gmt":"2025-01-22T21:17:49","guid":{"rendered":"https:\/\/arealorcaradio.es\/?p=5262"},"modified":"2025-01-22T21:17:49","modified_gmt":"2025-01-22T21:17:49","slug":"miriam-alegria-tras-ser-invitada-a-la-semana-santa-de-lorca-el-pasado-ano-puedo-decir-que-me-siento-lorquina-de-adopcion","status":"publish","type":"post","link":"https:\/\/arealorcaradio.es\/index.php\/2025\/01\/22\/miriam-alegria-tras-ser-invitada-a-la-semana-santa-de-lorca-el-pasado-ano-puedo-decir-que-me-siento-lorquina-de-adopcion\/","title":{"rendered":"Miriam Alegr\u00eda: \u00abTras ser invitada a la Semana Santa de Lorca el pasado a\u00f1o puedo decir que me siento lorquina de adopci\u00f3n\u00bb"},"content":{"rendered":"<p>\u00c1REA LORCA RADIO.<\/p>\n<p>Una de las embajadoras de la Regi\u00f3n de Murcia en Fitur 2025 es la creadora de contenidos Miriam Alegr\u00eda. En la jornada inaugural de la Feria Internacional de Turismo Fitur 2025, Miriam Alegr\u00eda atend\u00eda a Paco S\u00e1nchez de \u00c1rea Lorca Radio para hablar de lo mucho de lo que puede presumir la regi\u00f3n, pero Alegr\u00eda lo tiene claro, lo mejor de la regi\u00f3n son sus gentes. Escucha aqu\u00ed sus declaraciones.<\/p>\n<audio class=\"wp-audio-shortcode\" id=\"audio-5262-1\" preload=\"none\" style=\"width: 100%;\" controls=\"controls\"><source type=\"audio\/mpeg\" src=\"https:\/\/arealorcaradio.es\/wp-content\/uploads\/2025\/01\/220125-MIRIAM-ALEGRIA.-CREADORA-DE-CONTENIDOS.-FITUR.mp3?_=1\" \/><a href=\"https:\/\/arealorcaradio.es\/wp-content\/uploads\/2025\/01\/220125-MIRIAM-ALEGRIA.-CREADORA-DE-CONTENIDOS.-FITUR.mp3\">https:\/\/arealorcaradio.es\/wp-content\/uploads\/2025\/01\/220125-MIRIAM-ALEGRIA.-CREADORA-DE-CONTENIDOS.-FITUR.mp3<\/a><\/audio>\n<p><img loading=\"lazy\" decoding=\"async\" class=\"alignnone size-medium wp-image-5265\" src=\"https:\/\/arealorcaradio.es\/wp-content\/uploads\/2025\/01\/IMG-20250122-WA0057-300x225.jpg\" alt=\"\" width=\"300\" height=\"225\" srcset=\"https:\/\/arealorcaradio.es\/wp-content\/uploads\/2025\/01\/IMG-20250122-WA0057-300x225.jpg 300w, https:\/\/arealorcaradio.es\/wp-content\/uploads\/2025\/01\/IMG-20250122-WA0057-1024x768.jpg 1024w, https:\/\/arealorcaradio.es\/wp-content\/uploads\/2025\/01\/IMG-20250122-WA0057-768x576.jpg 768w, https:\/\/arealorcaradio.es\/wp-content\/uploads\/2025\/01\/IMG-20250122-WA0057-1536x1152.jpg 1536w, https:\/\/arealorcaradio.es\/wp-content\/uploads\/2025\/01\/IMG-20250122-WA0057-86x64.jpg 86w, https:\/\/arealorcaradio.es\/wp-content\/uploads\/2025\/01\/IMG-20250122-WA0057.jpg 1600w\" sizes=\"auto, (max-width: 300px) 100vw, 300px\" \/><\/p>\n","protected":false},"excerpt":{"rendered":"<p>\u00c1REA LORCA RADIO. Una de las embajadoras de la Regi\u00f3n de Murcia en Fitur 2025 es la creadora de contenidos Miriam Alegr\u00eda. En la jornada inaugural de la Feria Internacional de Turismo Fitur 2025, Miriam Alegr\u00eda atend\u00eda a Paco S\u00e1nchez de \u00c1rea Lorca Radio para hablar de lo mucho de lo que puede presumir la [&hellip;]<\/p>\n","protected":false},"author":1,"featured_media":5264,"comment_status":"open","ping_status":"open","sticky":false,"template":"","format":"standard","meta":{"iawp_total_views":23,"footnotes":""},"categories":[5,7],"tags":[],"class_list":["post-5262","post","type-post","status-publish","format-standard","has-post-thumbnail","hentry","category-actualidad","category-lorca"],"yoast_head":"<!-- This site is optimized with the Yoast SEO plugin v27.5 - https:\/\/yoast.com\/product\/yoast-seo-wordpress\/ -->\n<title>Miriam Alegr\u00eda: &quot;Tras ser invitada a la Semana Santa de Lorca el pasado a\u00f1o puedo decir que me siento lorquina de adopci\u00f3n&quot; - AREA LORCA RADIO<\/title>\n<meta name=\"robots\" content=\"index, follow, max-snippet:-1, max-image-preview:large, max-video-preview:-1\" \/>\n<link rel=\"canonical\" href=\"https:\/\/arealorcaradio.es\/index.php\/2025\/01\/22\/miriam-alegria-tras-ser-invitada-a-la-semana-santa-de-lorca-el-pasado-ano-puedo-decir-que-me-siento-lorquina-de-adopcion\/\" \/>\n<meta property=\"og:locale\" content=\"es_ES\" \/>\n<meta property=\"og:type\" content=\"article\" \/>\n<meta property=\"og:title\" content=\"Miriam Alegr\u00eda: &quot;Tras ser invitada a la Semana Santa de Lorca el pasado a\u00f1o puedo decir que me siento lorquina de adopci\u00f3n&quot; - AREA LORCA RADIO\" \/>\n<meta property=\"og:description\" content=\"\u00c1REA LORCA RADIO. Una de las embajadoras de la Regi\u00f3n de Murcia en Fitur 2025 es la creadora de contenidos Miriam Alegr\u00eda. En la jornada inaugural de la Feria Internacional de Turismo Fitur 2025, Miriam Alegr\u00eda atend\u00eda a Paco S\u00e1nchez de \u00c1rea Lorca Radio para hablar de lo mucho de lo que puede presumir la [&hellip;]\" \/>\n<meta property=\"og:url\" content=\"https:\/\/arealorcaradio.es\/index.php\/2025\/01\/22\/miriam-alegria-tras-ser-invitada-a-la-semana-santa-de-lorca-el-pasado-ano-puedo-decir-que-me-siento-lorquina-de-adopcion\/\" \/>\n<meta property=\"og:site_name\" content=\"AREA LORCA RADIO\" \/>\n<meta property=\"article:published_time\" content=\"2025-01-22T21:17:49+00:00\" \/>\n<meta property=\"og:image\" content=\"https:\/\/arealorcaradio.es\/wp-content\/uploads\/2025\/01\/IMG-20250122-WA0058.jpg\" \/>\n\t<meta property=\"og:image:width\" content=\"1600\" \/>\n\t<meta property=\"og:image:height\" content=\"1200\" \/>\n\t<meta property=\"og:image:type\" content=\"image\/jpeg\" \/>\n<meta name=\"author\" content=\"Paco S\u00e1nchez\" \/>\n<meta name=\"twitter:card\" content=\"summary_large_image\" \/>\n<meta name=\"twitter:label1\" content=\"Escrito por\" \/>\n\t<meta name=\"twitter:data1\" content=\"Paco S\u00e1nchez\" \/>\n\t<meta name=\"twitter:label2\" content=\"Tiempo de lectura\" \/>\n\t<meta name=\"twitter:data2\" content=\"1 minuto\" \/>\n<script type=\"application\/ld+json\" class=\"yoast-schema-graph\">{\"@context\":\"https:\\\/\\\/schema.org\",\"@graph\":[{\"@type\":\"Article\",\"@id\":\"https:\\\/\\\/arealorcaradio.es\\\/index.php\\\/2025\\\/01\\\/22\\\/miriam-alegria-tras-ser-invitada-a-la-semana-santa-de-lorca-el-pasado-ano-puedo-decir-que-me-siento-lorquina-de-adopcion\\\/#article\",\"isPartOf\":{\"@id\":\"https:\\\/\\\/arealorcaradio.es\\\/index.php\\\/2025\\\/01\\\/22\\\/miriam-alegria-tras-ser-invitada-a-la-semana-santa-de-lorca-el-pasado-ano-puedo-decir-que-me-siento-lorquina-de-adopcion\\\/\"},\"author\":{\"name\":\"Paco S\u00e1nchez\",\"@id\":\"https:\\\/\\\/arealorcaradio.es\\\/#\\\/schema\\\/person\\\/9fae605fc25b0f2c83c1ab207139bd27\"},\"headline\":\"Miriam Alegr\u00eda: \u00abTras ser invitada a la Semana Santa de Lorca el pasado a\u00f1o puedo decir que me siento lorquina de adopci\u00f3n\u00bb\",\"datePublished\":\"2025-01-22T21:17:49+00:00\",\"mainEntityOfPage\":{\"@id\":\"https:\\\/\\\/arealorcaradio.es\\\/index.php\\\/2025\\\/01\\\/22\\\/miriam-alegria-tras-ser-invitada-a-la-semana-santa-de-lorca-el-pasado-ano-puedo-decir-que-me-siento-lorquina-de-adopcion\\\/\"},\"wordCount\":116,\"commentCount\":0,\"image\":{\"@id\":\"https:\\\/\\\/arealorcaradio.es\\\/index.php\\\/2025\\\/01\\\/22\\\/miriam-alegria-tras-ser-invitada-a-la-semana-santa-de-lorca-el-pasado-ano-puedo-decir-que-me-siento-lorquina-de-adopcion\\\/#primaryimage\"},\"thumbnailUrl\":\"https:\\\/\\\/arealorcaradio.es\\\/wp-content\\\/uploads\\\/2025\\\/01\\\/IMG-20250122-WA0058.jpg\",\"articleSection\":[\"ACTUALIDAD\",\"LORCA\"],\"inLanguage\":\"es\",\"potentialAction\":[{\"@type\":\"CommentAction\",\"name\":\"Comment\",\"target\":[\"https:\\\/\\\/arealorcaradio.es\\\/index.php\\\/2025\\\/01\\\/22\\\/miriam-alegria-tras-ser-invitada-a-la-semana-santa-de-lorca-el-pasado-ano-puedo-decir-que-me-siento-lorquina-de-adopcion\\\/#respond\"]}]},{\"@type\":\"WebPage\",\"@id\":\"https:\\\/\\\/arealorcaradio.es\\\/index.php\\\/2025\\\/01\\\/22\\\/miriam-alegria-tras-ser-invitada-a-la-semana-santa-de-lorca-el-pasado-ano-puedo-decir-que-me-siento-lorquina-de-adopcion\\\/\",\"url\":\"https:\\\/\\\/arealorcaradio.es\\\/index.php\\\/2025\\\/01\\\/22\\\/miriam-alegria-tras-ser-invitada-a-la-semana-santa-de-lorca-el-pasado-ano-puedo-decir-que-me-siento-lorquina-de-adopcion\\\/\",\"name\":\"Miriam Alegr\u00eda: \\\"Tras ser invitada a la Semana Santa de Lorca el pasado a\u00f1o puedo decir que me siento lorquina de adopci\u00f3n\\\" - AREA LORCA RADIO\",\"isPartOf\":{\"@id\":\"https:\\\/\\\/arealorcaradio.es\\\/#website\"},\"primaryImageOfPage\":{\"@id\":\"https:\\\/\\\/arealorcaradio.es\\\/index.php\\\/2025\\\/01\\\/22\\\/miriam-alegria-tras-ser-invitada-a-la-semana-santa-de-lorca-el-pasado-ano-puedo-decir-que-me-siento-lorquina-de-adopcion\\\/#primaryimage\"},\"image\":{\"@id\":\"https:\\\/\\\/arealorcaradio.es\\\/index.php\\\/2025\\\/01\\\/22\\\/miriam-alegria-tras-ser-invitada-a-la-semana-santa-de-lorca-el-pasado-ano-puedo-decir-que-me-siento-lorquina-de-adopcion\\\/#primaryimage\"},\"thumbnailUrl\":\"https:\\\/\\\/arealorcaradio.es\\\/wp-content\\\/uploads\\\/2025\\\/01\\\/IMG-20250122-WA0058.jpg\",\"datePublished\":\"2025-01-22T21:17:49+00:00\",\"author\":{\"@id\":\"https:\\\/\\\/arealorcaradio.es\\\/#\\\/schema\\\/person\\\/9fae605fc25b0f2c83c1ab207139bd27\"},\"breadcrumb\":{\"@id\":\"https:\\\/\\\/arealorcaradio.es\\\/index.php\\\/2025\\\/01\\\/22\\\/miriam-alegria-tras-ser-invitada-a-la-semana-santa-de-lorca-el-pasado-ano-puedo-decir-que-me-siento-lorquina-de-adopcion\\\/#breadcrumb\"},\"inLanguage\":\"es\",\"potentialAction\":[{\"@type\":\"ReadAction\",\"target\":[\"https:\\\/\\\/arealorcaradio.es\\\/index.php\\\/2025\\\/01\\\/22\\\/miriam-alegria-tras-ser-invitada-a-la-semana-santa-de-lorca-el-pasado-ano-puedo-decir-que-me-siento-lorquina-de-adopcion\\\/\"]}]},{\"@type\":\"ImageObject\",\"inLanguage\":\"es\",\"@id\":\"https:\\\/\\\/arealorcaradio.es\\\/index.php\\\/2025\\\/01\\\/22\\\/miriam-alegria-tras-ser-invitada-a-la-semana-santa-de-lorca-el-pasado-ano-puedo-decir-que-me-siento-lorquina-de-adopcion\\\/#primaryimage\",\"url\":\"https:\\\/\\\/arealorcaradio.es\\\/wp-content\\\/uploads\\\/2025\\\/01\\\/IMG-20250122-WA0058.jpg\",\"contentUrl\":\"https:\\\/\\\/arealorcaradio.es\\\/wp-content\\\/uploads\\\/2025\\\/01\\\/IMG-20250122-WA0058.jpg\",\"width\":1600,\"height\":1200},{\"@type\":\"BreadcrumbList\",\"@id\":\"https:\\\/\\\/arealorcaradio.es\\\/index.php\\\/2025\\\/01\\\/22\\\/miriam-alegria-tras-ser-invitada-a-la-semana-santa-de-lorca-el-pasado-ano-puedo-decir-que-me-siento-lorquina-de-adopcion\\\/#breadcrumb\",\"itemListElement\":[{\"@type\":\"ListItem\",\"position\":1,\"name\":\"Portada\",\"item\":\"https:\\\/\\\/arealorcaradio.es\\\/\"},{\"@type\":\"ListItem\",\"position\":2,\"name\":\"Miriam Alegr\u00eda: \u00abTras ser invitada a la Semana Santa de Lorca el pasado a\u00f1o puedo decir que me siento lorquina de adopci\u00f3n\u00bb\"}]},{\"@type\":\"WebSite\",\"@id\":\"https:\\\/\\\/arealorcaradio.es\\\/#website\",\"url\":\"https:\\\/\\\/arealorcaradio.es\\\/\",\"name\":\"AREA LORCA RADIO\",\"description\":\"Descubre la programaci\u00f3n actual en \u00c1rea Lorca Radio, tu fuente de entrenamiento y noticias locales. Sintoniza ahora y mantente conectado online.\",\"potentialAction\":[{\"@type\":\"SearchAction\",\"target\":{\"@type\":\"EntryPoint\",\"urlTemplate\":\"https:\\\/\\\/arealorcaradio.es\\\/?s={search_term_string}\"},\"query-input\":{\"@type\":\"PropertyValueSpecification\",\"valueRequired\":true,\"valueName\":\"search_term_string\"}}],\"inLanguage\":\"es\"},{\"@type\":\"Person\",\"@id\":\"https:\\\/\\\/arealorcaradio.es\\\/#\\\/schema\\\/person\\\/9fae605fc25b0f2c83c1ab207139bd27\",\"name\":\"Paco S\u00e1nchez\",\"image\":{\"@type\":\"ImageObject\",\"inLanguage\":\"es\",\"@id\":\"https:\\\/\\\/secure.gravatar.com\\\/avatar\\\/d67144e966420fb74aa84c9f2a0103be4724fd14db52b52d3b6bca749f257e79?s=96&d=mm&r=g\",\"url\":\"https:\\\/\\\/secure.gravatar.com\\\/avatar\\\/d67144e966420fb74aa84c9f2a0103be4724fd14db52b52d3b6bca749f257e79?s=96&d=mm&r=g\",\"contentUrl\":\"https:\\\/\\\/secure.gravatar.com\\\/avatar\\\/d67144e966420fb74aa84c9f2a0103be4724fd14db52b52d3b6bca749f257e79?s=96&d=mm&r=g\",\"caption\":\"Paco S\u00e1nchez\"},\"sameAs\":[\"https:\\\/\\\/arealorcaradio.es\"],\"url\":\"https:\\\/\\\/arealorcaradio.es\\\/index.php\\\/author\\\/admin_alorcaradio\\\/\"}]}<\/script>\n<!-- \/ Yoast SEO plugin. -->","yoast_head_json":{"title":"Miriam Alegr\u00eda: \"Tras ser invitada a la Semana Santa de Lorca el pasado a\u00f1o puedo decir que me siento lorquina de adopci\u00f3n\" - AREA LORCA RADIO","robots":{"index":"index","follow":"follow","max-snippet":"max-snippet:-1","max-image-preview":"max-image-preview:large","max-video-preview":"max-video-preview:-1"},"canonical":"https:\/\/arealorcaradio.es\/index.php\/2025\/01\/22\/miriam-alegria-tras-ser-invitada-a-la-semana-santa-de-lorca-el-pasado-ano-puedo-decir-que-me-siento-lorquina-de-adopcion\/","og_locale":"es_ES","og_type":"article","og_title":"Miriam Alegr\u00eda: \"Tras ser invitada a la Semana Santa de Lorca el pasado a\u00f1o puedo decir que me siento lorquina de adopci\u00f3n\" - AREA LORCA RADIO","og_description":"\u00c1REA LORCA RADIO. Una de las embajadoras de la Regi\u00f3n de Murcia en Fitur 2025 es la creadora de contenidos Miriam Alegr\u00eda. En la jornada inaugural de la Feria Internacional de Turismo Fitur 2025, Miriam Alegr\u00eda atend\u00eda a Paco S\u00e1nchez de \u00c1rea Lorca Radio para hablar de lo mucho de lo que puede presumir la [&hellip;]","og_url":"https:\/\/arealorcaradio.es\/index.php\/2025\/01\/22\/miriam-alegria-tras-ser-invitada-a-la-semana-santa-de-lorca-el-pasado-ano-puedo-decir-que-me-siento-lorquina-de-adopcion\/","og_site_name":"AREA LORCA RADIO","article_published_time":"2025-01-22T21:17:49+00:00","og_image":[{"width":1600,"height":1200,"url":"https:\/\/arealorcaradio.es\/wp-content\/uploads\/2025\/01\/IMG-20250122-WA0058.jpg","type":"image\/jpeg"}],"author":"Paco S\u00e1nchez","twitter_card":"summary_large_image","twitter_misc":{"Escrito por":"Paco S\u00e1nchez","Tiempo de lectura":"1 minuto"},"schema":{"@context":"https:\/\/schema.org","@graph":[{"@type":"Article","@id":"https:\/\/arealorcaradio.es\/index.php\/2025\/01\/22\/miriam-alegria-tras-ser-invitada-a-la-semana-santa-de-lorca-el-pasado-ano-puedo-decir-que-me-siento-lorquina-de-adopcion\/#article","isPartOf":{"@id":"https:\/\/arealorcaradio.es\/index.php\/2025\/01\/22\/miriam-alegria-tras-ser-invitada-a-la-semana-santa-de-lorca-el-pasado-ano-puedo-decir-que-me-siento-lorquina-de-adopcion\/"},"author":{"name":"Paco S\u00e1nchez","@id":"https:\/\/arealorcaradio.es\/#\/schema\/person\/9fae605fc25b0f2c83c1ab207139bd27"},"headline":"Miriam Alegr\u00eda: \u00abTras ser invitada a la Semana Santa de Lorca el pasado a\u00f1o puedo decir que me siento lorquina de adopci\u00f3n\u00bb","datePublished":"2025-01-22T21:17:49+00:00","mainEntityOfPage":{"@id":"https:\/\/arealorcaradio.es\/index.php\/2025\/01\/22\/miriam-alegria-tras-ser-invitada-a-la-semana-santa-de-lorca-el-pasado-ano-puedo-decir-que-me-siento-lorquina-de-adopcion\/"},"wordCount":116,"commentCount":0,"image":{"@id":"https:\/\/arealorcaradio.es\/index.php\/2025\/01\/22\/miriam-alegria-tras-ser-invitada-a-la-semana-santa-de-lorca-el-pasado-ano-puedo-decir-que-me-siento-lorquina-de-adopcion\/#primaryimage"},"thumbnailUrl":"https:\/\/arealorcaradio.es\/wp-content\/uploads\/2025\/01\/IMG-20250122-WA0058.jpg","articleSection":["ACTUALIDAD","LORCA"],"inLanguage":"es","potentialAction":[{"@type":"CommentAction","name":"Comment","target":["https:\/\/arealorcaradio.es\/index.php\/2025\/01\/22\/miriam-alegria-tras-ser-invitada-a-la-semana-santa-de-lorca-el-pasado-ano-puedo-decir-que-me-siento-lorquina-de-adopcion\/#respond"]}]},{"@type":"WebPage","@id":"https:\/\/arealorcaradio.es\/index.php\/2025\/01\/22\/miriam-alegria-tras-ser-invitada-a-la-semana-santa-de-lorca-el-pasado-ano-puedo-decir-que-me-siento-lorquina-de-adopcion\/","url":"https:\/\/arealorcaradio.es\/index.php\/2025\/01\/22\/miriam-alegria-tras-ser-invitada-a-la-semana-santa-de-lorca-el-pasado-ano-puedo-decir-que-me-siento-lorquina-de-adopcion\/","name":"Miriam Alegr\u00eda: \"Tras ser invitada a la Semana Santa de Lorca el pasado a\u00f1o puedo decir que me siento lorquina de adopci\u00f3n\" - AREA LORCA RADIO","isPartOf":{"@id":"https:\/\/arealorcaradio.es\/#website"},"primaryImageOfPage":{"@id":"https:\/\/arealorcaradio.es\/index.php\/2025\/01\/22\/miriam-alegria-tras-ser-invitada-a-la-semana-santa-de-lorca-el-pasado-ano-puedo-decir-que-me-siento-lorquina-de-adopcion\/#primaryimage"},"image":{"@id":"https:\/\/arealorcaradio.es\/index.php\/2025\/01\/22\/miriam-alegria-tras-ser-invitada-a-la-semana-santa-de-lorca-el-pasado-ano-puedo-decir-que-me-siento-lorquina-de-adopcion\/#primaryimage"},"thumbnailUrl":"https:\/\/arealorcaradio.es\/wp-content\/uploads\/2025\/01\/IMG-20250122-WA0058.jpg","datePublished":"2025-01-22T21:17:49+00:00","author":{"@id":"https:\/\/arealorcaradio.es\/#\/schema\/person\/9fae605fc25b0f2c83c1ab207139bd27"},"breadcrumb":{"@id":"https:\/\/arealorcaradio.es\/index.php\/2025\/01\/22\/miriam-alegria-tras-ser-invitada-a-la-semana-santa-de-lorca-el-pasado-ano-puedo-decir-que-me-siento-lorquina-de-adopcion\/#breadcrumb"},"inLanguage":"es","potentialAction":[{"@type":"ReadAction","target":["https:\/\/arealorcaradio.es\/index.php\/2025\/01\/22\/miriam-alegria-tras-ser-invitada-a-la-semana-santa-de-lorca-el-pasado-ano-puedo-decir-que-me-siento-lorquina-de-adopcion\/"]}]},{"@type":"ImageObject","inLanguage":"es","@id":"https:\/\/arealorcaradio.es\/index.php\/2025\/01\/22\/miriam-alegria-tras-ser-invitada-a-la-semana-santa-de-lorca-el-pasado-ano-puedo-decir-que-me-siento-lorquina-de-adopcion\/#primaryimage","url":"https:\/\/arealorcaradio.es\/wp-content\/uploads\/2025\/01\/IMG-20250122-WA0058.jpg","contentUrl":"https:\/\/arealorcaradio.es\/wp-content\/uploads\/2025\/01\/IMG-20250122-WA0058.jpg","width":1600,"height":1200},{"@type":"BreadcrumbList","@id":"https:\/\/arealorcaradio.es\/index.php\/2025\/01\/22\/miriam-alegria-tras-ser-invitada-a-la-semana-santa-de-lorca-el-pasado-ano-puedo-decir-que-me-siento-lorquina-de-adopcion\/#breadcrumb","itemListElement":[{"@type":"ListItem","position":1,"name":"Portada","item":"https:\/\/arealorcaradio.es\/"},{"@type":"ListItem","position":2,"name":"Miriam Alegr\u00eda: \u00abTras ser invitada a la Semana Santa de Lorca el pasado a\u00f1o puedo decir que me siento lorquina de adopci\u00f3n\u00bb"}]},{"@type":"WebSite","@id":"https:\/\/arealorcaradio.es\/#website","url":"https:\/\/arealorcaradio.es\/","name":"AREA LORCA RADIO","description":"Descubre la programaci\u00f3n actual en \u00c1rea Lorca Radio, tu fuente de entrenamiento y noticias locales. Sintoniza ahora y mantente conectado online.","potentialAction":[{"@type":"SearchAction","target":{"@type":"EntryPoint","urlTemplate":"https:\/\/arealorcaradio.es\/?s={search_term_string}"},"query-input":{"@type":"PropertyValueSpecification","valueRequired":true,"valueName":"search_term_string"}}],"inLanguage":"es"},{"@type":"Person","@id":"https:\/\/arealorcaradio.es\/#\/schema\/person\/9fae605fc25b0f2c83c1ab207139bd27","name":"Paco S\u00e1nchez","image":{"@type":"ImageObject","inLanguage":"es","@id":"https:\/\/secure.gravatar.com\/avatar\/d67144e966420fb74aa84c9f2a0103be4724fd14db52b52d3b6bca749f257e79?s=96&d=mm&r=g","url":"https:\/\/secure.gravatar.com\/avatar\/d67144e966420fb74aa84c9f2a0103be4724fd14db52b52d3b6bca749f257e79?s=96&d=mm&r=g","contentUrl":"https:\/\/secure.gravatar.com\/avatar\/d67144e966420fb74aa84c9f2a0103be4724fd14db52b52d3b6bca749f257e79?s=96&d=mm&r=g","caption":"Paco S\u00e1nchez"},"sameAs":["https:\/\/arealorcaradio.es"],"url":"https:\/\/arealorcaradio.es\/index.php\/author\/admin_alorcaradio\/"}]}},"_links":{"self":[{"href":"https:\/\/arealorcaradio.es\/index.php\/wp-json\/wp\/v2\/posts\/5262","targetHints":{"allow":["GET"]}}],"collection":[{"href":"https:\/\/arealorcaradio.es\/index.php\/wp-json\/wp\/v2\/posts"}],"about":[{"href":"https:\/\/arealorcaradio.es\/index.php\/wp-json\/wp\/v2\/types\/post"}],"author":[{"embeddable":true,"href":"https:\/\/arealorcaradio.es\/index.php\/wp-json\/wp\/v2\/users\/1"}],"replies":[{"embeddable":true,"href":"https:\/\/arealorcaradio.es\/index.php\/wp-json\/wp\/v2\/comments?post=5262"}],"version-history":[{"count":2,"href":"https:\/\/arealorcaradio.es\/index.php\/wp-json\/wp\/v2\/posts\/5262\/revisions"}],"predecessor-version":[{"id":5267,"href":"https:\/\/arealorcaradio.es\/index.php\/wp-json\/wp\/v2\/posts\/5262\/revisions\/5267"}],"wp:featuredmedia":[{"embeddable":true,"href":"https:\/\/arealorcaradio.es\/index.php\/wp-json\/wp\/v2\/media\/5264"}],"wp:attachment":[{"href":"https:\/\/arealorcaradio.es\/index.php\/wp-json\/wp\/v2\/media?parent=5262"}],"wp:term":[{"taxonomy":"category","embeddable":true,"href":"https:\/\/arealorcaradio.es\/index.php\/wp-json\/wp\/v2\/categories?post=5262"},{"taxonomy":"post_tag","embeddable":true,"href":"https:\/\/arealorcaradio.es\/index.php\/wp-json\/wp\/v2\/tags?post=5262"}],"curies":[{"name":"wp","href":"https:\/\/api.w.org\/{rel}","templated":true}]}}