{"id":5230,"date":"2025-01-16T18:01:38","date_gmt":"2025-01-16T18:01:38","guid":{"rendered":"https:\/\/arealorcaradio.es\/?p=5230"},"modified":"2025-01-16T18:01:38","modified_gmt":"2025-01-16T18:01:38","slug":"se-cumplen-ochenta-anos-de-la-liberacion-de-los-campos-de-concentracion-nazis","status":"publish","type":"post","link":"https:\/\/arealorcaradio.es\/index.php\/2025\/01\/16\/se-cumplen-ochenta-anos-de-la-liberacion-de-los-campos-de-concentracion-nazis\/","title":{"rendered":"Se cumplen ochenta a\u00f1os de la liberaci\u00f3n de los campos de concentraci\u00f3n nazis"},"content":{"rendered":"<p>\u00c1REA LORCA RADIO.<\/p>\n<p>Escucha aqu\u00ed la intervenci\u00f3n del profesor de historia David Mart\u00ednez en el magazine \u00c1rea Lorca Actualidad en la que habla con Paco S\u00e1nchez del ochenta aniversario de la liberaci\u00f3n de los campos de concentraci\u00f3n nazis, en los que estuvieron con un triste final varios paisanos del Valle del Guadalent\u00edn.<\/p>\n<audio class=\"wp-audio-shortcode\" id=\"audio-5230-1\" preload=\"none\" style=\"width: 100%;\" controls=\"controls\"><source type=\"audio\/mpeg\" src=\"https:\/\/arealorcaradio.es\/wp-content\/uploads\/2025\/01\/160125-DAVID-MARTINEZ.-80-ANOS-CAMPOS-CONCENTRACION.mp3?_=1\" \/><a href=\"https:\/\/arealorcaradio.es\/wp-content\/uploads\/2025\/01\/160125-DAVID-MARTINEZ.-80-ANOS-CAMPOS-CONCENTRACION.mp3\">https:\/\/arealorcaradio.es\/wp-content\/uploads\/2025\/01\/160125-DAVID-MARTINEZ.-80-ANOS-CAMPOS-CONCENTRACION.mp3<\/a><\/audio>\n<p><img loading=\"lazy\" decoding=\"async\" class=\"alignnone size-medium wp-image-5234\" src=\"https:\/\/arealorcaradio.es\/wp-content\/uploads\/2025\/01\/David-Martinez-8-300x225.jpg\" alt=\"\" width=\"300\" height=\"225\" srcset=\"https:\/\/arealorcaradio.es\/wp-content\/uploads\/2025\/01\/David-Martinez-8-300x225.jpg 300w, https:\/\/arealorcaradio.es\/wp-content\/uploads\/2025\/01\/David-Martinez-8-1024x768.jpg 1024w, https:\/\/arealorcaradio.es\/wp-content\/uploads\/2025\/01\/David-Martinez-8-768x576.jpg 768w, https:\/\/arealorcaradio.es\/wp-content\/uploads\/2025\/01\/David-Martinez-8-1536x1152.jpg 1536w, https:\/\/arealorcaradio.es\/wp-content\/uploads\/2025\/01\/David-Martinez-8-2048x1536.jpg 2048w, https:\/\/arealorcaradio.es\/wp-content\/uploads\/2025\/01\/David-Martinez-8-86x64.jpg 86w\" sizes=\"auto, (max-width: 300px) 100vw, 300px\" \/><\/p>\n","protected":false},"excerpt":{"rendered":"<p>\u00c1REA LORCA RADIO. Escucha aqu\u00ed la intervenci\u00f3n del profesor de historia David Mart\u00ednez en el magazine \u00c1rea Lorca Actualidad en la que habla con Paco S\u00e1nchez del ochenta aniversario de la liberaci\u00f3n de los campos de concentraci\u00f3n nazis, en los que estuvieron con un triste final varios paisanos del Valle del Guadalent\u00edn.<\/p>\n","protected":false},"author":1,"featured_media":5232,"comment_status":"open","ping_status":"open","sticky":false,"template":"","format":"standard","meta":{"iawp_total_views":19,"footnotes":""},"categories":[5,7],"tags":[],"class_list":["post-5230","post","type-post","status-publish","format-standard","has-post-thumbnail","hentry","category-actualidad","category-lorca"],"yoast_head":"<!-- This site is optimized with the Yoast SEO plugin v27.5 - https:\/\/yoast.com\/product\/yoast-seo-wordpress\/ -->\n<title>Se cumplen ochenta a\u00f1os de la liberaci\u00f3n de los campos de concentraci\u00f3n nazis - AREA LORCA RADIO<\/title>\n<meta name=\"robots\" content=\"index, follow, max-snippet:-1, max-image-preview:large, max-video-preview:-1\" \/>\n<link rel=\"canonical\" href=\"https:\/\/arealorcaradio.es\/index.php\/2025\/01\/16\/se-cumplen-ochenta-anos-de-la-liberacion-de-los-campos-de-concentracion-nazis\/\" \/>\n<meta property=\"og:locale\" content=\"es_ES\" \/>\n<meta property=\"og:type\" content=\"article\" \/>\n<meta property=\"og:title\" content=\"Se cumplen ochenta a\u00f1os de la liberaci\u00f3n de los campos de concentraci\u00f3n nazis - AREA LORCA RADIO\" \/>\n<meta property=\"og:description\" content=\"\u00c1REA LORCA RADIO. Escucha aqu\u00ed la intervenci\u00f3n del profesor de historia David Mart\u00ednez en el magazine \u00c1rea Lorca Actualidad en la que habla con Paco S\u00e1nchez del ochenta aniversario de la liberaci\u00f3n de los campos de concentraci\u00f3n nazis, en los que estuvieron con un triste final varios paisanos del Valle del Guadalent\u00edn.\" \/>\n<meta property=\"og:url\" content=\"https:\/\/arealorcaradio.es\/index.php\/2025\/01\/16\/se-cumplen-ochenta-anos-de-la-liberacion-de-los-campos-de-concentracion-nazis\/\" \/>\n<meta property=\"og:site_name\" content=\"AREA LORCA RADIO\" \/>\n<meta property=\"article:published_time\" content=\"2025-01-16T18:01:38+00:00\" \/>\n<meta property=\"og:image\" content=\"https:\/\/arealorcaradio.es\/wp-content\/uploads\/2025\/01\/andres-munuera-romero.-refugiado.webp\" \/>\n\t<meta property=\"og:image:width\" content=\"1248\" \/>\n\t<meta property=\"og:image:height\" content=\"770\" \/>\n\t<meta property=\"og:image:type\" content=\"image\/webp\" \/>\n<meta name=\"author\" content=\"Paco S\u00e1nchez\" \/>\n<meta name=\"twitter:card\" content=\"summary_large_image\" \/>\n<meta name=\"twitter:label1\" content=\"Escrito por\" \/>\n\t<meta name=\"twitter:data1\" content=\"Paco S\u00e1nchez\" \/>\n\t<meta name=\"twitter:label2\" content=\"Tiempo de lectura\" \/>\n\t<meta name=\"twitter:data2\" content=\"1 minuto\" \/>\n<script type=\"application\/ld+json\" class=\"yoast-schema-graph\">{\"@context\":\"https:\\\/\\\/schema.org\",\"@graph\":[{\"@type\":\"Article\",\"@id\":\"https:\\\/\\\/arealorcaradio.es\\\/index.php\\\/2025\\\/01\\\/16\\\/se-cumplen-ochenta-anos-de-la-liberacion-de-los-campos-de-concentracion-nazis\\\/#article\",\"isPartOf\":{\"@id\":\"https:\\\/\\\/arealorcaradio.es\\\/index.php\\\/2025\\\/01\\\/16\\\/se-cumplen-ochenta-anos-de-la-liberacion-de-los-campos-de-concentracion-nazis\\\/\"},\"author\":{\"name\":\"Paco S\u00e1nchez\",\"@id\":\"https:\\\/\\\/arealorcaradio.es\\\/#\\\/schema\\\/person\\\/9fae605fc25b0f2c83c1ab207139bd27\"},\"headline\":\"Se cumplen ochenta a\u00f1os de la liberaci\u00f3n de los campos de concentraci\u00f3n nazis\",\"datePublished\":\"2025-01-16T18:01:38+00:00\",\"mainEntityOfPage\":{\"@id\":\"https:\\\/\\\/arealorcaradio.es\\\/index.php\\\/2025\\\/01\\\/16\\\/se-cumplen-ochenta-anos-de-la-liberacion-de-los-campos-de-concentracion-nazis\\\/\"},\"wordCount\":86,\"commentCount\":0,\"image\":{\"@id\":\"https:\\\/\\\/arealorcaradio.es\\\/index.php\\\/2025\\\/01\\\/16\\\/se-cumplen-ochenta-anos-de-la-liberacion-de-los-campos-de-concentracion-nazis\\\/#primaryimage\"},\"thumbnailUrl\":\"https:\\\/\\\/arealorcaradio.es\\\/wp-content\\\/uploads\\\/2025\\\/01\\\/andres-munuera-romero.-refugiado.webp\",\"articleSection\":[\"ACTUALIDAD\",\"LORCA\"],\"inLanguage\":\"es\",\"potentialAction\":[{\"@type\":\"CommentAction\",\"name\":\"Comment\",\"target\":[\"https:\\\/\\\/arealorcaradio.es\\\/index.php\\\/2025\\\/01\\\/16\\\/se-cumplen-ochenta-anos-de-la-liberacion-de-los-campos-de-concentracion-nazis\\\/#respond\"]}]},{\"@type\":\"WebPage\",\"@id\":\"https:\\\/\\\/arealorcaradio.es\\\/index.php\\\/2025\\\/01\\\/16\\\/se-cumplen-ochenta-anos-de-la-liberacion-de-los-campos-de-concentracion-nazis\\\/\",\"url\":\"https:\\\/\\\/arealorcaradio.es\\\/index.php\\\/2025\\\/01\\\/16\\\/se-cumplen-ochenta-anos-de-la-liberacion-de-los-campos-de-concentracion-nazis\\\/\",\"name\":\"Se cumplen ochenta a\u00f1os de la liberaci\u00f3n de los campos de concentraci\u00f3n nazis - AREA LORCA RADIO\",\"isPartOf\":{\"@id\":\"https:\\\/\\\/arealorcaradio.es\\\/#website\"},\"primaryImageOfPage\":{\"@id\":\"https:\\\/\\\/arealorcaradio.es\\\/index.php\\\/2025\\\/01\\\/16\\\/se-cumplen-ochenta-anos-de-la-liberacion-de-los-campos-de-concentracion-nazis\\\/#primaryimage\"},\"image\":{\"@id\":\"https:\\\/\\\/arealorcaradio.es\\\/index.php\\\/2025\\\/01\\\/16\\\/se-cumplen-ochenta-anos-de-la-liberacion-de-los-campos-de-concentracion-nazis\\\/#primaryimage\"},\"thumbnailUrl\":\"https:\\\/\\\/arealorcaradio.es\\\/wp-content\\\/uploads\\\/2025\\\/01\\\/andres-munuera-romero.-refugiado.webp\",\"datePublished\":\"2025-01-16T18:01:38+00:00\",\"author\":{\"@id\":\"https:\\\/\\\/arealorcaradio.es\\\/#\\\/schema\\\/person\\\/9fae605fc25b0f2c83c1ab207139bd27\"},\"breadcrumb\":{\"@id\":\"https:\\\/\\\/arealorcaradio.es\\\/index.php\\\/2025\\\/01\\\/16\\\/se-cumplen-ochenta-anos-de-la-liberacion-de-los-campos-de-concentracion-nazis\\\/#breadcrumb\"},\"inLanguage\":\"es\",\"potentialAction\":[{\"@type\":\"ReadAction\",\"target\":[\"https:\\\/\\\/arealorcaradio.es\\\/index.php\\\/2025\\\/01\\\/16\\\/se-cumplen-ochenta-anos-de-la-liberacion-de-los-campos-de-concentracion-nazis\\\/\"]}]},{\"@type\":\"ImageObject\",\"inLanguage\":\"es\",\"@id\":\"https:\\\/\\\/arealorcaradio.es\\\/index.php\\\/2025\\\/01\\\/16\\\/se-cumplen-ochenta-anos-de-la-liberacion-de-los-campos-de-concentracion-nazis\\\/#primaryimage\",\"url\":\"https:\\\/\\\/arealorcaradio.es\\\/wp-content\\\/uploads\\\/2025\\\/01\\\/andres-munuera-romero.-refugiado.webp\",\"contentUrl\":\"https:\\\/\\\/arealorcaradio.es\\\/wp-content\\\/uploads\\\/2025\\\/01\\\/andres-munuera-romero.-refugiado.webp\",\"width\":1248,\"height\":770},{\"@type\":\"BreadcrumbList\",\"@id\":\"https:\\\/\\\/arealorcaradio.es\\\/index.php\\\/2025\\\/01\\\/16\\\/se-cumplen-ochenta-anos-de-la-liberacion-de-los-campos-de-concentracion-nazis\\\/#breadcrumb\",\"itemListElement\":[{\"@type\":\"ListItem\",\"position\":1,\"name\":\"Portada\",\"item\":\"https:\\\/\\\/arealorcaradio.es\\\/\"},{\"@type\":\"ListItem\",\"position\":2,\"name\":\"Se cumplen ochenta a\u00f1os de la liberaci\u00f3n de los campos de concentraci\u00f3n nazis\"}]},{\"@type\":\"WebSite\",\"@id\":\"https:\\\/\\\/arealorcaradio.es\\\/#website\",\"url\":\"https:\\\/\\\/arealorcaradio.es\\\/\",\"name\":\"AREA LORCA RADIO\",\"description\":\"Descubre la programaci\u00f3n actual en \u00c1rea Lorca Radio, tu fuente de entrenamiento y noticias locales. Sintoniza ahora y mantente conectado online.\",\"potentialAction\":[{\"@type\":\"SearchAction\",\"target\":{\"@type\":\"EntryPoint\",\"urlTemplate\":\"https:\\\/\\\/arealorcaradio.es\\\/?s={search_term_string}\"},\"query-input\":{\"@type\":\"PropertyValueSpecification\",\"valueRequired\":true,\"valueName\":\"search_term_string\"}}],\"inLanguage\":\"es\"},{\"@type\":\"Person\",\"@id\":\"https:\\\/\\\/arealorcaradio.es\\\/#\\\/schema\\\/person\\\/9fae605fc25b0f2c83c1ab207139bd27\",\"name\":\"Paco S\u00e1nchez\",\"image\":{\"@type\":\"ImageObject\",\"inLanguage\":\"es\",\"@id\":\"https:\\\/\\\/secure.gravatar.com\\\/avatar\\\/d67144e966420fb74aa84c9f2a0103be4724fd14db52b52d3b6bca749f257e79?s=96&d=mm&r=g\",\"url\":\"https:\\\/\\\/secure.gravatar.com\\\/avatar\\\/d67144e966420fb74aa84c9f2a0103be4724fd14db52b52d3b6bca749f257e79?s=96&d=mm&r=g\",\"contentUrl\":\"https:\\\/\\\/secure.gravatar.com\\\/avatar\\\/d67144e966420fb74aa84c9f2a0103be4724fd14db52b52d3b6bca749f257e79?s=96&d=mm&r=g\",\"caption\":\"Paco S\u00e1nchez\"},\"sameAs\":[\"https:\\\/\\\/arealorcaradio.es\"],\"url\":\"https:\\\/\\\/arealorcaradio.es\\\/index.php\\\/author\\\/admin_alorcaradio\\\/\"}]}<\/script>\n<!-- \/ Yoast SEO plugin. -->","yoast_head_json":{"title":"Se cumplen ochenta a\u00f1os de la liberaci\u00f3n de los campos de concentraci\u00f3n nazis - AREA LORCA RADIO","robots":{"index":"index","follow":"follow","max-snippet":"max-snippet:-1","max-image-preview":"max-image-preview:large","max-video-preview":"max-video-preview:-1"},"canonical":"https:\/\/arealorcaradio.es\/index.php\/2025\/01\/16\/se-cumplen-ochenta-anos-de-la-liberacion-de-los-campos-de-concentracion-nazis\/","og_locale":"es_ES","og_type":"article","og_title":"Se cumplen ochenta a\u00f1os de la liberaci\u00f3n de los campos de concentraci\u00f3n nazis - AREA LORCA RADIO","og_description":"\u00c1REA LORCA RADIO. Escucha aqu\u00ed la intervenci\u00f3n del profesor de historia David Mart\u00ednez en el magazine \u00c1rea Lorca Actualidad en la que habla con Paco S\u00e1nchez del ochenta aniversario de la liberaci\u00f3n de los campos de concentraci\u00f3n nazis, en los que estuvieron con un triste final varios paisanos del Valle del Guadalent\u00edn.","og_url":"https:\/\/arealorcaradio.es\/index.php\/2025\/01\/16\/se-cumplen-ochenta-anos-de-la-liberacion-de-los-campos-de-concentracion-nazis\/","og_site_name":"AREA LORCA RADIO","article_published_time":"2025-01-16T18:01:38+00:00","og_image":[{"width":1248,"height":770,"url":"https:\/\/arealorcaradio.es\/wp-content\/uploads\/2025\/01\/andres-munuera-romero.-refugiado.webp","type":"image\/webp"}],"author":"Paco S\u00e1nchez","twitter_card":"summary_large_image","twitter_misc":{"Escrito por":"Paco S\u00e1nchez","Tiempo de lectura":"1 minuto"},"schema":{"@context":"https:\/\/schema.org","@graph":[{"@type":"Article","@id":"https:\/\/arealorcaradio.es\/index.php\/2025\/01\/16\/se-cumplen-ochenta-anos-de-la-liberacion-de-los-campos-de-concentracion-nazis\/#article","isPartOf":{"@id":"https:\/\/arealorcaradio.es\/index.php\/2025\/01\/16\/se-cumplen-ochenta-anos-de-la-liberacion-de-los-campos-de-concentracion-nazis\/"},"author":{"name":"Paco S\u00e1nchez","@id":"https:\/\/arealorcaradio.es\/#\/schema\/person\/9fae605fc25b0f2c83c1ab207139bd27"},"headline":"Se cumplen ochenta a\u00f1os de la liberaci\u00f3n de los campos de concentraci\u00f3n nazis","datePublished":"2025-01-16T18:01:38+00:00","mainEntityOfPage":{"@id":"https:\/\/arealorcaradio.es\/index.php\/2025\/01\/16\/se-cumplen-ochenta-anos-de-la-liberacion-de-los-campos-de-concentracion-nazis\/"},"wordCount":86,"commentCount":0,"image":{"@id":"https:\/\/arealorcaradio.es\/index.php\/2025\/01\/16\/se-cumplen-ochenta-anos-de-la-liberacion-de-los-campos-de-concentracion-nazis\/#primaryimage"},"thumbnailUrl":"https:\/\/arealorcaradio.es\/wp-content\/uploads\/2025\/01\/andres-munuera-romero.-refugiado.webp","articleSection":["ACTUALIDAD","LORCA"],"inLanguage":"es","potentialAction":[{"@type":"CommentAction","name":"Comment","target":["https:\/\/arealorcaradio.es\/index.php\/2025\/01\/16\/se-cumplen-ochenta-anos-de-la-liberacion-de-los-campos-de-concentracion-nazis\/#respond"]}]},{"@type":"WebPage","@id":"https:\/\/arealorcaradio.es\/index.php\/2025\/01\/16\/se-cumplen-ochenta-anos-de-la-liberacion-de-los-campos-de-concentracion-nazis\/","url":"https:\/\/arealorcaradio.es\/index.php\/2025\/01\/16\/se-cumplen-ochenta-anos-de-la-liberacion-de-los-campos-de-concentracion-nazis\/","name":"Se cumplen ochenta a\u00f1os de la liberaci\u00f3n de los campos de concentraci\u00f3n nazis - AREA LORCA RADIO","isPartOf":{"@id":"https:\/\/arealorcaradio.es\/#website"},"primaryImageOfPage":{"@id":"https:\/\/arealorcaradio.es\/index.php\/2025\/01\/16\/se-cumplen-ochenta-anos-de-la-liberacion-de-los-campos-de-concentracion-nazis\/#primaryimage"},"image":{"@id":"https:\/\/arealorcaradio.es\/index.php\/2025\/01\/16\/se-cumplen-ochenta-anos-de-la-liberacion-de-los-campos-de-concentracion-nazis\/#primaryimage"},"thumbnailUrl":"https:\/\/arealorcaradio.es\/wp-content\/uploads\/2025\/01\/andres-munuera-romero.-refugiado.webp","datePublished":"2025-01-16T18:01:38+00:00","author":{"@id":"https:\/\/arealorcaradio.es\/#\/schema\/person\/9fae605fc25b0f2c83c1ab207139bd27"},"breadcrumb":{"@id":"https:\/\/arealorcaradio.es\/index.php\/2025\/01\/16\/se-cumplen-ochenta-anos-de-la-liberacion-de-los-campos-de-concentracion-nazis\/#breadcrumb"},"inLanguage":"es","potentialAction":[{"@type":"ReadAction","target":["https:\/\/arealorcaradio.es\/index.php\/2025\/01\/16\/se-cumplen-ochenta-anos-de-la-liberacion-de-los-campos-de-concentracion-nazis\/"]}]},{"@type":"ImageObject","inLanguage":"es","@id":"https:\/\/arealorcaradio.es\/index.php\/2025\/01\/16\/se-cumplen-ochenta-anos-de-la-liberacion-de-los-campos-de-concentracion-nazis\/#primaryimage","url":"https:\/\/arealorcaradio.es\/wp-content\/uploads\/2025\/01\/andres-munuera-romero.-refugiado.webp","contentUrl":"https:\/\/arealorcaradio.es\/wp-content\/uploads\/2025\/01\/andres-munuera-romero.-refugiado.webp","width":1248,"height":770},{"@type":"BreadcrumbList","@id":"https:\/\/arealorcaradio.es\/index.php\/2025\/01\/16\/se-cumplen-ochenta-anos-de-la-liberacion-de-los-campos-de-concentracion-nazis\/#breadcrumb","itemListElement":[{"@type":"ListItem","position":1,"name":"Portada","item":"https:\/\/arealorcaradio.es\/"},{"@type":"ListItem","position":2,"name":"Se cumplen ochenta a\u00f1os de la liberaci\u00f3n de los campos de concentraci\u00f3n nazis"}]},{"@type":"WebSite","@id":"https:\/\/arealorcaradio.es\/#website","url":"https:\/\/arealorcaradio.es\/","name":"AREA LORCA RADIO","description":"Descubre la programaci\u00f3n actual en \u00c1rea Lorca Radio, tu fuente de entrenamiento y noticias locales. Sintoniza ahora y mantente conectado online.","potentialAction":[{"@type":"SearchAction","target":{"@type":"EntryPoint","urlTemplate":"https:\/\/arealorcaradio.es\/?s={search_term_string}"},"query-input":{"@type":"PropertyValueSpecification","valueRequired":true,"valueName":"search_term_string"}}],"inLanguage":"es"},{"@type":"Person","@id":"https:\/\/arealorcaradio.es\/#\/schema\/person\/9fae605fc25b0f2c83c1ab207139bd27","name":"Paco S\u00e1nchez","image":{"@type":"ImageObject","inLanguage":"es","@id":"https:\/\/secure.gravatar.com\/avatar\/d67144e966420fb74aa84c9f2a0103be4724fd14db52b52d3b6bca749f257e79?s=96&d=mm&r=g","url":"https:\/\/secure.gravatar.com\/avatar\/d67144e966420fb74aa84c9f2a0103be4724fd14db52b52d3b6bca749f257e79?s=96&d=mm&r=g","contentUrl":"https:\/\/secure.gravatar.com\/avatar\/d67144e966420fb74aa84c9f2a0103be4724fd14db52b52d3b6bca749f257e79?s=96&d=mm&r=g","caption":"Paco S\u00e1nchez"},"sameAs":["https:\/\/arealorcaradio.es"],"url":"https:\/\/arealorcaradio.es\/index.php\/author\/admin_alorcaradio\/"}]}},"_links":{"self":[{"href":"https:\/\/arealorcaradio.es\/index.php\/wp-json\/wp\/v2\/posts\/5230","targetHints":{"allow":["GET"]}}],"collection":[{"href":"https:\/\/arealorcaradio.es\/index.php\/wp-json\/wp\/v2\/posts"}],"about":[{"href":"https:\/\/arealorcaradio.es\/index.php\/wp-json\/wp\/v2\/types\/post"}],"author":[{"embeddable":true,"href":"https:\/\/arealorcaradio.es\/index.php\/wp-json\/wp\/v2\/users\/1"}],"replies":[{"embeddable":true,"href":"https:\/\/arealorcaradio.es\/index.php\/wp-json\/wp\/v2\/comments?post=5230"}],"version-history":[{"count":2,"href":"https:\/\/arealorcaradio.es\/index.php\/wp-json\/wp\/v2\/posts\/5230\/revisions"}],"predecessor-version":[{"id":5235,"href":"https:\/\/arealorcaradio.es\/index.php\/wp-json\/wp\/v2\/posts\/5230\/revisions\/5235"}],"wp:featuredmedia":[{"embeddable":true,"href":"https:\/\/arealorcaradio.es\/index.php\/wp-json\/wp\/v2\/media\/5232"}],"wp:attachment":[{"href":"https:\/\/arealorcaradio.es\/index.php\/wp-json\/wp\/v2\/media?parent=5230"}],"wp:term":[{"taxonomy":"category","embeddable":true,"href":"https:\/\/arealorcaradio.es\/index.php\/wp-json\/wp\/v2\/categories?post=5230"},{"taxonomy":"post_tag","embeddable":true,"href":"https:\/\/arealorcaradio.es\/index.php\/wp-json\/wp\/v2\/tags?post=5230"}],"curies":[{"name":"wp","href":"https:\/\/api.w.org\/{rel}","templated":true}]}}