{"id":5224,"date":"2025-01-16T18:02:01","date_gmt":"2025-01-16T18:02:01","guid":{"rendered":"https:\/\/arealorcaradio.es\/?p=5224"},"modified":"2025-01-16T18:02:01","modified_gmt":"2025-01-16T18:02:01","slug":"el-empresario-lorquino-juan-peran-fundador-de-pikolinos-es-nombrado-hijo-adoptivo-de-la-ciudad-de-elche","status":"publish","type":"post","link":"https:\/\/arealorcaradio.es\/index.php\/2025\/01\/16\/el-empresario-lorquino-juan-peran-fundador-de-pikolinos-es-nombrado-hijo-adoptivo-de-la-ciudad-de-elche\/","title":{"rendered":"El empresario lorquino Juan Per\u00e1n, fundador de Pikolinos es nombrado hijo adoptivo de la ciudad de Elche"},"content":{"rendered":"<p>\u00c1REA LORCA RADIO.<\/p>\n<p>El Ayuntamiento de Elche, a trav\u00e9s de su Junta de Gobierno Local, ha decidi\u00f3 otorgar el t\u00edtulo de Hijo Adoptivo de Elche a Juan Per\u00e1n Ramos, fundador de Pikolinos y referente en el mundo del calzado en la ciudad ilicitana y a nivel mundial. Nacido en la pedan\u00eda lorquina de Torrealvilla, reside en Elche desde los 12 a\u00f1os. Per\u00e1n ha sido reconocido por su destacada trayectoria profesional, su contribuci\u00f3n al desarrollo econ\u00f3mico local y su excepcional compromiso con la ciudad.<\/p>\n<p>La distinci\u00f3n, la m\u00e1xima que concede el Consistorio a personas nacidas fuera de Elche, se entrega en reconocimiento a m\u00e9ritos extraordinarios, cualidades personales y servicios prestados en beneficio de la ciudad.<\/p>\n<p><strong><img loading=\"lazy\" decoding=\"async\" class=\"alignnone size-medium wp-image-5228\" src=\"https:\/\/arealorcaradio.es\/wp-content\/uploads\/2025\/01\/juan-peran-elche-300x210.webp\" alt=\"\" width=\"300\" height=\"210\" srcset=\"https:\/\/arealorcaradio.es\/wp-content\/uploads\/2025\/01\/juan-peran-elche-300x210.webp 300w, https:\/\/arealorcaradio.es\/wp-content\/uploads\/2025\/01\/juan-peran-elche-1024x717.webp 1024w, https:\/\/arealorcaradio.es\/wp-content\/uploads\/2025\/01\/juan-peran-elche-768x538.webp 768w, https:\/\/arealorcaradio.es\/wp-content\/uploads\/2025\/01\/juan-peran-elche.webp 1200w\" sizes=\"auto, (max-width: 300px) 100vw, 300px\" \/><\/strong><\/p>\n<p><strong>Acto institucional el 16 de enero<\/strong><\/p>\n<p>El reconocimiento oficial se llevar\u00e1 a cabo el pr\u00f3ximo jueves 16 de enero a las 19:00 horas en el Sal\u00f3n de Plenos del Ayuntamiento de Elche, donde Juan Per\u00e1n recibir\u00e1 la distinci\u00f3n de Hijo Adoptivo en un acto institucional que rendir\u00e1 homenaje a su trayectoria.<\/p>\n<p>Con este nombramiento, el Ayuntamiento reconoce no solo su impacto en la econom\u00eda local, sino tambi\u00e9n los valores de seriedad, honestidad, excelencia y solidaridad que han definido su vida y carrera.<\/p>\n<p>Escucha aqu\u00ed la entrevista que ha concedido el empresario Juan Per\u00e1n, actual presidente de la Fundaci\u00f3n Pikolinos a Paco S\u00e1nchez en el magazine \u00c1rea Lorca Actualidad, donde se ha mostrado muy emocionado y agradecido por esta distinci\u00f3n de Hijo Adoptivo de Elche.<\/p>\n<audio class=\"wp-audio-shortcode\" id=\"audio-5224-1\" preload=\"none\" style=\"width: 100%;\" controls=\"controls\"><source type=\"audio\/mpeg\" src=\"https:\/\/arealorcaradio.es\/wp-content\/uploads\/2025\/01\/160125-JUAN-PERAN.-HIJO-ADOPTIVO-DE-ELCHE.mp3?_=1\" \/><a href=\"https:\/\/arealorcaradio.es\/wp-content\/uploads\/2025\/01\/160125-JUAN-PERAN.-HIJO-ADOPTIVO-DE-ELCHE.mp3\">https:\/\/arealorcaradio.es\/wp-content\/uploads\/2025\/01\/160125-JUAN-PERAN.-HIJO-ADOPTIVO-DE-ELCHE.mp3<\/a><\/audio>\n<p>&nbsp;<\/p>\n","protected":false},"excerpt":{"rendered":"<p>\u00c1REA LORCA RADIO. El Ayuntamiento de Elche, a trav\u00e9s de su Junta de Gobierno Local, ha decidi\u00f3 otorgar el t\u00edtulo de Hijo Adoptivo de Elche a Juan Per\u00e1n Ramos, fundador de Pikolinos y referente en el mundo del calzado en la ciudad ilicitana y a nivel mundial. Nacido en la pedan\u00eda lorquina de Torrealvilla, reside [&hellip;]<\/p>\n","protected":false},"author":1,"featured_media":5225,"comment_status":"open","ping_status":"open","sticky":false,"template":"","format":"standard","meta":{"iawp_total_views":53,"footnotes":""},"categories":[5,7],"tags":[],"class_list":["post-5224","post","type-post","status-publish","format-standard","has-post-thumbnail","hentry","category-actualidad","category-lorca"],"yoast_head":"<!-- This site is optimized with the Yoast SEO plugin v27.5 - https:\/\/yoast.com\/product\/yoast-seo-wordpress\/ -->\n<title>El empresario lorquino Juan Per\u00e1n, fundador de Pikolinos es nombrado hijo adoptivo de la ciudad de Elche - AREA LORCA RADIO<\/title>\n<meta name=\"robots\" content=\"index, follow, max-snippet:-1, max-image-preview:large, max-video-preview:-1\" \/>\n<link rel=\"canonical\" href=\"https:\/\/arealorcaradio.es\/index.php\/2025\/01\/16\/el-empresario-lorquino-juan-peran-fundador-de-pikolinos-es-nombrado-hijo-adoptivo-de-la-ciudad-de-elche\/\" \/>\n<meta property=\"og:locale\" content=\"es_ES\" \/>\n<meta property=\"og:type\" content=\"article\" \/>\n<meta property=\"og:title\" content=\"El empresario lorquino Juan Per\u00e1n, fundador de Pikolinos es nombrado hijo adoptivo de la ciudad de Elche - AREA LORCA RADIO\" \/>\n<meta property=\"og:description\" content=\"\u00c1REA LORCA RADIO. El Ayuntamiento de Elche, a trav\u00e9s de su Junta de Gobierno Local, ha decidi\u00f3 otorgar el t\u00edtulo de Hijo Adoptivo de Elche a Juan Per\u00e1n Ramos, fundador de Pikolinos y referente en el mundo del calzado en la ciudad ilicitana y a nivel mundial. Nacido en la pedan\u00eda lorquina de Torrealvilla, reside [&hellip;]\" \/>\n<meta property=\"og:url\" content=\"https:\/\/arealorcaradio.es\/index.php\/2025\/01\/16\/el-empresario-lorquino-juan-peran-fundador-de-pikolinos-es-nombrado-hijo-adoptivo-de-la-ciudad-de-elche\/\" \/>\n<meta property=\"og:site_name\" content=\"AREA LORCA RADIO\" \/>\n<meta property=\"article:published_time\" content=\"2025-01-16T18:02:01+00:00\" \/>\n<meta property=\"og:image\" content=\"https:\/\/arealorcaradio.es\/wp-content\/uploads\/2025\/01\/JUAN-PERAN-Y-FAMILIA-40-ANOS.jpg\" \/>\n\t<meta property=\"og:image:width\" content=\"2000\" \/>\n\t<meta property=\"og:image:height\" content=\"1331\" \/>\n\t<meta property=\"og:image:type\" content=\"image\/jpeg\" \/>\n<meta name=\"author\" content=\"Paco S\u00e1nchez\" \/>\n<meta name=\"twitter:card\" content=\"summary_large_image\" \/>\n<meta name=\"twitter:label1\" content=\"Escrito por\" \/>\n\t<meta name=\"twitter:data1\" content=\"Paco S\u00e1nchez\" \/>\n\t<meta name=\"twitter:label2\" content=\"Tiempo de lectura\" \/>\n\t<meta name=\"twitter:data2\" content=\"2 minutos\" \/>\n<script type=\"application\/ld+json\" class=\"yoast-schema-graph\">{\"@context\":\"https:\\\/\\\/schema.org\",\"@graph\":[{\"@type\":\"Article\",\"@id\":\"https:\\\/\\\/arealorcaradio.es\\\/index.php\\\/2025\\\/01\\\/16\\\/el-empresario-lorquino-juan-peran-fundador-de-pikolinos-es-nombrado-hijo-adoptivo-de-la-ciudad-de-elche\\\/#article\",\"isPartOf\":{\"@id\":\"https:\\\/\\\/arealorcaradio.es\\\/index.php\\\/2025\\\/01\\\/16\\\/el-empresario-lorquino-juan-peran-fundador-de-pikolinos-es-nombrado-hijo-adoptivo-de-la-ciudad-de-elche\\\/\"},\"author\":{\"name\":\"Paco S\u00e1nchez\",\"@id\":\"https:\\\/\\\/arealorcaradio.es\\\/#\\\/schema\\\/person\\\/9fae605fc25b0f2c83c1ab207139bd27\"},\"headline\":\"El empresario lorquino Juan Per\u00e1n, fundador de Pikolinos es nombrado hijo adoptivo de la ciudad de Elche\",\"datePublished\":\"2025-01-16T18:02:01+00:00\",\"mainEntityOfPage\":{\"@id\":\"https:\\\/\\\/arealorcaradio.es\\\/index.php\\\/2025\\\/01\\\/16\\\/el-empresario-lorquino-juan-peran-fundador-de-pikolinos-es-nombrado-hijo-adoptivo-de-la-ciudad-de-elche\\\/\"},\"wordCount\":285,\"commentCount\":0,\"image\":{\"@id\":\"https:\\\/\\\/arealorcaradio.es\\\/index.php\\\/2025\\\/01\\\/16\\\/el-empresario-lorquino-juan-peran-fundador-de-pikolinos-es-nombrado-hijo-adoptivo-de-la-ciudad-de-elche\\\/#primaryimage\"},\"thumbnailUrl\":\"https:\\\/\\\/arealorcaradio.es\\\/wp-content\\\/uploads\\\/2025\\\/01\\\/JUAN-PERAN-Y-FAMILIA-40-ANOS.jpg\",\"articleSection\":[\"ACTUALIDAD\",\"LORCA\"],\"inLanguage\":\"es\",\"potentialAction\":[{\"@type\":\"CommentAction\",\"name\":\"Comment\",\"target\":[\"https:\\\/\\\/arealorcaradio.es\\\/index.php\\\/2025\\\/01\\\/16\\\/el-empresario-lorquino-juan-peran-fundador-de-pikolinos-es-nombrado-hijo-adoptivo-de-la-ciudad-de-elche\\\/#respond\"]}]},{\"@type\":\"WebPage\",\"@id\":\"https:\\\/\\\/arealorcaradio.es\\\/index.php\\\/2025\\\/01\\\/16\\\/el-empresario-lorquino-juan-peran-fundador-de-pikolinos-es-nombrado-hijo-adoptivo-de-la-ciudad-de-elche\\\/\",\"url\":\"https:\\\/\\\/arealorcaradio.es\\\/index.php\\\/2025\\\/01\\\/16\\\/el-empresario-lorquino-juan-peran-fundador-de-pikolinos-es-nombrado-hijo-adoptivo-de-la-ciudad-de-elche\\\/\",\"name\":\"El empresario lorquino Juan Per\u00e1n, fundador de Pikolinos es nombrado hijo adoptivo de la ciudad de Elche - AREA LORCA RADIO\",\"isPartOf\":{\"@id\":\"https:\\\/\\\/arealorcaradio.es\\\/#website\"},\"primaryImageOfPage\":{\"@id\":\"https:\\\/\\\/arealorcaradio.es\\\/index.php\\\/2025\\\/01\\\/16\\\/el-empresario-lorquino-juan-peran-fundador-de-pikolinos-es-nombrado-hijo-adoptivo-de-la-ciudad-de-elche\\\/#primaryimage\"},\"image\":{\"@id\":\"https:\\\/\\\/arealorcaradio.es\\\/index.php\\\/2025\\\/01\\\/16\\\/el-empresario-lorquino-juan-peran-fundador-de-pikolinos-es-nombrado-hijo-adoptivo-de-la-ciudad-de-elche\\\/#primaryimage\"},\"thumbnailUrl\":\"https:\\\/\\\/arealorcaradio.es\\\/wp-content\\\/uploads\\\/2025\\\/01\\\/JUAN-PERAN-Y-FAMILIA-40-ANOS.jpg\",\"datePublished\":\"2025-01-16T18:02:01+00:00\",\"author\":{\"@id\":\"https:\\\/\\\/arealorcaradio.es\\\/#\\\/schema\\\/person\\\/9fae605fc25b0f2c83c1ab207139bd27\"},\"breadcrumb\":{\"@id\":\"https:\\\/\\\/arealorcaradio.es\\\/index.php\\\/2025\\\/01\\\/16\\\/el-empresario-lorquino-juan-peran-fundador-de-pikolinos-es-nombrado-hijo-adoptivo-de-la-ciudad-de-elche\\\/#breadcrumb\"},\"inLanguage\":\"es\",\"potentialAction\":[{\"@type\":\"ReadAction\",\"target\":[\"https:\\\/\\\/arealorcaradio.es\\\/index.php\\\/2025\\\/01\\\/16\\\/el-empresario-lorquino-juan-peran-fundador-de-pikolinos-es-nombrado-hijo-adoptivo-de-la-ciudad-de-elche\\\/\"]}]},{\"@type\":\"ImageObject\",\"inLanguage\":\"es\",\"@id\":\"https:\\\/\\\/arealorcaradio.es\\\/index.php\\\/2025\\\/01\\\/16\\\/el-empresario-lorquino-juan-peran-fundador-de-pikolinos-es-nombrado-hijo-adoptivo-de-la-ciudad-de-elche\\\/#primaryimage\",\"url\":\"https:\\\/\\\/arealorcaradio.es\\\/wp-content\\\/uploads\\\/2025\\\/01\\\/JUAN-PERAN-Y-FAMILIA-40-ANOS.jpg\",\"contentUrl\":\"https:\\\/\\\/arealorcaradio.es\\\/wp-content\\\/uploads\\\/2025\\\/01\\\/JUAN-PERAN-Y-FAMILIA-40-ANOS.jpg\",\"width\":2000,\"height\":1331},{\"@type\":\"BreadcrumbList\",\"@id\":\"https:\\\/\\\/arealorcaradio.es\\\/index.php\\\/2025\\\/01\\\/16\\\/el-empresario-lorquino-juan-peran-fundador-de-pikolinos-es-nombrado-hijo-adoptivo-de-la-ciudad-de-elche\\\/#breadcrumb\",\"itemListElement\":[{\"@type\":\"ListItem\",\"position\":1,\"name\":\"Portada\",\"item\":\"https:\\\/\\\/arealorcaradio.es\\\/\"},{\"@type\":\"ListItem\",\"position\":2,\"name\":\"El empresario lorquino Juan Per\u00e1n, fundador de Pikolinos es nombrado hijo adoptivo de la ciudad de Elche\"}]},{\"@type\":\"WebSite\",\"@id\":\"https:\\\/\\\/arealorcaradio.es\\\/#website\",\"url\":\"https:\\\/\\\/arealorcaradio.es\\\/\",\"name\":\"AREA LORCA RADIO\",\"description\":\"Descubre la programaci\u00f3n actual en \u00c1rea Lorca Radio, tu fuente de entrenamiento y noticias locales. Sintoniza ahora y mantente conectado online.\",\"potentialAction\":[{\"@type\":\"SearchAction\",\"target\":{\"@type\":\"EntryPoint\",\"urlTemplate\":\"https:\\\/\\\/arealorcaradio.es\\\/?s={search_term_string}\"},\"query-input\":{\"@type\":\"PropertyValueSpecification\",\"valueRequired\":true,\"valueName\":\"search_term_string\"}}],\"inLanguage\":\"es\"},{\"@type\":\"Person\",\"@id\":\"https:\\\/\\\/arealorcaradio.es\\\/#\\\/schema\\\/person\\\/9fae605fc25b0f2c83c1ab207139bd27\",\"name\":\"Paco S\u00e1nchez\",\"image\":{\"@type\":\"ImageObject\",\"inLanguage\":\"es\",\"@id\":\"https:\\\/\\\/secure.gravatar.com\\\/avatar\\\/d67144e966420fb74aa84c9f2a0103be4724fd14db52b52d3b6bca749f257e79?s=96&d=mm&r=g\",\"url\":\"https:\\\/\\\/secure.gravatar.com\\\/avatar\\\/d67144e966420fb74aa84c9f2a0103be4724fd14db52b52d3b6bca749f257e79?s=96&d=mm&r=g\",\"contentUrl\":\"https:\\\/\\\/secure.gravatar.com\\\/avatar\\\/d67144e966420fb74aa84c9f2a0103be4724fd14db52b52d3b6bca749f257e79?s=96&d=mm&r=g\",\"caption\":\"Paco S\u00e1nchez\"},\"sameAs\":[\"https:\\\/\\\/arealorcaradio.es\"],\"url\":\"https:\\\/\\\/arealorcaradio.es\\\/index.php\\\/author\\\/admin_alorcaradio\\\/\"}]}<\/script>\n<!-- \/ Yoast SEO plugin. -->","yoast_head_json":{"title":"El empresario lorquino Juan Per\u00e1n, fundador de Pikolinos es nombrado hijo adoptivo de la ciudad de Elche - AREA LORCA RADIO","robots":{"index":"index","follow":"follow","max-snippet":"max-snippet:-1","max-image-preview":"max-image-preview:large","max-video-preview":"max-video-preview:-1"},"canonical":"https:\/\/arealorcaradio.es\/index.php\/2025\/01\/16\/el-empresario-lorquino-juan-peran-fundador-de-pikolinos-es-nombrado-hijo-adoptivo-de-la-ciudad-de-elche\/","og_locale":"es_ES","og_type":"article","og_title":"El empresario lorquino Juan Per\u00e1n, fundador de Pikolinos es nombrado hijo adoptivo de la ciudad de Elche - AREA LORCA RADIO","og_description":"\u00c1REA LORCA RADIO. El Ayuntamiento de Elche, a trav\u00e9s de su Junta de Gobierno Local, ha decidi\u00f3 otorgar el t\u00edtulo de Hijo Adoptivo de Elche a Juan Per\u00e1n Ramos, fundador de Pikolinos y referente en el mundo del calzado en la ciudad ilicitana y a nivel mundial. Nacido en la pedan\u00eda lorquina de Torrealvilla, reside [&hellip;]","og_url":"https:\/\/arealorcaradio.es\/index.php\/2025\/01\/16\/el-empresario-lorquino-juan-peran-fundador-de-pikolinos-es-nombrado-hijo-adoptivo-de-la-ciudad-de-elche\/","og_site_name":"AREA LORCA RADIO","article_published_time":"2025-01-16T18:02:01+00:00","og_image":[{"width":2000,"height":1331,"url":"https:\/\/arealorcaradio.es\/wp-content\/uploads\/2025\/01\/JUAN-PERAN-Y-FAMILIA-40-ANOS.jpg","type":"image\/jpeg"}],"author":"Paco S\u00e1nchez","twitter_card":"summary_large_image","twitter_misc":{"Escrito por":"Paco S\u00e1nchez","Tiempo de lectura":"2 minutos"},"schema":{"@context":"https:\/\/schema.org","@graph":[{"@type":"Article","@id":"https:\/\/arealorcaradio.es\/index.php\/2025\/01\/16\/el-empresario-lorquino-juan-peran-fundador-de-pikolinos-es-nombrado-hijo-adoptivo-de-la-ciudad-de-elche\/#article","isPartOf":{"@id":"https:\/\/arealorcaradio.es\/index.php\/2025\/01\/16\/el-empresario-lorquino-juan-peran-fundador-de-pikolinos-es-nombrado-hijo-adoptivo-de-la-ciudad-de-elche\/"},"author":{"name":"Paco S\u00e1nchez","@id":"https:\/\/arealorcaradio.es\/#\/schema\/person\/9fae605fc25b0f2c83c1ab207139bd27"},"headline":"El empresario lorquino Juan Per\u00e1n, fundador de Pikolinos es nombrado hijo adoptivo de la ciudad de Elche","datePublished":"2025-01-16T18:02:01+00:00","mainEntityOfPage":{"@id":"https:\/\/arealorcaradio.es\/index.php\/2025\/01\/16\/el-empresario-lorquino-juan-peran-fundador-de-pikolinos-es-nombrado-hijo-adoptivo-de-la-ciudad-de-elche\/"},"wordCount":285,"commentCount":0,"image":{"@id":"https:\/\/arealorcaradio.es\/index.php\/2025\/01\/16\/el-empresario-lorquino-juan-peran-fundador-de-pikolinos-es-nombrado-hijo-adoptivo-de-la-ciudad-de-elche\/#primaryimage"},"thumbnailUrl":"https:\/\/arealorcaradio.es\/wp-content\/uploads\/2025\/01\/JUAN-PERAN-Y-FAMILIA-40-ANOS.jpg","articleSection":["ACTUALIDAD","LORCA"],"inLanguage":"es","potentialAction":[{"@type":"CommentAction","name":"Comment","target":["https:\/\/arealorcaradio.es\/index.php\/2025\/01\/16\/el-empresario-lorquino-juan-peran-fundador-de-pikolinos-es-nombrado-hijo-adoptivo-de-la-ciudad-de-elche\/#respond"]}]},{"@type":"WebPage","@id":"https:\/\/arealorcaradio.es\/index.php\/2025\/01\/16\/el-empresario-lorquino-juan-peran-fundador-de-pikolinos-es-nombrado-hijo-adoptivo-de-la-ciudad-de-elche\/","url":"https:\/\/arealorcaradio.es\/index.php\/2025\/01\/16\/el-empresario-lorquino-juan-peran-fundador-de-pikolinos-es-nombrado-hijo-adoptivo-de-la-ciudad-de-elche\/","name":"El empresario lorquino Juan Per\u00e1n, fundador de Pikolinos es nombrado hijo adoptivo de la ciudad de Elche - AREA LORCA RADIO","isPartOf":{"@id":"https:\/\/arealorcaradio.es\/#website"},"primaryImageOfPage":{"@id":"https:\/\/arealorcaradio.es\/index.php\/2025\/01\/16\/el-empresario-lorquino-juan-peran-fundador-de-pikolinos-es-nombrado-hijo-adoptivo-de-la-ciudad-de-elche\/#primaryimage"},"image":{"@id":"https:\/\/arealorcaradio.es\/index.php\/2025\/01\/16\/el-empresario-lorquino-juan-peran-fundador-de-pikolinos-es-nombrado-hijo-adoptivo-de-la-ciudad-de-elche\/#primaryimage"},"thumbnailUrl":"https:\/\/arealorcaradio.es\/wp-content\/uploads\/2025\/01\/JUAN-PERAN-Y-FAMILIA-40-ANOS.jpg","datePublished":"2025-01-16T18:02:01+00:00","author":{"@id":"https:\/\/arealorcaradio.es\/#\/schema\/person\/9fae605fc25b0f2c83c1ab207139bd27"},"breadcrumb":{"@id":"https:\/\/arealorcaradio.es\/index.php\/2025\/01\/16\/el-empresario-lorquino-juan-peran-fundador-de-pikolinos-es-nombrado-hijo-adoptivo-de-la-ciudad-de-elche\/#breadcrumb"},"inLanguage":"es","potentialAction":[{"@type":"ReadAction","target":["https:\/\/arealorcaradio.es\/index.php\/2025\/01\/16\/el-empresario-lorquino-juan-peran-fundador-de-pikolinos-es-nombrado-hijo-adoptivo-de-la-ciudad-de-elche\/"]}]},{"@type":"ImageObject","inLanguage":"es","@id":"https:\/\/arealorcaradio.es\/index.php\/2025\/01\/16\/el-empresario-lorquino-juan-peran-fundador-de-pikolinos-es-nombrado-hijo-adoptivo-de-la-ciudad-de-elche\/#primaryimage","url":"https:\/\/arealorcaradio.es\/wp-content\/uploads\/2025\/01\/JUAN-PERAN-Y-FAMILIA-40-ANOS.jpg","contentUrl":"https:\/\/arealorcaradio.es\/wp-content\/uploads\/2025\/01\/JUAN-PERAN-Y-FAMILIA-40-ANOS.jpg","width":2000,"height":1331},{"@type":"BreadcrumbList","@id":"https:\/\/arealorcaradio.es\/index.php\/2025\/01\/16\/el-empresario-lorquino-juan-peran-fundador-de-pikolinos-es-nombrado-hijo-adoptivo-de-la-ciudad-de-elche\/#breadcrumb","itemListElement":[{"@type":"ListItem","position":1,"name":"Portada","item":"https:\/\/arealorcaradio.es\/"},{"@type":"ListItem","position":2,"name":"El empresario lorquino Juan Per\u00e1n, fundador de Pikolinos es nombrado hijo adoptivo de la ciudad de Elche"}]},{"@type":"WebSite","@id":"https:\/\/arealorcaradio.es\/#website","url":"https:\/\/arealorcaradio.es\/","name":"AREA LORCA RADIO","description":"Descubre la programaci\u00f3n actual en \u00c1rea Lorca Radio, tu fuente de entrenamiento y noticias locales. Sintoniza ahora y mantente conectado online.","potentialAction":[{"@type":"SearchAction","target":{"@type":"EntryPoint","urlTemplate":"https:\/\/arealorcaradio.es\/?s={search_term_string}"},"query-input":{"@type":"PropertyValueSpecification","valueRequired":true,"valueName":"search_term_string"}}],"inLanguage":"es"},{"@type":"Person","@id":"https:\/\/arealorcaradio.es\/#\/schema\/person\/9fae605fc25b0f2c83c1ab207139bd27","name":"Paco S\u00e1nchez","image":{"@type":"ImageObject","inLanguage":"es","@id":"https:\/\/secure.gravatar.com\/avatar\/d67144e966420fb74aa84c9f2a0103be4724fd14db52b52d3b6bca749f257e79?s=96&d=mm&r=g","url":"https:\/\/secure.gravatar.com\/avatar\/d67144e966420fb74aa84c9f2a0103be4724fd14db52b52d3b6bca749f257e79?s=96&d=mm&r=g","contentUrl":"https:\/\/secure.gravatar.com\/avatar\/d67144e966420fb74aa84c9f2a0103be4724fd14db52b52d3b6bca749f257e79?s=96&d=mm&r=g","caption":"Paco S\u00e1nchez"},"sameAs":["https:\/\/arealorcaradio.es"],"url":"https:\/\/arealorcaradio.es\/index.php\/author\/admin_alorcaradio\/"}]}},"_links":{"self":[{"href":"https:\/\/arealorcaradio.es\/index.php\/wp-json\/wp\/v2\/posts\/5224","targetHints":{"allow":["GET"]}}],"collection":[{"href":"https:\/\/arealorcaradio.es\/index.php\/wp-json\/wp\/v2\/posts"}],"about":[{"href":"https:\/\/arealorcaradio.es\/index.php\/wp-json\/wp\/v2\/types\/post"}],"author":[{"embeddable":true,"href":"https:\/\/arealorcaradio.es\/index.php\/wp-json\/wp\/v2\/users\/1"}],"replies":[{"embeddable":true,"href":"https:\/\/arealorcaradio.es\/index.php\/wp-json\/wp\/v2\/comments?post=5224"}],"version-history":[{"count":2,"href":"https:\/\/arealorcaradio.es\/index.php\/wp-json\/wp\/v2\/posts\/5224\/revisions"}],"predecessor-version":[{"id":5229,"href":"https:\/\/arealorcaradio.es\/index.php\/wp-json\/wp\/v2\/posts\/5224\/revisions\/5229"}],"wp:featuredmedia":[{"embeddable":true,"href":"https:\/\/arealorcaradio.es\/index.php\/wp-json\/wp\/v2\/media\/5225"}],"wp:attachment":[{"href":"https:\/\/arealorcaradio.es\/index.php\/wp-json\/wp\/v2\/media?parent=5224"}],"wp:term":[{"taxonomy":"category","embeddable":true,"href":"https:\/\/arealorcaradio.es\/index.php\/wp-json\/wp\/v2\/categories?post=5224"},{"taxonomy":"post_tag","embeddable":true,"href":"https:\/\/arealorcaradio.es\/index.php\/wp-json\/wp\/v2\/tags?post=5224"}],"curies":[{"name":"wp","href":"https:\/\/api.w.org\/{rel}","templated":true}]}}