{"id":5210,"date":"2025-01-15T21:43:07","date_gmt":"2025-01-15T21:43:07","guid":{"rendered":"https:\/\/arealorcaradio.es\/?p=5210"},"modified":"2025-01-15T21:43:38","modified_gmt":"2025-01-15T21:43:38","slug":"el-club-puertas-lorca-estrena-nueva-indumentaria-en-una-nueva-temporada-ilusionante","status":"publish","type":"post","link":"https:\/\/arealorcaradio.es\/index.php\/2025\/01\/15\/el-club-puertas-lorca-estrena-nueva-indumentaria-en-una-nueva-temporada-ilusionante\/","title":{"rendered":"El Club Puertas Lorca estrena nueva indumentaria en una temporada ilusionante"},"content":{"rendered":"<p>\u00c1REA LORCA RADIO. Deportes.<\/p>\n<p>Escucha aqu\u00ed la intervenci\u00f3n de Mario Molina y Juan Manuel Navarro en el programa \u00c1rea Lorca Deportes. Molina Salas habla de la presentaci\u00f3n de las nueva indumentaria del Puertas Lorca que cont\u00f3 con la presencia entre otros del concejal de deportes del Ayuntamiento de Lorca, Juan Miguel Bayonas, as\u00ed como con el presidente de la FAMU, Antonio Jes\u00fas Berm\u00fadez Cutillas, qui\u00e9n se desplaz\u00f3 desde Cieza para la ocasi\u00f3n.<\/p>\n<audio class=\"wp-audio-shortcode\" id=\"audio-5210-1\" preload=\"none\" style=\"width: 100%;\" controls=\"controls\"><source type=\"audio\/mpeg\" src=\"https:\/\/arealorcaradio.es\/wp-content\/uploads\/2025\/01\/140125-MARIO-MOLINA-Y-JUAN-MANUEL-NAVARRO.mp3?_=1\" \/><a href=\"https:\/\/arealorcaradio.es\/wp-content\/uploads\/2025\/01\/140125-MARIO-MOLINA-Y-JUAN-MANUEL-NAVARRO.mp3\">https:\/\/arealorcaradio.es\/wp-content\/uploads\/2025\/01\/140125-MARIO-MOLINA-Y-JUAN-MANUEL-NAVARRO.mp3<\/a><\/audio>\n<p><img loading=\"lazy\" decoding=\"async\" class=\"alignnone wp-image-5213\" src=\"https:\/\/arealorcaradio.es\/wp-content\/uploads\/2025\/01\/IMG-20250114-WA0020-300x289.jpg\" alt=\"\" width=\"311\" height=\"300\" srcset=\"https:\/\/arealorcaradio.es\/wp-content\/uploads\/2025\/01\/IMG-20250114-WA0020-300x289.jpg 300w, https:\/\/arealorcaradio.es\/wp-content\/uploads\/2025\/01\/IMG-20250114-WA0020-1024x986.jpg 1024w, https:\/\/arealorcaradio.es\/wp-content\/uploads\/2025\/01\/IMG-20250114-WA0020-768x739.jpg 768w, https:\/\/arealorcaradio.es\/wp-content\/uploads\/2025\/01\/IMG-20250114-WA0020-1536x1478.jpg 1536w, https:\/\/arealorcaradio.es\/wp-content\/uploads\/2025\/01\/IMG-20250114-WA0020.jpg 1600w\" sizes=\"auto, (max-width: 311px) 100vw, 311px\" \/> \u00a0<img loading=\"lazy\" decoding=\"async\" class=\"alignnone size-medium wp-image-5214\" src=\"https:\/\/arealorcaradio.es\/wp-content\/uploads\/2025\/01\/IMG-20250114-WA0022-135x300.jpg\" alt=\"\" width=\"135\" height=\"300\" srcset=\"https:\/\/arealorcaradio.es\/wp-content\/uploads\/2025\/01\/IMG-20250114-WA0022-135x300.jpg 135w, https:\/\/arealorcaradio.es\/wp-content\/uploads\/2025\/01\/IMG-20250114-WA0022-461x1024.jpg 461w, https:\/\/arealorcaradio.es\/wp-content\/uploads\/2025\/01\/IMG-20250114-WA0022-768x1707.jpg 768w, https:\/\/arealorcaradio.es\/wp-content\/uploads\/2025\/01\/IMG-20250114-WA0022-691x1536.jpg 691w, https:\/\/arealorcaradio.es\/wp-content\/uploads\/2025\/01\/IMG-20250114-WA0022.jpg 900w\" sizes=\"auto, (max-width: 135px) 100vw, 135px\" \/><\/p>\n<p>Directiva del Club Puertas Lorca y una de las \u00faltimas incorporaciones, Juan Manuel Navarro.<\/p>\n","protected":false},"excerpt":{"rendered":"<p>\u00c1REA LORCA RADIO. Deportes. Escucha aqu\u00ed la intervenci\u00f3n de Mario Molina y Juan Manuel Navarro en el programa \u00c1rea Lorca Deportes. Molina Salas habla de la presentaci\u00f3n de las nueva indumentaria del Puertas Lorca que cont\u00f3 con la presencia entre otros del concejal de deportes del Ayuntamiento de Lorca, Juan Miguel Bayonas, as\u00ed como con [&hellip;]<\/p>\n","protected":false},"author":1,"featured_media":5212,"comment_status":"open","ping_status":"open","sticky":false,"template":"","format":"standard","meta":{"iawp_total_views":82,"footnotes":""},"categories":[4,7],"tags":[],"class_list":["post-5210","post","type-post","status-publish","format-standard","has-post-thumbnail","hentry","category-deportes","category-lorca"],"yoast_head":"<!-- This site is optimized with the Yoast SEO plugin v27.5 - https:\/\/yoast.com\/product\/yoast-seo-wordpress\/ -->\n<title>El Club Puertas Lorca estrena nueva indumentaria en una temporada ilusionante - AREA LORCA RADIO<\/title>\n<meta name=\"robots\" content=\"index, follow, max-snippet:-1, max-image-preview:large, max-video-preview:-1\" \/>\n<link rel=\"canonical\" href=\"https:\/\/arealorcaradio.es\/index.php\/2025\/01\/15\/el-club-puertas-lorca-estrena-nueva-indumentaria-en-una-nueva-temporada-ilusionante\/\" \/>\n<meta property=\"og:locale\" content=\"es_ES\" \/>\n<meta property=\"og:type\" content=\"article\" \/>\n<meta property=\"og:title\" content=\"El Club Puertas Lorca estrena nueva indumentaria en una temporada ilusionante - AREA LORCA RADIO\" \/>\n<meta property=\"og:description\" content=\"\u00c1REA LORCA RADIO. Deportes. Escucha aqu\u00ed la intervenci\u00f3n de Mario Molina y Juan Manuel Navarro en el programa \u00c1rea Lorca Deportes. Molina Salas habla de la presentaci\u00f3n de las nueva indumentaria del Puertas Lorca que cont\u00f3 con la presencia entre otros del concejal de deportes del Ayuntamiento de Lorca, Juan Miguel Bayonas, as\u00ed como con [&hellip;]\" \/>\n<meta property=\"og:url\" content=\"https:\/\/arealorcaradio.es\/index.php\/2025\/01\/15\/el-club-puertas-lorca-estrena-nueva-indumentaria-en-una-nueva-temporada-ilusionante\/\" \/>\n<meta property=\"og:site_name\" content=\"AREA LORCA RADIO\" \/>\n<meta property=\"article:published_time\" content=\"2025-01-15T21:43:07+00:00\" \/>\n<meta property=\"article:modified_time\" content=\"2025-01-15T21:43:38+00:00\" \/>\n<meta property=\"og:image\" content=\"https:\/\/arealorcaradio.es\/wp-content\/uploads\/2025\/01\/IMG-20250114-WA0021.jpg\" \/>\n\t<meta property=\"og:image:width\" content=\"1592\" \/>\n\t<meta property=\"og:image:height\" content=\"816\" \/>\n\t<meta property=\"og:image:type\" content=\"image\/jpeg\" \/>\n<meta name=\"author\" content=\"Paco S\u00e1nchez\" \/>\n<meta name=\"twitter:card\" content=\"summary_large_image\" \/>\n<meta name=\"twitter:label1\" content=\"Escrito por\" \/>\n\t<meta name=\"twitter:data1\" content=\"Paco S\u00e1nchez\" \/>\n\t<meta name=\"twitter:label2\" content=\"Tiempo de lectura\" \/>\n\t<meta name=\"twitter:data2\" content=\"2 minutos\" \/>\n<script type=\"application\/ld+json\" class=\"yoast-schema-graph\">{\"@context\":\"https:\\\/\\\/schema.org\",\"@graph\":[{\"@type\":\"Article\",\"@id\":\"https:\\\/\\\/arealorcaradio.es\\\/index.php\\\/2025\\\/01\\\/15\\\/el-club-puertas-lorca-estrena-nueva-indumentaria-en-una-nueva-temporada-ilusionante\\\/#article\",\"isPartOf\":{\"@id\":\"https:\\\/\\\/arealorcaradio.es\\\/index.php\\\/2025\\\/01\\\/15\\\/el-club-puertas-lorca-estrena-nueva-indumentaria-en-una-nueva-temporada-ilusionante\\\/\"},\"author\":{\"name\":\"Paco S\u00e1nchez\",\"@id\":\"https:\\\/\\\/arealorcaradio.es\\\/#\\\/schema\\\/person\\\/9fae605fc25b0f2c83c1ab207139bd27\"},\"headline\":\"El Club Puertas Lorca estrena nueva indumentaria en una temporada ilusionante\",\"datePublished\":\"2025-01-15T21:43:07+00:00\",\"dateModified\":\"2025-01-15T21:43:38+00:00\",\"mainEntityOfPage\":{\"@id\":\"https:\\\/\\\/arealorcaradio.es\\\/index.php\\\/2025\\\/01\\\/15\\\/el-club-puertas-lorca-estrena-nueva-indumentaria-en-una-nueva-temporada-ilusionante\\\/\"},\"wordCount\":113,\"commentCount\":0,\"image\":{\"@id\":\"https:\\\/\\\/arealorcaradio.es\\\/index.php\\\/2025\\\/01\\\/15\\\/el-club-puertas-lorca-estrena-nueva-indumentaria-en-una-nueva-temporada-ilusionante\\\/#primaryimage\"},\"thumbnailUrl\":\"https:\\\/\\\/arealorcaradio.es\\\/wp-content\\\/uploads\\\/2025\\\/01\\\/IMG-20250114-WA0021.jpg\",\"articleSection\":[\"DEPORTES\",\"LORCA\"],\"inLanguage\":\"es\",\"potentialAction\":[{\"@type\":\"CommentAction\",\"name\":\"Comment\",\"target\":[\"https:\\\/\\\/arealorcaradio.es\\\/index.php\\\/2025\\\/01\\\/15\\\/el-club-puertas-lorca-estrena-nueva-indumentaria-en-una-nueva-temporada-ilusionante\\\/#respond\"]}]},{\"@type\":\"WebPage\",\"@id\":\"https:\\\/\\\/arealorcaradio.es\\\/index.php\\\/2025\\\/01\\\/15\\\/el-club-puertas-lorca-estrena-nueva-indumentaria-en-una-nueva-temporada-ilusionante\\\/\",\"url\":\"https:\\\/\\\/arealorcaradio.es\\\/index.php\\\/2025\\\/01\\\/15\\\/el-club-puertas-lorca-estrena-nueva-indumentaria-en-una-nueva-temporada-ilusionante\\\/\",\"name\":\"El Club Puertas Lorca estrena nueva indumentaria en una temporada ilusionante - AREA LORCA RADIO\",\"isPartOf\":{\"@id\":\"https:\\\/\\\/arealorcaradio.es\\\/#website\"},\"primaryImageOfPage\":{\"@id\":\"https:\\\/\\\/arealorcaradio.es\\\/index.php\\\/2025\\\/01\\\/15\\\/el-club-puertas-lorca-estrena-nueva-indumentaria-en-una-nueva-temporada-ilusionante\\\/#primaryimage\"},\"image\":{\"@id\":\"https:\\\/\\\/arealorcaradio.es\\\/index.php\\\/2025\\\/01\\\/15\\\/el-club-puertas-lorca-estrena-nueva-indumentaria-en-una-nueva-temporada-ilusionante\\\/#primaryimage\"},\"thumbnailUrl\":\"https:\\\/\\\/arealorcaradio.es\\\/wp-content\\\/uploads\\\/2025\\\/01\\\/IMG-20250114-WA0021.jpg\",\"datePublished\":\"2025-01-15T21:43:07+00:00\",\"dateModified\":\"2025-01-15T21:43:38+00:00\",\"author\":{\"@id\":\"https:\\\/\\\/arealorcaradio.es\\\/#\\\/schema\\\/person\\\/9fae605fc25b0f2c83c1ab207139bd27\"},\"breadcrumb\":{\"@id\":\"https:\\\/\\\/arealorcaradio.es\\\/index.php\\\/2025\\\/01\\\/15\\\/el-club-puertas-lorca-estrena-nueva-indumentaria-en-una-nueva-temporada-ilusionante\\\/#breadcrumb\"},\"inLanguage\":\"es\",\"potentialAction\":[{\"@type\":\"ReadAction\",\"target\":[\"https:\\\/\\\/arealorcaradio.es\\\/index.php\\\/2025\\\/01\\\/15\\\/el-club-puertas-lorca-estrena-nueva-indumentaria-en-una-nueva-temporada-ilusionante\\\/\"]}]},{\"@type\":\"ImageObject\",\"inLanguage\":\"es\",\"@id\":\"https:\\\/\\\/arealorcaradio.es\\\/index.php\\\/2025\\\/01\\\/15\\\/el-club-puertas-lorca-estrena-nueva-indumentaria-en-una-nueva-temporada-ilusionante\\\/#primaryimage\",\"url\":\"https:\\\/\\\/arealorcaradio.es\\\/wp-content\\\/uploads\\\/2025\\\/01\\\/IMG-20250114-WA0021.jpg\",\"contentUrl\":\"https:\\\/\\\/arealorcaradio.es\\\/wp-content\\\/uploads\\\/2025\\\/01\\\/IMG-20250114-WA0021.jpg\",\"width\":1592,\"height\":816},{\"@type\":\"BreadcrumbList\",\"@id\":\"https:\\\/\\\/arealorcaradio.es\\\/index.php\\\/2025\\\/01\\\/15\\\/el-club-puertas-lorca-estrena-nueva-indumentaria-en-una-nueva-temporada-ilusionante\\\/#breadcrumb\",\"itemListElement\":[{\"@type\":\"ListItem\",\"position\":1,\"name\":\"Portada\",\"item\":\"https:\\\/\\\/arealorcaradio.es\\\/\"},{\"@type\":\"ListItem\",\"position\":2,\"name\":\"El Club Puertas Lorca estrena nueva indumentaria en una temporada ilusionante\"}]},{\"@type\":\"WebSite\",\"@id\":\"https:\\\/\\\/arealorcaradio.es\\\/#website\",\"url\":\"https:\\\/\\\/arealorcaradio.es\\\/\",\"name\":\"AREA LORCA RADIO\",\"description\":\"Descubre la programaci\u00f3n actual en \u00c1rea Lorca Radio, tu fuente de entrenamiento y noticias locales. Sintoniza ahora y mantente conectado online.\",\"potentialAction\":[{\"@type\":\"SearchAction\",\"target\":{\"@type\":\"EntryPoint\",\"urlTemplate\":\"https:\\\/\\\/arealorcaradio.es\\\/?s={search_term_string}\"},\"query-input\":{\"@type\":\"PropertyValueSpecification\",\"valueRequired\":true,\"valueName\":\"search_term_string\"}}],\"inLanguage\":\"es\"},{\"@type\":\"Person\",\"@id\":\"https:\\\/\\\/arealorcaradio.es\\\/#\\\/schema\\\/person\\\/9fae605fc25b0f2c83c1ab207139bd27\",\"name\":\"Paco S\u00e1nchez\",\"image\":{\"@type\":\"ImageObject\",\"inLanguage\":\"es\",\"@id\":\"https:\\\/\\\/secure.gravatar.com\\\/avatar\\\/d67144e966420fb74aa84c9f2a0103be4724fd14db52b52d3b6bca749f257e79?s=96&d=mm&r=g\",\"url\":\"https:\\\/\\\/secure.gravatar.com\\\/avatar\\\/d67144e966420fb74aa84c9f2a0103be4724fd14db52b52d3b6bca749f257e79?s=96&d=mm&r=g\",\"contentUrl\":\"https:\\\/\\\/secure.gravatar.com\\\/avatar\\\/d67144e966420fb74aa84c9f2a0103be4724fd14db52b52d3b6bca749f257e79?s=96&d=mm&r=g\",\"caption\":\"Paco S\u00e1nchez\"},\"sameAs\":[\"https:\\\/\\\/arealorcaradio.es\"],\"url\":\"https:\\\/\\\/arealorcaradio.es\\\/index.php\\\/author\\\/admin_alorcaradio\\\/\"}]}<\/script>\n<!-- \/ Yoast SEO plugin. -->","yoast_head_json":{"title":"El Club Puertas Lorca estrena nueva indumentaria en una temporada ilusionante - AREA LORCA RADIO","robots":{"index":"index","follow":"follow","max-snippet":"max-snippet:-1","max-image-preview":"max-image-preview:large","max-video-preview":"max-video-preview:-1"},"canonical":"https:\/\/arealorcaradio.es\/index.php\/2025\/01\/15\/el-club-puertas-lorca-estrena-nueva-indumentaria-en-una-nueva-temporada-ilusionante\/","og_locale":"es_ES","og_type":"article","og_title":"El Club Puertas Lorca estrena nueva indumentaria en una temporada ilusionante - AREA LORCA RADIO","og_description":"\u00c1REA LORCA RADIO. Deportes. Escucha aqu\u00ed la intervenci\u00f3n de Mario Molina y Juan Manuel Navarro en el programa \u00c1rea Lorca Deportes. Molina Salas habla de la presentaci\u00f3n de las nueva indumentaria del Puertas Lorca que cont\u00f3 con la presencia entre otros del concejal de deportes del Ayuntamiento de Lorca, Juan Miguel Bayonas, as\u00ed como con [&hellip;]","og_url":"https:\/\/arealorcaradio.es\/index.php\/2025\/01\/15\/el-club-puertas-lorca-estrena-nueva-indumentaria-en-una-nueva-temporada-ilusionante\/","og_site_name":"AREA LORCA RADIO","article_published_time":"2025-01-15T21:43:07+00:00","article_modified_time":"2025-01-15T21:43:38+00:00","og_image":[{"width":1592,"height":816,"url":"https:\/\/arealorcaradio.es\/wp-content\/uploads\/2025\/01\/IMG-20250114-WA0021.jpg","type":"image\/jpeg"}],"author":"Paco S\u00e1nchez","twitter_card":"summary_large_image","twitter_misc":{"Escrito por":"Paco S\u00e1nchez","Tiempo de lectura":"2 minutos"},"schema":{"@context":"https:\/\/schema.org","@graph":[{"@type":"Article","@id":"https:\/\/arealorcaradio.es\/index.php\/2025\/01\/15\/el-club-puertas-lorca-estrena-nueva-indumentaria-en-una-nueva-temporada-ilusionante\/#article","isPartOf":{"@id":"https:\/\/arealorcaradio.es\/index.php\/2025\/01\/15\/el-club-puertas-lorca-estrena-nueva-indumentaria-en-una-nueva-temporada-ilusionante\/"},"author":{"name":"Paco S\u00e1nchez","@id":"https:\/\/arealorcaradio.es\/#\/schema\/person\/9fae605fc25b0f2c83c1ab207139bd27"},"headline":"El Club Puertas Lorca estrena nueva indumentaria en una temporada ilusionante","datePublished":"2025-01-15T21:43:07+00:00","dateModified":"2025-01-15T21:43:38+00:00","mainEntityOfPage":{"@id":"https:\/\/arealorcaradio.es\/index.php\/2025\/01\/15\/el-club-puertas-lorca-estrena-nueva-indumentaria-en-una-nueva-temporada-ilusionante\/"},"wordCount":113,"commentCount":0,"image":{"@id":"https:\/\/arealorcaradio.es\/index.php\/2025\/01\/15\/el-club-puertas-lorca-estrena-nueva-indumentaria-en-una-nueva-temporada-ilusionante\/#primaryimage"},"thumbnailUrl":"https:\/\/arealorcaradio.es\/wp-content\/uploads\/2025\/01\/IMG-20250114-WA0021.jpg","articleSection":["DEPORTES","LORCA"],"inLanguage":"es","potentialAction":[{"@type":"CommentAction","name":"Comment","target":["https:\/\/arealorcaradio.es\/index.php\/2025\/01\/15\/el-club-puertas-lorca-estrena-nueva-indumentaria-en-una-nueva-temporada-ilusionante\/#respond"]}]},{"@type":"WebPage","@id":"https:\/\/arealorcaradio.es\/index.php\/2025\/01\/15\/el-club-puertas-lorca-estrena-nueva-indumentaria-en-una-nueva-temporada-ilusionante\/","url":"https:\/\/arealorcaradio.es\/index.php\/2025\/01\/15\/el-club-puertas-lorca-estrena-nueva-indumentaria-en-una-nueva-temporada-ilusionante\/","name":"El Club Puertas Lorca estrena nueva indumentaria en una temporada ilusionante - AREA LORCA RADIO","isPartOf":{"@id":"https:\/\/arealorcaradio.es\/#website"},"primaryImageOfPage":{"@id":"https:\/\/arealorcaradio.es\/index.php\/2025\/01\/15\/el-club-puertas-lorca-estrena-nueva-indumentaria-en-una-nueva-temporada-ilusionante\/#primaryimage"},"image":{"@id":"https:\/\/arealorcaradio.es\/index.php\/2025\/01\/15\/el-club-puertas-lorca-estrena-nueva-indumentaria-en-una-nueva-temporada-ilusionante\/#primaryimage"},"thumbnailUrl":"https:\/\/arealorcaradio.es\/wp-content\/uploads\/2025\/01\/IMG-20250114-WA0021.jpg","datePublished":"2025-01-15T21:43:07+00:00","dateModified":"2025-01-15T21:43:38+00:00","author":{"@id":"https:\/\/arealorcaradio.es\/#\/schema\/person\/9fae605fc25b0f2c83c1ab207139bd27"},"breadcrumb":{"@id":"https:\/\/arealorcaradio.es\/index.php\/2025\/01\/15\/el-club-puertas-lorca-estrena-nueva-indumentaria-en-una-nueva-temporada-ilusionante\/#breadcrumb"},"inLanguage":"es","potentialAction":[{"@type":"ReadAction","target":["https:\/\/arealorcaradio.es\/index.php\/2025\/01\/15\/el-club-puertas-lorca-estrena-nueva-indumentaria-en-una-nueva-temporada-ilusionante\/"]}]},{"@type":"ImageObject","inLanguage":"es","@id":"https:\/\/arealorcaradio.es\/index.php\/2025\/01\/15\/el-club-puertas-lorca-estrena-nueva-indumentaria-en-una-nueva-temporada-ilusionante\/#primaryimage","url":"https:\/\/arealorcaradio.es\/wp-content\/uploads\/2025\/01\/IMG-20250114-WA0021.jpg","contentUrl":"https:\/\/arealorcaradio.es\/wp-content\/uploads\/2025\/01\/IMG-20250114-WA0021.jpg","width":1592,"height":816},{"@type":"BreadcrumbList","@id":"https:\/\/arealorcaradio.es\/index.php\/2025\/01\/15\/el-club-puertas-lorca-estrena-nueva-indumentaria-en-una-nueva-temporada-ilusionante\/#breadcrumb","itemListElement":[{"@type":"ListItem","position":1,"name":"Portada","item":"https:\/\/arealorcaradio.es\/"},{"@type":"ListItem","position":2,"name":"El Club Puertas Lorca estrena nueva indumentaria en una temporada ilusionante"}]},{"@type":"WebSite","@id":"https:\/\/arealorcaradio.es\/#website","url":"https:\/\/arealorcaradio.es\/","name":"AREA LORCA RADIO","description":"Descubre la programaci\u00f3n actual en \u00c1rea Lorca Radio, tu fuente de entrenamiento y noticias locales. Sintoniza ahora y mantente conectado online.","potentialAction":[{"@type":"SearchAction","target":{"@type":"EntryPoint","urlTemplate":"https:\/\/arealorcaradio.es\/?s={search_term_string}"},"query-input":{"@type":"PropertyValueSpecification","valueRequired":true,"valueName":"search_term_string"}}],"inLanguage":"es"},{"@type":"Person","@id":"https:\/\/arealorcaradio.es\/#\/schema\/person\/9fae605fc25b0f2c83c1ab207139bd27","name":"Paco S\u00e1nchez","image":{"@type":"ImageObject","inLanguage":"es","@id":"https:\/\/secure.gravatar.com\/avatar\/d67144e966420fb74aa84c9f2a0103be4724fd14db52b52d3b6bca749f257e79?s=96&d=mm&r=g","url":"https:\/\/secure.gravatar.com\/avatar\/d67144e966420fb74aa84c9f2a0103be4724fd14db52b52d3b6bca749f257e79?s=96&d=mm&r=g","contentUrl":"https:\/\/secure.gravatar.com\/avatar\/d67144e966420fb74aa84c9f2a0103be4724fd14db52b52d3b6bca749f257e79?s=96&d=mm&r=g","caption":"Paco S\u00e1nchez"},"sameAs":["https:\/\/arealorcaradio.es"],"url":"https:\/\/arealorcaradio.es\/index.php\/author\/admin_alorcaradio\/"}]}},"_links":{"self":[{"href":"https:\/\/arealorcaradio.es\/index.php\/wp-json\/wp\/v2\/posts\/5210","targetHints":{"allow":["GET"]}}],"collection":[{"href":"https:\/\/arealorcaradio.es\/index.php\/wp-json\/wp\/v2\/posts"}],"about":[{"href":"https:\/\/arealorcaradio.es\/index.php\/wp-json\/wp\/v2\/types\/post"}],"author":[{"embeddable":true,"href":"https:\/\/arealorcaradio.es\/index.php\/wp-json\/wp\/v2\/users\/1"}],"replies":[{"embeddable":true,"href":"https:\/\/arealorcaradio.es\/index.php\/wp-json\/wp\/v2\/comments?post=5210"}],"version-history":[{"count":2,"href":"https:\/\/arealorcaradio.es\/index.php\/wp-json\/wp\/v2\/posts\/5210\/revisions"}],"predecessor-version":[{"id":5216,"href":"https:\/\/arealorcaradio.es\/index.php\/wp-json\/wp\/v2\/posts\/5210\/revisions\/5216"}],"wp:featuredmedia":[{"embeddable":true,"href":"https:\/\/arealorcaradio.es\/index.php\/wp-json\/wp\/v2\/media\/5212"}],"wp:attachment":[{"href":"https:\/\/arealorcaradio.es\/index.php\/wp-json\/wp\/v2\/media?parent=5210"}],"wp:term":[{"taxonomy":"category","embeddable":true,"href":"https:\/\/arealorcaradio.es\/index.php\/wp-json\/wp\/v2\/categories?post=5210"},{"taxonomy":"post_tag","embeddable":true,"href":"https:\/\/arealorcaradio.es\/index.php\/wp-json\/wp\/v2\/tags?post=5210"}],"curies":[{"name":"wp","href":"https:\/\/api.w.org\/{rel}","templated":true}]}}