{"id":5177,"date":"2025-01-13T17:43:26","date_gmt":"2025-01-13T17:43:26","guid":{"rendered":"https:\/\/arealorcaradio.es\/?p=5177"},"modified":"2025-01-13T17:43:26","modified_gmt":"2025-01-13T17:43:26","slug":"el-ayuntamiento-de-lorca-pone-en-marcha-un-dispositivo-especial-de-vigilancia-y-prevencion-ante-la-bajada-de-temperaturas-prevista-para-estos-dias","status":"publish","type":"post","link":"https:\/\/arealorcaradio.es\/index.php\/2025\/01\/13\/el-ayuntamiento-de-lorca-pone-en-marcha-un-dispositivo-especial-de-vigilancia-y-prevencion-ante-la-bajada-de-temperaturas-prevista-para-estos-dias\/","title":{"rendered":"El Ayuntamiento de Lorca pone en marcha un dispositivo especial de vigilancia y prevenci\u00f3n ante la bajada de temperaturas prevista para estos d\u00edas"},"content":{"rendered":"<p><strong>\u00c1REA LORCA RADIO.<\/strong><\/p>\n<p class=\"v1MsoNormal\"><b>Lorca, 13 de enero de 2025<\/b>. El Ayuntamiento de Lorca ha previsto un Plan Especial de vigilancia, atenci\u00f3n y prevenci\u00f3n ante la bajada de temperaturas estimada para estos pr\u00f3ximos d\u00edas, que podr\u00eda afectar a todo el t\u00e9rmino municipal, pero fundamentalmente a las pedan\u00edas altas de Lorca.<\/p>\n<p class=\"v1MsoNormal\">Este dispositivo municipal ante olas de fr\u00edo y posibles nevadas se encuentra ya activo e incluye la especial alerta y vigilancia por parte de los servicios de Emergencias y Protecci\u00f3n Civil, Polic\u00eda Local y Servicios Sociales, adem\u00e1s del contacto directo con Asociaciones y Oeneg\u00e9s que pudieran trasladar cualquier tipo de aviso en relaci\u00f3n a la cobertura que realizan en el municipio, estructurando un operativo coordinado, por tanto, desde las cuatro concejal\u00edas.<\/p>\n<p class=\"v1MsoNormal\">Desde Emergencias y Protecci\u00f3n Civil ya est\u00e1n preparados m\u00e1s de 4.000 kg. de sal, adem\u00e1s de un veh\u00edculo quitanieves, entre otros medios, y existe una comunicaci\u00f3n directa con aquellas empresas del municipio que cuentan con maquinaria por si fuera necesario requerir sus servicios. En estos momentos, se mantiene una especial atenci\u00f3n al aviso y la protecci\u00f3n de los ciudadanos, con la difusi\u00f3n de consejos y pautas a seguir ante la llegada del frio, especialmente dirigidos a personas mayores o que puedan pernoctar en la calle; y siempre bajo la recomendaci\u00f3n de utilizar el coche lo menos posible, sobre todo en aquellas horas en las que pueda haber m\u00e1s placas de hielo, al amanecer y al anochecer, respetando siempre las normas de circulaci\u00f3n y velocidad moderada, recomendable siempre en estos casos.<\/p>\n<p class=\"v1MsoNormal\">El servicio municipal de Emergencias queda supeditado a las alertas que emite la AEMET en relaci\u00f3n a precipitaciones y formaci\u00f3n de placas hielo.<\/p>\n<p class=\"v1MsoNormal\">Por su parte, Polic\u00eda Local permanecer\u00e1 tambi\u00e9n especialmente alerta de cara a la difusi\u00f3n de consejos y cobertura en t\u00e9rminos de seguridad de la ciudadan\u00eda, igualmente con m\u00e1xima atenci\u00f3n a aquellas personas sin recursos; adem\u00e1s, cabe recordar a la Unidad de Atenci\u00f3n a Pedan\u00edas, UAP, que tambi\u00e9n mantendr\u00e1 la supervisi\u00f3n continua ante posibles efectos o demandas, mientras que la UPROL, la Unidad de Prevenci\u00f3n y Respuesta Operativa Local, har\u00e1 lo propio en el casco urbano y pedan\u00edas m\u00e1s pr\u00f3ximas al mismo. En este engranaje entrar\u00edan tambi\u00e9n Bomberos que, con equipos reglamentarios, actuar\u00edan en caso de necesidad.<\/p>\n<p class=\"v1MsoNormal\">A esto hay que a\u00f1adir uno de los principales servicios habilitados por el \u00e1rea de Derechos Sociales del Ayuntamiento de Lorca: el albergue municipal, el cual estar\u00e1 disponible las 24 horas del d\u00eda durante el episodio de fr\u00edo. Este albergue brindar\u00e1 refugio y protecci\u00f3n a todas las personas sin hogar que lo requieran. Est\u00e1 ubicado en la calle Marmolico, en el barrio de San Pedro, y quien lo requiera puede acercarse hasta aqu\u00ed para resguardarse y mantenerse a salvo. Adem\u00e1s, desde la concejal\u00eda, se ha habilitado un n\u00famero de tel\u00e9fono (968460411) para atender a todos los lorquinos, y en particular a los mayores que viven solos, para aclarar cualquier duda o recibir asistencia; y se cuenta con un dispositivo especial de teleasistencia, a trav\u00e9s de las distintas entidades con las que se colabora, por el cual se proporcionar\u00e1 informaci\u00f3n y recomendaciones sobre las medidas a seguir con el objetivo de garantizar el bienestar y protecci\u00f3n, sobre todo de los mayores y aquellas personas m\u00e1s dependientes, durante estos d\u00edas.<\/p>\n<p class=\"v1MsoNormal\">Por \u00faltimo, Mart\u00ednez ha querido recordar alguno de los consejos b\u00e1sicos del 112 ante episodios de frio y nieve:<\/p>\n<p class=\"v1MsoNormal\">\u2022 Revise tejados y bajadas de agua.<\/p>\n<p class=\"v1MsoNormal\">\u2022Prestar atenci\u00f3n a las emisoras de radio y TV para obtener informaci\u00f3n del Instituto Meteorol\u00f3gico o de Protecci\u00f3n Civil.<\/p>\n<p class=\"v1MsoNormal\">\u2022 En caso de ventisca: combinaci\u00f3n de aire fr\u00edo, nevadas y fuertes vientos que reducen la visibilidad, es preferible evitar las salidas o desplazamientos; sobre todo por carretera y en aquellas horas de mayor afecci\u00f3n. Y revisar neum\u00e1ticos, anticongelante, buj\u00edas, luces y frenos, adem\u00e1s de cadenas, posible botiqu\u00edn y otros enseres que pudieran ser de utilidad.<\/p>\n<p class=\"v1MsoNormal\">\u2022 Tome precauciones para evitar la intoxicaci\u00f3n producida por braseros, estufas, carb\u00f3n o gas en lugares cerrados sin renovaci\u00f3n de aire. Tenga a mano un extintor ante la posibilidad de incendio.<\/p>\n<p class=\"v1MsoNormal\">\u2022 Es conveniente limpiar la nieve y el hielo de delante de las fachadas particulares o entradas, sin emplear en ning\u00fan caso agua, ya que \u00e9sta se congelar\u00eda agravando la situaci\u00f3n. En caso de acumulaci\u00f3n de nieve en las azoteas, terrazas y balcones, en ning\u00fan caso debe echarse a la v\u00eda p\u00fablica.<\/p>\n<p class=\"v1MsoNormal\">\u2022 Atender en todo momento las instrucciones de los agentes de vigilancia en las carreteras y la informaci\u00f3n de los paneles informativos.<\/p>\n<p class=\"v1MsoNormal\">\u2022 Evitar aceleraciones y deceleraciones bruscas, as\u00ed como adelantamientos.<\/p>\n<p class=\"v1MsoNormal\">\u2022 Mantener la velocidad reducida.<\/p>\n<p><img loading=\"lazy\" decoding=\"async\" class=\"alignnone size-medium wp-image-5180\" src=\"https:\/\/arealorcaradio.es\/wp-content\/uploads\/2025\/01\/469364195_1174611050744061_1695118345692323762_n-300x300.jpg\" alt=\"\" width=\"300\" height=\"300\" srcset=\"https:\/\/arealorcaradio.es\/wp-content\/uploads\/2025\/01\/469364195_1174611050744061_1695118345692323762_n-300x300.jpg 300w, https:\/\/arealorcaradio.es\/wp-content\/uploads\/2025\/01\/469364195_1174611050744061_1695118345692323762_n-1024x1024.jpg 1024w, https:\/\/arealorcaradio.es\/wp-content\/uploads\/2025\/01\/469364195_1174611050744061_1695118345692323762_n-150x150.jpg 150w, https:\/\/arealorcaradio.es\/wp-content\/uploads\/2025\/01\/469364195_1174611050744061_1695118345692323762_n-768x768.jpg 768w, https:\/\/arealorcaradio.es\/wp-content\/uploads\/2025\/01\/469364195_1174611050744061_1695118345692323762_n.jpg 1080w\" sizes=\"auto, (max-width: 300px) 100vw, 300px\" \/><\/p>\n","protected":false},"excerpt":{"rendered":"<p>\u00c1REA LORCA RADIO. Lorca, 13 de enero de 2025. El Ayuntamiento de Lorca ha previsto un Plan Especial de vigilancia, atenci\u00f3n y prevenci\u00f3n ante la bajada de temperaturas estimada para estos pr\u00f3ximos d\u00edas, que podr\u00eda afectar a todo el t\u00e9rmino municipal, pero fundamentalmente a las pedan\u00edas altas de Lorca. Este dispositivo municipal ante olas de [&hellip;]<\/p>\n","protected":false},"author":1,"featured_media":5178,"comment_status":"open","ping_status":"open","sticky":false,"template":"","format":"standard","meta":{"iawp_total_views":8,"footnotes":""},"categories":[5,7],"tags":[],"class_list":["post-5177","post","type-post","status-publish","format-standard","has-post-thumbnail","hentry","category-actualidad","category-lorca"],"yoast_head":"<!-- This site is optimized with the Yoast SEO plugin v27.5 - https:\/\/yoast.com\/product\/yoast-seo-wordpress\/ -->\n<title>El Ayuntamiento de Lorca pone en marcha un dispositivo especial de vigilancia y prevenci\u00f3n ante la bajada de temperaturas prevista para estos d\u00edas - AREA LORCA RADIO<\/title>\n<meta name=\"robots\" content=\"index, follow, max-snippet:-1, max-image-preview:large, max-video-preview:-1\" \/>\n<link rel=\"canonical\" href=\"https:\/\/arealorcaradio.es\/index.php\/2025\/01\/13\/el-ayuntamiento-de-lorca-pone-en-marcha-un-dispositivo-especial-de-vigilancia-y-prevencion-ante-la-bajada-de-temperaturas-prevista-para-estos-dias\/\" \/>\n<meta property=\"og:locale\" content=\"es_ES\" \/>\n<meta property=\"og:type\" content=\"article\" \/>\n<meta property=\"og:title\" content=\"El Ayuntamiento de Lorca pone en marcha un dispositivo especial de vigilancia y prevenci\u00f3n ante la bajada de temperaturas prevista para estos d\u00edas - AREA LORCA RADIO\" \/>\n<meta property=\"og:description\" content=\"\u00c1REA LORCA RADIO. Lorca, 13 de enero de 2025. El Ayuntamiento de Lorca ha previsto un Plan Especial de vigilancia, atenci\u00f3n y prevenci\u00f3n ante la bajada de temperaturas estimada para estos pr\u00f3ximos d\u00edas, que podr\u00eda afectar a todo el t\u00e9rmino municipal, pero fundamentalmente a las pedan\u00edas altas de Lorca. Este dispositivo municipal ante olas de [&hellip;]\" \/>\n<meta property=\"og:url\" content=\"https:\/\/arealorcaradio.es\/index.php\/2025\/01\/13\/el-ayuntamiento-de-lorca-pone-en-marcha-un-dispositivo-especial-de-vigilancia-y-prevencion-ante-la-bajada-de-temperaturas-prevista-para-estos-dias\/\" \/>\n<meta property=\"og:site_name\" content=\"AREA LORCA RADIO\" \/>\n<meta property=\"article:published_time\" content=\"2025-01-13T17:43:26+00:00\" \/>\n<meta property=\"og:image\" content=\"https:\/\/arealorcaradio.es\/wp-content\/uploads\/2025\/01\/09082424012023668145.jpeg\" \/>\n\t<meta property=\"og:image:width\" content=\"1630\" \/>\n\t<meta property=\"og:image:height\" content=\"994\" \/>\n\t<meta property=\"og:image:type\" content=\"image\/jpeg\" \/>\n<meta name=\"author\" content=\"Paco S\u00e1nchez\" \/>\n<meta name=\"twitter:card\" content=\"summary_large_image\" \/>\n<meta name=\"twitter:label1\" content=\"Escrito por\" \/>\n\t<meta name=\"twitter:data1\" content=\"Paco S\u00e1nchez\" \/>\n\t<meta name=\"twitter:label2\" content=\"Tiempo de lectura\" \/>\n\t<meta name=\"twitter:data2\" content=\"4 minutos\" \/>\n<script type=\"application\/ld+json\" class=\"yoast-schema-graph\">{\"@context\":\"https:\\\/\\\/schema.org\",\"@graph\":[{\"@type\":\"Article\",\"@id\":\"https:\\\/\\\/arealorcaradio.es\\\/index.php\\\/2025\\\/01\\\/13\\\/el-ayuntamiento-de-lorca-pone-en-marcha-un-dispositivo-especial-de-vigilancia-y-prevencion-ante-la-bajada-de-temperaturas-prevista-para-estos-dias\\\/#article\",\"isPartOf\":{\"@id\":\"https:\\\/\\\/arealorcaradio.es\\\/index.php\\\/2025\\\/01\\\/13\\\/el-ayuntamiento-de-lorca-pone-en-marcha-un-dispositivo-especial-de-vigilancia-y-prevencion-ante-la-bajada-de-temperaturas-prevista-para-estos-dias\\\/\"},\"author\":{\"name\":\"Paco S\u00e1nchez\",\"@id\":\"https:\\\/\\\/arealorcaradio.es\\\/#\\\/schema\\\/person\\\/9fae605fc25b0f2c83c1ab207139bd27\"},\"headline\":\"El Ayuntamiento de Lorca pone en marcha un dispositivo especial de vigilancia y prevenci\u00f3n ante la bajada de temperaturas prevista para estos d\u00edas\",\"datePublished\":\"2025-01-13T17:43:26+00:00\",\"mainEntityOfPage\":{\"@id\":\"https:\\\/\\\/arealorcaradio.es\\\/index.php\\\/2025\\\/01\\\/13\\\/el-ayuntamiento-de-lorca-pone-en-marcha-un-dispositivo-especial-de-vigilancia-y-prevencion-ante-la-bajada-de-temperaturas-prevista-para-estos-dias\\\/\"},\"wordCount\":853,\"commentCount\":0,\"image\":{\"@id\":\"https:\\\/\\\/arealorcaradio.es\\\/index.php\\\/2025\\\/01\\\/13\\\/el-ayuntamiento-de-lorca-pone-en-marcha-un-dispositivo-especial-de-vigilancia-y-prevencion-ante-la-bajada-de-temperaturas-prevista-para-estos-dias\\\/#primaryimage\"},\"thumbnailUrl\":\"https:\\\/\\\/arealorcaradio.es\\\/wp-content\\\/uploads\\\/2025\\\/01\\\/09082424012023668145.jpeg\",\"articleSection\":[\"ACTUALIDAD\",\"LORCA\"],\"inLanguage\":\"es\",\"potentialAction\":[{\"@type\":\"CommentAction\",\"name\":\"Comment\",\"target\":[\"https:\\\/\\\/arealorcaradio.es\\\/index.php\\\/2025\\\/01\\\/13\\\/el-ayuntamiento-de-lorca-pone-en-marcha-un-dispositivo-especial-de-vigilancia-y-prevencion-ante-la-bajada-de-temperaturas-prevista-para-estos-dias\\\/#respond\"]}]},{\"@type\":\"WebPage\",\"@id\":\"https:\\\/\\\/arealorcaradio.es\\\/index.php\\\/2025\\\/01\\\/13\\\/el-ayuntamiento-de-lorca-pone-en-marcha-un-dispositivo-especial-de-vigilancia-y-prevencion-ante-la-bajada-de-temperaturas-prevista-para-estos-dias\\\/\",\"url\":\"https:\\\/\\\/arealorcaradio.es\\\/index.php\\\/2025\\\/01\\\/13\\\/el-ayuntamiento-de-lorca-pone-en-marcha-un-dispositivo-especial-de-vigilancia-y-prevencion-ante-la-bajada-de-temperaturas-prevista-para-estos-dias\\\/\",\"name\":\"El Ayuntamiento de Lorca pone en marcha un dispositivo especial de vigilancia y prevenci\u00f3n ante la bajada de temperaturas prevista para estos d\u00edas - AREA LORCA RADIO\",\"isPartOf\":{\"@id\":\"https:\\\/\\\/arealorcaradio.es\\\/#website\"},\"primaryImageOfPage\":{\"@id\":\"https:\\\/\\\/arealorcaradio.es\\\/index.php\\\/2025\\\/01\\\/13\\\/el-ayuntamiento-de-lorca-pone-en-marcha-un-dispositivo-especial-de-vigilancia-y-prevencion-ante-la-bajada-de-temperaturas-prevista-para-estos-dias\\\/#primaryimage\"},\"image\":{\"@id\":\"https:\\\/\\\/arealorcaradio.es\\\/index.php\\\/2025\\\/01\\\/13\\\/el-ayuntamiento-de-lorca-pone-en-marcha-un-dispositivo-especial-de-vigilancia-y-prevencion-ante-la-bajada-de-temperaturas-prevista-para-estos-dias\\\/#primaryimage\"},\"thumbnailUrl\":\"https:\\\/\\\/arealorcaradio.es\\\/wp-content\\\/uploads\\\/2025\\\/01\\\/09082424012023668145.jpeg\",\"datePublished\":\"2025-01-13T17:43:26+00:00\",\"author\":{\"@id\":\"https:\\\/\\\/arealorcaradio.es\\\/#\\\/schema\\\/person\\\/9fae605fc25b0f2c83c1ab207139bd27\"},\"breadcrumb\":{\"@id\":\"https:\\\/\\\/arealorcaradio.es\\\/index.php\\\/2025\\\/01\\\/13\\\/el-ayuntamiento-de-lorca-pone-en-marcha-un-dispositivo-especial-de-vigilancia-y-prevencion-ante-la-bajada-de-temperaturas-prevista-para-estos-dias\\\/#breadcrumb\"},\"inLanguage\":\"es\",\"potentialAction\":[{\"@type\":\"ReadAction\",\"target\":[\"https:\\\/\\\/arealorcaradio.es\\\/index.php\\\/2025\\\/01\\\/13\\\/el-ayuntamiento-de-lorca-pone-en-marcha-un-dispositivo-especial-de-vigilancia-y-prevencion-ante-la-bajada-de-temperaturas-prevista-para-estos-dias\\\/\"]}]},{\"@type\":\"ImageObject\",\"inLanguage\":\"es\",\"@id\":\"https:\\\/\\\/arealorcaradio.es\\\/index.php\\\/2025\\\/01\\\/13\\\/el-ayuntamiento-de-lorca-pone-en-marcha-un-dispositivo-especial-de-vigilancia-y-prevencion-ante-la-bajada-de-temperaturas-prevista-para-estos-dias\\\/#primaryimage\",\"url\":\"https:\\\/\\\/arealorcaradio.es\\\/wp-content\\\/uploads\\\/2025\\\/01\\\/09082424012023668145.jpeg\",\"contentUrl\":\"https:\\\/\\\/arealorcaradio.es\\\/wp-content\\\/uploads\\\/2025\\\/01\\\/09082424012023668145.jpeg\",\"width\":1630,\"height\":994},{\"@type\":\"BreadcrumbList\",\"@id\":\"https:\\\/\\\/arealorcaradio.es\\\/index.php\\\/2025\\\/01\\\/13\\\/el-ayuntamiento-de-lorca-pone-en-marcha-un-dispositivo-especial-de-vigilancia-y-prevencion-ante-la-bajada-de-temperaturas-prevista-para-estos-dias\\\/#breadcrumb\",\"itemListElement\":[{\"@type\":\"ListItem\",\"position\":1,\"name\":\"Portada\",\"item\":\"https:\\\/\\\/arealorcaradio.es\\\/\"},{\"@type\":\"ListItem\",\"position\":2,\"name\":\"El Ayuntamiento de Lorca pone en marcha un dispositivo especial de vigilancia y prevenci\u00f3n ante la bajada de temperaturas prevista para estos d\u00edas\"}]},{\"@type\":\"WebSite\",\"@id\":\"https:\\\/\\\/arealorcaradio.es\\\/#website\",\"url\":\"https:\\\/\\\/arealorcaradio.es\\\/\",\"name\":\"AREA LORCA RADIO\",\"description\":\"Descubre la programaci\u00f3n actual en \u00c1rea Lorca Radio, tu fuente de entrenamiento y noticias locales. Sintoniza ahora y mantente conectado online.\",\"potentialAction\":[{\"@type\":\"SearchAction\",\"target\":{\"@type\":\"EntryPoint\",\"urlTemplate\":\"https:\\\/\\\/arealorcaradio.es\\\/?s={search_term_string}\"},\"query-input\":{\"@type\":\"PropertyValueSpecification\",\"valueRequired\":true,\"valueName\":\"search_term_string\"}}],\"inLanguage\":\"es\"},{\"@type\":\"Person\",\"@id\":\"https:\\\/\\\/arealorcaradio.es\\\/#\\\/schema\\\/person\\\/9fae605fc25b0f2c83c1ab207139bd27\",\"name\":\"Paco S\u00e1nchez\",\"image\":{\"@type\":\"ImageObject\",\"inLanguage\":\"es\",\"@id\":\"https:\\\/\\\/secure.gravatar.com\\\/avatar\\\/d67144e966420fb74aa84c9f2a0103be4724fd14db52b52d3b6bca749f257e79?s=96&d=mm&r=g\",\"url\":\"https:\\\/\\\/secure.gravatar.com\\\/avatar\\\/d67144e966420fb74aa84c9f2a0103be4724fd14db52b52d3b6bca749f257e79?s=96&d=mm&r=g\",\"contentUrl\":\"https:\\\/\\\/secure.gravatar.com\\\/avatar\\\/d67144e966420fb74aa84c9f2a0103be4724fd14db52b52d3b6bca749f257e79?s=96&d=mm&r=g\",\"caption\":\"Paco S\u00e1nchez\"},\"sameAs\":[\"https:\\\/\\\/arealorcaradio.es\"],\"url\":\"https:\\\/\\\/arealorcaradio.es\\\/index.php\\\/author\\\/admin_alorcaradio\\\/\"}]}<\/script>\n<!-- \/ Yoast SEO plugin. -->","yoast_head_json":{"title":"El Ayuntamiento de Lorca pone en marcha un dispositivo especial de vigilancia y prevenci\u00f3n ante la bajada de temperaturas prevista para estos d\u00edas - AREA LORCA RADIO","robots":{"index":"index","follow":"follow","max-snippet":"max-snippet:-1","max-image-preview":"max-image-preview:large","max-video-preview":"max-video-preview:-1"},"canonical":"https:\/\/arealorcaradio.es\/index.php\/2025\/01\/13\/el-ayuntamiento-de-lorca-pone-en-marcha-un-dispositivo-especial-de-vigilancia-y-prevencion-ante-la-bajada-de-temperaturas-prevista-para-estos-dias\/","og_locale":"es_ES","og_type":"article","og_title":"El Ayuntamiento de Lorca pone en marcha un dispositivo especial de vigilancia y prevenci\u00f3n ante la bajada de temperaturas prevista para estos d\u00edas - AREA LORCA RADIO","og_description":"\u00c1REA LORCA RADIO. Lorca, 13 de enero de 2025. El Ayuntamiento de Lorca ha previsto un Plan Especial de vigilancia, atenci\u00f3n y prevenci\u00f3n ante la bajada de temperaturas estimada para estos pr\u00f3ximos d\u00edas, que podr\u00eda afectar a todo el t\u00e9rmino municipal, pero fundamentalmente a las pedan\u00edas altas de Lorca. Este dispositivo municipal ante olas de [&hellip;]","og_url":"https:\/\/arealorcaradio.es\/index.php\/2025\/01\/13\/el-ayuntamiento-de-lorca-pone-en-marcha-un-dispositivo-especial-de-vigilancia-y-prevencion-ante-la-bajada-de-temperaturas-prevista-para-estos-dias\/","og_site_name":"AREA LORCA RADIO","article_published_time":"2025-01-13T17:43:26+00:00","og_image":[{"width":1630,"height":994,"url":"https:\/\/arealorcaradio.es\/wp-content\/uploads\/2025\/01\/09082424012023668145.jpeg","type":"image\/jpeg"}],"author":"Paco S\u00e1nchez","twitter_card":"summary_large_image","twitter_misc":{"Escrito por":"Paco S\u00e1nchez","Tiempo de lectura":"4 minutos"},"schema":{"@context":"https:\/\/schema.org","@graph":[{"@type":"Article","@id":"https:\/\/arealorcaradio.es\/index.php\/2025\/01\/13\/el-ayuntamiento-de-lorca-pone-en-marcha-un-dispositivo-especial-de-vigilancia-y-prevencion-ante-la-bajada-de-temperaturas-prevista-para-estos-dias\/#article","isPartOf":{"@id":"https:\/\/arealorcaradio.es\/index.php\/2025\/01\/13\/el-ayuntamiento-de-lorca-pone-en-marcha-un-dispositivo-especial-de-vigilancia-y-prevencion-ante-la-bajada-de-temperaturas-prevista-para-estos-dias\/"},"author":{"name":"Paco S\u00e1nchez","@id":"https:\/\/arealorcaradio.es\/#\/schema\/person\/9fae605fc25b0f2c83c1ab207139bd27"},"headline":"El Ayuntamiento de Lorca pone en marcha un dispositivo especial de vigilancia y prevenci\u00f3n ante la bajada de temperaturas prevista para estos d\u00edas","datePublished":"2025-01-13T17:43:26+00:00","mainEntityOfPage":{"@id":"https:\/\/arealorcaradio.es\/index.php\/2025\/01\/13\/el-ayuntamiento-de-lorca-pone-en-marcha-un-dispositivo-especial-de-vigilancia-y-prevencion-ante-la-bajada-de-temperaturas-prevista-para-estos-dias\/"},"wordCount":853,"commentCount":0,"image":{"@id":"https:\/\/arealorcaradio.es\/index.php\/2025\/01\/13\/el-ayuntamiento-de-lorca-pone-en-marcha-un-dispositivo-especial-de-vigilancia-y-prevencion-ante-la-bajada-de-temperaturas-prevista-para-estos-dias\/#primaryimage"},"thumbnailUrl":"https:\/\/arealorcaradio.es\/wp-content\/uploads\/2025\/01\/09082424012023668145.jpeg","articleSection":["ACTUALIDAD","LORCA"],"inLanguage":"es","potentialAction":[{"@type":"CommentAction","name":"Comment","target":["https:\/\/arealorcaradio.es\/index.php\/2025\/01\/13\/el-ayuntamiento-de-lorca-pone-en-marcha-un-dispositivo-especial-de-vigilancia-y-prevencion-ante-la-bajada-de-temperaturas-prevista-para-estos-dias\/#respond"]}]},{"@type":"WebPage","@id":"https:\/\/arealorcaradio.es\/index.php\/2025\/01\/13\/el-ayuntamiento-de-lorca-pone-en-marcha-un-dispositivo-especial-de-vigilancia-y-prevencion-ante-la-bajada-de-temperaturas-prevista-para-estos-dias\/","url":"https:\/\/arealorcaradio.es\/index.php\/2025\/01\/13\/el-ayuntamiento-de-lorca-pone-en-marcha-un-dispositivo-especial-de-vigilancia-y-prevencion-ante-la-bajada-de-temperaturas-prevista-para-estos-dias\/","name":"El Ayuntamiento de Lorca pone en marcha un dispositivo especial de vigilancia y prevenci\u00f3n ante la bajada de temperaturas prevista para estos d\u00edas - AREA LORCA RADIO","isPartOf":{"@id":"https:\/\/arealorcaradio.es\/#website"},"primaryImageOfPage":{"@id":"https:\/\/arealorcaradio.es\/index.php\/2025\/01\/13\/el-ayuntamiento-de-lorca-pone-en-marcha-un-dispositivo-especial-de-vigilancia-y-prevencion-ante-la-bajada-de-temperaturas-prevista-para-estos-dias\/#primaryimage"},"image":{"@id":"https:\/\/arealorcaradio.es\/index.php\/2025\/01\/13\/el-ayuntamiento-de-lorca-pone-en-marcha-un-dispositivo-especial-de-vigilancia-y-prevencion-ante-la-bajada-de-temperaturas-prevista-para-estos-dias\/#primaryimage"},"thumbnailUrl":"https:\/\/arealorcaradio.es\/wp-content\/uploads\/2025\/01\/09082424012023668145.jpeg","datePublished":"2025-01-13T17:43:26+00:00","author":{"@id":"https:\/\/arealorcaradio.es\/#\/schema\/person\/9fae605fc25b0f2c83c1ab207139bd27"},"breadcrumb":{"@id":"https:\/\/arealorcaradio.es\/index.php\/2025\/01\/13\/el-ayuntamiento-de-lorca-pone-en-marcha-un-dispositivo-especial-de-vigilancia-y-prevencion-ante-la-bajada-de-temperaturas-prevista-para-estos-dias\/#breadcrumb"},"inLanguage":"es","potentialAction":[{"@type":"ReadAction","target":["https:\/\/arealorcaradio.es\/index.php\/2025\/01\/13\/el-ayuntamiento-de-lorca-pone-en-marcha-un-dispositivo-especial-de-vigilancia-y-prevencion-ante-la-bajada-de-temperaturas-prevista-para-estos-dias\/"]}]},{"@type":"ImageObject","inLanguage":"es","@id":"https:\/\/arealorcaradio.es\/index.php\/2025\/01\/13\/el-ayuntamiento-de-lorca-pone-en-marcha-un-dispositivo-especial-de-vigilancia-y-prevencion-ante-la-bajada-de-temperaturas-prevista-para-estos-dias\/#primaryimage","url":"https:\/\/arealorcaradio.es\/wp-content\/uploads\/2025\/01\/09082424012023668145.jpeg","contentUrl":"https:\/\/arealorcaradio.es\/wp-content\/uploads\/2025\/01\/09082424012023668145.jpeg","width":1630,"height":994},{"@type":"BreadcrumbList","@id":"https:\/\/arealorcaradio.es\/index.php\/2025\/01\/13\/el-ayuntamiento-de-lorca-pone-en-marcha-un-dispositivo-especial-de-vigilancia-y-prevencion-ante-la-bajada-de-temperaturas-prevista-para-estos-dias\/#breadcrumb","itemListElement":[{"@type":"ListItem","position":1,"name":"Portada","item":"https:\/\/arealorcaradio.es\/"},{"@type":"ListItem","position":2,"name":"El Ayuntamiento de Lorca pone en marcha un dispositivo especial de vigilancia y prevenci\u00f3n ante la bajada de temperaturas prevista para estos d\u00edas"}]},{"@type":"WebSite","@id":"https:\/\/arealorcaradio.es\/#website","url":"https:\/\/arealorcaradio.es\/","name":"AREA LORCA RADIO","description":"Descubre la programaci\u00f3n actual en \u00c1rea Lorca Radio, tu fuente de entrenamiento y noticias locales. Sintoniza ahora y mantente conectado online.","potentialAction":[{"@type":"SearchAction","target":{"@type":"EntryPoint","urlTemplate":"https:\/\/arealorcaradio.es\/?s={search_term_string}"},"query-input":{"@type":"PropertyValueSpecification","valueRequired":true,"valueName":"search_term_string"}}],"inLanguage":"es"},{"@type":"Person","@id":"https:\/\/arealorcaradio.es\/#\/schema\/person\/9fae605fc25b0f2c83c1ab207139bd27","name":"Paco S\u00e1nchez","image":{"@type":"ImageObject","inLanguage":"es","@id":"https:\/\/secure.gravatar.com\/avatar\/d67144e966420fb74aa84c9f2a0103be4724fd14db52b52d3b6bca749f257e79?s=96&d=mm&r=g","url":"https:\/\/secure.gravatar.com\/avatar\/d67144e966420fb74aa84c9f2a0103be4724fd14db52b52d3b6bca749f257e79?s=96&d=mm&r=g","contentUrl":"https:\/\/secure.gravatar.com\/avatar\/d67144e966420fb74aa84c9f2a0103be4724fd14db52b52d3b6bca749f257e79?s=96&d=mm&r=g","caption":"Paco S\u00e1nchez"},"sameAs":["https:\/\/arealorcaradio.es"],"url":"https:\/\/arealorcaradio.es\/index.php\/author\/admin_alorcaradio\/"}]}},"_links":{"self":[{"href":"https:\/\/arealorcaradio.es\/index.php\/wp-json\/wp\/v2\/posts\/5177","targetHints":{"allow":["GET"]}}],"collection":[{"href":"https:\/\/arealorcaradio.es\/index.php\/wp-json\/wp\/v2\/posts"}],"about":[{"href":"https:\/\/arealorcaradio.es\/index.php\/wp-json\/wp\/v2\/types\/post"}],"author":[{"embeddable":true,"href":"https:\/\/arealorcaradio.es\/index.php\/wp-json\/wp\/v2\/users\/1"}],"replies":[{"embeddable":true,"href":"https:\/\/arealorcaradio.es\/index.php\/wp-json\/wp\/v2\/comments?post=5177"}],"version-history":[{"count":2,"href":"https:\/\/arealorcaradio.es\/index.php\/wp-json\/wp\/v2\/posts\/5177\/revisions"}],"predecessor-version":[{"id":5181,"href":"https:\/\/arealorcaradio.es\/index.php\/wp-json\/wp\/v2\/posts\/5177\/revisions\/5181"}],"wp:featuredmedia":[{"embeddable":true,"href":"https:\/\/arealorcaradio.es\/index.php\/wp-json\/wp\/v2\/media\/5178"}],"wp:attachment":[{"href":"https:\/\/arealorcaradio.es\/index.php\/wp-json\/wp\/v2\/media?parent=5177"}],"wp:term":[{"taxonomy":"category","embeddable":true,"href":"https:\/\/arealorcaradio.es\/index.php\/wp-json\/wp\/v2\/categories?post=5177"},{"taxonomy":"post_tag","embeddable":true,"href":"https:\/\/arealorcaradio.es\/index.php\/wp-json\/wp\/v2\/tags?post=5177"}],"curies":[{"name":"wp","href":"https:\/\/api.w.org\/{rel}","templated":true}]}}