{"id":5156,"date":"2025-01-10T15:29:12","date_gmt":"2025-01-10T15:29:12","guid":{"rendered":"https:\/\/arealorcaradio.es\/?p=5156"},"modified":"2025-01-10T15:29:12","modified_gmt":"2025-01-10T15:29:12","slug":"el-alcalde-de-lorca-y-el-colegio-de-arquitectos-coinciden-en-la-necesidad-urgente-de-construir-las-presas-de-nogalte-bejar-y-torrecilla-para-defender-a-los-vecinos-de-las-inundaciones","status":"publish","type":"post","link":"https:\/\/arealorcaradio.es\/index.php\/2025\/01\/10\/el-alcalde-de-lorca-y-el-colegio-de-arquitectos-coinciden-en-la-necesidad-urgente-de-construir-las-presas-de-nogalte-bejar-y-torrecilla-para-defender-a-los-vecinos-de-las-inundaciones\/","title":{"rendered":"El alcalde de Lorca y el Colegio de Arquitectos coinciden en la necesidad urgente de construir las presas de Nogalte, B\u00e9jar y Torrecilla para defender a los vecinos de las inundaciones"},"content":{"rendered":"<p><strong>\u00c1REA LORCA RADIO.<\/strong><\/p>\n<p class=\"v1MsoNormal\"><b>Lorca, 10 de enero de 2025<\/b>. El alcalde de Lorca, Fulgencio Gil, contin\u00faa con la bater\u00eda de reuniones de trabajo de car\u00e1cter institucional con los colectivos profesionales directamente involucrados en materia de construcci\u00f3n de infraestructuras de defensa ante avenidas, que en el municipio de Lorca se centran de forma particular en la puesta en marcha de las obras tendentes a levantar presas de laminaci\u00f3n en las ramblas m\u00e1s peligrosas que afectan al municipio y a su comarca.<\/p>\n<p class=\"v1MsoNormal\">Tras haber recabado la opini\u00f3n de los expertos de la\u00a0<a href=\"https:\/\/murcia.geografos.org\/\" target=\"_blank\" rel=\"noopener noreferrer\">Delegaci\u00f3n Territorial del Colegio de Ge\u00f3grafos de la Regi\u00f3n de Murcia<\/a>\u00a0y de la Comunidad de Regantes de Lorca, Fulgencio Gil ha mantenido una reuni\u00f3n de trabajo y an\u00e1lisis con la presidenta del\u00a0<a href=\"https:\/\/www.coamu.es\/\" target=\"_blank\" rel=\"noopener noreferrer\">Colegio Oficial de Arquitectos de la Regi\u00f3n de Murcia, Mar\u00eda Jos\u00e9 Pe\u00f1alver, y su vicedecano, Pedro Sanz, con quienes ha revisado la situaci\u00f3n general en la que se encuentra nuestro t\u00e9rmino municipal y el grado de cumplimiento del Plan General de Defensa del Alto Guadalent\u00edn contra Avenidas.<\/a><\/p>\n<p><img loading=\"lazy\" decoding=\"async\" class=\"alignnone size-medium wp-image-5160\" src=\"https:\/\/arealorcaradio.es\/wp-content\/uploads\/2025\/01\/FOTO1-ARQUITECTOS-1-300x225.jpeg\" alt=\"\" width=\"300\" height=\"225\" srcset=\"https:\/\/arealorcaradio.es\/wp-content\/uploads\/2025\/01\/FOTO1-ARQUITECTOS-1-300x225.jpeg 300w, https:\/\/arealorcaradio.es\/wp-content\/uploads\/2025\/01\/FOTO1-ARQUITECTOS-1-1024x768.jpeg 1024w, https:\/\/arealorcaradio.es\/wp-content\/uploads\/2025\/01\/FOTO1-ARQUITECTOS-1-768x576.jpeg 768w, https:\/\/arealorcaradio.es\/wp-content\/uploads\/2025\/01\/FOTO1-ARQUITECTOS-1-1536x1152.jpeg 1536w, https:\/\/arealorcaradio.es\/wp-content\/uploads\/2025\/01\/FOTO1-ARQUITECTOS-1-2048x1536.jpeg 2048w, https:\/\/arealorcaradio.es\/wp-content\/uploads\/2025\/01\/FOTO1-ARQUITECTOS-1-86x64.jpeg 86w\" sizes=\"auto, (max-width: 300px) 100vw, 300px\" \/><\/p>\n<p>\u00abEn el transcurso de la serie de reuniones que estamos manteniendo con los colegios profesionales de diferentes \u00e1mbitos t\u00e9cnicos, se mantiene una l\u00ednea argumental compartida, que se repite de forma constante, y que acent\u00faa la necesidad imperiosa de establecer medidas de defensa frente a las inundaciones. Se confirma desde todos los \u00e1mbitos y perspectivas de an\u00e1lisis especializado que la soluci\u00f3n pasa indefectiblemente por la construcci\u00f3n cuanto antes de las presas de laminaci\u00f3n que frenen las avenidas procedentes de las ramblas de Nogalte, B\u00e9jar y Torrecilla, as\u00ed como el canal de Biznaga, que de salida al agua que se acumula actualmente entre las pedan\u00edas de Campillo y Purias. La correcci\u00f3n de esta zona endorreica pasa por habilitar a la mayor brevedad posible este nuevo canal, que permita que el agua de lluvia no quede embalsada junto a la carretera de \u00c1guilas, sino que fluya a trav\u00e9s de la rambla de Biznaga\u00bb, ha indicado Gil J\u00f3dar.<\/p>\n<p>Escuchamos al alcalde de Lorca Fulgencio Gil.<\/p>\n<audio class=\"wp-audio-shortcode\" id=\"audio-5156-1\" preload=\"none\" style=\"width: 100%;\" controls=\"controls\"><source type=\"audio\/mpeg\" src=\"https:\/\/arealorcaradio.es\/wp-content\/uploads\/2025\/01\/AUDIO-ALCALDE-ARQUITECTOS.mp3?_=1\" \/><a href=\"https:\/\/arealorcaradio.es\/wp-content\/uploads\/2025\/01\/AUDIO-ALCALDE-ARQUITECTOS.mp3\">https:\/\/arealorcaradio.es\/wp-content\/uploads\/2025\/01\/AUDIO-ALCALDE-ARQUITECTOS.mp3<\/a><\/audio>\n<p>Mar\u00eda Jos\u00e9 Pe\u00f1alver ha manifestado, en este sentido, que la sesi\u00f3n de trabajo con el alcalde ha resultado productiva y positiva.<\/p>\n<p>&nbsp;<\/p>\n<audio class=\"wp-audio-shortcode\" id=\"audio-5156-2\" preload=\"none\" style=\"width: 100%;\" controls=\"controls\"><source type=\"audio\/mpeg\" src=\"https:\/\/arealorcaradio.es\/wp-content\/uploads\/2025\/01\/AUDIO-DECANA-ARQUITECTOS.mp3?_=2\" \/><a href=\"https:\/\/arealorcaradio.es\/wp-content\/uploads\/2025\/01\/AUDIO-DECANA-ARQUITECTOS.mp3\">https:\/\/arealorcaradio.es\/wp-content\/uploads\/2025\/01\/AUDIO-DECANA-ARQUITECTOS.mp3<\/a><\/audio>\n<p class=\"v1MsoNormal\">\n<p class=\"v1MsoNormal\">Las medidas que solucionar\u00edan los problemas que a d\u00eda de hoy sufren los vecinos de Torrecilla, Campillo y Purias cada vez que llueve est\u00e1n en manos del Ministerio y de la Confederaci\u00f3n Hidrogr\u00e1fica del Segura. Estamos hablando de un asunto que supera las competencias locales y regionales, y que tiene que ser asumido por parte del gobierno Central sin m\u00e1s dilaciones. \u00abDesde el Ayuntamiento de Lorca tendemos nuestra mano para trabajar de forma conjunta y coordinada, pero desde la indignaci\u00f3n compartida con los vecinos por no ver avances en la construcci\u00f3n de estas presas y el canal de Biznaga. La paciencia de los lorquinos no es infinita, de hecho, se ha agotado, y desde el Consistorio Municipal vamos a estar junto a los vecinos hasta que estas infraestructuras, incluidas en el Plan de Defensa ante inundaciones redactado tras las avenidas de 2012, est\u00e1n construidas\u00bb.<\/p>\n<p class=\"v1MsoNormal\">El primer edil ha expresado su preocupaci\u00f3n por el impacto que podr\u00edan tener las obras del corredor Mediterr\u00e1neo en caso de una gran avenida. \u00abEstamos hablando de una infraestructura esencial, pero tanto al Ayuntamiento como a los vecinos nos preocupa much\u00edsimo su capacidad de dejar pasar el agua en episodios de fuertes lluvias. De hecho, durante la \u00faltima alerta por la DANA en la que nuestro municipio se encontraba en alerta naranja, las empresas que est\u00e1n realizando estas obras tuvieron que despejar de forma apresurada algunas ramblas para evitar problemas, un hecho que incrementa nuestra inquietud\u00bb.<\/p>\n<p class=\"v1MsoNormal\">Cabe recordar que el Ministerio para la Transici\u00f3n Ecol\u00f3gica cancel\u00f3 los proyectos porque\u00a0su retorno econ\u00f3mico no estaba justificado\u00a0y no los incluy\u00f3 en el Plan de Gesti\u00f3n de Riesgo de Inundaciones de la cuenca del Segura 2022-2027.<\/p>\n<p class=\"v1MsoNormal\">\n","protected":false},"excerpt":{"rendered":"<p>\u00c1REA LORCA RADIO. Lorca, 10 de enero de 2025. El alcalde de Lorca, Fulgencio Gil, contin\u00faa con la bater\u00eda de reuniones de trabajo de car\u00e1cter institucional con los colectivos profesionales directamente involucrados en materia de construcci\u00f3n de infraestructuras de defensa ante avenidas, que en el municipio de Lorca se centran de forma particular en la [&hellip;]<\/p>\n","protected":false},"author":1,"featured_media":5159,"comment_status":"open","ping_status":"open","sticky":false,"template":"","format":"standard","meta":{"iawp_total_views":13,"footnotes":""},"categories":[5,7],"tags":[],"class_list":["post-5156","post","type-post","status-publish","format-standard","has-post-thumbnail","hentry","category-actualidad","category-lorca"],"yoast_head":"<!-- This site is optimized with the Yoast SEO plugin v27.5 - https:\/\/yoast.com\/product\/yoast-seo-wordpress\/ -->\n<title>El alcalde de Lorca y el Colegio de Arquitectos coinciden en la necesidad urgente de construir las presas de Nogalte, B\u00e9jar y Torrecilla para defender a los vecinos de las inundaciones - AREA LORCA RADIO<\/title>\n<meta name=\"robots\" content=\"index, follow, max-snippet:-1, max-image-preview:large, max-video-preview:-1\" \/>\n<link rel=\"canonical\" href=\"https:\/\/arealorcaradio.es\/index.php\/2025\/01\/10\/el-alcalde-de-lorca-y-el-colegio-de-arquitectos-coinciden-en-la-necesidad-urgente-de-construir-las-presas-de-nogalte-bejar-y-torrecilla-para-defender-a-los-vecinos-de-las-inundaciones\/\" \/>\n<meta property=\"og:locale\" content=\"es_ES\" \/>\n<meta property=\"og:type\" content=\"article\" \/>\n<meta property=\"og:title\" content=\"El alcalde de Lorca y el Colegio de Arquitectos coinciden en la necesidad urgente de construir las presas de Nogalte, B\u00e9jar y Torrecilla para defender a los vecinos de las inundaciones - AREA LORCA RADIO\" \/>\n<meta property=\"og:description\" content=\"\u00c1REA LORCA RADIO. Lorca, 10 de enero de 2025. El alcalde de Lorca, Fulgencio Gil, contin\u00faa con la bater\u00eda de reuniones de trabajo de car\u00e1cter institucional con los colectivos profesionales directamente involucrados en materia de construcci\u00f3n de infraestructuras de defensa ante avenidas, que en el municipio de Lorca se centran de forma particular en la [&hellip;]\" \/>\n<meta property=\"og:url\" content=\"https:\/\/arealorcaradio.es\/index.php\/2025\/01\/10\/el-alcalde-de-lorca-y-el-colegio-de-arquitectos-coinciden-en-la-necesidad-urgente-de-construir-las-presas-de-nogalte-bejar-y-torrecilla-para-defender-a-los-vecinos-de-las-inundaciones\/\" \/>\n<meta property=\"og:site_name\" content=\"AREA LORCA RADIO\" \/>\n<meta property=\"article:published_time\" content=\"2025-01-10T15:29:12+00:00\" \/>\n<meta property=\"og:image\" content=\"https:\/\/arealorcaradio.es\/wp-content\/uploads\/2025\/01\/FOTO1-ARQUITECTOS-scaled.jpeg\" \/>\n\t<meta property=\"og:image:width\" content=\"2560\" \/>\n\t<meta property=\"og:image:height\" content=\"1920\" \/>\n\t<meta property=\"og:image:type\" content=\"image\/jpeg\" \/>\n<meta name=\"author\" content=\"Paco S\u00e1nchez\" \/>\n<meta name=\"twitter:card\" content=\"summary_large_image\" \/>\n<meta name=\"twitter:label1\" content=\"Escrito por\" \/>\n\t<meta name=\"twitter:data1\" content=\"Paco S\u00e1nchez\" \/>\n\t<meta name=\"twitter:label2\" content=\"Tiempo de lectura\" \/>\n\t<meta name=\"twitter:data2\" content=\"4 minutos\" \/>\n<script type=\"application\/ld+json\" class=\"yoast-schema-graph\">{\"@context\":\"https:\\\/\\\/schema.org\",\"@graph\":[{\"@type\":\"Article\",\"@id\":\"https:\\\/\\\/arealorcaradio.es\\\/index.php\\\/2025\\\/01\\\/10\\\/el-alcalde-de-lorca-y-el-colegio-de-arquitectos-coinciden-en-la-necesidad-urgente-de-construir-las-presas-de-nogalte-bejar-y-torrecilla-para-defender-a-los-vecinos-de-las-inundaciones\\\/#article\",\"isPartOf\":{\"@id\":\"https:\\\/\\\/arealorcaradio.es\\\/index.php\\\/2025\\\/01\\\/10\\\/el-alcalde-de-lorca-y-el-colegio-de-arquitectos-coinciden-en-la-necesidad-urgente-de-construir-las-presas-de-nogalte-bejar-y-torrecilla-para-defender-a-los-vecinos-de-las-inundaciones\\\/\"},\"author\":{\"name\":\"Paco S\u00e1nchez\",\"@id\":\"https:\\\/\\\/arealorcaradio.es\\\/#\\\/schema\\\/person\\\/9fae605fc25b0f2c83c1ab207139bd27\"},\"headline\":\"El alcalde de Lorca y el Colegio de Arquitectos coinciden en la necesidad urgente de construir las presas de Nogalte, B\u00e9jar y Torrecilla para defender a los vecinos de las inundaciones\",\"datePublished\":\"2025-01-10T15:29:12+00:00\",\"mainEntityOfPage\":{\"@id\":\"https:\\\/\\\/arealorcaradio.es\\\/index.php\\\/2025\\\/01\\\/10\\\/el-alcalde-de-lorca-y-el-colegio-de-arquitectos-coinciden-en-la-necesidad-urgente-de-construir-las-presas-de-nogalte-bejar-y-torrecilla-para-defender-a-los-vecinos-de-las-inundaciones\\\/\"},\"wordCount\":731,\"commentCount\":0,\"image\":{\"@id\":\"https:\\\/\\\/arealorcaradio.es\\\/index.php\\\/2025\\\/01\\\/10\\\/el-alcalde-de-lorca-y-el-colegio-de-arquitectos-coinciden-en-la-necesidad-urgente-de-construir-las-presas-de-nogalte-bejar-y-torrecilla-para-defender-a-los-vecinos-de-las-inundaciones\\\/#primaryimage\"},\"thumbnailUrl\":\"https:\\\/\\\/arealorcaradio.es\\\/wp-content\\\/uploads\\\/2025\\\/01\\\/FOTO1-ARQUITECTOS-scaled.jpeg\",\"articleSection\":[\"ACTUALIDAD\",\"LORCA\"],\"inLanguage\":\"es\",\"potentialAction\":[{\"@type\":\"CommentAction\",\"name\":\"Comment\",\"target\":[\"https:\\\/\\\/arealorcaradio.es\\\/index.php\\\/2025\\\/01\\\/10\\\/el-alcalde-de-lorca-y-el-colegio-de-arquitectos-coinciden-en-la-necesidad-urgente-de-construir-las-presas-de-nogalte-bejar-y-torrecilla-para-defender-a-los-vecinos-de-las-inundaciones\\\/#respond\"]}]},{\"@type\":\"WebPage\",\"@id\":\"https:\\\/\\\/arealorcaradio.es\\\/index.php\\\/2025\\\/01\\\/10\\\/el-alcalde-de-lorca-y-el-colegio-de-arquitectos-coinciden-en-la-necesidad-urgente-de-construir-las-presas-de-nogalte-bejar-y-torrecilla-para-defender-a-los-vecinos-de-las-inundaciones\\\/\",\"url\":\"https:\\\/\\\/arealorcaradio.es\\\/index.php\\\/2025\\\/01\\\/10\\\/el-alcalde-de-lorca-y-el-colegio-de-arquitectos-coinciden-en-la-necesidad-urgente-de-construir-las-presas-de-nogalte-bejar-y-torrecilla-para-defender-a-los-vecinos-de-las-inundaciones\\\/\",\"name\":\"El alcalde de Lorca y el Colegio de Arquitectos coinciden en la necesidad urgente de construir las presas de Nogalte, B\u00e9jar y Torrecilla para defender a los vecinos de las inundaciones - AREA LORCA RADIO\",\"isPartOf\":{\"@id\":\"https:\\\/\\\/arealorcaradio.es\\\/#website\"},\"primaryImageOfPage\":{\"@id\":\"https:\\\/\\\/arealorcaradio.es\\\/index.php\\\/2025\\\/01\\\/10\\\/el-alcalde-de-lorca-y-el-colegio-de-arquitectos-coinciden-en-la-necesidad-urgente-de-construir-las-presas-de-nogalte-bejar-y-torrecilla-para-defender-a-los-vecinos-de-las-inundaciones\\\/#primaryimage\"},\"image\":{\"@id\":\"https:\\\/\\\/arealorcaradio.es\\\/index.php\\\/2025\\\/01\\\/10\\\/el-alcalde-de-lorca-y-el-colegio-de-arquitectos-coinciden-en-la-necesidad-urgente-de-construir-las-presas-de-nogalte-bejar-y-torrecilla-para-defender-a-los-vecinos-de-las-inundaciones\\\/#primaryimage\"},\"thumbnailUrl\":\"https:\\\/\\\/arealorcaradio.es\\\/wp-content\\\/uploads\\\/2025\\\/01\\\/FOTO1-ARQUITECTOS-scaled.jpeg\",\"datePublished\":\"2025-01-10T15:29:12+00:00\",\"author\":{\"@id\":\"https:\\\/\\\/arealorcaradio.es\\\/#\\\/schema\\\/person\\\/9fae605fc25b0f2c83c1ab207139bd27\"},\"breadcrumb\":{\"@id\":\"https:\\\/\\\/arealorcaradio.es\\\/index.php\\\/2025\\\/01\\\/10\\\/el-alcalde-de-lorca-y-el-colegio-de-arquitectos-coinciden-en-la-necesidad-urgente-de-construir-las-presas-de-nogalte-bejar-y-torrecilla-para-defender-a-los-vecinos-de-las-inundaciones\\\/#breadcrumb\"},\"inLanguage\":\"es\",\"potentialAction\":[{\"@type\":\"ReadAction\",\"target\":[\"https:\\\/\\\/arealorcaradio.es\\\/index.php\\\/2025\\\/01\\\/10\\\/el-alcalde-de-lorca-y-el-colegio-de-arquitectos-coinciden-en-la-necesidad-urgente-de-construir-las-presas-de-nogalte-bejar-y-torrecilla-para-defender-a-los-vecinos-de-las-inundaciones\\\/\"]}]},{\"@type\":\"ImageObject\",\"inLanguage\":\"es\",\"@id\":\"https:\\\/\\\/arealorcaradio.es\\\/index.php\\\/2025\\\/01\\\/10\\\/el-alcalde-de-lorca-y-el-colegio-de-arquitectos-coinciden-en-la-necesidad-urgente-de-construir-las-presas-de-nogalte-bejar-y-torrecilla-para-defender-a-los-vecinos-de-las-inundaciones\\\/#primaryimage\",\"url\":\"https:\\\/\\\/arealorcaradio.es\\\/wp-content\\\/uploads\\\/2025\\\/01\\\/FOTO1-ARQUITECTOS-scaled.jpeg\",\"contentUrl\":\"https:\\\/\\\/arealorcaradio.es\\\/wp-content\\\/uploads\\\/2025\\\/01\\\/FOTO1-ARQUITECTOS-scaled.jpeg\",\"width\":2560,\"height\":1920},{\"@type\":\"BreadcrumbList\",\"@id\":\"https:\\\/\\\/arealorcaradio.es\\\/index.php\\\/2025\\\/01\\\/10\\\/el-alcalde-de-lorca-y-el-colegio-de-arquitectos-coinciden-en-la-necesidad-urgente-de-construir-las-presas-de-nogalte-bejar-y-torrecilla-para-defender-a-los-vecinos-de-las-inundaciones\\\/#breadcrumb\",\"itemListElement\":[{\"@type\":\"ListItem\",\"position\":1,\"name\":\"Portada\",\"item\":\"https:\\\/\\\/arealorcaradio.es\\\/\"},{\"@type\":\"ListItem\",\"position\":2,\"name\":\"El alcalde de Lorca y el Colegio de Arquitectos coinciden en la necesidad urgente de construir las presas de Nogalte, B\u00e9jar y Torrecilla para defender a los vecinos de las inundaciones\"}]},{\"@type\":\"WebSite\",\"@id\":\"https:\\\/\\\/arealorcaradio.es\\\/#website\",\"url\":\"https:\\\/\\\/arealorcaradio.es\\\/\",\"name\":\"AREA LORCA RADIO\",\"description\":\"Descubre la programaci\u00f3n actual en \u00c1rea Lorca Radio, tu fuente de entrenamiento y noticias locales. Sintoniza ahora y mantente conectado online.\",\"potentialAction\":[{\"@type\":\"SearchAction\",\"target\":{\"@type\":\"EntryPoint\",\"urlTemplate\":\"https:\\\/\\\/arealorcaradio.es\\\/?s={search_term_string}\"},\"query-input\":{\"@type\":\"PropertyValueSpecification\",\"valueRequired\":true,\"valueName\":\"search_term_string\"}}],\"inLanguage\":\"es\"},{\"@type\":\"Person\",\"@id\":\"https:\\\/\\\/arealorcaradio.es\\\/#\\\/schema\\\/person\\\/9fae605fc25b0f2c83c1ab207139bd27\",\"name\":\"Paco S\u00e1nchez\",\"image\":{\"@type\":\"ImageObject\",\"inLanguage\":\"es\",\"@id\":\"https:\\\/\\\/secure.gravatar.com\\\/avatar\\\/d67144e966420fb74aa84c9f2a0103be4724fd14db52b52d3b6bca749f257e79?s=96&d=mm&r=g\",\"url\":\"https:\\\/\\\/secure.gravatar.com\\\/avatar\\\/d67144e966420fb74aa84c9f2a0103be4724fd14db52b52d3b6bca749f257e79?s=96&d=mm&r=g\",\"contentUrl\":\"https:\\\/\\\/secure.gravatar.com\\\/avatar\\\/d67144e966420fb74aa84c9f2a0103be4724fd14db52b52d3b6bca749f257e79?s=96&d=mm&r=g\",\"caption\":\"Paco S\u00e1nchez\"},\"sameAs\":[\"https:\\\/\\\/arealorcaradio.es\"],\"url\":\"https:\\\/\\\/arealorcaradio.es\\\/index.php\\\/author\\\/admin_alorcaradio\\\/\"}]}<\/script>\n<!-- \/ Yoast SEO plugin. -->","yoast_head_json":{"title":"El alcalde de Lorca y el Colegio de Arquitectos coinciden en la necesidad urgente de construir las presas de Nogalte, B\u00e9jar y Torrecilla para defender a los vecinos de las inundaciones - AREA LORCA RADIO","robots":{"index":"index","follow":"follow","max-snippet":"max-snippet:-1","max-image-preview":"max-image-preview:large","max-video-preview":"max-video-preview:-1"},"canonical":"https:\/\/arealorcaradio.es\/index.php\/2025\/01\/10\/el-alcalde-de-lorca-y-el-colegio-de-arquitectos-coinciden-en-la-necesidad-urgente-de-construir-las-presas-de-nogalte-bejar-y-torrecilla-para-defender-a-los-vecinos-de-las-inundaciones\/","og_locale":"es_ES","og_type":"article","og_title":"El alcalde de Lorca y el Colegio de Arquitectos coinciden en la necesidad urgente de construir las presas de Nogalte, B\u00e9jar y Torrecilla para defender a los vecinos de las inundaciones - AREA LORCA RADIO","og_description":"\u00c1REA LORCA RADIO. Lorca, 10 de enero de 2025. El alcalde de Lorca, Fulgencio Gil, contin\u00faa con la bater\u00eda de reuniones de trabajo de car\u00e1cter institucional con los colectivos profesionales directamente involucrados en materia de construcci\u00f3n de infraestructuras de defensa ante avenidas, que en el municipio de Lorca se centran de forma particular en la [&hellip;]","og_url":"https:\/\/arealorcaradio.es\/index.php\/2025\/01\/10\/el-alcalde-de-lorca-y-el-colegio-de-arquitectos-coinciden-en-la-necesidad-urgente-de-construir-las-presas-de-nogalte-bejar-y-torrecilla-para-defender-a-los-vecinos-de-las-inundaciones\/","og_site_name":"AREA LORCA RADIO","article_published_time":"2025-01-10T15:29:12+00:00","og_image":[{"width":2560,"height":1920,"url":"https:\/\/arealorcaradio.es\/wp-content\/uploads\/2025\/01\/FOTO1-ARQUITECTOS-scaled.jpeg","type":"image\/jpeg"}],"author":"Paco S\u00e1nchez","twitter_card":"summary_large_image","twitter_misc":{"Escrito por":"Paco S\u00e1nchez","Tiempo de lectura":"4 minutos"},"schema":{"@context":"https:\/\/schema.org","@graph":[{"@type":"Article","@id":"https:\/\/arealorcaradio.es\/index.php\/2025\/01\/10\/el-alcalde-de-lorca-y-el-colegio-de-arquitectos-coinciden-en-la-necesidad-urgente-de-construir-las-presas-de-nogalte-bejar-y-torrecilla-para-defender-a-los-vecinos-de-las-inundaciones\/#article","isPartOf":{"@id":"https:\/\/arealorcaradio.es\/index.php\/2025\/01\/10\/el-alcalde-de-lorca-y-el-colegio-de-arquitectos-coinciden-en-la-necesidad-urgente-de-construir-las-presas-de-nogalte-bejar-y-torrecilla-para-defender-a-los-vecinos-de-las-inundaciones\/"},"author":{"name":"Paco S\u00e1nchez","@id":"https:\/\/arealorcaradio.es\/#\/schema\/person\/9fae605fc25b0f2c83c1ab207139bd27"},"headline":"El alcalde de Lorca y el Colegio de Arquitectos coinciden en la necesidad urgente de construir las presas de Nogalte, B\u00e9jar y Torrecilla para defender a los vecinos de las inundaciones","datePublished":"2025-01-10T15:29:12+00:00","mainEntityOfPage":{"@id":"https:\/\/arealorcaradio.es\/index.php\/2025\/01\/10\/el-alcalde-de-lorca-y-el-colegio-de-arquitectos-coinciden-en-la-necesidad-urgente-de-construir-las-presas-de-nogalte-bejar-y-torrecilla-para-defender-a-los-vecinos-de-las-inundaciones\/"},"wordCount":731,"commentCount":0,"image":{"@id":"https:\/\/arealorcaradio.es\/index.php\/2025\/01\/10\/el-alcalde-de-lorca-y-el-colegio-de-arquitectos-coinciden-en-la-necesidad-urgente-de-construir-las-presas-de-nogalte-bejar-y-torrecilla-para-defender-a-los-vecinos-de-las-inundaciones\/#primaryimage"},"thumbnailUrl":"https:\/\/arealorcaradio.es\/wp-content\/uploads\/2025\/01\/FOTO1-ARQUITECTOS-scaled.jpeg","articleSection":["ACTUALIDAD","LORCA"],"inLanguage":"es","potentialAction":[{"@type":"CommentAction","name":"Comment","target":["https:\/\/arealorcaradio.es\/index.php\/2025\/01\/10\/el-alcalde-de-lorca-y-el-colegio-de-arquitectos-coinciden-en-la-necesidad-urgente-de-construir-las-presas-de-nogalte-bejar-y-torrecilla-para-defender-a-los-vecinos-de-las-inundaciones\/#respond"]}]},{"@type":"WebPage","@id":"https:\/\/arealorcaradio.es\/index.php\/2025\/01\/10\/el-alcalde-de-lorca-y-el-colegio-de-arquitectos-coinciden-en-la-necesidad-urgente-de-construir-las-presas-de-nogalte-bejar-y-torrecilla-para-defender-a-los-vecinos-de-las-inundaciones\/","url":"https:\/\/arealorcaradio.es\/index.php\/2025\/01\/10\/el-alcalde-de-lorca-y-el-colegio-de-arquitectos-coinciden-en-la-necesidad-urgente-de-construir-las-presas-de-nogalte-bejar-y-torrecilla-para-defender-a-los-vecinos-de-las-inundaciones\/","name":"El alcalde de Lorca y el Colegio de Arquitectos coinciden en la necesidad urgente de construir las presas de Nogalte, B\u00e9jar y Torrecilla para defender a los vecinos de las inundaciones - AREA LORCA RADIO","isPartOf":{"@id":"https:\/\/arealorcaradio.es\/#website"},"primaryImageOfPage":{"@id":"https:\/\/arealorcaradio.es\/index.php\/2025\/01\/10\/el-alcalde-de-lorca-y-el-colegio-de-arquitectos-coinciden-en-la-necesidad-urgente-de-construir-las-presas-de-nogalte-bejar-y-torrecilla-para-defender-a-los-vecinos-de-las-inundaciones\/#primaryimage"},"image":{"@id":"https:\/\/arealorcaradio.es\/index.php\/2025\/01\/10\/el-alcalde-de-lorca-y-el-colegio-de-arquitectos-coinciden-en-la-necesidad-urgente-de-construir-las-presas-de-nogalte-bejar-y-torrecilla-para-defender-a-los-vecinos-de-las-inundaciones\/#primaryimage"},"thumbnailUrl":"https:\/\/arealorcaradio.es\/wp-content\/uploads\/2025\/01\/FOTO1-ARQUITECTOS-scaled.jpeg","datePublished":"2025-01-10T15:29:12+00:00","author":{"@id":"https:\/\/arealorcaradio.es\/#\/schema\/person\/9fae605fc25b0f2c83c1ab207139bd27"},"breadcrumb":{"@id":"https:\/\/arealorcaradio.es\/index.php\/2025\/01\/10\/el-alcalde-de-lorca-y-el-colegio-de-arquitectos-coinciden-en-la-necesidad-urgente-de-construir-las-presas-de-nogalte-bejar-y-torrecilla-para-defender-a-los-vecinos-de-las-inundaciones\/#breadcrumb"},"inLanguage":"es","potentialAction":[{"@type":"ReadAction","target":["https:\/\/arealorcaradio.es\/index.php\/2025\/01\/10\/el-alcalde-de-lorca-y-el-colegio-de-arquitectos-coinciden-en-la-necesidad-urgente-de-construir-las-presas-de-nogalte-bejar-y-torrecilla-para-defender-a-los-vecinos-de-las-inundaciones\/"]}]},{"@type":"ImageObject","inLanguage":"es","@id":"https:\/\/arealorcaradio.es\/index.php\/2025\/01\/10\/el-alcalde-de-lorca-y-el-colegio-de-arquitectos-coinciden-en-la-necesidad-urgente-de-construir-las-presas-de-nogalte-bejar-y-torrecilla-para-defender-a-los-vecinos-de-las-inundaciones\/#primaryimage","url":"https:\/\/arealorcaradio.es\/wp-content\/uploads\/2025\/01\/FOTO1-ARQUITECTOS-scaled.jpeg","contentUrl":"https:\/\/arealorcaradio.es\/wp-content\/uploads\/2025\/01\/FOTO1-ARQUITECTOS-scaled.jpeg","width":2560,"height":1920},{"@type":"BreadcrumbList","@id":"https:\/\/arealorcaradio.es\/index.php\/2025\/01\/10\/el-alcalde-de-lorca-y-el-colegio-de-arquitectos-coinciden-en-la-necesidad-urgente-de-construir-las-presas-de-nogalte-bejar-y-torrecilla-para-defender-a-los-vecinos-de-las-inundaciones\/#breadcrumb","itemListElement":[{"@type":"ListItem","position":1,"name":"Portada","item":"https:\/\/arealorcaradio.es\/"},{"@type":"ListItem","position":2,"name":"El alcalde de Lorca y el Colegio de Arquitectos coinciden en la necesidad urgente de construir las presas de Nogalte, B\u00e9jar y Torrecilla para defender a los vecinos de las inundaciones"}]},{"@type":"WebSite","@id":"https:\/\/arealorcaradio.es\/#website","url":"https:\/\/arealorcaradio.es\/","name":"AREA LORCA RADIO","description":"Descubre la programaci\u00f3n actual en \u00c1rea Lorca Radio, tu fuente de entrenamiento y noticias locales. Sintoniza ahora y mantente conectado online.","potentialAction":[{"@type":"SearchAction","target":{"@type":"EntryPoint","urlTemplate":"https:\/\/arealorcaradio.es\/?s={search_term_string}"},"query-input":{"@type":"PropertyValueSpecification","valueRequired":true,"valueName":"search_term_string"}}],"inLanguage":"es"},{"@type":"Person","@id":"https:\/\/arealorcaradio.es\/#\/schema\/person\/9fae605fc25b0f2c83c1ab207139bd27","name":"Paco S\u00e1nchez","image":{"@type":"ImageObject","inLanguage":"es","@id":"https:\/\/secure.gravatar.com\/avatar\/d67144e966420fb74aa84c9f2a0103be4724fd14db52b52d3b6bca749f257e79?s=96&d=mm&r=g","url":"https:\/\/secure.gravatar.com\/avatar\/d67144e966420fb74aa84c9f2a0103be4724fd14db52b52d3b6bca749f257e79?s=96&d=mm&r=g","contentUrl":"https:\/\/secure.gravatar.com\/avatar\/d67144e966420fb74aa84c9f2a0103be4724fd14db52b52d3b6bca749f257e79?s=96&d=mm&r=g","caption":"Paco S\u00e1nchez"},"sameAs":["https:\/\/arealorcaradio.es"],"url":"https:\/\/arealorcaradio.es\/index.php\/author\/admin_alorcaradio\/"}]}},"_links":{"self":[{"href":"https:\/\/arealorcaradio.es\/index.php\/wp-json\/wp\/v2\/posts\/5156","targetHints":{"allow":["GET"]}}],"collection":[{"href":"https:\/\/arealorcaradio.es\/index.php\/wp-json\/wp\/v2\/posts"}],"about":[{"href":"https:\/\/arealorcaradio.es\/index.php\/wp-json\/wp\/v2\/types\/post"}],"author":[{"embeddable":true,"href":"https:\/\/arealorcaradio.es\/index.php\/wp-json\/wp\/v2\/users\/1"}],"replies":[{"embeddable":true,"href":"https:\/\/arealorcaradio.es\/index.php\/wp-json\/wp\/v2\/comments?post=5156"}],"version-history":[{"count":1,"href":"https:\/\/arealorcaradio.es\/index.php\/wp-json\/wp\/v2\/posts\/5156\/revisions"}],"predecessor-version":[{"id":5161,"href":"https:\/\/arealorcaradio.es\/index.php\/wp-json\/wp\/v2\/posts\/5156\/revisions\/5161"}],"wp:featuredmedia":[{"embeddable":true,"href":"https:\/\/arealorcaradio.es\/index.php\/wp-json\/wp\/v2\/media\/5159"}],"wp:attachment":[{"href":"https:\/\/arealorcaradio.es\/index.php\/wp-json\/wp\/v2\/media?parent=5156"}],"wp:term":[{"taxonomy":"category","embeddable":true,"href":"https:\/\/arealorcaradio.es\/index.php\/wp-json\/wp\/v2\/categories?post=5156"},{"taxonomy":"post_tag","embeddable":true,"href":"https:\/\/arealorcaradio.es\/index.php\/wp-json\/wp\/v2\/tags?post=5156"}],"curies":[{"name":"wp","href":"https:\/\/api.w.org\/{rel}","templated":true}]}}