{"id":5137,"date":"2025-01-09T18:25:22","date_gmt":"2025-01-09T18:25:22","guid":{"rendered":"https:\/\/arealorcaradio.es\/?p=5137"},"modified":"2025-01-15T16:20:44","modified_gmt":"2025-01-15T16:20:44","slug":"un-total-de-30-artistas-nacionales-e-internacionales-de-distintas-generaciones-y-disciplinas-se-dan-cita-en-la-exposicion-contemporaneas","status":"publish","type":"post","link":"https:\/\/arealorcaradio.es\/index.php\/2025\/01\/09\/un-total-de-30-artistas-nacionales-e-internacionales-de-distintas-generaciones-y-disciplinas-se-dan-cita-en-la-exposicion-contemporaneas\/","title":{"rendered":"Un total de 30 artistas nacionales e internacionales de distintas generaciones y disciplinas se dan cita en la exposici\u00f3n &#8216;CONTEMPOR\u00c1NEAS&#8217;"},"content":{"rendered":"<p><strong>\u00c1REA LORCA RADIO. Elena Reverte.<\/strong><\/p>\n<div>\n<p class=\"v1MsoNormal\">Escucha aqu\u00ed la intervenci\u00f3n en el magazine de \u00c1rea Lorca Radio de la artista lorquina, Mar\u00eda Dolores S\u00e1nchez Meca \u00abSolete\u00bb y la Comisaria de la Exposici\u00f3n que lleva por nombre \u00abCONTEMPORANEAS\u00bb, Eva Hern\u00e1ndez Calder\u00f3n.<\/p>\n<audio class=\"wp-audio-shortcode\" id=\"audio-5137-1\" preload=\"none\" style=\"width: 100%;\" controls=\"controls\"><source type=\"audio\/mpeg\" src=\"https:\/\/arealorcaradio.es\/wp-content\/uploads\/2025\/01\/090125-MARIA-DOLORES-SOLETE-Y-EVA-HERNANDEZ.mp3?_=1\" \/><a href=\"https:\/\/arealorcaradio.es\/wp-content\/uploads\/2025\/01\/090125-MARIA-DOLORES-SOLETE-Y-EVA-HERNANDEZ.mp3\">https:\/\/arealorcaradio.es\/wp-content\/uploads\/2025\/01\/090125-MARIA-DOLORES-SOLETE-Y-EVA-HERNANDEZ.mp3<\/a><\/audio>\n<p class=\"v1MsoNormal\"><b>Lorca, 9 de enero de 2025<\/b>. El emblem\u00e1tico Palacete Huerto Ruano comienza su programaci\u00f3n para este 2025 con una exposici\u00f3n dedicada a la figura de la mujer en el arte,\u00a0<b>\u00abCONTEMPOR\u00c1NEAS\u00bb,<\/b> una muestra desarrollada desde el enfoque de la diversidad donde artistas de distintas generaciones, nacionalidades y disciplinas ofrecer\u00e1n al espectador diferentes maneras de enfrentarse al concepto de lo femenino. La exposici\u00f3n, que ser\u00e1 inaugurada este mismo s\u00e1bado, 11 de enero, a las 12:30 horas, estar\u00e1 abierta al p\u00fablico de manera gratuita hasta el 8 de marzo de este a\u00f1o.<\/p>\n<p class=\"v1MsoNormal\"><img loading=\"lazy\" decoding=\"async\" class=\"alignnone size-medium wp-image-5141\" src=\"https:\/\/arealorcaradio.es\/wp-content\/uploads\/2025\/01\/20250109_164829-300x225.jpg\" alt=\"\" width=\"300\" height=\"225\" srcset=\"https:\/\/arealorcaradio.es\/wp-content\/uploads\/2025\/01\/20250109_164829-300x225.jpg 300w, https:\/\/arealorcaradio.es\/wp-content\/uploads\/2025\/01\/20250109_164829-1024x768.jpg 1024w, https:\/\/arealorcaradio.es\/wp-content\/uploads\/2025\/01\/20250109_164829-768x576.jpg 768w, https:\/\/arealorcaradio.es\/wp-content\/uploads\/2025\/01\/20250109_164829-1536x1152.jpg 1536w, https:\/\/arealorcaradio.es\/wp-content\/uploads\/2025\/01\/20250109_164829-2048x1536.jpg 2048w, https:\/\/arealorcaradio.es\/wp-content\/uploads\/2025\/01\/20250109_164829-86x64.jpg 86w\" sizes=\"auto, (max-width: 300px) 100vw, 300px\" \/><\/p>\n<p class=\"v1MsoNormal\">Organizada por la concejal\u00eda de Cultura del Ayuntamiento de Lorca, junto con el Instituto de Arte y Cultura, y comisariada por Eva Hern\u00e1ndez Calder\u00f3n, gestora cultural con m\u00e1s de veinte a\u00f1os de experiencia,<b>\u00a0\u00abCONTEMPOR\u00c1NEAS\u00bb<\/b> re\u00fane a un total de 30 artistas nacionales e internacionales, mujeres y hombres que, unidos bajo la figuraci\u00f3n, dialogar\u00e1n sobre la est\u00e9tica de lo femenino desde enfoques bien distintos.\u00a0A trav\u00e9s de diferentes medios como pintura, escultura, fotograf\u00eda, collage, instalaci\u00f3n, dibujo, ilustraci\u00f3n y fotograf\u00eda bordada, abordar\u00e1n temas de inter\u00e9s como la identidad, el empoderamiento femenino, la soledad, el maltrato, los roles de g\u00e9nero, los modelos de belleza, la fragilidad de la infancia, la sexualidad, y hasta el medioambiente. Una perspectiva plural que no s\u00f3lo enriquecer\u00e1 la narrativa general de la muestra, sino que tambi\u00e9n aportar\u00e1 cuestiones para reflexionar sobre los desaf\u00edos y logros que enfrentan las mujeres en el \u00e1mbito art\u00edstico en la actualidad.<\/p>\n<p class=\"v1MsoNormal\">La figura de la mujer ha sido un tema de referencia constante en la historia del arte, aunque siempre tratada como musa y nunca considerada como verdadera artista, un hecho que afortunadamente en las \u00faltimas d\u00e9cadas ha ido cambiando. Hoy nadie cuestiona su lugar, su capacidad para crear y sobre todo la calidad de su obra que ya no s\u00f3lo se limita a recrear su entorno m\u00e1s pr\u00f3ximo, sino que va mucho m\u00e1s all\u00e1, planteando cuestiones que siempre han estado en el foco de su inter\u00e9s, pero s\u00f3lo ahora han tenido la libertad para poder hacerlo.<\/p>\n<p class=\"v1MsoNormal\">Desde el punto de vista de la creaci\u00f3n, las mujeres han aportado al arte contempor\u00e1neo un enfoque \u00fanico y valioso, desafiando en muchos casos las normas y expresando sus experiencias a trav\u00e9s de diversas formas art\u00edsticas. Con una representaci\u00f3n femenina de 21 creadoras,\u00a0<b>\u00ab<\/b><b>CONTEMPOR\u00c1NEAS\u00bb\u00a0<\/b>refleja c\u00f3mo a pesar de sus diferencias generacionales todas ellas tienen en com\u00fan un cierto talante reivindicativo y una preocupaci\u00f3n por plantear al espectador cuestiones a veces inc\u00f3modas, sus inquietudes y necesidades, su d\u00eda a d\u00eda, preocupaciones o miedos.<\/p>\n<p class=\"v1MsoNormal\">Creadoras como Reme Amor\u00f3s cuestionan c\u00f3mo el papel de la mujer en la sociedad siempre ha estado limitado por estamentos masculinos, tomando como protagonistas a las poetas murcianas Inma Pelegr\u00edn y Katy Parra. Por su parte, Laura Cano, Harma Heikens, y Danielle Jon ofrecen planteamientos bien distintos para tratar el tema de la fragilidad de la infancia y los retos durante la adolescencia, mientras que Anne-Christine Roda, Agnieszka Kotarska, Eva Lootz, y Rosa Vivanco nos llevan a esa parte m\u00e1s \u00edntima, donde la soledad y los miedos cohabitan con nuestro yo m\u00e1s espiritual. La presi\u00f3n de los c\u00e1nones de belleza se desdibuja entre los trozos de un espejo roto protagonista en la fotograf\u00eda de F\u00e1tima Ruiz, mientras que Teresa Guerrero aborda la sexualidad femenina como un elemento m\u00e1s de la naturaleza, aportando una visi\u00f3n m\u00e1s conceptual de un tema que en principio siempre ha sido tab\u00fa.<\/p>\n<p class=\"v1MsoNormal\">El desconocido universo del collage, de la mano de Aurora Duque de la Torre nos invita a mirar al pasado, trayendo a nuestra memoria la vida de artistas como Remedios Var\u00f3 o Dorotea Tanning. Un homenaje a todas aquellas mujeres que abrieron caminos, al que tambi\u00e9n se suma Concha Mart\u00ednez Montalvo con sus voces del pasado, una mirada que toma nuevos aires con la c\u00e1mara de L\u00eddia Vives y sus reinas censuradas, as\u00ed como las ilustraciones sobre el amor de la joven Mar\u00eda \u00d1\u00edguez.<\/p>\n<p class=\"v1MsoNormal\">Por su parte, la artista lorquina Mar\u00eda Dolores S\u00e1nchez Meca aporta su personal homenaje a la mujer emprendedora con el retrato de tres generaciones de mujeres unidas bajo su esp\u00edritu de lucha; sin duda no hay mejor espejo donde poder mirarse para aprender de su tes\u00f3n y val\u00eda. Y, enlazando con esa tradici\u00f3n del bordado tan presente en la ciudad de Lorca, con una aportaci\u00f3n de nuevos registros a este noble arte, Alejandra Riera propone transformar el pasado con sus fotograf\u00edas bordadas.<\/p>\n<p class=\"v1MsoNormal\">Cierran este itinerario femenino Virginia Berbas\u00e9 y la coreana Jackie K. Seo, unidas bajo su reflexi\u00f3n sobre la vejez, momento de la vida que pocas veces se plantea como centro del discurso narrativo de los artistas.<\/p>\n<p class=\"v1MsoNormal\">No s\u00f3lo la figura de la mujer como creadora queda definida en esta exposici\u00f3n, sino tambi\u00e9n su presencia como musa inspiradora. Artistas de todas las \u00e9pocas han encontrado en la figura femenina una fuente de inspiraci\u00f3n contin\u00faa representando no s\u00f3lo su belleza f\u00edsica sino tambi\u00e9n esa parte m\u00e1s emocional. Aunque estas representaciones a menudo han estado marcadas por ciertos estereotipos que han llevado a un debate sobre la objetivaci\u00f3n y la autonom\u00eda de la mujer en el arte, los creadores contempor\u00e1neos han superado estas antiguas limitaciones.<\/p>\n<p class=\"v1MsoNormal\">Actualmente, muchos son los artistas que centran su trabajo en la figura de la mujer, tal y como queda evidenciado en esta exposici\u00f3n: desde la representaci\u00f3n de la belleza cl\u00e1sica del escultor hiperrealista John de Andrea, las voluptuosas j\u00f3venes tatuadas de Juan Piza y los desnudos de Juan Palomares, toda una declaraci\u00f3n contra los estrictos c\u00e1nones de belleza femeninos, o las simb\u00f3licas narraciones de Jos\u00e9 Carlos D\u00edaz Ruano que ponen el punto de mira en la fragilidad cuerpo-mente. Javier Arizabalo, Marc Sijan, Jorge P\u00e9rez Parada, Sacris y Malavitta, cierran la lista de artistas masculinos que aportan su visi\u00f3n sobre el universo de lo femenino.<\/p>\n<p class=\"v1MsoNormal\">\u00abCONTEMPOR\u00c1NEAS\u00bb es una exposici\u00f3n para celebrar la diversidad, la libertad creativa, pero sobre todo para reescribir aquellas antiguas narrativas que exclu\u00edan a las mujeres del \u00e1mbito art\u00edstico, su presencia como creadoras activas enriquecen y aportan diferentes perspectivas, su voz fue, es y ser\u00e1 esencial en el mundo del arte, \u00abpor lo que desde aqu\u00ed invito a todos, lorquinos y visitantes a visitarla y a indagar no solo en este universo femenino, sino en las aportaciones art\u00edsticas de cada uno de los autores.<\/p>\n<p class=\"v1MsoNormal\"><b><u><img loading=\"lazy\" decoding=\"async\" class=\"alignnone size-medium wp-image-5142\" src=\"https:\/\/arealorcaradio.es\/wp-content\/uploads\/2025\/01\/IMG-20250109-WA0039-225x300.jpg\" alt=\"\" width=\"225\" height=\"300\" srcset=\"https:\/\/arealorcaradio.es\/wp-content\/uploads\/2025\/01\/IMG-20250109-WA0039-225x300.jpg 225w, https:\/\/arealorcaradio.es\/wp-content\/uploads\/2025\/01\/IMG-20250109-WA0039-768x1025.jpg 768w, https:\/\/arealorcaradio.es\/wp-content\/uploads\/2025\/01\/IMG-20250109-WA0039.jpg 850w\" sizes=\"auto, (max-width: 225px) 100vw, 225px\" \/>\u00a0 <\/u><\/b><\/p>\n<p class=\"v1MsoNormal\"><b><u>Artistas participantes:<\/u><\/b><\/p>\n<p class=\"v1MsoNormal\">1-Reme Amor\u00f3s (Alicante, 1962)<\/p>\n<p class=\"v1MsoNormal\">2-Virginia Bersab\u00e9 (C\u00f3rdoba, 1990)<\/p>\n<p class=\"v1MsoNormal\">3-Laura Cano (Bilbao, 1975)<\/p>\n<p class=\"v1MsoNormal\">4-Aurora Duque de la Torre (Madrid, 1966)<\/p>\n<p class=\"v1MsoNormal\">5-Teresa Guerrero (C\u00f3rdoba, 1966)<\/p>\n<p class=\"v1MsoNormal\">6-Harma Heikens (Pa\u00edses Bajos, 1963)<\/p>\n<p class=\"v1MsoNormal\">7-Danielle Jon (Huesca, 1996)<\/p>\n<p class=\"v1MsoNormal\">8-Agnieszka Kotarska (Polonia, 1984)<\/p>\n<p class=\"v1MsoNormal\">9-Lisa Lichtenfels (Estados Unidos, 1958)<\/p>\n<p class=\"v1MsoNormal\">10-Eva Lootz (Viena, 1940)<\/p>\n<p class=\"v1MsoNormal\">11-Pilar Peque\u00f1o (Madrid, 1944)<\/p>\n<p class=\"v1MsoNormal\">12-Alejandra Riera (Murcia, 1987)<\/p>\n<p class=\"v1MsoNormal\">13-Anne-Christine Roda (Francia, 1974)<\/p>\n<p class=\"v1MsoNormal\">14-F\u00e1tima Ruiz(Cartagena, 1991)<\/p>\n<p class=\"v1MsoNormal\">15- M\u00aa Dolores S\u00e1nchez Meca (Lorca, 1973)<\/p>\n<p class=\"v1MsoNormal\">16-Concha Mart\u00ednez Montalvo (Madrid, 1962)<\/p>\n<p class=\"v1MsoNormal\">17-Isabel Mu\u00f1oz (Barcelona, 1951)<\/p>\n<p class=\"v1MsoNormal\">18-Mar\u00eda \u00d1\u00edguez (Murcia,1997)<\/p>\n<p class=\"v1MsoNormal\">19- Jackie K. Seo (Corea, 1972)<\/p>\n<p class=\"v1MsoNormal\">20- Rosa Vivanco (Guinea Ecuatorial, 1957)<\/p>\n<p class=\"v1MsoNormal\">21- L\u00eddia Vives (L\u00e9rida, 1991)<\/p>\n<p class=\"v1MsoNormal\">22-Javier Arizabalo (Francia, 1965)<\/p>\n<p class=\"v1MsoNormal\">23-John de Andrea (Estados Unidos, 1941)<\/p>\n<p class=\"v1MsoNormal\">24-Malavitta (Italia, 1983)<\/p>\n<p class=\"v1MsoNormal\">25-Juan Palomares (Granada, 1986)<\/p>\n<p class=\"v1MsoNormal\">26-Jorge P\u00e9rez Parada (Ciudad Real, 1971)<\/p>\n<p class=\"v1MsoNormal\">27-Juan Piza (Valencia, 1979)<\/p>\n<p class=\"v1MsoNormal\">28-Jos\u00e9 Carlos D\u00edaz Ruano (Madrid, 1992)<\/p>\n<p class=\"v1MsoNormal\">29-Sacris (Barcelona, 1969-2020)<\/p>\n<p class=\"v1MsoNormal\">30-Marc Sijan (Serbia, 1946)<\/p>\n<\/div>\n<div><\/div>\n<p>&nbsp;<\/p>\n","protected":false},"excerpt":{"rendered":"<p>\u00c1REA LORCA RADIO. Elena Reverte. Escucha aqu\u00ed la intervenci\u00f3n en el magazine de \u00c1rea Lorca Radio de la artista lorquina, Mar\u00eda Dolores S\u00e1nchez Meca \u00abSolete\u00bb y la Comisaria de la Exposici\u00f3n que lleva por nombre \u00abCONTEMPORANEAS\u00bb, Eva Hern\u00e1ndez Calder\u00f3n. Lorca, 9 de enero de 2025. El emblem\u00e1tico Palacete Huerto Ruano comienza su programaci\u00f3n para este [&hellip;]<\/p>\n","protected":false},"author":1,"featured_media":5139,"comment_status":"open","ping_status":"open","sticky":false,"template":"","format":"standard","meta":{"iawp_total_views":254,"footnotes":""},"categories":[5,7],"tags":[],"class_list":["post-5137","post","type-post","status-publish","format-standard","has-post-thumbnail","hentry","category-actualidad","category-lorca"],"yoast_head":"<!-- This site is optimized with the Yoast SEO plugin v27.5 - https:\/\/yoast.com\/product\/yoast-seo-wordpress\/ -->\n<title>Un total de 30 artistas nacionales e internacionales de distintas generaciones y disciplinas se dan cita en la exposici\u00f3n &#039;CONTEMPOR\u00c1NEAS&#039; - AREA LORCA RADIO<\/title>\n<meta name=\"robots\" content=\"index, follow, max-snippet:-1, max-image-preview:large, max-video-preview:-1\" \/>\n<link rel=\"canonical\" href=\"https:\/\/arealorcaradio.es\/index.php\/2025\/01\/09\/un-total-de-30-artistas-nacionales-e-internacionales-de-distintas-generaciones-y-disciplinas-se-dan-cita-en-la-exposicion-contemporaneas\/\" \/>\n<meta property=\"og:locale\" content=\"es_ES\" \/>\n<meta property=\"og:type\" content=\"article\" \/>\n<meta property=\"og:title\" content=\"Un total de 30 artistas nacionales e internacionales de distintas generaciones y disciplinas se dan cita en la exposici\u00f3n &#039;CONTEMPOR\u00c1NEAS&#039; - AREA LORCA RADIO\" \/>\n<meta property=\"og:description\" content=\"\u00c1REA LORCA RADIO. Elena Reverte. Escucha aqu\u00ed la intervenci\u00f3n en el magazine de \u00c1rea Lorca Radio de la artista lorquina, Mar\u00eda Dolores S\u00e1nchez Meca \u00abSolete\u00bb y la Comisaria de la Exposici\u00f3n que lleva por nombre \u00abCONTEMPORANEAS\u00bb, Eva Hern\u00e1ndez Calder\u00f3n. Lorca, 9 de enero de 2025. El emblem\u00e1tico Palacete Huerto Ruano comienza su programaci\u00f3n para este [&hellip;]\" \/>\n<meta property=\"og:url\" content=\"https:\/\/arealorcaradio.es\/index.php\/2025\/01\/09\/un-total-de-30-artistas-nacionales-e-internacionales-de-distintas-generaciones-y-disciplinas-se-dan-cita-en-la-exposicion-contemporaneas\/\" \/>\n<meta property=\"og:site_name\" content=\"AREA LORCA RADIO\" \/>\n<meta property=\"article:published_time\" content=\"2025-01-09T18:25:22+00:00\" \/>\n<meta property=\"article:modified_time\" content=\"2025-01-15T16:20:44+00:00\" \/>\n<meta property=\"og:image\" content=\"https:\/\/arealorcaradio.es\/wp-content\/uploads\/2025\/01\/20250109_1648540-scaled.jpg\" \/>\n\t<meta property=\"og:image:width\" content=\"2560\" \/>\n\t<meta property=\"og:image:height\" content=\"1920\" \/>\n\t<meta property=\"og:image:type\" content=\"image\/jpeg\" \/>\n<meta name=\"author\" content=\"Paco S\u00e1nchez\" \/>\n<meta name=\"twitter:card\" content=\"summary_large_image\" \/>\n<meta name=\"twitter:label1\" content=\"Escrito por\" \/>\n\t<meta name=\"twitter:data1\" content=\"Paco S\u00e1nchez\" \/>\n\t<meta name=\"twitter:label2\" content=\"Tiempo de lectura\" \/>\n\t<meta name=\"twitter:data2\" content=\"7 minutos\" \/>\n<script type=\"application\/ld+json\" class=\"yoast-schema-graph\">{\"@context\":\"https:\\\/\\\/schema.org\",\"@graph\":[{\"@type\":\"Article\",\"@id\":\"https:\\\/\\\/arealorcaradio.es\\\/index.php\\\/2025\\\/01\\\/09\\\/un-total-de-30-artistas-nacionales-e-internacionales-de-distintas-generaciones-y-disciplinas-se-dan-cita-en-la-exposicion-contemporaneas\\\/#article\",\"isPartOf\":{\"@id\":\"https:\\\/\\\/arealorcaradio.es\\\/index.php\\\/2025\\\/01\\\/09\\\/un-total-de-30-artistas-nacionales-e-internacionales-de-distintas-generaciones-y-disciplinas-se-dan-cita-en-la-exposicion-contemporaneas\\\/\"},\"author\":{\"name\":\"Paco S\u00e1nchez\",\"@id\":\"https:\\\/\\\/arealorcaradio.es\\\/#\\\/schema\\\/person\\\/9fae605fc25b0f2c83c1ab207139bd27\"},\"headline\":\"Un total de 30 artistas nacionales e internacionales de distintas generaciones y disciplinas se dan cita en la exposici\u00f3n &#8216;CONTEMPOR\u00c1NEAS&#8217;\",\"datePublished\":\"2025-01-09T18:25:22+00:00\",\"dateModified\":\"2025-01-15T16:20:44+00:00\",\"mainEntityOfPage\":{\"@id\":\"https:\\\/\\\/arealorcaradio.es\\\/index.php\\\/2025\\\/01\\\/09\\\/un-total-de-30-artistas-nacionales-e-internacionales-de-distintas-generaciones-y-disciplinas-se-dan-cita-en-la-exposicion-contemporaneas\\\/\"},\"wordCount\":1334,\"commentCount\":0,\"image\":{\"@id\":\"https:\\\/\\\/arealorcaradio.es\\\/index.php\\\/2025\\\/01\\\/09\\\/un-total-de-30-artistas-nacionales-e-internacionales-de-distintas-generaciones-y-disciplinas-se-dan-cita-en-la-exposicion-contemporaneas\\\/#primaryimage\"},\"thumbnailUrl\":\"https:\\\/\\\/arealorcaradio.es\\\/wp-content\\\/uploads\\\/2025\\\/01\\\/20250109_1648540-scaled.jpg\",\"articleSection\":[\"ACTUALIDAD\",\"LORCA\"],\"inLanguage\":\"es\",\"potentialAction\":[{\"@type\":\"CommentAction\",\"name\":\"Comment\",\"target\":[\"https:\\\/\\\/arealorcaradio.es\\\/index.php\\\/2025\\\/01\\\/09\\\/un-total-de-30-artistas-nacionales-e-internacionales-de-distintas-generaciones-y-disciplinas-se-dan-cita-en-la-exposicion-contemporaneas\\\/#respond\"]}]},{\"@type\":\"WebPage\",\"@id\":\"https:\\\/\\\/arealorcaradio.es\\\/index.php\\\/2025\\\/01\\\/09\\\/un-total-de-30-artistas-nacionales-e-internacionales-de-distintas-generaciones-y-disciplinas-se-dan-cita-en-la-exposicion-contemporaneas\\\/\",\"url\":\"https:\\\/\\\/arealorcaradio.es\\\/index.php\\\/2025\\\/01\\\/09\\\/un-total-de-30-artistas-nacionales-e-internacionales-de-distintas-generaciones-y-disciplinas-se-dan-cita-en-la-exposicion-contemporaneas\\\/\",\"name\":\"Un total de 30 artistas nacionales e internacionales de distintas generaciones y disciplinas se dan cita en la exposici\u00f3n 'CONTEMPOR\u00c1NEAS' - AREA LORCA RADIO\",\"isPartOf\":{\"@id\":\"https:\\\/\\\/arealorcaradio.es\\\/#website\"},\"primaryImageOfPage\":{\"@id\":\"https:\\\/\\\/arealorcaradio.es\\\/index.php\\\/2025\\\/01\\\/09\\\/un-total-de-30-artistas-nacionales-e-internacionales-de-distintas-generaciones-y-disciplinas-se-dan-cita-en-la-exposicion-contemporaneas\\\/#primaryimage\"},\"image\":{\"@id\":\"https:\\\/\\\/arealorcaradio.es\\\/index.php\\\/2025\\\/01\\\/09\\\/un-total-de-30-artistas-nacionales-e-internacionales-de-distintas-generaciones-y-disciplinas-se-dan-cita-en-la-exposicion-contemporaneas\\\/#primaryimage\"},\"thumbnailUrl\":\"https:\\\/\\\/arealorcaradio.es\\\/wp-content\\\/uploads\\\/2025\\\/01\\\/20250109_1648540-scaled.jpg\",\"datePublished\":\"2025-01-09T18:25:22+00:00\",\"dateModified\":\"2025-01-15T16:20:44+00:00\",\"author\":{\"@id\":\"https:\\\/\\\/arealorcaradio.es\\\/#\\\/schema\\\/person\\\/9fae605fc25b0f2c83c1ab207139bd27\"},\"breadcrumb\":{\"@id\":\"https:\\\/\\\/arealorcaradio.es\\\/index.php\\\/2025\\\/01\\\/09\\\/un-total-de-30-artistas-nacionales-e-internacionales-de-distintas-generaciones-y-disciplinas-se-dan-cita-en-la-exposicion-contemporaneas\\\/#breadcrumb\"},\"inLanguage\":\"es\",\"potentialAction\":[{\"@type\":\"ReadAction\",\"target\":[\"https:\\\/\\\/arealorcaradio.es\\\/index.php\\\/2025\\\/01\\\/09\\\/un-total-de-30-artistas-nacionales-e-internacionales-de-distintas-generaciones-y-disciplinas-se-dan-cita-en-la-exposicion-contemporaneas\\\/\"]}]},{\"@type\":\"ImageObject\",\"inLanguage\":\"es\",\"@id\":\"https:\\\/\\\/arealorcaradio.es\\\/index.php\\\/2025\\\/01\\\/09\\\/un-total-de-30-artistas-nacionales-e-internacionales-de-distintas-generaciones-y-disciplinas-se-dan-cita-en-la-exposicion-contemporaneas\\\/#primaryimage\",\"url\":\"https:\\\/\\\/arealorcaradio.es\\\/wp-content\\\/uploads\\\/2025\\\/01\\\/20250109_1648540-scaled.jpg\",\"contentUrl\":\"https:\\\/\\\/arealorcaradio.es\\\/wp-content\\\/uploads\\\/2025\\\/01\\\/20250109_1648540-scaled.jpg\",\"width\":2560,\"height\":1920},{\"@type\":\"BreadcrumbList\",\"@id\":\"https:\\\/\\\/arealorcaradio.es\\\/index.php\\\/2025\\\/01\\\/09\\\/un-total-de-30-artistas-nacionales-e-internacionales-de-distintas-generaciones-y-disciplinas-se-dan-cita-en-la-exposicion-contemporaneas\\\/#breadcrumb\",\"itemListElement\":[{\"@type\":\"ListItem\",\"position\":1,\"name\":\"Portada\",\"item\":\"https:\\\/\\\/arealorcaradio.es\\\/\"},{\"@type\":\"ListItem\",\"position\":2,\"name\":\"Un total de 30 artistas nacionales e internacionales de distintas generaciones y disciplinas se dan cita en la exposici\u00f3n &#8216;CONTEMPOR\u00c1NEAS&#8217;\"}]},{\"@type\":\"WebSite\",\"@id\":\"https:\\\/\\\/arealorcaradio.es\\\/#website\",\"url\":\"https:\\\/\\\/arealorcaradio.es\\\/\",\"name\":\"AREA LORCA RADIO\",\"description\":\"Descubre la programaci\u00f3n actual en \u00c1rea Lorca Radio, tu fuente de entrenamiento y noticias locales. Sintoniza ahora y mantente conectado online.\",\"potentialAction\":[{\"@type\":\"SearchAction\",\"target\":{\"@type\":\"EntryPoint\",\"urlTemplate\":\"https:\\\/\\\/arealorcaradio.es\\\/?s={search_term_string}\"},\"query-input\":{\"@type\":\"PropertyValueSpecification\",\"valueRequired\":true,\"valueName\":\"search_term_string\"}}],\"inLanguage\":\"es\"},{\"@type\":\"Person\",\"@id\":\"https:\\\/\\\/arealorcaradio.es\\\/#\\\/schema\\\/person\\\/9fae605fc25b0f2c83c1ab207139bd27\",\"name\":\"Paco S\u00e1nchez\",\"image\":{\"@type\":\"ImageObject\",\"inLanguage\":\"es\",\"@id\":\"https:\\\/\\\/secure.gravatar.com\\\/avatar\\\/d67144e966420fb74aa84c9f2a0103be4724fd14db52b52d3b6bca749f257e79?s=96&d=mm&r=g\",\"url\":\"https:\\\/\\\/secure.gravatar.com\\\/avatar\\\/d67144e966420fb74aa84c9f2a0103be4724fd14db52b52d3b6bca749f257e79?s=96&d=mm&r=g\",\"contentUrl\":\"https:\\\/\\\/secure.gravatar.com\\\/avatar\\\/d67144e966420fb74aa84c9f2a0103be4724fd14db52b52d3b6bca749f257e79?s=96&d=mm&r=g\",\"caption\":\"Paco S\u00e1nchez\"},\"sameAs\":[\"https:\\\/\\\/arealorcaradio.es\"],\"url\":\"https:\\\/\\\/arealorcaradio.es\\\/index.php\\\/author\\\/admin_alorcaradio\\\/\"}]}<\/script>\n<!-- \/ Yoast SEO plugin. -->","yoast_head_json":{"title":"Un total de 30 artistas nacionales e internacionales de distintas generaciones y disciplinas se dan cita en la exposici\u00f3n 'CONTEMPOR\u00c1NEAS' - AREA LORCA RADIO","robots":{"index":"index","follow":"follow","max-snippet":"max-snippet:-1","max-image-preview":"max-image-preview:large","max-video-preview":"max-video-preview:-1"},"canonical":"https:\/\/arealorcaradio.es\/index.php\/2025\/01\/09\/un-total-de-30-artistas-nacionales-e-internacionales-de-distintas-generaciones-y-disciplinas-se-dan-cita-en-la-exposicion-contemporaneas\/","og_locale":"es_ES","og_type":"article","og_title":"Un total de 30 artistas nacionales e internacionales de distintas generaciones y disciplinas se dan cita en la exposici\u00f3n 'CONTEMPOR\u00c1NEAS' - AREA LORCA RADIO","og_description":"\u00c1REA LORCA RADIO. Elena Reverte. Escucha aqu\u00ed la intervenci\u00f3n en el magazine de \u00c1rea Lorca Radio de la artista lorquina, Mar\u00eda Dolores S\u00e1nchez Meca \u00abSolete\u00bb y la Comisaria de la Exposici\u00f3n que lleva por nombre \u00abCONTEMPORANEAS\u00bb, Eva Hern\u00e1ndez Calder\u00f3n. Lorca, 9 de enero de 2025. El emblem\u00e1tico Palacete Huerto Ruano comienza su programaci\u00f3n para este [&hellip;]","og_url":"https:\/\/arealorcaradio.es\/index.php\/2025\/01\/09\/un-total-de-30-artistas-nacionales-e-internacionales-de-distintas-generaciones-y-disciplinas-se-dan-cita-en-la-exposicion-contemporaneas\/","og_site_name":"AREA LORCA RADIO","article_published_time":"2025-01-09T18:25:22+00:00","article_modified_time":"2025-01-15T16:20:44+00:00","og_image":[{"width":2560,"height":1920,"url":"https:\/\/arealorcaradio.es\/wp-content\/uploads\/2025\/01\/20250109_1648540-scaled.jpg","type":"image\/jpeg"}],"author":"Paco S\u00e1nchez","twitter_card":"summary_large_image","twitter_misc":{"Escrito por":"Paco S\u00e1nchez","Tiempo de lectura":"7 minutos"},"schema":{"@context":"https:\/\/schema.org","@graph":[{"@type":"Article","@id":"https:\/\/arealorcaradio.es\/index.php\/2025\/01\/09\/un-total-de-30-artistas-nacionales-e-internacionales-de-distintas-generaciones-y-disciplinas-se-dan-cita-en-la-exposicion-contemporaneas\/#article","isPartOf":{"@id":"https:\/\/arealorcaradio.es\/index.php\/2025\/01\/09\/un-total-de-30-artistas-nacionales-e-internacionales-de-distintas-generaciones-y-disciplinas-se-dan-cita-en-la-exposicion-contemporaneas\/"},"author":{"name":"Paco S\u00e1nchez","@id":"https:\/\/arealorcaradio.es\/#\/schema\/person\/9fae605fc25b0f2c83c1ab207139bd27"},"headline":"Un total de 30 artistas nacionales e internacionales de distintas generaciones y disciplinas se dan cita en la exposici\u00f3n &#8216;CONTEMPOR\u00c1NEAS&#8217;","datePublished":"2025-01-09T18:25:22+00:00","dateModified":"2025-01-15T16:20:44+00:00","mainEntityOfPage":{"@id":"https:\/\/arealorcaradio.es\/index.php\/2025\/01\/09\/un-total-de-30-artistas-nacionales-e-internacionales-de-distintas-generaciones-y-disciplinas-se-dan-cita-en-la-exposicion-contemporaneas\/"},"wordCount":1334,"commentCount":0,"image":{"@id":"https:\/\/arealorcaradio.es\/index.php\/2025\/01\/09\/un-total-de-30-artistas-nacionales-e-internacionales-de-distintas-generaciones-y-disciplinas-se-dan-cita-en-la-exposicion-contemporaneas\/#primaryimage"},"thumbnailUrl":"https:\/\/arealorcaradio.es\/wp-content\/uploads\/2025\/01\/20250109_1648540-scaled.jpg","articleSection":["ACTUALIDAD","LORCA"],"inLanguage":"es","potentialAction":[{"@type":"CommentAction","name":"Comment","target":["https:\/\/arealorcaradio.es\/index.php\/2025\/01\/09\/un-total-de-30-artistas-nacionales-e-internacionales-de-distintas-generaciones-y-disciplinas-se-dan-cita-en-la-exposicion-contemporaneas\/#respond"]}]},{"@type":"WebPage","@id":"https:\/\/arealorcaradio.es\/index.php\/2025\/01\/09\/un-total-de-30-artistas-nacionales-e-internacionales-de-distintas-generaciones-y-disciplinas-se-dan-cita-en-la-exposicion-contemporaneas\/","url":"https:\/\/arealorcaradio.es\/index.php\/2025\/01\/09\/un-total-de-30-artistas-nacionales-e-internacionales-de-distintas-generaciones-y-disciplinas-se-dan-cita-en-la-exposicion-contemporaneas\/","name":"Un total de 30 artistas nacionales e internacionales de distintas generaciones y disciplinas se dan cita en la exposici\u00f3n 'CONTEMPOR\u00c1NEAS' - AREA LORCA RADIO","isPartOf":{"@id":"https:\/\/arealorcaradio.es\/#website"},"primaryImageOfPage":{"@id":"https:\/\/arealorcaradio.es\/index.php\/2025\/01\/09\/un-total-de-30-artistas-nacionales-e-internacionales-de-distintas-generaciones-y-disciplinas-se-dan-cita-en-la-exposicion-contemporaneas\/#primaryimage"},"image":{"@id":"https:\/\/arealorcaradio.es\/index.php\/2025\/01\/09\/un-total-de-30-artistas-nacionales-e-internacionales-de-distintas-generaciones-y-disciplinas-se-dan-cita-en-la-exposicion-contemporaneas\/#primaryimage"},"thumbnailUrl":"https:\/\/arealorcaradio.es\/wp-content\/uploads\/2025\/01\/20250109_1648540-scaled.jpg","datePublished":"2025-01-09T18:25:22+00:00","dateModified":"2025-01-15T16:20:44+00:00","author":{"@id":"https:\/\/arealorcaradio.es\/#\/schema\/person\/9fae605fc25b0f2c83c1ab207139bd27"},"breadcrumb":{"@id":"https:\/\/arealorcaradio.es\/index.php\/2025\/01\/09\/un-total-de-30-artistas-nacionales-e-internacionales-de-distintas-generaciones-y-disciplinas-se-dan-cita-en-la-exposicion-contemporaneas\/#breadcrumb"},"inLanguage":"es","potentialAction":[{"@type":"ReadAction","target":["https:\/\/arealorcaradio.es\/index.php\/2025\/01\/09\/un-total-de-30-artistas-nacionales-e-internacionales-de-distintas-generaciones-y-disciplinas-se-dan-cita-en-la-exposicion-contemporaneas\/"]}]},{"@type":"ImageObject","inLanguage":"es","@id":"https:\/\/arealorcaradio.es\/index.php\/2025\/01\/09\/un-total-de-30-artistas-nacionales-e-internacionales-de-distintas-generaciones-y-disciplinas-se-dan-cita-en-la-exposicion-contemporaneas\/#primaryimage","url":"https:\/\/arealorcaradio.es\/wp-content\/uploads\/2025\/01\/20250109_1648540-scaled.jpg","contentUrl":"https:\/\/arealorcaradio.es\/wp-content\/uploads\/2025\/01\/20250109_1648540-scaled.jpg","width":2560,"height":1920},{"@type":"BreadcrumbList","@id":"https:\/\/arealorcaradio.es\/index.php\/2025\/01\/09\/un-total-de-30-artistas-nacionales-e-internacionales-de-distintas-generaciones-y-disciplinas-se-dan-cita-en-la-exposicion-contemporaneas\/#breadcrumb","itemListElement":[{"@type":"ListItem","position":1,"name":"Portada","item":"https:\/\/arealorcaradio.es\/"},{"@type":"ListItem","position":2,"name":"Un total de 30 artistas nacionales e internacionales de distintas generaciones y disciplinas se dan cita en la exposici\u00f3n &#8216;CONTEMPOR\u00c1NEAS&#8217;"}]},{"@type":"WebSite","@id":"https:\/\/arealorcaradio.es\/#website","url":"https:\/\/arealorcaradio.es\/","name":"AREA LORCA RADIO","description":"Descubre la programaci\u00f3n actual en \u00c1rea Lorca Radio, tu fuente de entrenamiento y noticias locales. Sintoniza ahora y mantente conectado online.","potentialAction":[{"@type":"SearchAction","target":{"@type":"EntryPoint","urlTemplate":"https:\/\/arealorcaradio.es\/?s={search_term_string}"},"query-input":{"@type":"PropertyValueSpecification","valueRequired":true,"valueName":"search_term_string"}}],"inLanguage":"es"},{"@type":"Person","@id":"https:\/\/arealorcaradio.es\/#\/schema\/person\/9fae605fc25b0f2c83c1ab207139bd27","name":"Paco S\u00e1nchez","image":{"@type":"ImageObject","inLanguage":"es","@id":"https:\/\/secure.gravatar.com\/avatar\/d67144e966420fb74aa84c9f2a0103be4724fd14db52b52d3b6bca749f257e79?s=96&d=mm&r=g","url":"https:\/\/secure.gravatar.com\/avatar\/d67144e966420fb74aa84c9f2a0103be4724fd14db52b52d3b6bca749f257e79?s=96&d=mm&r=g","contentUrl":"https:\/\/secure.gravatar.com\/avatar\/d67144e966420fb74aa84c9f2a0103be4724fd14db52b52d3b6bca749f257e79?s=96&d=mm&r=g","caption":"Paco S\u00e1nchez"},"sameAs":["https:\/\/arealorcaradio.es"],"url":"https:\/\/arealorcaradio.es\/index.php\/author\/admin_alorcaradio\/"}]}},"_links":{"self":[{"href":"https:\/\/arealorcaradio.es\/index.php\/wp-json\/wp\/v2\/posts\/5137","targetHints":{"allow":["GET"]}}],"collection":[{"href":"https:\/\/arealorcaradio.es\/index.php\/wp-json\/wp\/v2\/posts"}],"about":[{"href":"https:\/\/arealorcaradio.es\/index.php\/wp-json\/wp\/v2\/types\/post"}],"author":[{"embeddable":true,"href":"https:\/\/arealorcaradio.es\/index.php\/wp-json\/wp\/v2\/users\/1"}],"replies":[{"embeddable":true,"href":"https:\/\/arealorcaradio.es\/index.php\/wp-json\/wp\/v2\/comments?post=5137"}],"version-history":[{"count":3,"href":"https:\/\/arealorcaradio.es\/index.php\/wp-json\/wp\/v2\/posts\/5137\/revisions"}],"predecessor-version":[{"id":5192,"href":"https:\/\/arealorcaradio.es\/index.php\/wp-json\/wp\/v2\/posts\/5137\/revisions\/5192"}],"wp:featuredmedia":[{"embeddable":true,"href":"https:\/\/arealorcaradio.es\/index.php\/wp-json\/wp\/v2\/media\/5139"}],"wp:attachment":[{"href":"https:\/\/arealorcaradio.es\/index.php\/wp-json\/wp\/v2\/media?parent=5137"}],"wp:term":[{"taxonomy":"category","embeddable":true,"href":"https:\/\/arealorcaradio.es\/index.php\/wp-json\/wp\/v2\/categories?post=5137"},{"taxonomy":"post_tag","embeddable":true,"href":"https:\/\/arealorcaradio.es\/index.php\/wp-json\/wp\/v2\/tags?post=5137"}],"curies":[{"name":"wp","href":"https:\/\/api.w.org\/{rel}","templated":true}]}}