{"id":5124,"date":"2025-01-09T12:44:37","date_gmt":"2025-01-09T12:44:37","guid":{"rendered":"https:\/\/arealorcaradio.es\/?p=5124"},"modified":"2025-01-09T12:44:37","modified_gmt":"2025-01-09T12:44:37","slug":"el-alcalde-de-lorca-logra-el-apoyo-de-ferrmed-en-su-reivindicacion-para-que-san-diego-se-convierta-en-estacion-provisional-de-ave-mientras-se-ejecutan-las-obras-del-soterramiento","status":"publish","type":"post","link":"https:\/\/arealorcaradio.es\/index.php\/2025\/01\/09\/el-alcalde-de-lorca-logra-el-apoyo-de-ferrmed-en-su-reivindicacion-para-que-san-diego-se-convierta-en-estacion-provisional-de-ave-mientras-se-ejecutan-las-obras-del-soterramiento\/","title":{"rendered":"El alcalde de Lorca logra el apoyo de FERRMED en su reivindicaci\u00f3n para que San Diego se convierta en estaci\u00f3n provisional de AVE mientras se ejecutan las obras del soterramiento"},"content":{"rendered":"<p><strong>\u00c1REA LORCA RADIO.<\/strong><\/p>\n<p class=\"v1MsoNormal\"><b>Lorca, 9 de enero de 2025.\u00a0<\/b>El alcalde de Lorca, Fulgencio Gil, ha recibido esta ma\u00f1ana al representante de FERRMED, \u00c1ngel Mart\u00ednez, con quien ha coincidido en que \u00abLorca tiene que ser estaci\u00f3n referencial del\u00a0AVE para todas las comarcas vecinas, independientemente de cu\u00e1ndo culminen las obras de integraci\u00f3n urbana del ferrocarril en el centro de la ciudad. No podemos esperar a que finalicen las obras del soterramiento. En este sentido, concretamos como exigencia com\u00fan que, en cuanto las v\u00edas est\u00e9n disponibles y aptas para la circulaci\u00f3n de trenes, la parada en el barrio de San Diego tiene que estar operativa como estaci\u00f3n provisional de cercan\u00edas y AVE, mientras se terminen de ejecutar el resto de obras. El Valle del Guadalent\u00edn, la comarca del\u00a0Almanzora\u00a0y la de los V\u00e9lez, as\u00ed como \u00c1guilas, no pueden seguir incomunicadas por ferrocarril con el resto del pa\u00eds y con una autov\u00eda del Mediterr\u00e1neo continuamente colapsada\u00bb.<\/p>\n<p class=\"v1MsoNormal\"><img loading=\"lazy\" decoding=\"async\" class=\"alignnone size-medium wp-image-5127\" src=\"https:\/\/arealorcaradio.es\/wp-content\/uploads\/2025\/01\/FOTO2-FERMED-300x225.jpeg\" alt=\"\" width=\"300\" height=\"225\" srcset=\"https:\/\/arealorcaradio.es\/wp-content\/uploads\/2025\/01\/FOTO2-FERMED-300x225.jpeg 300w, https:\/\/arealorcaradio.es\/wp-content\/uploads\/2025\/01\/FOTO2-FERMED-1024x768.jpeg 1024w, https:\/\/arealorcaradio.es\/wp-content\/uploads\/2025\/01\/FOTO2-FERMED-768x576.jpeg 768w, https:\/\/arealorcaradio.es\/wp-content\/uploads\/2025\/01\/FOTO2-FERMED-1536x1152.jpeg 1536w, https:\/\/arealorcaradio.es\/wp-content\/uploads\/2025\/01\/FOTO2-FERMED-2048x1536.jpeg 2048w, https:\/\/arealorcaradio.es\/wp-content\/uploads\/2025\/01\/FOTO2-FERMED-86x64.jpeg 86w\" sizes=\"auto, (max-width: 300px) 100vw, 300px\" \/><\/p>\n<p class=\"v1MsoNormal\">Fulgencio Gil ha manifestado que desde el Ayuntamiento y FERRMED apuestan por que se lleven a cabo las inversiones oportunas desde el gobierno Central para contar con infraestructuras ferroviarias que son urgentes; y se promueva el desarrollo del Corredor Mediterr\u00e1neo como una v\u00eda fundamental para mejorar la conectividad econ\u00f3mica entre territorios, atendiendo a la relevancia de esta conexi\u00f3n para facilitar el comercio y el desarrollo econ\u00f3mico. Declaraciones de Fulgencio Gil J\u00f3dar.<\/p>\n<audio class=\"wp-audio-shortcode\" id=\"audio-5124-1\" preload=\"none\" style=\"width: 100%;\" controls=\"controls\"><source type=\"audio\/mpeg\" src=\"https:\/\/arealorcaradio.es\/wp-content\/uploads\/2025\/01\/090125-AUDIO-ALCALDE-FERMED.mp3?_=1\" \/><a href=\"https:\/\/arealorcaradio.es\/wp-content\/uploads\/2025\/01\/090125-AUDIO-ALCALDE-FERMED.mp3\">https:\/\/arealorcaradio.es\/wp-content\/uploads\/2025\/01\/090125-AUDIO-ALCALDE-FERMED.mp3<\/a><\/audio>\n<p>El representante de FERRMED, \u00c1ngel Mart\u00ednez, comentaba lo siguiente tras el encuentro mantenido.<\/p>\n<audio class=\"wp-audio-shortcode\" id=\"audio-5124-2\" preload=\"none\" style=\"width: 100%;\" controls=\"controls\"><source type=\"audio\/mpeg\" src=\"https:\/\/arealorcaradio.es\/wp-content\/uploads\/2025\/01\/090125-AUDIO-FERMED.mp3?_=2\" \/><a href=\"https:\/\/arealorcaradio.es\/wp-content\/uploads\/2025\/01\/090125-AUDIO-FERMED.mp3\">https:\/\/arealorcaradio.es\/wp-content\/uploads\/2025\/01\/090125-AUDIO-FERMED.mp3<\/a><\/audio>\n<p class=\"v1MsoNormal\">Lorca, por derecho propio, por relevancia intercomarcal y por trayectoria hist\u00f3rica en materia ferroviaria, constituye el nodo m\u00e1s importante del Corredor Mediterr\u00e1neo, motor para el desarrollo socio-econ\u00f3mico de nuestra comarca y de las Comunidades Aut\u00f3nomas que comunica. Estamos soportando demasiado tiempo la total incomunicaci\u00f3n y el aislamiento ferroviario por parte del Ministerio, que no es de recibo y nos est\u00e1 restando oportunidades desde todos los puntos de vista. Por eso \u00a1tienen que empezar a saldar su deuda pendiente con Lorca, porque no podemos olvidar que ya nos quitaron la conexi\u00f3n en tren con Almer\u00eda y con Granada, y ahora llevamos ya a\u00f1os totalmente marginados y sufriendo el &#8216;cerrojazo&#8217; de la l\u00ednea ferroviaria\u00bb, ha a\u00f1adido.<\/p>\n<p class=\"v1MsoNormal\">Los lorquinos no podemos permanecer durante a\u00f1os totalmente aislados en materia ferroviaria por el cierre de las l\u00edneas con Murcia y \u00c1guilas, una decisi\u00f3n unilateral del gobierno Central que est\u00e1 provocando la sobrecarga de tr\u00e1fico en la autov\u00eda del mediterr\u00e1neo en toda la comarca, y que sigue obligando a cientos de estudiantes y trabajadores que habitualmente utilizaban el tren a tener que \u00abbuscarse la vida\u00bb para realizar sus desplazamientos\u00bb.<\/p>\n<p class=\"v1MsoNormal\">\u00abEl primer paso tiene que reclamamos, porque es un clamor social, es que la estaci\u00f3n de San Diego se convierta en llegada provisional de los trenes AVE en cuanto la l\u00ednea est\u00e9 disponible, algo que, seg\u00fan inform\u00f3 el Ministerio, se producir\u00e1 el a\u00f1o que viene. De esta forma, <b>Lorca adelantar\u00eda en varios a\u00f1os la llegada del AVE a la ciudad, erigi\u00e9ndose como nodo referencial de comunicaciones para los municipios del valle del Guadalent\u00edn, as\u00ed como para las comarcas de los V\u00e9lez y el Almanzora\u00bb.<\/b><\/p>\n<p class=\"v1MsoNormal\">El Corredor Mediterr\u00e1neo depende de su paso por Lorca y esa es una realidad que el gobierno de Espa\u00f1a no puede perder de vista. Nuestro municipio est\u00e1 se\u00f1alado en algunos c\u00edrculos como el &#8216;cuello de botella&#8217; que impide la culminaci\u00f3n de las obras del corredor, y eso es algo injusto, sobre todo cuando reivindicamos lo contrario.<\/p>\n","protected":false},"excerpt":{"rendered":"<p>\u00c1REA LORCA RADIO. Lorca, 9 de enero de 2025.\u00a0El alcalde de Lorca, Fulgencio Gil, ha recibido esta ma\u00f1ana al representante de FERRMED, \u00c1ngel Mart\u00ednez, con quien ha coincidido en que \u00abLorca tiene que ser estaci\u00f3n referencial del\u00a0AVE para todas las comarcas vecinas, independientemente de cu\u00e1ndo culminen las obras de integraci\u00f3n urbana del ferrocarril en el [&hellip;]<\/p>\n","protected":false},"author":1,"featured_media":5128,"comment_status":"open","ping_status":"open","sticky":false,"template":"","format":"standard","meta":{"iawp_total_views":10,"footnotes":""},"categories":[5,7],"tags":[],"class_list":["post-5124","post","type-post","status-publish","format-standard","has-post-thumbnail","hentry","category-actualidad","category-lorca"],"yoast_head":"<!-- This site is optimized with the Yoast SEO plugin v27.5 - https:\/\/yoast.com\/product\/yoast-seo-wordpress\/ -->\n<title>El alcalde de Lorca logra el apoyo de FERRMED en su reivindicaci\u00f3n para que San Diego se convierta en estaci\u00f3n provisional de AVE mientras se ejecutan las obras del soterramiento - AREA LORCA RADIO<\/title>\n<meta name=\"robots\" content=\"index, follow, max-snippet:-1, max-image-preview:large, max-video-preview:-1\" \/>\n<link rel=\"canonical\" href=\"https:\/\/arealorcaradio.es\/index.php\/2025\/01\/09\/el-alcalde-de-lorca-logra-el-apoyo-de-ferrmed-en-su-reivindicacion-para-que-san-diego-se-convierta-en-estacion-provisional-de-ave-mientras-se-ejecutan-las-obras-del-soterramiento\/\" \/>\n<meta property=\"og:locale\" content=\"es_ES\" \/>\n<meta property=\"og:type\" content=\"article\" \/>\n<meta property=\"og:title\" content=\"El alcalde de Lorca logra el apoyo de FERRMED en su reivindicaci\u00f3n para que San Diego se convierta en estaci\u00f3n provisional de AVE mientras se ejecutan las obras del soterramiento - AREA LORCA RADIO\" \/>\n<meta property=\"og:description\" content=\"\u00c1REA LORCA RADIO. Lorca, 9 de enero de 2025.\u00a0El alcalde de Lorca, Fulgencio Gil, ha recibido esta ma\u00f1ana al representante de FERRMED, \u00c1ngel Mart\u00ednez, con quien ha coincidido en que \u00abLorca tiene que ser estaci\u00f3n referencial del\u00a0AVE para todas las comarcas vecinas, independientemente de cu\u00e1ndo culminen las obras de integraci\u00f3n urbana del ferrocarril en el [&hellip;]\" \/>\n<meta property=\"og:url\" content=\"https:\/\/arealorcaradio.es\/index.php\/2025\/01\/09\/el-alcalde-de-lorca-logra-el-apoyo-de-ferrmed-en-su-reivindicacion-para-que-san-diego-se-convierta-en-estacion-provisional-de-ave-mientras-se-ejecutan-las-obras-del-soterramiento\/\" \/>\n<meta property=\"og:site_name\" content=\"AREA LORCA RADIO\" \/>\n<meta property=\"article:published_time\" content=\"2025-01-09T12:44:37+00:00\" \/>\n<meta property=\"og:image\" content=\"https:\/\/arealorcaradio.es\/wp-content\/uploads\/2025\/01\/FOTO1-FERMED-scaled.jpeg\" \/>\n\t<meta property=\"og:image:width\" content=\"2560\" \/>\n\t<meta property=\"og:image:height\" content=\"1920\" \/>\n\t<meta property=\"og:image:type\" content=\"image\/jpeg\" \/>\n<meta name=\"author\" content=\"Paco S\u00e1nchez\" \/>\n<meta name=\"twitter:card\" content=\"summary_large_image\" \/>\n<meta name=\"twitter:label1\" content=\"Escrito por\" \/>\n\t<meta name=\"twitter:data1\" content=\"Paco S\u00e1nchez\" \/>\n\t<meta name=\"twitter:label2\" content=\"Tiempo de lectura\" \/>\n\t<meta name=\"twitter:data2\" content=\"3 minutos\" \/>\n<script type=\"application\/ld+json\" class=\"yoast-schema-graph\">{\"@context\":\"https:\\\/\\\/schema.org\",\"@graph\":[{\"@type\":\"Article\",\"@id\":\"https:\\\/\\\/arealorcaradio.es\\\/index.php\\\/2025\\\/01\\\/09\\\/el-alcalde-de-lorca-logra-el-apoyo-de-ferrmed-en-su-reivindicacion-para-que-san-diego-se-convierta-en-estacion-provisional-de-ave-mientras-se-ejecutan-las-obras-del-soterramiento\\\/#article\",\"isPartOf\":{\"@id\":\"https:\\\/\\\/arealorcaradio.es\\\/index.php\\\/2025\\\/01\\\/09\\\/el-alcalde-de-lorca-logra-el-apoyo-de-ferrmed-en-su-reivindicacion-para-que-san-diego-se-convierta-en-estacion-provisional-de-ave-mientras-se-ejecutan-las-obras-del-soterramiento\\\/\"},\"author\":{\"name\":\"Paco S\u00e1nchez\",\"@id\":\"https:\\\/\\\/arealorcaradio.es\\\/#\\\/schema\\\/person\\\/9fae605fc25b0f2c83c1ab207139bd27\"},\"headline\":\"El alcalde de Lorca logra el apoyo de FERRMED en su reivindicaci\u00f3n para que San Diego se convierta en estaci\u00f3n provisional de AVE mientras se ejecutan las obras del soterramiento\",\"datePublished\":\"2025-01-09T12:44:37+00:00\",\"mainEntityOfPage\":{\"@id\":\"https:\\\/\\\/arealorcaradio.es\\\/index.php\\\/2025\\\/01\\\/09\\\/el-alcalde-de-lorca-logra-el-apoyo-de-ferrmed-en-su-reivindicacion-para-que-san-diego-se-convierta-en-estacion-provisional-de-ave-mientras-se-ejecutan-las-obras-del-soterramiento\\\/\"},\"wordCount\":666,\"commentCount\":0,\"image\":{\"@id\":\"https:\\\/\\\/arealorcaradio.es\\\/index.php\\\/2025\\\/01\\\/09\\\/el-alcalde-de-lorca-logra-el-apoyo-de-ferrmed-en-su-reivindicacion-para-que-san-diego-se-convierta-en-estacion-provisional-de-ave-mientras-se-ejecutan-las-obras-del-soterramiento\\\/#primaryimage\"},\"thumbnailUrl\":\"https:\\\/\\\/arealorcaradio.es\\\/wp-content\\\/uploads\\\/2025\\\/01\\\/FOTO1-FERMED-scaled.jpeg\",\"articleSection\":[\"ACTUALIDAD\",\"LORCA\"],\"inLanguage\":\"es\",\"potentialAction\":[{\"@type\":\"CommentAction\",\"name\":\"Comment\",\"target\":[\"https:\\\/\\\/arealorcaradio.es\\\/index.php\\\/2025\\\/01\\\/09\\\/el-alcalde-de-lorca-logra-el-apoyo-de-ferrmed-en-su-reivindicacion-para-que-san-diego-se-convierta-en-estacion-provisional-de-ave-mientras-se-ejecutan-las-obras-del-soterramiento\\\/#respond\"]}]},{\"@type\":\"WebPage\",\"@id\":\"https:\\\/\\\/arealorcaradio.es\\\/index.php\\\/2025\\\/01\\\/09\\\/el-alcalde-de-lorca-logra-el-apoyo-de-ferrmed-en-su-reivindicacion-para-que-san-diego-se-convierta-en-estacion-provisional-de-ave-mientras-se-ejecutan-las-obras-del-soterramiento\\\/\",\"url\":\"https:\\\/\\\/arealorcaradio.es\\\/index.php\\\/2025\\\/01\\\/09\\\/el-alcalde-de-lorca-logra-el-apoyo-de-ferrmed-en-su-reivindicacion-para-que-san-diego-se-convierta-en-estacion-provisional-de-ave-mientras-se-ejecutan-las-obras-del-soterramiento\\\/\",\"name\":\"El alcalde de Lorca logra el apoyo de FERRMED en su reivindicaci\u00f3n para que San Diego se convierta en estaci\u00f3n provisional de AVE mientras se ejecutan las obras del soterramiento - AREA LORCA RADIO\",\"isPartOf\":{\"@id\":\"https:\\\/\\\/arealorcaradio.es\\\/#website\"},\"primaryImageOfPage\":{\"@id\":\"https:\\\/\\\/arealorcaradio.es\\\/index.php\\\/2025\\\/01\\\/09\\\/el-alcalde-de-lorca-logra-el-apoyo-de-ferrmed-en-su-reivindicacion-para-que-san-diego-se-convierta-en-estacion-provisional-de-ave-mientras-se-ejecutan-las-obras-del-soterramiento\\\/#primaryimage\"},\"image\":{\"@id\":\"https:\\\/\\\/arealorcaradio.es\\\/index.php\\\/2025\\\/01\\\/09\\\/el-alcalde-de-lorca-logra-el-apoyo-de-ferrmed-en-su-reivindicacion-para-que-san-diego-se-convierta-en-estacion-provisional-de-ave-mientras-se-ejecutan-las-obras-del-soterramiento\\\/#primaryimage\"},\"thumbnailUrl\":\"https:\\\/\\\/arealorcaradio.es\\\/wp-content\\\/uploads\\\/2025\\\/01\\\/FOTO1-FERMED-scaled.jpeg\",\"datePublished\":\"2025-01-09T12:44:37+00:00\",\"author\":{\"@id\":\"https:\\\/\\\/arealorcaradio.es\\\/#\\\/schema\\\/person\\\/9fae605fc25b0f2c83c1ab207139bd27\"},\"breadcrumb\":{\"@id\":\"https:\\\/\\\/arealorcaradio.es\\\/index.php\\\/2025\\\/01\\\/09\\\/el-alcalde-de-lorca-logra-el-apoyo-de-ferrmed-en-su-reivindicacion-para-que-san-diego-se-convierta-en-estacion-provisional-de-ave-mientras-se-ejecutan-las-obras-del-soterramiento\\\/#breadcrumb\"},\"inLanguage\":\"es\",\"potentialAction\":[{\"@type\":\"ReadAction\",\"target\":[\"https:\\\/\\\/arealorcaradio.es\\\/index.php\\\/2025\\\/01\\\/09\\\/el-alcalde-de-lorca-logra-el-apoyo-de-ferrmed-en-su-reivindicacion-para-que-san-diego-se-convierta-en-estacion-provisional-de-ave-mientras-se-ejecutan-las-obras-del-soterramiento\\\/\"]}]},{\"@type\":\"ImageObject\",\"inLanguage\":\"es\",\"@id\":\"https:\\\/\\\/arealorcaradio.es\\\/index.php\\\/2025\\\/01\\\/09\\\/el-alcalde-de-lorca-logra-el-apoyo-de-ferrmed-en-su-reivindicacion-para-que-san-diego-se-convierta-en-estacion-provisional-de-ave-mientras-se-ejecutan-las-obras-del-soterramiento\\\/#primaryimage\",\"url\":\"https:\\\/\\\/arealorcaradio.es\\\/wp-content\\\/uploads\\\/2025\\\/01\\\/FOTO1-FERMED-scaled.jpeg\",\"contentUrl\":\"https:\\\/\\\/arealorcaradio.es\\\/wp-content\\\/uploads\\\/2025\\\/01\\\/FOTO1-FERMED-scaled.jpeg\",\"width\":2560,\"height\":1920},{\"@type\":\"BreadcrumbList\",\"@id\":\"https:\\\/\\\/arealorcaradio.es\\\/index.php\\\/2025\\\/01\\\/09\\\/el-alcalde-de-lorca-logra-el-apoyo-de-ferrmed-en-su-reivindicacion-para-que-san-diego-se-convierta-en-estacion-provisional-de-ave-mientras-se-ejecutan-las-obras-del-soterramiento\\\/#breadcrumb\",\"itemListElement\":[{\"@type\":\"ListItem\",\"position\":1,\"name\":\"Portada\",\"item\":\"https:\\\/\\\/arealorcaradio.es\\\/\"},{\"@type\":\"ListItem\",\"position\":2,\"name\":\"El alcalde de Lorca logra el apoyo de FERRMED en su reivindicaci\u00f3n para que San Diego se convierta en estaci\u00f3n provisional de AVE mientras se ejecutan las obras del soterramiento\"}]},{\"@type\":\"WebSite\",\"@id\":\"https:\\\/\\\/arealorcaradio.es\\\/#website\",\"url\":\"https:\\\/\\\/arealorcaradio.es\\\/\",\"name\":\"AREA LORCA RADIO\",\"description\":\"Descubre la programaci\u00f3n actual en \u00c1rea Lorca Radio, tu fuente de entrenamiento y noticias locales. Sintoniza ahora y mantente conectado online.\",\"potentialAction\":[{\"@type\":\"SearchAction\",\"target\":{\"@type\":\"EntryPoint\",\"urlTemplate\":\"https:\\\/\\\/arealorcaradio.es\\\/?s={search_term_string}\"},\"query-input\":{\"@type\":\"PropertyValueSpecification\",\"valueRequired\":true,\"valueName\":\"search_term_string\"}}],\"inLanguage\":\"es\"},{\"@type\":\"Person\",\"@id\":\"https:\\\/\\\/arealorcaradio.es\\\/#\\\/schema\\\/person\\\/9fae605fc25b0f2c83c1ab207139bd27\",\"name\":\"Paco S\u00e1nchez\",\"image\":{\"@type\":\"ImageObject\",\"inLanguage\":\"es\",\"@id\":\"https:\\\/\\\/secure.gravatar.com\\\/avatar\\\/d67144e966420fb74aa84c9f2a0103be4724fd14db52b52d3b6bca749f257e79?s=96&d=mm&r=g\",\"url\":\"https:\\\/\\\/secure.gravatar.com\\\/avatar\\\/d67144e966420fb74aa84c9f2a0103be4724fd14db52b52d3b6bca749f257e79?s=96&d=mm&r=g\",\"contentUrl\":\"https:\\\/\\\/secure.gravatar.com\\\/avatar\\\/d67144e966420fb74aa84c9f2a0103be4724fd14db52b52d3b6bca749f257e79?s=96&d=mm&r=g\",\"caption\":\"Paco S\u00e1nchez\"},\"sameAs\":[\"https:\\\/\\\/arealorcaradio.es\"],\"url\":\"https:\\\/\\\/arealorcaradio.es\\\/index.php\\\/author\\\/admin_alorcaradio\\\/\"}]}<\/script>\n<!-- \/ Yoast SEO plugin. -->","yoast_head_json":{"title":"El alcalde de Lorca logra el apoyo de FERRMED en su reivindicaci\u00f3n para que San Diego se convierta en estaci\u00f3n provisional de AVE mientras se ejecutan las obras del soterramiento - AREA LORCA RADIO","robots":{"index":"index","follow":"follow","max-snippet":"max-snippet:-1","max-image-preview":"max-image-preview:large","max-video-preview":"max-video-preview:-1"},"canonical":"https:\/\/arealorcaradio.es\/index.php\/2025\/01\/09\/el-alcalde-de-lorca-logra-el-apoyo-de-ferrmed-en-su-reivindicacion-para-que-san-diego-se-convierta-en-estacion-provisional-de-ave-mientras-se-ejecutan-las-obras-del-soterramiento\/","og_locale":"es_ES","og_type":"article","og_title":"El alcalde de Lorca logra el apoyo de FERRMED en su reivindicaci\u00f3n para que San Diego se convierta en estaci\u00f3n provisional de AVE mientras se ejecutan las obras del soterramiento - AREA LORCA RADIO","og_description":"\u00c1REA LORCA RADIO. Lorca, 9 de enero de 2025.\u00a0El alcalde de Lorca, Fulgencio Gil, ha recibido esta ma\u00f1ana al representante de FERRMED, \u00c1ngel Mart\u00ednez, con quien ha coincidido en que \u00abLorca tiene que ser estaci\u00f3n referencial del\u00a0AVE para todas las comarcas vecinas, independientemente de cu\u00e1ndo culminen las obras de integraci\u00f3n urbana del ferrocarril en el [&hellip;]","og_url":"https:\/\/arealorcaradio.es\/index.php\/2025\/01\/09\/el-alcalde-de-lorca-logra-el-apoyo-de-ferrmed-en-su-reivindicacion-para-que-san-diego-se-convierta-en-estacion-provisional-de-ave-mientras-se-ejecutan-las-obras-del-soterramiento\/","og_site_name":"AREA LORCA RADIO","article_published_time":"2025-01-09T12:44:37+00:00","og_image":[{"width":2560,"height":1920,"url":"https:\/\/arealorcaradio.es\/wp-content\/uploads\/2025\/01\/FOTO1-FERMED-scaled.jpeg","type":"image\/jpeg"}],"author":"Paco S\u00e1nchez","twitter_card":"summary_large_image","twitter_misc":{"Escrito por":"Paco S\u00e1nchez","Tiempo de lectura":"3 minutos"},"schema":{"@context":"https:\/\/schema.org","@graph":[{"@type":"Article","@id":"https:\/\/arealorcaradio.es\/index.php\/2025\/01\/09\/el-alcalde-de-lorca-logra-el-apoyo-de-ferrmed-en-su-reivindicacion-para-que-san-diego-se-convierta-en-estacion-provisional-de-ave-mientras-se-ejecutan-las-obras-del-soterramiento\/#article","isPartOf":{"@id":"https:\/\/arealorcaradio.es\/index.php\/2025\/01\/09\/el-alcalde-de-lorca-logra-el-apoyo-de-ferrmed-en-su-reivindicacion-para-que-san-diego-se-convierta-en-estacion-provisional-de-ave-mientras-se-ejecutan-las-obras-del-soterramiento\/"},"author":{"name":"Paco S\u00e1nchez","@id":"https:\/\/arealorcaradio.es\/#\/schema\/person\/9fae605fc25b0f2c83c1ab207139bd27"},"headline":"El alcalde de Lorca logra el apoyo de FERRMED en su reivindicaci\u00f3n para que San Diego se convierta en estaci\u00f3n provisional de AVE mientras se ejecutan las obras del soterramiento","datePublished":"2025-01-09T12:44:37+00:00","mainEntityOfPage":{"@id":"https:\/\/arealorcaradio.es\/index.php\/2025\/01\/09\/el-alcalde-de-lorca-logra-el-apoyo-de-ferrmed-en-su-reivindicacion-para-que-san-diego-se-convierta-en-estacion-provisional-de-ave-mientras-se-ejecutan-las-obras-del-soterramiento\/"},"wordCount":666,"commentCount":0,"image":{"@id":"https:\/\/arealorcaradio.es\/index.php\/2025\/01\/09\/el-alcalde-de-lorca-logra-el-apoyo-de-ferrmed-en-su-reivindicacion-para-que-san-diego-se-convierta-en-estacion-provisional-de-ave-mientras-se-ejecutan-las-obras-del-soterramiento\/#primaryimage"},"thumbnailUrl":"https:\/\/arealorcaradio.es\/wp-content\/uploads\/2025\/01\/FOTO1-FERMED-scaled.jpeg","articleSection":["ACTUALIDAD","LORCA"],"inLanguage":"es","potentialAction":[{"@type":"CommentAction","name":"Comment","target":["https:\/\/arealorcaradio.es\/index.php\/2025\/01\/09\/el-alcalde-de-lorca-logra-el-apoyo-de-ferrmed-en-su-reivindicacion-para-que-san-diego-se-convierta-en-estacion-provisional-de-ave-mientras-se-ejecutan-las-obras-del-soterramiento\/#respond"]}]},{"@type":"WebPage","@id":"https:\/\/arealorcaradio.es\/index.php\/2025\/01\/09\/el-alcalde-de-lorca-logra-el-apoyo-de-ferrmed-en-su-reivindicacion-para-que-san-diego-se-convierta-en-estacion-provisional-de-ave-mientras-se-ejecutan-las-obras-del-soterramiento\/","url":"https:\/\/arealorcaradio.es\/index.php\/2025\/01\/09\/el-alcalde-de-lorca-logra-el-apoyo-de-ferrmed-en-su-reivindicacion-para-que-san-diego-se-convierta-en-estacion-provisional-de-ave-mientras-se-ejecutan-las-obras-del-soterramiento\/","name":"El alcalde de Lorca logra el apoyo de FERRMED en su reivindicaci\u00f3n para que San Diego se convierta en estaci\u00f3n provisional de AVE mientras se ejecutan las obras del soterramiento - AREA LORCA RADIO","isPartOf":{"@id":"https:\/\/arealorcaradio.es\/#website"},"primaryImageOfPage":{"@id":"https:\/\/arealorcaradio.es\/index.php\/2025\/01\/09\/el-alcalde-de-lorca-logra-el-apoyo-de-ferrmed-en-su-reivindicacion-para-que-san-diego-se-convierta-en-estacion-provisional-de-ave-mientras-se-ejecutan-las-obras-del-soterramiento\/#primaryimage"},"image":{"@id":"https:\/\/arealorcaradio.es\/index.php\/2025\/01\/09\/el-alcalde-de-lorca-logra-el-apoyo-de-ferrmed-en-su-reivindicacion-para-que-san-diego-se-convierta-en-estacion-provisional-de-ave-mientras-se-ejecutan-las-obras-del-soterramiento\/#primaryimage"},"thumbnailUrl":"https:\/\/arealorcaradio.es\/wp-content\/uploads\/2025\/01\/FOTO1-FERMED-scaled.jpeg","datePublished":"2025-01-09T12:44:37+00:00","author":{"@id":"https:\/\/arealorcaradio.es\/#\/schema\/person\/9fae605fc25b0f2c83c1ab207139bd27"},"breadcrumb":{"@id":"https:\/\/arealorcaradio.es\/index.php\/2025\/01\/09\/el-alcalde-de-lorca-logra-el-apoyo-de-ferrmed-en-su-reivindicacion-para-que-san-diego-se-convierta-en-estacion-provisional-de-ave-mientras-se-ejecutan-las-obras-del-soterramiento\/#breadcrumb"},"inLanguage":"es","potentialAction":[{"@type":"ReadAction","target":["https:\/\/arealorcaradio.es\/index.php\/2025\/01\/09\/el-alcalde-de-lorca-logra-el-apoyo-de-ferrmed-en-su-reivindicacion-para-que-san-diego-se-convierta-en-estacion-provisional-de-ave-mientras-se-ejecutan-las-obras-del-soterramiento\/"]}]},{"@type":"ImageObject","inLanguage":"es","@id":"https:\/\/arealorcaradio.es\/index.php\/2025\/01\/09\/el-alcalde-de-lorca-logra-el-apoyo-de-ferrmed-en-su-reivindicacion-para-que-san-diego-se-convierta-en-estacion-provisional-de-ave-mientras-se-ejecutan-las-obras-del-soterramiento\/#primaryimage","url":"https:\/\/arealorcaradio.es\/wp-content\/uploads\/2025\/01\/FOTO1-FERMED-scaled.jpeg","contentUrl":"https:\/\/arealorcaradio.es\/wp-content\/uploads\/2025\/01\/FOTO1-FERMED-scaled.jpeg","width":2560,"height":1920},{"@type":"BreadcrumbList","@id":"https:\/\/arealorcaradio.es\/index.php\/2025\/01\/09\/el-alcalde-de-lorca-logra-el-apoyo-de-ferrmed-en-su-reivindicacion-para-que-san-diego-se-convierta-en-estacion-provisional-de-ave-mientras-se-ejecutan-las-obras-del-soterramiento\/#breadcrumb","itemListElement":[{"@type":"ListItem","position":1,"name":"Portada","item":"https:\/\/arealorcaradio.es\/"},{"@type":"ListItem","position":2,"name":"El alcalde de Lorca logra el apoyo de FERRMED en su reivindicaci\u00f3n para que San Diego se convierta en estaci\u00f3n provisional de AVE mientras se ejecutan las obras del soterramiento"}]},{"@type":"WebSite","@id":"https:\/\/arealorcaradio.es\/#website","url":"https:\/\/arealorcaradio.es\/","name":"AREA LORCA RADIO","description":"Descubre la programaci\u00f3n actual en \u00c1rea Lorca Radio, tu fuente de entrenamiento y noticias locales. Sintoniza ahora y mantente conectado online.","potentialAction":[{"@type":"SearchAction","target":{"@type":"EntryPoint","urlTemplate":"https:\/\/arealorcaradio.es\/?s={search_term_string}"},"query-input":{"@type":"PropertyValueSpecification","valueRequired":true,"valueName":"search_term_string"}}],"inLanguage":"es"},{"@type":"Person","@id":"https:\/\/arealorcaradio.es\/#\/schema\/person\/9fae605fc25b0f2c83c1ab207139bd27","name":"Paco S\u00e1nchez","image":{"@type":"ImageObject","inLanguage":"es","@id":"https:\/\/secure.gravatar.com\/avatar\/d67144e966420fb74aa84c9f2a0103be4724fd14db52b52d3b6bca749f257e79?s=96&d=mm&r=g","url":"https:\/\/secure.gravatar.com\/avatar\/d67144e966420fb74aa84c9f2a0103be4724fd14db52b52d3b6bca749f257e79?s=96&d=mm&r=g","contentUrl":"https:\/\/secure.gravatar.com\/avatar\/d67144e966420fb74aa84c9f2a0103be4724fd14db52b52d3b6bca749f257e79?s=96&d=mm&r=g","caption":"Paco S\u00e1nchez"},"sameAs":["https:\/\/arealorcaradio.es"],"url":"https:\/\/arealorcaradio.es\/index.php\/author\/admin_alorcaradio\/"}]}},"_links":{"self":[{"href":"https:\/\/arealorcaradio.es\/index.php\/wp-json\/wp\/v2\/posts\/5124","targetHints":{"allow":["GET"]}}],"collection":[{"href":"https:\/\/arealorcaradio.es\/index.php\/wp-json\/wp\/v2\/posts"}],"about":[{"href":"https:\/\/arealorcaradio.es\/index.php\/wp-json\/wp\/v2\/types\/post"}],"author":[{"embeddable":true,"href":"https:\/\/arealorcaradio.es\/index.php\/wp-json\/wp\/v2\/users\/1"}],"replies":[{"embeddable":true,"href":"https:\/\/arealorcaradio.es\/index.php\/wp-json\/wp\/v2\/comments?post=5124"}],"version-history":[{"count":1,"href":"https:\/\/arealorcaradio.es\/index.php\/wp-json\/wp\/v2\/posts\/5124\/revisions"}],"predecessor-version":[{"id":5129,"href":"https:\/\/arealorcaradio.es\/index.php\/wp-json\/wp\/v2\/posts\/5124\/revisions\/5129"}],"wp:featuredmedia":[{"embeddable":true,"href":"https:\/\/arealorcaradio.es\/index.php\/wp-json\/wp\/v2\/media\/5128"}],"wp:attachment":[{"href":"https:\/\/arealorcaradio.es\/index.php\/wp-json\/wp\/v2\/media?parent=5124"}],"wp:term":[{"taxonomy":"category","embeddable":true,"href":"https:\/\/arealorcaradio.es\/index.php\/wp-json\/wp\/v2\/categories?post=5124"},{"taxonomy":"post_tag","embeddable":true,"href":"https:\/\/arealorcaradio.es\/index.php\/wp-json\/wp\/v2\/tags?post=5124"}],"curies":[{"name":"wp","href":"https:\/\/api.w.org\/{rel}","templated":true}]}}