{"id":5100,"date":"2025-01-07T17:39:21","date_gmt":"2025-01-07T17:39:21","guid":{"rendered":"https:\/\/arealorcaradio.es\/?p=5100"},"modified":"2025-01-07T17:39:21","modified_gmt":"2025-01-07T17:39:21","slug":"juan-jodar-empleo-vivienda-e-inmigracion-son-problemas-que-siguen-sin-resolverse","status":"publish","type":"post","link":"https:\/\/arealorcaradio.es\/index.php\/2025\/01\/07\/juan-jodar-empleo-vivienda-e-inmigracion-son-problemas-que-siguen-sin-resolverse\/","title":{"rendered":"Juan J\u00f3dar: \u00abEmpleo, vivienda e inmigraci\u00f3n son problemas que siguen sin resolverse\u00bb"},"content":{"rendered":"<p>\u00c1REA LORCA RADIO.<\/p>\n<p>Escucha aqu\u00ed la entrevista que ha concedido el presidente de la Confederaci\u00f3n Comarcal de Organizaciones Empresariales de Lorca y Comarca, Juan J\u00f3dar a Paco S\u00e1nchez en el magazine \u00c1rea Lorca Actualidad. En su intervenci\u00f3n habla de lo que ha sido el balance del a\u00f1o 2024 as\u00ed como de los prop\u00f3sitos y objetivos de este 2025. El paso viernes 3 de enero se celebr\u00f3 un desayuno informativo en CECLOR donde J\u00f3dar Bard\u00f3n hizo balance del a\u00f1o recientemente acabado.<\/p>\n<audio class=\"wp-audio-shortcode\" id=\"audio-5100-1\" preload=\"none\" style=\"width: 100%;\" controls=\"controls\"><source type=\"audio\/mpeg\" src=\"https:\/\/arealorcaradio.es\/wp-content\/uploads\/2025\/01\/070125-JUAN-JODAR.-BALANCE-2024-Y-PROPOSITOS-2025.mp3?_=1\" \/><a href=\"https:\/\/arealorcaradio.es\/wp-content\/uploads\/2025\/01\/070125-JUAN-JODAR.-BALANCE-2024-Y-PROPOSITOS-2025.mp3\">https:\/\/arealorcaradio.es\/wp-content\/uploads\/2025\/01\/070125-JUAN-JODAR.-BALANCE-2024-Y-PROPOSITOS-2025.mp3<\/a><\/audio>\n<p><img loading=\"lazy\" decoding=\"async\" class=\"alignnone size-medium wp-image-5102\" src=\"https:\/\/arealorcaradio.es\/wp-content\/uploads\/2025\/01\/CECLOR-BALANCE-2024-300x225.jpeg\" alt=\"\" width=\"300\" height=\"225\" srcset=\"https:\/\/arealorcaradio.es\/wp-content\/uploads\/2025\/01\/CECLOR-BALANCE-2024-300x225.jpeg 300w, https:\/\/arealorcaradio.es\/wp-content\/uploads\/2025\/01\/CECLOR-BALANCE-2024-1024x768.jpeg 1024w, https:\/\/arealorcaradio.es\/wp-content\/uploads\/2025\/01\/CECLOR-BALANCE-2024-768x576.jpeg 768w, https:\/\/arealorcaradio.es\/wp-content\/uploads\/2025\/01\/CECLOR-BALANCE-2024-1536x1152.jpeg 1536w, https:\/\/arealorcaradio.es\/wp-content\/uploads\/2025\/01\/CECLOR-BALANCE-2024-86x64.jpeg 86w, https:\/\/arealorcaradio.es\/wp-content\/uploads\/2025\/01\/CECLOR-BALANCE-2024.jpeg 1600w\" sizes=\"auto, (max-width: 300px) 100vw, 300px\" \/> \u00a0<img loading=\"lazy\" decoding=\"async\" class=\"alignnone size-medium wp-image-5105\" src=\"https:\/\/arealorcaradio.es\/wp-content\/uploads\/2025\/01\/CECLOR-BALANCE-2025-300x225.jpeg\" alt=\"\" width=\"300\" height=\"225\" srcset=\"https:\/\/arealorcaradio.es\/wp-content\/uploads\/2025\/01\/CECLOR-BALANCE-2025-300x225.jpeg 300w, https:\/\/arealorcaradio.es\/wp-content\/uploads\/2025\/01\/CECLOR-BALANCE-2025-1024x768.jpeg 1024w, https:\/\/arealorcaradio.es\/wp-content\/uploads\/2025\/01\/CECLOR-BALANCE-2025-768x576.jpeg 768w, https:\/\/arealorcaradio.es\/wp-content\/uploads\/2025\/01\/CECLOR-BALANCE-2025-1536x1152.jpeg 1536w, https:\/\/arealorcaradio.es\/wp-content\/uploads\/2025\/01\/CECLOR-BALANCE-2025-86x64.jpeg 86w, https:\/\/arealorcaradio.es\/wp-content\/uploads\/2025\/01\/CECLOR-BALANCE-2025.jpeg 1600w\" sizes=\"auto, (max-width: 300px) 100vw, 300px\" \/><\/p>\n","protected":false},"excerpt":{"rendered":"<p>\u00c1REA LORCA RADIO. Escucha aqu\u00ed la entrevista que ha concedido el presidente de la Confederaci\u00f3n Comarcal de Organizaciones Empresariales de Lorca y Comarca, Juan J\u00f3dar a Paco S\u00e1nchez en el magazine \u00c1rea Lorca Actualidad. En su intervenci\u00f3n habla de lo que ha sido el balance del a\u00f1o 2024 as\u00ed como de los prop\u00f3sitos y objetivos [&hellip;]<\/p>\n","protected":false},"author":1,"featured_media":5103,"comment_status":"open","ping_status":"open","sticky":false,"template":"","format":"standard","meta":{"iawp_total_views":18,"footnotes":""},"categories":[5,7],"tags":[],"class_list":["post-5100","post","type-post","status-publish","format-standard","has-post-thumbnail","hentry","category-actualidad","category-lorca"],"yoast_head":"<!-- This site is optimized with the Yoast SEO plugin v27.5 - https:\/\/yoast.com\/product\/yoast-seo-wordpress\/ -->\n<title>Juan J\u00f3dar: &quot;Empleo, vivienda e inmigraci\u00f3n son problemas que siguen sin resolverse&quot; - AREA LORCA RADIO<\/title>\n<meta name=\"robots\" content=\"index, follow, max-snippet:-1, max-image-preview:large, max-video-preview:-1\" \/>\n<link rel=\"canonical\" href=\"https:\/\/arealorcaradio.es\/index.php\/2025\/01\/07\/juan-jodar-empleo-vivienda-e-inmigracion-son-problemas-que-siguen-sin-resolverse\/\" \/>\n<meta property=\"og:locale\" content=\"es_ES\" \/>\n<meta property=\"og:type\" content=\"article\" \/>\n<meta property=\"og:title\" content=\"Juan J\u00f3dar: &quot;Empleo, vivienda e inmigraci\u00f3n son problemas que siguen sin resolverse&quot; - AREA LORCA RADIO\" \/>\n<meta property=\"og:description\" content=\"\u00c1REA LORCA RADIO. Escucha aqu\u00ed la entrevista que ha concedido el presidente de la Confederaci\u00f3n Comarcal de Organizaciones Empresariales de Lorca y Comarca, Juan J\u00f3dar a Paco S\u00e1nchez en el magazine \u00c1rea Lorca Actualidad. En su intervenci\u00f3n habla de lo que ha sido el balance del a\u00f1o 2024 as\u00ed como de los prop\u00f3sitos y objetivos [&hellip;]\" \/>\n<meta property=\"og:url\" content=\"https:\/\/arealorcaradio.es\/index.php\/2025\/01\/07\/juan-jodar-empleo-vivienda-e-inmigracion-son-problemas-que-siguen-sin-resolverse\/\" \/>\n<meta property=\"og:site_name\" content=\"AREA LORCA RADIO\" \/>\n<meta property=\"article:published_time\" content=\"2025-01-07T17:39:21+00:00\" \/>\n<meta property=\"og:image\" content=\"https:\/\/arealorcaradio.es\/wp-content\/uploads\/2025\/01\/20250107_172837-scaled.jpg\" \/>\n\t<meta property=\"og:image:width\" content=\"2560\" \/>\n\t<meta property=\"og:image:height\" content=\"1920\" \/>\n\t<meta property=\"og:image:type\" content=\"image\/jpeg\" \/>\n<meta name=\"author\" content=\"Paco S\u00e1nchez\" \/>\n<meta name=\"twitter:card\" content=\"summary_large_image\" \/>\n<meta name=\"twitter:label1\" content=\"Escrito por\" \/>\n\t<meta name=\"twitter:data1\" content=\"Paco S\u00e1nchez\" \/>\n\t<meta name=\"twitter:label2\" content=\"Tiempo de lectura\" \/>\n\t<meta name=\"twitter:data2\" content=\"1 minuto\" \/>\n<script type=\"application\/ld+json\" class=\"yoast-schema-graph\">{\"@context\":\"https:\\\/\\\/schema.org\",\"@graph\":[{\"@type\":\"Article\",\"@id\":\"https:\\\/\\\/arealorcaradio.es\\\/index.php\\\/2025\\\/01\\\/07\\\/juan-jodar-empleo-vivienda-e-inmigracion-son-problemas-que-siguen-sin-resolverse\\\/#article\",\"isPartOf\":{\"@id\":\"https:\\\/\\\/arealorcaradio.es\\\/index.php\\\/2025\\\/01\\\/07\\\/juan-jodar-empleo-vivienda-e-inmigracion-son-problemas-que-siguen-sin-resolverse\\\/\"},\"author\":{\"name\":\"Paco S\u00e1nchez\",\"@id\":\"https:\\\/\\\/arealorcaradio.es\\\/#\\\/schema\\\/person\\\/9fae605fc25b0f2c83c1ab207139bd27\"},\"headline\":\"Juan J\u00f3dar: \u00abEmpleo, vivienda e inmigraci\u00f3n son problemas que siguen sin resolverse\u00bb\",\"datePublished\":\"2025-01-07T17:39:21+00:00\",\"mainEntityOfPage\":{\"@id\":\"https:\\\/\\\/arealorcaradio.es\\\/index.php\\\/2025\\\/01\\\/07\\\/juan-jodar-empleo-vivienda-e-inmigracion-son-problemas-que-siguen-sin-resolverse\\\/\"},\"wordCount\":112,\"commentCount\":0,\"image\":{\"@id\":\"https:\\\/\\\/arealorcaradio.es\\\/index.php\\\/2025\\\/01\\\/07\\\/juan-jodar-empleo-vivienda-e-inmigracion-son-problemas-que-siguen-sin-resolverse\\\/#primaryimage\"},\"thumbnailUrl\":\"https:\\\/\\\/arealorcaradio.es\\\/wp-content\\\/uploads\\\/2025\\\/01\\\/20250107_172837-scaled.jpg\",\"articleSection\":[\"ACTUALIDAD\",\"LORCA\"],\"inLanguage\":\"es\",\"potentialAction\":[{\"@type\":\"CommentAction\",\"name\":\"Comment\",\"target\":[\"https:\\\/\\\/arealorcaradio.es\\\/index.php\\\/2025\\\/01\\\/07\\\/juan-jodar-empleo-vivienda-e-inmigracion-son-problemas-que-siguen-sin-resolverse\\\/#respond\"]}]},{\"@type\":\"WebPage\",\"@id\":\"https:\\\/\\\/arealorcaradio.es\\\/index.php\\\/2025\\\/01\\\/07\\\/juan-jodar-empleo-vivienda-e-inmigracion-son-problemas-que-siguen-sin-resolverse\\\/\",\"url\":\"https:\\\/\\\/arealorcaradio.es\\\/index.php\\\/2025\\\/01\\\/07\\\/juan-jodar-empleo-vivienda-e-inmigracion-son-problemas-que-siguen-sin-resolverse\\\/\",\"name\":\"Juan J\u00f3dar: \\\"Empleo, vivienda e inmigraci\u00f3n son problemas que siguen sin resolverse\\\" - AREA LORCA RADIO\",\"isPartOf\":{\"@id\":\"https:\\\/\\\/arealorcaradio.es\\\/#website\"},\"primaryImageOfPage\":{\"@id\":\"https:\\\/\\\/arealorcaradio.es\\\/index.php\\\/2025\\\/01\\\/07\\\/juan-jodar-empleo-vivienda-e-inmigracion-son-problemas-que-siguen-sin-resolverse\\\/#primaryimage\"},\"image\":{\"@id\":\"https:\\\/\\\/arealorcaradio.es\\\/index.php\\\/2025\\\/01\\\/07\\\/juan-jodar-empleo-vivienda-e-inmigracion-son-problemas-que-siguen-sin-resolverse\\\/#primaryimage\"},\"thumbnailUrl\":\"https:\\\/\\\/arealorcaradio.es\\\/wp-content\\\/uploads\\\/2025\\\/01\\\/20250107_172837-scaled.jpg\",\"datePublished\":\"2025-01-07T17:39:21+00:00\",\"author\":{\"@id\":\"https:\\\/\\\/arealorcaradio.es\\\/#\\\/schema\\\/person\\\/9fae605fc25b0f2c83c1ab207139bd27\"},\"breadcrumb\":{\"@id\":\"https:\\\/\\\/arealorcaradio.es\\\/index.php\\\/2025\\\/01\\\/07\\\/juan-jodar-empleo-vivienda-e-inmigracion-son-problemas-que-siguen-sin-resolverse\\\/#breadcrumb\"},\"inLanguage\":\"es\",\"potentialAction\":[{\"@type\":\"ReadAction\",\"target\":[\"https:\\\/\\\/arealorcaradio.es\\\/index.php\\\/2025\\\/01\\\/07\\\/juan-jodar-empleo-vivienda-e-inmigracion-son-problemas-que-siguen-sin-resolverse\\\/\"]}]},{\"@type\":\"ImageObject\",\"inLanguage\":\"es\",\"@id\":\"https:\\\/\\\/arealorcaradio.es\\\/index.php\\\/2025\\\/01\\\/07\\\/juan-jodar-empleo-vivienda-e-inmigracion-son-problemas-que-siguen-sin-resolverse\\\/#primaryimage\",\"url\":\"https:\\\/\\\/arealorcaradio.es\\\/wp-content\\\/uploads\\\/2025\\\/01\\\/20250107_172837-scaled.jpg\",\"contentUrl\":\"https:\\\/\\\/arealorcaradio.es\\\/wp-content\\\/uploads\\\/2025\\\/01\\\/20250107_172837-scaled.jpg\",\"width\":2560,\"height\":1920},{\"@type\":\"BreadcrumbList\",\"@id\":\"https:\\\/\\\/arealorcaradio.es\\\/index.php\\\/2025\\\/01\\\/07\\\/juan-jodar-empleo-vivienda-e-inmigracion-son-problemas-que-siguen-sin-resolverse\\\/#breadcrumb\",\"itemListElement\":[{\"@type\":\"ListItem\",\"position\":1,\"name\":\"Portada\",\"item\":\"https:\\\/\\\/arealorcaradio.es\\\/\"},{\"@type\":\"ListItem\",\"position\":2,\"name\":\"Juan J\u00f3dar: \u00abEmpleo, vivienda e inmigraci\u00f3n son problemas que siguen sin resolverse\u00bb\"}]},{\"@type\":\"WebSite\",\"@id\":\"https:\\\/\\\/arealorcaradio.es\\\/#website\",\"url\":\"https:\\\/\\\/arealorcaradio.es\\\/\",\"name\":\"AREA LORCA RADIO\",\"description\":\"Descubre la programaci\u00f3n actual en \u00c1rea Lorca Radio, tu fuente de entrenamiento y noticias locales. Sintoniza ahora y mantente conectado online.\",\"potentialAction\":[{\"@type\":\"SearchAction\",\"target\":{\"@type\":\"EntryPoint\",\"urlTemplate\":\"https:\\\/\\\/arealorcaradio.es\\\/?s={search_term_string}\"},\"query-input\":{\"@type\":\"PropertyValueSpecification\",\"valueRequired\":true,\"valueName\":\"search_term_string\"}}],\"inLanguage\":\"es\"},{\"@type\":\"Person\",\"@id\":\"https:\\\/\\\/arealorcaradio.es\\\/#\\\/schema\\\/person\\\/9fae605fc25b0f2c83c1ab207139bd27\",\"name\":\"Paco S\u00e1nchez\",\"image\":{\"@type\":\"ImageObject\",\"inLanguage\":\"es\",\"@id\":\"https:\\\/\\\/secure.gravatar.com\\\/avatar\\\/d67144e966420fb74aa84c9f2a0103be4724fd14db52b52d3b6bca749f257e79?s=96&d=mm&r=g\",\"url\":\"https:\\\/\\\/secure.gravatar.com\\\/avatar\\\/d67144e966420fb74aa84c9f2a0103be4724fd14db52b52d3b6bca749f257e79?s=96&d=mm&r=g\",\"contentUrl\":\"https:\\\/\\\/secure.gravatar.com\\\/avatar\\\/d67144e966420fb74aa84c9f2a0103be4724fd14db52b52d3b6bca749f257e79?s=96&d=mm&r=g\",\"caption\":\"Paco S\u00e1nchez\"},\"sameAs\":[\"https:\\\/\\\/arealorcaradio.es\"],\"url\":\"https:\\\/\\\/arealorcaradio.es\\\/index.php\\\/author\\\/admin_alorcaradio\\\/\"}]}<\/script>\n<!-- \/ Yoast SEO plugin. -->","yoast_head_json":{"title":"Juan J\u00f3dar: \"Empleo, vivienda e inmigraci\u00f3n son problemas que siguen sin resolverse\" - AREA LORCA RADIO","robots":{"index":"index","follow":"follow","max-snippet":"max-snippet:-1","max-image-preview":"max-image-preview:large","max-video-preview":"max-video-preview:-1"},"canonical":"https:\/\/arealorcaradio.es\/index.php\/2025\/01\/07\/juan-jodar-empleo-vivienda-e-inmigracion-son-problemas-que-siguen-sin-resolverse\/","og_locale":"es_ES","og_type":"article","og_title":"Juan J\u00f3dar: \"Empleo, vivienda e inmigraci\u00f3n son problemas que siguen sin resolverse\" - AREA LORCA RADIO","og_description":"\u00c1REA LORCA RADIO. Escucha aqu\u00ed la entrevista que ha concedido el presidente de la Confederaci\u00f3n Comarcal de Organizaciones Empresariales de Lorca y Comarca, Juan J\u00f3dar a Paco S\u00e1nchez en el magazine \u00c1rea Lorca Actualidad. En su intervenci\u00f3n habla de lo que ha sido el balance del a\u00f1o 2024 as\u00ed como de los prop\u00f3sitos y objetivos [&hellip;]","og_url":"https:\/\/arealorcaradio.es\/index.php\/2025\/01\/07\/juan-jodar-empleo-vivienda-e-inmigracion-son-problemas-que-siguen-sin-resolverse\/","og_site_name":"AREA LORCA RADIO","article_published_time":"2025-01-07T17:39:21+00:00","og_image":[{"width":2560,"height":1920,"url":"https:\/\/arealorcaradio.es\/wp-content\/uploads\/2025\/01\/20250107_172837-scaled.jpg","type":"image\/jpeg"}],"author":"Paco S\u00e1nchez","twitter_card":"summary_large_image","twitter_misc":{"Escrito por":"Paco S\u00e1nchez","Tiempo de lectura":"1 minuto"},"schema":{"@context":"https:\/\/schema.org","@graph":[{"@type":"Article","@id":"https:\/\/arealorcaradio.es\/index.php\/2025\/01\/07\/juan-jodar-empleo-vivienda-e-inmigracion-son-problemas-que-siguen-sin-resolverse\/#article","isPartOf":{"@id":"https:\/\/arealorcaradio.es\/index.php\/2025\/01\/07\/juan-jodar-empleo-vivienda-e-inmigracion-son-problemas-que-siguen-sin-resolverse\/"},"author":{"name":"Paco S\u00e1nchez","@id":"https:\/\/arealorcaradio.es\/#\/schema\/person\/9fae605fc25b0f2c83c1ab207139bd27"},"headline":"Juan J\u00f3dar: \u00abEmpleo, vivienda e inmigraci\u00f3n son problemas que siguen sin resolverse\u00bb","datePublished":"2025-01-07T17:39:21+00:00","mainEntityOfPage":{"@id":"https:\/\/arealorcaradio.es\/index.php\/2025\/01\/07\/juan-jodar-empleo-vivienda-e-inmigracion-son-problemas-que-siguen-sin-resolverse\/"},"wordCount":112,"commentCount":0,"image":{"@id":"https:\/\/arealorcaradio.es\/index.php\/2025\/01\/07\/juan-jodar-empleo-vivienda-e-inmigracion-son-problemas-que-siguen-sin-resolverse\/#primaryimage"},"thumbnailUrl":"https:\/\/arealorcaradio.es\/wp-content\/uploads\/2025\/01\/20250107_172837-scaled.jpg","articleSection":["ACTUALIDAD","LORCA"],"inLanguage":"es","potentialAction":[{"@type":"CommentAction","name":"Comment","target":["https:\/\/arealorcaradio.es\/index.php\/2025\/01\/07\/juan-jodar-empleo-vivienda-e-inmigracion-son-problemas-que-siguen-sin-resolverse\/#respond"]}]},{"@type":"WebPage","@id":"https:\/\/arealorcaradio.es\/index.php\/2025\/01\/07\/juan-jodar-empleo-vivienda-e-inmigracion-son-problemas-que-siguen-sin-resolverse\/","url":"https:\/\/arealorcaradio.es\/index.php\/2025\/01\/07\/juan-jodar-empleo-vivienda-e-inmigracion-son-problemas-que-siguen-sin-resolverse\/","name":"Juan J\u00f3dar: \"Empleo, vivienda e inmigraci\u00f3n son problemas que siguen sin resolverse\" - AREA LORCA RADIO","isPartOf":{"@id":"https:\/\/arealorcaradio.es\/#website"},"primaryImageOfPage":{"@id":"https:\/\/arealorcaradio.es\/index.php\/2025\/01\/07\/juan-jodar-empleo-vivienda-e-inmigracion-son-problemas-que-siguen-sin-resolverse\/#primaryimage"},"image":{"@id":"https:\/\/arealorcaradio.es\/index.php\/2025\/01\/07\/juan-jodar-empleo-vivienda-e-inmigracion-son-problemas-que-siguen-sin-resolverse\/#primaryimage"},"thumbnailUrl":"https:\/\/arealorcaradio.es\/wp-content\/uploads\/2025\/01\/20250107_172837-scaled.jpg","datePublished":"2025-01-07T17:39:21+00:00","author":{"@id":"https:\/\/arealorcaradio.es\/#\/schema\/person\/9fae605fc25b0f2c83c1ab207139bd27"},"breadcrumb":{"@id":"https:\/\/arealorcaradio.es\/index.php\/2025\/01\/07\/juan-jodar-empleo-vivienda-e-inmigracion-son-problemas-que-siguen-sin-resolverse\/#breadcrumb"},"inLanguage":"es","potentialAction":[{"@type":"ReadAction","target":["https:\/\/arealorcaradio.es\/index.php\/2025\/01\/07\/juan-jodar-empleo-vivienda-e-inmigracion-son-problemas-que-siguen-sin-resolverse\/"]}]},{"@type":"ImageObject","inLanguage":"es","@id":"https:\/\/arealorcaradio.es\/index.php\/2025\/01\/07\/juan-jodar-empleo-vivienda-e-inmigracion-son-problemas-que-siguen-sin-resolverse\/#primaryimage","url":"https:\/\/arealorcaradio.es\/wp-content\/uploads\/2025\/01\/20250107_172837-scaled.jpg","contentUrl":"https:\/\/arealorcaradio.es\/wp-content\/uploads\/2025\/01\/20250107_172837-scaled.jpg","width":2560,"height":1920},{"@type":"BreadcrumbList","@id":"https:\/\/arealorcaradio.es\/index.php\/2025\/01\/07\/juan-jodar-empleo-vivienda-e-inmigracion-son-problemas-que-siguen-sin-resolverse\/#breadcrumb","itemListElement":[{"@type":"ListItem","position":1,"name":"Portada","item":"https:\/\/arealorcaradio.es\/"},{"@type":"ListItem","position":2,"name":"Juan J\u00f3dar: \u00abEmpleo, vivienda e inmigraci\u00f3n son problemas que siguen sin resolverse\u00bb"}]},{"@type":"WebSite","@id":"https:\/\/arealorcaradio.es\/#website","url":"https:\/\/arealorcaradio.es\/","name":"AREA LORCA RADIO","description":"Descubre la programaci\u00f3n actual en \u00c1rea Lorca Radio, tu fuente de entrenamiento y noticias locales. Sintoniza ahora y mantente conectado online.","potentialAction":[{"@type":"SearchAction","target":{"@type":"EntryPoint","urlTemplate":"https:\/\/arealorcaradio.es\/?s={search_term_string}"},"query-input":{"@type":"PropertyValueSpecification","valueRequired":true,"valueName":"search_term_string"}}],"inLanguage":"es"},{"@type":"Person","@id":"https:\/\/arealorcaradio.es\/#\/schema\/person\/9fae605fc25b0f2c83c1ab207139bd27","name":"Paco S\u00e1nchez","image":{"@type":"ImageObject","inLanguage":"es","@id":"https:\/\/secure.gravatar.com\/avatar\/d67144e966420fb74aa84c9f2a0103be4724fd14db52b52d3b6bca749f257e79?s=96&d=mm&r=g","url":"https:\/\/secure.gravatar.com\/avatar\/d67144e966420fb74aa84c9f2a0103be4724fd14db52b52d3b6bca749f257e79?s=96&d=mm&r=g","contentUrl":"https:\/\/secure.gravatar.com\/avatar\/d67144e966420fb74aa84c9f2a0103be4724fd14db52b52d3b6bca749f257e79?s=96&d=mm&r=g","caption":"Paco S\u00e1nchez"},"sameAs":["https:\/\/arealorcaradio.es"],"url":"https:\/\/arealorcaradio.es\/index.php\/author\/admin_alorcaradio\/"}]}},"_links":{"self":[{"href":"https:\/\/arealorcaradio.es\/index.php\/wp-json\/wp\/v2\/posts\/5100","targetHints":{"allow":["GET"]}}],"collection":[{"href":"https:\/\/arealorcaradio.es\/index.php\/wp-json\/wp\/v2\/posts"}],"about":[{"href":"https:\/\/arealorcaradio.es\/index.php\/wp-json\/wp\/v2\/types\/post"}],"author":[{"embeddable":true,"href":"https:\/\/arealorcaradio.es\/index.php\/wp-json\/wp\/v2\/users\/1"}],"replies":[{"embeddable":true,"href":"https:\/\/arealorcaradio.es\/index.php\/wp-json\/wp\/v2\/comments?post=5100"}],"version-history":[{"count":2,"href":"https:\/\/arealorcaradio.es\/index.php\/wp-json\/wp\/v2\/posts\/5100\/revisions"}],"predecessor-version":[{"id":5106,"href":"https:\/\/arealorcaradio.es\/index.php\/wp-json\/wp\/v2\/posts\/5100\/revisions\/5106"}],"wp:featuredmedia":[{"embeddable":true,"href":"https:\/\/arealorcaradio.es\/index.php\/wp-json\/wp\/v2\/media\/5103"}],"wp:attachment":[{"href":"https:\/\/arealorcaradio.es\/index.php\/wp-json\/wp\/v2\/media?parent=5100"}],"wp:term":[{"taxonomy":"category","embeddable":true,"href":"https:\/\/arealorcaradio.es\/index.php\/wp-json\/wp\/v2\/categories?post=5100"},{"taxonomy":"post_tag","embeddable":true,"href":"https:\/\/arealorcaradio.es\/index.php\/wp-json\/wp\/v2\/tags?post=5100"}],"curies":[{"name":"wp","href":"https:\/\/api.w.org\/{rel}","templated":true}]}}