{"id":5068,"date":"2024-12-23T18:07:05","date_gmt":"2024-12-23T18:07:05","guid":{"rendered":"https:\/\/arealorcaradio.es\/?p=5068"},"modified":"2024-12-23T18:07:05","modified_gmt":"2024-12-23T18:07:05","slug":"area-lorca-radio-realiza-su-iv-programa-de-navidad-desde-la-plaza-de-espana-de-lorca","status":"publish","type":"post","link":"https:\/\/arealorcaradio.es\/index.php\/2024\/12\/23\/area-lorca-radio-realiza-su-iv-programa-de-navidad-desde-la-plaza-de-espana-de-lorca\/","title":{"rendered":"\u00c1rea Lorca Radio realiza su IV Programa de Navidad desde la Plaza de Espa\u00f1a de Lorca"},"content":{"rendered":"<p>\u00c1REA LORCA RADIO.<\/p>\n<p>Escucha aqu\u00ed el especial de Navidad de \u00c1rea Lorca Radio realizado en esta ocasi\u00f3n desde la Plaza de Espa\u00f1a de Lorca.<\/p>\n<audio class=\"wp-audio-shortcode\" id=\"audio-5068-1\" preload=\"none\" style=\"width: 100%;\" controls=\"controls\"><source type=\"audio\/mpeg\" src=\"https:\/\/arealorcaradio.es\/wp-content\/uploads\/2024\/12\/231224-ESPECIAL-NAVIDAD-AREA-LORCA-RADIO.mp3?_=1\" \/><a href=\"https:\/\/arealorcaradio.es\/wp-content\/uploads\/2024\/12\/231224-ESPECIAL-NAVIDAD-AREA-LORCA-RADIO.mp3\">https:\/\/arealorcaradio.es\/wp-content\/uploads\/2024\/12\/231224-ESPECIAL-NAVIDAD-AREA-LORCA-RADIO.mp3<\/a><\/audio>\n<p>Por el programa han pasado casi la treintena de ni\u00f1os y ni\u00f1as que forman el Coro del Colegio Alfonso X El Sabio con su profesor Lucas S\u00e1nchez Pallares a la cabeza. Hemos contado con la concejala de Festejos dl Ayuntamiento de Lorca, Mar\u00eda de las Huertas Garc\u00eda, con el presidente de los artesanos Mart\u00edn Lario y el coordinador de actividades de la Casa del Artesano Francisco Salas, tambi\u00e9n ha pasado el vicepresidente de la Asociaci\u00f3n de Belenistas de Lorca Miguel Navarrete, Daniel Garc\u00eda, delegado de la zona de Levante de la Asociaci\u00f3n Mi Princesa Rett y Mar\u00eda del Mar Manzanares, Francisco Javier Mart\u00ednez y Javier Mart\u00ednez Manzanares, art\u00edfices del Aguinaldo solidario, este a\u00f1o han repartido setenta cestas entre familias necesitadas de Lorca.<\/p>\n<p><img loading=\"lazy\" decoding=\"async\" class=\"alignnone size-medium wp-image-5072\" src=\"https:\/\/arealorcaradio.es\/wp-content\/uploads\/2024\/12\/IMG-20241223-WA0056-225x300.jpg\" alt=\"\" width=\"225\" height=\"300\" srcset=\"https:\/\/arealorcaradio.es\/wp-content\/uploads\/2024\/12\/IMG-20241223-WA0056-225x300.jpg 225w, https:\/\/arealorcaradio.es\/wp-content\/uploads\/2024\/12\/IMG-20241223-WA0056-768x1024.jpg 768w, https:\/\/arealorcaradio.es\/wp-content\/uploads\/2024\/12\/IMG-20241223-WA0056-1152x1536.jpg 1152w, https:\/\/arealorcaradio.es\/wp-content\/uploads\/2024\/12\/IMG-20241223-WA0056.jpg 1530w\" sizes=\"auto, (max-width: 225px) 100vw, 225px\" \/> <img loading=\"lazy\" decoding=\"async\" class=\"alignnone size-medium wp-image-5073\" src=\"https:\/\/arealorcaradio.es\/wp-content\/uploads\/2024\/12\/IMG-20241223-WA0030-225x300.jpg\" alt=\"\" width=\"225\" height=\"300\" srcset=\"https:\/\/arealorcaradio.es\/wp-content\/uploads\/2024\/12\/IMG-20241223-WA0030-225x300.jpg 225w, https:\/\/arealorcaradio.es\/wp-content\/uploads\/2024\/12\/IMG-20241223-WA0030-768x1024.jpg 768w, https:\/\/arealorcaradio.es\/wp-content\/uploads\/2024\/12\/IMG-20241223-WA0030-1152x1536.jpg 1152w, https:\/\/arealorcaradio.es\/wp-content\/uploads\/2024\/12\/IMG-20241223-WA0030.jpg 1200w\" sizes=\"auto, (max-width: 225px) 100vw, 225px\" \/> <img loading=\"lazy\" decoding=\"async\" class=\"alignnone size-medium wp-image-5074\" src=\"https:\/\/arealorcaradio.es\/wp-content\/uploads\/2024\/12\/IMG-20241223-WA0028-225x300.jpg\" alt=\"\" width=\"225\" height=\"300\" srcset=\"https:\/\/arealorcaradio.es\/wp-content\/uploads\/2024\/12\/IMG-20241223-WA0028-225x300.jpg 225w, https:\/\/arealorcaradio.es\/wp-content\/uploads\/2024\/12\/IMG-20241223-WA0028-768x1024.jpg 768w, https:\/\/arealorcaradio.es\/wp-content\/uploads\/2024\/12\/IMG-20241223-WA0028-1152x1536.jpg 1152w, https:\/\/arealorcaradio.es\/wp-content\/uploads\/2024\/12\/IMG-20241223-WA0028.jpg 1530w\" sizes=\"auto, (max-width: 225px) 100vw, 225px\" \/><img loading=\"lazy\" decoding=\"async\" class=\"alignnone size-medium wp-image-5075\" src=\"https:\/\/arealorcaradio.es\/wp-content\/uploads\/2024\/12\/IMG-20241223-WA0112-225x300.jpg\" alt=\"\" width=\"225\" height=\"300\" srcset=\"https:\/\/arealorcaradio.es\/wp-content\/uploads\/2024\/12\/IMG-20241223-WA0112-225x300.jpg 225w, https:\/\/arealorcaradio.es\/wp-content\/uploads\/2024\/12\/IMG-20241223-WA0112-768x1024.jpg 768w, https:\/\/arealorcaradio.es\/wp-content\/uploads\/2024\/12\/IMG-20241223-WA0112-1152x1536.jpg 1152w, https:\/\/arealorcaradio.es\/wp-content\/uploads\/2024\/12\/IMG-20241223-WA0112.jpg 1530w\" sizes=\"auto, (max-width: 225px) 100vw, 225px\" \/> <img loading=\"lazy\" decoding=\"async\" class=\"alignnone size-medium wp-image-5076\" src=\"https:\/\/arealorcaradio.es\/wp-content\/uploads\/2024\/12\/IMG-20241223-WA0060-225x300.jpg\" alt=\"\" width=\"225\" height=\"300\" srcset=\"https:\/\/arealorcaradio.es\/wp-content\/uploads\/2024\/12\/IMG-20241223-WA0060-225x300.jpg 225w, https:\/\/arealorcaradio.es\/wp-content\/uploads\/2024\/12\/IMG-20241223-WA0060-768x1024.jpg 768w, https:\/\/arealorcaradio.es\/wp-content\/uploads\/2024\/12\/IMG-20241223-WA0060-1152x1536.jpg 1152w, https:\/\/arealorcaradio.es\/wp-content\/uploads\/2024\/12\/IMG-20241223-WA0060.jpg 1530w\" sizes=\"auto, (max-width: 225px) 100vw, 225px\" \/> <img loading=\"lazy\" decoding=\"async\" class=\"alignnone size-medium wp-image-5077\" src=\"https:\/\/arealorcaradio.es\/wp-content\/uploads\/2024\/12\/IMG-20241223-WA0022-225x300.jpg\" alt=\"\" width=\"225\" height=\"300\" srcset=\"https:\/\/arealorcaradio.es\/wp-content\/uploads\/2024\/12\/IMG-20241223-WA0022-225x300.jpg 225w, https:\/\/arealorcaradio.es\/wp-content\/uploads\/2024\/12\/IMG-20241223-WA0022-768x1024.jpg 768w, https:\/\/arealorcaradio.es\/wp-content\/uploads\/2024\/12\/IMG-20241223-WA0022-1152x1536.jpg 1152w, https:\/\/arealorcaradio.es\/wp-content\/uploads\/2024\/12\/IMG-20241223-WA0022.jpg 1200w\" sizes=\"auto, (max-width: 225px) 100vw, 225px\" \/><img loading=\"lazy\" decoding=\"async\" class=\"alignnone size-medium wp-image-5078\" src=\"https:\/\/arealorcaradio.es\/wp-content\/uploads\/2024\/12\/IMG-20241223-WA0102-225x300.jpg\" alt=\"\" width=\"225\" height=\"300\" srcset=\"https:\/\/arealorcaradio.es\/wp-content\/uploads\/2024\/12\/IMG-20241223-WA0102-225x300.jpg 225w, https:\/\/arealorcaradio.es\/wp-content\/uploads\/2024\/12\/IMG-20241223-WA0102-768x1024.jpg 768w, https:\/\/arealorcaradio.es\/wp-content\/uploads\/2024\/12\/IMG-20241223-WA0102-1152x1536.jpg 1152w, https:\/\/arealorcaradio.es\/wp-content\/uploads\/2024\/12\/IMG-20241223-WA0102.jpg 1530w\" sizes=\"auto, (max-width: 225px) 100vw, 225px\" \/> <img loading=\"lazy\" decoding=\"async\" class=\"alignnone size-medium wp-image-5079\" src=\"https:\/\/arealorcaradio.es\/wp-content\/uploads\/2024\/12\/IMG-20241223-WA0120-225x300.jpg\" alt=\"\" width=\"225\" height=\"300\" srcset=\"https:\/\/arealorcaradio.es\/wp-content\/uploads\/2024\/12\/IMG-20241223-WA0120-225x300.jpg 225w, https:\/\/arealorcaradio.es\/wp-content\/uploads\/2024\/12\/IMG-20241223-WA0120-768x1024.jpg 768w, https:\/\/arealorcaradio.es\/wp-content\/uploads\/2024\/12\/IMG-20241223-WA0120-1152x1536.jpg 1152w, https:\/\/arealorcaradio.es\/wp-content\/uploads\/2024\/12\/IMG-20241223-WA0120.jpg 1530w\" sizes=\"auto, (max-width: 225px) 100vw, 225px\" \/> <img loading=\"lazy\" decoding=\"async\" class=\"alignnone size-medium wp-image-5080\" src=\"https:\/\/arealorcaradio.es\/wp-content\/uploads\/2024\/12\/IMG-20241223-WA0081-225x300.jpg\" alt=\"\" width=\"225\" height=\"300\" srcset=\"https:\/\/arealorcaradio.es\/wp-content\/uploads\/2024\/12\/IMG-20241223-WA0081-225x300.jpg 225w, https:\/\/arealorcaradio.es\/wp-content\/uploads\/2024\/12\/IMG-20241223-WA0081-768x1024.jpg 768w, https:\/\/arealorcaradio.es\/wp-content\/uploads\/2024\/12\/IMG-20241223-WA0081-1152x1536.jpg 1152w, https:\/\/arealorcaradio.es\/wp-content\/uploads\/2024\/12\/IMG-20241223-WA0081.jpg 1530w\" sizes=\"auto, (max-width: 225px) 100vw, 225px\" \/> <img loading=\"lazy\" decoding=\"async\" class=\"alignnone size-medium wp-image-5084\" src=\"https:\/\/arealorcaradio.es\/wp-content\/uploads\/2024\/12\/IMG-20241223-WA0093-300x225.jpg\" alt=\"\" width=\"300\" height=\"225\" srcset=\"https:\/\/arealorcaradio.es\/wp-content\/uploads\/2024\/12\/IMG-20241223-WA0093-300x225.jpg 300w, https:\/\/arealorcaradio.es\/wp-content\/uploads\/2024\/12\/IMG-20241223-WA0093-1024x768.jpg 1024w, https:\/\/arealorcaradio.es\/wp-content\/uploads\/2024\/12\/IMG-20241223-WA0093-768x576.jpg 768w, https:\/\/arealorcaradio.es\/wp-content\/uploads\/2024\/12\/IMG-20241223-WA0093-1536x1152.jpg 1536w, https:\/\/arealorcaradio.es\/wp-content\/uploads\/2024\/12\/IMG-20241223-WA0093-86x64.jpg 86w, https:\/\/arealorcaradio.es\/wp-content\/uploads\/2024\/12\/IMG-20241223-WA0093.jpg 2040w\" sizes=\"auto, (max-width: 300px) 100vw, 300px\" \/> <img loading=\"lazy\" decoding=\"async\" class=\"alignnone size-medium wp-image-5085\" src=\"https:\/\/arealorcaradio.es\/wp-content\/uploads\/2024\/12\/20241223_104703-300x225.jpg\" alt=\"\" width=\"300\" height=\"225\" srcset=\"https:\/\/arealorcaradio.es\/wp-content\/uploads\/2024\/12\/20241223_104703-300x225.jpg 300w, https:\/\/arealorcaradio.es\/wp-content\/uploads\/2024\/12\/20241223_104703-1024x768.jpg 1024w, https:\/\/arealorcaradio.es\/wp-content\/uploads\/2024\/12\/20241223_104703-768x576.jpg 768w, https:\/\/arealorcaradio.es\/wp-content\/uploads\/2024\/12\/20241223_104703-1536x1152.jpg 1536w, https:\/\/arealorcaradio.es\/wp-content\/uploads\/2024\/12\/20241223_104703-2048x1536.jpg 2048w, https:\/\/arealorcaradio.es\/wp-content\/uploads\/2024\/12\/20241223_104703-86x64.jpg 86w\" sizes=\"auto, (max-width: 300px) 100vw, 300px\" \/><\/p>\n<p>&nbsp;<\/p>\n","protected":false},"excerpt":{"rendered":"<p>\u00c1REA LORCA RADIO. Escucha aqu\u00ed el especial de Navidad de \u00c1rea Lorca Radio realizado en esta ocasi\u00f3n desde la Plaza de Espa\u00f1a de Lorca. Por el programa han pasado casi la treintena de ni\u00f1os y ni\u00f1as que forman el Coro del Colegio Alfonso X El Sabio con su profesor Lucas S\u00e1nchez Pallares a la cabeza. [&hellip;]<\/p>\n","protected":false},"author":1,"featured_media":5069,"comment_status":"open","ping_status":"open","sticky":false,"template":"","format":"standard","meta":{"iawp_total_views":54,"footnotes":""},"categories":[5,7],"tags":[],"class_list":["post-5068","post","type-post","status-publish","format-standard","has-post-thumbnail","hentry","category-actualidad","category-lorca"],"yoast_head":"<!-- This site is optimized with the Yoast SEO plugin v27.5 - https:\/\/yoast.com\/product\/yoast-seo-wordpress\/ -->\n<title>\u00c1rea Lorca Radio realiza su IV Programa de Navidad desde la Plaza de Espa\u00f1a de Lorca - AREA LORCA RADIO<\/title>\n<meta name=\"robots\" content=\"index, follow, max-snippet:-1, max-image-preview:large, max-video-preview:-1\" \/>\n<link rel=\"canonical\" href=\"https:\/\/arealorcaradio.es\/index.php\/2024\/12\/23\/area-lorca-radio-realiza-su-iv-programa-de-navidad-desde-la-plaza-de-espana-de-lorca\/\" \/>\n<meta property=\"og:locale\" content=\"es_ES\" \/>\n<meta property=\"og:type\" content=\"article\" \/>\n<meta property=\"og:title\" content=\"\u00c1rea Lorca Radio realiza su IV Programa de Navidad desde la Plaza de Espa\u00f1a de Lorca - AREA LORCA RADIO\" \/>\n<meta property=\"og:description\" content=\"\u00c1REA LORCA RADIO. Escucha aqu\u00ed el especial de Navidad de \u00c1rea Lorca Radio realizado en esta ocasi\u00f3n desde la Plaza de Espa\u00f1a de Lorca. Por el programa han pasado casi la treintena de ni\u00f1os y ni\u00f1as que forman el Coro del Colegio Alfonso X El Sabio con su profesor Lucas S\u00e1nchez Pallares a la cabeza. [&hellip;]\" \/>\n<meta property=\"og:url\" content=\"https:\/\/arealorcaradio.es\/index.php\/2024\/12\/23\/area-lorca-radio-realiza-su-iv-programa-de-navidad-desde-la-plaza-de-espana-de-lorca\/\" \/>\n<meta property=\"og:site_name\" content=\"AREA LORCA RADIO\" \/>\n<meta property=\"article:published_time\" content=\"2024-12-23T18:07:05+00:00\" \/>\n<meta property=\"og:image\" content=\"https:\/\/arealorcaradio.es\/wp-content\/uploads\/2024\/12\/IMG-20241223-WA0045.jpg\" \/>\n\t<meta property=\"og:image:width\" content=\"2040\" \/>\n\t<meta property=\"og:image:height\" content=\"1530\" \/>\n\t<meta property=\"og:image:type\" content=\"image\/jpeg\" \/>\n<meta name=\"author\" content=\"Paco S\u00e1nchez\" \/>\n<meta name=\"twitter:card\" content=\"summary_large_image\" \/>\n<meta name=\"twitter:label1\" content=\"Escrito por\" \/>\n\t<meta name=\"twitter:data1\" content=\"Paco S\u00e1nchez\" \/>\n\t<meta name=\"twitter:label2\" content=\"Tiempo de lectura\" \/>\n\t<meta name=\"twitter:data2\" content=\"4 minutos\" \/>\n<script type=\"application\/ld+json\" class=\"yoast-schema-graph\">{\"@context\":\"https:\\\/\\\/schema.org\",\"@graph\":[{\"@type\":\"Article\",\"@id\":\"https:\\\/\\\/arealorcaradio.es\\\/index.php\\\/2024\\\/12\\\/23\\\/area-lorca-radio-realiza-su-iv-programa-de-navidad-desde-la-plaza-de-espana-de-lorca\\\/#article\",\"isPartOf\":{\"@id\":\"https:\\\/\\\/arealorcaradio.es\\\/index.php\\\/2024\\\/12\\\/23\\\/area-lorca-radio-realiza-su-iv-programa-de-navidad-desde-la-plaza-de-espana-de-lorca\\\/\"},\"author\":{\"name\":\"Paco S\u00e1nchez\",\"@id\":\"https:\\\/\\\/arealorcaradio.es\\\/#\\\/schema\\\/person\\\/9fae605fc25b0f2c83c1ab207139bd27\"},\"headline\":\"\u00c1rea Lorca Radio realiza su IV Programa de Navidad desde la Plaza de Espa\u00f1a de Lorca\",\"datePublished\":\"2024-12-23T18:07:05+00:00\",\"mainEntityOfPage\":{\"@id\":\"https:\\\/\\\/arealorcaradio.es\\\/index.php\\\/2024\\\/12\\\/23\\\/area-lorca-radio-realiza-su-iv-programa-de-navidad-desde-la-plaza-de-espana-de-lorca\\\/\"},\"wordCount\":191,\"commentCount\":0,\"image\":{\"@id\":\"https:\\\/\\\/arealorcaradio.es\\\/index.php\\\/2024\\\/12\\\/23\\\/area-lorca-radio-realiza-su-iv-programa-de-navidad-desde-la-plaza-de-espana-de-lorca\\\/#primaryimage\"},\"thumbnailUrl\":\"https:\\\/\\\/arealorcaradio.es\\\/wp-content\\\/uploads\\\/2024\\\/12\\\/IMG-20241223-WA0045.jpg\",\"articleSection\":[\"ACTUALIDAD\",\"LORCA\"],\"inLanguage\":\"es\",\"potentialAction\":[{\"@type\":\"CommentAction\",\"name\":\"Comment\",\"target\":[\"https:\\\/\\\/arealorcaradio.es\\\/index.php\\\/2024\\\/12\\\/23\\\/area-lorca-radio-realiza-su-iv-programa-de-navidad-desde-la-plaza-de-espana-de-lorca\\\/#respond\"]}]},{\"@type\":\"WebPage\",\"@id\":\"https:\\\/\\\/arealorcaradio.es\\\/index.php\\\/2024\\\/12\\\/23\\\/area-lorca-radio-realiza-su-iv-programa-de-navidad-desde-la-plaza-de-espana-de-lorca\\\/\",\"url\":\"https:\\\/\\\/arealorcaradio.es\\\/index.php\\\/2024\\\/12\\\/23\\\/area-lorca-radio-realiza-su-iv-programa-de-navidad-desde-la-plaza-de-espana-de-lorca\\\/\",\"name\":\"\u00c1rea Lorca Radio realiza su IV Programa de Navidad desde la Plaza de Espa\u00f1a de Lorca - AREA LORCA RADIO\",\"isPartOf\":{\"@id\":\"https:\\\/\\\/arealorcaradio.es\\\/#website\"},\"primaryImageOfPage\":{\"@id\":\"https:\\\/\\\/arealorcaradio.es\\\/index.php\\\/2024\\\/12\\\/23\\\/area-lorca-radio-realiza-su-iv-programa-de-navidad-desde-la-plaza-de-espana-de-lorca\\\/#primaryimage\"},\"image\":{\"@id\":\"https:\\\/\\\/arealorcaradio.es\\\/index.php\\\/2024\\\/12\\\/23\\\/area-lorca-radio-realiza-su-iv-programa-de-navidad-desde-la-plaza-de-espana-de-lorca\\\/#primaryimage\"},\"thumbnailUrl\":\"https:\\\/\\\/arealorcaradio.es\\\/wp-content\\\/uploads\\\/2024\\\/12\\\/IMG-20241223-WA0045.jpg\",\"datePublished\":\"2024-12-23T18:07:05+00:00\",\"author\":{\"@id\":\"https:\\\/\\\/arealorcaradio.es\\\/#\\\/schema\\\/person\\\/9fae605fc25b0f2c83c1ab207139bd27\"},\"breadcrumb\":{\"@id\":\"https:\\\/\\\/arealorcaradio.es\\\/index.php\\\/2024\\\/12\\\/23\\\/area-lorca-radio-realiza-su-iv-programa-de-navidad-desde-la-plaza-de-espana-de-lorca\\\/#breadcrumb\"},\"inLanguage\":\"es\",\"potentialAction\":[{\"@type\":\"ReadAction\",\"target\":[\"https:\\\/\\\/arealorcaradio.es\\\/index.php\\\/2024\\\/12\\\/23\\\/area-lorca-radio-realiza-su-iv-programa-de-navidad-desde-la-plaza-de-espana-de-lorca\\\/\"]}]},{\"@type\":\"ImageObject\",\"inLanguage\":\"es\",\"@id\":\"https:\\\/\\\/arealorcaradio.es\\\/index.php\\\/2024\\\/12\\\/23\\\/area-lorca-radio-realiza-su-iv-programa-de-navidad-desde-la-plaza-de-espana-de-lorca\\\/#primaryimage\",\"url\":\"https:\\\/\\\/arealorcaradio.es\\\/wp-content\\\/uploads\\\/2024\\\/12\\\/IMG-20241223-WA0045.jpg\",\"contentUrl\":\"https:\\\/\\\/arealorcaradio.es\\\/wp-content\\\/uploads\\\/2024\\\/12\\\/IMG-20241223-WA0045.jpg\",\"width\":2040,\"height\":1530},{\"@type\":\"BreadcrumbList\",\"@id\":\"https:\\\/\\\/arealorcaradio.es\\\/index.php\\\/2024\\\/12\\\/23\\\/area-lorca-radio-realiza-su-iv-programa-de-navidad-desde-la-plaza-de-espana-de-lorca\\\/#breadcrumb\",\"itemListElement\":[{\"@type\":\"ListItem\",\"position\":1,\"name\":\"Portada\",\"item\":\"https:\\\/\\\/arealorcaradio.es\\\/\"},{\"@type\":\"ListItem\",\"position\":2,\"name\":\"\u00c1rea Lorca Radio realiza su IV Programa de Navidad desde la Plaza de Espa\u00f1a de Lorca\"}]},{\"@type\":\"WebSite\",\"@id\":\"https:\\\/\\\/arealorcaradio.es\\\/#website\",\"url\":\"https:\\\/\\\/arealorcaradio.es\\\/\",\"name\":\"AREA LORCA RADIO\",\"description\":\"Descubre la programaci\u00f3n actual en \u00c1rea Lorca Radio, tu fuente de entrenamiento y noticias locales. Sintoniza ahora y mantente conectado online.\",\"potentialAction\":[{\"@type\":\"SearchAction\",\"target\":{\"@type\":\"EntryPoint\",\"urlTemplate\":\"https:\\\/\\\/arealorcaradio.es\\\/?s={search_term_string}\"},\"query-input\":{\"@type\":\"PropertyValueSpecification\",\"valueRequired\":true,\"valueName\":\"search_term_string\"}}],\"inLanguage\":\"es\"},{\"@type\":\"Person\",\"@id\":\"https:\\\/\\\/arealorcaradio.es\\\/#\\\/schema\\\/person\\\/9fae605fc25b0f2c83c1ab207139bd27\",\"name\":\"Paco S\u00e1nchez\",\"image\":{\"@type\":\"ImageObject\",\"inLanguage\":\"es\",\"@id\":\"https:\\\/\\\/secure.gravatar.com\\\/avatar\\\/d67144e966420fb74aa84c9f2a0103be4724fd14db52b52d3b6bca749f257e79?s=96&d=mm&r=g\",\"url\":\"https:\\\/\\\/secure.gravatar.com\\\/avatar\\\/d67144e966420fb74aa84c9f2a0103be4724fd14db52b52d3b6bca749f257e79?s=96&d=mm&r=g\",\"contentUrl\":\"https:\\\/\\\/secure.gravatar.com\\\/avatar\\\/d67144e966420fb74aa84c9f2a0103be4724fd14db52b52d3b6bca749f257e79?s=96&d=mm&r=g\",\"caption\":\"Paco S\u00e1nchez\"},\"sameAs\":[\"https:\\\/\\\/arealorcaradio.es\"],\"url\":\"https:\\\/\\\/arealorcaradio.es\\\/index.php\\\/author\\\/admin_alorcaradio\\\/\"}]}<\/script>\n<!-- \/ Yoast SEO plugin. -->","yoast_head_json":{"title":"\u00c1rea Lorca Radio realiza su IV Programa de Navidad desde la Plaza de Espa\u00f1a de Lorca - AREA LORCA RADIO","robots":{"index":"index","follow":"follow","max-snippet":"max-snippet:-1","max-image-preview":"max-image-preview:large","max-video-preview":"max-video-preview:-1"},"canonical":"https:\/\/arealorcaradio.es\/index.php\/2024\/12\/23\/area-lorca-radio-realiza-su-iv-programa-de-navidad-desde-la-plaza-de-espana-de-lorca\/","og_locale":"es_ES","og_type":"article","og_title":"\u00c1rea Lorca Radio realiza su IV Programa de Navidad desde la Plaza de Espa\u00f1a de Lorca - AREA LORCA RADIO","og_description":"\u00c1REA LORCA RADIO. Escucha aqu\u00ed el especial de Navidad de \u00c1rea Lorca Radio realizado en esta ocasi\u00f3n desde la Plaza de Espa\u00f1a de Lorca. Por el programa han pasado casi la treintena de ni\u00f1os y ni\u00f1as que forman el Coro del Colegio Alfonso X El Sabio con su profesor Lucas S\u00e1nchez Pallares a la cabeza. [&hellip;]","og_url":"https:\/\/arealorcaradio.es\/index.php\/2024\/12\/23\/area-lorca-radio-realiza-su-iv-programa-de-navidad-desde-la-plaza-de-espana-de-lorca\/","og_site_name":"AREA LORCA RADIO","article_published_time":"2024-12-23T18:07:05+00:00","og_image":[{"width":2040,"height":1530,"url":"https:\/\/arealorcaradio.es\/wp-content\/uploads\/2024\/12\/IMG-20241223-WA0045.jpg","type":"image\/jpeg"}],"author":"Paco S\u00e1nchez","twitter_card":"summary_large_image","twitter_misc":{"Escrito por":"Paco S\u00e1nchez","Tiempo de lectura":"4 minutos"},"schema":{"@context":"https:\/\/schema.org","@graph":[{"@type":"Article","@id":"https:\/\/arealorcaradio.es\/index.php\/2024\/12\/23\/area-lorca-radio-realiza-su-iv-programa-de-navidad-desde-la-plaza-de-espana-de-lorca\/#article","isPartOf":{"@id":"https:\/\/arealorcaradio.es\/index.php\/2024\/12\/23\/area-lorca-radio-realiza-su-iv-programa-de-navidad-desde-la-plaza-de-espana-de-lorca\/"},"author":{"name":"Paco S\u00e1nchez","@id":"https:\/\/arealorcaradio.es\/#\/schema\/person\/9fae605fc25b0f2c83c1ab207139bd27"},"headline":"\u00c1rea Lorca Radio realiza su IV Programa de Navidad desde la Plaza de Espa\u00f1a de Lorca","datePublished":"2024-12-23T18:07:05+00:00","mainEntityOfPage":{"@id":"https:\/\/arealorcaradio.es\/index.php\/2024\/12\/23\/area-lorca-radio-realiza-su-iv-programa-de-navidad-desde-la-plaza-de-espana-de-lorca\/"},"wordCount":191,"commentCount":0,"image":{"@id":"https:\/\/arealorcaradio.es\/index.php\/2024\/12\/23\/area-lorca-radio-realiza-su-iv-programa-de-navidad-desde-la-plaza-de-espana-de-lorca\/#primaryimage"},"thumbnailUrl":"https:\/\/arealorcaradio.es\/wp-content\/uploads\/2024\/12\/IMG-20241223-WA0045.jpg","articleSection":["ACTUALIDAD","LORCA"],"inLanguage":"es","potentialAction":[{"@type":"CommentAction","name":"Comment","target":["https:\/\/arealorcaradio.es\/index.php\/2024\/12\/23\/area-lorca-radio-realiza-su-iv-programa-de-navidad-desde-la-plaza-de-espana-de-lorca\/#respond"]}]},{"@type":"WebPage","@id":"https:\/\/arealorcaradio.es\/index.php\/2024\/12\/23\/area-lorca-radio-realiza-su-iv-programa-de-navidad-desde-la-plaza-de-espana-de-lorca\/","url":"https:\/\/arealorcaradio.es\/index.php\/2024\/12\/23\/area-lorca-radio-realiza-su-iv-programa-de-navidad-desde-la-plaza-de-espana-de-lorca\/","name":"\u00c1rea Lorca Radio realiza su IV Programa de Navidad desde la Plaza de Espa\u00f1a de Lorca - AREA LORCA RADIO","isPartOf":{"@id":"https:\/\/arealorcaradio.es\/#website"},"primaryImageOfPage":{"@id":"https:\/\/arealorcaradio.es\/index.php\/2024\/12\/23\/area-lorca-radio-realiza-su-iv-programa-de-navidad-desde-la-plaza-de-espana-de-lorca\/#primaryimage"},"image":{"@id":"https:\/\/arealorcaradio.es\/index.php\/2024\/12\/23\/area-lorca-radio-realiza-su-iv-programa-de-navidad-desde-la-plaza-de-espana-de-lorca\/#primaryimage"},"thumbnailUrl":"https:\/\/arealorcaradio.es\/wp-content\/uploads\/2024\/12\/IMG-20241223-WA0045.jpg","datePublished":"2024-12-23T18:07:05+00:00","author":{"@id":"https:\/\/arealorcaradio.es\/#\/schema\/person\/9fae605fc25b0f2c83c1ab207139bd27"},"breadcrumb":{"@id":"https:\/\/arealorcaradio.es\/index.php\/2024\/12\/23\/area-lorca-radio-realiza-su-iv-programa-de-navidad-desde-la-plaza-de-espana-de-lorca\/#breadcrumb"},"inLanguage":"es","potentialAction":[{"@type":"ReadAction","target":["https:\/\/arealorcaradio.es\/index.php\/2024\/12\/23\/area-lorca-radio-realiza-su-iv-programa-de-navidad-desde-la-plaza-de-espana-de-lorca\/"]}]},{"@type":"ImageObject","inLanguage":"es","@id":"https:\/\/arealorcaradio.es\/index.php\/2024\/12\/23\/area-lorca-radio-realiza-su-iv-programa-de-navidad-desde-la-plaza-de-espana-de-lorca\/#primaryimage","url":"https:\/\/arealorcaradio.es\/wp-content\/uploads\/2024\/12\/IMG-20241223-WA0045.jpg","contentUrl":"https:\/\/arealorcaradio.es\/wp-content\/uploads\/2024\/12\/IMG-20241223-WA0045.jpg","width":2040,"height":1530},{"@type":"BreadcrumbList","@id":"https:\/\/arealorcaradio.es\/index.php\/2024\/12\/23\/area-lorca-radio-realiza-su-iv-programa-de-navidad-desde-la-plaza-de-espana-de-lorca\/#breadcrumb","itemListElement":[{"@type":"ListItem","position":1,"name":"Portada","item":"https:\/\/arealorcaradio.es\/"},{"@type":"ListItem","position":2,"name":"\u00c1rea Lorca Radio realiza su IV Programa de Navidad desde la Plaza de Espa\u00f1a de Lorca"}]},{"@type":"WebSite","@id":"https:\/\/arealorcaradio.es\/#website","url":"https:\/\/arealorcaradio.es\/","name":"AREA LORCA RADIO","description":"Descubre la programaci\u00f3n actual en \u00c1rea Lorca Radio, tu fuente de entrenamiento y noticias locales. Sintoniza ahora y mantente conectado online.","potentialAction":[{"@type":"SearchAction","target":{"@type":"EntryPoint","urlTemplate":"https:\/\/arealorcaradio.es\/?s={search_term_string}"},"query-input":{"@type":"PropertyValueSpecification","valueRequired":true,"valueName":"search_term_string"}}],"inLanguage":"es"},{"@type":"Person","@id":"https:\/\/arealorcaradio.es\/#\/schema\/person\/9fae605fc25b0f2c83c1ab207139bd27","name":"Paco S\u00e1nchez","image":{"@type":"ImageObject","inLanguage":"es","@id":"https:\/\/secure.gravatar.com\/avatar\/d67144e966420fb74aa84c9f2a0103be4724fd14db52b52d3b6bca749f257e79?s=96&d=mm&r=g","url":"https:\/\/secure.gravatar.com\/avatar\/d67144e966420fb74aa84c9f2a0103be4724fd14db52b52d3b6bca749f257e79?s=96&d=mm&r=g","contentUrl":"https:\/\/secure.gravatar.com\/avatar\/d67144e966420fb74aa84c9f2a0103be4724fd14db52b52d3b6bca749f257e79?s=96&d=mm&r=g","caption":"Paco S\u00e1nchez"},"sameAs":["https:\/\/arealorcaradio.es"],"url":"https:\/\/arealorcaradio.es\/index.php\/author\/admin_alorcaradio\/"}]}},"_links":{"self":[{"href":"https:\/\/arealorcaradio.es\/index.php\/wp-json\/wp\/v2\/posts\/5068","targetHints":{"allow":["GET"]}}],"collection":[{"href":"https:\/\/arealorcaradio.es\/index.php\/wp-json\/wp\/v2\/posts"}],"about":[{"href":"https:\/\/arealorcaradio.es\/index.php\/wp-json\/wp\/v2\/types\/post"}],"author":[{"embeddable":true,"href":"https:\/\/arealorcaradio.es\/index.php\/wp-json\/wp\/v2\/users\/1"}],"replies":[{"embeddable":true,"href":"https:\/\/arealorcaradio.es\/index.php\/wp-json\/wp\/v2\/comments?post=5068"}],"version-history":[{"count":3,"href":"https:\/\/arealorcaradio.es\/index.php\/wp-json\/wp\/v2\/posts\/5068\/revisions"}],"predecessor-version":[{"id":5086,"href":"https:\/\/arealorcaradio.es\/index.php\/wp-json\/wp\/v2\/posts\/5068\/revisions\/5086"}],"wp:featuredmedia":[{"embeddable":true,"href":"https:\/\/arealorcaradio.es\/index.php\/wp-json\/wp\/v2\/media\/5069"}],"wp:attachment":[{"href":"https:\/\/arealorcaradio.es\/index.php\/wp-json\/wp\/v2\/media?parent=5068"}],"wp:term":[{"taxonomy":"category","embeddable":true,"href":"https:\/\/arealorcaradio.es\/index.php\/wp-json\/wp\/v2\/categories?post=5068"},{"taxonomy":"post_tag","embeddable":true,"href":"https:\/\/arealorcaradio.es\/index.php\/wp-json\/wp\/v2\/tags?post=5068"}],"curies":[{"name":"wp","href":"https:\/\/api.w.org\/{rel}","templated":true}]}}