{"id":5058,"date":"2024-12-20T17:30:01","date_gmt":"2024-12-20T17:30:01","guid":{"rendered":"https:\/\/arealorcaradio.es\/?p=5058"},"modified":"2024-12-20T17:30:01","modified_gmt":"2024-12-20T17:30:01","slug":"lorca-celebra-sus-segundas-pascuas-deportivas-con-diferentes-eventos-y-una-fiesta-de-fin-de-ano-con-hinchables-y-tirolina","status":"publish","type":"post","link":"https:\/\/arealorcaradio.es\/index.php\/2024\/12\/20\/lorca-celebra-sus-segundas-pascuas-deportivas-con-diferentes-eventos-y-una-fiesta-de-fin-de-ano-con-hinchables-y-tirolina\/","title":{"rendered":"Lorca celebra sus segundas &#8216;Pascuas Deportivas&#8217; con diferentes eventos y una fiesta de fin de a\u00f1o con hinchables y tirolina"},"content":{"rendered":"<p>\u00c1REA LORCA RADIO.<\/p>\n<p class=\"v1MsoNormal\"><b>Lorca, 20 de diciembre de 2024.\u00a0<\/b>Vuelven las &#8216;Pascuas Deportivas&#8217; a Lorca con torneos y eventos de diferentes disciplinas, la esperada San Silvestre y una fiesta previa de fin de a\u00f1o que tendr\u00e1 lugar la ma\u00f1ana del 31 de diciembre en la Alameda de las Columnas, de 10 a 14 horas, y que incluye partidos amistosos de f\u00fatbol y multideporte en canchas hinchables, as\u00ed como la posibilidad de lanzarse por una gran tirolina de quince metros. El concejal de Deportes, Juan Miguel Bayonas, ha presentado hoy esta actividad que tiene como objetivo \u00abampliar la noci\u00f3n de jornada deportiva que desde hace a\u00f1os aporta la San Silvestre a la ciudad coincidiendo con el \u00faltimo d\u00eda del a\u00f1o. Por ser los menores los primeros que participar\u00e1n en la carrera, a las cuatro de la tarde, creemos que puede ser muy divertido para ellos que desde primera hora de la ma\u00f1ana puedan disfrutar de la actividad f\u00edsica con sus amigos y as\u00ed cerrar el a\u00f1o de la forma m\u00e1s saludable\u00bb.<\/p>\n<p class=\"v1MsoNormal\"><img loading=\"lazy\" decoding=\"async\" class=\"alignnone size-medium wp-image-5061\" src=\"https:\/\/arealorcaradio.es\/wp-content\/uploads\/2024\/12\/Cartel-Pascuas-Deportivas_page-0001-212x300.jpg\" alt=\"\" width=\"212\" height=\"300\" srcset=\"https:\/\/arealorcaradio.es\/wp-content\/uploads\/2024\/12\/Cartel-Pascuas-Deportivas_page-0001-212x300.jpg 212w, https:\/\/arealorcaradio.es\/wp-content\/uploads\/2024\/12\/Cartel-Pascuas-Deportivas_page-0001-724x1024.jpg 724w, https:\/\/arealorcaradio.es\/wp-content\/uploads\/2024\/12\/Cartel-Pascuas-Deportivas_page-0001-768x1086.jpg 768w, https:\/\/arealorcaradio.es\/wp-content\/uploads\/2024\/12\/Cartel-Pascuas-Deportivas_page-0001-1086x1536.jpg 1086w, https:\/\/arealorcaradio.es\/wp-content\/uploads\/2024\/12\/Cartel-Pascuas-Deportivas_page-0001.jpg 1241w\" sizes=\"auto, (max-width: 212px) 100vw, 212px\" \/><\/p>\n<p class=\"v1MsoNormal\">Tres estructuras hinchables, dos de f\u00fatbol y una de multideporte, acoger\u00e1n a los menores que se acerquen a pasar el d\u00eda de Nochevieja en Las Alamedas. \u00abDesde la Concejal\u00eda de Deportes se ha avisado a todos los clubes de f\u00fatbol de la ciudad para que los ni\u00f1os y ni\u00f1as de categor\u00edas prebenjam\u00edn, benjam\u00edn y alev\u00edn participen en los partidos amistosos que una vez all\u00ed organizar\u00e1n los monitores a cargo de las pruebas\u00bb, ha a\u00f1adido Bayonas.<\/p>\n<p class=\"v1MsoNormal\">La tirolina, que ya el a\u00f1o pasado tuvo mucha aceptaci\u00f3n, estar\u00e1 de nuevo en esta segunda edici\u00f3n de las Pascuas Deportivas que este a\u00f1o trae como novedad un torneo de baloncesto 3&#215;3 que tendr\u00e1 lugar el pr\u00f3ximo 26 de diciembre en el Complejo Deportivo Felipe VI y que tambi\u00e9n ha sido presentado esta ma\u00f1ana por parte del responsable municipal de Deportes junto al promotor de la prueba, Sergio Salesa.<\/p>\n<p class=\"v1MsoNormal\"><img loading=\"lazy\" decoding=\"async\" class=\"alignnone size-medium wp-image-5059\" src=\"https:\/\/arealorcaradio.es\/wp-content\/uploads\/2024\/12\/20241220_122732-300x225.jpg\" alt=\"\" width=\"300\" height=\"225\" srcset=\"https:\/\/arealorcaradio.es\/wp-content\/uploads\/2024\/12\/20241220_122732-300x225.jpg 300w, https:\/\/arealorcaradio.es\/wp-content\/uploads\/2024\/12\/20241220_122732-1024x768.jpg 1024w, https:\/\/arealorcaradio.es\/wp-content\/uploads\/2024\/12\/20241220_122732-768x576.jpg 768w, https:\/\/arealorcaradio.es\/wp-content\/uploads\/2024\/12\/20241220_122732-1536x1152.jpg 1536w, https:\/\/arealorcaradio.es\/wp-content\/uploads\/2024\/12\/20241220_122732-2048x1536.jpg 2048w, https:\/\/arealorcaradio.es\/wp-content\/uploads\/2024\/12\/20241220_122732-86x64.jpg 86w\" sizes=\"auto, (max-width: 300px) 100vw, 300px\" \/><\/p>\n<p class=\"v1MsoNormal\">El &#8216;I Torneo Ciudad de Lorca Basket 3&#215;3&#8217;, organizado por el club Lorca Basket, contar\u00e1 con la presencia de equipos como el Valencia Basket y representaci\u00f3n lorquina de jugadores profesionales de baloncesto 3&#215;3 como Juanma Robles (componente de Valencia Basket que disputa la liga nacional absoluta y que forma parte del equipo t\u00e9cnico de la Federaci\u00f3n Espa\u00f1ola de Baloncesto 3&#215;3); y Antonio Jos\u00e9 Morales (Jugador profesional de baloncesto 5&#215;5, actualmente en Ponferrada compitiendo en Segunda FEB y que fue pionero en el 3&#215;3 al ser componente de la primera Selecci\u00f3n Espa\u00f1ola junior que compiti\u00f3 en un Mundial 3&#215;3 en Malasia 2015).<\/p>\n<p class=\"v1MsoNormal\">El organizador y entrenador de baloncesto, Sergio Salesa, ha apuntado durante la presentaci\u00f3n que \u00abya tocaba organizar eventos de este tipo en nuestra ciudad, este torneo que reunir\u00e1 a estudiantes atletas de nivel nacional es una gran exposici\u00f3n para presentar el club en sociedad y una oportunidad de que todos los chicos y chicas de Lorca vean esta modalidad ol\u00edmpica del baloncesto. Quiero agradecer a todos los patrocinadores que han hecho posible que este evento se pueda realizar en Lorca y a los deportistas que dedicaran un d\u00eda de sus vacaciones navide\u00f1as para visitar nuestra ciudad, competir y disfrutar del baloncesto 3&#215;3\u00bb.<\/p>\n<p>Escucha aqu\u00ed las declaraciones de Sergio Salesa en el programa \u00c1rea Lorca Deportes.<\/p>\n<audio class=\"wp-audio-shortcode\" id=\"audio-5058-1\" preload=\"none\" style=\"width: 100%;\" controls=\"controls\"><source type=\"audio\/mpeg\" src=\"https:\/\/arealorcaradio.es\/wp-content\/uploads\/2024\/12\/201224-SERGIO-SALESA.-BASKET-3X3.mp3?_=1\" \/><a href=\"https:\/\/arealorcaradio.es\/wp-content\/uploads\/2024\/12\/201224-SERGIO-SALESA.-BASKET-3X3.mp3\">https:\/\/arealorcaradio.es\/wp-content\/uploads\/2024\/12\/201224-SERGIO-SALESA.-BASKET-3X3.mp3<\/a><\/audio>\n<p class=\"v1MsoNormal\">La II edici\u00f3n de las Pascuas Deportivas incluyen adem\u00e1s el XIII Festival Internacional de Ajedrez &#8216;Ciudad de Lorca&#8217; que se desarrollar\u00e1 entre los d\u00edas 26 y 30 de diciembre; un campus de tecnificaci\u00f3n de f\u00fatbol del 26 al 28 de diciembre; la \u00abpat\u00edn quedada\u00bb navide\u00f1a el 26 de diciembre; la San Silvestre el 31 de diciembre; y el Torneo de Reyes de F\u00fatbol Base.<\/p>\n","protected":false},"excerpt":{"rendered":"<p>\u00c1REA LORCA RADIO. Lorca, 20 de diciembre de 2024.\u00a0Vuelven las &#8216;Pascuas Deportivas&#8217; a Lorca con torneos y eventos de diferentes disciplinas, la esperada San Silvestre y una fiesta previa de fin de a\u00f1o que tendr\u00e1 lugar la ma\u00f1ana del 31 de diciembre en la Alameda de las Columnas, de 10 a 14 horas, y que [&hellip;]<\/p>\n","protected":false},"author":1,"featured_media":5065,"comment_status":"open","ping_status":"open","sticky":false,"template":"","format":"standard","meta":{"iawp_total_views":19,"footnotes":""},"categories":[4,7],"tags":[],"class_list":["post-5058","post","type-post","status-publish","format-standard","has-post-thumbnail","hentry","category-deportes","category-lorca"],"yoast_head":"<!-- This site is optimized with the Yoast SEO plugin v27.5 - https:\/\/yoast.com\/product\/yoast-seo-wordpress\/ -->\n<title>Lorca celebra sus segundas &#039;Pascuas Deportivas&#039; con diferentes eventos y una fiesta de fin de a\u00f1o con hinchables y tirolina - AREA LORCA RADIO<\/title>\n<meta name=\"robots\" content=\"index, follow, max-snippet:-1, max-image-preview:large, max-video-preview:-1\" \/>\n<link rel=\"canonical\" href=\"https:\/\/arealorcaradio.es\/index.php\/2024\/12\/20\/lorca-celebra-sus-segundas-pascuas-deportivas-con-diferentes-eventos-y-una-fiesta-de-fin-de-ano-con-hinchables-y-tirolina\/\" \/>\n<meta property=\"og:locale\" content=\"es_ES\" \/>\n<meta property=\"og:type\" content=\"article\" \/>\n<meta property=\"og:title\" content=\"Lorca celebra sus segundas &#039;Pascuas Deportivas&#039; con diferentes eventos y una fiesta de fin de a\u00f1o con hinchables y tirolina - AREA LORCA RADIO\" \/>\n<meta property=\"og:description\" content=\"\u00c1REA LORCA RADIO. Lorca, 20 de diciembre de 2024.\u00a0Vuelven las &#8216;Pascuas Deportivas&#8217; a Lorca con torneos y eventos de diferentes disciplinas, la esperada San Silvestre y una fiesta previa de fin de a\u00f1o que tendr\u00e1 lugar la ma\u00f1ana del 31 de diciembre en la Alameda de las Columnas, de 10 a 14 horas, y que [&hellip;]\" \/>\n<meta property=\"og:url\" content=\"https:\/\/arealorcaradio.es\/index.php\/2024\/12\/20\/lorca-celebra-sus-segundas-pascuas-deportivas-con-diferentes-eventos-y-una-fiesta-de-fin-de-ano-con-hinchables-y-tirolina\/\" \/>\n<meta property=\"og:site_name\" content=\"AREA LORCA RADIO\" \/>\n<meta property=\"article:published_time\" content=\"2024-12-20T17:30:01+00:00\" \/>\n<meta property=\"og:image\" content=\"https:\/\/arealorcaradio.es\/wp-content\/uploads\/2024\/12\/WhatsApp-Image-2024-12-20-at-18.26.01.jpeg\" \/>\n\t<meta property=\"og:image:width\" content=\"1240\" \/>\n\t<meta property=\"og:image:height\" content=\"1250\" \/>\n\t<meta property=\"og:image:type\" content=\"image\/jpeg\" \/>\n<meta name=\"author\" content=\"Paco S\u00e1nchez\" \/>\n<meta name=\"twitter:card\" content=\"summary_large_image\" \/>\n<meta name=\"twitter:label1\" content=\"Escrito por\" \/>\n\t<meta name=\"twitter:data1\" content=\"Paco S\u00e1nchez\" \/>\n\t<meta name=\"twitter:label2\" content=\"Tiempo de lectura\" \/>\n\t<meta name=\"twitter:data2\" content=\"4 minutos\" \/>\n<script type=\"application\/ld+json\" class=\"yoast-schema-graph\">{\"@context\":\"https:\\\/\\\/schema.org\",\"@graph\":[{\"@type\":\"Article\",\"@id\":\"https:\\\/\\\/arealorcaradio.es\\\/index.php\\\/2024\\\/12\\\/20\\\/lorca-celebra-sus-segundas-pascuas-deportivas-con-diferentes-eventos-y-una-fiesta-de-fin-de-ano-con-hinchables-y-tirolina\\\/#article\",\"isPartOf\":{\"@id\":\"https:\\\/\\\/arealorcaradio.es\\\/index.php\\\/2024\\\/12\\\/20\\\/lorca-celebra-sus-segundas-pascuas-deportivas-con-diferentes-eventos-y-una-fiesta-de-fin-de-ano-con-hinchables-y-tirolina\\\/\"},\"author\":{\"name\":\"Paco S\u00e1nchez\",\"@id\":\"https:\\\/\\\/arealorcaradio.es\\\/#\\\/schema\\\/person\\\/9fae605fc25b0f2c83c1ab207139bd27\"},\"headline\":\"Lorca celebra sus segundas &#8216;Pascuas Deportivas&#8217; con diferentes eventos y una fiesta de fin de a\u00f1o con hinchables y tirolina\",\"datePublished\":\"2024-12-20T17:30:01+00:00\",\"mainEntityOfPage\":{\"@id\":\"https:\\\/\\\/arealorcaradio.es\\\/index.php\\\/2024\\\/12\\\/20\\\/lorca-celebra-sus-segundas-pascuas-deportivas-con-diferentes-eventos-y-una-fiesta-de-fin-de-ano-con-hinchables-y-tirolina\\\/\"},\"wordCount\":665,\"commentCount\":0,\"image\":{\"@id\":\"https:\\\/\\\/arealorcaradio.es\\\/index.php\\\/2024\\\/12\\\/20\\\/lorca-celebra-sus-segundas-pascuas-deportivas-con-diferentes-eventos-y-una-fiesta-de-fin-de-ano-con-hinchables-y-tirolina\\\/#primaryimage\"},\"thumbnailUrl\":\"https:\\\/\\\/arealorcaradio.es\\\/wp-content\\\/uploads\\\/2024\\\/12\\\/WhatsApp-Image-2024-12-20-at-18.26.01.jpeg\",\"articleSection\":[\"DEPORTES\",\"LORCA\"],\"inLanguage\":\"es\",\"potentialAction\":[{\"@type\":\"CommentAction\",\"name\":\"Comment\",\"target\":[\"https:\\\/\\\/arealorcaradio.es\\\/index.php\\\/2024\\\/12\\\/20\\\/lorca-celebra-sus-segundas-pascuas-deportivas-con-diferentes-eventos-y-una-fiesta-de-fin-de-ano-con-hinchables-y-tirolina\\\/#respond\"]}]},{\"@type\":\"WebPage\",\"@id\":\"https:\\\/\\\/arealorcaradio.es\\\/index.php\\\/2024\\\/12\\\/20\\\/lorca-celebra-sus-segundas-pascuas-deportivas-con-diferentes-eventos-y-una-fiesta-de-fin-de-ano-con-hinchables-y-tirolina\\\/\",\"url\":\"https:\\\/\\\/arealorcaradio.es\\\/index.php\\\/2024\\\/12\\\/20\\\/lorca-celebra-sus-segundas-pascuas-deportivas-con-diferentes-eventos-y-una-fiesta-de-fin-de-ano-con-hinchables-y-tirolina\\\/\",\"name\":\"Lorca celebra sus segundas 'Pascuas Deportivas' con diferentes eventos y una fiesta de fin de a\u00f1o con hinchables y tirolina - AREA LORCA RADIO\",\"isPartOf\":{\"@id\":\"https:\\\/\\\/arealorcaradio.es\\\/#website\"},\"primaryImageOfPage\":{\"@id\":\"https:\\\/\\\/arealorcaradio.es\\\/index.php\\\/2024\\\/12\\\/20\\\/lorca-celebra-sus-segundas-pascuas-deportivas-con-diferentes-eventos-y-una-fiesta-de-fin-de-ano-con-hinchables-y-tirolina\\\/#primaryimage\"},\"image\":{\"@id\":\"https:\\\/\\\/arealorcaradio.es\\\/index.php\\\/2024\\\/12\\\/20\\\/lorca-celebra-sus-segundas-pascuas-deportivas-con-diferentes-eventos-y-una-fiesta-de-fin-de-ano-con-hinchables-y-tirolina\\\/#primaryimage\"},\"thumbnailUrl\":\"https:\\\/\\\/arealorcaradio.es\\\/wp-content\\\/uploads\\\/2024\\\/12\\\/WhatsApp-Image-2024-12-20-at-18.26.01.jpeg\",\"datePublished\":\"2024-12-20T17:30:01+00:00\",\"author\":{\"@id\":\"https:\\\/\\\/arealorcaradio.es\\\/#\\\/schema\\\/person\\\/9fae605fc25b0f2c83c1ab207139bd27\"},\"breadcrumb\":{\"@id\":\"https:\\\/\\\/arealorcaradio.es\\\/index.php\\\/2024\\\/12\\\/20\\\/lorca-celebra-sus-segundas-pascuas-deportivas-con-diferentes-eventos-y-una-fiesta-de-fin-de-ano-con-hinchables-y-tirolina\\\/#breadcrumb\"},\"inLanguage\":\"es\",\"potentialAction\":[{\"@type\":\"ReadAction\",\"target\":[\"https:\\\/\\\/arealorcaradio.es\\\/index.php\\\/2024\\\/12\\\/20\\\/lorca-celebra-sus-segundas-pascuas-deportivas-con-diferentes-eventos-y-una-fiesta-de-fin-de-ano-con-hinchables-y-tirolina\\\/\"]}]},{\"@type\":\"ImageObject\",\"inLanguage\":\"es\",\"@id\":\"https:\\\/\\\/arealorcaradio.es\\\/index.php\\\/2024\\\/12\\\/20\\\/lorca-celebra-sus-segundas-pascuas-deportivas-con-diferentes-eventos-y-una-fiesta-de-fin-de-ano-con-hinchables-y-tirolina\\\/#primaryimage\",\"url\":\"https:\\\/\\\/arealorcaradio.es\\\/wp-content\\\/uploads\\\/2024\\\/12\\\/WhatsApp-Image-2024-12-20-at-18.26.01.jpeg\",\"contentUrl\":\"https:\\\/\\\/arealorcaradio.es\\\/wp-content\\\/uploads\\\/2024\\\/12\\\/WhatsApp-Image-2024-12-20-at-18.26.01.jpeg\",\"width\":1240,\"height\":1250},{\"@type\":\"BreadcrumbList\",\"@id\":\"https:\\\/\\\/arealorcaradio.es\\\/index.php\\\/2024\\\/12\\\/20\\\/lorca-celebra-sus-segundas-pascuas-deportivas-con-diferentes-eventos-y-una-fiesta-de-fin-de-ano-con-hinchables-y-tirolina\\\/#breadcrumb\",\"itemListElement\":[{\"@type\":\"ListItem\",\"position\":1,\"name\":\"Portada\",\"item\":\"https:\\\/\\\/arealorcaradio.es\\\/\"},{\"@type\":\"ListItem\",\"position\":2,\"name\":\"Lorca celebra sus segundas &#8216;Pascuas Deportivas&#8217; con diferentes eventos y una fiesta de fin de a\u00f1o con hinchables y tirolina\"}]},{\"@type\":\"WebSite\",\"@id\":\"https:\\\/\\\/arealorcaradio.es\\\/#website\",\"url\":\"https:\\\/\\\/arealorcaradio.es\\\/\",\"name\":\"AREA LORCA RADIO\",\"description\":\"Descubre la programaci\u00f3n actual en \u00c1rea Lorca Radio, tu fuente de entrenamiento y noticias locales. Sintoniza ahora y mantente conectado online.\",\"potentialAction\":[{\"@type\":\"SearchAction\",\"target\":{\"@type\":\"EntryPoint\",\"urlTemplate\":\"https:\\\/\\\/arealorcaradio.es\\\/?s={search_term_string}\"},\"query-input\":{\"@type\":\"PropertyValueSpecification\",\"valueRequired\":true,\"valueName\":\"search_term_string\"}}],\"inLanguage\":\"es\"},{\"@type\":\"Person\",\"@id\":\"https:\\\/\\\/arealorcaradio.es\\\/#\\\/schema\\\/person\\\/9fae605fc25b0f2c83c1ab207139bd27\",\"name\":\"Paco S\u00e1nchez\",\"image\":{\"@type\":\"ImageObject\",\"inLanguage\":\"es\",\"@id\":\"https:\\\/\\\/secure.gravatar.com\\\/avatar\\\/d67144e966420fb74aa84c9f2a0103be4724fd14db52b52d3b6bca749f257e79?s=96&d=mm&r=g\",\"url\":\"https:\\\/\\\/secure.gravatar.com\\\/avatar\\\/d67144e966420fb74aa84c9f2a0103be4724fd14db52b52d3b6bca749f257e79?s=96&d=mm&r=g\",\"contentUrl\":\"https:\\\/\\\/secure.gravatar.com\\\/avatar\\\/d67144e966420fb74aa84c9f2a0103be4724fd14db52b52d3b6bca749f257e79?s=96&d=mm&r=g\",\"caption\":\"Paco S\u00e1nchez\"},\"sameAs\":[\"https:\\\/\\\/arealorcaradio.es\"],\"url\":\"https:\\\/\\\/arealorcaradio.es\\\/index.php\\\/author\\\/admin_alorcaradio\\\/\"}]}<\/script>\n<!-- \/ Yoast SEO plugin. -->","yoast_head_json":{"title":"Lorca celebra sus segundas 'Pascuas Deportivas' con diferentes eventos y una fiesta de fin de a\u00f1o con hinchables y tirolina - AREA LORCA RADIO","robots":{"index":"index","follow":"follow","max-snippet":"max-snippet:-1","max-image-preview":"max-image-preview:large","max-video-preview":"max-video-preview:-1"},"canonical":"https:\/\/arealorcaradio.es\/index.php\/2024\/12\/20\/lorca-celebra-sus-segundas-pascuas-deportivas-con-diferentes-eventos-y-una-fiesta-de-fin-de-ano-con-hinchables-y-tirolina\/","og_locale":"es_ES","og_type":"article","og_title":"Lorca celebra sus segundas 'Pascuas Deportivas' con diferentes eventos y una fiesta de fin de a\u00f1o con hinchables y tirolina - AREA LORCA RADIO","og_description":"\u00c1REA LORCA RADIO. Lorca, 20 de diciembre de 2024.\u00a0Vuelven las &#8216;Pascuas Deportivas&#8217; a Lorca con torneos y eventos de diferentes disciplinas, la esperada San Silvestre y una fiesta previa de fin de a\u00f1o que tendr\u00e1 lugar la ma\u00f1ana del 31 de diciembre en la Alameda de las Columnas, de 10 a 14 horas, y que [&hellip;]","og_url":"https:\/\/arealorcaradio.es\/index.php\/2024\/12\/20\/lorca-celebra-sus-segundas-pascuas-deportivas-con-diferentes-eventos-y-una-fiesta-de-fin-de-ano-con-hinchables-y-tirolina\/","og_site_name":"AREA LORCA RADIO","article_published_time":"2024-12-20T17:30:01+00:00","og_image":[{"width":1240,"height":1250,"url":"https:\/\/arealorcaradio.es\/wp-content\/uploads\/2024\/12\/WhatsApp-Image-2024-12-20-at-18.26.01.jpeg","type":"image\/jpeg"}],"author":"Paco S\u00e1nchez","twitter_card":"summary_large_image","twitter_misc":{"Escrito por":"Paco S\u00e1nchez","Tiempo de lectura":"4 minutos"},"schema":{"@context":"https:\/\/schema.org","@graph":[{"@type":"Article","@id":"https:\/\/arealorcaradio.es\/index.php\/2024\/12\/20\/lorca-celebra-sus-segundas-pascuas-deportivas-con-diferentes-eventos-y-una-fiesta-de-fin-de-ano-con-hinchables-y-tirolina\/#article","isPartOf":{"@id":"https:\/\/arealorcaradio.es\/index.php\/2024\/12\/20\/lorca-celebra-sus-segundas-pascuas-deportivas-con-diferentes-eventos-y-una-fiesta-de-fin-de-ano-con-hinchables-y-tirolina\/"},"author":{"name":"Paco S\u00e1nchez","@id":"https:\/\/arealorcaradio.es\/#\/schema\/person\/9fae605fc25b0f2c83c1ab207139bd27"},"headline":"Lorca celebra sus segundas &#8216;Pascuas Deportivas&#8217; con diferentes eventos y una fiesta de fin de a\u00f1o con hinchables y tirolina","datePublished":"2024-12-20T17:30:01+00:00","mainEntityOfPage":{"@id":"https:\/\/arealorcaradio.es\/index.php\/2024\/12\/20\/lorca-celebra-sus-segundas-pascuas-deportivas-con-diferentes-eventos-y-una-fiesta-de-fin-de-ano-con-hinchables-y-tirolina\/"},"wordCount":665,"commentCount":0,"image":{"@id":"https:\/\/arealorcaradio.es\/index.php\/2024\/12\/20\/lorca-celebra-sus-segundas-pascuas-deportivas-con-diferentes-eventos-y-una-fiesta-de-fin-de-ano-con-hinchables-y-tirolina\/#primaryimage"},"thumbnailUrl":"https:\/\/arealorcaradio.es\/wp-content\/uploads\/2024\/12\/WhatsApp-Image-2024-12-20-at-18.26.01.jpeg","articleSection":["DEPORTES","LORCA"],"inLanguage":"es","potentialAction":[{"@type":"CommentAction","name":"Comment","target":["https:\/\/arealorcaradio.es\/index.php\/2024\/12\/20\/lorca-celebra-sus-segundas-pascuas-deportivas-con-diferentes-eventos-y-una-fiesta-de-fin-de-ano-con-hinchables-y-tirolina\/#respond"]}]},{"@type":"WebPage","@id":"https:\/\/arealorcaradio.es\/index.php\/2024\/12\/20\/lorca-celebra-sus-segundas-pascuas-deportivas-con-diferentes-eventos-y-una-fiesta-de-fin-de-ano-con-hinchables-y-tirolina\/","url":"https:\/\/arealorcaradio.es\/index.php\/2024\/12\/20\/lorca-celebra-sus-segundas-pascuas-deportivas-con-diferentes-eventos-y-una-fiesta-de-fin-de-ano-con-hinchables-y-tirolina\/","name":"Lorca celebra sus segundas 'Pascuas Deportivas' con diferentes eventos y una fiesta de fin de a\u00f1o con hinchables y tirolina - AREA LORCA RADIO","isPartOf":{"@id":"https:\/\/arealorcaradio.es\/#website"},"primaryImageOfPage":{"@id":"https:\/\/arealorcaradio.es\/index.php\/2024\/12\/20\/lorca-celebra-sus-segundas-pascuas-deportivas-con-diferentes-eventos-y-una-fiesta-de-fin-de-ano-con-hinchables-y-tirolina\/#primaryimage"},"image":{"@id":"https:\/\/arealorcaradio.es\/index.php\/2024\/12\/20\/lorca-celebra-sus-segundas-pascuas-deportivas-con-diferentes-eventos-y-una-fiesta-de-fin-de-ano-con-hinchables-y-tirolina\/#primaryimage"},"thumbnailUrl":"https:\/\/arealorcaradio.es\/wp-content\/uploads\/2024\/12\/WhatsApp-Image-2024-12-20-at-18.26.01.jpeg","datePublished":"2024-12-20T17:30:01+00:00","author":{"@id":"https:\/\/arealorcaradio.es\/#\/schema\/person\/9fae605fc25b0f2c83c1ab207139bd27"},"breadcrumb":{"@id":"https:\/\/arealorcaradio.es\/index.php\/2024\/12\/20\/lorca-celebra-sus-segundas-pascuas-deportivas-con-diferentes-eventos-y-una-fiesta-de-fin-de-ano-con-hinchables-y-tirolina\/#breadcrumb"},"inLanguage":"es","potentialAction":[{"@type":"ReadAction","target":["https:\/\/arealorcaradio.es\/index.php\/2024\/12\/20\/lorca-celebra-sus-segundas-pascuas-deportivas-con-diferentes-eventos-y-una-fiesta-de-fin-de-ano-con-hinchables-y-tirolina\/"]}]},{"@type":"ImageObject","inLanguage":"es","@id":"https:\/\/arealorcaradio.es\/index.php\/2024\/12\/20\/lorca-celebra-sus-segundas-pascuas-deportivas-con-diferentes-eventos-y-una-fiesta-de-fin-de-ano-con-hinchables-y-tirolina\/#primaryimage","url":"https:\/\/arealorcaradio.es\/wp-content\/uploads\/2024\/12\/WhatsApp-Image-2024-12-20-at-18.26.01.jpeg","contentUrl":"https:\/\/arealorcaradio.es\/wp-content\/uploads\/2024\/12\/WhatsApp-Image-2024-12-20-at-18.26.01.jpeg","width":1240,"height":1250},{"@type":"BreadcrumbList","@id":"https:\/\/arealorcaradio.es\/index.php\/2024\/12\/20\/lorca-celebra-sus-segundas-pascuas-deportivas-con-diferentes-eventos-y-una-fiesta-de-fin-de-ano-con-hinchables-y-tirolina\/#breadcrumb","itemListElement":[{"@type":"ListItem","position":1,"name":"Portada","item":"https:\/\/arealorcaradio.es\/"},{"@type":"ListItem","position":2,"name":"Lorca celebra sus segundas &#8216;Pascuas Deportivas&#8217; con diferentes eventos y una fiesta de fin de a\u00f1o con hinchables y tirolina"}]},{"@type":"WebSite","@id":"https:\/\/arealorcaradio.es\/#website","url":"https:\/\/arealorcaradio.es\/","name":"AREA LORCA RADIO","description":"Descubre la programaci\u00f3n actual en \u00c1rea Lorca Radio, tu fuente de entrenamiento y noticias locales. Sintoniza ahora y mantente conectado online.","potentialAction":[{"@type":"SearchAction","target":{"@type":"EntryPoint","urlTemplate":"https:\/\/arealorcaradio.es\/?s={search_term_string}"},"query-input":{"@type":"PropertyValueSpecification","valueRequired":true,"valueName":"search_term_string"}}],"inLanguage":"es"},{"@type":"Person","@id":"https:\/\/arealorcaradio.es\/#\/schema\/person\/9fae605fc25b0f2c83c1ab207139bd27","name":"Paco S\u00e1nchez","image":{"@type":"ImageObject","inLanguage":"es","@id":"https:\/\/secure.gravatar.com\/avatar\/d67144e966420fb74aa84c9f2a0103be4724fd14db52b52d3b6bca749f257e79?s=96&d=mm&r=g","url":"https:\/\/secure.gravatar.com\/avatar\/d67144e966420fb74aa84c9f2a0103be4724fd14db52b52d3b6bca749f257e79?s=96&d=mm&r=g","contentUrl":"https:\/\/secure.gravatar.com\/avatar\/d67144e966420fb74aa84c9f2a0103be4724fd14db52b52d3b6bca749f257e79?s=96&d=mm&r=g","caption":"Paco S\u00e1nchez"},"sameAs":["https:\/\/arealorcaradio.es"],"url":"https:\/\/arealorcaradio.es\/index.php\/author\/admin_alorcaradio\/"}]}},"_links":{"self":[{"href":"https:\/\/arealorcaradio.es\/index.php\/wp-json\/wp\/v2\/posts\/5058","targetHints":{"allow":["GET"]}}],"collection":[{"href":"https:\/\/arealorcaradio.es\/index.php\/wp-json\/wp\/v2\/posts"}],"about":[{"href":"https:\/\/arealorcaradio.es\/index.php\/wp-json\/wp\/v2\/types\/post"}],"author":[{"embeddable":true,"href":"https:\/\/arealorcaradio.es\/index.php\/wp-json\/wp\/v2\/users\/1"}],"replies":[{"embeddable":true,"href":"https:\/\/arealorcaradio.es\/index.php\/wp-json\/wp\/v2\/comments?post=5058"}],"version-history":[{"count":2,"href":"https:\/\/arealorcaradio.es\/index.php\/wp-json\/wp\/v2\/posts\/5058\/revisions"}],"predecessor-version":[{"id":5067,"href":"https:\/\/arealorcaradio.es\/index.php\/wp-json\/wp\/v2\/posts\/5058\/revisions\/5067"}],"wp:featuredmedia":[{"embeddable":true,"href":"https:\/\/arealorcaradio.es\/index.php\/wp-json\/wp\/v2\/media\/5065"}],"wp:attachment":[{"href":"https:\/\/arealorcaradio.es\/index.php\/wp-json\/wp\/v2\/media?parent=5058"}],"wp:term":[{"taxonomy":"category","embeddable":true,"href":"https:\/\/arealorcaradio.es\/index.php\/wp-json\/wp\/v2\/categories?post=5058"},{"taxonomy":"post_tag","embeddable":true,"href":"https:\/\/arealorcaradio.es\/index.php\/wp-json\/wp\/v2\/tags?post=5058"}],"curies":[{"name":"wp","href":"https:\/\/api.w.org\/{rel}","templated":true}]}}