{"id":5042,"date":"2024-12-19T17:25:43","date_gmt":"2024-12-19T17:25:43","guid":{"rendered":"https:\/\/arealorcaradio.es\/?p=5042"},"modified":"2024-12-19T17:25:43","modified_gmt":"2024-12-19T17:25:43","slug":"el-ayuntamiento-de-lorca-solicitara-al-ministerio-de-justicia-que-devuelva-la-propiedad-del-actual-edificio-de-los-juzgados-frente-a-la-fachada-de-la-colegiata-de-san-patricio","status":"publish","type":"post","link":"https:\/\/arealorcaradio.es\/index.php\/2024\/12\/19\/el-ayuntamiento-de-lorca-solicitara-al-ministerio-de-justicia-que-devuelva-la-propiedad-del-actual-edificio-de-los-juzgados-frente-a-la-fachada-de-la-colegiata-de-san-patricio\/","title":{"rendered":"El Ayuntamiento de Lorca solicitar\u00e1 al Ministerio de Justicia que devuelva la propiedad del actual edificio de los juzgados frente a la fachada de la colegiata de San Patricio"},"content":{"rendered":"<p><strong>\u00c1REA LORCA RADIO. <\/strong><\/p>\n<p><strong>Lorca<\/strong> <b>19 de diciembre de 2024<\/b>. El alcalde de Lorca, Fulgencio Gil, ha informado en el tradicional desayuno navide\u00f1o con los medios de comunicaci\u00f3n, que el Ayuntamiento va a emprender a la mayor brevedad posible los tr\u00e1mites tendentes a solicitar al Ministerio de Justicia que devuelva de forma gratuita la propiedad del inmueble que actualmente ocupan los juzgados de Primera Instancia e Instrucci\u00f3n n\u00fameros 1, 2 y 3, frente a la fachada de la colegiata de San Patricio.<\/p>\n<p class=\"v1MsoNormal\">El alcalde ha manifestado que \u00abentendemos que no debe haber problema para que la reversi\u00f3n de la propiedad, ubicada en el n\u00famero 6 de la calle Corregidor, puesto que este inmueble fue cedido gratuitamente por el pueblo de Lorca al Ministerio hace justo 50 a\u00f1os, por lo que lo ha podido disfrutar m\u00e1s de medio siglo sin haber tenido que desembolsar nada por su adquisici\u00f3n. Por tanto, resulta m\u00e1s que evidente que se trata de un \u00faltimo acto de \u00abjusticia\u00bb, valga la expresi\u00f3n, por parte del Ministerio. Una vez que deje de prestar su actual funci\u00f3n como sede de los juzgados, entendemos que tiene que ser devuelto a los lorquinos. Hemos de tener en cuenta, adem\u00e1s, que precisamente los lorquinos venimos sufriendo un retraso muy perjudicial en la construcci\u00f3n y puesta en marcha del ansiado Palacio de Justicia, a\u00fan en obras y sin fecha concreta de entrada en funcionamiento en el solar que tambi\u00e9n el Ayuntamiento de nuestra ciudad ha cedido de forma gratuita al Ministerio en una privilegiada parcela municipal enmarcada entre las calles Selgas, Galdo, Paradores y Palmera de Uceta.<\/p>\n<p class=\"v1MsoNormal\">Fulgencio Gil ha adelantado, en este sentido, que conf\u00eda en la comprensi\u00f3n y sensibilidad del Ministerio de cara a la materializaci\u00f3n de este proceso de reversi\u00f3n de propiedad, que permitir\u00eda dar continuidad a los proyectos en marcha para estimular la actividad social, econ\u00f3mica y residencial en el caso hist\u00f3rico, sum\u00e1ndose a los planes de construcci\u00f3n de viviendas por parte de la empresa municipal Suvilor, la obtenci\u00f3n de propiedades en estado de abandonos y degradaci\u00f3n, el ambicioso plan para recuperar el edificio de la antigua c\u00e1rcel y los dep\u00f3sitos de agua abandonados en sus inmediaciones, y otras tantas iniciativas.<\/p>\n<audio class=\"wp-audio-shortcode\" id=\"audio-5042-1\" preload=\"none\" style=\"width: 100%;\" controls=\"controls\"><source type=\"audio\/mpeg\" src=\"https:\/\/arealorcaradio.es\/wp-content\/uploads\/2024\/12\/191224-PENCHO-EDIFICIO-JUZGADOS.mp3?_=1\" \/><a href=\"https:\/\/arealorcaradio.es\/wp-content\/uploads\/2024\/12\/191224-PENCHO-EDIFICIO-JUZGADOS.mp3\">https:\/\/arealorcaradio.es\/wp-content\/uploads\/2024\/12\/191224-PENCHO-EDIFICIO-JUZGADOS.mp3<\/a><\/audio>\n<p class=\"v1MsoNormal\">Cabe recordar que el Ayuntamiento de Lorca ced\u00eda gratuitamente al Ministerio de Justicia la propiedad del actual edificio de los juzgados a comienzos de 1975. Lo hac\u00eda \u00abcon destino a la construcci\u00f3n de un Palacio de Justicia. Para ello, aportaba un edificio que estaba construido sobre un solar, propiedad municipal, de 450 metros cuadrados. Ese inmueble databa de principios del siglo XX, ya que el anterior fue construido en 1750 y era el situado sobre la llamada &#8216;Puerta de los Arcos&#8217;. El edificio actual, es de los a\u00f1os 80.<\/p>\n<p class=\"v1MsoNormal\">En 1975, el Ayuntamiento Pleno acord\u00f3 su cesi\u00f3n, que se llev\u00f3 a t\u00e9rmino con el condicionante de que el Ministerio de Justicia demoliese el viejo edificio y construyese otro en el solar. Y que, si as\u00ed no lo hiciera, se ejecutar\u00eda la reversi\u00f3n del inmueble al patrimonio municipal.<\/p>\n<p><strong>Desayuno del alcalde de Lorca con los medios de comunicaci\u00f3n.<\/strong><\/p>\n<p><img loading=\"lazy\" decoding=\"async\" class=\"alignnone  wp-image-5054\" src=\"https:\/\/arealorcaradio.es\/wp-content\/uploads\/2024\/12\/IMG-20241219-WA0046-300x225.jpg\" alt=\"\" width=\"267\" height=\"200\" srcset=\"https:\/\/arealorcaradio.es\/wp-content\/uploads\/2024\/12\/IMG-20241219-WA0046-300x225.jpg 300w, https:\/\/arealorcaradio.es\/wp-content\/uploads\/2024\/12\/IMG-20241219-WA0046-1024x768.jpg 1024w, https:\/\/arealorcaradio.es\/wp-content\/uploads\/2024\/12\/IMG-20241219-WA0046-768x576.jpg 768w, https:\/\/arealorcaradio.es\/wp-content\/uploads\/2024\/12\/IMG-20241219-WA0046-1536x1152.jpg 1536w, https:\/\/arealorcaradio.es\/wp-content\/uploads\/2024\/12\/IMG-20241219-WA0046-86x64.jpg 86w, https:\/\/arealorcaradio.es\/wp-content\/uploads\/2024\/12\/IMG-20241219-WA0046.jpg 2048w\" sizes=\"auto, (max-width: 267px) 100vw, 267px\" \/> <img loading=\"lazy\" decoding=\"async\" class=\"alignnone  wp-image-5055\" src=\"https:\/\/arealorcaradio.es\/wp-content\/uploads\/2024\/12\/IMG-20241219-WA0002-300x200.jpg\" alt=\"\" width=\"299\" height=\"199\" srcset=\"https:\/\/arealorcaradio.es\/wp-content\/uploads\/2024\/12\/IMG-20241219-WA0002-300x200.jpg 300w, https:\/\/arealorcaradio.es\/wp-content\/uploads\/2024\/12\/IMG-20241219-WA0002-1024x682.jpg 1024w, https:\/\/arealorcaradio.es\/wp-content\/uploads\/2024\/12\/IMG-20241219-WA0002-768x512.jpg 768w, https:\/\/arealorcaradio.es\/wp-content\/uploads\/2024\/12\/IMG-20241219-WA0002-1536x1023.jpg 1536w, https:\/\/arealorcaradio.es\/wp-content\/uploads\/2024\/12\/IMG-20241219-WA0002.jpg 1600w\" sizes=\"auto, (max-width: 299px) 100vw, 299px\" \/><\/p>\n<p>Durante el tradicional desayuno navide\u00f1o con los medios de comunicaci\u00f3n que siguen la informaci\u00f3n municipal, Fulgencio Gil ha hablado de otros temas que detallamos a continuaci\u00f3n.<\/p>\n<p><strong>Situaci\u00f3n actual con su socio de gobierno VOX<\/strong><\/p>\n<audio class=\"wp-audio-shortcode\" id=\"audio-5042-2\" preload=\"none\" style=\"width: 100%;\" controls=\"controls\"><source type=\"audio\/mpeg\" src=\"https:\/\/arealorcaradio.es\/wp-content\/uploads\/2024\/12\/191224-PENCHO-BALANCE-3.mp3?_=2\" \/><a href=\"https:\/\/arealorcaradio.es\/wp-content\/uploads\/2024\/12\/191224-PENCHO-BALANCE-3.mp3\">https:\/\/arealorcaradio.es\/wp-content\/uploads\/2024\/12\/191224-PENCHO-BALANCE-3.mp3<\/a><\/audio>\n<p><strong>Cuando espera aprobar los presupuestos<\/strong><\/p>\n<audio class=\"wp-audio-shortcode\" id=\"audio-5042-3\" preload=\"none\" style=\"width: 100%;\" controls=\"controls\"><source type=\"audio\/mpeg\" src=\"https:\/\/arealorcaradio.es\/wp-content\/uploads\/2024\/12\/191224-PENCHO-BALANCE-4.mp3?_=3\" \/><a href=\"https:\/\/arealorcaradio.es\/wp-content\/uploads\/2024\/12\/191224-PENCHO-BALANCE-4.mp3\">https:\/\/arealorcaradio.es\/wp-content\/uploads\/2024\/12\/191224-PENCHO-BALANCE-4.mp3<\/a><\/audio>\n<p><strong>Proyectos y objetivos principales cara a 2025<\/strong><\/p>\n<audio class=\"wp-audio-shortcode\" id=\"audio-5042-4\" preload=\"none\" style=\"width: 100%;\" controls=\"controls\"><source type=\"audio\/mpeg\" src=\"https:\/\/arealorcaradio.es\/wp-content\/uploads\/2024\/12\/191224-PENCHO-BALANCE-5.mp3?_=4\" \/><a href=\"https:\/\/arealorcaradio.es\/wp-content\/uploads\/2024\/12\/191224-PENCHO-BALANCE-5.mp3\">https:\/\/arealorcaradio.es\/wp-content\/uploads\/2024\/12\/191224-PENCHO-BALANCE-5.mp3<\/a><\/audio>\n<p><strong>Presas de laminaci\u00f3n y encauzamiento de la Rambla de Biznaga<\/strong><\/p>\n<audio class=\"wp-audio-shortcode\" id=\"audio-5042-5\" preload=\"none\" style=\"width: 100%;\" controls=\"controls\"><source type=\"audio\/mpeg\" src=\"https:\/\/arealorcaradio.es\/wp-content\/uploads\/2024\/12\/191224-PENCHO-BALANCE-6.mp3?_=5\" \/><a href=\"https:\/\/arealorcaradio.es\/wp-content\/uploads\/2024\/12\/191224-PENCHO-BALANCE-6.mp3\">https:\/\/arealorcaradio.es\/wp-content\/uploads\/2024\/12\/191224-PENCHO-BALANCE-6.mp3<\/a><\/audio>\n<p><strong>Sobre la ampliaci\u00f3n de los Pol\u00edgonos Industriales<\/strong><\/p>\n<audio class=\"wp-audio-shortcode\" id=\"audio-5042-6\" preload=\"none\" style=\"width: 100%;\" controls=\"controls\"><source type=\"audio\/mpeg\" src=\"https:\/\/arealorcaradio.es\/wp-content\/uploads\/2024\/12\/191224-PENCHO-BALANCE-7.mp3?_=6\" \/><a href=\"https:\/\/arealorcaradio.es\/wp-content\/uploads\/2024\/12\/191224-PENCHO-BALANCE-7.mp3\">https:\/\/arealorcaradio.es\/wp-content\/uploads\/2024\/12\/191224-PENCHO-BALANCE-7.mp3<\/a><\/audio>\n<p><strong>En materia de vivienda<\/strong><\/p>\n<audio class=\"wp-audio-shortcode\" id=\"audio-5042-7\" preload=\"none\" style=\"width: 100%;\" controls=\"controls\"><source type=\"audio\/mpeg\" src=\"https:\/\/arealorcaradio.es\/wp-content\/uploads\/2024\/12\/191224-PENCHO-BALANCE-8.mp3?_=7\" \/><a href=\"https:\/\/arealorcaradio.es\/wp-content\/uploads\/2024\/12\/191224-PENCHO-BALANCE-8.mp3\">https:\/\/arealorcaradio.es\/wp-content\/uploads\/2024\/12\/191224-PENCHO-BALANCE-8.mp3<\/a><\/audio>\n<p><strong>Soterramiento del AVE y Corredor Mediterr\u00e1neo<\/strong><\/p>\n<audio class=\"wp-audio-shortcode\" id=\"audio-5042-8\" preload=\"none\" style=\"width: 100%;\" controls=\"controls\"><source type=\"audio\/mpeg\" src=\"https:\/\/arealorcaradio.es\/wp-content\/uploads\/2024\/12\/191224-PENCHO-BALANCE-9.mp3?_=8\" \/><a href=\"https:\/\/arealorcaradio.es\/wp-content\/uploads\/2024\/12\/191224-PENCHO-BALANCE-9.mp3\">https:\/\/arealorcaradio.es\/wp-content\/uploads\/2024\/12\/191224-PENCHO-BALANCE-9.mp3<\/a><\/audio>\n<p><strong>Respecto a Sanidad del \u00c1rea 3 de Salud<\/strong><\/p>\n<audio class=\"wp-audio-shortcode\" id=\"audio-5042-9\" preload=\"none\" style=\"width: 100%;\" controls=\"controls\"><source type=\"audio\/mpeg\" src=\"https:\/\/arealorcaradio.es\/wp-content\/uploads\/2024\/12\/191224-PENCHO-BALANCE-10.mp3?_=9\" \/><a href=\"https:\/\/arealorcaradio.es\/wp-content\/uploads\/2024\/12\/191224-PENCHO-BALANCE-10.mp3\">https:\/\/arealorcaradio.es\/wp-content\/uploads\/2024\/12\/191224-PENCHO-BALANCE-10.mp3<\/a><\/audio>\n","protected":false},"excerpt":{"rendered":"<p>\u00c1REA LORCA RADIO. Lorca 19 de diciembre de 2024. El alcalde de Lorca, Fulgencio Gil, ha informado en el tradicional desayuno navide\u00f1o con los medios de comunicaci\u00f3n, que el Ayuntamiento va a emprender a la mayor brevedad posible los tr\u00e1mites tendentes a solicitar al Ministerio de Justicia que devuelva de forma gratuita la propiedad del [&hellip;]<\/p>\n","protected":false},"author":1,"featured_media":5052,"comment_status":"open","ping_status":"open","sticky":false,"template":"","format":"standard","meta":{"iawp_total_views":23,"footnotes":""},"categories":[5,7],"tags":[],"class_list":["post-5042","post","type-post","status-publish","format-standard","has-post-thumbnail","hentry","category-actualidad","category-lorca"],"yoast_head":"<!-- This site is optimized with the Yoast SEO plugin v27.5 - https:\/\/yoast.com\/product\/yoast-seo-wordpress\/ -->\n<title>El Ayuntamiento de Lorca solicitar\u00e1 al Ministerio de Justicia que devuelva la propiedad del actual edificio de los juzgados frente a la fachada de la colegiata de San Patricio - AREA LORCA RADIO<\/title>\n<meta name=\"robots\" content=\"index, follow, max-snippet:-1, max-image-preview:large, max-video-preview:-1\" \/>\n<link rel=\"canonical\" href=\"https:\/\/arealorcaradio.es\/index.php\/2024\/12\/19\/el-ayuntamiento-de-lorca-solicitara-al-ministerio-de-justicia-que-devuelva-la-propiedad-del-actual-edificio-de-los-juzgados-frente-a-la-fachada-de-la-colegiata-de-san-patricio\/\" \/>\n<meta property=\"og:locale\" content=\"es_ES\" \/>\n<meta property=\"og:type\" content=\"article\" \/>\n<meta property=\"og:title\" content=\"El Ayuntamiento de Lorca solicitar\u00e1 al Ministerio de Justicia que devuelva la propiedad del actual edificio de los juzgados frente a la fachada de la colegiata de San Patricio - AREA LORCA RADIO\" \/>\n<meta property=\"og:description\" content=\"\u00c1REA LORCA RADIO. Lorca 19 de diciembre de 2024. El alcalde de Lorca, Fulgencio Gil, ha informado en el tradicional desayuno navide\u00f1o con los medios de comunicaci\u00f3n, que el Ayuntamiento va a emprender a la mayor brevedad posible los tr\u00e1mites tendentes a solicitar al Ministerio de Justicia que devuelva de forma gratuita la propiedad del [&hellip;]\" \/>\n<meta property=\"og:url\" content=\"https:\/\/arealorcaradio.es\/index.php\/2024\/12\/19\/el-ayuntamiento-de-lorca-solicitara-al-ministerio-de-justicia-que-devuelva-la-propiedad-del-actual-edificio-de-los-juzgados-frente-a-la-fachada-de-la-colegiata-de-san-patricio\/\" \/>\n<meta property=\"og:site_name\" content=\"AREA LORCA RADIO\" \/>\n<meta property=\"article:published_time\" content=\"2024-12-19T17:25:43+00:00\" \/>\n<meta property=\"og:image\" content=\"https:\/\/arealorcaradio.es\/wp-content\/uploads\/2024\/12\/IMG-20241219-WA0049.jpg\" \/>\n\t<meta property=\"og:image:width\" content=\"2048\" \/>\n\t<meta property=\"og:image:height\" content=\"1536\" \/>\n\t<meta property=\"og:image:type\" content=\"image\/jpeg\" \/>\n<meta name=\"author\" content=\"Paco S\u00e1nchez\" \/>\n<meta name=\"twitter:card\" content=\"summary_large_image\" \/>\n<meta name=\"twitter:label1\" content=\"Escrito por\" \/>\n\t<meta name=\"twitter:data1\" content=\"Paco S\u00e1nchez\" \/>\n\t<meta name=\"twitter:label2\" content=\"Tiempo de lectura\" \/>\n\t<meta name=\"twitter:data2\" content=\"4 minutos\" \/>\n<script type=\"application\/ld+json\" class=\"yoast-schema-graph\">{\"@context\":\"https:\\\/\\\/schema.org\",\"@graph\":[{\"@type\":\"Article\",\"@id\":\"https:\\\/\\\/arealorcaradio.es\\\/index.php\\\/2024\\\/12\\\/19\\\/el-ayuntamiento-de-lorca-solicitara-al-ministerio-de-justicia-que-devuelva-la-propiedad-del-actual-edificio-de-los-juzgados-frente-a-la-fachada-de-la-colegiata-de-san-patricio\\\/#article\",\"isPartOf\":{\"@id\":\"https:\\\/\\\/arealorcaradio.es\\\/index.php\\\/2024\\\/12\\\/19\\\/el-ayuntamiento-de-lorca-solicitara-al-ministerio-de-justicia-que-devuelva-la-propiedad-del-actual-edificio-de-los-juzgados-frente-a-la-fachada-de-la-colegiata-de-san-patricio\\\/\"},\"author\":{\"name\":\"Paco S\u00e1nchez\",\"@id\":\"https:\\\/\\\/arealorcaradio.es\\\/#\\\/schema\\\/person\\\/9fae605fc25b0f2c83c1ab207139bd27\"},\"headline\":\"El Ayuntamiento de Lorca solicitar\u00e1 al Ministerio de Justicia que devuelva la propiedad del actual edificio de los juzgados frente a la fachada de la colegiata de San Patricio\",\"datePublished\":\"2024-12-19T17:25:43+00:00\",\"mainEntityOfPage\":{\"@id\":\"https:\\\/\\\/arealorcaradio.es\\\/index.php\\\/2024\\\/12\\\/19\\\/el-ayuntamiento-de-lorca-solicitara-al-ministerio-de-justicia-que-devuelva-la-propiedad-del-actual-edificio-de-los-juzgados-frente-a-la-fachada-de-la-colegiata-de-san-patricio\\\/\"},\"wordCount\":742,\"commentCount\":0,\"image\":{\"@id\":\"https:\\\/\\\/arealorcaradio.es\\\/index.php\\\/2024\\\/12\\\/19\\\/el-ayuntamiento-de-lorca-solicitara-al-ministerio-de-justicia-que-devuelva-la-propiedad-del-actual-edificio-de-los-juzgados-frente-a-la-fachada-de-la-colegiata-de-san-patricio\\\/#primaryimage\"},\"thumbnailUrl\":\"https:\\\/\\\/arealorcaradio.es\\\/wp-content\\\/uploads\\\/2024\\\/12\\\/IMG-20241219-WA0049.jpg\",\"articleSection\":[\"ACTUALIDAD\",\"LORCA\"],\"inLanguage\":\"es\",\"potentialAction\":[{\"@type\":\"CommentAction\",\"name\":\"Comment\",\"target\":[\"https:\\\/\\\/arealorcaradio.es\\\/index.php\\\/2024\\\/12\\\/19\\\/el-ayuntamiento-de-lorca-solicitara-al-ministerio-de-justicia-que-devuelva-la-propiedad-del-actual-edificio-de-los-juzgados-frente-a-la-fachada-de-la-colegiata-de-san-patricio\\\/#respond\"]}]},{\"@type\":\"WebPage\",\"@id\":\"https:\\\/\\\/arealorcaradio.es\\\/index.php\\\/2024\\\/12\\\/19\\\/el-ayuntamiento-de-lorca-solicitara-al-ministerio-de-justicia-que-devuelva-la-propiedad-del-actual-edificio-de-los-juzgados-frente-a-la-fachada-de-la-colegiata-de-san-patricio\\\/\",\"url\":\"https:\\\/\\\/arealorcaradio.es\\\/index.php\\\/2024\\\/12\\\/19\\\/el-ayuntamiento-de-lorca-solicitara-al-ministerio-de-justicia-que-devuelva-la-propiedad-del-actual-edificio-de-los-juzgados-frente-a-la-fachada-de-la-colegiata-de-san-patricio\\\/\",\"name\":\"El Ayuntamiento de Lorca solicitar\u00e1 al Ministerio de Justicia que devuelva la propiedad del actual edificio de los juzgados frente a la fachada de la colegiata de San Patricio - AREA LORCA RADIO\",\"isPartOf\":{\"@id\":\"https:\\\/\\\/arealorcaradio.es\\\/#website\"},\"primaryImageOfPage\":{\"@id\":\"https:\\\/\\\/arealorcaradio.es\\\/index.php\\\/2024\\\/12\\\/19\\\/el-ayuntamiento-de-lorca-solicitara-al-ministerio-de-justicia-que-devuelva-la-propiedad-del-actual-edificio-de-los-juzgados-frente-a-la-fachada-de-la-colegiata-de-san-patricio\\\/#primaryimage\"},\"image\":{\"@id\":\"https:\\\/\\\/arealorcaradio.es\\\/index.php\\\/2024\\\/12\\\/19\\\/el-ayuntamiento-de-lorca-solicitara-al-ministerio-de-justicia-que-devuelva-la-propiedad-del-actual-edificio-de-los-juzgados-frente-a-la-fachada-de-la-colegiata-de-san-patricio\\\/#primaryimage\"},\"thumbnailUrl\":\"https:\\\/\\\/arealorcaradio.es\\\/wp-content\\\/uploads\\\/2024\\\/12\\\/IMG-20241219-WA0049.jpg\",\"datePublished\":\"2024-12-19T17:25:43+00:00\",\"author\":{\"@id\":\"https:\\\/\\\/arealorcaradio.es\\\/#\\\/schema\\\/person\\\/9fae605fc25b0f2c83c1ab207139bd27\"},\"breadcrumb\":{\"@id\":\"https:\\\/\\\/arealorcaradio.es\\\/index.php\\\/2024\\\/12\\\/19\\\/el-ayuntamiento-de-lorca-solicitara-al-ministerio-de-justicia-que-devuelva-la-propiedad-del-actual-edificio-de-los-juzgados-frente-a-la-fachada-de-la-colegiata-de-san-patricio\\\/#breadcrumb\"},\"inLanguage\":\"es\",\"potentialAction\":[{\"@type\":\"ReadAction\",\"target\":[\"https:\\\/\\\/arealorcaradio.es\\\/index.php\\\/2024\\\/12\\\/19\\\/el-ayuntamiento-de-lorca-solicitara-al-ministerio-de-justicia-que-devuelva-la-propiedad-del-actual-edificio-de-los-juzgados-frente-a-la-fachada-de-la-colegiata-de-san-patricio\\\/\"]}]},{\"@type\":\"ImageObject\",\"inLanguage\":\"es\",\"@id\":\"https:\\\/\\\/arealorcaradio.es\\\/index.php\\\/2024\\\/12\\\/19\\\/el-ayuntamiento-de-lorca-solicitara-al-ministerio-de-justicia-que-devuelva-la-propiedad-del-actual-edificio-de-los-juzgados-frente-a-la-fachada-de-la-colegiata-de-san-patricio\\\/#primaryimage\",\"url\":\"https:\\\/\\\/arealorcaradio.es\\\/wp-content\\\/uploads\\\/2024\\\/12\\\/IMG-20241219-WA0049.jpg\",\"contentUrl\":\"https:\\\/\\\/arealorcaradio.es\\\/wp-content\\\/uploads\\\/2024\\\/12\\\/IMG-20241219-WA0049.jpg\",\"width\":2048,\"height\":1536},{\"@type\":\"BreadcrumbList\",\"@id\":\"https:\\\/\\\/arealorcaradio.es\\\/index.php\\\/2024\\\/12\\\/19\\\/el-ayuntamiento-de-lorca-solicitara-al-ministerio-de-justicia-que-devuelva-la-propiedad-del-actual-edificio-de-los-juzgados-frente-a-la-fachada-de-la-colegiata-de-san-patricio\\\/#breadcrumb\",\"itemListElement\":[{\"@type\":\"ListItem\",\"position\":1,\"name\":\"Portada\",\"item\":\"https:\\\/\\\/arealorcaradio.es\\\/\"},{\"@type\":\"ListItem\",\"position\":2,\"name\":\"El Ayuntamiento de Lorca solicitar\u00e1 al Ministerio de Justicia que devuelva la propiedad del actual edificio de los juzgados frente a la fachada de la colegiata de San Patricio\"}]},{\"@type\":\"WebSite\",\"@id\":\"https:\\\/\\\/arealorcaradio.es\\\/#website\",\"url\":\"https:\\\/\\\/arealorcaradio.es\\\/\",\"name\":\"AREA LORCA RADIO\",\"description\":\"Descubre la programaci\u00f3n actual en \u00c1rea Lorca Radio, tu fuente de entrenamiento y noticias locales. Sintoniza ahora y mantente conectado online.\",\"potentialAction\":[{\"@type\":\"SearchAction\",\"target\":{\"@type\":\"EntryPoint\",\"urlTemplate\":\"https:\\\/\\\/arealorcaradio.es\\\/?s={search_term_string}\"},\"query-input\":{\"@type\":\"PropertyValueSpecification\",\"valueRequired\":true,\"valueName\":\"search_term_string\"}}],\"inLanguage\":\"es\"},{\"@type\":\"Person\",\"@id\":\"https:\\\/\\\/arealorcaradio.es\\\/#\\\/schema\\\/person\\\/9fae605fc25b0f2c83c1ab207139bd27\",\"name\":\"Paco S\u00e1nchez\",\"image\":{\"@type\":\"ImageObject\",\"inLanguage\":\"es\",\"@id\":\"https:\\\/\\\/secure.gravatar.com\\\/avatar\\\/d67144e966420fb74aa84c9f2a0103be4724fd14db52b52d3b6bca749f257e79?s=96&d=mm&r=g\",\"url\":\"https:\\\/\\\/secure.gravatar.com\\\/avatar\\\/d67144e966420fb74aa84c9f2a0103be4724fd14db52b52d3b6bca749f257e79?s=96&d=mm&r=g\",\"contentUrl\":\"https:\\\/\\\/secure.gravatar.com\\\/avatar\\\/d67144e966420fb74aa84c9f2a0103be4724fd14db52b52d3b6bca749f257e79?s=96&d=mm&r=g\",\"caption\":\"Paco S\u00e1nchez\"},\"sameAs\":[\"https:\\\/\\\/arealorcaradio.es\"],\"url\":\"https:\\\/\\\/arealorcaradio.es\\\/index.php\\\/author\\\/admin_alorcaradio\\\/\"}]}<\/script>\n<!-- \/ Yoast SEO plugin. -->","yoast_head_json":{"title":"El Ayuntamiento de Lorca solicitar\u00e1 al Ministerio de Justicia que devuelva la propiedad del actual edificio de los juzgados frente a la fachada de la colegiata de San Patricio - AREA LORCA RADIO","robots":{"index":"index","follow":"follow","max-snippet":"max-snippet:-1","max-image-preview":"max-image-preview:large","max-video-preview":"max-video-preview:-1"},"canonical":"https:\/\/arealorcaradio.es\/index.php\/2024\/12\/19\/el-ayuntamiento-de-lorca-solicitara-al-ministerio-de-justicia-que-devuelva-la-propiedad-del-actual-edificio-de-los-juzgados-frente-a-la-fachada-de-la-colegiata-de-san-patricio\/","og_locale":"es_ES","og_type":"article","og_title":"El Ayuntamiento de Lorca solicitar\u00e1 al Ministerio de Justicia que devuelva la propiedad del actual edificio de los juzgados frente a la fachada de la colegiata de San Patricio - AREA LORCA RADIO","og_description":"\u00c1REA LORCA RADIO. Lorca 19 de diciembre de 2024. El alcalde de Lorca, Fulgencio Gil, ha informado en el tradicional desayuno navide\u00f1o con los medios de comunicaci\u00f3n, que el Ayuntamiento va a emprender a la mayor brevedad posible los tr\u00e1mites tendentes a solicitar al Ministerio de Justicia que devuelva de forma gratuita la propiedad del [&hellip;]","og_url":"https:\/\/arealorcaradio.es\/index.php\/2024\/12\/19\/el-ayuntamiento-de-lorca-solicitara-al-ministerio-de-justicia-que-devuelva-la-propiedad-del-actual-edificio-de-los-juzgados-frente-a-la-fachada-de-la-colegiata-de-san-patricio\/","og_site_name":"AREA LORCA RADIO","article_published_time":"2024-12-19T17:25:43+00:00","og_image":[{"width":2048,"height":1536,"url":"https:\/\/arealorcaradio.es\/wp-content\/uploads\/2024\/12\/IMG-20241219-WA0049.jpg","type":"image\/jpeg"}],"author":"Paco S\u00e1nchez","twitter_card":"summary_large_image","twitter_misc":{"Escrito por":"Paco S\u00e1nchez","Tiempo de lectura":"4 minutos"},"schema":{"@context":"https:\/\/schema.org","@graph":[{"@type":"Article","@id":"https:\/\/arealorcaradio.es\/index.php\/2024\/12\/19\/el-ayuntamiento-de-lorca-solicitara-al-ministerio-de-justicia-que-devuelva-la-propiedad-del-actual-edificio-de-los-juzgados-frente-a-la-fachada-de-la-colegiata-de-san-patricio\/#article","isPartOf":{"@id":"https:\/\/arealorcaradio.es\/index.php\/2024\/12\/19\/el-ayuntamiento-de-lorca-solicitara-al-ministerio-de-justicia-que-devuelva-la-propiedad-del-actual-edificio-de-los-juzgados-frente-a-la-fachada-de-la-colegiata-de-san-patricio\/"},"author":{"name":"Paco S\u00e1nchez","@id":"https:\/\/arealorcaradio.es\/#\/schema\/person\/9fae605fc25b0f2c83c1ab207139bd27"},"headline":"El Ayuntamiento de Lorca solicitar\u00e1 al Ministerio de Justicia que devuelva la propiedad del actual edificio de los juzgados frente a la fachada de la colegiata de San Patricio","datePublished":"2024-12-19T17:25:43+00:00","mainEntityOfPage":{"@id":"https:\/\/arealorcaradio.es\/index.php\/2024\/12\/19\/el-ayuntamiento-de-lorca-solicitara-al-ministerio-de-justicia-que-devuelva-la-propiedad-del-actual-edificio-de-los-juzgados-frente-a-la-fachada-de-la-colegiata-de-san-patricio\/"},"wordCount":742,"commentCount":0,"image":{"@id":"https:\/\/arealorcaradio.es\/index.php\/2024\/12\/19\/el-ayuntamiento-de-lorca-solicitara-al-ministerio-de-justicia-que-devuelva-la-propiedad-del-actual-edificio-de-los-juzgados-frente-a-la-fachada-de-la-colegiata-de-san-patricio\/#primaryimage"},"thumbnailUrl":"https:\/\/arealorcaradio.es\/wp-content\/uploads\/2024\/12\/IMG-20241219-WA0049.jpg","articleSection":["ACTUALIDAD","LORCA"],"inLanguage":"es","potentialAction":[{"@type":"CommentAction","name":"Comment","target":["https:\/\/arealorcaradio.es\/index.php\/2024\/12\/19\/el-ayuntamiento-de-lorca-solicitara-al-ministerio-de-justicia-que-devuelva-la-propiedad-del-actual-edificio-de-los-juzgados-frente-a-la-fachada-de-la-colegiata-de-san-patricio\/#respond"]}]},{"@type":"WebPage","@id":"https:\/\/arealorcaradio.es\/index.php\/2024\/12\/19\/el-ayuntamiento-de-lorca-solicitara-al-ministerio-de-justicia-que-devuelva-la-propiedad-del-actual-edificio-de-los-juzgados-frente-a-la-fachada-de-la-colegiata-de-san-patricio\/","url":"https:\/\/arealorcaradio.es\/index.php\/2024\/12\/19\/el-ayuntamiento-de-lorca-solicitara-al-ministerio-de-justicia-que-devuelva-la-propiedad-del-actual-edificio-de-los-juzgados-frente-a-la-fachada-de-la-colegiata-de-san-patricio\/","name":"El Ayuntamiento de Lorca solicitar\u00e1 al Ministerio de Justicia que devuelva la propiedad del actual edificio de los juzgados frente a la fachada de la colegiata de San Patricio - AREA LORCA RADIO","isPartOf":{"@id":"https:\/\/arealorcaradio.es\/#website"},"primaryImageOfPage":{"@id":"https:\/\/arealorcaradio.es\/index.php\/2024\/12\/19\/el-ayuntamiento-de-lorca-solicitara-al-ministerio-de-justicia-que-devuelva-la-propiedad-del-actual-edificio-de-los-juzgados-frente-a-la-fachada-de-la-colegiata-de-san-patricio\/#primaryimage"},"image":{"@id":"https:\/\/arealorcaradio.es\/index.php\/2024\/12\/19\/el-ayuntamiento-de-lorca-solicitara-al-ministerio-de-justicia-que-devuelva-la-propiedad-del-actual-edificio-de-los-juzgados-frente-a-la-fachada-de-la-colegiata-de-san-patricio\/#primaryimage"},"thumbnailUrl":"https:\/\/arealorcaradio.es\/wp-content\/uploads\/2024\/12\/IMG-20241219-WA0049.jpg","datePublished":"2024-12-19T17:25:43+00:00","author":{"@id":"https:\/\/arealorcaradio.es\/#\/schema\/person\/9fae605fc25b0f2c83c1ab207139bd27"},"breadcrumb":{"@id":"https:\/\/arealorcaradio.es\/index.php\/2024\/12\/19\/el-ayuntamiento-de-lorca-solicitara-al-ministerio-de-justicia-que-devuelva-la-propiedad-del-actual-edificio-de-los-juzgados-frente-a-la-fachada-de-la-colegiata-de-san-patricio\/#breadcrumb"},"inLanguage":"es","potentialAction":[{"@type":"ReadAction","target":["https:\/\/arealorcaradio.es\/index.php\/2024\/12\/19\/el-ayuntamiento-de-lorca-solicitara-al-ministerio-de-justicia-que-devuelva-la-propiedad-del-actual-edificio-de-los-juzgados-frente-a-la-fachada-de-la-colegiata-de-san-patricio\/"]}]},{"@type":"ImageObject","inLanguage":"es","@id":"https:\/\/arealorcaradio.es\/index.php\/2024\/12\/19\/el-ayuntamiento-de-lorca-solicitara-al-ministerio-de-justicia-que-devuelva-la-propiedad-del-actual-edificio-de-los-juzgados-frente-a-la-fachada-de-la-colegiata-de-san-patricio\/#primaryimage","url":"https:\/\/arealorcaradio.es\/wp-content\/uploads\/2024\/12\/IMG-20241219-WA0049.jpg","contentUrl":"https:\/\/arealorcaradio.es\/wp-content\/uploads\/2024\/12\/IMG-20241219-WA0049.jpg","width":2048,"height":1536},{"@type":"BreadcrumbList","@id":"https:\/\/arealorcaradio.es\/index.php\/2024\/12\/19\/el-ayuntamiento-de-lorca-solicitara-al-ministerio-de-justicia-que-devuelva-la-propiedad-del-actual-edificio-de-los-juzgados-frente-a-la-fachada-de-la-colegiata-de-san-patricio\/#breadcrumb","itemListElement":[{"@type":"ListItem","position":1,"name":"Portada","item":"https:\/\/arealorcaradio.es\/"},{"@type":"ListItem","position":2,"name":"El Ayuntamiento de Lorca solicitar\u00e1 al Ministerio de Justicia que devuelva la propiedad del actual edificio de los juzgados frente a la fachada de la colegiata de San Patricio"}]},{"@type":"WebSite","@id":"https:\/\/arealorcaradio.es\/#website","url":"https:\/\/arealorcaradio.es\/","name":"AREA LORCA RADIO","description":"Descubre la programaci\u00f3n actual en \u00c1rea Lorca Radio, tu fuente de entrenamiento y noticias locales. Sintoniza ahora y mantente conectado online.","potentialAction":[{"@type":"SearchAction","target":{"@type":"EntryPoint","urlTemplate":"https:\/\/arealorcaradio.es\/?s={search_term_string}"},"query-input":{"@type":"PropertyValueSpecification","valueRequired":true,"valueName":"search_term_string"}}],"inLanguage":"es"},{"@type":"Person","@id":"https:\/\/arealorcaradio.es\/#\/schema\/person\/9fae605fc25b0f2c83c1ab207139bd27","name":"Paco S\u00e1nchez","image":{"@type":"ImageObject","inLanguage":"es","@id":"https:\/\/secure.gravatar.com\/avatar\/d67144e966420fb74aa84c9f2a0103be4724fd14db52b52d3b6bca749f257e79?s=96&d=mm&r=g","url":"https:\/\/secure.gravatar.com\/avatar\/d67144e966420fb74aa84c9f2a0103be4724fd14db52b52d3b6bca749f257e79?s=96&d=mm&r=g","contentUrl":"https:\/\/secure.gravatar.com\/avatar\/d67144e966420fb74aa84c9f2a0103be4724fd14db52b52d3b6bca749f257e79?s=96&d=mm&r=g","caption":"Paco S\u00e1nchez"},"sameAs":["https:\/\/arealorcaradio.es"],"url":"https:\/\/arealorcaradio.es\/index.php\/author\/admin_alorcaradio\/"}]}},"_links":{"self":[{"href":"https:\/\/arealorcaradio.es\/index.php\/wp-json\/wp\/v2\/posts\/5042","targetHints":{"allow":["GET"]}}],"collection":[{"href":"https:\/\/arealorcaradio.es\/index.php\/wp-json\/wp\/v2\/posts"}],"about":[{"href":"https:\/\/arealorcaradio.es\/index.php\/wp-json\/wp\/v2\/types\/post"}],"author":[{"embeddable":true,"href":"https:\/\/arealorcaradio.es\/index.php\/wp-json\/wp\/v2\/users\/1"}],"replies":[{"embeddable":true,"href":"https:\/\/arealorcaradio.es\/index.php\/wp-json\/wp\/v2\/comments?post=5042"}],"version-history":[{"count":2,"href":"https:\/\/arealorcaradio.es\/index.php\/wp-json\/wp\/v2\/posts\/5042\/revisions"}],"predecessor-version":[{"id":5056,"href":"https:\/\/arealorcaradio.es\/index.php\/wp-json\/wp\/v2\/posts\/5042\/revisions\/5056"}],"wp:featuredmedia":[{"embeddable":true,"href":"https:\/\/arealorcaradio.es\/index.php\/wp-json\/wp\/v2\/media\/5052"}],"wp:attachment":[{"href":"https:\/\/arealorcaradio.es\/index.php\/wp-json\/wp\/v2\/media?parent=5042"}],"wp:term":[{"taxonomy":"category","embeddable":true,"href":"https:\/\/arealorcaradio.es\/index.php\/wp-json\/wp\/v2\/categories?post=5042"},{"taxonomy":"post_tag","embeddable":true,"href":"https:\/\/arealorcaradio.es\/index.php\/wp-json\/wp\/v2\/tags?post=5042"}],"curies":[{"name":"wp","href":"https:\/\/api.w.org\/{rel}","templated":true}]}}