{"id":5022,"date":"2024-12-18T18:22:47","date_gmt":"2024-12-18T18:22:47","guid":{"rendered":"https:\/\/arealorcaradio.es\/?p=5022"},"modified":"2025-01-15T16:21:44","modified_gmt":"2025-01-15T16:21:44","slug":"la-seleccion-espanola-de-kick-boxing-participa-en-el-mundial-de-la-wkf-celebrado-en-alicante-y-trae-para-lorca-seis-medallas","status":"publish","type":"post","link":"https:\/\/arealorcaradio.es\/index.php\/2024\/12\/18\/la-seleccion-espanola-de-kick-boxing-participa-en-el-mundial-de-la-wkf-celebrado-en-alicante-y-trae-para-lorca-seis-medallas\/","title":{"rendered":"La selecci\u00f3n espa\u00f1ola de Kick Boxing participa en el mundial de la WKF celebrado en Alicante y trae para Lorca seis medallas"},"content":{"rendered":"<p><strong>\u00c1REA LORCA RADIO. Elena S\u00e1nchez.<\/strong><\/p>\n<p>Dentro del Kick Boxing existen 7 modalidades entre ellas Kick light y Light Contact y es precisamente en estas donde los representantes de la Selecci\u00f3n de Espa\u00f1a han conseguido los mayores \u00e9xitos.<\/p>\n<p>Nos han acompa\u00f1ado en el estudio de \u00c1rea Lorca Radio el seleccionador Antonio Cabrera Alcaraz, y los luchadores Jos\u00e9 Manuel Mu\u00f1oz Dom\u00ednguez (plata y bronce), Lucas Garc\u00eda Jurado (dos platas), Jos\u00e9 Luis Gil P\u00e9rez (bronce), Joaqu\u00edn Parra Ruiz (bronce), Jos\u00e9 \u00c1ngel Parra Ruiz (5\u00ba clasificado) y Hugo Acosta Garc\u00eda (5\u00ba clasificado).<\/p>\n<p>Escucha aqu\u00ed la entrevista que han concedido todos ellos a Paco S\u00e1nchez en el programa \u00c1rea Lorca Deportes.<\/p>\n<audio class=\"wp-audio-shortcode\" id=\"audio-5022-1\" preload=\"none\" style=\"width: 100%;\" controls=\"controls\"><source type=\"audio\/mpeg\" src=\"https:\/\/arealorcaradio.es\/wp-content\/uploads\/2024\/12\/181224-SELECCION-ESPANA.-KICK-BOXING.mp3?_=1\" \/><a href=\"https:\/\/arealorcaradio.es\/wp-content\/uploads\/2024\/12\/181224-SELECCION-ESPANA.-KICK-BOXING.mp3\">https:\/\/arealorcaradio.es\/wp-content\/uploads\/2024\/12\/181224-SELECCION-ESPANA.-KICK-BOXING.mp3<\/a><\/audio>\n<p><img loading=\"lazy\" decoding=\"async\" class=\"alignnone size-medium wp-image-5024\" src=\"https:\/\/arealorcaradio.es\/wp-content\/uploads\/2024\/12\/20241218_173455-300x225.jpg\" alt=\"\" width=\"300\" height=\"225\" srcset=\"https:\/\/arealorcaradio.es\/wp-content\/uploads\/2024\/12\/20241218_173455-300x225.jpg 300w, https:\/\/arealorcaradio.es\/wp-content\/uploads\/2024\/12\/20241218_173455-1024x768.jpg 1024w, https:\/\/arealorcaradio.es\/wp-content\/uploads\/2024\/12\/20241218_173455-768x576.jpg 768w, https:\/\/arealorcaradio.es\/wp-content\/uploads\/2024\/12\/20241218_173455-1536x1152.jpg 1536w, https:\/\/arealorcaradio.es\/wp-content\/uploads\/2024\/12\/20241218_173455-2048x1536.jpg 2048w, https:\/\/arealorcaradio.es\/wp-content\/uploads\/2024\/12\/20241218_173455-86x64.jpg 86w\" sizes=\"auto, (max-width: 300px) 100vw, 300px\" \/><\/p>\n","protected":false},"excerpt":{"rendered":"<p>\u00c1REA LORCA RADIO. Elena S\u00e1nchez. Dentro del Kick Boxing existen 7 modalidades entre ellas Kick light y Light Contact y es precisamente en estas donde los representantes de la Selecci\u00f3n de Espa\u00f1a han conseguido los mayores \u00e9xitos. Nos han acompa\u00f1ado en el estudio de \u00c1rea Lorca Radio el seleccionador Antonio Cabrera Alcaraz, y los luchadores [&hellip;]<\/p>\n","protected":false},"author":1,"featured_media":5025,"comment_status":"open","ping_status":"open","sticky":false,"template":"","format":"standard","meta":{"iawp_total_views":273,"footnotes":""},"categories":[4,7],"tags":[],"class_list":["post-5022","post","type-post","status-publish","format-standard","has-post-thumbnail","hentry","category-deportes","category-lorca"],"yoast_head":"<!-- This site is optimized with the Yoast SEO plugin v27.5 - https:\/\/yoast.com\/product\/yoast-seo-wordpress\/ -->\n<title>La selecci\u00f3n espa\u00f1ola de Kick Boxing participa en el mundial de la WKF celebrado en Alicante y trae para Lorca seis medallas - AREA LORCA RADIO<\/title>\n<meta name=\"robots\" content=\"index, follow, max-snippet:-1, max-image-preview:large, max-video-preview:-1\" \/>\n<link rel=\"canonical\" href=\"https:\/\/arealorcaradio.es\/index.php\/2024\/12\/18\/la-seleccion-espanola-de-kick-boxing-participa-en-el-mundial-de-la-wkf-celebrado-en-alicante-y-trae-para-lorca-seis-medallas\/\" \/>\n<meta property=\"og:locale\" content=\"es_ES\" \/>\n<meta property=\"og:type\" content=\"article\" \/>\n<meta property=\"og:title\" content=\"La selecci\u00f3n espa\u00f1ola de Kick Boxing participa en el mundial de la WKF celebrado en Alicante y trae para Lorca seis medallas - AREA LORCA RADIO\" \/>\n<meta property=\"og:description\" content=\"\u00c1REA LORCA RADIO. Elena S\u00e1nchez. Dentro del Kick Boxing existen 7 modalidades entre ellas Kick light y Light Contact y es precisamente en estas donde los representantes de la Selecci\u00f3n de Espa\u00f1a han conseguido los mayores \u00e9xitos. Nos han acompa\u00f1ado en el estudio de \u00c1rea Lorca Radio el seleccionador Antonio Cabrera Alcaraz, y los luchadores [&hellip;]\" \/>\n<meta property=\"og:url\" content=\"https:\/\/arealorcaradio.es\/index.php\/2024\/12\/18\/la-seleccion-espanola-de-kick-boxing-participa-en-el-mundial-de-la-wkf-celebrado-en-alicante-y-trae-para-lorca-seis-medallas\/\" \/>\n<meta property=\"og:site_name\" content=\"AREA LORCA RADIO\" \/>\n<meta property=\"article:published_time\" content=\"2024-12-18T18:22:47+00:00\" \/>\n<meta property=\"article:modified_time\" content=\"2025-01-15T16:21:44+00:00\" \/>\n<meta property=\"og:image\" content=\"https:\/\/arealorcaradio.es\/wp-content\/uploads\/2024\/12\/20241218_173345-scaled.jpg\" \/>\n\t<meta property=\"og:image:width\" content=\"2560\" \/>\n\t<meta property=\"og:image:height\" content=\"1920\" \/>\n\t<meta property=\"og:image:type\" content=\"image\/jpeg\" \/>\n<meta name=\"author\" content=\"Paco S\u00e1nchez\" \/>\n<meta name=\"twitter:card\" content=\"summary_large_image\" \/>\n<meta name=\"twitter:label1\" content=\"Escrito por\" \/>\n\t<meta name=\"twitter:data1\" content=\"Paco S\u00e1nchez\" \/>\n\t<meta name=\"twitter:label2\" content=\"Tiempo de lectura\" \/>\n\t<meta name=\"twitter:data2\" content=\"1 minuto\" \/>\n<script type=\"application\/ld+json\" class=\"yoast-schema-graph\">{\"@context\":\"https:\\\/\\\/schema.org\",\"@graph\":[{\"@type\":\"Article\",\"@id\":\"https:\\\/\\\/arealorcaradio.es\\\/index.php\\\/2024\\\/12\\\/18\\\/la-seleccion-espanola-de-kick-boxing-participa-en-el-mundial-de-la-wkf-celebrado-en-alicante-y-trae-para-lorca-seis-medallas\\\/#article\",\"isPartOf\":{\"@id\":\"https:\\\/\\\/arealorcaradio.es\\\/index.php\\\/2024\\\/12\\\/18\\\/la-seleccion-espanola-de-kick-boxing-participa-en-el-mundial-de-la-wkf-celebrado-en-alicante-y-trae-para-lorca-seis-medallas\\\/\"},\"author\":{\"name\":\"Paco S\u00e1nchez\",\"@id\":\"https:\\\/\\\/arealorcaradio.es\\\/#\\\/schema\\\/person\\\/9fae605fc25b0f2c83c1ab207139bd27\"},\"headline\":\"La selecci\u00f3n espa\u00f1ola de Kick Boxing participa en el mundial de la WKF celebrado en Alicante y trae para Lorca seis medallas\",\"datePublished\":\"2024-12-18T18:22:47+00:00\",\"dateModified\":\"2025-01-15T16:21:44+00:00\",\"mainEntityOfPage\":{\"@id\":\"https:\\\/\\\/arealorcaradio.es\\\/index.php\\\/2024\\\/12\\\/18\\\/la-seleccion-espanola-de-kick-boxing-participa-en-el-mundial-de-la-wkf-celebrado-en-alicante-y-trae-para-lorca-seis-medallas\\\/\"},\"wordCount\":149,\"commentCount\":0,\"image\":{\"@id\":\"https:\\\/\\\/arealorcaradio.es\\\/index.php\\\/2024\\\/12\\\/18\\\/la-seleccion-espanola-de-kick-boxing-participa-en-el-mundial-de-la-wkf-celebrado-en-alicante-y-trae-para-lorca-seis-medallas\\\/#primaryimage\"},\"thumbnailUrl\":\"https:\\\/\\\/arealorcaradio.es\\\/wp-content\\\/uploads\\\/2024\\\/12\\\/20241218_173345-scaled.jpg\",\"articleSection\":[\"DEPORTES\",\"LORCA\"],\"inLanguage\":\"es\",\"potentialAction\":[{\"@type\":\"CommentAction\",\"name\":\"Comment\",\"target\":[\"https:\\\/\\\/arealorcaradio.es\\\/index.php\\\/2024\\\/12\\\/18\\\/la-seleccion-espanola-de-kick-boxing-participa-en-el-mundial-de-la-wkf-celebrado-en-alicante-y-trae-para-lorca-seis-medallas\\\/#respond\"]}]},{\"@type\":\"WebPage\",\"@id\":\"https:\\\/\\\/arealorcaradio.es\\\/index.php\\\/2024\\\/12\\\/18\\\/la-seleccion-espanola-de-kick-boxing-participa-en-el-mundial-de-la-wkf-celebrado-en-alicante-y-trae-para-lorca-seis-medallas\\\/\",\"url\":\"https:\\\/\\\/arealorcaradio.es\\\/index.php\\\/2024\\\/12\\\/18\\\/la-seleccion-espanola-de-kick-boxing-participa-en-el-mundial-de-la-wkf-celebrado-en-alicante-y-trae-para-lorca-seis-medallas\\\/\",\"name\":\"La selecci\u00f3n espa\u00f1ola de Kick Boxing participa en el mundial de la WKF celebrado en Alicante y trae para Lorca seis medallas - AREA LORCA RADIO\",\"isPartOf\":{\"@id\":\"https:\\\/\\\/arealorcaradio.es\\\/#website\"},\"primaryImageOfPage\":{\"@id\":\"https:\\\/\\\/arealorcaradio.es\\\/index.php\\\/2024\\\/12\\\/18\\\/la-seleccion-espanola-de-kick-boxing-participa-en-el-mundial-de-la-wkf-celebrado-en-alicante-y-trae-para-lorca-seis-medallas\\\/#primaryimage\"},\"image\":{\"@id\":\"https:\\\/\\\/arealorcaradio.es\\\/index.php\\\/2024\\\/12\\\/18\\\/la-seleccion-espanola-de-kick-boxing-participa-en-el-mundial-de-la-wkf-celebrado-en-alicante-y-trae-para-lorca-seis-medallas\\\/#primaryimage\"},\"thumbnailUrl\":\"https:\\\/\\\/arealorcaradio.es\\\/wp-content\\\/uploads\\\/2024\\\/12\\\/20241218_173345-scaled.jpg\",\"datePublished\":\"2024-12-18T18:22:47+00:00\",\"dateModified\":\"2025-01-15T16:21:44+00:00\",\"author\":{\"@id\":\"https:\\\/\\\/arealorcaradio.es\\\/#\\\/schema\\\/person\\\/9fae605fc25b0f2c83c1ab207139bd27\"},\"breadcrumb\":{\"@id\":\"https:\\\/\\\/arealorcaradio.es\\\/index.php\\\/2024\\\/12\\\/18\\\/la-seleccion-espanola-de-kick-boxing-participa-en-el-mundial-de-la-wkf-celebrado-en-alicante-y-trae-para-lorca-seis-medallas\\\/#breadcrumb\"},\"inLanguage\":\"es\",\"potentialAction\":[{\"@type\":\"ReadAction\",\"target\":[\"https:\\\/\\\/arealorcaradio.es\\\/index.php\\\/2024\\\/12\\\/18\\\/la-seleccion-espanola-de-kick-boxing-participa-en-el-mundial-de-la-wkf-celebrado-en-alicante-y-trae-para-lorca-seis-medallas\\\/\"]}]},{\"@type\":\"ImageObject\",\"inLanguage\":\"es\",\"@id\":\"https:\\\/\\\/arealorcaradio.es\\\/index.php\\\/2024\\\/12\\\/18\\\/la-seleccion-espanola-de-kick-boxing-participa-en-el-mundial-de-la-wkf-celebrado-en-alicante-y-trae-para-lorca-seis-medallas\\\/#primaryimage\",\"url\":\"https:\\\/\\\/arealorcaradio.es\\\/wp-content\\\/uploads\\\/2024\\\/12\\\/20241218_173345-scaled.jpg\",\"contentUrl\":\"https:\\\/\\\/arealorcaradio.es\\\/wp-content\\\/uploads\\\/2024\\\/12\\\/20241218_173345-scaled.jpg\",\"width\":2560,\"height\":1920},{\"@type\":\"BreadcrumbList\",\"@id\":\"https:\\\/\\\/arealorcaradio.es\\\/index.php\\\/2024\\\/12\\\/18\\\/la-seleccion-espanola-de-kick-boxing-participa-en-el-mundial-de-la-wkf-celebrado-en-alicante-y-trae-para-lorca-seis-medallas\\\/#breadcrumb\",\"itemListElement\":[{\"@type\":\"ListItem\",\"position\":1,\"name\":\"Portada\",\"item\":\"https:\\\/\\\/arealorcaradio.es\\\/\"},{\"@type\":\"ListItem\",\"position\":2,\"name\":\"La selecci\u00f3n espa\u00f1ola de Kick Boxing participa en el mundial de la WKF celebrado en Alicante y trae para Lorca seis medallas\"}]},{\"@type\":\"WebSite\",\"@id\":\"https:\\\/\\\/arealorcaradio.es\\\/#website\",\"url\":\"https:\\\/\\\/arealorcaradio.es\\\/\",\"name\":\"AREA LORCA RADIO\",\"description\":\"Descubre la programaci\u00f3n actual en \u00c1rea Lorca Radio, tu fuente de entrenamiento y noticias locales. Sintoniza ahora y mantente conectado online.\",\"potentialAction\":[{\"@type\":\"SearchAction\",\"target\":{\"@type\":\"EntryPoint\",\"urlTemplate\":\"https:\\\/\\\/arealorcaradio.es\\\/?s={search_term_string}\"},\"query-input\":{\"@type\":\"PropertyValueSpecification\",\"valueRequired\":true,\"valueName\":\"search_term_string\"}}],\"inLanguage\":\"es\"},{\"@type\":\"Person\",\"@id\":\"https:\\\/\\\/arealorcaradio.es\\\/#\\\/schema\\\/person\\\/9fae605fc25b0f2c83c1ab207139bd27\",\"name\":\"Paco S\u00e1nchez\",\"image\":{\"@type\":\"ImageObject\",\"inLanguage\":\"es\",\"@id\":\"https:\\\/\\\/secure.gravatar.com\\\/avatar\\\/d67144e966420fb74aa84c9f2a0103be4724fd14db52b52d3b6bca749f257e79?s=96&d=mm&r=g\",\"url\":\"https:\\\/\\\/secure.gravatar.com\\\/avatar\\\/d67144e966420fb74aa84c9f2a0103be4724fd14db52b52d3b6bca749f257e79?s=96&d=mm&r=g\",\"contentUrl\":\"https:\\\/\\\/secure.gravatar.com\\\/avatar\\\/d67144e966420fb74aa84c9f2a0103be4724fd14db52b52d3b6bca749f257e79?s=96&d=mm&r=g\",\"caption\":\"Paco S\u00e1nchez\"},\"sameAs\":[\"https:\\\/\\\/arealorcaradio.es\"],\"url\":\"https:\\\/\\\/arealorcaradio.es\\\/index.php\\\/author\\\/admin_alorcaradio\\\/\"}]}<\/script>\n<!-- \/ Yoast SEO plugin. -->","yoast_head_json":{"title":"La selecci\u00f3n espa\u00f1ola de Kick Boxing participa en el mundial de la WKF celebrado en Alicante y trae para Lorca seis medallas - AREA LORCA RADIO","robots":{"index":"index","follow":"follow","max-snippet":"max-snippet:-1","max-image-preview":"max-image-preview:large","max-video-preview":"max-video-preview:-1"},"canonical":"https:\/\/arealorcaradio.es\/index.php\/2024\/12\/18\/la-seleccion-espanola-de-kick-boxing-participa-en-el-mundial-de-la-wkf-celebrado-en-alicante-y-trae-para-lorca-seis-medallas\/","og_locale":"es_ES","og_type":"article","og_title":"La selecci\u00f3n espa\u00f1ola de Kick Boxing participa en el mundial de la WKF celebrado en Alicante y trae para Lorca seis medallas - AREA LORCA RADIO","og_description":"\u00c1REA LORCA RADIO. Elena S\u00e1nchez. Dentro del Kick Boxing existen 7 modalidades entre ellas Kick light y Light Contact y es precisamente en estas donde los representantes de la Selecci\u00f3n de Espa\u00f1a han conseguido los mayores \u00e9xitos. Nos han acompa\u00f1ado en el estudio de \u00c1rea Lorca Radio el seleccionador Antonio Cabrera Alcaraz, y los luchadores [&hellip;]","og_url":"https:\/\/arealorcaradio.es\/index.php\/2024\/12\/18\/la-seleccion-espanola-de-kick-boxing-participa-en-el-mundial-de-la-wkf-celebrado-en-alicante-y-trae-para-lorca-seis-medallas\/","og_site_name":"AREA LORCA RADIO","article_published_time":"2024-12-18T18:22:47+00:00","article_modified_time":"2025-01-15T16:21:44+00:00","og_image":[{"width":2560,"height":1920,"url":"https:\/\/arealorcaradio.es\/wp-content\/uploads\/2024\/12\/20241218_173345-scaled.jpg","type":"image\/jpeg"}],"author":"Paco S\u00e1nchez","twitter_card":"summary_large_image","twitter_misc":{"Escrito por":"Paco S\u00e1nchez","Tiempo de lectura":"1 minuto"},"schema":{"@context":"https:\/\/schema.org","@graph":[{"@type":"Article","@id":"https:\/\/arealorcaradio.es\/index.php\/2024\/12\/18\/la-seleccion-espanola-de-kick-boxing-participa-en-el-mundial-de-la-wkf-celebrado-en-alicante-y-trae-para-lorca-seis-medallas\/#article","isPartOf":{"@id":"https:\/\/arealorcaradio.es\/index.php\/2024\/12\/18\/la-seleccion-espanola-de-kick-boxing-participa-en-el-mundial-de-la-wkf-celebrado-en-alicante-y-trae-para-lorca-seis-medallas\/"},"author":{"name":"Paco S\u00e1nchez","@id":"https:\/\/arealorcaradio.es\/#\/schema\/person\/9fae605fc25b0f2c83c1ab207139bd27"},"headline":"La selecci\u00f3n espa\u00f1ola de Kick Boxing participa en el mundial de la WKF celebrado en Alicante y trae para Lorca seis medallas","datePublished":"2024-12-18T18:22:47+00:00","dateModified":"2025-01-15T16:21:44+00:00","mainEntityOfPage":{"@id":"https:\/\/arealorcaradio.es\/index.php\/2024\/12\/18\/la-seleccion-espanola-de-kick-boxing-participa-en-el-mundial-de-la-wkf-celebrado-en-alicante-y-trae-para-lorca-seis-medallas\/"},"wordCount":149,"commentCount":0,"image":{"@id":"https:\/\/arealorcaradio.es\/index.php\/2024\/12\/18\/la-seleccion-espanola-de-kick-boxing-participa-en-el-mundial-de-la-wkf-celebrado-en-alicante-y-trae-para-lorca-seis-medallas\/#primaryimage"},"thumbnailUrl":"https:\/\/arealorcaradio.es\/wp-content\/uploads\/2024\/12\/20241218_173345-scaled.jpg","articleSection":["DEPORTES","LORCA"],"inLanguage":"es","potentialAction":[{"@type":"CommentAction","name":"Comment","target":["https:\/\/arealorcaradio.es\/index.php\/2024\/12\/18\/la-seleccion-espanola-de-kick-boxing-participa-en-el-mundial-de-la-wkf-celebrado-en-alicante-y-trae-para-lorca-seis-medallas\/#respond"]}]},{"@type":"WebPage","@id":"https:\/\/arealorcaradio.es\/index.php\/2024\/12\/18\/la-seleccion-espanola-de-kick-boxing-participa-en-el-mundial-de-la-wkf-celebrado-en-alicante-y-trae-para-lorca-seis-medallas\/","url":"https:\/\/arealorcaradio.es\/index.php\/2024\/12\/18\/la-seleccion-espanola-de-kick-boxing-participa-en-el-mundial-de-la-wkf-celebrado-en-alicante-y-trae-para-lorca-seis-medallas\/","name":"La selecci\u00f3n espa\u00f1ola de Kick Boxing participa en el mundial de la WKF celebrado en Alicante y trae para Lorca seis medallas - AREA LORCA RADIO","isPartOf":{"@id":"https:\/\/arealorcaradio.es\/#website"},"primaryImageOfPage":{"@id":"https:\/\/arealorcaradio.es\/index.php\/2024\/12\/18\/la-seleccion-espanola-de-kick-boxing-participa-en-el-mundial-de-la-wkf-celebrado-en-alicante-y-trae-para-lorca-seis-medallas\/#primaryimage"},"image":{"@id":"https:\/\/arealorcaradio.es\/index.php\/2024\/12\/18\/la-seleccion-espanola-de-kick-boxing-participa-en-el-mundial-de-la-wkf-celebrado-en-alicante-y-trae-para-lorca-seis-medallas\/#primaryimage"},"thumbnailUrl":"https:\/\/arealorcaradio.es\/wp-content\/uploads\/2024\/12\/20241218_173345-scaled.jpg","datePublished":"2024-12-18T18:22:47+00:00","dateModified":"2025-01-15T16:21:44+00:00","author":{"@id":"https:\/\/arealorcaradio.es\/#\/schema\/person\/9fae605fc25b0f2c83c1ab207139bd27"},"breadcrumb":{"@id":"https:\/\/arealorcaradio.es\/index.php\/2024\/12\/18\/la-seleccion-espanola-de-kick-boxing-participa-en-el-mundial-de-la-wkf-celebrado-en-alicante-y-trae-para-lorca-seis-medallas\/#breadcrumb"},"inLanguage":"es","potentialAction":[{"@type":"ReadAction","target":["https:\/\/arealorcaradio.es\/index.php\/2024\/12\/18\/la-seleccion-espanola-de-kick-boxing-participa-en-el-mundial-de-la-wkf-celebrado-en-alicante-y-trae-para-lorca-seis-medallas\/"]}]},{"@type":"ImageObject","inLanguage":"es","@id":"https:\/\/arealorcaradio.es\/index.php\/2024\/12\/18\/la-seleccion-espanola-de-kick-boxing-participa-en-el-mundial-de-la-wkf-celebrado-en-alicante-y-trae-para-lorca-seis-medallas\/#primaryimage","url":"https:\/\/arealorcaradio.es\/wp-content\/uploads\/2024\/12\/20241218_173345-scaled.jpg","contentUrl":"https:\/\/arealorcaradio.es\/wp-content\/uploads\/2024\/12\/20241218_173345-scaled.jpg","width":2560,"height":1920},{"@type":"BreadcrumbList","@id":"https:\/\/arealorcaradio.es\/index.php\/2024\/12\/18\/la-seleccion-espanola-de-kick-boxing-participa-en-el-mundial-de-la-wkf-celebrado-en-alicante-y-trae-para-lorca-seis-medallas\/#breadcrumb","itemListElement":[{"@type":"ListItem","position":1,"name":"Portada","item":"https:\/\/arealorcaradio.es\/"},{"@type":"ListItem","position":2,"name":"La selecci\u00f3n espa\u00f1ola de Kick Boxing participa en el mundial de la WKF celebrado en Alicante y trae para Lorca seis medallas"}]},{"@type":"WebSite","@id":"https:\/\/arealorcaradio.es\/#website","url":"https:\/\/arealorcaradio.es\/","name":"AREA LORCA RADIO","description":"Descubre la programaci\u00f3n actual en \u00c1rea Lorca Radio, tu fuente de entrenamiento y noticias locales. Sintoniza ahora y mantente conectado online.","potentialAction":[{"@type":"SearchAction","target":{"@type":"EntryPoint","urlTemplate":"https:\/\/arealorcaradio.es\/?s={search_term_string}"},"query-input":{"@type":"PropertyValueSpecification","valueRequired":true,"valueName":"search_term_string"}}],"inLanguage":"es"},{"@type":"Person","@id":"https:\/\/arealorcaradio.es\/#\/schema\/person\/9fae605fc25b0f2c83c1ab207139bd27","name":"Paco S\u00e1nchez","image":{"@type":"ImageObject","inLanguage":"es","@id":"https:\/\/secure.gravatar.com\/avatar\/d67144e966420fb74aa84c9f2a0103be4724fd14db52b52d3b6bca749f257e79?s=96&d=mm&r=g","url":"https:\/\/secure.gravatar.com\/avatar\/d67144e966420fb74aa84c9f2a0103be4724fd14db52b52d3b6bca749f257e79?s=96&d=mm&r=g","contentUrl":"https:\/\/secure.gravatar.com\/avatar\/d67144e966420fb74aa84c9f2a0103be4724fd14db52b52d3b6bca749f257e79?s=96&d=mm&r=g","caption":"Paco S\u00e1nchez"},"sameAs":["https:\/\/arealorcaradio.es"],"url":"https:\/\/arealorcaradio.es\/index.php\/author\/admin_alorcaradio\/"}]}},"_links":{"self":[{"href":"https:\/\/arealorcaradio.es\/index.php\/wp-json\/wp\/v2\/posts\/5022","targetHints":{"allow":["GET"]}}],"collection":[{"href":"https:\/\/arealorcaradio.es\/index.php\/wp-json\/wp\/v2\/posts"}],"about":[{"href":"https:\/\/arealorcaradio.es\/index.php\/wp-json\/wp\/v2\/types\/post"}],"author":[{"embeddable":true,"href":"https:\/\/arealorcaradio.es\/index.php\/wp-json\/wp\/v2\/users\/1"}],"replies":[{"embeddable":true,"href":"https:\/\/arealorcaradio.es\/index.php\/wp-json\/wp\/v2\/comments?post=5022"}],"version-history":[{"count":2,"href":"https:\/\/arealorcaradio.es\/index.php\/wp-json\/wp\/v2\/posts\/5022\/revisions"}],"predecessor-version":[{"id":5193,"href":"https:\/\/arealorcaradio.es\/index.php\/wp-json\/wp\/v2\/posts\/5022\/revisions\/5193"}],"wp:featuredmedia":[{"embeddable":true,"href":"https:\/\/arealorcaradio.es\/index.php\/wp-json\/wp\/v2\/media\/5025"}],"wp:attachment":[{"href":"https:\/\/arealorcaradio.es\/index.php\/wp-json\/wp\/v2\/media?parent=5022"}],"wp:term":[{"taxonomy":"category","embeddable":true,"href":"https:\/\/arealorcaradio.es\/index.php\/wp-json\/wp\/v2\/categories?post=5022"},{"taxonomy":"post_tag","embeddable":true,"href":"https:\/\/arealorcaradio.es\/index.php\/wp-json\/wp\/v2\/tags?post=5022"}],"curies":[{"name":"wp","href":"https:\/\/api.w.org\/{rel}","templated":true}]}}