{"id":5004,"date":"2024-12-16T16:48:08","date_gmt":"2024-12-16T16:48:08","guid":{"rendered":"https:\/\/arealorcaradio.es\/?p=5004"},"modified":"2025-01-15T17:17:20","modified_gmt":"2025-01-15T17:17:20","slug":"papa-noel-inaugurara-la-casita-de-navidad-en-huerto-ruano-tras-la-cabalgata-de-la-ilusion-de-lorca","status":"publish","type":"post","link":"https:\/\/arealorcaradio.es\/index.php\/2024\/12\/16\/papa-noel-inaugurara-la-casita-de-navidad-en-huerto-ruano-tras-la-cabalgata-de-la-ilusion-de-lorca\/","title":{"rendered":"Pap\u00e1 Noel inaugurar\u00e1 la &#8216;Casita de Navidad&#8217; en Huerto Ruano tras la Cabalgata de la Ilusi\u00f3n de Lorca"},"content":{"rendered":"<p><strong>\u00c1REA LORCA RADIO. Marina S\u00e1nchez.<\/strong><\/p>\n<p><b>Lunes, 16 de diciembre de 2024<\/b>.<\/p>\n<p>El viejo Palacete de Huerto Ruano se transformar\u00e1 en los pr\u00f3ximos d\u00edas en la aldea del Polo Norte de Pap\u00e1 Noel. El monumento, de estilo ecl\u00e9ctico, est\u00e1 rodeado por un jard\u00edn hist\u00f3rico con paseos que permiten recorridos hasta la &#8216;Casita de la Navidad&#8217;, donde los m\u00e1s peque\u00f1os podr\u00e1n visitar a Santa Claus y entregarle sus cartas con las \u00faltimas peticiones antes de que surque los cielos de Lorca con su trineo para dejarles a los pies del \u00e1rbol sus regalos.<\/p>\n<div>\n<p class=\"v1MsoNormal\"><img loading=\"lazy\" decoding=\"async\" class=\"alignnone size-medium wp-image-5007\" src=\"https:\/\/arealorcaradio.es\/wp-content\/uploads\/2024\/12\/FOTO4-CASITA-300x200.jpeg\" alt=\"\" width=\"300\" height=\"200\" srcset=\"https:\/\/arealorcaradio.es\/wp-content\/uploads\/2024\/12\/FOTO4-CASITA-300x200.jpeg 300w, https:\/\/arealorcaradio.es\/wp-content\/uploads\/2024\/12\/FOTO4-CASITA-1024x682.jpeg 1024w, https:\/\/arealorcaradio.es\/wp-content\/uploads\/2024\/12\/FOTO4-CASITA-768x512.jpeg 768w, https:\/\/arealorcaradio.es\/wp-content\/uploads\/2024\/12\/FOTO4-CASITA-1536x1023.jpeg 1536w, https:\/\/arealorcaradio.es\/wp-content\/uploads\/2024\/12\/FOTO4-CASITA.jpeg 1600w\" sizes=\"auto, (max-width: 300px) 100vw, 300px\" \/><\/p>\n<p class=\"v1MsoNormal\">Pero tambi\u00e9n podr\u00e1n visitar una &#8216;Candyland&#8217; con gofres, crepes, bastones de caramelo, chocolate, magdalenas y algod\u00f3n de az\u00facar. Una &#8216;legi\u00f3n&#8217; de elfos de Pap\u00e1 Noel se encargar\u00e1n del Taller de dulces, de la Casita de Navidad y de acompa\u00f1ar a los m\u00e1s peque\u00f1os a lo largo de los recorridos que estar\u00e1n repletos de cascanueces, bastones y piruletas gigantes de caramelo y guirnaldas y bolas. \u00abEste a\u00f1o hemos conseguido, gracias a los amigos de Leroy Merl\u00edn, contar con el trineo de Pap\u00e1 Noel, que estar\u00e1 tirado por sus renos\u00bb, ha afirmado este lunes la edil de Festejos, Mar\u00eda de las Huertas Garc\u00eda P\u00e9rez.<\/p>\n<p class=\"v1MsoNormal\">Estar\u00e1n todos los renos de Santa Claus que se ir\u00e1n turnando a lo largo de esto d\u00edas. Los peque\u00f1os podr\u00e1n disfrutar conociendo a Trueno, Rayo, Travieso, Cupido, Cometa, Alegre, Bailar\u00edn, Saltar\u00edn y Rodolfo. \u00abHemos ampliado considerablemente la ambientaci\u00f3n del a\u00f1o pasado para lograr un espacio repleto de fantas\u00eda en torno a Pap\u00e1 Noel, Santa Claus, San Nicol\u00e1s&#8230; como cada uno quiera llamarle. Todo est\u00e1 cuidado, hasta el m\u00e1s m\u00ednimo detalle, para que los ni\u00f1os que visiten el Palacete de Huerto Ruano estos d\u00edas disfruten de ese ambiente navide\u00f1o\u00bb, ha destacado la edil.<\/p>\n<p class=\"v1MsoNormal\">San Nicol\u00e1s llegar\u00e1 al t\u00e9rmino de la &#8216;Cabalgata de la Ilusi\u00f3n&#8217;. \u00abEse d\u00eda llegar\u00e1 a Huerto Ruano y se dirigir\u00e1 a todos los ni\u00f1os desde el balc\u00f3n principal. Al d\u00eda siguiente, por la tarde, los jardines se abrir\u00e1n y con ellos la Casita de Navidad y la Candyland. Esta \u00faltima, va a sorprender a todos, ya que es una casita de chocolate en la que los elfos ofrecer\u00e1n los tradicionales dulces en torno a Pap\u00e1 Noel. Estar\u00e1 ambientado en un mundo de golosinas y dulces\u00bb, ha a\u00f1adido la edil.<\/p>\n<p class=\"v1MsoNormal\">El Palacete de Huerto Ruano, con una mezcla de distintos estilos, \u00e9pocas y elementos decorativos, \u00abse presta a este tipo de acontecimientos. Es espectacular y a la vez muestra cierto aire de palacio de cuento con las dos torres de planta poligonal cubiertas por chapitel con que cuenta en los extremos del cuerpo central de la casa. Y su jard\u00edn hist\u00f3rico permite situar figuras navide\u00f1as para que durante el recorrido hasta la Casita de la Navidad los peque\u00f1os puedan hacerse fotograf\u00edas. Se colocar\u00e1 iluminaci\u00f3n en algunas de las plantas ornamentales. Y se han colocado decenas de flores de pascua. Como dec\u00eda, se ha cuidado mucho la ambientaci\u00f3n para que est\u00e9 acorde con la \u00e9poca en que nos encontramos y con la ilusi\u00f3n que muestran los m\u00e1s peque\u00f1os\u00bb, ha recalcado la edil de Festejos.<\/p>\n<p class=\"v1MsoNormal\"><b>AL DETALLE:<\/b><\/p>\n<p class=\"v1MsoNormal\"><b>Casita de Navidad<\/b><\/p>\n<p class=\"v1MsoNormal\"><b>D\u00f3nde.<\/b>\u00a0Jardines del Palacete de Huerto Ruano.<\/p>\n<p class=\"v1MsoNormal\"><b>Inauguraci\u00f3n.<\/b>\u00a0Viernes, 20 (al finalizar la Cabalgata de la Ilusi\u00f3n).<\/p>\n<p class=\"v1MsoNormal\"><b>Apertura.<\/b>\u00a0Desde el s\u00e1bado, 21, al lunes, 23, en horario de tarde.<\/p>\n<p class=\"v1MsoNormal\"><b>Horario.<\/b>\u00a0De 17 a 20 horas.<\/p>\n<p class=\"v1MsoNormal\"><b>Domingo, 22, y martes, 24.<\/b>\u00a0De 11 a 14 horas.<\/p>\n<p class=\"v1MsoNormal\"><b>\u00a0<\/b><\/p>\n<p class=\"v1MsoNormal\"><b>Candyland<\/b><\/p>\n<p class=\"v1MsoNormal\"><b>D\u00f3nde.\u00a0<\/b>Jardines del Palacete de Huerto Ruano.<\/p>\n<p class=\"v1MsoNormal\"><b>Apertura.\u00a0<\/b>Desde el s\u00e1bado, 21, al lunes, 23, en horario de tarde.<\/p>\n<p class=\"v1MsoNormal\"><b>Horario.<\/b>\u00a0De 17 a 20 horas.<\/p>\n<p class=\"v1MsoNormal\"><b>Domingo, 22, y martes, 24.<\/b>\u00a0De 11 a 14 horas.<\/p>\n<\/div>\n<div><\/div>\n","protected":false},"excerpt":{"rendered":"<p>\u00c1REA LORCA RADIO. Marina S\u00e1nchez. Lunes, 16 de diciembre de 2024. El viejo Palacete de Huerto Ruano se transformar\u00e1 en los pr\u00f3ximos d\u00edas en la aldea del Polo Norte de Pap\u00e1 Noel. El monumento, de estilo ecl\u00e9ctico, est\u00e1 rodeado por un jard\u00edn hist\u00f3rico con paseos que permiten recorridos hasta la &#8216;Casita de la Navidad&#8217;, donde [&hellip;]<\/p>\n","protected":false},"author":1,"featured_media":5005,"comment_status":"open","ping_status":"open","sticky":false,"template":"","format":"standard","meta":{"iawp_total_views":12,"footnotes":""},"categories":[5,7],"tags":[],"class_list":["post-5004","post","type-post","status-publish","format-standard","has-post-thumbnail","hentry","category-actualidad","category-lorca"],"yoast_head":"<!-- This site is optimized with the Yoast SEO plugin v27.5 - https:\/\/yoast.com\/product\/yoast-seo-wordpress\/ -->\n<title>Pap\u00e1 Noel inaugurar\u00e1 la &#039;Casita de Navidad&#039; en Huerto Ruano tras la Cabalgata de la Ilusi\u00f3n de Lorca - AREA LORCA RADIO<\/title>\n<meta name=\"robots\" content=\"index, follow, max-snippet:-1, max-image-preview:large, max-video-preview:-1\" \/>\n<link rel=\"canonical\" href=\"https:\/\/arealorcaradio.es\/index.php\/2024\/12\/16\/papa-noel-inaugurara-la-casita-de-navidad-en-huerto-ruano-tras-la-cabalgata-de-la-ilusion-de-lorca\/\" \/>\n<meta property=\"og:locale\" content=\"es_ES\" \/>\n<meta property=\"og:type\" content=\"article\" \/>\n<meta property=\"og:title\" content=\"Pap\u00e1 Noel inaugurar\u00e1 la &#039;Casita de Navidad&#039; en Huerto Ruano tras la Cabalgata de la Ilusi\u00f3n de Lorca - AREA LORCA RADIO\" \/>\n<meta property=\"og:description\" content=\"\u00c1REA LORCA RADIO. Marina S\u00e1nchez. Lunes, 16 de diciembre de 2024. El viejo Palacete de Huerto Ruano se transformar\u00e1 en los pr\u00f3ximos d\u00edas en la aldea del Polo Norte de Pap\u00e1 Noel. El monumento, de estilo ecl\u00e9ctico, est\u00e1 rodeado por un jard\u00edn hist\u00f3rico con paseos que permiten recorridos hasta la &#8216;Casita de la Navidad&#8217;, donde [&hellip;]\" \/>\n<meta property=\"og:url\" content=\"https:\/\/arealorcaradio.es\/index.php\/2024\/12\/16\/papa-noel-inaugurara-la-casita-de-navidad-en-huerto-ruano-tras-la-cabalgata-de-la-ilusion-de-lorca\/\" \/>\n<meta property=\"og:site_name\" content=\"AREA LORCA RADIO\" \/>\n<meta property=\"article:published_time\" content=\"2024-12-16T16:48:08+00:00\" \/>\n<meta property=\"article:modified_time\" content=\"2025-01-15T17:17:20+00:00\" \/>\n<meta property=\"og:image\" content=\"https:\/\/arealorcaradio.es\/wp-content\/uploads\/2024\/12\/FOTO1-CASITA.jpeg\" \/>\n\t<meta property=\"og:image:width\" content=\"1600\" \/>\n\t<meta property=\"og:image:height\" content=\"1066\" \/>\n\t<meta property=\"og:image:type\" content=\"image\/jpeg\" \/>\n<meta name=\"author\" content=\"Paco S\u00e1nchez\" \/>\n<meta name=\"twitter:card\" content=\"summary_large_image\" \/>\n<meta name=\"twitter:label1\" content=\"Escrito por\" \/>\n\t<meta name=\"twitter:data1\" content=\"Paco S\u00e1nchez\" \/>\n\t<meta name=\"twitter:label2\" content=\"Tiempo de lectura\" \/>\n\t<meta name=\"twitter:data2\" content=\"4 minutos\" \/>\n<script type=\"application\/ld+json\" class=\"yoast-schema-graph\">{\"@context\":\"https:\\\/\\\/schema.org\",\"@graph\":[{\"@type\":\"Article\",\"@id\":\"https:\\\/\\\/arealorcaradio.es\\\/index.php\\\/2024\\\/12\\\/16\\\/papa-noel-inaugurara-la-casita-de-navidad-en-huerto-ruano-tras-la-cabalgata-de-la-ilusion-de-lorca\\\/#article\",\"isPartOf\":{\"@id\":\"https:\\\/\\\/arealorcaradio.es\\\/index.php\\\/2024\\\/12\\\/16\\\/papa-noel-inaugurara-la-casita-de-navidad-en-huerto-ruano-tras-la-cabalgata-de-la-ilusion-de-lorca\\\/\"},\"author\":{\"name\":\"Paco S\u00e1nchez\",\"@id\":\"https:\\\/\\\/arealorcaradio.es\\\/#\\\/schema\\\/person\\\/9fae605fc25b0f2c83c1ab207139bd27\"},\"headline\":\"Pap\u00e1 Noel inaugurar\u00e1 la &#8216;Casita de Navidad&#8217; en Huerto Ruano tras la Cabalgata de la Ilusi\u00f3n de Lorca\",\"datePublished\":\"2024-12-16T16:48:08+00:00\",\"dateModified\":\"2025-01-15T17:17:20+00:00\",\"mainEntityOfPage\":{\"@id\":\"https:\\\/\\\/arealorcaradio.es\\\/index.php\\\/2024\\\/12\\\/16\\\/papa-noel-inaugurara-la-casita-de-navidad-en-huerto-ruano-tras-la-cabalgata-de-la-ilusion-de-lorca\\\/\"},\"wordCount\":660,\"commentCount\":0,\"image\":{\"@id\":\"https:\\\/\\\/arealorcaradio.es\\\/index.php\\\/2024\\\/12\\\/16\\\/papa-noel-inaugurara-la-casita-de-navidad-en-huerto-ruano-tras-la-cabalgata-de-la-ilusion-de-lorca\\\/#primaryimage\"},\"thumbnailUrl\":\"https:\\\/\\\/arealorcaradio.es\\\/wp-content\\\/uploads\\\/2024\\\/12\\\/FOTO1-CASITA.jpeg\",\"articleSection\":[\"ACTUALIDAD\",\"LORCA\"],\"inLanguage\":\"es\",\"potentialAction\":[{\"@type\":\"CommentAction\",\"name\":\"Comment\",\"target\":[\"https:\\\/\\\/arealorcaradio.es\\\/index.php\\\/2024\\\/12\\\/16\\\/papa-noel-inaugurara-la-casita-de-navidad-en-huerto-ruano-tras-la-cabalgata-de-la-ilusion-de-lorca\\\/#respond\"]}]},{\"@type\":\"WebPage\",\"@id\":\"https:\\\/\\\/arealorcaradio.es\\\/index.php\\\/2024\\\/12\\\/16\\\/papa-noel-inaugurara-la-casita-de-navidad-en-huerto-ruano-tras-la-cabalgata-de-la-ilusion-de-lorca\\\/\",\"url\":\"https:\\\/\\\/arealorcaradio.es\\\/index.php\\\/2024\\\/12\\\/16\\\/papa-noel-inaugurara-la-casita-de-navidad-en-huerto-ruano-tras-la-cabalgata-de-la-ilusion-de-lorca\\\/\",\"name\":\"Pap\u00e1 Noel inaugurar\u00e1 la 'Casita de Navidad' en Huerto Ruano tras la Cabalgata de la Ilusi\u00f3n de Lorca - AREA LORCA RADIO\",\"isPartOf\":{\"@id\":\"https:\\\/\\\/arealorcaradio.es\\\/#website\"},\"primaryImageOfPage\":{\"@id\":\"https:\\\/\\\/arealorcaradio.es\\\/index.php\\\/2024\\\/12\\\/16\\\/papa-noel-inaugurara-la-casita-de-navidad-en-huerto-ruano-tras-la-cabalgata-de-la-ilusion-de-lorca\\\/#primaryimage\"},\"image\":{\"@id\":\"https:\\\/\\\/arealorcaradio.es\\\/index.php\\\/2024\\\/12\\\/16\\\/papa-noel-inaugurara-la-casita-de-navidad-en-huerto-ruano-tras-la-cabalgata-de-la-ilusion-de-lorca\\\/#primaryimage\"},\"thumbnailUrl\":\"https:\\\/\\\/arealorcaradio.es\\\/wp-content\\\/uploads\\\/2024\\\/12\\\/FOTO1-CASITA.jpeg\",\"datePublished\":\"2024-12-16T16:48:08+00:00\",\"dateModified\":\"2025-01-15T17:17:20+00:00\",\"author\":{\"@id\":\"https:\\\/\\\/arealorcaradio.es\\\/#\\\/schema\\\/person\\\/9fae605fc25b0f2c83c1ab207139bd27\"},\"breadcrumb\":{\"@id\":\"https:\\\/\\\/arealorcaradio.es\\\/index.php\\\/2024\\\/12\\\/16\\\/papa-noel-inaugurara-la-casita-de-navidad-en-huerto-ruano-tras-la-cabalgata-de-la-ilusion-de-lorca\\\/#breadcrumb\"},\"inLanguage\":\"es\",\"potentialAction\":[{\"@type\":\"ReadAction\",\"target\":[\"https:\\\/\\\/arealorcaradio.es\\\/index.php\\\/2024\\\/12\\\/16\\\/papa-noel-inaugurara-la-casita-de-navidad-en-huerto-ruano-tras-la-cabalgata-de-la-ilusion-de-lorca\\\/\"]}]},{\"@type\":\"ImageObject\",\"inLanguage\":\"es\",\"@id\":\"https:\\\/\\\/arealorcaradio.es\\\/index.php\\\/2024\\\/12\\\/16\\\/papa-noel-inaugurara-la-casita-de-navidad-en-huerto-ruano-tras-la-cabalgata-de-la-ilusion-de-lorca\\\/#primaryimage\",\"url\":\"https:\\\/\\\/arealorcaradio.es\\\/wp-content\\\/uploads\\\/2024\\\/12\\\/FOTO1-CASITA.jpeg\",\"contentUrl\":\"https:\\\/\\\/arealorcaradio.es\\\/wp-content\\\/uploads\\\/2024\\\/12\\\/FOTO1-CASITA.jpeg\",\"width\":1600,\"height\":1066},{\"@type\":\"BreadcrumbList\",\"@id\":\"https:\\\/\\\/arealorcaradio.es\\\/index.php\\\/2024\\\/12\\\/16\\\/papa-noel-inaugurara-la-casita-de-navidad-en-huerto-ruano-tras-la-cabalgata-de-la-ilusion-de-lorca\\\/#breadcrumb\",\"itemListElement\":[{\"@type\":\"ListItem\",\"position\":1,\"name\":\"Portada\",\"item\":\"https:\\\/\\\/arealorcaradio.es\\\/\"},{\"@type\":\"ListItem\",\"position\":2,\"name\":\"Pap\u00e1 Noel inaugurar\u00e1 la &#8216;Casita de Navidad&#8217; en Huerto Ruano tras la Cabalgata de la Ilusi\u00f3n de Lorca\"}]},{\"@type\":\"WebSite\",\"@id\":\"https:\\\/\\\/arealorcaradio.es\\\/#website\",\"url\":\"https:\\\/\\\/arealorcaradio.es\\\/\",\"name\":\"AREA LORCA RADIO\",\"description\":\"Descubre la programaci\u00f3n actual en \u00c1rea Lorca Radio, tu fuente de entrenamiento y noticias locales. Sintoniza ahora y mantente conectado online.\",\"potentialAction\":[{\"@type\":\"SearchAction\",\"target\":{\"@type\":\"EntryPoint\",\"urlTemplate\":\"https:\\\/\\\/arealorcaradio.es\\\/?s={search_term_string}\"},\"query-input\":{\"@type\":\"PropertyValueSpecification\",\"valueRequired\":true,\"valueName\":\"search_term_string\"}}],\"inLanguage\":\"es\"},{\"@type\":\"Person\",\"@id\":\"https:\\\/\\\/arealorcaradio.es\\\/#\\\/schema\\\/person\\\/9fae605fc25b0f2c83c1ab207139bd27\",\"name\":\"Paco S\u00e1nchez\",\"image\":{\"@type\":\"ImageObject\",\"inLanguage\":\"es\",\"@id\":\"https:\\\/\\\/secure.gravatar.com\\\/avatar\\\/d67144e966420fb74aa84c9f2a0103be4724fd14db52b52d3b6bca749f257e79?s=96&d=mm&r=g\",\"url\":\"https:\\\/\\\/secure.gravatar.com\\\/avatar\\\/d67144e966420fb74aa84c9f2a0103be4724fd14db52b52d3b6bca749f257e79?s=96&d=mm&r=g\",\"contentUrl\":\"https:\\\/\\\/secure.gravatar.com\\\/avatar\\\/d67144e966420fb74aa84c9f2a0103be4724fd14db52b52d3b6bca749f257e79?s=96&d=mm&r=g\",\"caption\":\"Paco S\u00e1nchez\"},\"sameAs\":[\"https:\\\/\\\/arealorcaradio.es\"],\"url\":\"https:\\\/\\\/arealorcaradio.es\\\/index.php\\\/author\\\/admin_alorcaradio\\\/\"}]}<\/script>\n<!-- \/ Yoast SEO plugin. -->","yoast_head_json":{"title":"Pap\u00e1 Noel inaugurar\u00e1 la 'Casita de Navidad' en Huerto Ruano tras la Cabalgata de la Ilusi\u00f3n de Lorca - AREA LORCA RADIO","robots":{"index":"index","follow":"follow","max-snippet":"max-snippet:-1","max-image-preview":"max-image-preview:large","max-video-preview":"max-video-preview:-1"},"canonical":"https:\/\/arealorcaradio.es\/index.php\/2024\/12\/16\/papa-noel-inaugurara-la-casita-de-navidad-en-huerto-ruano-tras-la-cabalgata-de-la-ilusion-de-lorca\/","og_locale":"es_ES","og_type":"article","og_title":"Pap\u00e1 Noel inaugurar\u00e1 la 'Casita de Navidad' en Huerto Ruano tras la Cabalgata de la Ilusi\u00f3n de Lorca - AREA LORCA RADIO","og_description":"\u00c1REA LORCA RADIO. Marina S\u00e1nchez. Lunes, 16 de diciembre de 2024. El viejo Palacete de Huerto Ruano se transformar\u00e1 en los pr\u00f3ximos d\u00edas en la aldea del Polo Norte de Pap\u00e1 Noel. El monumento, de estilo ecl\u00e9ctico, est\u00e1 rodeado por un jard\u00edn hist\u00f3rico con paseos que permiten recorridos hasta la &#8216;Casita de la Navidad&#8217;, donde [&hellip;]","og_url":"https:\/\/arealorcaradio.es\/index.php\/2024\/12\/16\/papa-noel-inaugurara-la-casita-de-navidad-en-huerto-ruano-tras-la-cabalgata-de-la-ilusion-de-lorca\/","og_site_name":"AREA LORCA RADIO","article_published_time":"2024-12-16T16:48:08+00:00","article_modified_time":"2025-01-15T17:17:20+00:00","og_image":[{"width":1600,"height":1066,"url":"https:\/\/arealorcaradio.es\/wp-content\/uploads\/2024\/12\/FOTO1-CASITA.jpeg","type":"image\/jpeg"}],"author":"Paco S\u00e1nchez","twitter_card":"summary_large_image","twitter_misc":{"Escrito por":"Paco S\u00e1nchez","Tiempo de lectura":"4 minutos"},"schema":{"@context":"https:\/\/schema.org","@graph":[{"@type":"Article","@id":"https:\/\/arealorcaradio.es\/index.php\/2024\/12\/16\/papa-noel-inaugurara-la-casita-de-navidad-en-huerto-ruano-tras-la-cabalgata-de-la-ilusion-de-lorca\/#article","isPartOf":{"@id":"https:\/\/arealorcaradio.es\/index.php\/2024\/12\/16\/papa-noel-inaugurara-la-casita-de-navidad-en-huerto-ruano-tras-la-cabalgata-de-la-ilusion-de-lorca\/"},"author":{"name":"Paco S\u00e1nchez","@id":"https:\/\/arealorcaradio.es\/#\/schema\/person\/9fae605fc25b0f2c83c1ab207139bd27"},"headline":"Pap\u00e1 Noel inaugurar\u00e1 la &#8216;Casita de Navidad&#8217; en Huerto Ruano tras la Cabalgata de la Ilusi\u00f3n de Lorca","datePublished":"2024-12-16T16:48:08+00:00","dateModified":"2025-01-15T17:17:20+00:00","mainEntityOfPage":{"@id":"https:\/\/arealorcaradio.es\/index.php\/2024\/12\/16\/papa-noel-inaugurara-la-casita-de-navidad-en-huerto-ruano-tras-la-cabalgata-de-la-ilusion-de-lorca\/"},"wordCount":660,"commentCount":0,"image":{"@id":"https:\/\/arealorcaradio.es\/index.php\/2024\/12\/16\/papa-noel-inaugurara-la-casita-de-navidad-en-huerto-ruano-tras-la-cabalgata-de-la-ilusion-de-lorca\/#primaryimage"},"thumbnailUrl":"https:\/\/arealorcaradio.es\/wp-content\/uploads\/2024\/12\/FOTO1-CASITA.jpeg","articleSection":["ACTUALIDAD","LORCA"],"inLanguage":"es","potentialAction":[{"@type":"CommentAction","name":"Comment","target":["https:\/\/arealorcaradio.es\/index.php\/2024\/12\/16\/papa-noel-inaugurara-la-casita-de-navidad-en-huerto-ruano-tras-la-cabalgata-de-la-ilusion-de-lorca\/#respond"]}]},{"@type":"WebPage","@id":"https:\/\/arealorcaradio.es\/index.php\/2024\/12\/16\/papa-noel-inaugurara-la-casita-de-navidad-en-huerto-ruano-tras-la-cabalgata-de-la-ilusion-de-lorca\/","url":"https:\/\/arealorcaradio.es\/index.php\/2024\/12\/16\/papa-noel-inaugurara-la-casita-de-navidad-en-huerto-ruano-tras-la-cabalgata-de-la-ilusion-de-lorca\/","name":"Pap\u00e1 Noel inaugurar\u00e1 la 'Casita de Navidad' en Huerto Ruano tras la Cabalgata de la Ilusi\u00f3n de Lorca - AREA LORCA RADIO","isPartOf":{"@id":"https:\/\/arealorcaradio.es\/#website"},"primaryImageOfPage":{"@id":"https:\/\/arealorcaradio.es\/index.php\/2024\/12\/16\/papa-noel-inaugurara-la-casita-de-navidad-en-huerto-ruano-tras-la-cabalgata-de-la-ilusion-de-lorca\/#primaryimage"},"image":{"@id":"https:\/\/arealorcaradio.es\/index.php\/2024\/12\/16\/papa-noel-inaugurara-la-casita-de-navidad-en-huerto-ruano-tras-la-cabalgata-de-la-ilusion-de-lorca\/#primaryimage"},"thumbnailUrl":"https:\/\/arealorcaradio.es\/wp-content\/uploads\/2024\/12\/FOTO1-CASITA.jpeg","datePublished":"2024-12-16T16:48:08+00:00","dateModified":"2025-01-15T17:17:20+00:00","author":{"@id":"https:\/\/arealorcaradio.es\/#\/schema\/person\/9fae605fc25b0f2c83c1ab207139bd27"},"breadcrumb":{"@id":"https:\/\/arealorcaradio.es\/index.php\/2024\/12\/16\/papa-noel-inaugurara-la-casita-de-navidad-en-huerto-ruano-tras-la-cabalgata-de-la-ilusion-de-lorca\/#breadcrumb"},"inLanguage":"es","potentialAction":[{"@type":"ReadAction","target":["https:\/\/arealorcaradio.es\/index.php\/2024\/12\/16\/papa-noel-inaugurara-la-casita-de-navidad-en-huerto-ruano-tras-la-cabalgata-de-la-ilusion-de-lorca\/"]}]},{"@type":"ImageObject","inLanguage":"es","@id":"https:\/\/arealorcaradio.es\/index.php\/2024\/12\/16\/papa-noel-inaugurara-la-casita-de-navidad-en-huerto-ruano-tras-la-cabalgata-de-la-ilusion-de-lorca\/#primaryimage","url":"https:\/\/arealorcaradio.es\/wp-content\/uploads\/2024\/12\/FOTO1-CASITA.jpeg","contentUrl":"https:\/\/arealorcaradio.es\/wp-content\/uploads\/2024\/12\/FOTO1-CASITA.jpeg","width":1600,"height":1066},{"@type":"BreadcrumbList","@id":"https:\/\/arealorcaradio.es\/index.php\/2024\/12\/16\/papa-noel-inaugurara-la-casita-de-navidad-en-huerto-ruano-tras-la-cabalgata-de-la-ilusion-de-lorca\/#breadcrumb","itemListElement":[{"@type":"ListItem","position":1,"name":"Portada","item":"https:\/\/arealorcaradio.es\/"},{"@type":"ListItem","position":2,"name":"Pap\u00e1 Noel inaugurar\u00e1 la &#8216;Casita de Navidad&#8217; en Huerto Ruano tras la Cabalgata de la Ilusi\u00f3n de Lorca"}]},{"@type":"WebSite","@id":"https:\/\/arealorcaradio.es\/#website","url":"https:\/\/arealorcaradio.es\/","name":"AREA LORCA RADIO","description":"Descubre la programaci\u00f3n actual en \u00c1rea Lorca Radio, tu fuente de entrenamiento y noticias locales. Sintoniza ahora y mantente conectado online.","potentialAction":[{"@type":"SearchAction","target":{"@type":"EntryPoint","urlTemplate":"https:\/\/arealorcaradio.es\/?s={search_term_string}"},"query-input":{"@type":"PropertyValueSpecification","valueRequired":true,"valueName":"search_term_string"}}],"inLanguage":"es"},{"@type":"Person","@id":"https:\/\/arealorcaradio.es\/#\/schema\/person\/9fae605fc25b0f2c83c1ab207139bd27","name":"Paco S\u00e1nchez","image":{"@type":"ImageObject","inLanguage":"es","@id":"https:\/\/secure.gravatar.com\/avatar\/d67144e966420fb74aa84c9f2a0103be4724fd14db52b52d3b6bca749f257e79?s=96&d=mm&r=g","url":"https:\/\/secure.gravatar.com\/avatar\/d67144e966420fb74aa84c9f2a0103be4724fd14db52b52d3b6bca749f257e79?s=96&d=mm&r=g","contentUrl":"https:\/\/secure.gravatar.com\/avatar\/d67144e966420fb74aa84c9f2a0103be4724fd14db52b52d3b6bca749f257e79?s=96&d=mm&r=g","caption":"Paco S\u00e1nchez"},"sameAs":["https:\/\/arealorcaradio.es"],"url":"https:\/\/arealorcaradio.es\/index.php\/author\/admin_alorcaradio\/"}]}},"_links":{"self":[{"href":"https:\/\/arealorcaradio.es\/index.php\/wp-json\/wp\/v2\/posts\/5004","targetHints":{"allow":["GET"]}}],"collection":[{"href":"https:\/\/arealorcaradio.es\/index.php\/wp-json\/wp\/v2\/posts"}],"about":[{"href":"https:\/\/arealorcaradio.es\/index.php\/wp-json\/wp\/v2\/types\/post"}],"author":[{"embeddable":true,"href":"https:\/\/arealorcaradio.es\/index.php\/wp-json\/wp\/v2\/users\/1"}],"replies":[{"embeddable":true,"href":"https:\/\/arealorcaradio.es\/index.php\/wp-json\/wp\/v2\/comments?post=5004"}],"version-history":[{"count":3,"href":"https:\/\/arealorcaradio.es\/index.php\/wp-json\/wp\/v2\/posts\/5004\/revisions"}],"predecessor-version":[{"id":5195,"href":"https:\/\/arealorcaradio.es\/index.php\/wp-json\/wp\/v2\/posts\/5004\/revisions\/5195"}],"wp:featuredmedia":[{"embeddable":true,"href":"https:\/\/arealorcaradio.es\/index.php\/wp-json\/wp\/v2\/media\/5005"}],"wp:attachment":[{"href":"https:\/\/arealorcaradio.es\/index.php\/wp-json\/wp\/v2\/media?parent=5004"}],"wp:term":[{"taxonomy":"category","embeddable":true,"href":"https:\/\/arealorcaradio.es\/index.php\/wp-json\/wp\/v2\/categories?post=5004"},{"taxonomy":"post_tag","embeddable":true,"href":"https:\/\/arealorcaradio.es\/index.php\/wp-json\/wp\/v2\/tags?post=5004"}],"curies":[{"name":"wp","href":"https:\/\/api.w.org\/{rel}","templated":true}]}}