{"id":4935,"date":"2024-12-11T18:13:25","date_gmt":"2024-12-11T18:13:25","guid":{"rendered":"https:\/\/arealorcaradio.es\/?p=4935"},"modified":"2024-12-11T18:13:25","modified_gmt":"2024-12-11T18:13:25","slug":"mary-carmen-romero-peleara-este-jueves-por-su-primer-titulo-mundial-en-hamburgo","status":"publish","type":"post","link":"https:\/\/arealorcaradio.es\/index.php\/2024\/12\/11\/mary-carmen-romero-peleara-este-jueves-por-su-primer-titulo-mundial-en-hamburgo\/","title":{"rendered":"Mary Carmen Romero pelear\u00e1 este jueves por su primer t\u00edtulo mundial en Hamburgo"},"content":{"rendered":"<p>\u00c1REA LORCA RADIO.<\/p>\n<p>La tres veces campeona de Europa en 2020, 2021 y 2022, Mary Carmen Romero se encuentra en la ciudad alemana de Hamburgo donde este jueves por la noche buscar\u00e1 su primer cintur\u00f3n de campeona del mundo frente a la mexicana Asley Gonz\u00e1lez Mac\u00edas \u00abChiquita\u00bb, actual poseedora del titulo del Consejo Mundial de Boxeo (CMB) del peso supermosca. Maribicho, como es conocida la de Puerto Lumbreras, busca a sus 39 a\u00f1os un t\u00edtulo con el que culminar\u00eda su espectacular carrera deportiva.<\/p>\n<p>Enfrente estar\u00e1 la mexicana de 31 a\u00f1os Asley Gonz\u00e1lez, qui\u00e9n cuenta con un bagaje de 16 victorias en los 18 combates con siete KO.<\/p>\n<p>El escenario de la velada ser\u00e1 el Grand Elys\u00e9e Rotherbaum de Hamburgo, se podr\u00e1 seguir en directo a trav\u00e9s de DAZN y en el municipio de Puerto Lumbreras el Ayuntamiento ha instalado una pantalla gigante para seguir la pelea de su campeona.<\/p>\n<p><img loading=\"lazy\" decoding=\"async\" class=\"alignnone wp-image-4937\" src=\"https:\/\/arealorcaradio.es\/wp-content\/uploads\/2024\/12\/IMG-20241211-WA0036-291x300.jpg\" alt=\"\" width=\"272\" height=\"280\" srcset=\"https:\/\/arealorcaradio.es\/wp-content\/uploads\/2024\/12\/IMG-20241211-WA0036-291x300.jpg 291w, https:\/\/arealorcaradio.es\/wp-content\/uploads\/2024\/12\/IMG-20241211-WA0036-993x1024.jpg 993w, https:\/\/arealorcaradio.es\/wp-content\/uploads\/2024\/12\/IMG-20241211-WA0036-768x792.jpg 768w, https:\/\/arealorcaradio.es\/wp-content\/uploads\/2024\/12\/IMG-20241211-WA0036.jpg 1152w\" sizes=\"auto, (max-width: 272px) 100vw, 272px\" \/> \u00a0<img loading=\"lazy\" decoding=\"async\" class=\"alignnone wp-image-4939\" src=\"https:\/\/arealorcaradio.es\/wp-content\/uploads\/2024\/12\/IMG-20241211-WA0047-225x300.jpg\" alt=\"\" width=\"210\" height=\"280\" srcset=\"https:\/\/arealorcaradio.es\/wp-content\/uploads\/2024\/12\/IMG-20241211-WA0047-225x300.jpg 225w, https:\/\/arealorcaradio.es\/wp-content\/uploads\/2024\/12\/IMG-20241211-WA0047-768x1024.jpg 768w, https:\/\/arealorcaradio.es\/wp-content\/uploads\/2024\/12\/IMG-20241211-WA0047-1152x1536.jpg 1152w, https:\/\/arealorcaradio.es\/wp-content\/uploads\/2024\/12\/IMG-20241211-WA0047.jpg 1200w\" sizes=\"auto, (max-width: 210px) 100vw, 210px\" \/> \u00a0<img loading=\"lazy\" decoding=\"async\" class=\"alignnone wp-image-4940\" src=\"https:\/\/arealorcaradio.es\/wp-content\/uploads\/2024\/12\/IMG-20241211-WA0049-234x300.jpg\" alt=\"\" width=\"218\" height=\"280\" srcset=\"https:\/\/arealorcaradio.es\/wp-content\/uploads\/2024\/12\/IMG-20241211-WA0049-234x300.jpg 234w, https:\/\/arealorcaradio.es\/wp-content\/uploads\/2024\/12\/IMG-20241211-WA0049-799x1024.jpg 799w, https:\/\/arealorcaradio.es\/wp-content\/uploads\/2024\/12\/IMG-20241211-WA0049-768x984.jpg 768w, https:\/\/arealorcaradio.es\/wp-content\/uploads\/2024\/12\/IMG-20241211-WA0049.jpg 1200w\" sizes=\"auto, (max-width: 218px) 100vw, 218px\" \/>Escucha aqu\u00ed la intervenci\u00f3n desde Hamburgo de Mary Carmen Romero en el programa \u00c1rea Lorca Deportes, con Paco S\u00e1nchez.<\/p>\n<audio class=\"wp-audio-shortcode\" id=\"audio-4935-1\" preload=\"none\" style=\"width: 100%;\" controls=\"controls\"><source type=\"audio\/mpeg\" src=\"https:\/\/arealorcaradio.es\/wp-content\/uploads\/2024\/12\/111224-MARY-ROMERO.-DESDE-HAMBURGO.mp3?_=1\" \/><a href=\"https:\/\/arealorcaradio.es\/wp-content\/uploads\/2024\/12\/111224-MARY-ROMERO.-DESDE-HAMBURGO.mp3\">https:\/\/arealorcaradio.es\/wp-content\/uploads\/2024\/12\/111224-MARY-ROMERO.-DESDE-HAMBURGO.mp3<\/a><\/audio>\n","protected":false},"excerpt":{"rendered":"<p>\u00c1REA LORCA RADIO. La tres veces campeona de Europa en 2020, 2021 y 2022, Mary Carmen Romero se encuentra en la ciudad alemana de Hamburgo donde este jueves por la noche buscar\u00e1 su primer cintur\u00f3n de campeona del mundo frente a la mexicana Asley Gonz\u00e1lez Mac\u00edas \u00abChiquita\u00bb, actual poseedora del titulo del Consejo Mundial de [&hellip;]<\/p>\n","protected":false},"author":1,"featured_media":4942,"comment_status":"open","ping_status":"open","sticky":false,"template":"","format":"standard","meta":{"iawp_total_views":35,"footnotes":""},"categories":[4,9],"tags":[],"class_list":["post-4935","post","type-post","status-publish","format-standard","has-post-thumbnail","hentry","category-deportes","category-puerto-lumbreras"],"yoast_head":"<!-- This site is optimized with the Yoast SEO plugin v27.5 - https:\/\/yoast.com\/product\/yoast-seo-wordpress\/ -->\n<title>Mary Carmen Romero pelear\u00e1 este jueves por su primer t\u00edtulo mundial en Hamburgo - AREA LORCA RADIO<\/title>\n<meta name=\"robots\" content=\"index, follow, max-snippet:-1, max-image-preview:large, max-video-preview:-1\" \/>\n<link rel=\"canonical\" href=\"https:\/\/arealorcaradio.es\/index.php\/2024\/12\/11\/mary-carmen-romero-peleara-este-jueves-por-su-primer-titulo-mundial-en-hamburgo\/\" \/>\n<meta property=\"og:locale\" content=\"es_ES\" \/>\n<meta property=\"og:type\" content=\"article\" \/>\n<meta property=\"og:title\" content=\"Mary Carmen Romero pelear\u00e1 este jueves por su primer t\u00edtulo mundial en Hamburgo - AREA LORCA RADIO\" \/>\n<meta property=\"og:description\" content=\"\u00c1REA LORCA RADIO. La tres veces campeona de Europa en 2020, 2021 y 2022, Mary Carmen Romero se encuentra en la ciudad alemana de Hamburgo donde este jueves por la noche buscar\u00e1 su primer cintur\u00f3n de campeona del mundo frente a la mexicana Asley Gonz\u00e1lez Mac\u00edas \u00abChiquita\u00bb, actual poseedora del titulo del Consejo Mundial de [&hellip;]\" \/>\n<meta property=\"og:url\" content=\"https:\/\/arealorcaradio.es\/index.php\/2024\/12\/11\/mary-carmen-romero-peleara-este-jueves-por-su-primer-titulo-mundial-en-hamburgo\/\" \/>\n<meta property=\"og:site_name\" content=\"AREA LORCA RADIO\" \/>\n<meta property=\"article:published_time\" content=\"2024-12-11T18:13:25+00:00\" \/>\n<meta property=\"og:image\" content=\"https:\/\/arealorcaradio.es\/wp-content\/uploads\/2024\/12\/Mary-Romero-y-Paco-Ponce.-Boxeo-scaled.jpg\" \/>\n\t<meta property=\"og:image:width\" content=\"2560\" \/>\n\t<meta property=\"og:image:height\" content=\"1920\" \/>\n\t<meta property=\"og:image:type\" content=\"image\/jpeg\" \/>\n<meta name=\"author\" content=\"Paco S\u00e1nchez\" \/>\n<meta name=\"twitter:card\" content=\"summary_large_image\" \/>\n<meta name=\"twitter:label1\" content=\"Escrito por\" \/>\n\t<meta name=\"twitter:data1\" content=\"Paco S\u00e1nchez\" \/>\n\t<meta name=\"twitter:label2\" content=\"Tiempo de lectura\" \/>\n\t<meta name=\"twitter:data2\" content=\"2 minutos\" \/>\n<script type=\"application\/ld+json\" class=\"yoast-schema-graph\">{\"@context\":\"https:\\\/\\\/schema.org\",\"@graph\":[{\"@type\":\"Article\",\"@id\":\"https:\\\/\\\/arealorcaradio.es\\\/index.php\\\/2024\\\/12\\\/11\\\/mary-carmen-romero-peleara-este-jueves-por-su-primer-titulo-mundial-en-hamburgo\\\/#article\",\"isPartOf\":{\"@id\":\"https:\\\/\\\/arealorcaradio.es\\\/index.php\\\/2024\\\/12\\\/11\\\/mary-carmen-romero-peleara-este-jueves-por-su-primer-titulo-mundial-en-hamburgo\\\/\"},\"author\":{\"name\":\"Paco S\u00e1nchez\",\"@id\":\"https:\\\/\\\/arealorcaradio.es\\\/#\\\/schema\\\/person\\\/9fae605fc25b0f2c83c1ab207139bd27\"},\"headline\":\"Mary Carmen Romero pelear\u00e1 este jueves por su primer t\u00edtulo mundial en Hamburgo\",\"datePublished\":\"2024-12-11T18:13:25+00:00\",\"mainEntityOfPage\":{\"@id\":\"https:\\\/\\\/arealorcaradio.es\\\/index.php\\\/2024\\\/12\\\/11\\\/mary-carmen-romero-peleara-este-jueves-por-su-primer-titulo-mundial-en-hamburgo\\\/\"},\"wordCount\":199,\"commentCount\":0,\"image\":{\"@id\":\"https:\\\/\\\/arealorcaradio.es\\\/index.php\\\/2024\\\/12\\\/11\\\/mary-carmen-romero-peleara-este-jueves-por-su-primer-titulo-mundial-en-hamburgo\\\/#primaryimage\"},\"thumbnailUrl\":\"https:\\\/\\\/arealorcaradio.es\\\/wp-content\\\/uploads\\\/2024\\\/12\\\/Mary-Romero-y-Paco-Ponce.-Boxeo-scaled.jpg\",\"articleSection\":[\"DEPORTES\",\"PUERTO LUMBRERAS\"],\"inLanguage\":\"es\",\"potentialAction\":[{\"@type\":\"CommentAction\",\"name\":\"Comment\",\"target\":[\"https:\\\/\\\/arealorcaradio.es\\\/index.php\\\/2024\\\/12\\\/11\\\/mary-carmen-romero-peleara-este-jueves-por-su-primer-titulo-mundial-en-hamburgo\\\/#respond\"]}]},{\"@type\":\"WebPage\",\"@id\":\"https:\\\/\\\/arealorcaradio.es\\\/index.php\\\/2024\\\/12\\\/11\\\/mary-carmen-romero-peleara-este-jueves-por-su-primer-titulo-mundial-en-hamburgo\\\/\",\"url\":\"https:\\\/\\\/arealorcaradio.es\\\/index.php\\\/2024\\\/12\\\/11\\\/mary-carmen-romero-peleara-este-jueves-por-su-primer-titulo-mundial-en-hamburgo\\\/\",\"name\":\"Mary Carmen Romero pelear\u00e1 este jueves por su primer t\u00edtulo mundial en Hamburgo - AREA LORCA RADIO\",\"isPartOf\":{\"@id\":\"https:\\\/\\\/arealorcaradio.es\\\/#website\"},\"primaryImageOfPage\":{\"@id\":\"https:\\\/\\\/arealorcaradio.es\\\/index.php\\\/2024\\\/12\\\/11\\\/mary-carmen-romero-peleara-este-jueves-por-su-primer-titulo-mundial-en-hamburgo\\\/#primaryimage\"},\"image\":{\"@id\":\"https:\\\/\\\/arealorcaradio.es\\\/index.php\\\/2024\\\/12\\\/11\\\/mary-carmen-romero-peleara-este-jueves-por-su-primer-titulo-mundial-en-hamburgo\\\/#primaryimage\"},\"thumbnailUrl\":\"https:\\\/\\\/arealorcaradio.es\\\/wp-content\\\/uploads\\\/2024\\\/12\\\/Mary-Romero-y-Paco-Ponce.-Boxeo-scaled.jpg\",\"datePublished\":\"2024-12-11T18:13:25+00:00\",\"author\":{\"@id\":\"https:\\\/\\\/arealorcaradio.es\\\/#\\\/schema\\\/person\\\/9fae605fc25b0f2c83c1ab207139bd27\"},\"breadcrumb\":{\"@id\":\"https:\\\/\\\/arealorcaradio.es\\\/index.php\\\/2024\\\/12\\\/11\\\/mary-carmen-romero-peleara-este-jueves-por-su-primer-titulo-mundial-en-hamburgo\\\/#breadcrumb\"},\"inLanguage\":\"es\",\"potentialAction\":[{\"@type\":\"ReadAction\",\"target\":[\"https:\\\/\\\/arealorcaradio.es\\\/index.php\\\/2024\\\/12\\\/11\\\/mary-carmen-romero-peleara-este-jueves-por-su-primer-titulo-mundial-en-hamburgo\\\/\"]}]},{\"@type\":\"ImageObject\",\"inLanguage\":\"es\",\"@id\":\"https:\\\/\\\/arealorcaradio.es\\\/index.php\\\/2024\\\/12\\\/11\\\/mary-carmen-romero-peleara-este-jueves-por-su-primer-titulo-mundial-en-hamburgo\\\/#primaryimage\",\"url\":\"https:\\\/\\\/arealorcaradio.es\\\/wp-content\\\/uploads\\\/2024\\\/12\\\/Mary-Romero-y-Paco-Ponce.-Boxeo-scaled.jpg\",\"contentUrl\":\"https:\\\/\\\/arealorcaradio.es\\\/wp-content\\\/uploads\\\/2024\\\/12\\\/Mary-Romero-y-Paco-Ponce.-Boxeo-scaled.jpg\",\"width\":2560,\"height\":1920},{\"@type\":\"BreadcrumbList\",\"@id\":\"https:\\\/\\\/arealorcaradio.es\\\/index.php\\\/2024\\\/12\\\/11\\\/mary-carmen-romero-peleara-este-jueves-por-su-primer-titulo-mundial-en-hamburgo\\\/#breadcrumb\",\"itemListElement\":[{\"@type\":\"ListItem\",\"position\":1,\"name\":\"Portada\",\"item\":\"https:\\\/\\\/arealorcaradio.es\\\/\"},{\"@type\":\"ListItem\",\"position\":2,\"name\":\"Mary Carmen Romero pelear\u00e1 este jueves por su primer t\u00edtulo mundial en Hamburgo\"}]},{\"@type\":\"WebSite\",\"@id\":\"https:\\\/\\\/arealorcaradio.es\\\/#website\",\"url\":\"https:\\\/\\\/arealorcaradio.es\\\/\",\"name\":\"AREA LORCA RADIO\",\"description\":\"Descubre la programaci\u00f3n actual en \u00c1rea Lorca Radio, tu fuente de entrenamiento y noticias locales. Sintoniza ahora y mantente conectado online.\",\"potentialAction\":[{\"@type\":\"SearchAction\",\"target\":{\"@type\":\"EntryPoint\",\"urlTemplate\":\"https:\\\/\\\/arealorcaradio.es\\\/?s={search_term_string}\"},\"query-input\":{\"@type\":\"PropertyValueSpecification\",\"valueRequired\":true,\"valueName\":\"search_term_string\"}}],\"inLanguage\":\"es\"},{\"@type\":\"Person\",\"@id\":\"https:\\\/\\\/arealorcaradio.es\\\/#\\\/schema\\\/person\\\/9fae605fc25b0f2c83c1ab207139bd27\",\"name\":\"Paco S\u00e1nchez\",\"image\":{\"@type\":\"ImageObject\",\"inLanguage\":\"es\",\"@id\":\"https:\\\/\\\/secure.gravatar.com\\\/avatar\\\/d67144e966420fb74aa84c9f2a0103be4724fd14db52b52d3b6bca749f257e79?s=96&d=mm&r=g\",\"url\":\"https:\\\/\\\/secure.gravatar.com\\\/avatar\\\/d67144e966420fb74aa84c9f2a0103be4724fd14db52b52d3b6bca749f257e79?s=96&d=mm&r=g\",\"contentUrl\":\"https:\\\/\\\/secure.gravatar.com\\\/avatar\\\/d67144e966420fb74aa84c9f2a0103be4724fd14db52b52d3b6bca749f257e79?s=96&d=mm&r=g\",\"caption\":\"Paco S\u00e1nchez\"},\"sameAs\":[\"https:\\\/\\\/arealorcaradio.es\"],\"url\":\"https:\\\/\\\/arealorcaradio.es\\\/index.php\\\/author\\\/admin_alorcaradio\\\/\"}]}<\/script>\n<!-- \/ Yoast SEO plugin. -->","yoast_head_json":{"title":"Mary Carmen Romero pelear\u00e1 este jueves por su primer t\u00edtulo mundial en Hamburgo - AREA LORCA RADIO","robots":{"index":"index","follow":"follow","max-snippet":"max-snippet:-1","max-image-preview":"max-image-preview:large","max-video-preview":"max-video-preview:-1"},"canonical":"https:\/\/arealorcaradio.es\/index.php\/2024\/12\/11\/mary-carmen-romero-peleara-este-jueves-por-su-primer-titulo-mundial-en-hamburgo\/","og_locale":"es_ES","og_type":"article","og_title":"Mary Carmen Romero pelear\u00e1 este jueves por su primer t\u00edtulo mundial en Hamburgo - AREA LORCA RADIO","og_description":"\u00c1REA LORCA RADIO. La tres veces campeona de Europa en 2020, 2021 y 2022, Mary Carmen Romero se encuentra en la ciudad alemana de Hamburgo donde este jueves por la noche buscar\u00e1 su primer cintur\u00f3n de campeona del mundo frente a la mexicana Asley Gonz\u00e1lez Mac\u00edas \u00abChiquita\u00bb, actual poseedora del titulo del Consejo Mundial de [&hellip;]","og_url":"https:\/\/arealorcaradio.es\/index.php\/2024\/12\/11\/mary-carmen-romero-peleara-este-jueves-por-su-primer-titulo-mundial-en-hamburgo\/","og_site_name":"AREA LORCA RADIO","article_published_time":"2024-12-11T18:13:25+00:00","og_image":[{"width":2560,"height":1920,"url":"https:\/\/arealorcaradio.es\/wp-content\/uploads\/2024\/12\/Mary-Romero-y-Paco-Ponce.-Boxeo-scaled.jpg","type":"image\/jpeg"}],"author":"Paco S\u00e1nchez","twitter_card":"summary_large_image","twitter_misc":{"Escrito por":"Paco S\u00e1nchez","Tiempo de lectura":"2 minutos"},"schema":{"@context":"https:\/\/schema.org","@graph":[{"@type":"Article","@id":"https:\/\/arealorcaradio.es\/index.php\/2024\/12\/11\/mary-carmen-romero-peleara-este-jueves-por-su-primer-titulo-mundial-en-hamburgo\/#article","isPartOf":{"@id":"https:\/\/arealorcaradio.es\/index.php\/2024\/12\/11\/mary-carmen-romero-peleara-este-jueves-por-su-primer-titulo-mundial-en-hamburgo\/"},"author":{"name":"Paco S\u00e1nchez","@id":"https:\/\/arealorcaradio.es\/#\/schema\/person\/9fae605fc25b0f2c83c1ab207139bd27"},"headline":"Mary Carmen Romero pelear\u00e1 este jueves por su primer t\u00edtulo mundial en Hamburgo","datePublished":"2024-12-11T18:13:25+00:00","mainEntityOfPage":{"@id":"https:\/\/arealorcaradio.es\/index.php\/2024\/12\/11\/mary-carmen-romero-peleara-este-jueves-por-su-primer-titulo-mundial-en-hamburgo\/"},"wordCount":199,"commentCount":0,"image":{"@id":"https:\/\/arealorcaradio.es\/index.php\/2024\/12\/11\/mary-carmen-romero-peleara-este-jueves-por-su-primer-titulo-mundial-en-hamburgo\/#primaryimage"},"thumbnailUrl":"https:\/\/arealorcaradio.es\/wp-content\/uploads\/2024\/12\/Mary-Romero-y-Paco-Ponce.-Boxeo-scaled.jpg","articleSection":["DEPORTES","PUERTO LUMBRERAS"],"inLanguage":"es","potentialAction":[{"@type":"CommentAction","name":"Comment","target":["https:\/\/arealorcaradio.es\/index.php\/2024\/12\/11\/mary-carmen-romero-peleara-este-jueves-por-su-primer-titulo-mundial-en-hamburgo\/#respond"]}]},{"@type":"WebPage","@id":"https:\/\/arealorcaradio.es\/index.php\/2024\/12\/11\/mary-carmen-romero-peleara-este-jueves-por-su-primer-titulo-mundial-en-hamburgo\/","url":"https:\/\/arealorcaradio.es\/index.php\/2024\/12\/11\/mary-carmen-romero-peleara-este-jueves-por-su-primer-titulo-mundial-en-hamburgo\/","name":"Mary Carmen Romero pelear\u00e1 este jueves por su primer t\u00edtulo mundial en Hamburgo - AREA LORCA RADIO","isPartOf":{"@id":"https:\/\/arealorcaradio.es\/#website"},"primaryImageOfPage":{"@id":"https:\/\/arealorcaradio.es\/index.php\/2024\/12\/11\/mary-carmen-romero-peleara-este-jueves-por-su-primer-titulo-mundial-en-hamburgo\/#primaryimage"},"image":{"@id":"https:\/\/arealorcaradio.es\/index.php\/2024\/12\/11\/mary-carmen-romero-peleara-este-jueves-por-su-primer-titulo-mundial-en-hamburgo\/#primaryimage"},"thumbnailUrl":"https:\/\/arealorcaradio.es\/wp-content\/uploads\/2024\/12\/Mary-Romero-y-Paco-Ponce.-Boxeo-scaled.jpg","datePublished":"2024-12-11T18:13:25+00:00","author":{"@id":"https:\/\/arealorcaradio.es\/#\/schema\/person\/9fae605fc25b0f2c83c1ab207139bd27"},"breadcrumb":{"@id":"https:\/\/arealorcaradio.es\/index.php\/2024\/12\/11\/mary-carmen-romero-peleara-este-jueves-por-su-primer-titulo-mundial-en-hamburgo\/#breadcrumb"},"inLanguage":"es","potentialAction":[{"@type":"ReadAction","target":["https:\/\/arealorcaradio.es\/index.php\/2024\/12\/11\/mary-carmen-romero-peleara-este-jueves-por-su-primer-titulo-mundial-en-hamburgo\/"]}]},{"@type":"ImageObject","inLanguage":"es","@id":"https:\/\/arealorcaradio.es\/index.php\/2024\/12\/11\/mary-carmen-romero-peleara-este-jueves-por-su-primer-titulo-mundial-en-hamburgo\/#primaryimage","url":"https:\/\/arealorcaradio.es\/wp-content\/uploads\/2024\/12\/Mary-Romero-y-Paco-Ponce.-Boxeo-scaled.jpg","contentUrl":"https:\/\/arealorcaradio.es\/wp-content\/uploads\/2024\/12\/Mary-Romero-y-Paco-Ponce.-Boxeo-scaled.jpg","width":2560,"height":1920},{"@type":"BreadcrumbList","@id":"https:\/\/arealorcaradio.es\/index.php\/2024\/12\/11\/mary-carmen-romero-peleara-este-jueves-por-su-primer-titulo-mundial-en-hamburgo\/#breadcrumb","itemListElement":[{"@type":"ListItem","position":1,"name":"Portada","item":"https:\/\/arealorcaradio.es\/"},{"@type":"ListItem","position":2,"name":"Mary Carmen Romero pelear\u00e1 este jueves por su primer t\u00edtulo mundial en Hamburgo"}]},{"@type":"WebSite","@id":"https:\/\/arealorcaradio.es\/#website","url":"https:\/\/arealorcaradio.es\/","name":"AREA LORCA RADIO","description":"Descubre la programaci\u00f3n actual en \u00c1rea Lorca Radio, tu fuente de entrenamiento y noticias locales. Sintoniza ahora y mantente conectado online.","potentialAction":[{"@type":"SearchAction","target":{"@type":"EntryPoint","urlTemplate":"https:\/\/arealorcaradio.es\/?s={search_term_string}"},"query-input":{"@type":"PropertyValueSpecification","valueRequired":true,"valueName":"search_term_string"}}],"inLanguage":"es"},{"@type":"Person","@id":"https:\/\/arealorcaradio.es\/#\/schema\/person\/9fae605fc25b0f2c83c1ab207139bd27","name":"Paco S\u00e1nchez","image":{"@type":"ImageObject","inLanguage":"es","@id":"https:\/\/secure.gravatar.com\/avatar\/d67144e966420fb74aa84c9f2a0103be4724fd14db52b52d3b6bca749f257e79?s=96&d=mm&r=g","url":"https:\/\/secure.gravatar.com\/avatar\/d67144e966420fb74aa84c9f2a0103be4724fd14db52b52d3b6bca749f257e79?s=96&d=mm&r=g","contentUrl":"https:\/\/secure.gravatar.com\/avatar\/d67144e966420fb74aa84c9f2a0103be4724fd14db52b52d3b6bca749f257e79?s=96&d=mm&r=g","caption":"Paco S\u00e1nchez"},"sameAs":["https:\/\/arealorcaradio.es"],"url":"https:\/\/arealorcaradio.es\/index.php\/author\/admin_alorcaradio\/"}]}},"_links":{"self":[{"href":"https:\/\/arealorcaradio.es\/index.php\/wp-json\/wp\/v2\/posts\/4935","targetHints":{"allow":["GET"]}}],"collection":[{"href":"https:\/\/arealorcaradio.es\/index.php\/wp-json\/wp\/v2\/posts"}],"about":[{"href":"https:\/\/arealorcaradio.es\/index.php\/wp-json\/wp\/v2\/types\/post"}],"author":[{"embeddable":true,"href":"https:\/\/arealorcaradio.es\/index.php\/wp-json\/wp\/v2\/users\/1"}],"replies":[{"embeddable":true,"href":"https:\/\/arealorcaradio.es\/index.php\/wp-json\/wp\/v2\/comments?post=4935"}],"version-history":[{"count":5,"href":"https:\/\/arealorcaradio.es\/index.php\/wp-json\/wp\/v2\/posts\/4935\/revisions"}],"predecessor-version":[{"id":4945,"href":"https:\/\/arealorcaradio.es\/index.php\/wp-json\/wp\/v2\/posts\/4935\/revisions\/4945"}],"wp:featuredmedia":[{"embeddable":true,"href":"https:\/\/arealorcaradio.es\/index.php\/wp-json\/wp\/v2\/media\/4942"}],"wp:attachment":[{"href":"https:\/\/arealorcaradio.es\/index.php\/wp-json\/wp\/v2\/media?parent=4935"}],"wp:term":[{"taxonomy":"category","embeddable":true,"href":"https:\/\/arealorcaradio.es\/index.php\/wp-json\/wp\/v2\/categories?post=4935"},{"taxonomy":"post_tag","embeddable":true,"href":"https:\/\/arealorcaradio.es\/index.php\/wp-json\/wp\/v2\/tags?post=4935"}],"curies":[{"name":"wp","href":"https:\/\/api.w.org\/{rel}","templated":true}]}}