{"id":4904,"date":"2024-12-05T21:28:59","date_gmt":"2024-12-05T21:28:59","guid":{"rendered":"https:\/\/arealorcaradio.es\/?p=4904"},"modified":"2024-12-05T21:28:59","modified_gmt":"2024-12-05T21:28:59","slug":"la-asociacion-mi-princesa-rett-pone-a-la-venta-sus-calendarios-solidarios-de-navidad-al-precio-de-10-euros","status":"publish","type":"post","link":"https:\/\/arealorcaradio.es\/index.php\/2024\/12\/05\/la-asociacion-mi-princesa-rett-pone-a-la-venta-sus-calendarios-solidarios-de-navidad-al-precio-de-10-euros\/","title":{"rendered":"La Asociaci\u00f3n Mi Princesa Rett pone a la venta sus calendarios solidarios de navidad al precio de 10 euros"},"content":{"rendered":"<p>\u00c1REA LORCA RADIO.<\/p>\n<p>Escucha aqu\u00ed la entrevista que ha concedido a Paco S\u00e1nchez en el magazine \u00c1rea Lorca Actualidad, Daniel Garc\u00eda, delegado de la Asociaci\u00f3n Mi Princesa Rett en el Levante y padre de la ni\u00f1a lorquina con S\u00edndrome de Rett, Daniela Garc\u00eda.<\/p>\n<p>Ya est\u00e1n a las venta los calendarios solidarios de navidad de la Asociaci\u00f3n y en Lorca se pueden encontrar en Ferreter\u00eda Las Siervas en el Barrio de San Jos\u00e9 con un precio de 10 euros y en las Redes Sociales de Daniel Garc\u00eda.<\/p>\n<audio class=\"wp-audio-shortcode\" id=\"audio-4904-1\" preload=\"none\" style=\"width: 100%;\" controls=\"controls\"><source type=\"audio\/mpeg\" src=\"https:\/\/arealorcaradio.es\/wp-content\/uploads\/2024\/12\/051224-DANIEL-GARCIA.-CALENDARIOS-PRINCESA-RETT.mp3?_=1\" \/><a href=\"https:\/\/arealorcaradio.es\/wp-content\/uploads\/2024\/12\/051224-DANIEL-GARCIA.-CALENDARIOS-PRINCESA-RETT.mp3\">https:\/\/arealorcaradio.es\/wp-content\/uploads\/2024\/12\/051224-DANIEL-GARCIA.-CALENDARIOS-PRINCESA-RETT.mp3<\/a><\/audio>\n<p><img loading=\"lazy\" decoding=\"async\" class=\"alignnone size-medium wp-image-4906\" src=\"https:\/\/arealorcaradio.es\/wp-content\/uploads\/2024\/12\/20241205_171541-300x225.jpg\" alt=\"\" width=\"300\" height=\"225\" \/> \u00a0<img loading=\"lazy\" decoding=\"async\" class=\"alignnone size-medium wp-image-4907\" src=\"https:\/\/arealorcaradio.es\/wp-content\/uploads\/2024\/12\/20241205_171640-300x225.jpg\" alt=\"\" width=\"300\" height=\"225\" srcset=\"https:\/\/arealorcaradio.es\/wp-content\/uploads\/2024\/12\/20241205_171640-300x225.jpg 300w, https:\/\/arealorcaradio.es\/wp-content\/uploads\/2024\/12\/20241205_171640-1024x768.jpg 1024w, https:\/\/arealorcaradio.es\/wp-content\/uploads\/2024\/12\/20241205_171640-768x576.jpg 768w, https:\/\/arealorcaradio.es\/wp-content\/uploads\/2024\/12\/20241205_171640-1536x1152.jpg 1536w, https:\/\/arealorcaradio.es\/wp-content\/uploads\/2024\/12\/20241205_171640-2048x1536.jpg 2048w, https:\/\/arealorcaradio.es\/wp-content\/uploads\/2024\/12\/20241205_171640-86x64.jpg 86w\" sizes=\"auto, (max-width: 300px) 100vw, 300px\" \/><\/p>\n","protected":false},"excerpt":{"rendered":"<p>\u00c1REA LORCA RADIO. Escucha aqu\u00ed la entrevista que ha concedido a Paco S\u00e1nchez en el magazine \u00c1rea Lorca Actualidad, Daniel Garc\u00eda, delegado de la Asociaci\u00f3n Mi Princesa Rett en el Levante y padre de la ni\u00f1a lorquina con S\u00edndrome de Rett, Daniela Garc\u00eda. Ya est\u00e1n a las venta los calendarios solidarios de navidad de la [&hellip;]<\/p>\n","protected":false},"author":1,"featured_media":4912,"comment_status":"open","ping_status":"open","sticky":false,"template":"","format":"standard","meta":{"iawp_total_views":47,"footnotes":""},"categories":[5,7],"tags":[],"class_list":["post-4904","post","type-post","status-publish","format-standard","has-post-thumbnail","hentry","category-actualidad","category-lorca"],"yoast_head":"<!-- This site is optimized with the Yoast SEO plugin v27.5 - https:\/\/yoast.com\/product\/yoast-seo-wordpress\/ -->\n<title>La Asociaci\u00f3n Mi Princesa Rett pone a la venta sus calendarios solidarios de navidad al precio de 10 euros - AREA LORCA RADIO<\/title>\n<meta name=\"robots\" content=\"index, follow, max-snippet:-1, max-image-preview:large, max-video-preview:-1\" \/>\n<link rel=\"canonical\" href=\"https:\/\/arealorcaradio.es\/index.php\/2024\/12\/05\/la-asociacion-mi-princesa-rett-pone-a-la-venta-sus-calendarios-solidarios-de-navidad-al-precio-de-10-euros\/\" \/>\n<meta property=\"og:locale\" content=\"es_ES\" \/>\n<meta property=\"og:type\" content=\"article\" \/>\n<meta property=\"og:title\" content=\"La Asociaci\u00f3n Mi Princesa Rett pone a la venta sus calendarios solidarios de navidad al precio de 10 euros - AREA LORCA RADIO\" \/>\n<meta property=\"og:description\" content=\"\u00c1REA LORCA RADIO. Escucha aqu\u00ed la entrevista que ha concedido a Paco S\u00e1nchez en el magazine \u00c1rea Lorca Actualidad, Daniel Garc\u00eda, delegado de la Asociaci\u00f3n Mi Princesa Rett en el Levante y padre de la ni\u00f1a lorquina con S\u00edndrome de Rett, Daniela Garc\u00eda. Ya est\u00e1n a las venta los calendarios solidarios de navidad de la [&hellip;]\" \/>\n<meta property=\"og:url\" content=\"https:\/\/arealorcaradio.es\/index.php\/2024\/12\/05\/la-asociacion-mi-princesa-rett-pone-a-la-venta-sus-calendarios-solidarios-de-navidad-al-precio-de-10-euros\/\" \/>\n<meta property=\"og:site_name\" content=\"AREA LORCA RADIO\" \/>\n<meta property=\"article:published_time\" content=\"2024-12-05T21:28:59+00:00\" \/>\n<meta property=\"og:image\" content=\"https:\/\/arealorcaradio.es\/wp-content\/uploads\/2024\/12\/20241205_171541-1-1-scaled.jpg\" \/>\n\t<meta property=\"og:image:width\" content=\"2560\" \/>\n\t<meta property=\"og:image:height\" content=\"1738\" \/>\n\t<meta property=\"og:image:type\" content=\"image\/jpeg\" \/>\n<meta name=\"author\" content=\"Paco S\u00e1nchez\" \/>\n<meta name=\"twitter:card\" content=\"summary_large_image\" \/>\n<meta name=\"twitter:label1\" content=\"Escrito por\" \/>\n\t<meta name=\"twitter:data1\" content=\"Paco S\u00e1nchez\" \/>\n\t<meta name=\"twitter:label2\" content=\"Tiempo de lectura\" \/>\n\t<meta name=\"twitter:data2\" content=\"2 minutos\" \/>\n<script type=\"application\/ld+json\" class=\"yoast-schema-graph\">{\"@context\":\"https:\\\/\\\/schema.org\",\"@graph\":[{\"@type\":\"Article\",\"@id\":\"https:\\\/\\\/arealorcaradio.es\\\/index.php\\\/2024\\\/12\\\/05\\\/la-asociacion-mi-princesa-rett-pone-a-la-venta-sus-calendarios-solidarios-de-navidad-al-precio-de-10-euros\\\/#article\",\"isPartOf\":{\"@id\":\"https:\\\/\\\/arealorcaradio.es\\\/index.php\\\/2024\\\/12\\\/05\\\/la-asociacion-mi-princesa-rett-pone-a-la-venta-sus-calendarios-solidarios-de-navidad-al-precio-de-10-euros\\\/\"},\"author\":{\"name\":\"Paco S\u00e1nchez\",\"@id\":\"https:\\\/\\\/arealorcaradio.es\\\/#\\\/schema\\\/person\\\/9fae605fc25b0f2c83c1ab207139bd27\"},\"headline\":\"La Asociaci\u00f3n Mi Princesa Rett pone a la venta sus calendarios solidarios de navidad al precio de 10 euros\",\"datePublished\":\"2024-12-05T21:28:59+00:00\",\"mainEntityOfPage\":{\"@id\":\"https:\\\/\\\/arealorcaradio.es\\\/index.php\\\/2024\\\/12\\\/05\\\/la-asociacion-mi-princesa-rett-pone-a-la-venta-sus-calendarios-solidarios-de-navidad-al-precio-de-10-euros\\\/\"},\"wordCount\":125,\"commentCount\":0,\"image\":{\"@id\":\"https:\\\/\\\/arealorcaradio.es\\\/index.php\\\/2024\\\/12\\\/05\\\/la-asociacion-mi-princesa-rett-pone-a-la-venta-sus-calendarios-solidarios-de-navidad-al-precio-de-10-euros\\\/#primaryimage\"},\"thumbnailUrl\":\"https:\\\/\\\/arealorcaradio.es\\\/wp-content\\\/uploads\\\/2024\\\/12\\\/20241205_171541-1-1-scaled.jpg\",\"articleSection\":[\"ACTUALIDAD\",\"LORCA\"],\"inLanguage\":\"es\",\"potentialAction\":[{\"@type\":\"CommentAction\",\"name\":\"Comment\",\"target\":[\"https:\\\/\\\/arealorcaradio.es\\\/index.php\\\/2024\\\/12\\\/05\\\/la-asociacion-mi-princesa-rett-pone-a-la-venta-sus-calendarios-solidarios-de-navidad-al-precio-de-10-euros\\\/#respond\"]}]},{\"@type\":\"WebPage\",\"@id\":\"https:\\\/\\\/arealorcaradio.es\\\/index.php\\\/2024\\\/12\\\/05\\\/la-asociacion-mi-princesa-rett-pone-a-la-venta-sus-calendarios-solidarios-de-navidad-al-precio-de-10-euros\\\/\",\"url\":\"https:\\\/\\\/arealorcaradio.es\\\/index.php\\\/2024\\\/12\\\/05\\\/la-asociacion-mi-princesa-rett-pone-a-la-venta-sus-calendarios-solidarios-de-navidad-al-precio-de-10-euros\\\/\",\"name\":\"La Asociaci\u00f3n Mi Princesa Rett pone a la venta sus calendarios solidarios de navidad al precio de 10 euros - AREA LORCA RADIO\",\"isPartOf\":{\"@id\":\"https:\\\/\\\/arealorcaradio.es\\\/#website\"},\"primaryImageOfPage\":{\"@id\":\"https:\\\/\\\/arealorcaradio.es\\\/index.php\\\/2024\\\/12\\\/05\\\/la-asociacion-mi-princesa-rett-pone-a-la-venta-sus-calendarios-solidarios-de-navidad-al-precio-de-10-euros\\\/#primaryimage\"},\"image\":{\"@id\":\"https:\\\/\\\/arealorcaradio.es\\\/index.php\\\/2024\\\/12\\\/05\\\/la-asociacion-mi-princesa-rett-pone-a-la-venta-sus-calendarios-solidarios-de-navidad-al-precio-de-10-euros\\\/#primaryimage\"},\"thumbnailUrl\":\"https:\\\/\\\/arealorcaradio.es\\\/wp-content\\\/uploads\\\/2024\\\/12\\\/20241205_171541-1-1-scaled.jpg\",\"datePublished\":\"2024-12-05T21:28:59+00:00\",\"author\":{\"@id\":\"https:\\\/\\\/arealorcaradio.es\\\/#\\\/schema\\\/person\\\/9fae605fc25b0f2c83c1ab207139bd27\"},\"breadcrumb\":{\"@id\":\"https:\\\/\\\/arealorcaradio.es\\\/index.php\\\/2024\\\/12\\\/05\\\/la-asociacion-mi-princesa-rett-pone-a-la-venta-sus-calendarios-solidarios-de-navidad-al-precio-de-10-euros\\\/#breadcrumb\"},\"inLanguage\":\"es\",\"potentialAction\":[{\"@type\":\"ReadAction\",\"target\":[\"https:\\\/\\\/arealorcaradio.es\\\/index.php\\\/2024\\\/12\\\/05\\\/la-asociacion-mi-princesa-rett-pone-a-la-venta-sus-calendarios-solidarios-de-navidad-al-precio-de-10-euros\\\/\"]}]},{\"@type\":\"ImageObject\",\"inLanguage\":\"es\",\"@id\":\"https:\\\/\\\/arealorcaradio.es\\\/index.php\\\/2024\\\/12\\\/05\\\/la-asociacion-mi-princesa-rett-pone-a-la-venta-sus-calendarios-solidarios-de-navidad-al-precio-de-10-euros\\\/#primaryimage\",\"url\":\"https:\\\/\\\/arealorcaradio.es\\\/wp-content\\\/uploads\\\/2024\\\/12\\\/20241205_171541-1-1-scaled.jpg\",\"contentUrl\":\"https:\\\/\\\/arealorcaradio.es\\\/wp-content\\\/uploads\\\/2024\\\/12\\\/20241205_171541-1-1-scaled.jpg\",\"width\":2560,\"height\":1738},{\"@type\":\"BreadcrumbList\",\"@id\":\"https:\\\/\\\/arealorcaradio.es\\\/index.php\\\/2024\\\/12\\\/05\\\/la-asociacion-mi-princesa-rett-pone-a-la-venta-sus-calendarios-solidarios-de-navidad-al-precio-de-10-euros\\\/#breadcrumb\",\"itemListElement\":[{\"@type\":\"ListItem\",\"position\":1,\"name\":\"Portada\",\"item\":\"https:\\\/\\\/arealorcaradio.es\\\/\"},{\"@type\":\"ListItem\",\"position\":2,\"name\":\"La Asociaci\u00f3n Mi Princesa Rett pone a la venta sus calendarios solidarios de navidad al precio de 10 euros\"}]},{\"@type\":\"WebSite\",\"@id\":\"https:\\\/\\\/arealorcaradio.es\\\/#website\",\"url\":\"https:\\\/\\\/arealorcaradio.es\\\/\",\"name\":\"AREA LORCA RADIO\",\"description\":\"Descubre la programaci\u00f3n actual en \u00c1rea Lorca Radio, tu fuente de entrenamiento y noticias locales. Sintoniza ahora y mantente conectado online.\",\"potentialAction\":[{\"@type\":\"SearchAction\",\"target\":{\"@type\":\"EntryPoint\",\"urlTemplate\":\"https:\\\/\\\/arealorcaradio.es\\\/?s={search_term_string}\"},\"query-input\":{\"@type\":\"PropertyValueSpecification\",\"valueRequired\":true,\"valueName\":\"search_term_string\"}}],\"inLanguage\":\"es\"},{\"@type\":\"Person\",\"@id\":\"https:\\\/\\\/arealorcaradio.es\\\/#\\\/schema\\\/person\\\/9fae605fc25b0f2c83c1ab207139bd27\",\"name\":\"Paco S\u00e1nchez\",\"image\":{\"@type\":\"ImageObject\",\"inLanguage\":\"es\",\"@id\":\"https:\\\/\\\/secure.gravatar.com\\\/avatar\\\/d67144e966420fb74aa84c9f2a0103be4724fd14db52b52d3b6bca749f257e79?s=96&d=mm&r=g\",\"url\":\"https:\\\/\\\/secure.gravatar.com\\\/avatar\\\/d67144e966420fb74aa84c9f2a0103be4724fd14db52b52d3b6bca749f257e79?s=96&d=mm&r=g\",\"contentUrl\":\"https:\\\/\\\/secure.gravatar.com\\\/avatar\\\/d67144e966420fb74aa84c9f2a0103be4724fd14db52b52d3b6bca749f257e79?s=96&d=mm&r=g\",\"caption\":\"Paco S\u00e1nchez\"},\"sameAs\":[\"https:\\\/\\\/arealorcaradio.es\"],\"url\":\"https:\\\/\\\/arealorcaradio.es\\\/index.php\\\/author\\\/admin_alorcaradio\\\/\"}]}<\/script>\n<!-- \/ Yoast SEO plugin. -->","yoast_head_json":{"title":"La Asociaci\u00f3n Mi Princesa Rett pone a la venta sus calendarios solidarios de navidad al precio de 10 euros - AREA LORCA RADIO","robots":{"index":"index","follow":"follow","max-snippet":"max-snippet:-1","max-image-preview":"max-image-preview:large","max-video-preview":"max-video-preview:-1"},"canonical":"https:\/\/arealorcaradio.es\/index.php\/2024\/12\/05\/la-asociacion-mi-princesa-rett-pone-a-la-venta-sus-calendarios-solidarios-de-navidad-al-precio-de-10-euros\/","og_locale":"es_ES","og_type":"article","og_title":"La Asociaci\u00f3n Mi Princesa Rett pone a la venta sus calendarios solidarios de navidad al precio de 10 euros - AREA LORCA RADIO","og_description":"\u00c1REA LORCA RADIO. Escucha aqu\u00ed la entrevista que ha concedido a Paco S\u00e1nchez en el magazine \u00c1rea Lorca Actualidad, Daniel Garc\u00eda, delegado de la Asociaci\u00f3n Mi Princesa Rett en el Levante y padre de la ni\u00f1a lorquina con S\u00edndrome de Rett, Daniela Garc\u00eda. Ya est\u00e1n a las venta los calendarios solidarios de navidad de la [&hellip;]","og_url":"https:\/\/arealorcaradio.es\/index.php\/2024\/12\/05\/la-asociacion-mi-princesa-rett-pone-a-la-venta-sus-calendarios-solidarios-de-navidad-al-precio-de-10-euros\/","og_site_name":"AREA LORCA RADIO","article_published_time":"2024-12-05T21:28:59+00:00","og_image":[{"width":2560,"height":1738,"url":"https:\/\/arealorcaradio.es\/wp-content\/uploads\/2024\/12\/20241205_171541-1-1-scaled.jpg","type":"image\/jpeg"}],"author":"Paco S\u00e1nchez","twitter_card":"summary_large_image","twitter_misc":{"Escrito por":"Paco S\u00e1nchez","Tiempo de lectura":"2 minutos"},"schema":{"@context":"https:\/\/schema.org","@graph":[{"@type":"Article","@id":"https:\/\/arealorcaradio.es\/index.php\/2024\/12\/05\/la-asociacion-mi-princesa-rett-pone-a-la-venta-sus-calendarios-solidarios-de-navidad-al-precio-de-10-euros\/#article","isPartOf":{"@id":"https:\/\/arealorcaradio.es\/index.php\/2024\/12\/05\/la-asociacion-mi-princesa-rett-pone-a-la-venta-sus-calendarios-solidarios-de-navidad-al-precio-de-10-euros\/"},"author":{"name":"Paco S\u00e1nchez","@id":"https:\/\/arealorcaradio.es\/#\/schema\/person\/9fae605fc25b0f2c83c1ab207139bd27"},"headline":"La Asociaci\u00f3n Mi Princesa Rett pone a la venta sus calendarios solidarios de navidad al precio de 10 euros","datePublished":"2024-12-05T21:28:59+00:00","mainEntityOfPage":{"@id":"https:\/\/arealorcaradio.es\/index.php\/2024\/12\/05\/la-asociacion-mi-princesa-rett-pone-a-la-venta-sus-calendarios-solidarios-de-navidad-al-precio-de-10-euros\/"},"wordCount":125,"commentCount":0,"image":{"@id":"https:\/\/arealorcaradio.es\/index.php\/2024\/12\/05\/la-asociacion-mi-princesa-rett-pone-a-la-venta-sus-calendarios-solidarios-de-navidad-al-precio-de-10-euros\/#primaryimage"},"thumbnailUrl":"https:\/\/arealorcaradio.es\/wp-content\/uploads\/2024\/12\/20241205_171541-1-1-scaled.jpg","articleSection":["ACTUALIDAD","LORCA"],"inLanguage":"es","potentialAction":[{"@type":"CommentAction","name":"Comment","target":["https:\/\/arealorcaradio.es\/index.php\/2024\/12\/05\/la-asociacion-mi-princesa-rett-pone-a-la-venta-sus-calendarios-solidarios-de-navidad-al-precio-de-10-euros\/#respond"]}]},{"@type":"WebPage","@id":"https:\/\/arealorcaradio.es\/index.php\/2024\/12\/05\/la-asociacion-mi-princesa-rett-pone-a-la-venta-sus-calendarios-solidarios-de-navidad-al-precio-de-10-euros\/","url":"https:\/\/arealorcaradio.es\/index.php\/2024\/12\/05\/la-asociacion-mi-princesa-rett-pone-a-la-venta-sus-calendarios-solidarios-de-navidad-al-precio-de-10-euros\/","name":"La Asociaci\u00f3n Mi Princesa Rett pone a la venta sus calendarios solidarios de navidad al precio de 10 euros - AREA LORCA RADIO","isPartOf":{"@id":"https:\/\/arealorcaradio.es\/#website"},"primaryImageOfPage":{"@id":"https:\/\/arealorcaradio.es\/index.php\/2024\/12\/05\/la-asociacion-mi-princesa-rett-pone-a-la-venta-sus-calendarios-solidarios-de-navidad-al-precio-de-10-euros\/#primaryimage"},"image":{"@id":"https:\/\/arealorcaradio.es\/index.php\/2024\/12\/05\/la-asociacion-mi-princesa-rett-pone-a-la-venta-sus-calendarios-solidarios-de-navidad-al-precio-de-10-euros\/#primaryimage"},"thumbnailUrl":"https:\/\/arealorcaradio.es\/wp-content\/uploads\/2024\/12\/20241205_171541-1-1-scaled.jpg","datePublished":"2024-12-05T21:28:59+00:00","author":{"@id":"https:\/\/arealorcaradio.es\/#\/schema\/person\/9fae605fc25b0f2c83c1ab207139bd27"},"breadcrumb":{"@id":"https:\/\/arealorcaradio.es\/index.php\/2024\/12\/05\/la-asociacion-mi-princesa-rett-pone-a-la-venta-sus-calendarios-solidarios-de-navidad-al-precio-de-10-euros\/#breadcrumb"},"inLanguage":"es","potentialAction":[{"@type":"ReadAction","target":["https:\/\/arealorcaradio.es\/index.php\/2024\/12\/05\/la-asociacion-mi-princesa-rett-pone-a-la-venta-sus-calendarios-solidarios-de-navidad-al-precio-de-10-euros\/"]}]},{"@type":"ImageObject","inLanguage":"es","@id":"https:\/\/arealorcaradio.es\/index.php\/2024\/12\/05\/la-asociacion-mi-princesa-rett-pone-a-la-venta-sus-calendarios-solidarios-de-navidad-al-precio-de-10-euros\/#primaryimage","url":"https:\/\/arealorcaradio.es\/wp-content\/uploads\/2024\/12\/20241205_171541-1-1-scaled.jpg","contentUrl":"https:\/\/arealorcaradio.es\/wp-content\/uploads\/2024\/12\/20241205_171541-1-1-scaled.jpg","width":2560,"height":1738},{"@type":"BreadcrumbList","@id":"https:\/\/arealorcaradio.es\/index.php\/2024\/12\/05\/la-asociacion-mi-princesa-rett-pone-a-la-venta-sus-calendarios-solidarios-de-navidad-al-precio-de-10-euros\/#breadcrumb","itemListElement":[{"@type":"ListItem","position":1,"name":"Portada","item":"https:\/\/arealorcaradio.es\/"},{"@type":"ListItem","position":2,"name":"La Asociaci\u00f3n Mi Princesa Rett pone a la venta sus calendarios solidarios de navidad al precio de 10 euros"}]},{"@type":"WebSite","@id":"https:\/\/arealorcaradio.es\/#website","url":"https:\/\/arealorcaradio.es\/","name":"AREA LORCA RADIO","description":"Descubre la programaci\u00f3n actual en \u00c1rea Lorca Radio, tu fuente de entrenamiento y noticias locales. Sintoniza ahora y mantente conectado online.","potentialAction":[{"@type":"SearchAction","target":{"@type":"EntryPoint","urlTemplate":"https:\/\/arealorcaradio.es\/?s={search_term_string}"},"query-input":{"@type":"PropertyValueSpecification","valueRequired":true,"valueName":"search_term_string"}}],"inLanguage":"es"},{"@type":"Person","@id":"https:\/\/arealorcaradio.es\/#\/schema\/person\/9fae605fc25b0f2c83c1ab207139bd27","name":"Paco S\u00e1nchez","image":{"@type":"ImageObject","inLanguage":"es","@id":"https:\/\/secure.gravatar.com\/avatar\/d67144e966420fb74aa84c9f2a0103be4724fd14db52b52d3b6bca749f257e79?s=96&d=mm&r=g","url":"https:\/\/secure.gravatar.com\/avatar\/d67144e966420fb74aa84c9f2a0103be4724fd14db52b52d3b6bca749f257e79?s=96&d=mm&r=g","contentUrl":"https:\/\/secure.gravatar.com\/avatar\/d67144e966420fb74aa84c9f2a0103be4724fd14db52b52d3b6bca749f257e79?s=96&d=mm&r=g","caption":"Paco S\u00e1nchez"},"sameAs":["https:\/\/arealorcaradio.es"],"url":"https:\/\/arealorcaradio.es\/index.php\/author\/admin_alorcaradio\/"}]}},"_links":{"self":[{"href":"https:\/\/arealorcaradio.es\/index.php\/wp-json\/wp\/v2\/posts\/4904","targetHints":{"allow":["GET"]}}],"collection":[{"href":"https:\/\/arealorcaradio.es\/index.php\/wp-json\/wp\/v2\/posts"}],"about":[{"href":"https:\/\/arealorcaradio.es\/index.php\/wp-json\/wp\/v2\/types\/post"}],"author":[{"embeddable":true,"href":"https:\/\/arealorcaradio.es\/index.php\/wp-json\/wp\/v2\/users\/1"}],"replies":[{"embeddable":true,"href":"https:\/\/arealorcaradio.es\/index.php\/wp-json\/wp\/v2\/comments?post=4904"}],"version-history":[{"count":2,"href":"https:\/\/arealorcaradio.es\/index.php\/wp-json\/wp\/v2\/posts\/4904\/revisions"}],"predecessor-version":[{"id":4913,"href":"https:\/\/arealorcaradio.es\/index.php\/wp-json\/wp\/v2\/posts\/4904\/revisions\/4913"}],"wp:featuredmedia":[{"embeddable":true,"href":"https:\/\/arealorcaradio.es\/index.php\/wp-json\/wp\/v2\/media\/4912"}],"wp:attachment":[{"href":"https:\/\/arealorcaradio.es\/index.php\/wp-json\/wp\/v2\/media?parent=4904"}],"wp:term":[{"taxonomy":"category","embeddable":true,"href":"https:\/\/arealorcaradio.es\/index.php\/wp-json\/wp\/v2\/categories?post=4904"},{"taxonomy":"post_tag","embeddable":true,"href":"https:\/\/arealorcaradio.es\/index.php\/wp-json\/wp\/v2\/tags?post=4904"}],"curies":[{"name":"wp","href":"https:\/\/api.w.org\/{rel}","templated":true}]}}