{"id":4888,"date":"2024-12-05T20:53:45","date_gmt":"2024-12-05T20:53:45","guid":{"rendered":"https:\/\/arealorcaradio.es\/?p=4888"},"modified":"2024-12-05T20:53:45","modified_gmt":"2024-12-05T20:53:45","slug":"el-lorquino-mariano-sanchez-se-proclama-subcampeon-del-mundo-de-tronco-en-el-salon-internacional-del-caballo-sicab-2024","status":"publish","type":"post","link":"https:\/\/arealorcaradio.es\/index.php\/2024\/12\/05\/el-lorquino-mariano-sanchez-se-proclama-subcampeon-del-mundo-de-tronco-en-el-salon-internacional-del-caballo-sicab-2024\/","title":{"rendered":"El lorquino Mariano S\u00e1nchez se proclama subcampe\u00f3n del mundo de tronco en el Sal\u00f3n Internacional del Caballo SICAB 2024"},"content":{"rendered":"<p>\u00c1REALORCA RADIO.<\/p>\n<p>Escucha aqu\u00ed la entrevista que ha concedido Mariano S\u00e1nchez a Paco S\u00e1nchez en el programa magazine \u00c1rea Lorca Actualidad en la que habla de su experiencia en SICAB 24, Sal\u00f3n Internacional del Caballo celebrado en Sevilla del 19 al 24 de noviembre.<\/p>\n<audio class=\"wp-audio-shortcode\" id=\"audio-4888-1\" preload=\"none\" style=\"width: 100%;\" controls=\"controls\"><source type=\"audio\/mpeg\" src=\"https:\/\/arealorcaradio.es\/wp-content\/uploads\/2024\/12\/051224-MARIANO-SANCHEZ.-CABALLOS.mp3?_=1\" \/><a href=\"https:\/\/arealorcaradio.es\/wp-content\/uploads\/2024\/12\/051224-MARIANO-SANCHEZ.-CABALLOS.mp3\">https:\/\/arealorcaradio.es\/wp-content\/uploads\/2024\/12\/051224-MARIANO-SANCHEZ.-CABALLOS.mp3<\/a><\/audio>\n<p><img loading=\"lazy\" decoding=\"async\" class=\"alignnone size-medium wp-image-4891\" src=\"https:\/\/arealorcaradio.es\/wp-content\/uploads\/2024\/12\/IMG-20241205-WA0046-275x300.jpg\" alt=\"\" width=\"275\" height=\"300\" srcset=\"https:\/\/arealorcaradio.es\/wp-content\/uploads\/2024\/12\/IMG-20241205-WA0046-275x300.jpg 275w, https:\/\/arealorcaradio.es\/wp-content\/uploads\/2024\/12\/IMG-20241205-WA0046.jpg 738w\" sizes=\"auto, (max-width: 275px) 100vw, 275px\" \/> \u00a0<img loading=\"lazy\" decoding=\"async\" class=\"alignnone size-medium wp-image-4893\" src=\"https:\/\/arealorcaradio.es\/wp-content\/uploads\/2024\/12\/IMG-20241205-WA0044-300x167.jpg\" alt=\"\" width=\"300\" height=\"167\" srcset=\"https:\/\/arealorcaradio.es\/wp-content\/uploads\/2024\/12\/IMG-20241205-WA0044-300x167.jpg 300w, https:\/\/arealorcaradio.es\/wp-content\/uploads\/2024\/12\/IMG-20241205-WA0044.jpg 736w\" sizes=\"auto, (max-width: 300px) 100vw, 300px\" \/><\/p>\n","protected":false},"excerpt":{"rendered":"<p>\u00c1REALORCA RADIO. Escucha aqu\u00ed la entrevista que ha concedido Mariano S\u00e1nchez a Paco S\u00e1nchez en el programa magazine \u00c1rea Lorca Actualidad en la que habla de su experiencia en SICAB 24, Sal\u00f3n Internacional del Caballo celebrado en Sevilla del 19 al 24 de noviembre. \u00a0<\/p>\n","protected":false},"author":1,"featured_media":4890,"comment_status":"open","ping_status":"open","sticky":false,"template":"","format":"standard","meta":{"iawp_total_views":371,"footnotes":""},"categories":[5,7],"tags":[],"class_list":["post-4888","post","type-post","status-publish","format-standard","has-post-thumbnail","hentry","category-actualidad","category-lorca"],"yoast_head":"<!-- This site is optimized with the Yoast SEO plugin v27.5 - https:\/\/yoast.com\/product\/yoast-seo-wordpress\/ -->\n<title>El lorquino Mariano S\u00e1nchez se proclama subcampe\u00f3n del mundo de tronco en el Sal\u00f3n Internacional del Caballo SICAB 2024 - AREA LORCA RADIO<\/title>\n<meta name=\"robots\" content=\"index, follow, max-snippet:-1, max-image-preview:large, max-video-preview:-1\" \/>\n<link rel=\"canonical\" href=\"https:\/\/arealorcaradio.es\/index.php\/2024\/12\/05\/el-lorquino-mariano-sanchez-se-proclama-subcampeon-del-mundo-de-tronco-en-el-salon-internacional-del-caballo-sicab-2024\/\" \/>\n<meta property=\"og:locale\" content=\"es_ES\" \/>\n<meta property=\"og:type\" content=\"article\" \/>\n<meta property=\"og:title\" content=\"El lorquino Mariano S\u00e1nchez se proclama subcampe\u00f3n del mundo de tronco en el Sal\u00f3n Internacional del Caballo SICAB 2024 - AREA LORCA RADIO\" \/>\n<meta property=\"og:description\" content=\"\u00c1REALORCA RADIO. Escucha aqu\u00ed la entrevista que ha concedido Mariano S\u00e1nchez a Paco S\u00e1nchez en el programa magazine \u00c1rea Lorca Actualidad en la que habla de su experiencia en SICAB 24, Sal\u00f3n Internacional del Caballo celebrado en Sevilla del 19 al 24 de noviembre. \u00a0\" \/>\n<meta property=\"og:url\" content=\"https:\/\/arealorcaradio.es\/index.php\/2024\/12\/05\/el-lorquino-mariano-sanchez-se-proclama-subcampeon-del-mundo-de-tronco-en-el-salon-internacional-del-caballo-sicab-2024\/\" \/>\n<meta property=\"og:site_name\" content=\"AREA LORCA RADIO\" \/>\n<meta property=\"article:published_time\" content=\"2024-12-05T20:53:45+00:00\" \/>\n<meta property=\"og:image\" content=\"https:\/\/arealorcaradio.es\/wp-content\/uploads\/2024\/12\/20241205_175109-scaled.jpg\" \/>\n\t<meta property=\"og:image:width\" content=\"2560\" \/>\n\t<meta property=\"og:image:height\" content=\"1920\" \/>\n\t<meta property=\"og:image:type\" content=\"image\/jpeg\" \/>\n<meta name=\"author\" content=\"Paco S\u00e1nchez\" \/>\n<meta name=\"twitter:card\" content=\"summary_large_image\" \/>\n<meta name=\"twitter:label1\" content=\"Escrito por\" \/>\n\t<meta name=\"twitter:data1\" content=\"Paco S\u00e1nchez\" \/>\n\t<meta name=\"twitter:label2\" content=\"Tiempo de lectura\" \/>\n\t<meta name=\"twitter:data2\" content=\"1 minuto\" \/>\n<script type=\"application\/ld+json\" class=\"yoast-schema-graph\">{\"@context\":\"https:\\\/\\\/schema.org\",\"@graph\":[{\"@type\":\"Article\",\"@id\":\"https:\\\/\\\/arealorcaradio.es\\\/index.php\\\/2024\\\/12\\\/05\\\/el-lorquino-mariano-sanchez-se-proclama-subcampeon-del-mundo-de-tronco-en-el-salon-internacional-del-caballo-sicab-2024\\\/#article\",\"isPartOf\":{\"@id\":\"https:\\\/\\\/arealorcaradio.es\\\/index.php\\\/2024\\\/12\\\/05\\\/el-lorquino-mariano-sanchez-se-proclama-subcampeon-del-mundo-de-tronco-en-el-salon-internacional-del-caballo-sicab-2024\\\/\"},\"author\":{\"name\":\"Paco S\u00e1nchez\",\"@id\":\"https:\\\/\\\/arealorcaradio.es\\\/#\\\/schema\\\/person\\\/9fae605fc25b0f2c83c1ab207139bd27\"},\"headline\":\"El lorquino Mariano S\u00e1nchez se proclama subcampe\u00f3n del mundo de tronco en el Sal\u00f3n Internacional del Caballo SICAB 2024\",\"datePublished\":\"2024-12-05T20:53:45+00:00\",\"mainEntityOfPage\":{\"@id\":\"https:\\\/\\\/arealorcaradio.es\\\/index.php\\\/2024\\\/12\\\/05\\\/el-lorquino-mariano-sanchez-se-proclama-subcampeon-del-mundo-de-tronco-en-el-salon-internacional-del-caballo-sicab-2024\\\/\"},\"wordCount\":76,\"commentCount\":0,\"image\":{\"@id\":\"https:\\\/\\\/arealorcaradio.es\\\/index.php\\\/2024\\\/12\\\/05\\\/el-lorquino-mariano-sanchez-se-proclama-subcampeon-del-mundo-de-tronco-en-el-salon-internacional-del-caballo-sicab-2024\\\/#primaryimage\"},\"thumbnailUrl\":\"https:\\\/\\\/arealorcaradio.es\\\/wp-content\\\/uploads\\\/2024\\\/12\\\/20241205_175109-scaled.jpg\",\"articleSection\":[\"ACTUALIDAD\",\"LORCA\"],\"inLanguage\":\"es\",\"potentialAction\":[{\"@type\":\"CommentAction\",\"name\":\"Comment\",\"target\":[\"https:\\\/\\\/arealorcaradio.es\\\/index.php\\\/2024\\\/12\\\/05\\\/el-lorquino-mariano-sanchez-se-proclama-subcampeon-del-mundo-de-tronco-en-el-salon-internacional-del-caballo-sicab-2024\\\/#respond\"]}]},{\"@type\":\"WebPage\",\"@id\":\"https:\\\/\\\/arealorcaradio.es\\\/index.php\\\/2024\\\/12\\\/05\\\/el-lorquino-mariano-sanchez-se-proclama-subcampeon-del-mundo-de-tronco-en-el-salon-internacional-del-caballo-sicab-2024\\\/\",\"url\":\"https:\\\/\\\/arealorcaradio.es\\\/index.php\\\/2024\\\/12\\\/05\\\/el-lorquino-mariano-sanchez-se-proclama-subcampeon-del-mundo-de-tronco-en-el-salon-internacional-del-caballo-sicab-2024\\\/\",\"name\":\"El lorquino Mariano S\u00e1nchez se proclama subcampe\u00f3n del mundo de tronco en el Sal\u00f3n Internacional del Caballo SICAB 2024 - AREA LORCA RADIO\",\"isPartOf\":{\"@id\":\"https:\\\/\\\/arealorcaradio.es\\\/#website\"},\"primaryImageOfPage\":{\"@id\":\"https:\\\/\\\/arealorcaradio.es\\\/index.php\\\/2024\\\/12\\\/05\\\/el-lorquino-mariano-sanchez-se-proclama-subcampeon-del-mundo-de-tronco-en-el-salon-internacional-del-caballo-sicab-2024\\\/#primaryimage\"},\"image\":{\"@id\":\"https:\\\/\\\/arealorcaradio.es\\\/index.php\\\/2024\\\/12\\\/05\\\/el-lorquino-mariano-sanchez-se-proclama-subcampeon-del-mundo-de-tronco-en-el-salon-internacional-del-caballo-sicab-2024\\\/#primaryimage\"},\"thumbnailUrl\":\"https:\\\/\\\/arealorcaradio.es\\\/wp-content\\\/uploads\\\/2024\\\/12\\\/20241205_175109-scaled.jpg\",\"datePublished\":\"2024-12-05T20:53:45+00:00\",\"author\":{\"@id\":\"https:\\\/\\\/arealorcaradio.es\\\/#\\\/schema\\\/person\\\/9fae605fc25b0f2c83c1ab207139bd27\"},\"breadcrumb\":{\"@id\":\"https:\\\/\\\/arealorcaradio.es\\\/index.php\\\/2024\\\/12\\\/05\\\/el-lorquino-mariano-sanchez-se-proclama-subcampeon-del-mundo-de-tronco-en-el-salon-internacional-del-caballo-sicab-2024\\\/#breadcrumb\"},\"inLanguage\":\"es\",\"potentialAction\":[{\"@type\":\"ReadAction\",\"target\":[\"https:\\\/\\\/arealorcaradio.es\\\/index.php\\\/2024\\\/12\\\/05\\\/el-lorquino-mariano-sanchez-se-proclama-subcampeon-del-mundo-de-tronco-en-el-salon-internacional-del-caballo-sicab-2024\\\/\"]}]},{\"@type\":\"ImageObject\",\"inLanguage\":\"es\",\"@id\":\"https:\\\/\\\/arealorcaradio.es\\\/index.php\\\/2024\\\/12\\\/05\\\/el-lorquino-mariano-sanchez-se-proclama-subcampeon-del-mundo-de-tronco-en-el-salon-internacional-del-caballo-sicab-2024\\\/#primaryimage\",\"url\":\"https:\\\/\\\/arealorcaradio.es\\\/wp-content\\\/uploads\\\/2024\\\/12\\\/20241205_175109-scaled.jpg\",\"contentUrl\":\"https:\\\/\\\/arealorcaradio.es\\\/wp-content\\\/uploads\\\/2024\\\/12\\\/20241205_175109-scaled.jpg\",\"width\":2560,\"height\":1920},{\"@type\":\"BreadcrumbList\",\"@id\":\"https:\\\/\\\/arealorcaradio.es\\\/index.php\\\/2024\\\/12\\\/05\\\/el-lorquino-mariano-sanchez-se-proclama-subcampeon-del-mundo-de-tronco-en-el-salon-internacional-del-caballo-sicab-2024\\\/#breadcrumb\",\"itemListElement\":[{\"@type\":\"ListItem\",\"position\":1,\"name\":\"Portada\",\"item\":\"https:\\\/\\\/arealorcaradio.es\\\/\"},{\"@type\":\"ListItem\",\"position\":2,\"name\":\"El lorquino Mariano S\u00e1nchez se proclama subcampe\u00f3n del mundo de tronco en el Sal\u00f3n Internacional del Caballo SICAB 2024\"}]},{\"@type\":\"WebSite\",\"@id\":\"https:\\\/\\\/arealorcaradio.es\\\/#website\",\"url\":\"https:\\\/\\\/arealorcaradio.es\\\/\",\"name\":\"AREA LORCA RADIO\",\"description\":\"Descubre la programaci\u00f3n actual en \u00c1rea Lorca Radio, tu fuente de entrenamiento y noticias locales. Sintoniza ahora y mantente conectado online.\",\"potentialAction\":[{\"@type\":\"SearchAction\",\"target\":{\"@type\":\"EntryPoint\",\"urlTemplate\":\"https:\\\/\\\/arealorcaradio.es\\\/?s={search_term_string}\"},\"query-input\":{\"@type\":\"PropertyValueSpecification\",\"valueRequired\":true,\"valueName\":\"search_term_string\"}}],\"inLanguage\":\"es\"},{\"@type\":\"Person\",\"@id\":\"https:\\\/\\\/arealorcaradio.es\\\/#\\\/schema\\\/person\\\/9fae605fc25b0f2c83c1ab207139bd27\",\"name\":\"Paco S\u00e1nchez\",\"image\":{\"@type\":\"ImageObject\",\"inLanguage\":\"es\",\"@id\":\"https:\\\/\\\/secure.gravatar.com\\\/avatar\\\/d67144e966420fb74aa84c9f2a0103be4724fd14db52b52d3b6bca749f257e79?s=96&d=mm&r=g\",\"url\":\"https:\\\/\\\/secure.gravatar.com\\\/avatar\\\/d67144e966420fb74aa84c9f2a0103be4724fd14db52b52d3b6bca749f257e79?s=96&d=mm&r=g\",\"contentUrl\":\"https:\\\/\\\/secure.gravatar.com\\\/avatar\\\/d67144e966420fb74aa84c9f2a0103be4724fd14db52b52d3b6bca749f257e79?s=96&d=mm&r=g\",\"caption\":\"Paco S\u00e1nchez\"},\"sameAs\":[\"https:\\\/\\\/arealorcaradio.es\"],\"url\":\"https:\\\/\\\/arealorcaradio.es\\\/index.php\\\/author\\\/admin_alorcaradio\\\/\"}]}<\/script>\n<!-- \/ Yoast SEO plugin. -->","yoast_head_json":{"title":"El lorquino Mariano S\u00e1nchez se proclama subcampe\u00f3n del mundo de tronco en el Sal\u00f3n Internacional del Caballo SICAB 2024 - AREA LORCA RADIO","robots":{"index":"index","follow":"follow","max-snippet":"max-snippet:-1","max-image-preview":"max-image-preview:large","max-video-preview":"max-video-preview:-1"},"canonical":"https:\/\/arealorcaradio.es\/index.php\/2024\/12\/05\/el-lorquino-mariano-sanchez-se-proclama-subcampeon-del-mundo-de-tronco-en-el-salon-internacional-del-caballo-sicab-2024\/","og_locale":"es_ES","og_type":"article","og_title":"El lorquino Mariano S\u00e1nchez se proclama subcampe\u00f3n del mundo de tronco en el Sal\u00f3n Internacional del Caballo SICAB 2024 - AREA LORCA RADIO","og_description":"\u00c1REALORCA RADIO. Escucha aqu\u00ed la entrevista que ha concedido Mariano S\u00e1nchez a Paco S\u00e1nchez en el programa magazine \u00c1rea Lorca Actualidad en la que habla de su experiencia en SICAB 24, Sal\u00f3n Internacional del Caballo celebrado en Sevilla del 19 al 24 de noviembre. \u00a0","og_url":"https:\/\/arealorcaradio.es\/index.php\/2024\/12\/05\/el-lorquino-mariano-sanchez-se-proclama-subcampeon-del-mundo-de-tronco-en-el-salon-internacional-del-caballo-sicab-2024\/","og_site_name":"AREA LORCA RADIO","article_published_time":"2024-12-05T20:53:45+00:00","og_image":[{"width":2560,"height":1920,"url":"https:\/\/arealorcaradio.es\/wp-content\/uploads\/2024\/12\/20241205_175109-scaled.jpg","type":"image\/jpeg"}],"author":"Paco S\u00e1nchez","twitter_card":"summary_large_image","twitter_misc":{"Escrito por":"Paco S\u00e1nchez","Tiempo de lectura":"1 minuto"},"schema":{"@context":"https:\/\/schema.org","@graph":[{"@type":"Article","@id":"https:\/\/arealorcaradio.es\/index.php\/2024\/12\/05\/el-lorquino-mariano-sanchez-se-proclama-subcampeon-del-mundo-de-tronco-en-el-salon-internacional-del-caballo-sicab-2024\/#article","isPartOf":{"@id":"https:\/\/arealorcaradio.es\/index.php\/2024\/12\/05\/el-lorquino-mariano-sanchez-se-proclama-subcampeon-del-mundo-de-tronco-en-el-salon-internacional-del-caballo-sicab-2024\/"},"author":{"name":"Paco S\u00e1nchez","@id":"https:\/\/arealorcaradio.es\/#\/schema\/person\/9fae605fc25b0f2c83c1ab207139bd27"},"headline":"El lorquino Mariano S\u00e1nchez se proclama subcampe\u00f3n del mundo de tronco en el Sal\u00f3n Internacional del Caballo SICAB 2024","datePublished":"2024-12-05T20:53:45+00:00","mainEntityOfPage":{"@id":"https:\/\/arealorcaradio.es\/index.php\/2024\/12\/05\/el-lorquino-mariano-sanchez-se-proclama-subcampeon-del-mundo-de-tronco-en-el-salon-internacional-del-caballo-sicab-2024\/"},"wordCount":76,"commentCount":0,"image":{"@id":"https:\/\/arealorcaradio.es\/index.php\/2024\/12\/05\/el-lorquino-mariano-sanchez-se-proclama-subcampeon-del-mundo-de-tronco-en-el-salon-internacional-del-caballo-sicab-2024\/#primaryimage"},"thumbnailUrl":"https:\/\/arealorcaradio.es\/wp-content\/uploads\/2024\/12\/20241205_175109-scaled.jpg","articleSection":["ACTUALIDAD","LORCA"],"inLanguage":"es","potentialAction":[{"@type":"CommentAction","name":"Comment","target":["https:\/\/arealorcaradio.es\/index.php\/2024\/12\/05\/el-lorquino-mariano-sanchez-se-proclama-subcampeon-del-mundo-de-tronco-en-el-salon-internacional-del-caballo-sicab-2024\/#respond"]}]},{"@type":"WebPage","@id":"https:\/\/arealorcaradio.es\/index.php\/2024\/12\/05\/el-lorquino-mariano-sanchez-se-proclama-subcampeon-del-mundo-de-tronco-en-el-salon-internacional-del-caballo-sicab-2024\/","url":"https:\/\/arealorcaradio.es\/index.php\/2024\/12\/05\/el-lorquino-mariano-sanchez-se-proclama-subcampeon-del-mundo-de-tronco-en-el-salon-internacional-del-caballo-sicab-2024\/","name":"El lorquino Mariano S\u00e1nchez se proclama subcampe\u00f3n del mundo de tronco en el Sal\u00f3n Internacional del Caballo SICAB 2024 - AREA LORCA RADIO","isPartOf":{"@id":"https:\/\/arealorcaradio.es\/#website"},"primaryImageOfPage":{"@id":"https:\/\/arealorcaradio.es\/index.php\/2024\/12\/05\/el-lorquino-mariano-sanchez-se-proclama-subcampeon-del-mundo-de-tronco-en-el-salon-internacional-del-caballo-sicab-2024\/#primaryimage"},"image":{"@id":"https:\/\/arealorcaradio.es\/index.php\/2024\/12\/05\/el-lorquino-mariano-sanchez-se-proclama-subcampeon-del-mundo-de-tronco-en-el-salon-internacional-del-caballo-sicab-2024\/#primaryimage"},"thumbnailUrl":"https:\/\/arealorcaradio.es\/wp-content\/uploads\/2024\/12\/20241205_175109-scaled.jpg","datePublished":"2024-12-05T20:53:45+00:00","author":{"@id":"https:\/\/arealorcaradio.es\/#\/schema\/person\/9fae605fc25b0f2c83c1ab207139bd27"},"breadcrumb":{"@id":"https:\/\/arealorcaradio.es\/index.php\/2024\/12\/05\/el-lorquino-mariano-sanchez-se-proclama-subcampeon-del-mundo-de-tronco-en-el-salon-internacional-del-caballo-sicab-2024\/#breadcrumb"},"inLanguage":"es","potentialAction":[{"@type":"ReadAction","target":["https:\/\/arealorcaradio.es\/index.php\/2024\/12\/05\/el-lorquino-mariano-sanchez-se-proclama-subcampeon-del-mundo-de-tronco-en-el-salon-internacional-del-caballo-sicab-2024\/"]}]},{"@type":"ImageObject","inLanguage":"es","@id":"https:\/\/arealorcaradio.es\/index.php\/2024\/12\/05\/el-lorquino-mariano-sanchez-se-proclama-subcampeon-del-mundo-de-tronco-en-el-salon-internacional-del-caballo-sicab-2024\/#primaryimage","url":"https:\/\/arealorcaradio.es\/wp-content\/uploads\/2024\/12\/20241205_175109-scaled.jpg","contentUrl":"https:\/\/arealorcaradio.es\/wp-content\/uploads\/2024\/12\/20241205_175109-scaled.jpg","width":2560,"height":1920},{"@type":"BreadcrumbList","@id":"https:\/\/arealorcaradio.es\/index.php\/2024\/12\/05\/el-lorquino-mariano-sanchez-se-proclama-subcampeon-del-mundo-de-tronco-en-el-salon-internacional-del-caballo-sicab-2024\/#breadcrumb","itemListElement":[{"@type":"ListItem","position":1,"name":"Portada","item":"https:\/\/arealorcaradio.es\/"},{"@type":"ListItem","position":2,"name":"El lorquino Mariano S\u00e1nchez se proclama subcampe\u00f3n del mundo de tronco en el Sal\u00f3n Internacional del Caballo SICAB 2024"}]},{"@type":"WebSite","@id":"https:\/\/arealorcaradio.es\/#website","url":"https:\/\/arealorcaradio.es\/","name":"AREA LORCA RADIO","description":"Descubre la programaci\u00f3n actual en \u00c1rea Lorca Radio, tu fuente de entrenamiento y noticias locales. Sintoniza ahora y mantente conectado online.","potentialAction":[{"@type":"SearchAction","target":{"@type":"EntryPoint","urlTemplate":"https:\/\/arealorcaradio.es\/?s={search_term_string}"},"query-input":{"@type":"PropertyValueSpecification","valueRequired":true,"valueName":"search_term_string"}}],"inLanguage":"es"},{"@type":"Person","@id":"https:\/\/arealorcaradio.es\/#\/schema\/person\/9fae605fc25b0f2c83c1ab207139bd27","name":"Paco S\u00e1nchez","image":{"@type":"ImageObject","inLanguage":"es","@id":"https:\/\/secure.gravatar.com\/avatar\/d67144e966420fb74aa84c9f2a0103be4724fd14db52b52d3b6bca749f257e79?s=96&d=mm&r=g","url":"https:\/\/secure.gravatar.com\/avatar\/d67144e966420fb74aa84c9f2a0103be4724fd14db52b52d3b6bca749f257e79?s=96&d=mm&r=g","contentUrl":"https:\/\/secure.gravatar.com\/avatar\/d67144e966420fb74aa84c9f2a0103be4724fd14db52b52d3b6bca749f257e79?s=96&d=mm&r=g","caption":"Paco S\u00e1nchez"},"sameAs":["https:\/\/arealorcaradio.es"],"url":"https:\/\/arealorcaradio.es\/index.php\/author\/admin_alorcaradio\/"}]}},"_links":{"self":[{"href":"https:\/\/arealorcaradio.es\/index.php\/wp-json\/wp\/v2\/posts\/4888","targetHints":{"allow":["GET"]}}],"collection":[{"href":"https:\/\/arealorcaradio.es\/index.php\/wp-json\/wp\/v2\/posts"}],"about":[{"href":"https:\/\/arealorcaradio.es\/index.php\/wp-json\/wp\/v2\/types\/post"}],"author":[{"embeddable":true,"href":"https:\/\/arealorcaradio.es\/index.php\/wp-json\/wp\/v2\/users\/1"}],"replies":[{"embeddable":true,"href":"https:\/\/arealorcaradio.es\/index.php\/wp-json\/wp\/v2\/comments?post=4888"}],"version-history":[{"count":1,"href":"https:\/\/arealorcaradio.es\/index.php\/wp-json\/wp\/v2\/posts\/4888\/revisions"}],"predecessor-version":[{"id":4894,"href":"https:\/\/arealorcaradio.es\/index.php\/wp-json\/wp\/v2\/posts\/4888\/revisions\/4894"}],"wp:featuredmedia":[{"embeddable":true,"href":"https:\/\/arealorcaradio.es\/index.php\/wp-json\/wp\/v2\/media\/4890"}],"wp:attachment":[{"href":"https:\/\/arealorcaradio.es\/index.php\/wp-json\/wp\/v2\/media?parent=4888"}],"wp:term":[{"taxonomy":"category","embeddable":true,"href":"https:\/\/arealorcaradio.es\/index.php\/wp-json\/wp\/v2\/categories?post=4888"},{"taxonomy":"post_tag","embeddable":true,"href":"https:\/\/arealorcaradio.es\/index.php\/wp-json\/wp\/v2\/tags?post=4888"}],"curies":[{"name":"wp","href":"https:\/\/api.w.org\/{rel}","templated":true}]}}