{"id":4876,"date":"2024-12-04T18:17:46","date_gmt":"2024-12-04T18:17:46","guid":{"rendered":"https:\/\/arealorcaradio.es\/?p=4876"},"modified":"2024-12-04T18:17:46","modified_gmt":"2024-12-04T18:17:46","slug":"el-complejo-deportivo-gines-antonio-vidal-la-torrecilla-acoge-el-iii-campus-de-futbol-de-tecnificacion-por-navidad","status":"publish","type":"post","link":"https:\/\/arealorcaradio.es\/index.php\/2024\/12\/04\/el-complejo-deportivo-gines-antonio-vidal-la-torrecilla-acoge-el-iii-campus-de-futbol-de-tecnificacion-por-navidad\/","title":{"rendered":"El complejo deportivo Gin\u00e9s Antonio Vidal-La Torrecilla acoge\u00a0el III Campus de F\u00fatbol de Tecnificaci\u00f3n por Navidad"},"content":{"rendered":"<p><strong>\u00c1REA LORCA RADIO. 04-12-24.<\/strong><\/p>\n<p>Escucha aqu\u00ed la entrevista que han concedido a Paco S\u00e1nchez en el programa \u00c1rea Lorca Deportes los responsables de este Campus, Tano Nasuti, Dani Bastida \u00abCheles\u00bb y Nico Fern\u00e1ndez.<\/p>\n<audio class=\"wp-audio-shortcode\" id=\"audio-4876-1\" preload=\"none\" style=\"width: 100%;\" controls=\"controls\"><source type=\"audio\/mpeg\" src=\"https:\/\/arealorcaradio.es\/wp-content\/uploads\/2024\/12\/041224-TANO-NASUTI-NICO-Y-DANI-CHELES.-III-CAMPUS.mp3?_=1\" \/><a href=\"https:\/\/arealorcaradio.es\/wp-content\/uploads\/2024\/12\/041224-TANO-NASUTI-NICO-Y-DANI-CHELES.-III-CAMPUS.mp3\">https:\/\/arealorcaradio.es\/wp-content\/uploads\/2024\/12\/041224-TANO-NASUTI-NICO-Y-DANI-CHELES.-III-CAMPUS.mp3<\/a><\/audio>\n<p class=\"v1MsoNormal\">El complejo deportivo Gin\u00e9s Antonio Vidal-La Torrecilla acoger\u00e1 del 26 al 28 de diciembre la tercera edici\u00f3n del Campus de Tecnificaci\u00f3n de F\u00fatbol organizado por\u00a0 Academia de F\u00fatbol Lorca en colaboraci\u00f3n con la Concejal\u00eda de Deportes y aprovechando las vacaciones escolares de Navidad.<\/p>\n<p class=\"v1MsoNormal\">Esta actividad, que se incluye en la segunda edici\u00f3n del programa municipal &#8216;Pascuas Deportivas&#8217; est\u00e1 dirigida a menores a partir de los cinco a\u00f1os de edad que quieran divertirse y mejorar su t\u00e9cnica y sus habilidades en el terreno de juego. El concejal de Deportes, Juan Miguel Bayonas, ha presentado el campus junto a los responsables del mismo, <strong>Cristian Javier Nasuti, Dani Bastida y\u00a0 Nico Fern\u00e1ndez<\/strong>.<\/p>\n<p class=\"v1MsoNormal\">Las clases se impartir\u00e1n en los campos municipales de f\u00fatbol &#8216;Mundialito&#8217; y &#8216;Mundial 82&#8217; y estar\u00e1n coordinadas por exjugadores profesionales de f\u00fatbol y entrenadores titulados en equipos de trabajo reducidos seg\u00fan la edad, nivel y posici\u00f3n en el campo de juego de los menores inscritos, tanto chicos como chicas,\u00a0en horario de 9.30 a 11 horas y de 11.30 a 13 horas.\u00a0Las familias interesadas pueden ponerse en contacto con la organizaci\u00f3n para solicitar informaci\u00f3n en los n\u00fameros de tel\u00e9fono <strong>685848446 &#8211; 603658688 &#8211; 671363732<\/strong>.<\/p>\n<p class=\"v1MsoNormal\"><img loading=\"lazy\" decoding=\"async\" class=\"alignnone size-medium wp-image-4877\" src=\"https:\/\/arealorcaradio.es\/wp-content\/uploads\/2024\/12\/Campus-tecnificacion-225x300.jpeg\" alt=\"\" width=\"225\" height=\"300\" srcset=\"https:\/\/arealorcaradio.es\/wp-content\/uploads\/2024\/12\/Campus-tecnificacion-225x300.jpeg 225w, https:\/\/arealorcaradio.es\/wp-content\/uploads\/2024\/12\/Campus-tecnificacion.jpeg 768w\" sizes=\"auto, (max-width: 225px) 100vw, 225px\" \/><\/p>\n<p class=\"v1MsoNormal\">Iniciativas deportivas como esta en su tercera edici\u00f3n representan una oportunidad divertida de aprendizaje para los ni\u00f1os y ni\u00f1as durante las vacaciones de Navidad. No solo les permite seguir desarroll\u00e1ndose en un entorno deportivo, aprendiendo de exjugadores profesionales y entrenadores titulados, sino que tambi\u00e9n fomentan valores como el trabajo en equipo, el esfuerzo y la disciplina. Adem\u00e1s, somos conscientes de la importancia de la conciliaci\u00f3n familiar en estas fechas, y este campus facilita a las familias una alternativa educativa y entretenida. Gracias a actividades como esta, seguimos apostando por el crecimiento personal y deportivo de nuestra juventud, al mismo tiempo que ayudamos a las familias en el manejo de su tiempo durante la Navidad.<\/p>\n","protected":false},"excerpt":{"rendered":"<p>\u00c1REA LORCA RADIO. 04-12-24. Escucha aqu\u00ed la entrevista que han concedido a Paco S\u00e1nchez en el programa \u00c1rea Lorca Deportes los responsables de este Campus, Tano Nasuti, Dani Bastida \u00abCheles\u00bb y Nico Fern\u00e1ndez. El complejo deportivo Gin\u00e9s Antonio Vidal-La Torrecilla acoger\u00e1 del 26 al 28 de diciembre la tercera edici\u00f3n del Campus de Tecnificaci\u00f3n de [&hellip;]<\/p>\n","protected":false},"author":1,"featured_media":4879,"comment_status":"open","ping_status":"open","sticky":false,"template":"","format":"standard","meta":{"iawp_total_views":69,"footnotes":""},"categories":[4,7],"tags":[],"class_list":["post-4876","post","type-post","status-publish","format-standard","has-post-thumbnail","hentry","category-deportes","category-lorca"],"yoast_head":"<!-- This site is optimized with the Yoast SEO plugin v27.5 - https:\/\/yoast.com\/product\/yoast-seo-wordpress\/ -->\n<title>El complejo deportivo Gin\u00e9s Antonio Vidal-La Torrecilla acoge\u00a0el III Campus de F\u00fatbol de Tecnificaci\u00f3n por Navidad - AREA LORCA RADIO<\/title>\n<meta name=\"robots\" content=\"index, follow, max-snippet:-1, max-image-preview:large, max-video-preview:-1\" \/>\n<link rel=\"canonical\" href=\"https:\/\/arealorcaradio.es\/index.php\/2024\/12\/04\/el-complejo-deportivo-gines-antonio-vidal-la-torrecilla-acoge-el-iii-campus-de-futbol-de-tecnificacion-por-navidad\/\" \/>\n<meta property=\"og:locale\" content=\"es_ES\" \/>\n<meta property=\"og:type\" content=\"article\" \/>\n<meta property=\"og:title\" content=\"El complejo deportivo Gin\u00e9s Antonio Vidal-La Torrecilla acoge\u00a0el III Campus de F\u00fatbol de Tecnificaci\u00f3n por Navidad - AREA LORCA RADIO\" \/>\n<meta property=\"og:description\" content=\"\u00c1REA LORCA RADIO. 04-12-24. Escucha aqu\u00ed la entrevista que han concedido a Paco S\u00e1nchez en el programa \u00c1rea Lorca Deportes los responsables de este Campus, Tano Nasuti, Dani Bastida \u00abCheles\u00bb y Nico Fern\u00e1ndez. El complejo deportivo Gin\u00e9s Antonio Vidal-La Torrecilla acoger\u00e1 del 26 al 28 de diciembre la tercera edici\u00f3n del Campus de Tecnificaci\u00f3n de [&hellip;]\" \/>\n<meta property=\"og:url\" content=\"https:\/\/arealorcaradio.es\/index.php\/2024\/12\/04\/el-complejo-deportivo-gines-antonio-vidal-la-torrecilla-acoge-el-iii-campus-de-futbol-de-tecnificacion-por-navidad\/\" \/>\n<meta property=\"og:site_name\" content=\"AREA LORCA RADIO\" \/>\n<meta property=\"article:published_time\" content=\"2024-12-04T18:17:46+00:00\" \/>\n<meta property=\"og:image\" content=\"https:\/\/arealorcaradio.es\/wp-content\/uploads\/2024\/12\/20241204_113444-scaled.jpg\" \/>\n\t<meta property=\"og:image:width\" content=\"2560\" \/>\n\t<meta property=\"og:image:height\" content=\"1920\" \/>\n\t<meta property=\"og:image:type\" content=\"image\/jpeg\" \/>\n<meta name=\"author\" content=\"Paco S\u00e1nchez\" \/>\n<meta name=\"twitter:card\" content=\"summary_large_image\" \/>\n<meta name=\"twitter:label1\" content=\"Escrito por\" \/>\n\t<meta name=\"twitter:data1\" content=\"Paco S\u00e1nchez\" \/>\n\t<meta name=\"twitter:label2\" content=\"Tiempo de lectura\" \/>\n\t<meta name=\"twitter:data2\" content=\"2 minutos\" \/>\n<script type=\"application\/ld+json\" class=\"yoast-schema-graph\">{\"@context\":\"https:\\\/\\\/schema.org\",\"@graph\":[{\"@type\":\"Article\",\"@id\":\"https:\\\/\\\/arealorcaradio.es\\\/index.php\\\/2024\\\/12\\\/04\\\/el-complejo-deportivo-gines-antonio-vidal-la-torrecilla-acoge-el-iii-campus-de-futbol-de-tecnificacion-por-navidad\\\/#article\",\"isPartOf\":{\"@id\":\"https:\\\/\\\/arealorcaradio.es\\\/index.php\\\/2024\\\/12\\\/04\\\/el-complejo-deportivo-gines-antonio-vidal-la-torrecilla-acoge-el-iii-campus-de-futbol-de-tecnificacion-por-navidad\\\/\"},\"author\":{\"name\":\"Paco S\u00e1nchez\",\"@id\":\"https:\\\/\\\/arealorcaradio.es\\\/#\\\/schema\\\/person\\\/9fae605fc25b0f2c83c1ab207139bd27\"},\"headline\":\"El complejo deportivo Gin\u00e9s Antonio Vidal-La Torrecilla acoge\u00a0el III Campus de F\u00fatbol de Tecnificaci\u00f3n por Navidad\",\"datePublished\":\"2024-12-04T18:17:46+00:00\",\"mainEntityOfPage\":{\"@id\":\"https:\\\/\\\/arealorcaradio.es\\\/index.php\\\/2024\\\/12\\\/04\\\/el-complejo-deportivo-gines-antonio-vidal-la-torrecilla-acoge-el-iii-campus-de-futbol-de-tecnificacion-por-navidad\\\/\"},\"wordCount\":393,\"commentCount\":0,\"image\":{\"@id\":\"https:\\\/\\\/arealorcaradio.es\\\/index.php\\\/2024\\\/12\\\/04\\\/el-complejo-deportivo-gines-antonio-vidal-la-torrecilla-acoge-el-iii-campus-de-futbol-de-tecnificacion-por-navidad\\\/#primaryimage\"},\"thumbnailUrl\":\"https:\\\/\\\/arealorcaradio.es\\\/wp-content\\\/uploads\\\/2024\\\/12\\\/20241204_113444-scaled.jpg\",\"articleSection\":[\"DEPORTES\",\"LORCA\"],\"inLanguage\":\"es\",\"potentialAction\":[{\"@type\":\"CommentAction\",\"name\":\"Comment\",\"target\":[\"https:\\\/\\\/arealorcaradio.es\\\/index.php\\\/2024\\\/12\\\/04\\\/el-complejo-deportivo-gines-antonio-vidal-la-torrecilla-acoge-el-iii-campus-de-futbol-de-tecnificacion-por-navidad\\\/#respond\"]}]},{\"@type\":\"WebPage\",\"@id\":\"https:\\\/\\\/arealorcaradio.es\\\/index.php\\\/2024\\\/12\\\/04\\\/el-complejo-deportivo-gines-antonio-vidal-la-torrecilla-acoge-el-iii-campus-de-futbol-de-tecnificacion-por-navidad\\\/\",\"url\":\"https:\\\/\\\/arealorcaradio.es\\\/index.php\\\/2024\\\/12\\\/04\\\/el-complejo-deportivo-gines-antonio-vidal-la-torrecilla-acoge-el-iii-campus-de-futbol-de-tecnificacion-por-navidad\\\/\",\"name\":\"El complejo deportivo Gin\u00e9s Antonio Vidal-La Torrecilla acoge\u00a0el III Campus de F\u00fatbol de Tecnificaci\u00f3n por Navidad - AREA LORCA RADIO\",\"isPartOf\":{\"@id\":\"https:\\\/\\\/arealorcaradio.es\\\/#website\"},\"primaryImageOfPage\":{\"@id\":\"https:\\\/\\\/arealorcaradio.es\\\/index.php\\\/2024\\\/12\\\/04\\\/el-complejo-deportivo-gines-antonio-vidal-la-torrecilla-acoge-el-iii-campus-de-futbol-de-tecnificacion-por-navidad\\\/#primaryimage\"},\"image\":{\"@id\":\"https:\\\/\\\/arealorcaradio.es\\\/index.php\\\/2024\\\/12\\\/04\\\/el-complejo-deportivo-gines-antonio-vidal-la-torrecilla-acoge-el-iii-campus-de-futbol-de-tecnificacion-por-navidad\\\/#primaryimage\"},\"thumbnailUrl\":\"https:\\\/\\\/arealorcaradio.es\\\/wp-content\\\/uploads\\\/2024\\\/12\\\/20241204_113444-scaled.jpg\",\"datePublished\":\"2024-12-04T18:17:46+00:00\",\"author\":{\"@id\":\"https:\\\/\\\/arealorcaradio.es\\\/#\\\/schema\\\/person\\\/9fae605fc25b0f2c83c1ab207139bd27\"},\"breadcrumb\":{\"@id\":\"https:\\\/\\\/arealorcaradio.es\\\/index.php\\\/2024\\\/12\\\/04\\\/el-complejo-deportivo-gines-antonio-vidal-la-torrecilla-acoge-el-iii-campus-de-futbol-de-tecnificacion-por-navidad\\\/#breadcrumb\"},\"inLanguage\":\"es\",\"potentialAction\":[{\"@type\":\"ReadAction\",\"target\":[\"https:\\\/\\\/arealorcaradio.es\\\/index.php\\\/2024\\\/12\\\/04\\\/el-complejo-deportivo-gines-antonio-vidal-la-torrecilla-acoge-el-iii-campus-de-futbol-de-tecnificacion-por-navidad\\\/\"]}]},{\"@type\":\"ImageObject\",\"inLanguage\":\"es\",\"@id\":\"https:\\\/\\\/arealorcaradio.es\\\/index.php\\\/2024\\\/12\\\/04\\\/el-complejo-deportivo-gines-antonio-vidal-la-torrecilla-acoge-el-iii-campus-de-futbol-de-tecnificacion-por-navidad\\\/#primaryimage\",\"url\":\"https:\\\/\\\/arealorcaradio.es\\\/wp-content\\\/uploads\\\/2024\\\/12\\\/20241204_113444-scaled.jpg\",\"contentUrl\":\"https:\\\/\\\/arealorcaradio.es\\\/wp-content\\\/uploads\\\/2024\\\/12\\\/20241204_113444-scaled.jpg\",\"width\":2560,\"height\":1920},{\"@type\":\"BreadcrumbList\",\"@id\":\"https:\\\/\\\/arealorcaradio.es\\\/index.php\\\/2024\\\/12\\\/04\\\/el-complejo-deportivo-gines-antonio-vidal-la-torrecilla-acoge-el-iii-campus-de-futbol-de-tecnificacion-por-navidad\\\/#breadcrumb\",\"itemListElement\":[{\"@type\":\"ListItem\",\"position\":1,\"name\":\"Portada\",\"item\":\"https:\\\/\\\/arealorcaradio.es\\\/\"},{\"@type\":\"ListItem\",\"position\":2,\"name\":\"El complejo deportivo Gin\u00e9s Antonio Vidal-La Torrecilla acoge\u00a0el III Campus de F\u00fatbol de Tecnificaci\u00f3n por Navidad\"}]},{\"@type\":\"WebSite\",\"@id\":\"https:\\\/\\\/arealorcaradio.es\\\/#website\",\"url\":\"https:\\\/\\\/arealorcaradio.es\\\/\",\"name\":\"AREA LORCA RADIO\",\"description\":\"Descubre la programaci\u00f3n actual en \u00c1rea Lorca Radio, tu fuente de entrenamiento y noticias locales. Sintoniza ahora y mantente conectado online.\",\"potentialAction\":[{\"@type\":\"SearchAction\",\"target\":{\"@type\":\"EntryPoint\",\"urlTemplate\":\"https:\\\/\\\/arealorcaradio.es\\\/?s={search_term_string}\"},\"query-input\":{\"@type\":\"PropertyValueSpecification\",\"valueRequired\":true,\"valueName\":\"search_term_string\"}}],\"inLanguage\":\"es\"},{\"@type\":\"Person\",\"@id\":\"https:\\\/\\\/arealorcaradio.es\\\/#\\\/schema\\\/person\\\/9fae605fc25b0f2c83c1ab207139bd27\",\"name\":\"Paco S\u00e1nchez\",\"image\":{\"@type\":\"ImageObject\",\"inLanguage\":\"es\",\"@id\":\"https:\\\/\\\/secure.gravatar.com\\\/avatar\\\/d67144e966420fb74aa84c9f2a0103be4724fd14db52b52d3b6bca749f257e79?s=96&d=mm&r=g\",\"url\":\"https:\\\/\\\/secure.gravatar.com\\\/avatar\\\/d67144e966420fb74aa84c9f2a0103be4724fd14db52b52d3b6bca749f257e79?s=96&d=mm&r=g\",\"contentUrl\":\"https:\\\/\\\/secure.gravatar.com\\\/avatar\\\/d67144e966420fb74aa84c9f2a0103be4724fd14db52b52d3b6bca749f257e79?s=96&d=mm&r=g\",\"caption\":\"Paco S\u00e1nchez\"},\"sameAs\":[\"https:\\\/\\\/arealorcaradio.es\"],\"url\":\"https:\\\/\\\/arealorcaradio.es\\\/index.php\\\/author\\\/admin_alorcaradio\\\/\"}]}<\/script>\n<!-- \/ Yoast SEO plugin. -->","yoast_head_json":{"title":"El complejo deportivo Gin\u00e9s Antonio Vidal-La Torrecilla acoge\u00a0el III Campus de F\u00fatbol de Tecnificaci\u00f3n por Navidad - AREA LORCA RADIO","robots":{"index":"index","follow":"follow","max-snippet":"max-snippet:-1","max-image-preview":"max-image-preview:large","max-video-preview":"max-video-preview:-1"},"canonical":"https:\/\/arealorcaradio.es\/index.php\/2024\/12\/04\/el-complejo-deportivo-gines-antonio-vidal-la-torrecilla-acoge-el-iii-campus-de-futbol-de-tecnificacion-por-navidad\/","og_locale":"es_ES","og_type":"article","og_title":"El complejo deportivo Gin\u00e9s Antonio Vidal-La Torrecilla acoge\u00a0el III Campus de F\u00fatbol de Tecnificaci\u00f3n por Navidad - AREA LORCA RADIO","og_description":"\u00c1REA LORCA RADIO. 04-12-24. Escucha aqu\u00ed la entrevista que han concedido a Paco S\u00e1nchez en el programa \u00c1rea Lorca Deportes los responsables de este Campus, Tano Nasuti, Dani Bastida \u00abCheles\u00bb y Nico Fern\u00e1ndez. El complejo deportivo Gin\u00e9s Antonio Vidal-La Torrecilla acoger\u00e1 del 26 al 28 de diciembre la tercera edici\u00f3n del Campus de Tecnificaci\u00f3n de [&hellip;]","og_url":"https:\/\/arealorcaradio.es\/index.php\/2024\/12\/04\/el-complejo-deportivo-gines-antonio-vidal-la-torrecilla-acoge-el-iii-campus-de-futbol-de-tecnificacion-por-navidad\/","og_site_name":"AREA LORCA RADIO","article_published_time":"2024-12-04T18:17:46+00:00","og_image":[{"width":2560,"height":1920,"url":"https:\/\/arealorcaradio.es\/wp-content\/uploads\/2024\/12\/20241204_113444-scaled.jpg","type":"image\/jpeg"}],"author":"Paco S\u00e1nchez","twitter_card":"summary_large_image","twitter_misc":{"Escrito por":"Paco S\u00e1nchez","Tiempo de lectura":"2 minutos"},"schema":{"@context":"https:\/\/schema.org","@graph":[{"@type":"Article","@id":"https:\/\/arealorcaradio.es\/index.php\/2024\/12\/04\/el-complejo-deportivo-gines-antonio-vidal-la-torrecilla-acoge-el-iii-campus-de-futbol-de-tecnificacion-por-navidad\/#article","isPartOf":{"@id":"https:\/\/arealorcaradio.es\/index.php\/2024\/12\/04\/el-complejo-deportivo-gines-antonio-vidal-la-torrecilla-acoge-el-iii-campus-de-futbol-de-tecnificacion-por-navidad\/"},"author":{"name":"Paco S\u00e1nchez","@id":"https:\/\/arealorcaradio.es\/#\/schema\/person\/9fae605fc25b0f2c83c1ab207139bd27"},"headline":"El complejo deportivo Gin\u00e9s Antonio Vidal-La Torrecilla acoge\u00a0el III Campus de F\u00fatbol de Tecnificaci\u00f3n por Navidad","datePublished":"2024-12-04T18:17:46+00:00","mainEntityOfPage":{"@id":"https:\/\/arealorcaradio.es\/index.php\/2024\/12\/04\/el-complejo-deportivo-gines-antonio-vidal-la-torrecilla-acoge-el-iii-campus-de-futbol-de-tecnificacion-por-navidad\/"},"wordCount":393,"commentCount":0,"image":{"@id":"https:\/\/arealorcaradio.es\/index.php\/2024\/12\/04\/el-complejo-deportivo-gines-antonio-vidal-la-torrecilla-acoge-el-iii-campus-de-futbol-de-tecnificacion-por-navidad\/#primaryimage"},"thumbnailUrl":"https:\/\/arealorcaradio.es\/wp-content\/uploads\/2024\/12\/20241204_113444-scaled.jpg","articleSection":["DEPORTES","LORCA"],"inLanguage":"es","potentialAction":[{"@type":"CommentAction","name":"Comment","target":["https:\/\/arealorcaradio.es\/index.php\/2024\/12\/04\/el-complejo-deportivo-gines-antonio-vidal-la-torrecilla-acoge-el-iii-campus-de-futbol-de-tecnificacion-por-navidad\/#respond"]}]},{"@type":"WebPage","@id":"https:\/\/arealorcaradio.es\/index.php\/2024\/12\/04\/el-complejo-deportivo-gines-antonio-vidal-la-torrecilla-acoge-el-iii-campus-de-futbol-de-tecnificacion-por-navidad\/","url":"https:\/\/arealorcaradio.es\/index.php\/2024\/12\/04\/el-complejo-deportivo-gines-antonio-vidal-la-torrecilla-acoge-el-iii-campus-de-futbol-de-tecnificacion-por-navidad\/","name":"El complejo deportivo Gin\u00e9s Antonio Vidal-La Torrecilla acoge\u00a0el III Campus de F\u00fatbol de Tecnificaci\u00f3n por Navidad - AREA LORCA RADIO","isPartOf":{"@id":"https:\/\/arealorcaradio.es\/#website"},"primaryImageOfPage":{"@id":"https:\/\/arealorcaradio.es\/index.php\/2024\/12\/04\/el-complejo-deportivo-gines-antonio-vidal-la-torrecilla-acoge-el-iii-campus-de-futbol-de-tecnificacion-por-navidad\/#primaryimage"},"image":{"@id":"https:\/\/arealorcaradio.es\/index.php\/2024\/12\/04\/el-complejo-deportivo-gines-antonio-vidal-la-torrecilla-acoge-el-iii-campus-de-futbol-de-tecnificacion-por-navidad\/#primaryimage"},"thumbnailUrl":"https:\/\/arealorcaradio.es\/wp-content\/uploads\/2024\/12\/20241204_113444-scaled.jpg","datePublished":"2024-12-04T18:17:46+00:00","author":{"@id":"https:\/\/arealorcaradio.es\/#\/schema\/person\/9fae605fc25b0f2c83c1ab207139bd27"},"breadcrumb":{"@id":"https:\/\/arealorcaradio.es\/index.php\/2024\/12\/04\/el-complejo-deportivo-gines-antonio-vidal-la-torrecilla-acoge-el-iii-campus-de-futbol-de-tecnificacion-por-navidad\/#breadcrumb"},"inLanguage":"es","potentialAction":[{"@type":"ReadAction","target":["https:\/\/arealorcaradio.es\/index.php\/2024\/12\/04\/el-complejo-deportivo-gines-antonio-vidal-la-torrecilla-acoge-el-iii-campus-de-futbol-de-tecnificacion-por-navidad\/"]}]},{"@type":"ImageObject","inLanguage":"es","@id":"https:\/\/arealorcaradio.es\/index.php\/2024\/12\/04\/el-complejo-deportivo-gines-antonio-vidal-la-torrecilla-acoge-el-iii-campus-de-futbol-de-tecnificacion-por-navidad\/#primaryimage","url":"https:\/\/arealorcaradio.es\/wp-content\/uploads\/2024\/12\/20241204_113444-scaled.jpg","contentUrl":"https:\/\/arealorcaradio.es\/wp-content\/uploads\/2024\/12\/20241204_113444-scaled.jpg","width":2560,"height":1920},{"@type":"BreadcrumbList","@id":"https:\/\/arealorcaradio.es\/index.php\/2024\/12\/04\/el-complejo-deportivo-gines-antonio-vidal-la-torrecilla-acoge-el-iii-campus-de-futbol-de-tecnificacion-por-navidad\/#breadcrumb","itemListElement":[{"@type":"ListItem","position":1,"name":"Portada","item":"https:\/\/arealorcaradio.es\/"},{"@type":"ListItem","position":2,"name":"El complejo deportivo Gin\u00e9s Antonio Vidal-La Torrecilla acoge\u00a0el III Campus de F\u00fatbol de Tecnificaci\u00f3n por Navidad"}]},{"@type":"WebSite","@id":"https:\/\/arealorcaradio.es\/#website","url":"https:\/\/arealorcaradio.es\/","name":"AREA LORCA RADIO","description":"Descubre la programaci\u00f3n actual en \u00c1rea Lorca Radio, tu fuente de entrenamiento y noticias locales. Sintoniza ahora y mantente conectado online.","potentialAction":[{"@type":"SearchAction","target":{"@type":"EntryPoint","urlTemplate":"https:\/\/arealorcaradio.es\/?s={search_term_string}"},"query-input":{"@type":"PropertyValueSpecification","valueRequired":true,"valueName":"search_term_string"}}],"inLanguage":"es"},{"@type":"Person","@id":"https:\/\/arealorcaradio.es\/#\/schema\/person\/9fae605fc25b0f2c83c1ab207139bd27","name":"Paco S\u00e1nchez","image":{"@type":"ImageObject","inLanguage":"es","@id":"https:\/\/secure.gravatar.com\/avatar\/d67144e966420fb74aa84c9f2a0103be4724fd14db52b52d3b6bca749f257e79?s=96&d=mm&r=g","url":"https:\/\/secure.gravatar.com\/avatar\/d67144e966420fb74aa84c9f2a0103be4724fd14db52b52d3b6bca749f257e79?s=96&d=mm&r=g","contentUrl":"https:\/\/secure.gravatar.com\/avatar\/d67144e966420fb74aa84c9f2a0103be4724fd14db52b52d3b6bca749f257e79?s=96&d=mm&r=g","caption":"Paco S\u00e1nchez"},"sameAs":["https:\/\/arealorcaradio.es"],"url":"https:\/\/arealorcaradio.es\/index.php\/author\/admin_alorcaradio\/"}]}},"_links":{"self":[{"href":"https:\/\/arealorcaradio.es\/index.php\/wp-json\/wp\/v2\/posts\/4876","targetHints":{"allow":["GET"]}}],"collection":[{"href":"https:\/\/arealorcaradio.es\/index.php\/wp-json\/wp\/v2\/posts"}],"about":[{"href":"https:\/\/arealorcaradio.es\/index.php\/wp-json\/wp\/v2\/types\/post"}],"author":[{"embeddable":true,"href":"https:\/\/arealorcaradio.es\/index.php\/wp-json\/wp\/v2\/users\/1"}],"replies":[{"embeddable":true,"href":"https:\/\/arealorcaradio.es\/index.php\/wp-json\/wp\/v2\/comments?post=4876"}],"version-history":[{"count":1,"href":"https:\/\/arealorcaradio.es\/index.php\/wp-json\/wp\/v2\/posts\/4876\/revisions"}],"predecessor-version":[{"id":4880,"href":"https:\/\/arealorcaradio.es\/index.php\/wp-json\/wp\/v2\/posts\/4876\/revisions\/4880"}],"wp:featuredmedia":[{"embeddable":true,"href":"https:\/\/arealorcaradio.es\/index.php\/wp-json\/wp\/v2\/media\/4879"}],"wp:attachment":[{"href":"https:\/\/arealorcaradio.es\/index.php\/wp-json\/wp\/v2\/media?parent=4876"}],"wp:term":[{"taxonomy":"category","embeddable":true,"href":"https:\/\/arealorcaradio.es\/index.php\/wp-json\/wp\/v2\/categories?post=4876"},{"taxonomy":"post_tag","embeddable":true,"href":"https:\/\/arealorcaradio.es\/index.php\/wp-json\/wp\/v2\/tags?post=4876"}],"curies":[{"name":"wp","href":"https:\/\/api.w.org\/{rel}","templated":true}]}}