{"id":4859,"date":"2024-12-04T08:34:11","date_gmt":"2024-12-04T08:34:11","guid":{"rendered":"https:\/\/arealorcaradio.es\/?p=4859"},"modified":"2024-12-04T08:34:11","modified_gmt":"2024-12-04T08:34:11","slug":"el-encuentro-de-cuadrillas-de-pascua-de-lorca-acogera-por-primera-vez-en-su-historia-talleres-tradicionales-de-guitarra-pandero-y-baile","status":"publish","type":"post","link":"https:\/\/arealorcaradio.es\/index.php\/2024\/12\/04\/el-encuentro-de-cuadrillas-de-pascua-de-lorca-acogera-por-primera-vez-en-su-historia-talleres-tradicionales-de-guitarra-pandero-y-baile\/","title":{"rendered":"El Encuentro de Cuadrillas de Pascua de Lorca acoger\u00e1 por primera vez en su historia talleres tradicionales de guitarra, pandero y baile"},"content":{"rendered":"<p>\u00c1REA LORCA RADIO.<\/p>\n<div>\n<p>Escucha aqu\u00ed la intervenci\u00f3n de la concejala de Fiestas y Tradiciones del Ayuntamiento de Lorca, Mar\u00eda de las Huertas Garc\u00eda P\u00e9rez en el programa magazine \u00c1rea Lorca Actualidad con Paco S\u00e1nchez.<\/p>\n<audio class=\"wp-audio-shortcode\" id=\"audio-4859-1\" preload=\"none\" style=\"width: 100%;\" controls=\"controls\"><source type=\"audio\/mpeg\" src=\"https:\/\/arealorcaradio.es\/wp-content\/uploads\/2024\/12\/031224-MARI-HUERTAS-GARCIA.-NAVIDAD-FIESTAS-Y-TRADICIONES.mp3?_=1\" \/><a href=\"https:\/\/arealorcaradio.es\/wp-content\/uploads\/2024\/12\/031224-MARI-HUERTAS-GARCIA.-NAVIDAD-FIESTAS-Y-TRADICIONES.mp3\">https:\/\/arealorcaradio.es\/wp-content\/uploads\/2024\/12\/031224-MARI-HUERTAS-GARCIA.-NAVIDAD-FIESTAS-Y-TRADICIONES.mp3<\/a><\/audio>\n<p class=\"v1MsoNormal\"><b><span lang=\"EN-US\">4 de diciembre de 2024. <\/span><\/b><span lang=\"EN-US\">El cuadrag\u00e9simo tercer encuentro de &#8216;Cuadrillas de Pascua&#8217;, un certamen que se erige como el m\u00e1s antiguo y arraigado de la Regi\u00f3n de Murcia, tendr\u00e1 lugar el domingo, 22 de diciembre, en la calle Corredera. As\u00ed lo ha anunciado esta ma\u00f1ana la concejal de Tradiciones del Ayuntamiento de Lorca, Mar\u00eda de las Huertas Garc\u00eda P\u00e9rez, durante la presentaci\u00f3n del mismo.<\/span><\/p>\n<p class=\"v1MsoNormal\"><span lang=\"EN-US\"><img loading=\"lazy\" decoding=\"async\" class=\"alignnone  wp-image-4861\" src=\"https:\/\/arealorcaradio.es\/wp-content\/uploads\/2024\/12\/20241203_133123-300x225.jpg\" alt=\"\" width=\"275\" height=\"206\" srcset=\"https:\/\/arealorcaradio.es\/wp-content\/uploads\/2024\/12\/20241203_133123-300x225.jpg 300w, https:\/\/arealorcaradio.es\/wp-content\/uploads\/2024\/12\/20241203_133123-1024x768.jpg 1024w, https:\/\/arealorcaradio.es\/wp-content\/uploads\/2024\/12\/20241203_133123-768x576.jpg 768w, https:\/\/arealorcaradio.es\/wp-content\/uploads\/2024\/12\/20241203_133123-1536x1152.jpg 1536w, https:\/\/arealorcaradio.es\/wp-content\/uploads\/2024\/12\/20241203_133123-2048x1536.jpg 2048w, https:\/\/arealorcaradio.es\/wp-content\/uploads\/2024\/12\/20241203_133123-86x64.jpg 86w\" sizes=\"auto, (max-width: 275px) 100vw, 275px\" \/> \u00a0<img loading=\"lazy\" decoding=\"async\" class=\"alignnone  wp-image-4862\" src=\"https:\/\/arealorcaradio.es\/wp-content\/uploads\/2024\/12\/IMG-20241203-WA0022-300x200.jpg\" alt=\"\" width=\"308\" height=\"205\" srcset=\"https:\/\/arealorcaradio.es\/wp-content\/uploads\/2024\/12\/IMG-20241203-WA0022-300x200.jpg 300w, https:\/\/arealorcaradio.es\/wp-content\/uploads\/2024\/12\/IMG-20241203-WA0022-1024x682.jpg 1024w, https:\/\/arealorcaradio.es\/wp-content\/uploads\/2024\/12\/IMG-20241203-WA0022-768x512.jpg 768w, https:\/\/arealorcaradio.es\/wp-content\/uploads\/2024\/12\/IMG-20241203-WA0022-1536x1023.jpg 1536w, https:\/\/arealorcaradio.es\/wp-content\/uploads\/2024\/12\/IMG-20241203-WA0022.jpg 1600w\" sizes=\"auto, (max-width: 308px) 100vw, 308px\" \/><\/span><\/p>\n<p class=\"v1MsoNormal\"><span lang=\"EN-US\">Mar\u00eda de las Huertas Garc\u00eda ha destacado que este certamen tiene este a\u00f1o una novedad muy importante y es que, \u00abpor primera vez en sus 43 a\u00f1os de historia, el certamen contar\u00e1 con talleres paralelos de tradiciones dirigidos a los lorquinos, j\u00f3venes y visitantes interesados en aprender distintas formas de folclore\u00bb. Estos talleres, organizados con el prop\u00f3sito de fomentar las ra\u00edces culturales y la formaci\u00f3n de las cuadrillas, se celebrar\u00e1n el s\u00e1bado 21 de diciembre, de 17:30 a 20 horas, en el Centro Cultural Alcalde Jos\u00e9 Mar\u00eda Campoy. \u00abDurante esta actividad, la Cuadrilla de Aguaderas impartir\u00e1 un taller de guitarra, los Auroros de Lorca ense\u00f1ar\u00e1n el arte del pandero, y la Cuadrilla de Zarzadilla de Totana se centrar\u00e1 en el baile suelto\u00bb, ha detallado.<\/span><\/p>\n<p class=\"v1MsoNormal\"><span lang=\"EN-US\">La concejal de Tradiciones ha indicado que el Certamen de Cuadrillas, organizado por el Consistorio lorquino, \u00abhar\u00e1 que la calle se llene de la esencia de nuestras tradiciones navide\u00f1as con las actuaciones de cuadrillas de nuestro municipio como los Auroros de Lorca y las Cuadrillas de Zarzadilla de Totana, Campillo, Purias, Torrecilla, La Hoya, Aguaderas y La Jarapa\u00bb; y ha a\u00f1adido que \u00abestos ocho grupos, a trav\u00e9s de la m\u00fasica, nos har\u00e1n disfrutar durante toda la ma\u00f1ana de las tradiciones m\u00e1s aut\u00e9nticas de nuestra Regi\u00f3n y que compartir\u00e1n la riqueza de nuestro folclore a trav\u00e9s de la m\u00fasica\u00bb.<\/span><\/p>\n<p class=\"v1MsoNormal\"><span lang=\"EN-US\">El evento comenzar\u00e1 a las 12 horas y los diferentes grupos musicales se distribuir\u00e1n a lo largo de la calle Corredera, \u00abbrindando as\u00ed a los lorquinos y visitantes la oportunidad de disfrutar de un ambiente festivo \u00fanico, lo que tambi\u00e9n permite al p\u00fablico asistente participar en los bailes tradicionales que interpretan nuestras cuadrillas a los sones de las pascuas lorquinas, jotas, malague\u00f1as, parrandas y seguidillas\u00bb, ha se\u00f1alado Garc\u00eda P\u00e9rez.<\/span><\/p>\n<p class=\"v1MsoNormal\"><span lang=\"EN-US\">El encuentro de &#8216;Cuadrillas de Pascua&#8217; arraigado en el calendario cultural y navide\u00f1o lorquino, nos permite disfrutar de la m\u00fasica tradicional que ha perdurado a lo largo de generaciones. \u00abEstas letras, herederas de nuestro patrimonio cultural local, ser\u00e1n acompa\u00f1adas por una variedad de instrumentos como guitarras, la\u00fades, panderos, bandurrias y violines, resaltando as\u00ed nuestro valioso y \u00fanico folclore tradicional\u00bb, ha asegurado la edil de Tradiciones.<\/span><\/p>\n<p class=\"v1MsoNormal\"><span lang=\"EN-US\">Desde la concejal\u00eda de Tradiciones, creada por el alcalde Fulgencio Gil con el objetivo de preservar, entre otros aspectos, el patrimonio y las tradiciones de las cuadrillas lorquinas, invitamos a todos los lorquinos a participar en este evento que tiene como objetivo fomentar el folclore y destacar nuestras tradiciones m\u00e1s preciadas. \u00abEsperamos que este encuentro contribuya tambi\u00e9n a fortalecer nuestras ra\u00edces y las nuevas generaciones, por lo que tambi\u00e9n es un buen momento para disfrutar del mismo con la familia y con los m\u00e1s peque\u00f1os de la casa, para que estos empiecen a conocer y a interesarse por el patrimonio cultural y tradicional que conservamos en nuestro municipio\u00bb, ha concluido Mar\u00eda de las Huertas Garc\u00eda.<\/span><\/p>\n<\/div>\n<div><\/div>\n","protected":false},"excerpt":{"rendered":"<p>\u00c1REA LORCA RADIO. Escucha aqu\u00ed la intervenci\u00f3n de la concejala de Fiestas y Tradiciones del Ayuntamiento de Lorca, Mar\u00eda de las Huertas Garc\u00eda P\u00e9rez en el programa magazine \u00c1rea Lorca Actualidad con Paco S\u00e1nchez. 4 de diciembre de 2024. El cuadrag\u00e9simo tercer encuentro de &#8216;Cuadrillas de Pascua&#8217;, un certamen que se erige como el m\u00e1s [&hellip;]<\/p>\n","protected":false},"author":1,"featured_media":4861,"comment_status":"open","ping_status":"open","sticky":false,"template":"","format":"standard","meta":{"iawp_total_views":4,"footnotes":""},"categories":[5,7],"tags":[],"class_list":["post-4859","post","type-post","status-publish","format-standard","has-post-thumbnail","hentry","category-actualidad","category-lorca"],"yoast_head":"<!-- This site is optimized with the Yoast SEO plugin v27.5 - https:\/\/yoast.com\/product\/yoast-seo-wordpress\/ -->\n<title>El Encuentro de Cuadrillas de Pascua de Lorca acoger\u00e1 por primera vez en su historia talleres tradicionales de guitarra, pandero y baile - AREA LORCA RADIO<\/title>\n<meta name=\"robots\" content=\"index, follow, max-snippet:-1, max-image-preview:large, max-video-preview:-1\" \/>\n<link rel=\"canonical\" href=\"https:\/\/arealorcaradio.es\/index.php\/2024\/12\/04\/el-encuentro-de-cuadrillas-de-pascua-de-lorca-acogera-por-primera-vez-en-su-historia-talleres-tradicionales-de-guitarra-pandero-y-baile\/\" \/>\n<meta property=\"og:locale\" content=\"es_ES\" \/>\n<meta property=\"og:type\" content=\"article\" \/>\n<meta property=\"og:title\" content=\"El Encuentro de Cuadrillas de Pascua de Lorca acoger\u00e1 por primera vez en su historia talleres tradicionales de guitarra, pandero y baile - AREA LORCA RADIO\" \/>\n<meta property=\"og:description\" content=\"\u00c1REA LORCA RADIO. Escucha aqu\u00ed la intervenci\u00f3n de la concejala de Fiestas y Tradiciones del Ayuntamiento de Lorca, Mar\u00eda de las Huertas Garc\u00eda P\u00e9rez en el programa magazine \u00c1rea Lorca Actualidad con Paco S\u00e1nchez. 4 de diciembre de 2024. El cuadrag\u00e9simo tercer encuentro de &#8216;Cuadrillas de Pascua&#8217;, un certamen que se erige como el m\u00e1s [&hellip;]\" \/>\n<meta property=\"og:url\" content=\"https:\/\/arealorcaradio.es\/index.php\/2024\/12\/04\/el-encuentro-de-cuadrillas-de-pascua-de-lorca-acogera-por-primera-vez-en-su-historia-talleres-tradicionales-de-guitarra-pandero-y-baile\/\" \/>\n<meta property=\"og:site_name\" content=\"AREA LORCA RADIO\" \/>\n<meta property=\"article:published_time\" content=\"2024-12-04T08:34:11+00:00\" \/>\n<meta property=\"og:image\" content=\"https:\/\/arealorcaradio.es\/wp-content\/uploads\/2024\/12\/20241203_133123-scaled.jpg\" \/>\n\t<meta property=\"og:image:width\" content=\"2560\" \/>\n\t<meta property=\"og:image:height\" content=\"1920\" \/>\n\t<meta property=\"og:image:type\" content=\"image\/jpeg\" \/>\n<meta name=\"author\" content=\"Paco S\u00e1nchez\" \/>\n<meta name=\"twitter:card\" content=\"summary_large_image\" \/>\n<meta name=\"twitter:label1\" content=\"Escrito por\" \/>\n\t<meta name=\"twitter:data1\" content=\"Paco S\u00e1nchez\" \/>\n\t<meta name=\"twitter:label2\" content=\"Tiempo de lectura\" \/>\n\t<meta name=\"twitter:data2\" content=\"4 minutos\" \/>\n<script type=\"application\/ld+json\" class=\"yoast-schema-graph\">{\"@context\":\"https:\\\/\\\/schema.org\",\"@graph\":[{\"@type\":\"Article\",\"@id\":\"https:\\\/\\\/arealorcaradio.es\\\/index.php\\\/2024\\\/12\\\/04\\\/el-encuentro-de-cuadrillas-de-pascua-de-lorca-acogera-por-primera-vez-en-su-historia-talleres-tradicionales-de-guitarra-pandero-y-baile\\\/#article\",\"isPartOf\":{\"@id\":\"https:\\\/\\\/arealorcaradio.es\\\/index.php\\\/2024\\\/12\\\/04\\\/el-encuentro-de-cuadrillas-de-pascua-de-lorca-acogera-por-primera-vez-en-su-historia-talleres-tradicionales-de-guitarra-pandero-y-baile\\\/\"},\"author\":{\"name\":\"Paco S\u00e1nchez\",\"@id\":\"https:\\\/\\\/arealorcaradio.es\\\/#\\\/schema\\\/person\\\/9fae605fc25b0f2c83c1ab207139bd27\"},\"headline\":\"El Encuentro de Cuadrillas de Pascua de Lorca acoger\u00e1 por primera vez en su historia talleres tradicionales de guitarra, pandero y baile\",\"datePublished\":\"2024-12-04T08:34:11+00:00\",\"mainEntityOfPage\":{\"@id\":\"https:\\\/\\\/arealorcaradio.es\\\/index.php\\\/2024\\\/12\\\/04\\\/el-encuentro-de-cuadrillas-de-pascua-de-lorca-acogera-por-primera-vez-en-su-historia-talleres-tradicionales-de-guitarra-pandero-y-baile\\\/\"},\"wordCount\":654,\"commentCount\":0,\"image\":{\"@id\":\"https:\\\/\\\/arealorcaradio.es\\\/index.php\\\/2024\\\/12\\\/04\\\/el-encuentro-de-cuadrillas-de-pascua-de-lorca-acogera-por-primera-vez-en-su-historia-talleres-tradicionales-de-guitarra-pandero-y-baile\\\/#primaryimage\"},\"thumbnailUrl\":\"https:\\\/\\\/arealorcaradio.es\\\/wp-content\\\/uploads\\\/2024\\\/12\\\/20241203_133123-scaled.jpg\",\"articleSection\":[\"ACTUALIDAD\",\"LORCA\"],\"inLanguage\":\"es\",\"potentialAction\":[{\"@type\":\"CommentAction\",\"name\":\"Comment\",\"target\":[\"https:\\\/\\\/arealorcaradio.es\\\/index.php\\\/2024\\\/12\\\/04\\\/el-encuentro-de-cuadrillas-de-pascua-de-lorca-acogera-por-primera-vez-en-su-historia-talleres-tradicionales-de-guitarra-pandero-y-baile\\\/#respond\"]}]},{\"@type\":\"WebPage\",\"@id\":\"https:\\\/\\\/arealorcaradio.es\\\/index.php\\\/2024\\\/12\\\/04\\\/el-encuentro-de-cuadrillas-de-pascua-de-lorca-acogera-por-primera-vez-en-su-historia-talleres-tradicionales-de-guitarra-pandero-y-baile\\\/\",\"url\":\"https:\\\/\\\/arealorcaradio.es\\\/index.php\\\/2024\\\/12\\\/04\\\/el-encuentro-de-cuadrillas-de-pascua-de-lorca-acogera-por-primera-vez-en-su-historia-talleres-tradicionales-de-guitarra-pandero-y-baile\\\/\",\"name\":\"El Encuentro de Cuadrillas de Pascua de Lorca acoger\u00e1 por primera vez en su historia talleres tradicionales de guitarra, pandero y baile - AREA LORCA RADIO\",\"isPartOf\":{\"@id\":\"https:\\\/\\\/arealorcaradio.es\\\/#website\"},\"primaryImageOfPage\":{\"@id\":\"https:\\\/\\\/arealorcaradio.es\\\/index.php\\\/2024\\\/12\\\/04\\\/el-encuentro-de-cuadrillas-de-pascua-de-lorca-acogera-por-primera-vez-en-su-historia-talleres-tradicionales-de-guitarra-pandero-y-baile\\\/#primaryimage\"},\"image\":{\"@id\":\"https:\\\/\\\/arealorcaradio.es\\\/index.php\\\/2024\\\/12\\\/04\\\/el-encuentro-de-cuadrillas-de-pascua-de-lorca-acogera-por-primera-vez-en-su-historia-talleres-tradicionales-de-guitarra-pandero-y-baile\\\/#primaryimage\"},\"thumbnailUrl\":\"https:\\\/\\\/arealorcaradio.es\\\/wp-content\\\/uploads\\\/2024\\\/12\\\/20241203_133123-scaled.jpg\",\"datePublished\":\"2024-12-04T08:34:11+00:00\",\"author\":{\"@id\":\"https:\\\/\\\/arealorcaradio.es\\\/#\\\/schema\\\/person\\\/9fae605fc25b0f2c83c1ab207139bd27\"},\"breadcrumb\":{\"@id\":\"https:\\\/\\\/arealorcaradio.es\\\/index.php\\\/2024\\\/12\\\/04\\\/el-encuentro-de-cuadrillas-de-pascua-de-lorca-acogera-por-primera-vez-en-su-historia-talleres-tradicionales-de-guitarra-pandero-y-baile\\\/#breadcrumb\"},\"inLanguage\":\"es\",\"potentialAction\":[{\"@type\":\"ReadAction\",\"target\":[\"https:\\\/\\\/arealorcaradio.es\\\/index.php\\\/2024\\\/12\\\/04\\\/el-encuentro-de-cuadrillas-de-pascua-de-lorca-acogera-por-primera-vez-en-su-historia-talleres-tradicionales-de-guitarra-pandero-y-baile\\\/\"]}]},{\"@type\":\"ImageObject\",\"inLanguage\":\"es\",\"@id\":\"https:\\\/\\\/arealorcaradio.es\\\/index.php\\\/2024\\\/12\\\/04\\\/el-encuentro-de-cuadrillas-de-pascua-de-lorca-acogera-por-primera-vez-en-su-historia-talleres-tradicionales-de-guitarra-pandero-y-baile\\\/#primaryimage\",\"url\":\"https:\\\/\\\/arealorcaradio.es\\\/wp-content\\\/uploads\\\/2024\\\/12\\\/20241203_133123-scaled.jpg\",\"contentUrl\":\"https:\\\/\\\/arealorcaradio.es\\\/wp-content\\\/uploads\\\/2024\\\/12\\\/20241203_133123-scaled.jpg\",\"width\":2560,\"height\":1920},{\"@type\":\"BreadcrumbList\",\"@id\":\"https:\\\/\\\/arealorcaradio.es\\\/index.php\\\/2024\\\/12\\\/04\\\/el-encuentro-de-cuadrillas-de-pascua-de-lorca-acogera-por-primera-vez-en-su-historia-talleres-tradicionales-de-guitarra-pandero-y-baile\\\/#breadcrumb\",\"itemListElement\":[{\"@type\":\"ListItem\",\"position\":1,\"name\":\"Portada\",\"item\":\"https:\\\/\\\/arealorcaradio.es\\\/\"},{\"@type\":\"ListItem\",\"position\":2,\"name\":\"El Encuentro de Cuadrillas de Pascua de Lorca acoger\u00e1 por primera vez en su historia talleres tradicionales de guitarra, pandero y baile\"}]},{\"@type\":\"WebSite\",\"@id\":\"https:\\\/\\\/arealorcaradio.es\\\/#website\",\"url\":\"https:\\\/\\\/arealorcaradio.es\\\/\",\"name\":\"AREA LORCA RADIO\",\"description\":\"Descubre la programaci\u00f3n actual en \u00c1rea Lorca Radio, tu fuente de entrenamiento y noticias locales. Sintoniza ahora y mantente conectado online.\",\"potentialAction\":[{\"@type\":\"SearchAction\",\"target\":{\"@type\":\"EntryPoint\",\"urlTemplate\":\"https:\\\/\\\/arealorcaradio.es\\\/?s={search_term_string}\"},\"query-input\":{\"@type\":\"PropertyValueSpecification\",\"valueRequired\":true,\"valueName\":\"search_term_string\"}}],\"inLanguage\":\"es\"},{\"@type\":\"Person\",\"@id\":\"https:\\\/\\\/arealorcaradio.es\\\/#\\\/schema\\\/person\\\/9fae605fc25b0f2c83c1ab207139bd27\",\"name\":\"Paco S\u00e1nchez\",\"image\":{\"@type\":\"ImageObject\",\"inLanguage\":\"es\",\"@id\":\"https:\\\/\\\/secure.gravatar.com\\\/avatar\\\/d67144e966420fb74aa84c9f2a0103be4724fd14db52b52d3b6bca749f257e79?s=96&d=mm&r=g\",\"url\":\"https:\\\/\\\/secure.gravatar.com\\\/avatar\\\/d67144e966420fb74aa84c9f2a0103be4724fd14db52b52d3b6bca749f257e79?s=96&d=mm&r=g\",\"contentUrl\":\"https:\\\/\\\/secure.gravatar.com\\\/avatar\\\/d67144e966420fb74aa84c9f2a0103be4724fd14db52b52d3b6bca749f257e79?s=96&d=mm&r=g\",\"caption\":\"Paco S\u00e1nchez\"},\"sameAs\":[\"https:\\\/\\\/arealorcaradio.es\"],\"url\":\"https:\\\/\\\/arealorcaradio.es\\\/index.php\\\/author\\\/admin_alorcaradio\\\/\"}]}<\/script>\n<!-- \/ Yoast SEO plugin. -->","yoast_head_json":{"title":"El Encuentro de Cuadrillas de Pascua de Lorca acoger\u00e1 por primera vez en su historia talleres tradicionales de guitarra, pandero y baile - AREA LORCA RADIO","robots":{"index":"index","follow":"follow","max-snippet":"max-snippet:-1","max-image-preview":"max-image-preview:large","max-video-preview":"max-video-preview:-1"},"canonical":"https:\/\/arealorcaradio.es\/index.php\/2024\/12\/04\/el-encuentro-de-cuadrillas-de-pascua-de-lorca-acogera-por-primera-vez-en-su-historia-talleres-tradicionales-de-guitarra-pandero-y-baile\/","og_locale":"es_ES","og_type":"article","og_title":"El Encuentro de Cuadrillas de Pascua de Lorca acoger\u00e1 por primera vez en su historia talleres tradicionales de guitarra, pandero y baile - AREA LORCA RADIO","og_description":"\u00c1REA LORCA RADIO. Escucha aqu\u00ed la intervenci\u00f3n de la concejala de Fiestas y Tradiciones del Ayuntamiento de Lorca, Mar\u00eda de las Huertas Garc\u00eda P\u00e9rez en el programa magazine \u00c1rea Lorca Actualidad con Paco S\u00e1nchez. 4 de diciembre de 2024. El cuadrag\u00e9simo tercer encuentro de &#8216;Cuadrillas de Pascua&#8217;, un certamen que se erige como el m\u00e1s [&hellip;]","og_url":"https:\/\/arealorcaradio.es\/index.php\/2024\/12\/04\/el-encuentro-de-cuadrillas-de-pascua-de-lorca-acogera-por-primera-vez-en-su-historia-talleres-tradicionales-de-guitarra-pandero-y-baile\/","og_site_name":"AREA LORCA RADIO","article_published_time":"2024-12-04T08:34:11+00:00","og_image":[{"width":2560,"height":1920,"url":"https:\/\/arealorcaradio.es\/wp-content\/uploads\/2024\/12\/20241203_133123-scaled.jpg","type":"image\/jpeg"}],"author":"Paco S\u00e1nchez","twitter_card":"summary_large_image","twitter_misc":{"Escrito por":"Paco S\u00e1nchez","Tiempo de lectura":"4 minutos"},"schema":{"@context":"https:\/\/schema.org","@graph":[{"@type":"Article","@id":"https:\/\/arealorcaradio.es\/index.php\/2024\/12\/04\/el-encuentro-de-cuadrillas-de-pascua-de-lorca-acogera-por-primera-vez-en-su-historia-talleres-tradicionales-de-guitarra-pandero-y-baile\/#article","isPartOf":{"@id":"https:\/\/arealorcaradio.es\/index.php\/2024\/12\/04\/el-encuentro-de-cuadrillas-de-pascua-de-lorca-acogera-por-primera-vez-en-su-historia-talleres-tradicionales-de-guitarra-pandero-y-baile\/"},"author":{"name":"Paco S\u00e1nchez","@id":"https:\/\/arealorcaradio.es\/#\/schema\/person\/9fae605fc25b0f2c83c1ab207139bd27"},"headline":"El Encuentro de Cuadrillas de Pascua de Lorca acoger\u00e1 por primera vez en su historia talleres tradicionales de guitarra, pandero y baile","datePublished":"2024-12-04T08:34:11+00:00","mainEntityOfPage":{"@id":"https:\/\/arealorcaradio.es\/index.php\/2024\/12\/04\/el-encuentro-de-cuadrillas-de-pascua-de-lorca-acogera-por-primera-vez-en-su-historia-talleres-tradicionales-de-guitarra-pandero-y-baile\/"},"wordCount":654,"commentCount":0,"image":{"@id":"https:\/\/arealorcaradio.es\/index.php\/2024\/12\/04\/el-encuentro-de-cuadrillas-de-pascua-de-lorca-acogera-por-primera-vez-en-su-historia-talleres-tradicionales-de-guitarra-pandero-y-baile\/#primaryimage"},"thumbnailUrl":"https:\/\/arealorcaradio.es\/wp-content\/uploads\/2024\/12\/20241203_133123-scaled.jpg","articleSection":["ACTUALIDAD","LORCA"],"inLanguage":"es","potentialAction":[{"@type":"CommentAction","name":"Comment","target":["https:\/\/arealorcaradio.es\/index.php\/2024\/12\/04\/el-encuentro-de-cuadrillas-de-pascua-de-lorca-acogera-por-primera-vez-en-su-historia-talleres-tradicionales-de-guitarra-pandero-y-baile\/#respond"]}]},{"@type":"WebPage","@id":"https:\/\/arealorcaradio.es\/index.php\/2024\/12\/04\/el-encuentro-de-cuadrillas-de-pascua-de-lorca-acogera-por-primera-vez-en-su-historia-talleres-tradicionales-de-guitarra-pandero-y-baile\/","url":"https:\/\/arealorcaradio.es\/index.php\/2024\/12\/04\/el-encuentro-de-cuadrillas-de-pascua-de-lorca-acogera-por-primera-vez-en-su-historia-talleres-tradicionales-de-guitarra-pandero-y-baile\/","name":"El Encuentro de Cuadrillas de Pascua de Lorca acoger\u00e1 por primera vez en su historia talleres tradicionales de guitarra, pandero y baile - AREA LORCA RADIO","isPartOf":{"@id":"https:\/\/arealorcaradio.es\/#website"},"primaryImageOfPage":{"@id":"https:\/\/arealorcaradio.es\/index.php\/2024\/12\/04\/el-encuentro-de-cuadrillas-de-pascua-de-lorca-acogera-por-primera-vez-en-su-historia-talleres-tradicionales-de-guitarra-pandero-y-baile\/#primaryimage"},"image":{"@id":"https:\/\/arealorcaradio.es\/index.php\/2024\/12\/04\/el-encuentro-de-cuadrillas-de-pascua-de-lorca-acogera-por-primera-vez-en-su-historia-talleres-tradicionales-de-guitarra-pandero-y-baile\/#primaryimage"},"thumbnailUrl":"https:\/\/arealorcaradio.es\/wp-content\/uploads\/2024\/12\/20241203_133123-scaled.jpg","datePublished":"2024-12-04T08:34:11+00:00","author":{"@id":"https:\/\/arealorcaradio.es\/#\/schema\/person\/9fae605fc25b0f2c83c1ab207139bd27"},"breadcrumb":{"@id":"https:\/\/arealorcaradio.es\/index.php\/2024\/12\/04\/el-encuentro-de-cuadrillas-de-pascua-de-lorca-acogera-por-primera-vez-en-su-historia-talleres-tradicionales-de-guitarra-pandero-y-baile\/#breadcrumb"},"inLanguage":"es","potentialAction":[{"@type":"ReadAction","target":["https:\/\/arealorcaradio.es\/index.php\/2024\/12\/04\/el-encuentro-de-cuadrillas-de-pascua-de-lorca-acogera-por-primera-vez-en-su-historia-talleres-tradicionales-de-guitarra-pandero-y-baile\/"]}]},{"@type":"ImageObject","inLanguage":"es","@id":"https:\/\/arealorcaradio.es\/index.php\/2024\/12\/04\/el-encuentro-de-cuadrillas-de-pascua-de-lorca-acogera-por-primera-vez-en-su-historia-talleres-tradicionales-de-guitarra-pandero-y-baile\/#primaryimage","url":"https:\/\/arealorcaradio.es\/wp-content\/uploads\/2024\/12\/20241203_133123-scaled.jpg","contentUrl":"https:\/\/arealorcaradio.es\/wp-content\/uploads\/2024\/12\/20241203_133123-scaled.jpg","width":2560,"height":1920},{"@type":"BreadcrumbList","@id":"https:\/\/arealorcaradio.es\/index.php\/2024\/12\/04\/el-encuentro-de-cuadrillas-de-pascua-de-lorca-acogera-por-primera-vez-en-su-historia-talleres-tradicionales-de-guitarra-pandero-y-baile\/#breadcrumb","itemListElement":[{"@type":"ListItem","position":1,"name":"Portada","item":"https:\/\/arealorcaradio.es\/"},{"@type":"ListItem","position":2,"name":"El Encuentro de Cuadrillas de Pascua de Lorca acoger\u00e1 por primera vez en su historia talleres tradicionales de guitarra, pandero y baile"}]},{"@type":"WebSite","@id":"https:\/\/arealorcaradio.es\/#website","url":"https:\/\/arealorcaradio.es\/","name":"AREA LORCA RADIO","description":"Descubre la programaci\u00f3n actual en \u00c1rea Lorca Radio, tu fuente de entrenamiento y noticias locales. Sintoniza ahora y mantente conectado online.","potentialAction":[{"@type":"SearchAction","target":{"@type":"EntryPoint","urlTemplate":"https:\/\/arealorcaradio.es\/?s={search_term_string}"},"query-input":{"@type":"PropertyValueSpecification","valueRequired":true,"valueName":"search_term_string"}}],"inLanguage":"es"},{"@type":"Person","@id":"https:\/\/arealorcaradio.es\/#\/schema\/person\/9fae605fc25b0f2c83c1ab207139bd27","name":"Paco S\u00e1nchez","image":{"@type":"ImageObject","inLanguage":"es","@id":"https:\/\/secure.gravatar.com\/avatar\/d67144e966420fb74aa84c9f2a0103be4724fd14db52b52d3b6bca749f257e79?s=96&d=mm&r=g","url":"https:\/\/secure.gravatar.com\/avatar\/d67144e966420fb74aa84c9f2a0103be4724fd14db52b52d3b6bca749f257e79?s=96&d=mm&r=g","contentUrl":"https:\/\/secure.gravatar.com\/avatar\/d67144e966420fb74aa84c9f2a0103be4724fd14db52b52d3b6bca749f257e79?s=96&d=mm&r=g","caption":"Paco S\u00e1nchez"},"sameAs":["https:\/\/arealorcaradio.es"],"url":"https:\/\/arealorcaradio.es\/index.php\/author\/admin_alorcaradio\/"}]}},"_links":{"self":[{"href":"https:\/\/arealorcaradio.es\/index.php\/wp-json\/wp\/v2\/posts\/4859","targetHints":{"allow":["GET"]}}],"collection":[{"href":"https:\/\/arealorcaradio.es\/index.php\/wp-json\/wp\/v2\/posts"}],"about":[{"href":"https:\/\/arealorcaradio.es\/index.php\/wp-json\/wp\/v2\/types\/post"}],"author":[{"embeddable":true,"href":"https:\/\/arealorcaradio.es\/index.php\/wp-json\/wp\/v2\/users\/1"}],"replies":[{"embeddable":true,"href":"https:\/\/arealorcaradio.es\/index.php\/wp-json\/wp\/v2\/comments?post=4859"}],"version-history":[{"count":1,"href":"https:\/\/arealorcaradio.es\/index.php\/wp-json\/wp\/v2\/posts\/4859\/revisions"}],"predecessor-version":[{"id":4863,"href":"https:\/\/arealorcaradio.es\/index.php\/wp-json\/wp\/v2\/posts\/4859\/revisions\/4863"}],"wp:featuredmedia":[{"embeddable":true,"href":"https:\/\/arealorcaradio.es\/index.php\/wp-json\/wp\/v2\/media\/4861"}],"wp:attachment":[{"href":"https:\/\/arealorcaradio.es\/index.php\/wp-json\/wp\/v2\/media?parent=4859"}],"wp:term":[{"taxonomy":"category","embeddable":true,"href":"https:\/\/arealorcaradio.es\/index.php\/wp-json\/wp\/v2\/categories?post=4859"},{"taxonomy":"post_tag","embeddable":true,"href":"https:\/\/arealorcaradio.es\/index.php\/wp-json\/wp\/v2\/tags?post=4859"}],"curies":[{"name":"wp","href":"https:\/\/api.w.org\/{rel}","templated":true}]}}